{"id":45778,"date":"2019-07-14T01:09:00","date_gmt":"2019-07-13T23:09:00","guid":{"rendered":"https:\/\/weisetech.dev\/fc-barcelona-noticias\/en\/neymar-had-to-abandon-the-psg-according-to-the-press-fra_267323_102\/"},"modified":"2019-07-14T01:09:00","modified_gmt":"2019-07-13T23:09:00","slug":"neymar-says-that-the-6-1-of-the-barca-to-the-psg-was-his-best-experience_226509_102","status":"publish","type":"post","link":"https:\/\/www.fcbarcelonanoticias.com\/en\/international-football\/neymar-says-that-the-6-1-of-the-barca-to-the-psg-was-his-best-experience_226509_102.html","title":{"rendered":"Neymar Says that the 6-1 of the Bar\u00e7a to the PSG was his best experience!"},"content":{"rendered":"<h2 class=\"wp-block-heading\">Neymar Jr Has participated in the last hours in an act organised by his Institute in Praia Big, and when being asked after his best moment in a stadium, has chosen at all less than the 6-1 with which the Bar\u00e7a deleted to the PSG in Champions<\/h2>  \r\n<div class=\"article-addons\">\r\n    <a href=\"https:\/\/www.fcbarcelonanoticias.com\/en\/calendar-fc-barcelona.html\"\r\n       target=\"_self\"\r\n       title=\"Calendar of FC Barcelona\"\r\n       class=\"blue-gredient-btn\">\r\n       \r\n        Calendar of FC Barcelona    <\/a>\r\n<\/div>   <p><strong>The of Neymar Jr and Paris Saint-Germain seems not having solution<\/strong>. This Saturday, to fault of hardly some hours so that the Brazilian return to the French capital and <strong>gather  with the c\u00fapula sportive of the French club<\/strong>, &#8216;Ney&#8217; has had two gestures that sure that they will not have liked at all to Nasser To the-Khelaifi and company. The first of them has been to hang <a href=\"https:\/\/www.fcbarcelonanoticias.com\/en\/fc-barcelona\/neymar-publica-una-story-en-la-que-aparece-con-la-camiseta-del-fc-barcelona_226502_102.html\"><strong>a &#8216;story&#8217; of Instagram in which it appeared a his photo with the T-shirt of the Bar\u00e7a<\/strong><\/a>.<\/p> <p>And the second has given  some hours later, during <strong>an act organised by the Institute Neymar Jr in Praia Big<\/strong>. The Brazilian star has participated in some partidillos of few minutes and, afterwards, has attended to the media.&nbsp;<\/p> <p>They have asked him&nbsp;by his best moment in a field of football, and Neymar Jr has not doubted to the hour to cause to Paris Saint-Germain. <strong>&#8220;I think that the feeling when we put the sixth goal to the PSG, never have lived at all the same, was spectacular<\/strong>. The best memory in a changing room? I do not know&#8230; I think that it was when we win to the PSG 6-1, when we arrive to the changing room were all crazy, all very happy, went the best feeling&#8221;.<\/p> <p>Those have been his statements, answering to both questions -his best moment and his best memory in a changing room- doing quotation to the goleada historical of the FC Barcelona against the PSG in the Champions League 2016-17, <strong>split in which Neymar Jr projected with a doublet and the assistance of the definite goal<\/strong> of Sergi Roberto.<\/p> <p>They imagine that Griezmann had said that his best moment in a field of football was when it marked a decisive goal against the FC Barcelona? No, it would not have been something at all timely. Well, in half of all the controversy and the speculations on the future of Neymar Jr, <strong>costs to think that the two gestures of the Brazilian this Saturday have been free<\/strong>.<\/p> <h2>Neymar Jr, impatient for returning to the Bar\u00e7a<\/h2> <p>&#8216;Ney&#8217; Seems to be fed up already of Paris, <strong>wishes to return to the FC Barcelona and recover the life that had anta\u00f1o in the Catalan capital<\/strong>. It will not be at all easy, and can that it do not achieve it taking into account that the Bar\u00e7a does not need him for nothing, after having reinforced his front of attack with Griezmann.<\/p> <p>In spite of the multimillionaires signings that have given  up to now in <a href=\"https:\/\/www.fcbarcelonanoticias.com\/en\/fc-barcelona\/fichajes.html\"><strong>the market of signings 2019<\/strong><\/a>, <strong>this summer has not finish and promises strong emotions before it close  the period of traspasos<\/strong>. While it arrive and it do not arrive his official exit of Paris, will see which are the next movements of Neymar, and if it follows causing, or no, to the c\u00fapula of the club Frenchman.<\/p> <blockquote class=\"twitter-tweet\" data-lang=\"es\"> <p lang=\"es\" dir=\"ltr\">The best memory of Neymar in a changing room: the traced back of the Bar\u00e7a to his current team, the PSG. ? Another wink? <a href=\"https:\/\/t.co\/en\/0kKNXkPxDY\">pic.twitter.com\/0kknxkpxdy<\/a><\/p> \u2014 Quim Dom\u00e8nech Puigb\u00f3 (@quimdomenech) <a href=\"https:\/\/twitter.com\/en\/quimdomenech\/status\/1150161325802381312?ref_src=twsrc%5Etfw\">13 July 2019<\/a> <\/blockquote> ","protected":false},"excerpt":{"rendered":"<p>Neymar Jr Has participated in the last hours in an act organised by his Institute in Praia Big, and when being asked after his best moment in a stadium, has chosen at all less than the 6-1 with which the Bar\u00e7a deleted to the PSG in Champions The of Neymar Jr and Paris Saint-Germain seems [&hellip;]<\/p>\n","protected":false},"author":357,"featured_media":45781,"comment_status":"closed","ping_status":"open","sticky":false,"template":"","format":"standard","meta":{"_acf_changed":false,"inline_featured_image":false,"_nextfly_llmd_date_locked":false,"footnotes":""},"categories":[449,106],"tags":[143,88],"class_list":["post-45778","post","type-post","status-publish","format-standard","has-post-thumbnail","hentry","category-transfers-2","category-transfers","tag-neymar-jr","tag-paris-saint-germain"],"acf":[],"yoast_head":"<!-- This site is optimized with the Yoast SEO plugin v27.3 - https:\/\/yoast.com\/product\/yoast-seo-wordpress\/ -->\n<title>Neymar Says that the 6-1 of the FC Barcelona to the PSG was his best moment!<\/title>\n<meta name=\"description\" content=\"Neymar Jr Has participated in the last hours in an act organised by his Institute in Praia Big, and when being asked after his best moment in a...\" \/>\n<meta name=\"robots\" content=\"index, follow, max-snippet:-1, max-image-preview:large, max-video-preview:-1\" \/>\n<link rel=\"canonical\" href=\"https:\/\/www.fcbarcelonanoticias.com\/en\/international-football\/neymar-says-that-the-6-1-of-the-barca-to-the-psg-was-his-best-experience_226509_102.html\" \/>\n<meta property=\"og:locale\" content=\"en_US\" \/>\n<meta property=\"og:type\" content=\"article\" \/>\n<meta property=\"og:title\" content=\"Neymar Says that the 6-1 of the FC Barcelona to the PSG was his best moment!\" \/>\n<meta property=\"og:description\" content=\"Neymar Jr Has participated in the last hours in an act organised by his Institute in Praia Big, and when being asked after his best moment in a...\" \/>\n<meta property=\"og:url\" content=\"https:\/\/www.fcbarcelonanoticias.com\/en\/international-football\/neymar-says-that-the-6-1-of-the-barca-to-the-psg-was-his-best-experience_226509_102.html\" \/>\n<meta property=\"og:site_name\" content=\"EN - FC Barcelona Noticias\" \/>\n<meta property=\"article:published_time\" content=\"2019-07-13T23:09:00+00:00\" \/>\n<meta property=\"og:image\" content=\"https:\/\/www.fcbarcelonanoticias.com\/en\/wp-content\/uploads\/sites\/2\/2021\/04\/neymar-jr-jugador-del-psg.jpeg\" \/>\n\t<meta property=\"og:image:width\" content=\"1200\" \/>\n\t<meta property=\"og:image:height\" content=\"680\" \/>\n\t<meta property=\"og:image:type\" content=\"image\/jpeg\" \/>\n<meta name=\"author\" content=\"Erika Moya\" \/>\n<meta name=\"twitter:card\" content=\"summary_large_image\" \/>\n<meta name=\"twitter:label1\" content=\"Written by\" \/>\n\t<meta name=\"twitter:data1\" content=\"Erika Moya\" \/>\n\t<meta name=\"twitter:label2\" content=\"Est. reading time\" \/>\n\t<meta name=\"twitter:data2\" content=\"3 minutes\" \/>\n<script type=\"application\/ld+json\" class=\"yoast-schema-graph\">{\"@context\":\"https:\\\/\\\/schema.org\",\"@graph\":[{\"@type\":\"Article\",\"@id\":\"https:\\\/\\\/www.fcbarcelonanoticias.com\\\/en\\\/international-football\\\/neymar-says-that-the-6-1-of-the-barca-to-the-psg-was-his-best-experience_226509_102.html#article\",\"isPartOf\":{\"@id\":\"https:\\\/\\\/www.fcbarcelonanoticias.com\\\/en\\\/international-football\\\/neymar-says-that-the-6-1-of-the-barca-to-the-psg-was-his-best-experience_226509_102.html\"},\"author\":{\"name\":\"Erika Moya\",\"@id\":\"https:\\\/\\\/www.fcbarcelonanoticias.com\\\/en\\\/#\\\/schema\\\/person\\\/5dc3a41c52ab542cf24a2fbe3489c561\"},\"headline\":\"Neymar Says that the 6-1 of the Bar\u00e7a to the PSG was his best experience!\",\"datePublished\":\"2019-07-13T23:09:00+00:00\",\"mainEntityOfPage\":{\"@id\":\"https:\\\/\\\/www.fcbarcelonanoticias.com\\\/en\\\/international-football\\\/neymar-says-that-the-6-1-of-the-barca-to-the-psg-was-his-best-experience_226509_102.html\"},\"wordCount\":582,\"image\":{\"@id\":\"https:\\\/\\\/www.fcbarcelonanoticias.com\\\/en\\\/international-football\\\/neymar-says-that-the-6-1-of-the-barca-to-the-psg-was-his-best-experience_226509_102.html#primaryimage\"},\"thumbnailUrl\":\"https:\\\/\\\/www.fcbarcelonanoticias.com\\\/en\\\/wp-content\\\/uploads\\\/sites\\\/2\\\/2021\\\/04\\\/neymar-jr-jugador-del-psg.jpeg\",\"keywords\":[\"Neymar Jr\",\"Paris Saint-Germain\"],\"articleSection\":[\"Transfers\",\"Transfers\"],\"inLanguage\":\"en-US\"},{\"@type\":\"WebPage\",\"@id\":\"https:\\\/\\\/www.fcbarcelonanoticias.com\\\/en\\\/international-football\\\/neymar-says-that-the-6-1-of-the-barca-to-the-psg-was-his-best-experience_226509_102.html\",\"url\":\"https:\\\/\\\/www.fcbarcelonanoticias.com\\\/en\\\/international-football\\\/neymar-says-that-the-6-1-of-the-barca-to-the-psg-was-his-best-experience_226509_102.html\",\"name\":\"Neymar Says that the 6-1 of the FC Barcelona to the PSG was his best moment!\",\"isPartOf\":{\"@id\":\"https:\\\/\\\/www.fcbarcelonanoticias.com\\\/en\\\/#website\"},\"primaryImageOfPage\":{\"@id\":\"https:\\\/\\\/www.fcbarcelonanoticias.com\\\/en\\\/international-football\\\/neymar-says-that-the-6-1-of-the-barca-to-the-psg-was-his-best-experience_226509_102.html#primaryimage\"},\"image\":{\"@id\":\"https:\\\/\\\/www.fcbarcelonanoticias.com\\\/en\\\/international-football\\\/neymar-says-that-the-6-1-of-the-barca-to-the-psg-was-his-best-experience_226509_102.html#primaryimage\"},\"thumbnailUrl\":\"https:\\\/\\\/www.fcbarcelonanoticias.com\\\/en\\\/wp-content\\\/uploads\\\/sites\\\/2\\\/2021\\\/04\\\/neymar-jr-jugador-del-psg.jpeg\",\"datePublished\":\"2019-07-13T23:09:00+00:00\",\"author\":{\"@id\":\"https:\\\/\\\/www.fcbarcelonanoticias.com\\\/en\\\/#\\\/schema\\\/person\\\/5dc3a41c52ab542cf24a2fbe3489c561\"},\"description\":\"Neymar Jr Has participated in the last hours in an act organised by his Institute in Praia Big, and when being asked after his best moment in a...\",\"breadcrumb\":{\"@id\":\"https:\\\/\\\/www.fcbarcelonanoticias.com\\\/en\\\/international-football\\\/neymar-says-that-the-6-1-of-the-barca-to-the-psg-was-his-best-experience_226509_102.html#breadcrumb\"},\"inLanguage\":\"en-US\",\"potentialAction\":[{\"@type\":\"ReadAction\",\"target\":[\"https:\\\/\\\/www.fcbarcelonanoticias.com\\\/en\\\/international-football\\\/neymar-says-that-the-6-1-of-the-barca-to-the-psg-was-his-best-experience_226509_102.html\"]}]},{\"@type\":\"ImageObject\",\"inLanguage\":\"en-US\",\"@id\":\"https:\\\/\\\/www.fcbarcelonanoticias.com\\\/en\\\/international-football\\\/neymar-says-that-the-6-1-of-the-barca-to-the-psg-was-his-best-experience_226509_102.html#primaryimage\",\"url\":\"https:\\\/\\\/www.fcbarcelonanoticias.com\\\/en\\\/wp-content\\\/uploads\\\/sites\\\/2\\\/2021\\\/04\\\/neymar-jr-jugador-del-psg.jpeg\",\"contentUrl\":\"https:\\\/\\\/www.fcbarcelonanoticias.com\\\/en\\\/wp-content\\\/uploads\\\/sites\\\/2\\\/2021\\\/04\\\/neymar-jr-jugador-del-psg.jpeg\",\"width\":1200,\"height\":680},{\"@type\":\"BreadcrumbList\",\"@id\":\"https:\\\/\\\/www.fcbarcelonanoticias.com\\\/en\\\/international-football\\\/neymar-says-that-the-6-1-of-the-barca-to-the-psg-was-his-best-experience_226509_102.html#breadcrumb\",\"itemListElement\":[{\"@type\":\"ListItem\",\"position\":1,\"name\":\"Portada\",\"item\":\"https:\\\/\\\/www.fcbarcelonanoticias.com\\\/en\\\/\"},{\"@type\":\"ListItem\",\"position\":2,\"name\":\"Neymar Says that the 6-1 of the Bar\u00e7a to the PSG was his best experience!\"}]},{\"@type\":\"WebSite\",\"@id\":\"https:\\\/\\\/www.fcbarcelonanoticias.com\\\/en\\\/#website\",\"url\":\"https:\\\/\\\/www.fcbarcelonanoticias.com\\\/en\\\/\",\"name\":\"EN - FC Barcelona Noticias\",\"description\":\"\",\"potentialAction\":[{\"@type\":\"SearchAction\",\"target\":{\"@type\":\"EntryPoint\",\"urlTemplate\":\"https:\\\/\\\/www.fcbarcelonanoticias.com\\\/en\\\/?s={search_term_string}\"},\"query-input\":{\"@type\":\"PropertyValueSpecification\",\"valueRequired\":true,\"valueName\":\"search_term_string\"}}],\"inLanguage\":\"en-US\"},{\"@type\":\"Person\",\"@id\":\"https:\\\/\\\/www.fcbarcelonanoticias.com\\\/en\\\/#\\\/schema\\\/person\\\/5dc3a41c52ab542cf24a2fbe3489c561\",\"name\":\"Erika Moya\",\"image\":{\"@type\":\"ImageObject\",\"inLanguage\":\"en-US\",\"@id\":\"https:\\\/\\\/secure.gravatar.com\\\/avatar\\\/?s=96&d=mm&r=g\",\"url\":\"https:\\\/\\\/secure.gravatar.com\\\/avatar\\\/?s=96&d=mm&r=g\",\"contentUrl\":\"https:\\\/\\\/secure.gravatar.com\\\/avatar\\\/?s=96&d=mm&r=g\",\"caption\":\"Erika Moya\"},\"description\":\"Erika est\u00e1 estudiando Periodismo y llega a FCBN con el objetivo de cubrir la actualidad del F\u00fatbol Femenino, con especial cari\u00f1o\u00a0a todo lo que rodea al Bar\u00e7a Femenino. Apasionada del deporte, combina su formaci\u00f3n acad\u00e9mica con su labor divulgativa.\",\"url\":\"https:\\\/\\\/www.fcbarcelonanoticias.com\\\/en\\\/fc-barcelona\\\/erika-moya_29_115.html\"}]}<\/script>\n<!-- \/ Yoast SEO plugin. -->","yoast_head_json":{"title":"Neymar Says that the 6-1 of the FC Barcelona to the PSG was his best moment!","description":"Neymar Jr Has participated in the last hours in an act organised by his Institute in Praia Big, and when being asked after his best moment in a...","robots":{"index":"index","follow":"follow","max-snippet":"max-snippet:-1","max-image-preview":"max-image-preview:large","max-video-preview":"max-video-preview:-1"},"canonical":"https:\/\/www.fcbarcelonanoticias.com\/en\/international-football\/neymar-says-that-the-6-1-of-the-barca-to-the-psg-was-his-best-experience_226509_102.html","og_locale":"en_US","og_type":"article","og_title":"Neymar Says that the 6-1 of the FC Barcelona to the PSG was his best moment!","og_description":"Neymar Jr Has participated in the last hours in an act organised by his Institute in Praia Big, and when being asked after his best moment in a...","og_url":"https:\/\/www.fcbarcelonanoticias.com\/en\/international-football\/neymar-says-that-the-6-1-of-the-barca-to-the-psg-was-his-best-experience_226509_102.html","og_site_name":"EN - FC Barcelona Noticias","article_published_time":"2019-07-13T23:09:00+00:00","og_image":[{"width":1200,"height":680,"url":"https:\/\/www.fcbarcelonanoticias.com\/en\/wp-content\/uploads\/sites\/2\/2021\/04\/neymar-jr-jugador-del-psg.jpeg","type":"image\/jpeg"}],"author":"Erika Moya","twitter_card":"summary_large_image","twitter_misc":{"Written by":"Erika Moya","Est. reading time":"3 minutes"},"schema":{"@context":"https:\/\/schema.org","@graph":[{"@type":"Article","@id":"https:\/\/www.fcbarcelonanoticias.com\/en\/international-football\/neymar-says-that-the-6-1-of-the-barca-to-the-psg-was-his-best-experience_226509_102.html#article","isPartOf":{"@id":"https:\/\/www.fcbarcelonanoticias.com\/en\/international-football\/neymar-says-that-the-6-1-of-the-barca-to-the-psg-was-his-best-experience_226509_102.html"},"author":{"name":"Erika Moya","@id":"https:\/\/www.fcbarcelonanoticias.com\/en\/#\/schema\/person\/5dc3a41c52ab542cf24a2fbe3489c561"},"headline":"Neymar Says that the 6-1 of the Bar\u00e7a to the PSG was his best experience!","datePublished":"2019-07-13T23:09:00+00:00","mainEntityOfPage":{"@id":"https:\/\/www.fcbarcelonanoticias.com\/en\/international-football\/neymar-says-that-the-6-1-of-the-barca-to-the-psg-was-his-best-experience_226509_102.html"},"wordCount":582,"image":{"@id":"https:\/\/www.fcbarcelonanoticias.com\/en\/international-football\/neymar-says-that-the-6-1-of-the-barca-to-the-psg-was-his-best-experience_226509_102.html#primaryimage"},"thumbnailUrl":"https:\/\/www.fcbarcelonanoticias.com\/en\/wp-content\/uploads\/sites\/2\/2021\/04\/neymar-jr-jugador-del-psg.jpeg","keywords":["Neymar Jr","Paris Saint-Germain"],"articleSection":["Transfers","Transfers"],"inLanguage":"en-US"},{"@type":"WebPage","@id":"https:\/\/www.fcbarcelonanoticias.com\/en\/international-football\/neymar-says-that-the-6-1-of-the-barca-to-the-psg-was-his-best-experience_226509_102.html","url":"https:\/\/www.fcbarcelonanoticias.com\/en\/international-football\/neymar-says-that-the-6-1-of-the-barca-to-the-psg-was-his-best-experience_226509_102.html","name":"Neymar Says that the 6-1 of the FC Barcelona to the PSG was his best moment!","isPartOf":{"@id":"https:\/\/www.fcbarcelonanoticias.com\/en\/#website"},"primaryImageOfPage":{"@id":"https:\/\/www.fcbarcelonanoticias.com\/en\/international-football\/neymar-says-that-the-6-1-of-the-barca-to-the-psg-was-his-best-experience_226509_102.html#primaryimage"},"image":{"@id":"https:\/\/www.fcbarcelonanoticias.com\/en\/international-football\/neymar-says-that-the-6-1-of-the-barca-to-the-psg-was-his-best-experience_226509_102.html#primaryimage"},"thumbnailUrl":"https:\/\/www.fcbarcelonanoticias.com\/en\/wp-content\/uploads\/sites\/2\/2021\/04\/neymar-jr-jugador-del-psg.jpeg","datePublished":"2019-07-13T23:09:00+00:00","author":{"@id":"https:\/\/www.fcbarcelonanoticias.com\/en\/#\/schema\/person\/5dc3a41c52ab542cf24a2fbe3489c561"},"description":"Neymar Jr Has participated in the last hours in an act organised by his Institute in Praia Big, and when being asked after his best moment in a...","breadcrumb":{"@id":"https:\/\/www.fcbarcelonanoticias.com\/en\/international-football\/neymar-says-that-the-6-1-of-the-barca-to-the-psg-was-his-best-experience_226509_102.html#breadcrumb"},"inLanguage":"en-US","potentialAction":[{"@type":"ReadAction","target":["https:\/\/www.fcbarcelonanoticias.com\/en\/international-football\/neymar-says-that-the-6-1-of-the-barca-to-the-psg-was-his-best-experience_226509_102.html"]}]},{"@type":"ImageObject","inLanguage":"en-US","@id":"https:\/\/www.fcbarcelonanoticias.com\/en\/international-football\/neymar-says-that-the-6-1-of-the-barca-to-the-psg-was-his-best-experience_226509_102.html#primaryimage","url":"https:\/\/www.fcbarcelonanoticias.com\/en\/wp-content\/uploads\/sites\/2\/2021\/04\/neymar-jr-jugador-del-psg.jpeg","contentUrl":"https:\/\/www.fcbarcelonanoticias.com\/en\/wp-content\/uploads\/sites\/2\/2021\/04\/neymar-jr-jugador-del-psg.jpeg","width":1200,"height":680},{"@type":"BreadcrumbList","@id":"https:\/\/www.fcbarcelonanoticias.com\/en\/international-football\/neymar-says-that-the-6-1-of-the-barca-to-the-psg-was-his-best-experience_226509_102.html#breadcrumb","itemListElement":[{"@type":"ListItem","position":1,"name":"Portada","item":"https:\/\/www.fcbarcelonanoticias.com\/en\/"},{"@type":"ListItem","position":2,"name":"Neymar Says that the 6-1 of the Bar\u00e7a to the PSG was his best experience!"}]},{"@type":"WebSite","@id":"https:\/\/www.fcbarcelonanoticias.com\/en\/#website","url":"https:\/\/www.fcbarcelonanoticias.com\/en\/","name":"EN - FC Barcelona Noticias","description":"","potentialAction":[{"@type":"SearchAction","target":{"@type":"EntryPoint","urlTemplate":"https:\/\/www.fcbarcelonanoticias.com\/en\/?s={search_term_string}"},"query-input":{"@type":"PropertyValueSpecification","valueRequired":true,"valueName":"search_term_string"}}],"inLanguage":"en-US"},{"@type":"Person","@id":"https:\/\/www.fcbarcelonanoticias.com\/en\/#\/schema\/person\/5dc3a41c52ab542cf24a2fbe3489c561","name":"Erika Moya","image":{"@type":"ImageObject","inLanguage":"en-US","@id":"https:\/\/secure.gravatar.com\/avatar\/?s=96&d=mm&r=g","url":"https:\/\/secure.gravatar.com\/avatar\/?s=96&d=mm&r=g","contentUrl":"https:\/\/secure.gravatar.com\/avatar\/?s=96&d=mm&r=g","caption":"Erika Moya"},"description":"Erika est\u00e1 estudiando Periodismo y llega a FCBN con el objetivo de cubrir la actualidad del F\u00fatbol Femenino, con especial cari\u00f1o\u00a0a todo lo que rodea al Bar\u00e7a Femenino. Apasionada del deporte, combina su formaci\u00f3n acad\u00e9mica con su labor divulgativa.","url":"https:\/\/www.fcbarcelonanoticias.com\/en\/fc-barcelona\/erika-moya_29_115.html"}]}},"_links":{"self":[{"href":"https:\/\/www.fcbarcelonanoticias.com\/en\/wp-json\/wp\/v2\/posts\/45778","targetHints":{"allow":["GET"]}}],"collection":[{"href":"https:\/\/www.fcbarcelonanoticias.com\/en\/wp-json\/wp\/v2\/posts"}],"about":[{"href":"https:\/\/www.fcbarcelonanoticias.com\/en\/wp-json\/wp\/v2\/types\/post"}],"author":[{"embeddable":true,"href":"https:\/\/www.fcbarcelonanoticias.com\/en\/wp-json\/wp\/v2\/users\/357"}],"replies":[{"embeddable":true,"href":"https:\/\/www.fcbarcelonanoticias.com\/en\/wp-json\/wp\/v2\/comments?post=45778"}],"version-history":[{"count":1,"href":"https:\/\/www.fcbarcelonanoticias.com\/en\/wp-json\/wp\/v2\/posts\/45778\/revisions"}],"predecessor-version":[{"id":45779,"href":"https:\/\/www.fcbarcelonanoticias.com\/en\/wp-json\/wp\/v2\/posts\/45778\/revisions\/45779"}],"wp:featuredmedia":[{"embeddable":true,"href":"https:\/\/www.fcbarcelonanoticias.com\/en\/wp-json\/wp\/v2\/media\/45781"}],"wp:attachment":[{"href":"https:\/\/www.fcbarcelonanoticias.com\/en\/wp-json\/wp\/v2\/media?parent=45778"}],"wp:term":[{"taxonomy":"category","embeddable":true,"href":"https:\/\/www.fcbarcelonanoticias.com\/en\/wp-json\/wp\/v2\/categories?post=45778"},{"taxonomy":"post_tag","embeddable":true,"href":"https:\/\/www.fcbarcelonanoticias.com\/en\/wp-json\/wp\/v2\/tags?post=45778"}],"curies":[{"name":"wp","href":"https:\/\/api.w.org\/{rel}","templated":true}]}}