{"id":45978,"date":"2022-01-09T16:09:00","date_gmt":"2022-01-09T15:09:00","guid":{"rendered":"https:\/\/weisetech.dev\/fc-barcelona-noticias\/en\/of-ligt-and-rabiot-desatan-a-polvorian-in-the-changing-room-of_276752_102\/"},"modified":"2022-01-09T16:09:00","modified_gmt":"2022-01-09T15:09:00","slug":"of-ligt-and-rabiot-desatan-a-polvorian-in-the-changing-room-of_276752_102","status":"publish","type":"post","link":"https:\/\/www.fcbarcelonanoticias.com\/en\/international-football\/of-ligt-and-rabiot-desatan-a-polvorian-in-the-changing-room-of_276752_102.html","title":{"rendered":"De Ligt and Rabiot unleash a powder in the Juventus dressing room"},"content":{"rendered":"<h2 class=\"wp-block-heading\">Matthijs de Ligt and Adrien Rabiot had several verbal crossings in Juve&#8217;s draw against Napoli (1-1), with which those led by Massimiliano Allegri are still out of the &#8216;Champions zone&#8217;<\/h2>  \r\n<div class=\"article-addons\">\r\n    <a href=\"https:\/\/www.fcbarcelonanoticias.com\/en\/calendar-fc-barcelona.html\"\r\n       target=\"_self\"\r\n       title=\"Calendar of FC Barcelona\"\r\n       class=\"blue-gredient-btn\">\r\n       \r\n        Calendar of FC Barcelona    <\/a>\r\n<\/div>   <p>The unrest in the changing room of the Juventus remained exposed in the party that the &#8216;Vecchia Signora&#8217; empat\u00f3 home the Thursday in front of the Napoli, 1-1, when <strong>the Dutch Matthijs Of Ligt and the French Adrien Rabiot had several verbal crosses<\/strong>. The low state of form of the midfield player has desquiciado to his mates, between elos the central tulip, one of the priorities of the <a data-external=\"0\" data-intl-links-en=\"https:\/\/www.fcbarcelonanoticias.com\/en\/fc-barcelona\/the-duel-of-the-barca-in-front-of-the-granada-left-more-in-the-wire-to-riqui-puig_276753_102.html\" data-intl-links-es=\"https:\/\/www.fcbarcelonanoticias.com\/fc-barcelona\/duelo-barca-granada-dejo-mas-en-alambre-riqui-puig_276753_102.html\" href=\"https:\/\/www.fcbarcelonanoticias.com\/en\/fc-barcelona\/the-duel-of-the-barca-in-front-of-the-granada-left-more-in-the-wire-to-riqui-puig_276753_102.html\" rel=\"follow\" target=\"_self\" title=\"El duelo del Bar\u00e7a ante el Granada dej\u00f3 m\u00e1s en el alambre a Riqui Puig\">FC Barcelona<\/a> to reinforce the staff next summer.<\/p>  <p>The cameras of DAZN showed diverse hammer go in Of Ligt and Rabiot, the one who left substituted in the minute 66 in place of the Uruguayan Rodrigo Bentancur. <strong>Others that crossed words gone up of tone were the Colombian Juan Guillermo Squared and Federico Chiesa<\/strong>, author of the goal of the tie in front of the napolitanos. The changing room &#8216;bianconeri&#8217; is an authentic polvor\u00edn, propiciado by the bad results and the bad individual moment of several members of the staff.<\/p>  <p>In this regard, <strong>Massimiliano Allegri<\/strong> is realistic on the moment that crosses the Juve. <strong>&#8220;I came here knowing that this year we had to begin to change the team, to go back to contest the title in one or two seasons&#8221;<\/strong>, recognised the m\u00edster, the one who considers that &#8220;they could have it better fact up to now, but is normal that pay by his errors&#8221;.<\/p>  <h3>Of Ligt and the &#8216;clause Bar\u00e7a&#8217;<\/h3>  <p><strong>In Tur\u00edn are to the so much of the interest cul\u00e9 by the central, as well as of the wishes of the Dutch for changing of airs in the next season<\/strong>. With a clause of rescission of 125 million euros, are few the clubs that would be had to negotiate by the defender of 22 years, but the Barcelona has reserved an ace under the sleeve after his fallido signing in 2019.<\/p>  <p>Mino Raiola, agent of the nerrl\u00e1ndes, has revealed that <strong>the Bar\u00e7a would have advantage to go to by Matthijs in summer, since only it would have to pay the 75 millions that the Juventus paid by the central to the Ajax<\/strong>. However, the managerial juventina insists in that the central only will go out of Tur\u00edn if another team credits the 125 kilos of the clause of rescission.<\/p>  <p><strong>Except some surprise, <a data-external=\"0\" data-intl-links-en=\"https:\/\/www.fcbarcelonanoticias.com\/en\/fc-barcelona\/laporta-robustece-the-box-of-the-fc-barcelona-with-goldman-sachs_276749_102.html\" data-intl-links-es=\"https:\/\/www.fcbarcelonanoticias.com\/fc-barcelona\/laporta-robustece-caja-fc-barcelona-con-goldman-sachs_276749_102.html\" href=\"https:\/\/www.fcbarcelonanoticias.com\/en\/fc-barcelona\/laporta-robustece-the-box-of-the-fc-barcelona-with-goldman-sachs_276749_102.html\" rel=\"follow\" target=\"_self\" title=\"Laporta robustece la caja del FC Barcelona con Goldman Sachs\">Joan Laporta<\/a>\u200b will restart the negotiations by Of Ligt in June<\/strong>, after finalising the season. The player will have the last word, a decision that of sure will depend of the place of the table that occupy cul\u00e9s and bianconeros in his leagues to the term of the 2021-2022. One of the serials of the summer is for beginning.<\/p> ","protected":false},"excerpt":{"rendered":"<p>Matthijs de Ligt and Adrien Rabiot had several verbal crossings in Juve&#8217;s draw against Napoli (1-1), with which those led by Massimiliano Allegri are still out of the &#8216;Champions zone&#8217; The unrest in the changing room of the Juventus remained exposed in the party that the &#8216;Vecchia Signora&#8217; empat\u00f3 home the Thursday in front of [&hellip;]<\/p>\n","protected":false},"author":347,"featured_media":45979,"comment_status":"closed","ping_status":"open","sticky":false,"template":"","format":"standard","meta":{"_acf_changed":false,"inline_featured_image":false,"_nextfly_llmd_date_locked":false,"footnotes":""},"categories":[1],"tags":[322,105,290],"class_list":["post-45978","post","type-post","status-publish","format-standard","has-post-thumbnail","hentry","category-sin-categoria","tag-de-ligt","tag-juventus","tag-rabiot"],"acf":[],"yoast_head":"<!-- This site is optimized with the Yoast SEO plugin v27.3 - https:\/\/yoast.com\/product\/yoast-seo-wordpress\/ -->\n<title>De Ligt and Rabiot unleash a powder in the Juventus dressing room<\/title>\n<meta name=\"description\" content=\"Matthijs Of Ligt and Adrien Rabiot had several verbal crosses in the tie of the Juve in front of the Napoli (1-1), with which the directed by Massimiliano Alle...\" \/>\n<meta name=\"robots\" content=\"index, follow, max-snippet:-1, max-image-preview:large, max-video-preview:-1\" \/>\n<link rel=\"canonical\" href=\"https:\/\/www.fcbarcelonanoticias.com\/en\/international-football\/of-ligt-and-rabiot-desatan-a-polvorian-in-the-changing-room-of_276752_102.html\" \/>\n<meta property=\"og:locale\" content=\"en_US\" \/>\n<meta property=\"og:type\" content=\"article\" \/>\n<meta property=\"og:title\" content=\"De Ligt and Rabiot unleash a powder in the Juventus dressing room\" \/>\n<meta property=\"og:description\" content=\"Matthijs Of Ligt and Adrien Rabiot had several verbal crosses in the tie of the Juve in front of the Napoli (1-1), with which the directed by Massimiliano Alle...\" \/>\n<meta property=\"og:url\" content=\"https:\/\/www.fcbarcelonanoticias.com\/en\/international-football\/of-ligt-and-rabiot-desatan-a-polvorian-in-the-changing-room-of_276752_102.html\" \/>\n<meta property=\"og:site_name\" content=\"EN - FC Barcelona Noticias\" \/>\n<meta property=\"article:published_time\" content=\"2022-01-09T15:09:00+00:00\" \/>\n<meta property=\"og:image\" content=\"https:\/\/www.fcbarcelonanoticias.com\/en\/wp-content\/uploads\/sites\/2\/2022\/01\/matthijs-de-ligt.jpeg\" \/>\n\t<meta property=\"og:image:width\" content=\"1200\" \/>\n\t<meta property=\"og:image:height\" content=\"675\" \/>\n\t<meta property=\"og:image:type\" content=\"image\/jpeg\" \/>\n<meta name=\"author\" content=\"Andr\u00e9s Quiroz\" \/>\n<meta name=\"twitter:card\" content=\"summary_large_image\" \/>\n<meta name=\"twitter:label1\" content=\"Written by\" \/>\n\t<meta name=\"twitter:data1\" content=\"Andr\u00e9s Quiroz\" \/>\n\t<meta name=\"twitter:label2\" content=\"Est. reading time\" \/>\n\t<meta name=\"twitter:data2\" content=\"2 minutes\" \/>\n<script type=\"application\/ld+json\" class=\"yoast-schema-graph\">{\"@context\":\"https:\\\/\\\/schema.org\",\"@graph\":[{\"@type\":\"Article\",\"@id\":\"https:\\\/\\\/www.fcbarcelonanoticias.com\\\/en\\\/international-football\\\/of-ligt-and-rabiot-desatan-a-polvorian-in-the-changing-room-of_276752_102.html#article\",\"isPartOf\":{\"@id\":\"https:\\\/\\\/www.fcbarcelonanoticias.com\\\/en\\\/international-football\\\/of-ligt-and-rabiot-desatan-a-polvorian-in-the-changing-room-of_276752_102.html\"},\"author\":{\"name\":\"Andr\u00e9s Quiroz\",\"@id\":\"https:\\\/\\\/www.fcbarcelonanoticias.com\\\/en\\\/#\\\/schema\\\/person\\\/c2cd9f6fa1af5c0d0eccd0fefa575c88\"},\"headline\":\"De Ligt and Rabiot unleash a powder in the Juventus dressing room\",\"datePublished\":\"2022-01-09T15:09:00+00:00\",\"mainEntityOfPage\":{\"@id\":\"https:\\\/\\\/www.fcbarcelonanoticias.com\\\/en\\\/international-football\\\/of-ligt-and-rabiot-desatan-a-polvorian-in-the-changing-room-of_276752_102.html\"},\"wordCount\":477,\"image\":{\"@id\":\"https:\\\/\\\/www.fcbarcelonanoticias.com\\\/en\\\/international-football\\\/of-ligt-and-rabiot-desatan-a-polvorian-in-the-changing-room-of_276752_102.html#primaryimage\"},\"thumbnailUrl\":\"https:\\\/\\\/www.fcbarcelonanoticias.com\\\/en\\\/wp-content\\\/uploads\\\/sites\\\/2\\\/2022\\\/01\\\/matthijs-de-ligt.jpeg\",\"keywords\":[\"De Ligt\",\"Juventus\",\"Rabiot\"],\"articleSection\":[\"Sin categor\u00eda\"],\"inLanguage\":\"en-US\"},{\"@type\":\"WebPage\",\"@id\":\"https:\\\/\\\/www.fcbarcelonanoticias.com\\\/en\\\/international-football\\\/of-ligt-and-rabiot-desatan-a-polvorian-in-the-changing-room-of_276752_102.html\",\"url\":\"https:\\\/\\\/www.fcbarcelonanoticias.com\\\/en\\\/international-football\\\/of-ligt-and-rabiot-desatan-a-polvorian-in-the-changing-room-of_276752_102.html\",\"name\":\"De Ligt and Rabiot unleash a powder in the Juventus dressing room\",\"isPartOf\":{\"@id\":\"https:\\\/\\\/www.fcbarcelonanoticias.com\\\/en\\\/#website\"},\"primaryImageOfPage\":{\"@id\":\"https:\\\/\\\/www.fcbarcelonanoticias.com\\\/en\\\/international-football\\\/of-ligt-and-rabiot-desatan-a-polvorian-in-the-changing-room-of_276752_102.html#primaryimage\"},\"image\":{\"@id\":\"https:\\\/\\\/www.fcbarcelonanoticias.com\\\/en\\\/international-football\\\/of-ligt-and-rabiot-desatan-a-polvorian-in-the-changing-room-of_276752_102.html#primaryimage\"},\"thumbnailUrl\":\"https:\\\/\\\/www.fcbarcelonanoticias.com\\\/en\\\/wp-content\\\/uploads\\\/sites\\\/2\\\/2022\\\/01\\\/matthijs-de-ligt.jpeg\",\"datePublished\":\"2022-01-09T15:09:00+00:00\",\"author\":{\"@id\":\"https:\\\/\\\/www.fcbarcelonanoticias.com\\\/en\\\/#\\\/schema\\\/person\\\/c2cd9f6fa1af5c0d0eccd0fefa575c88\"},\"description\":\"Matthijs Of Ligt and Adrien Rabiot had several verbal crosses in the tie of the Juve in front of the Napoli (1-1), with which the directed by Massimiliano Alle...\",\"breadcrumb\":{\"@id\":\"https:\\\/\\\/www.fcbarcelonanoticias.com\\\/en\\\/international-football\\\/of-ligt-and-rabiot-desatan-a-polvorian-in-the-changing-room-of_276752_102.html#breadcrumb\"},\"inLanguage\":\"en-US\",\"potentialAction\":[{\"@type\":\"ReadAction\",\"target\":[\"https:\\\/\\\/www.fcbarcelonanoticias.com\\\/en\\\/international-football\\\/of-ligt-and-rabiot-desatan-a-polvorian-in-the-changing-room-of_276752_102.html\"]}]},{\"@type\":\"ImageObject\",\"inLanguage\":\"en-US\",\"@id\":\"https:\\\/\\\/www.fcbarcelonanoticias.com\\\/en\\\/international-football\\\/of-ligt-and-rabiot-desatan-a-polvorian-in-the-changing-room-of_276752_102.html#primaryimage\",\"url\":\"https:\\\/\\\/www.fcbarcelonanoticias.com\\\/en\\\/wp-content\\\/uploads\\\/sites\\\/2\\\/2022\\\/01\\\/matthijs-de-ligt.jpeg\",\"contentUrl\":\"https:\\\/\\\/www.fcbarcelonanoticias.com\\\/en\\\/wp-content\\\/uploads\\\/sites\\\/2\\\/2022\\\/01\\\/matthijs-de-ligt.jpeg\",\"width\":1200,\"height\":675},{\"@type\":\"BreadcrumbList\",\"@id\":\"https:\\\/\\\/www.fcbarcelonanoticias.com\\\/en\\\/international-football\\\/of-ligt-and-rabiot-desatan-a-polvorian-in-the-changing-room-of_276752_102.html#breadcrumb\",\"itemListElement\":[{\"@type\":\"ListItem\",\"position\":1,\"name\":\"Portada\",\"item\":\"https:\\\/\\\/www.fcbarcelonanoticias.com\\\/en\\\/\"},{\"@type\":\"ListItem\",\"position\":2,\"name\":\"De Ligt and Rabiot unleash a powder in the Juventus dressing room\"}]},{\"@type\":\"WebSite\",\"@id\":\"https:\\\/\\\/www.fcbarcelonanoticias.com\\\/en\\\/#website\",\"url\":\"https:\\\/\\\/www.fcbarcelonanoticias.com\\\/en\\\/\",\"name\":\"EN - FC Barcelona Noticias\",\"description\":\"\",\"potentialAction\":[{\"@type\":\"SearchAction\",\"target\":{\"@type\":\"EntryPoint\",\"urlTemplate\":\"https:\\\/\\\/www.fcbarcelonanoticias.com\\\/en\\\/?s={search_term_string}\"},\"query-input\":{\"@type\":\"PropertyValueSpecification\",\"valueRequired\":true,\"valueName\":\"search_term_string\"}}],\"inLanguage\":\"en-US\"},{\"@type\":\"Person\",\"@id\":\"https:\\\/\\\/www.fcbarcelonanoticias.com\\\/en\\\/#\\\/schema\\\/person\\\/c2cd9f6fa1af5c0d0eccd0fefa575c88\",\"name\":\"Andr\u00e9s Quiroz\",\"image\":{\"@type\":\"ImageObject\",\"inLanguage\":\"en-US\",\"@id\":\"https:\\\/\\\/secure.gravatar.com\\\/avatar\\\/?s=96&d=mm&r=g\",\"url\":\"https:\\\/\\\/secure.gravatar.com\\\/avatar\\\/?s=96&d=mm&r=g\",\"contentUrl\":\"https:\\\/\\\/secure.gravatar.com\\\/avatar\\\/?s=96&d=mm&r=g\",\"caption\":\"Andr\u00e9s Quiroz\"},\"description\":\"Licenciado en Periodismo por la Universidad de los Andes. Me encargo de analizar y compartir los contenidos m\u00e1s destacados de la\u00a0actualidad del F\u00fatbol Club Barcelona, Mercado de Fichajes y F\u00fatbol Internacional en FCBN. La informaci\u00f3n es poder, pero tambi\u00e9n conocimiento.\",\"url\":\"https:\\\/\\\/www.fcbarcelonanoticias.com\\\/en\\\/fc-barcelona\\\/andres-quiroz_17_115.html\"}]}<\/script>\n<!-- \/ Yoast SEO plugin. -->","yoast_head_json":{"title":"De Ligt and Rabiot unleash a powder in the Juventus dressing room","description":"Matthijs Of Ligt and Adrien Rabiot had several verbal crosses in the tie of the Juve in front of the Napoli (1-1), with which the directed by Massimiliano Alle...","robots":{"index":"index","follow":"follow","max-snippet":"max-snippet:-1","max-image-preview":"max-image-preview:large","max-video-preview":"max-video-preview:-1"},"canonical":"https:\/\/www.fcbarcelonanoticias.com\/en\/international-football\/of-ligt-and-rabiot-desatan-a-polvorian-in-the-changing-room-of_276752_102.html","og_locale":"en_US","og_type":"article","og_title":"De Ligt and Rabiot unleash a powder in the Juventus dressing room","og_description":"Matthijs Of Ligt and Adrien Rabiot had several verbal crosses in the tie of the Juve in front of the Napoli (1-1), with which the directed by Massimiliano Alle...","og_url":"https:\/\/www.fcbarcelonanoticias.com\/en\/international-football\/of-ligt-and-rabiot-desatan-a-polvorian-in-the-changing-room-of_276752_102.html","og_site_name":"EN - FC Barcelona Noticias","article_published_time":"2022-01-09T15:09:00+00:00","og_image":[{"width":1200,"height":675,"url":"https:\/\/www.fcbarcelonanoticias.com\/en\/wp-content\/uploads\/sites\/2\/2022\/01\/matthijs-de-ligt.jpeg","type":"image\/jpeg"}],"author":"Andr\u00e9s Quiroz","twitter_card":"summary_large_image","twitter_misc":{"Written by":"Andr\u00e9s Quiroz","Est. reading time":"2 minutes"},"schema":{"@context":"https:\/\/schema.org","@graph":[{"@type":"Article","@id":"https:\/\/www.fcbarcelonanoticias.com\/en\/international-football\/of-ligt-and-rabiot-desatan-a-polvorian-in-the-changing-room-of_276752_102.html#article","isPartOf":{"@id":"https:\/\/www.fcbarcelonanoticias.com\/en\/international-football\/of-ligt-and-rabiot-desatan-a-polvorian-in-the-changing-room-of_276752_102.html"},"author":{"name":"Andr\u00e9s Quiroz","@id":"https:\/\/www.fcbarcelonanoticias.com\/en\/#\/schema\/person\/c2cd9f6fa1af5c0d0eccd0fefa575c88"},"headline":"De Ligt and Rabiot unleash a powder in the Juventus dressing room","datePublished":"2022-01-09T15:09:00+00:00","mainEntityOfPage":{"@id":"https:\/\/www.fcbarcelonanoticias.com\/en\/international-football\/of-ligt-and-rabiot-desatan-a-polvorian-in-the-changing-room-of_276752_102.html"},"wordCount":477,"image":{"@id":"https:\/\/www.fcbarcelonanoticias.com\/en\/international-football\/of-ligt-and-rabiot-desatan-a-polvorian-in-the-changing-room-of_276752_102.html#primaryimage"},"thumbnailUrl":"https:\/\/www.fcbarcelonanoticias.com\/en\/wp-content\/uploads\/sites\/2\/2022\/01\/matthijs-de-ligt.jpeg","keywords":["De Ligt","Juventus","Rabiot"],"articleSection":["Sin categor\u00eda"],"inLanguage":"en-US"},{"@type":"WebPage","@id":"https:\/\/www.fcbarcelonanoticias.com\/en\/international-football\/of-ligt-and-rabiot-desatan-a-polvorian-in-the-changing-room-of_276752_102.html","url":"https:\/\/www.fcbarcelonanoticias.com\/en\/international-football\/of-ligt-and-rabiot-desatan-a-polvorian-in-the-changing-room-of_276752_102.html","name":"De Ligt and Rabiot unleash a powder in the Juventus dressing room","isPartOf":{"@id":"https:\/\/www.fcbarcelonanoticias.com\/en\/#website"},"primaryImageOfPage":{"@id":"https:\/\/www.fcbarcelonanoticias.com\/en\/international-football\/of-ligt-and-rabiot-desatan-a-polvorian-in-the-changing-room-of_276752_102.html#primaryimage"},"image":{"@id":"https:\/\/www.fcbarcelonanoticias.com\/en\/international-football\/of-ligt-and-rabiot-desatan-a-polvorian-in-the-changing-room-of_276752_102.html#primaryimage"},"thumbnailUrl":"https:\/\/www.fcbarcelonanoticias.com\/en\/wp-content\/uploads\/sites\/2\/2022\/01\/matthijs-de-ligt.jpeg","datePublished":"2022-01-09T15:09:00+00:00","author":{"@id":"https:\/\/www.fcbarcelonanoticias.com\/en\/#\/schema\/person\/c2cd9f6fa1af5c0d0eccd0fefa575c88"},"description":"Matthijs Of Ligt and Adrien Rabiot had several verbal crosses in the tie of the Juve in front of the Napoli (1-1), with which the directed by Massimiliano Alle...","breadcrumb":{"@id":"https:\/\/www.fcbarcelonanoticias.com\/en\/international-football\/of-ligt-and-rabiot-desatan-a-polvorian-in-the-changing-room-of_276752_102.html#breadcrumb"},"inLanguage":"en-US","potentialAction":[{"@type":"ReadAction","target":["https:\/\/www.fcbarcelonanoticias.com\/en\/international-football\/of-ligt-and-rabiot-desatan-a-polvorian-in-the-changing-room-of_276752_102.html"]}]},{"@type":"ImageObject","inLanguage":"en-US","@id":"https:\/\/www.fcbarcelonanoticias.com\/en\/international-football\/of-ligt-and-rabiot-desatan-a-polvorian-in-the-changing-room-of_276752_102.html#primaryimage","url":"https:\/\/www.fcbarcelonanoticias.com\/en\/wp-content\/uploads\/sites\/2\/2022\/01\/matthijs-de-ligt.jpeg","contentUrl":"https:\/\/www.fcbarcelonanoticias.com\/en\/wp-content\/uploads\/sites\/2\/2022\/01\/matthijs-de-ligt.jpeg","width":1200,"height":675},{"@type":"BreadcrumbList","@id":"https:\/\/www.fcbarcelonanoticias.com\/en\/international-football\/of-ligt-and-rabiot-desatan-a-polvorian-in-the-changing-room-of_276752_102.html#breadcrumb","itemListElement":[{"@type":"ListItem","position":1,"name":"Portada","item":"https:\/\/www.fcbarcelonanoticias.com\/en\/"},{"@type":"ListItem","position":2,"name":"De Ligt and Rabiot unleash a powder in the Juventus dressing room"}]},{"@type":"WebSite","@id":"https:\/\/www.fcbarcelonanoticias.com\/en\/#website","url":"https:\/\/www.fcbarcelonanoticias.com\/en\/","name":"EN - FC Barcelona Noticias","description":"","potentialAction":[{"@type":"SearchAction","target":{"@type":"EntryPoint","urlTemplate":"https:\/\/www.fcbarcelonanoticias.com\/en\/?s={search_term_string}"},"query-input":{"@type":"PropertyValueSpecification","valueRequired":true,"valueName":"search_term_string"}}],"inLanguage":"en-US"},{"@type":"Person","@id":"https:\/\/www.fcbarcelonanoticias.com\/en\/#\/schema\/person\/c2cd9f6fa1af5c0d0eccd0fefa575c88","name":"Andr\u00e9s Quiroz","image":{"@type":"ImageObject","inLanguage":"en-US","@id":"https:\/\/secure.gravatar.com\/avatar\/?s=96&d=mm&r=g","url":"https:\/\/secure.gravatar.com\/avatar\/?s=96&d=mm&r=g","contentUrl":"https:\/\/secure.gravatar.com\/avatar\/?s=96&d=mm&r=g","caption":"Andr\u00e9s Quiroz"},"description":"Licenciado en Periodismo por la Universidad de los Andes. Me encargo de analizar y compartir los contenidos m\u00e1s destacados de la\u00a0actualidad del F\u00fatbol Club Barcelona, Mercado de Fichajes y F\u00fatbol Internacional en FCBN. La informaci\u00f3n es poder, pero tambi\u00e9n conocimiento.","url":"https:\/\/www.fcbarcelonanoticias.com\/en\/fc-barcelona\/andres-quiroz_17_115.html"}]}},"_links":{"self":[{"href":"https:\/\/www.fcbarcelonanoticias.com\/en\/wp-json\/wp\/v2\/posts\/45978","targetHints":{"allow":["GET"]}}],"collection":[{"href":"https:\/\/www.fcbarcelonanoticias.com\/en\/wp-json\/wp\/v2\/posts"}],"about":[{"href":"https:\/\/www.fcbarcelonanoticias.com\/en\/wp-json\/wp\/v2\/types\/post"}],"author":[{"embeddable":true,"href":"https:\/\/www.fcbarcelonanoticias.com\/en\/wp-json\/wp\/v2\/users\/347"}],"replies":[{"embeddable":true,"href":"https:\/\/www.fcbarcelonanoticias.com\/en\/wp-json\/wp\/v2\/comments?post=45978"}],"version-history":[{"count":1,"href":"https:\/\/www.fcbarcelonanoticias.com\/en\/wp-json\/wp\/v2\/posts\/45978\/revisions"}],"predecessor-version":[{"id":113837,"href":"https:\/\/www.fcbarcelonanoticias.com\/en\/wp-json\/wp\/v2\/posts\/45978\/revisions\/113837"}],"wp:featuredmedia":[{"embeddable":true,"href":"https:\/\/www.fcbarcelonanoticias.com\/en\/wp-json\/wp\/v2\/media\/45979"}],"wp:attachment":[{"href":"https:\/\/www.fcbarcelonanoticias.com\/en\/wp-json\/wp\/v2\/media?parent=45978"}],"wp:term":[{"taxonomy":"category","embeddable":true,"href":"https:\/\/www.fcbarcelonanoticias.com\/en\/wp-json\/wp\/v2\/categories?post=45978"},{"taxonomy":"post_tag","embeddable":true,"href":"https:\/\/www.fcbarcelonanoticias.com\/en\/wp-json\/wp\/v2\/tags?post=45978"}],"curies":[{"name":"wp","href":"https:\/\/api.w.org\/{rel}","templated":true}]}}