{"id":46004,"date":"2023-10-18T23:42:00","date_gmt":"2023-10-18T21:42:00","guid":{"rendered":"https:\/\/weisetech.dev\/fc-barcelona-noticias\/en\/official-al-hilal-confirms-broken-left-knee-neymar_297210_102\/"},"modified":"2023-10-18T23:42:00","modified_gmt":"2023-10-18T21:42:00","slug":"official-al-hilal-confirms-broken-left-knee-neymar_297210_102","status":"publish","type":"post","link":"https:\/\/www.fcbarcelonanoticias.com\/en\/international-football\/official-al-hilal-confirms-broken-left-knee-neymar_297210_102.html","title":{"rendered":"OFFICIAL: Al-Hilal confirms the breakage of Neymar&#8217;s left knee"},"content":{"rendered":"<h2 class=\"wp-block-heading\">The worst predictions regarding the injury that Neymar suffered on Tuesday night in Uruguay-Brazil (2-0) have been confirmed: the former FC Barcelona player tore the cruciate ligament in his left knee. Therefore, she will be out for about 8 months<\/h2>  \r\n<div class=\"article-addons\">\r\n    <a href=\"https:\/\/www.fcbarcelonanoticias.com\/en\/calendar-fc-barcelona.html\"\r\n       target=\"_self\"\r\n       title=\"Calendar of FC Barcelona\"\r\n       class=\"blue-gredient-btn\">\r\n       \r\n        Calendar of FC Barcelona    <\/a>\r\n<\/div>   <p>Neymar Jr. <a data-external=\"0\" data-intl-links-en=\"https:\/\/www.fcbarcelonanoticias.com\/en\/players\/neymar-goes-back-to-hit-rock-bottom-and-extends-his-drama-since-it-left-barca_297206_102.html\" data-intl-links-es=\"https:\/\/www.fcbarcelonanoticias.com\/jugadores\/neymar-vuelve-tocar-fondo-alarga-su-drama-dejo-el-barca_297206_102.html\" href=\"https:\/\/www.fcbarcelonanoticias.com\/en\/players\/neymar-goes-back-to-hit-rock-bottom-and-extends-his-drama-since-it-left-barca_297206_102.html\" rel=\"follow\" target=\"_self\" title=\"Neymar vuelve a tocar fondo y alarga su drama desde que dej\u00f3&nbsp;el&nbsp;Bar\u00e7a\">It has hit rock bottom in his personal ordeal with the injuries<\/a>. Since it went out of the FC Barcelona in 2017, the Brazilian has suffered a total of 16 injuries and, from 2020, accumulated 424 dias of drop by his continuous physical problems. This Wednesday, the own &#8216;Ney&#8217; confirmed through his social networks that <strong>suffers a break of the ligament crossed previous and of the meniscus of his left leg<\/strong> after the Uruguay-Brazil contested the Tuesday in Montevideo.<\/p>  <p>With this, the one of Mogi give Cruzes will be drop around 6 to 8 months, remaining in the &#8216;air&#8217; the possibility to contest the Glass America of 2024. <strong>The tournament begins on 20 June in the United States, just inside 8 months<\/strong>, by what the terms of recovery of the extreme are very just. To be &#8216;ok&#8217; for the tournament, Neymar needs to return to the action, at least, in May, but is clear that will lose all the season 2023\/24.<\/p>  <blockquote class=\"twitter-tweet\"> <p dir=\"ltr\" lang=\"en\">The medical Tests &#8220;NEYMAR &#8221; underwent, confirmed the Previous Cruciate Ligament and Meniscus tear injury in his knee, have will be going through surgery and then to treatment program that will be determined later..<br><br> Return Stronger <a href=\"https:\/\/twitter.com\/en\/neymarjr?ref_src=twsrc%5Etfw\">@neymarjr<\/a> \ud83d\udc99<a href=\"https:\/\/twitter.com\/en\/hashtag\/AlHilal?src=hash&amp;ref_src=twsrc%5Etfw\">#AlHilal<\/a> <a href=\"https:\/\/t.co\/en\/5I3u7F7wQm\">pic.twitter.com\/5i3u7f7wqm<\/a><\/p> \u2014 AlHilal Saudi Club (@Alhilal_IN) <a href=\"https:\/\/twitter.com\/en\/Alhilal_EN\/status\/1714733524559749539?ref_src=twsrc%5Etfw\">October 18, 2023<\/a> <\/blockquote> <h2>Neymar Will go through the operating theatre immediately<\/h2>  <p>For the player of 31 years, the priority is to operate what before to initiate the recovery. The Brazilian has suffered multiple problems in cu\u00e1driceps and isquios, ankles, in the ribs and in the back, but<strong> never had broken any of his knees<\/strong>. The Tuesday, the &#8217;10&#8217; finish in crutches after a hard crash with Nicol\u00e1s de la Cruz that it forced him to abandon the Centenarian Stadium with difficulties to walk.<\/p>  <p>In principle it spoke of a sprain in the left knee, but the proofs made the Wednesday confirmed the break. <strong>&#8216;Ney&#8217; Only had played 5 parties this season (386 minutes)<\/strong> <strong>with the To the-Hilal<\/strong> in which it added a so much and three assistances. The Arab group paid 90 million euros to Paris Saint-Germain by his traspaso, but was low for the first five days of the Saudi league by muscular problems. Now, it has confirmed his drop by all the season.<\/p> ","protected":false},"excerpt":{"rendered":"<p>The worst predictions regarding the injury that Neymar suffered on Tuesday night in Uruguay-Brazil (2-0) have been confirmed: the former FC Barcelona player tore the cruciate ligament in his left knee. Therefore, she will be out for about 8 months Neymar Jr. It has hit rock bottom in his personal ordeal with the injuries. Since [&hellip;]<\/p>\n","protected":false},"author":347,"featured_media":46005,"comment_status":"closed","ping_status":"open","sticky":false,"template":"","format":"standard","meta":{"_acf_changed":false,"inline_featured_image":false,"_nextfly_llmd_date_locked":false,"footnotes":""},"categories":[453,107],"tags":[143],"class_list":["post-46004","post","type-post","status-publish","format-standard","has-post-thumbnail","hentry","category-players-2","category-players","tag-neymar-jr"],"acf":[],"yoast_head":"<!-- This site is optimized with the Yoast SEO plugin v27.3 - https:\/\/yoast.com\/product\/yoast-seo-wordpress\/ -->\n<title>OFFICIAL: Al-Hilal confirms the breakage of Neymar&#039;s left knee<\/title>\n<meta name=\"description\" content=\"The worst predictions regarding the injury that Neymar suffered on Tuesday night in Uruguay-Brazil (2-0) have been confirmed: the former FC Barcelona player tore the cruciate ligament in his left knee. Therefore, she will be out for about 8 months\" \/>\n<meta name=\"robots\" content=\"index, follow, max-snippet:-1, max-image-preview:large, max-video-preview:-1\" \/>\n<link rel=\"canonical\" href=\"https:\/\/www.fcbarcelonanoticias.com\/en\/international-football\/official-al-hilal-confirms-broken-left-knee-neymar_297210_102.html\" \/>\n<meta property=\"og:locale\" content=\"en_US\" \/>\n<meta property=\"og:type\" content=\"article\" \/>\n<meta property=\"og:title\" content=\"OFFICIAL: Al-Hilal confirms the breakage of Neymar&#039;s left knee\" \/>\n<meta property=\"og:description\" content=\"The worst predictions regarding the injury that Neymar suffered on Tuesday night in Uruguay-Brazil (2-0) have been confirmed: the former FC Barcelona player tore the cruciate ligament in his left knee. Therefore, she will be out for about 8 months\" \/>\n<meta property=\"og:url\" content=\"https:\/\/www.fcbarcelonanoticias.com\/en\/international-football\/official-al-hilal-confirms-broken-left-knee-neymar_297210_102.html\" \/>\n<meta property=\"og:site_name\" content=\"EN - FC Barcelona Noticias\" \/>\n<meta property=\"article:published_time\" content=\"2023-10-18T21:42:00+00:00\" \/>\n<meta property=\"og:image\" content=\"https:\/\/www.fcbarcelonanoticias.com\/en\/wp-content\/uploads\/sites\/2\/2023\/10\/neymar-jr-v-uruguay.jpeg\" \/>\n\t<meta property=\"og:image:width\" content=\"1300\" \/>\n\t<meta property=\"og:image:height\" content=\"732\" \/>\n\t<meta property=\"og:image:type\" content=\"image\/jpeg\" \/>\n<meta name=\"author\" content=\"Andr\u00e9s Quiroz\" \/>\n<meta name=\"twitter:card\" content=\"summary_large_image\" \/>\n<meta name=\"twitter:label1\" content=\"Written by\" \/>\n\t<meta name=\"twitter:data1\" content=\"Andr\u00e9s Quiroz\" \/>\n\t<meta name=\"twitter:label2\" content=\"Est. reading time\" \/>\n\t<meta name=\"twitter:data2\" content=\"2 minutes\" \/>\n<script type=\"application\/ld+json\" class=\"yoast-schema-graph\">{\"@context\":\"https:\\\/\\\/schema.org\",\"@graph\":[{\"@type\":\"Article\",\"@id\":\"https:\\\/\\\/www.fcbarcelonanoticias.com\\\/en\\\/international-football\\\/official-al-hilal-confirms-broken-left-knee-neymar_297210_102.html#article\",\"isPartOf\":{\"@id\":\"https:\\\/\\\/www.fcbarcelonanoticias.com\\\/en\\\/international-football\\\/official-al-hilal-confirms-broken-left-knee-neymar_297210_102.html\"},\"author\":{\"name\":\"Andr\u00e9s Quiroz\",\"@id\":\"https:\\\/\\\/www.fcbarcelonanoticias.com\\\/en\\\/#\\\/schema\\\/person\\\/c2cd9f6fa1af5c0d0eccd0fefa575c88\"},\"headline\":\"OFFICIAL: Al-Hilal confirms the breakage of Neymar&#8217;s left knee\",\"datePublished\":\"2023-10-18T21:42:00+00:00\",\"mainEntityOfPage\":{\"@id\":\"https:\\\/\\\/www.fcbarcelonanoticias.com\\\/en\\\/international-football\\\/official-al-hilal-confirms-broken-left-knee-neymar_297210_102.html\"},\"wordCount\":411,\"image\":{\"@id\":\"https:\\\/\\\/www.fcbarcelonanoticias.com\\\/en\\\/international-football\\\/official-al-hilal-confirms-broken-left-knee-neymar_297210_102.html#primaryimage\"},\"thumbnailUrl\":\"https:\\\/\\\/www.fcbarcelonanoticias.com\\\/en\\\/wp-content\\\/uploads\\\/sites\\\/2\\\/2023\\\/10\\\/neymar-jr-v-uruguay.jpeg\",\"keywords\":[\"Neymar Jr\"],\"articleSection\":[\"Players\",\"Players\"],\"inLanguage\":\"en-US\"},{\"@type\":\"WebPage\",\"@id\":\"https:\\\/\\\/www.fcbarcelonanoticias.com\\\/en\\\/international-football\\\/official-al-hilal-confirms-broken-left-knee-neymar_297210_102.html\",\"url\":\"https:\\\/\\\/www.fcbarcelonanoticias.com\\\/en\\\/international-football\\\/official-al-hilal-confirms-broken-left-knee-neymar_297210_102.html\",\"name\":\"OFFICIAL: Al-Hilal confirms the breakage of Neymar's left knee\",\"isPartOf\":{\"@id\":\"https:\\\/\\\/www.fcbarcelonanoticias.com\\\/en\\\/#website\"},\"primaryImageOfPage\":{\"@id\":\"https:\\\/\\\/www.fcbarcelonanoticias.com\\\/en\\\/international-football\\\/official-al-hilal-confirms-broken-left-knee-neymar_297210_102.html#primaryimage\"},\"image\":{\"@id\":\"https:\\\/\\\/www.fcbarcelonanoticias.com\\\/en\\\/international-football\\\/official-al-hilal-confirms-broken-left-knee-neymar_297210_102.html#primaryimage\"},\"thumbnailUrl\":\"https:\\\/\\\/www.fcbarcelonanoticias.com\\\/en\\\/wp-content\\\/uploads\\\/sites\\\/2\\\/2023\\\/10\\\/neymar-jr-v-uruguay.jpeg\",\"datePublished\":\"2023-10-18T21:42:00+00:00\",\"author\":{\"@id\":\"https:\\\/\\\/www.fcbarcelonanoticias.com\\\/en\\\/#\\\/schema\\\/person\\\/c2cd9f6fa1af5c0d0eccd0fefa575c88\"},\"description\":\"The worst predictions regarding the injury that Neymar suffered on Tuesday night in Uruguay-Brazil (2-0) have been confirmed: the former FC Barcelona player tore the cruciate ligament in his left knee. Therefore, she will be out for about 8 months\",\"breadcrumb\":{\"@id\":\"https:\\\/\\\/www.fcbarcelonanoticias.com\\\/en\\\/international-football\\\/official-al-hilal-confirms-broken-left-knee-neymar_297210_102.html#breadcrumb\"},\"inLanguage\":\"en-US\",\"potentialAction\":[{\"@type\":\"ReadAction\",\"target\":[\"https:\\\/\\\/www.fcbarcelonanoticias.com\\\/en\\\/international-football\\\/official-al-hilal-confirms-broken-left-knee-neymar_297210_102.html\"]}]},{\"@type\":\"ImageObject\",\"inLanguage\":\"en-US\",\"@id\":\"https:\\\/\\\/www.fcbarcelonanoticias.com\\\/en\\\/international-football\\\/official-al-hilal-confirms-broken-left-knee-neymar_297210_102.html#primaryimage\",\"url\":\"https:\\\/\\\/www.fcbarcelonanoticias.com\\\/en\\\/wp-content\\\/uploads\\\/sites\\\/2\\\/2023\\\/10\\\/neymar-jr-v-uruguay.jpeg\",\"contentUrl\":\"https:\\\/\\\/www.fcbarcelonanoticias.com\\\/en\\\/wp-content\\\/uploads\\\/sites\\\/2\\\/2023\\\/10\\\/neymar-jr-v-uruguay.jpeg\",\"width\":1300,\"height\":732},{\"@type\":\"BreadcrumbList\",\"@id\":\"https:\\\/\\\/www.fcbarcelonanoticias.com\\\/en\\\/international-football\\\/official-al-hilal-confirms-broken-left-knee-neymar_297210_102.html#breadcrumb\",\"itemListElement\":[{\"@type\":\"ListItem\",\"position\":1,\"name\":\"Portada\",\"item\":\"https:\\\/\\\/www.fcbarcelonanoticias.com\\\/en\\\/\"},{\"@type\":\"ListItem\",\"position\":2,\"name\":\"OFFICIAL: Al-Hilal confirms the breakage of Neymar&#8217;s left knee\"}]},{\"@type\":\"WebSite\",\"@id\":\"https:\\\/\\\/www.fcbarcelonanoticias.com\\\/en\\\/#website\",\"url\":\"https:\\\/\\\/www.fcbarcelonanoticias.com\\\/en\\\/\",\"name\":\"EN - FC Barcelona Noticias\",\"description\":\"\",\"potentialAction\":[{\"@type\":\"SearchAction\",\"target\":{\"@type\":\"EntryPoint\",\"urlTemplate\":\"https:\\\/\\\/www.fcbarcelonanoticias.com\\\/en\\\/?s={search_term_string}\"},\"query-input\":{\"@type\":\"PropertyValueSpecification\",\"valueRequired\":true,\"valueName\":\"search_term_string\"}}],\"inLanguage\":\"en-US\"},{\"@type\":\"Person\",\"@id\":\"https:\\\/\\\/www.fcbarcelonanoticias.com\\\/en\\\/#\\\/schema\\\/person\\\/c2cd9f6fa1af5c0d0eccd0fefa575c88\",\"name\":\"Andr\u00e9s Quiroz\",\"image\":{\"@type\":\"ImageObject\",\"inLanguage\":\"en-US\",\"@id\":\"https:\\\/\\\/secure.gravatar.com\\\/avatar\\\/?s=96&d=mm&r=g\",\"url\":\"https:\\\/\\\/secure.gravatar.com\\\/avatar\\\/?s=96&d=mm&r=g\",\"contentUrl\":\"https:\\\/\\\/secure.gravatar.com\\\/avatar\\\/?s=96&d=mm&r=g\",\"caption\":\"Andr\u00e9s Quiroz\"},\"description\":\"Licenciado en Periodismo por la Universidad de los Andes. Me encargo de analizar y compartir los contenidos m\u00e1s destacados de la\u00a0actualidad del F\u00fatbol Club Barcelona, Mercado de Fichajes y F\u00fatbol Internacional en FCBN. La informaci\u00f3n es poder, pero tambi\u00e9n conocimiento.\",\"url\":\"https:\\\/\\\/www.fcbarcelonanoticias.com\\\/en\\\/fc-barcelona\\\/andres-quiroz_17_115.html\"}]}<\/script>\n<!-- \/ Yoast SEO plugin. -->","yoast_head_json":{"title":"OFFICIAL: Al-Hilal confirms the breakage of Neymar's left knee","description":"The worst predictions regarding the injury that Neymar suffered on Tuesday night in Uruguay-Brazil (2-0) have been confirmed: the former FC Barcelona player tore the cruciate ligament in his left knee. Therefore, she will be out for about 8 months","robots":{"index":"index","follow":"follow","max-snippet":"max-snippet:-1","max-image-preview":"max-image-preview:large","max-video-preview":"max-video-preview:-1"},"canonical":"https:\/\/www.fcbarcelonanoticias.com\/en\/international-football\/official-al-hilal-confirms-broken-left-knee-neymar_297210_102.html","og_locale":"en_US","og_type":"article","og_title":"OFFICIAL: Al-Hilal confirms the breakage of Neymar's left knee","og_description":"The worst predictions regarding the injury that Neymar suffered on Tuesday night in Uruguay-Brazil (2-0) have been confirmed: the former FC Barcelona player tore the cruciate ligament in his left knee. Therefore, she will be out for about 8 months","og_url":"https:\/\/www.fcbarcelonanoticias.com\/en\/international-football\/official-al-hilal-confirms-broken-left-knee-neymar_297210_102.html","og_site_name":"EN - FC Barcelona Noticias","article_published_time":"2023-10-18T21:42:00+00:00","og_image":[{"width":1300,"height":732,"url":"https:\/\/www.fcbarcelonanoticias.com\/en\/wp-content\/uploads\/sites\/2\/2023\/10\/neymar-jr-v-uruguay.jpeg","type":"image\/jpeg"}],"author":"Andr\u00e9s Quiroz","twitter_card":"summary_large_image","twitter_misc":{"Written by":"Andr\u00e9s Quiroz","Est. reading time":"2 minutes"},"schema":{"@context":"https:\/\/schema.org","@graph":[{"@type":"Article","@id":"https:\/\/www.fcbarcelonanoticias.com\/en\/international-football\/official-al-hilal-confirms-broken-left-knee-neymar_297210_102.html#article","isPartOf":{"@id":"https:\/\/www.fcbarcelonanoticias.com\/en\/international-football\/official-al-hilal-confirms-broken-left-knee-neymar_297210_102.html"},"author":{"name":"Andr\u00e9s Quiroz","@id":"https:\/\/www.fcbarcelonanoticias.com\/en\/#\/schema\/person\/c2cd9f6fa1af5c0d0eccd0fefa575c88"},"headline":"OFFICIAL: Al-Hilal confirms the breakage of Neymar&#8217;s left knee","datePublished":"2023-10-18T21:42:00+00:00","mainEntityOfPage":{"@id":"https:\/\/www.fcbarcelonanoticias.com\/en\/international-football\/official-al-hilal-confirms-broken-left-knee-neymar_297210_102.html"},"wordCount":411,"image":{"@id":"https:\/\/www.fcbarcelonanoticias.com\/en\/international-football\/official-al-hilal-confirms-broken-left-knee-neymar_297210_102.html#primaryimage"},"thumbnailUrl":"https:\/\/www.fcbarcelonanoticias.com\/en\/wp-content\/uploads\/sites\/2\/2023\/10\/neymar-jr-v-uruguay.jpeg","keywords":["Neymar Jr"],"articleSection":["Players","Players"],"inLanguage":"en-US"},{"@type":"WebPage","@id":"https:\/\/www.fcbarcelonanoticias.com\/en\/international-football\/official-al-hilal-confirms-broken-left-knee-neymar_297210_102.html","url":"https:\/\/www.fcbarcelonanoticias.com\/en\/international-football\/official-al-hilal-confirms-broken-left-knee-neymar_297210_102.html","name":"OFFICIAL: Al-Hilal confirms the breakage of Neymar's left knee","isPartOf":{"@id":"https:\/\/www.fcbarcelonanoticias.com\/en\/#website"},"primaryImageOfPage":{"@id":"https:\/\/www.fcbarcelonanoticias.com\/en\/international-football\/official-al-hilal-confirms-broken-left-knee-neymar_297210_102.html#primaryimage"},"image":{"@id":"https:\/\/www.fcbarcelonanoticias.com\/en\/international-football\/official-al-hilal-confirms-broken-left-knee-neymar_297210_102.html#primaryimage"},"thumbnailUrl":"https:\/\/www.fcbarcelonanoticias.com\/en\/wp-content\/uploads\/sites\/2\/2023\/10\/neymar-jr-v-uruguay.jpeg","datePublished":"2023-10-18T21:42:00+00:00","author":{"@id":"https:\/\/www.fcbarcelonanoticias.com\/en\/#\/schema\/person\/c2cd9f6fa1af5c0d0eccd0fefa575c88"},"description":"The worst predictions regarding the injury that Neymar suffered on Tuesday night in Uruguay-Brazil (2-0) have been confirmed: the former FC Barcelona player tore the cruciate ligament in his left knee. Therefore, she will be out for about 8 months","breadcrumb":{"@id":"https:\/\/www.fcbarcelonanoticias.com\/en\/international-football\/official-al-hilal-confirms-broken-left-knee-neymar_297210_102.html#breadcrumb"},"inLanguage":"en-US","potentialAction":[{"@type":"ReadAction","target":["https:\/\/www.fcbarcelonanoticias.com\/en\/international-football\/official-al-hilal-confirms-broken-left-knee-neymar_297210_102.html"]}]},{"@type":"ImageObject","inLanguage":"en-US","@id":"https:\/\/www.fcbarcelonanoticias.com\/en\/international-football\/official-al-hilal-confirms-broken-left-knee-neymar_297210_102.html#primaryimage","url":"https:\/\/www.fcbarcelonanoticias.com\/en\/wp-content\/uploads\/sites\/2\/2023\/10\/neymar-jr-v-uruguay.jpeg","contentUrl":"https:\/\/www.fcbarcelonanoticias.com\/en\/wp-content\/uploads\/sites\/2\/2023\/10\/neymar-jr-v-uruguay.jpeg","width":1300,"height":732},{"@type":"BreadcrumbList","@id":"https:\/\/www.fcbarcelonanoticias.com\/en\/international-football\/official-al-hilal-confirms-broken-left-knee-neymar_297210_102.html#breadcrumb","itemListElement":[{"@type":"ListItem","position":1,"name":"Portada","item":"https:\/\/www.fcbarcelonanoticias.com\/en\/"},{"@type":"ListItem","position":2,"name":"OFFICIAL: Al-Hilal confirms the breakage of Neymar&#8217;s left knee"}]},{"@type":"WebSite","@id":"https:\/\/www.fcbarcelonanoticias.com\/en\/#website","url":"https:\/\/www.fcbarcelonanoticias.com\/en\/","name":"EN - FC Barcelona Noticias","description":"","potentialAction":[{"@type":"SearchAction","target":{"@type":"EntryPoint","urlTemplate":"https:\/\/www.fcbarcelonanoticias.com\/en\/?s={search_term_string}"},"query-input":{"@type":"PropertyValueSpecification","valueRequired":true,"valueName":"search_term_string"}}],"inLanguage":"en-US"},{"@type":"Person","@id":"https:\/\/www.fcbarcelonanoticias.com\/en\/#\/schema\/person\/c2cd9f6fa1af5c0d0eccd0fefa575c88","name":"Andr\u00e9s Quiroz","image":{"@type":"ImageObject","inLanguage":"en-US","@id":"https:\/\/secure.gravatar.com\/avatar\/?s=96&d=mm&r=g","url":"https:\/\/secure.gravatar.com\/avatar\/?s=96&d=mm&r=g","contentUrl":"https:\/\/secure.gravatar.com\/avatar\/?s=96&d=mm&r=g","caption":"Andr\u00e9s Quiroz"},"description":"Licenciado en Periodismo por la Universidad de los Andes. Me encargo de analizar y compartir los contenidos m\u00e1s destacados de la\u00a0actualidad del F\u00fatbol Club Barcelona, Mercado de Fichajes y F\u00fatbol Internacional en FCBN. La informaci\u00f3n es poder, pero tambi\u00e9n conocimiento.","url":"https:\/\/www.fcbarcelonanoticias.com\/en\/fc-barcelona\/andres-quiroz_17_115.html"}]}},"_links":{"self":[{"href":"https:\/\/www.fcbarcelonanoticias.com\/en\/wp-json\/wp\/v2\/posts\/46004","targetHints":{"allow":["GET"]}}],"collection":[{"href":"https:\/\/www.fcbarcelonanoticias.com\/en\/wp-json\/wp\/v2\/posts"}],"about":[{"href":"https:\/\/www.fcbarcelonanoticias.com\/en\/wp-json\/wp\/v2\/types\/post"}],"author":[{"embeddable":true,"href":"https:\/\/www.fcbarcelonanoticias.com\/en\/wp-json\/wp\/v2\/users\/347"}],"replies":[{"embeddable":true,"href":"https:\/\/www.fcbarcelonanoticias.com\/en\/wp-json\/wp\/v2\/comments?post=46004"}],"version-history":[{"count":1,"href":"https:\/\/www.fcbarcelonanoticias.com\/en\/wp-json\/wp\/v2\/posts\/46004\/revisions"}],"predecessor-version":[{"id":113791,"href":"https:\/\/www.fcbarcelonanoticias.com\/en\/wp-json\/wp\/v2\/posts\/46004\/revisions\/113791"}],"wp:featuredmedia":[{"embeddable":true,"href":"https:\/\/www.fcbarcelonanoticias.com\/en\/wp-json\/wp\/v2\/media\/46005"}],"wp:attachment":[{"href":"https:\/\/www.fcbarcelonanoticias.com\/en\/wp-json\/wp\/v2\/media?parent=46004"}],"wp:term":[{"taxonomy":"category","embeddable":true,"href":"https:\/\/www.fcbarcelonanoticias.com\/en\/wp-json\/wp\/v2\/categories?post=46004"},{"taxonomy":"post_tag","embeddable":true,"href":"https:\/\/www.fcbarcelonanoticias.com\/en\/wp-json\/wp\/v2\/tags?post=46004"}],"curies":[{"name":"wp","href":"https:\/\/api.w.org\/{rel}","templated":true}]}}