{"id":46089,"date":"2023-10-04T09:10:00","date_gmt":"2023-10-04T07:10:00","guid":{"rendered":"https:\/\/weisetech.dev\/fc-barcelona-noticias\/en\/ousmane-dembele-still-not-taking-off-in-france_296752_102\/"},"modified":"2023-10-04T09:10:00","modified_gmt":"2023-10-04T07:10:00","slug":"ousmane-dembele-still-not-taking-off-in-france_296752_102","status":"publish","type":"post","link":"https:\/\/www.fcbarcelonanoticias.com\/en\/international-football\/ousmane-dembele-still-not-taking-off-in-france_296752_102.html","title":{"rendered":"Ousmane Demb\u00e9l\u00e9 continues without &#8216;taking off&#8217; in France"},"content":{"rendered":"<h2 class=\"wp-block-heading\">It is no secret to anyone that Ousmane Demb\u00e9l\u00e9 is synonymous with imbalance, overflow and speed. At PSG he has demonstrated this, but still without effects in front of goal. He has not debuted as a scorer or assister in France<\/h2>  \r\n<div class=\"article-addons\">\r\n    <a href=\"https:\/\/www.fcbarcelonanoticias.com\/en\/calendar-fc-barcelona.html\"\r\n       target=\"_self\"\r\n       title=\"Calendar of FC Barcelona\"\r\n       class=\"blue-gredient-btn\">\r\n       \r\n        Calendar of FC Barcelona    <\/a>\r\n<\/div>   <p><strong>It is not being an ideal beginning for Ousmane Demb\u00e9l\u00e9 in the Paris Saint-Germain. <\/strong>It is indisputable headline in the plans of Luis Enrique and participates actively in the game of the team, but has seen him more fall\u00f3n that never, with occasions wasted by a bad decision. Still it has not achieved to premi\u00e8re like goleador neither has been able to give a pass of goal to some mate.<\/p>  <p>The influence of the exfutbolista of the <a data-external=\"0\" data-intl-links-en=\"https:\/\/www.fcbarcelonanoticias.com\/en\/fc-barcelona\" data-intl-links-es=\"https:\/\/www.fcbarcelonanoticias.com\/fc-barcelona\" href=\"https:\/\/www.fcbarcelonanoticias.com\/en\/football-soccer\/fc-barcelona.html\" rel=\"follow\" target=\"_self\" title=\"FC Barcelona\">FC Barcelona<\/a> is being merely in the game. Himself That has been able to go of rivals, add swift careers and combine constantly with Kylian Mbapp\u00e9, especially, but in the registers is remaining very short and in France already are criticising him by <strong>the little impact that is having although the Asturian trainer does not move it of his initial approach. <\/strong><\/p>  <h2>Of the criticisms in France to the defence of Luis Enrique<\/h2>  <p>One of the most important journalists of the country Frenchman, Daniel Riolo, aimed that &#8220;since it is in the PSG is not surrendering well. <strong>Still it has not marked any goal and this is a true problem.<\/strong> Until the point that one asks if, in a training 4-3-3, Kolo Muani will occupy his place so that Gon\u00e7alo Bouquets can play in tip&#8221;. Between the fans of the PSG begins to be, also, evident the frustration with the attacker of 26 years.<\/p>  <p>Luis Enrique has defended him every time that has opportunity. In fact, in the previous of the party of the PSG against Newcastle by the second date of the phase of groups of the Champions League, aimed that &#8220;I create, sincerely, that is very good. It can play in both bands or inside. <strong>It has played especially in the right, generating always a lot of danger. It is very fast<\/strong>. It has adapted well, I am safe that it goes to mark goals this season and contribute more with decisive passes. Has a good progression, but has still a big margin of improvement&#8221;.<\/p>  <h2>Patience, key with Demb\u00e9l\u00e9<\/h2>  <p>Everything seems to indicate to that the &#8216;Mosquito&#8217; will keep on being to title in the plans of the Spanish trainer and that it will be necessary to expect to that it do not have the wet gunpowder. In the FC Barcelona know very well that with Demb\u00e9l\u00e9 it is necessary to be very patient, because<strong> at the end of the day yes is a player that in a career or dribbling can help you to define a party. <\/strong>In the City Condal cost him explode and in the PSG will have to see it like an example.<\/p> ","protected":false},"excerpt":{"rendered":"<p>It is no secret to anyone that Ousmane Demb\u00e9l\u00e9 is synonymous with imbalance, overflow and speed. At PSG he has demonstrated this, but still without effects in front of goal. He has not debuted as a scorer or assister in France It is not being an ideal beginning for Ousmane Demb\u00e9l\u00e9 in the Paris Saint-Germain. [&hellip;]<\/p>\n","protected":false},"author":353,"featured_media":6489,"comment_status":"closed","ping_status":"open","sticky":false,"template":"","format":"standard","meta":{"_acf_changed":false,"inline_featured_image":false,"_nextfly_llmd_date_locked":false,"footnotes":""},"categories":[1],"tags":[146],"class_list":["post-46089","post","type-post","status-publish","format-standard","has-post-thumbnail","hentry","category-sin-categoria","tag-dembele"],"acf":[],"yoast_head":"<!-- This site is optimized with the Yoast SEO plugin v27.3 - https:\/\/yoast.com\/product\/yoast-seo-wordpress\/ -->\n<title>Ousmane Demb\u00e9l\u00e9 continues without &#039;taking off&#039; in France<\/title>\n<meta name=\"description\" content=\"It is not a secret for anybody that Ousmane Demb\u00e9l\u00e9 is synonymous of disequilibrium, desborde and speed. In the PSG like this has showed it, but still without effects of face to goal. It has not premi\u00e8red like goleador neither asistidor in France\" \/>\n<meta name=\"robots\" content=\"index, follow, max-snippet:-1, max-image-preview:large, max-video-preview:-1\" \/>\n<link rel=\"canonical\" href=\"https:\/\/www.fcbarcelonanoticias.com\/en\/international-football\/ousmane-dembele-still-not-taking-off-in-france_296752_102.html\" \/>\n<meta property=\"og:locale\" content=\"en_US\" \/>\n<meta property=\"og:type\" content=\"article\" \/>\n<meta property=\"og:title\" content=\"Ousmane Demb\u00e9l\u00e9 continues without &#039;taking off&#039; in France\" \/>\n<meta property=\"og:description\" content=\"It is not a secret for anybody that Ousmane Demb\u00e9l\u00e9 is synonymous of disequilibrium, desborde and speed. In the PSG like this has showed it, but still without effects of face to goal. It has not premi\u00e8red like goleador neither asistidor in France\" \/>\n<meta property=\"og:url\" content=\"https:\/\/www.fcbarcelonanoticias.com\/en\/international-football\/ousmane-dembele-still-not-taking-off-in-france_296752_102.html\" \/>\n<meta property=\"og:site_name\" content=\"EN - FC Barcelona Noticias\" \/>\n<meta property=\"article:published_time\" content=\"2023-10-04T07:10:00+00:00\" \/>\n<meta property=\"og:image\" content=\"https:\/\/www.fcbarcelonanoticias.com\/en\/wp-content\/uploads\/sites\/2\/2024\/04\/ousmane-dembele-en-un-partido-del-psg.jpeg\" \/>\n\t<meta property=\"og:image:width\" content=\"1200\" \/>\n\t<meta property=\"og:image:height\" content=\"675\" \/>\n\t<meta property=\"og:image:type\" content=\"image\/jpeg\" \/>\n<meta name=\"author\" content=\"FC Barcelona Noticias\" \/>\n<meta name=\"twitter:card\" content=\"summary_large_image\" \/>\n<meta name=\"twitter:label1\" content=\"Written by\" \/>\n\t<meta name=\"twitter:data1\" content=\"FC Barcelona Noticias\" \/>\n\t<meta name=\"twitter:label2\" content=\"Est. reading time\" \/>\n\t<meta name=\"twitter:data2\" content=\"2 minutes\" \/>\n<script type=\"application\/ld+json\" class=\"yoast-schema-graph\">{\"@context\":\"https:\\\/\\\/schema.org\",\"@graph\":[{\"@type\":\"Article\",\"@id\":\"https:\\\/\\\/www.fcbarcelonanoticias.com\\\/en\\\/international-football\\\/ousmane-dembele-still-not-taking-off-in-france_296752_102.html#article\",\"isPartOf\":{\"@id\":\"https:\\\/\\\/www.fcbarcelonanoticias.com\\\/en\\\/international-football\\\/ousmane-dembele-still-not-taking-off-in-france_296752_102.html\"},\"author\":{\"name\":\"FC Barcelona Noticias\",\"@id\":\"https:\\\/\\\/www.fcbarcelonanoticias.com\\\/en\\\/#\\\/schema\\\/person\\\/0f2810101d27606974cdb8edb54fa54b\"},\"headline\":\"Ousmane Demb\u00e9l\u00e9 continues without &#8216;taking off&#8217; in France\",\"datePublished\":\"2023-10-04T07:10:00+00:00\",\"mainEntityOfPage\":{\"@id\":\"https:\\\/\\\/www.fcbarcelonanoticias.com\\\/en\\\/international-football\\\/ousmane-dembele-still-not-taking-off-in-france_296752_102.html\"},\"wordCount\":492,\"image\":{\"@id\":\"https:\\\/\\\/www.fcbarcelonanoticias.com\\\/en\\\/international-football\\\/ousmane-dembele-still-not-taking-off-in-france_296752_102.html#primaryimage\"},\"thumbnailUrl\":\"https:\\\/\\\/www.fcbarcelonanoticias.com\\\/en\\\/wp-content\\\/uploads\\\/sites\\\/2\\\/2024\\\/04\\\/ousmane-dembele-en-un-partido-del-psg.jpeg\",\"keywords\":[\"Demb\u00e9l\u00e9\"],\"articleSection\":[\"Sin categor\u00eda\"],\"inLanguage\":\"en-US\"},{\"@type\":\"WebPage\",\"@id\":\"https:\\\/\\\/www.fcbarcelonanoticias.com\\\/en\\\/international-football\\\/ousmane-dembele-still-not-taking-off-in-france_296752_102.html\",\"url\":\"https:\\\/\\\/www.fcbarcelonanoticias.com\\\/en\\\/international-football\\\/ousmane-dembele-still-not-taking-off-in-france_296752_102.html\",\"name\":\"Ousmane Demb\u00e9l\u00e9 continues without 'taking off' in France\",\"isPartOf\":{\"@id\":\"https:\\\/\\\/www.fcbarcelonanoticias.com\\\/en\\\/#website\"},\"primaryImageOfPage\":{\"@id\":\"https:\\\/\\\/www.fcbarcelonanoticias.com\\\/en\\\/international-football\\\/ousmane-dembele-still-not-taking-off-in-france_296752_102.html#primaryimage\"},\"image\":{\"@id\":\"https:\\\/\\\/www.fcbarcelonanoticias.com\\\/en\\\/international-football\\\/ousmane-dembele-still-not-taking-off-in-france_296752_102.html#primaryimage\"},\"thumbnailUrl\":\"https:\\\/\\\/www.fcbarcelonanoticias.com\\\/en\\\/wp-content\\\/uploads\\\/sites\\\/2\\\/2024\\\/04\\\/ousmane-dembele-en-un-partido-del-psg.jpeg\",\"datePublished\":\"2023-10-04T07:10:00+00:00\",\"author\":{\"@id\":\"https:\\\/\\\/www.fcbarcelonanoticias.com\\\/en\\\/#\\\/schema\\\/person\\\/0f2810101d27606974cdb8edb54fa54b\"},\"description\":\"It is not a secret for anybody that Ousmane Demb\u00e9l\u00e9 is synonymous of disequilibrium, desborde and speed. In the PSG like this has showed it, but still without effects of face to goal. It has not premi\u00e8red like goleador neither asistidor in France\",\"breadcrumb\":{\"@id\":\"https:\\\/\\\/www.fcbarcelonanoticias.com\\\/en\\\/international-football\\\/ousmane-dembele-still-not-taking-off-in-france_296752_102.html#breadcrumb\"},\"inLanguage\":\"en-US\",\"potentialAction\":[{\"@type\":\"ReadAction\",\"target\":[\"https:\\\/\\\/www.fcbarcelonanoticias.com\\\/en\\\/international-football\\\/ousmane-dembele-still-not-taking-off-in-france_296752_102.html\"]}]},{\"@type\":\"ImageObject\",\"inLanguage\":\"en-US\",\"@id\":\"https:\\\/\\\/www.fcbarcelonanoticias.com\\\/en\\\/international-football\\\/ousmane-dembele-still-not-taking-off-in-france_296752_102.html#primaryimage\",\"url\":\"https:\\\/\\\/www.fcbarcelonanoticias.com\\\/en\\\/wp-content\\\/uploads\\\/sites\\\/2\\\/2024\\\/04\\\/ousmane-dembele-en-un-partido-del-psg.jpeg\",\"contentUrl\":\"https:\\\/\\\/www.fcbarcelonanoticias.com\\\/en\\\/wp-content\\\/uploads\\\/sites\\\/2\\\/2024\\\/04\\\/ousmane-dembele-en-un-partido-del-psg.jpeg\",\"width\":1200,\"height\":675},{\"@type\":\"BreadcrumbList\",\"@id\":\"https:\\\/\\\/www.fcbarcelonanoticias.com\\\/en\\\/international-football\\\/ousmane-dembele-still-not-taking-off-in-france_296752_102.html#breadcrumb\",\"itemListElement\":[{\"@type\":\"ListItem\",\"position\":1,\"name\":\"Portada\",\"item\":\"https:\\\/\\\/www.fcbarcelonanoticias.com\\\/en\\\/\"},{\"@type\":\"ListItem\",\"position\":2,\"name\":\"Ousmane Demb\u00e9l\u00e9 continues without &#8216;taking off&#8217; in France\"}]},{\"@type\":\"WebSite\",\"@id\":\"https:\\\/\\\/www.fcbarcelonanoticias.com\\\/en\\\/#website\",\"url\":\"https:\\\/\\\/www.fcbarcelonanoticias.com\\\/en\\\/\",\"name\":\"EN - FC Barcelona Noticias\",\"description\":\"\",\"potentialAction\":[{\"@type\":\"SearchAction\",\"target\":{\"@type\":\"EntryPoint\",\"urlTemplate\":\"https:\\\/\\\/www.fcbarcelonanoticias.com\\\/en\\\/?s={search_term_string}\"},\"query-input\":{\"@type\":\"PropertyValueSpecification\",\"valueRequired\":true,\"valueName\":\"search_term_string\"}}],\"inLanguage\":\"en-US\"},{\"@type\":\"Person\",\"@id\":\"https:\\\/\\\/www.fcbarcelonanoticias.com\\\/en\\\/#\\\/schema\\\/person\\\/0f2810101d27606974cdb8edb54fa54b\",\"name\":\"FC Barcelona Noticias\",\"image\":{\"@type\":\"ImageObject\",\"inLanguage\":\"en-US\",\"@id\":\"https:\\\/\\\/secure.gravatar.com\\\/avatar\\\/?s=96&d=mm&r=g\",\"url\":\"https:\\\/\\\/secure.gravatar.com\\\/avatar\\\/?s=96&d=mm&r=g\",\"contentUrl\":\"https:\\\/\\\/secure.gravatar.com\\\/avatar\\\/?s=96&d=mm&r=g\",\"caption\":\"FC Barcelona Noticias\"},\"url\":\"https:\\\/\\\/www.fcbarcelonanoticias.com\\\/en\\\/fc-barcelona\\\/fcbn-writing-fc-barcelona-news_6_115.html\"}]}<\/script>\n<!-- \/ Yoast SEO plugin. -->","yoast_head_json":{"title":"Ousmane Demb\u00e9l\u00e9 continues without 'taking off' in France","description":"It is not a secret for anybody that Ousmane Demb\u00e9l\u00e9 is synonymous of disequilibrium, desborde and speed. In the PSG like this has showed it, but still without effects of face to goal. It has not premi\u00e8red like goleador neither asistidor in France","robots":{"index":"index","follow":"follow","max-snippet":"max-snippet:-1","max-image-preview":"max-image-preview:large","max-video-preview":"max-video-preview:-1"},"canonical":"https:\/\/www.fcbarcelonanoticias.com\/en\/international-football\/ousmane-dembele-still-not-taking-off-in-france_296752_102.html","og_locale":"en_US","og_type":"article","og_title":"Ousmane Demb\u00e9l\u00e9 continues without 'taking off' in France","og_description":"It is not a secret for anybody that Ousmane Demb\u00e9l\u00e9 is synonymous of disequilibrium, desborde and speed. In the PSG like this has showed it, but still without effects of face to goal. It has not premi\u00e8red like goleador neither asistidor in France","og_url":"https:\/\/www.fcbarcelonanoticias.com\/en\/international-football\/ousmane-dembele-still-not-taking-off-in-france_296752_102.html","og_site_name":"EN - FC Barcelona Noticias","article_published_time":"2023-10-04T07:10:00+00:00","og_image":[{"width":1200,"height":675,"url":"https:\/\/www.fcbarcelonanoticias.com\/en\/wp-content\/uploads\/sites\/2\/2024\/04\/ousmane-dembele-en-un-partido-del-psg.jpeg","type":"image\/jpeg"}],"author":"FC Barcelona Noticias","twitter_card":"summary_large_image","twitter_misc":{"Written by":"FC Barcelona Noticias","Est. reading time":"2 minutes"},"schema":{"@context":"https:\/\/schema.org","@graph":[{"@type":"Article","@id":"https:\/\/www.fcbarcelonanoticias.com\/en\/international-football\/ousmane-dembele-still-not-taking-off-in-france_296752_102.html#article","isPartOf":{"@id":"https:\/\/www.fcbarcelonanoticias.com\/en\/international-football\/ousmane-dembele-still-not-taking-off-in-france_296752_102.html"},"author":{"name":"FC Barcelona Noticias","@id":"https:\/\/www.fcbarcelonanoticias.com\/en\/#\/schema\/person\/0f2810101d27606974cdb8edb54fa54b"},"headline":"Ousmane Demb\u00e9l\u00e9 continues without &#8216;taking off&#8217; in France","datePublished":"2023-10-04T07:10:00+00:00","mainEntityOfPage":{"@id":"https:\/\/www.fcbarcelonanoticias.com\/en\/international-football\/ousmane-dembele-still-not-taking-off-in-france_296752_102.html"},"wordCount":492,"image":{"@id":"https:\/\/www.fcbarcelonanoticias.com\/en\/international-football\/ousmane-dembele-still-not-taking-off-in-france_296752_102.html#primaryimage"},"thumbnailUrl":"https:\/\/www.fcbarcelonanoticias.com\/en\/wp-content\/uploads\/sites\/2\/2024\/04\/ousmane-dembele-en-un-partido-del-psg.jpeg","keywords":["Demb\u00e9l\u00e9"],"articleSection":["Sin categor\u00eda"],"inLanguage":"en-US"},{"@type":"WebPage","@id":"https:\/\/www.fcbarcelonanoticias.com\/en\/international-football\/ousmane-dembele-still-not-taking-off-in-france_296752_102.html","url":"https:\/\/www.fcbarcelonanoticias.com\/en\/international-football\/ousmane-dembele-still-not-taking-off-in-france_296752_102.html","name":"Ousmane Demb\u00e9l\u00e9 continues without 'taking off' in France","isPartOf":{"@id":"https:\/\/www.fcbarcelonanoticias.com\/en\/#website"},"primaryImageOfPage":{"@id":"https:\/\/www.fcbarcelonanoticias.com\/en\/international-football\/ousmane-dembele-still-not-taking-off-in-france_296752_102.html#primaryimage"},"image":{"@id":"https:\/\/www.fcbarcelonanoticias.com\/en\/international-football\/ousmane-dembele-still-not-taking-off-in-france_296752_102.html#primaryimage"},"thumbnailUrl":"https:\/\/www.fcbarcelonanoticias.com\/en\/wp-content\/uploads\/sites\/2\/2024\/04\/ousmane-dembele-en-un-partido-del-psg.jpeg","datePublished":"2023-10-04T07:10:00+00:00","author":{"@id":"https:\/\/www.fcbarcelonanoticias.com\/en\/#\/schema\/person\/0f2810101d27606974cdb8edb54fa54b"},"description":"It is not a secret for anybody that Ousmane Demb\u00e9l\u00e9 is synonymous of disequilibrium, desborde and speed. In the PSG like this has showed it, but still without effects of face to goal. It has not premi\u00e8red like goleador neither asistidor in France","breadcrumb":{"@id":"https:\/\/www.fcbarcelonanoticias.com\/en\/international-football\/ousmane-dembele-still-not-taking-off-in-france_296752_102.html#breadcrumb"},"inLanguage":"en-US","potentialAction":[{"@type":"ReadAction","target":["https:\/\/www.fcbarcelonanoticias.com\/en\/international-football\/ousmane-dembele-still-not-taking-off-in-france_296752_102.html"]}]},{"@type":"ImageObject","inLanguage":"en-US","@id":"https:\/\/www.fcbarcelonanoticias.com\/en\/international-football\/ousmane-dembele-still-not-taking-off-in-france_296752_102.html#primaryimage","url":"https:\/\/www.fcbarcelonanoticias.com\/en\/wp-content\/uploads\/sites\/2\/2024\/04\/ousmane-dembele-en-un-partido-del-psg.jpeg","contentUrl":"https:\/\/www.fcbarcelonanoticias.com\/en\/wp-content\/uploads\/sites\/2\/2024\/04\/ousmane-dembele-en-un-partido-del-psg.jpeg","width":1200,"height":675},{"@type":"BreadcrumbList","@id":"https:\/\/www.fcbarcelonanoticias.com\/en\/international-football\/ousmane-dembele-still-not-taking-off-in-france_296752_102.html#breadcrumb","itemListElement":[{"@type":"ListItem","position":1,"name":"Portada","item":"https:\/\/www.fcbarcelonanoticias.com\/en\/"},{"@type":"ListItem","position":2,"name":"Ousmane Demb\u00e9l\u00e9 continues without &#8216;taking off&#8217; in France"}]},{"@type":"WebSite","@id":"https:\/\/www.fcbarcelonanoticias.com\/en\/#website","url":"https:\/\/www.fcbarcelonanoticias.com\/en\/","name":"EN - FC Barcelona Noticias","description":"","potentialAction":[{"@type":"SearchAction","target":{"@type":"EntryPoint","urlTemplate":"https:\/\/www.fcbarcelonanoticias.com\/en\/?s={search_term_string}"},"query-input":{"@type":"PropertyValueSpecification","valueRequired":true,"valueName":"search_term_string"}}],"inLanguage":"en-US"},{"@type":"Person","@id":"https:\/\/www.fcbarcelonanoticias.com\/en\/#\/schema\/person\/0f2810101d27606974cdb8edb54fa54b","name":"FC Barcelona Noticias","image":{"@type":"ImageObject","inLanguage":"en-US","@id":"https:\/\/secure.gravatar.com\/avatar\/?s=96&d=mm&r=g","url":"https:\/\/secure.gravatar.com\/avatar\/?s=96&d=mm&r=g","contentUrl":"https:\/\/secure.gravatar.com\/avatar\/?s=96&d=mm&r=g","caption":"FC Barcelona Noticias"},"url":"https:\/\/www.fcbarcelonanoticias.com\/en\/fc-barcelona\/fcbn-writing-fc-barcelona-news_6_115.html"}]}},"_links":{"self":[{"href":"https:\/\/www.fcbarcelonanoticias.com\/en\/wp-json\/wp\/v2\/posts\/46089","targetHints":{"allow":["GET"]}}],"collection":[{"href":"https:\/\/www.fcbarcelonanoticias.com\/en\/wp-json\/wp\/v2\/posts"}],"about":[{"href":"https:\/\/www.fcbarcelonanoticias.com\/en\/wp-json\/wp\/v2\/types\/post"}],"author":[{"embeddable":true,"href":"https:\/\/www.fcbarcelonanoticias.com\/en\/wp-json\/wp\/v2\/users\/353"}],"replies":[{"embeddable":true,"href":"https:\/\/www.fcbarcelonanoticias.com\/en\/wp-json\/wp\/v2\/comments?post=46089"}],"version-history":[{"count":1,"href":"https:\/\/www.fcbarcelonanoticias.com\/en\/wp-json\/wp\/v2\/posts\/46089\/revisions"}],"predecessor-version":[{"id":113913,"href":"https:\/\/www.fcbarcelonanoticias.com\/en\/wp-json\/wp\/v2\/posts\/46089\/revisions\/113913"}],"wp:featuredmedia":[{"embeddable":true,"href":"https:\/\/www.fcbarcelonanoticias.com\/en\/wp-json\/wp\/v2\/media\/6489"}],"wp:attachment":[{"href":"https:\/\/www.fcbarcelonanoticias.com\/en\/wp-json\/wp\/v2\/media?parent=46089"}],"wp:term":[{"taxonomy":"category","embeddable":true,"href":"https:\/\/www.fcbarcelonanoticias.com\/en\/wp-json\/wp\/v2\/categories?post=46089"},{"taxonomy":"post_tag","embeddable":true,"href":"https:\/\/www.fcbarcelonanoticias.com\/en\/wp-json\/wp\/v2\/tags?post=46089"}],"curies":[{"name":"wp","href":"https:\/\/api.w.org\/{rel}","templated":true}]}}