{"id":46104,"date":"2023-08-26T23:17:00","date_gmt":"2023-08-26T21:17:00","guid":{"rendered":"https:\/\/weisetech.dev\/fc-barcelona-noticias\/en\/ovation-double-mbappe-returns-parque-principes-for-everything-high_295522_102\/"},"modified":"2023-08-26T23:17:00","modified_gmt":"2023-08-26T21:17:00","slug":"ovation-double-mbappe-returns-parque-principes-for-everything-high_295522_102","status":"publish","type":"post","link":"https:\/\/www.fcbarcelonanoticias.com\/en\/international-football\/ovation-double-mbappe-returns-parque-principes-for-everything-high_295522_102.html","title":{"rendered":"Ovation and double! Mbapp\u00e9 &#8216;returns&#8217; to the Parc des Princes in style"},"content":{"rendered":"<h2 class=\"wp-block-heading\">The third time was the charm for Luis Enrique&#8217;s Paris Saint-Germain. On Kylian Mbapp\u00e9&#8217;s return to the Parc des Princes, &#8216;les parisiens&#8217; have managed to win against Lens<\/h2>  \r\n<div class=\"article-addons\">\r\n    <a href=\"https:\/\/www.fcbarcelonanoticias.com\/en\/calendar-fc-barcelona.html\"\r\n       target=\"_self\"\r\n       title=\"Calendar of FC Barcelona\"\r\n       class=\"blue-gredient-btn\">\r\n       \r\n        Calendar of FC Barcelona    <\/a>\r\n<\/div>   <p><strong>Kylian Mbapp\u00e9 Is a machine to generate dangers, occasions and, in definite, goals.<\/strong> The <a data-external=\"0\" data-intl-links-en=\"https:\/\/www.fcbarcelonanoticias.com\/en\/tags\/paris-saint-germain\" data-intl-links-es=\"https:\/\/www.fcbarcelonanoticias.com\/tags\/paris-saint-germain\" href=\"https:\/\/www.fcbarcelonanoticias.com\/en\/tags\/paris-saint-germain.html\" rel=\"follow\" target=\"_self\" title=\"Paris Saint-Germain\">Paris Saint-Germain<\/a> is another thing with the one of Bondy, that continues showing that it is one of the players more determinants of the world and indisputable for the French group. This Saturday, has contested his first party in the Park of the Princes, after him &#8216;raised&#8217; the punishment from the dispatches of the club. The result has been the same of always.<\/p>  <p>The &#8216;7&#8217; Parisian was once again the player more determinant on the field. <strong>Already against the Toulouse, ingresando in the second half, had been determinant after causing a penalti and convert it, later, for the tie of the PSG (1-1)<\/strong>. This week, in a quite important night for him and after an ovation tremenda by part of the fans in the previous of the team, has answered to the requirement and convierti\u00f3, as it expected , in the big offensive leader.<\/p>  <h2>Mbapp\u00e9, doublet and constant danger in front of the Lens<\/h2>  <p>In a party atascado for the venues, with the Lens very put backwards and with a PSG that did not generate a lot of occasions, Mbapp\u00e9 combined constantly with Ousmane Demb\u00e9l\u00e9 to try generate clear occasions, without success in the last metres.<strong> Marco Asensio was the attendant to open the tin, at the end of the first part,<\/strong> with a potent\u00edsimo shot from the balcony of the area with his left leg. His goal of all the life.<\/p>  <p>The goal gave confidence to the venues so that Mbapp\u00e9, by double game, sentenced it in the second half. First it combined with Lucas so that it gave him back the balloon inside the area and commanded a missile for &#8216;premi\u00e8re&#8217; in the Park of the Princes. In the 90&#8242;, cost of the &#8216;fortune&#8217; to sign his doublet, after his finish touched in a rival defender and went in to the goal of Samba brushing the stick. For maquillar the result, <strong>Skriniar marked in in own door after a good played of the Lens. <\/strong><\/p> ","protected":false},"excerpt":{"rendered":"<p>The third time was the charm for Luis Enrique&#8217;s Paris Saint-Germain. On Kylian Mbapp\u00e9&#8217;s return to the Parc des Princes, &#8216;les parisiens&#8217; have managed to win against Lens Kylian Mbapp\u00e9 Is a machine to generate dangers, occasions and, in definite, goals. The Paris Saint-Germain is another thing with the one of Bondy, that continues showing [&hellip;]<\/p>\n","protected":false},"author":353,"featured_media":46106,"comment_status":"closed","ping_status":"open","sticky":false,"template":"","format":"standard","meta":{"_acf_changed":false,"inline_featured_image":false,"_nextfly_llmd_date_locked":false,"footnotes":""},"categories":[1],"tags":[171,88],"class_list":["post-46104","post","type-post","status-publish","format-standard","has-post-thumbnail","hentry","category-sin-categoria","tag-mbappe","tag-paris-saint-germain"],"acf":[],"yoast_head":"<!-- This site is optimized with the Yoast SEO plugin v27.3 - https:\/\/yoast.com\/product\/yoast-seo-wordpress\/ -->\n<title>Ovation and double! Mbapp\u00e9 &#039;returns&#039; to the Parc des Princes in style<\/title>\n<meta name=\"description\" content=\"To the third has been the defeated for the Paris Saint-Germain of Luis Enrique. In the turn of Kylian Mbapp\u00e9 to the Park of the Princes, &#039;them parisiens&#039; have known to impose in front of the Lens\" \/>\n<meta name=\"robots\" content=\"index, follow, max-snippet:-1, max-image-preview:large, max-video-preview:-1\" \/>\n<link rel=\"canonical\" href=\"https:\/\/www.fcbarcelonanoticias.com\/en\/international-football\/ovation-double-mbappe-returns-parque-principes-for-everything-high_295522_102.html\" \/>\n<meta property=\"og:locale\" content=\"en_US\" \/>\n<meta property=\"og:type\" content=\"article\" \/>\n<meta property=\"og:title\" content=\"Ovation and double! Mbapp\u00e9 &#039;returns&#039; to the Parc des Princes in style\" \/>\n<meta property=\"og:description\" content=\"To the third has been the defeated for the Paris Saint-Germain of Luis Enrique. In the turn of Kylian Mbapp\u00e9 to the Park of the Princes, &#039;them parisiens&#039; have known to impose in front of the Lens\" \/>\n<meta property=\"og:url\" content=\"https:\/\/www.fcbarcelonanoticias.com\/en\/international-football\/ovation-double-mbappe-returns-parque-principes-for-everything-high_295522_102.html\" \/>\n<meta property=\"og:site_name\" content=\"EN - FC Barcelona Noticias\" \/>\n<meta property=\"article:published_time\" content=\"2023-08-26T21:17:00+00:00\" \/>\n<meta property=\"og:image\" content=\"https:\/\/www.fcbarcelonanoticias.com\/en\/wp-content\/uploads\/sites\/2\/2023\/08\/kylian-mbappe-celebra-un-gol-con-el-psg.jpeg\" \/>\n\t<meta property=\"og:image:width\" content=\"1200\" \/>\n\t<meta property=\"og:image:height\" content=\"675\" \/>\n\t<meta property=\"og:image:type\" content=\"image\/jpeg\" \/>\n<meta name=\"author\" content=\"FC Barcelona Noticias\" \/>\n<meta name=\"twitter:card\" content=\"summary_large_image\" \/>\n<meta name=\"twitter:label1\" content=\"Written by\" \/>\n\t<meta name=\"twitter:data1\" content=\"FC Barcelona Noticias\" \/>\n\t<meta name=\"twitter:label2\" content=\"Est. reading time\" \/>\n\t<meta name=\"twitter:data2\" content=\"2 minutes\" \/>\n<script type=\"application\/ld+json\" class=\"yoast-schema-graph\">{\"@context\":\"https:\\\/\\\/schema.org\",\"@graph\":[{\"@type\":\"Article\",\"@id\":\"https:\\\/\\\/www.fcbarcelonanoticias.com\\\/en\\\/international-football\\\/ovation-double-mbappe-returns-parque-principes-for-everything-high_295522_102.html#article\",\"isPartOf\":{\"@id\":\"https:\\\/\\\/www.fcbarcelonanoticias.com\\\/en\\\/international-football\\\/ovation-double-mbappe-returns-parque-principes-for-everything-high_295522_102.html\"},\"author\":{\"name\":\"FC Barcelona Noticias\",\"@id\":\"https:\\\/\\\/www.fcbarcelonanoticias.com\\\/en\\\/#\\\/schema\\\/person\\\/0f2810101d27606974cdb8edb54fa54b\"},\"headline\":\"Ovation and double! Mbapp\u00e9 &#8216;returns&#8217; to the Parc des Princes in style\",\"datePublished\":\"2023-08-26T21:17:00+00:00\",\"mainEntityOfPage\":{\"@id\":\"https:\\\/\\\/www.fcbarcelonanoticias.com\\\/en\\\/international-football\\\/ovation-double-mbappe-returns-parque-principes-for-everything-high_295522_102.html\"},\"wordCount\":382,\"image\":{\"@id\":\"https:\\\/\\\/www.fcbarcelonanoticias.com\\\/en\\\/international-football\\\/ovation-double-mbappe-returns-parque-principes-for-everything-high_295522_102.html#primaryimage\"},\"thumbnailUrl\":\"https:\\\/\\\/www.fcbarcelonanoticias.com\\\/en\\\/wp-content\\\/uploads\\\/sites\\\/2\\\/2023\\\/08\\\/kylian-mbappe-celebra-un-gol-con-el-psg.jpeg\",\"keywords\":[\"Mbapp\u00e9\",\"Paris Saint-Germain\"],\"articleSection\":[\"Sin categor\u00eda\"],\"inLanguage\":\"en-US\"},{\"@type\":\"WebPage\",\"@id\":\"https:\\\/\\\/www.fcbarcelonanoticias.com\\\/en\\\/international-football\\\/ovation-double-mbappe-returns-parque-principes-for-everything-high_295522_102.html\",\"url\":\"https:\\\/\\\/www.fcbarcelonanoticias.com\\\/en\\\/international-football\\\/ovation-double-mbappe-returns-parque-principes-for-everything-high_295522_102.html\",\"name\":\"Ovation and double! Mbapp\u00e9 'returns' to the Parc des Princes in style\",\"isPartOf\":{\"@id\":\"https:\\\/\\\/www.fcbarcelonanoticias.com\\\/en\\\/#website\"},\"primaryImageOfPage\":{\"@id\":\"https:\\\/\\\/www.fcbarcelonanoticias.com\\\/en\\\/international-football\\\/ovation-double-mbappe-returns-parque-principes-for-everything-high_295522_102.html#primaryimage\"},\"image\":{\"@id\":\"https:\\\/\\\/www.fcbarcelonanoticias.com\\\/en\\\/international-football\\\/ovation-double-mbappe-returns-parque-principes-for-everything-high_295522_102.html#primaryimage\"},\"thumbnailUrl\":\"https:\\\/\\\/www.fcbarcelonanoticias.com\\\/en\\\/wp-content\\\/uploads\\\/sites\\\/2\\\/2023\\\/08\\\/kylian-mbappe-celebra-un-gol-con-el-psg.jpeg\",\"datePublished\":\"2023-08-26T21:17:00+00:00\",\"author\":{\"@id\":\"https:\\\/\\\/www.fcbarcelonanoticias.com\\\/en\\\/#\\\/schema\\\/person\\\/0f2810101d27606974cdb8edb54fa54b\"},\"description\":\"To the third has been the defeated for the Paris Saint-Germain of Luis Enrique. In the turn of Kylian Mbapp\u00e9 to the Park of the Princes, 'them parisiens' have known to impose in front of the Lens\",\"breadcrumb\":{\"@id\":\"https:\\\/\\\/www.fcbarcelonanoticias.com\\\/en\\\/international-football\\\/ovation-double-mbappe-returns-parque-principes-for-everything-high_295522_102.html#breadcrumb\"},\"inLanguage\":\"en-US\",\"potentialAction\":[{\"@type\":\"ReadAction\",\"target\":[\"https:\\\/\\\/www.fcbarcelonanoticias.com\\\/en\\\/international-football\\\/ovation-double-mbappe-returns-parque-principes-for-everything-high_295522_102.html\"]}]},{\"@type\":\"ImageObject\",\"inLanguage\":\"en-US\",\"@id\":\"https:\\\/\\\/www.fcbarcelonanoticias.com\\\/en\\\/international-football\\\/ovation-double-mbappe-returns-parque-principes-for-everything-high_295522_102.html#primaryimage\",\"url\":\"https:\\\/\\\/www.fcbarcelonanoticias.com\\\/en\\\/wp-content\\\/uploads\\\/sites\\\/2\\\/2023\\\/08\\\/kylian-mbappe-celebra-un-gol-con-el-psg.jpeg\",\"contentUrl\":\"https:\\\/\\\/www.fcbarcelonanoticias.com\\\/en\\\/wp-content\\\/uploads\\\/sites\\\/2\\\/2023\\\/08\\\/kylian-mbappe-celebra-un-gol-con-el-psg.jpeg\",\"width\":1200,\"height\":675},{\"@type\":\"BreadcrumbList\",\"@id\":\"https:\\\/\\\/www.fcbarcelonanoticias.com\\\/en\\\/international-football\\\/ovation-double-mbappe-returns-parque-principes-for-everything-high_295522_102.html#breadcrumb\",\"itemListElement\":[{\"@type\":\"ListItem\",\"position\":1,\"name\":\"Portada\",\"item\":\"https:\\\/\\\/www.fcbarcelonanoticias.com\\\/en\\\/\"},{\"@type\":\"ListItem\",\"position\":2,\"name\":\"Ovation and double! Mbapp\u00e9 &#8216;returns&#8217; to the Parc des Princes in style\"}]},{\"@type\":\"WebSite\",\"@id\":\"https:\\\/\\\/www.fcbarcelonanoticias.com\\\/en\\\/#website\",\"url\":\"https:\\\/\\\/www.fcbarcelonanoticias.com\\\/en\\\/\",\"name\":\"EN - FC Barcelona Noticias\",\"description\":\"\",\"potentialAction\":[{\"@type\":\"SearchAction\",\"target\":{\"@type\":\"EntryPoint\",\"urlTemplate\":\"https:\\\/\\\/www.fcbarcelonanoticias.com\\\/en\\\/?s={search_term_string}\"},\"query-input\":{\"@type\":\"PropertyValueSpecification\",\"valueRequired\":true,\"valueName\":\"search_term_string\"}}],\"inLanguage\":\"en-US\"},{\"@type\":\"Person\",\"@id\":\"https:\\\/\\\/www.fcbarcelonanoticias.com\\\/en\\\/#\\\/schema\\\/person\\\/0f2810101d27606974cdb8edb54fa54b\",\"name\":\"FC Barcelona Noticias\",\"image\":{\"@type\":\"ImageObject\",\"inLanguage\":\"en-US\",\"@id\":\"https:\\\/\\\/secure.gravatar.com\\\/avatar\\\/?s=96&d=mm&r=g\",\"url\":\"https:\\\/\\\/secure.gravatar.com\\\/avatar\\\/?s=96&d=mm&r=g\",\"contentUrl\":\"https:\\\/\\\/secure.gravatar.com\\\/avatar\\\/?s=96&d=mm&r=g\",\"caption\":\"FC Barcelona Noticias\"},\"url\":\"https:\\\/\\\/www.fcbarcelonanoticias.com\\\/en\\\/fc-barcelona\\\/fcbn-writing-fc-barcelona-news_6_115.html\"}]}<\/script>\n<!-- \/ Yoast SEO plugin. -->","yoast_head_json":{"title":"Ovation and double! Mbapp\u00e9 'returns' to the Parc des Princes in style","description":"To the third has been the defeated for the Paris Saint-Germain of Luis Enrique. In the turn of Kylian Mbapp\u00e9 to the Park of the Princes, 'them parisiens' have known to impose in front of the Lens","robots":{"index":"index","follow":"follow","max-snippet":"max-snippet:-1","max-image-preview":"max-image-preview:large","max-video-preview":"max-video-preview:-1"},"canonical":"https:\/\/www.fcbarcelonanoticias.com\/en\/international-football\/ovation-double-mbappe-returns-parque-principes-for-everything-high_295522_102.html","og_locale":"en_US","og_type":"article","og_title":"Ovation and double! Mbapp\u00e9 'returns' to the Parc des Princes in style","og_description":"To the third has been the defeated for the Paris Saint-Germain of Luis Enrique. In the turn of Kylian Mbapp\u00e9 to the Park of the Princes, 'them parisiens' have known to impose in front of the Lens","og_url":"https:\/\/www.fcbarcelonanoticias.com\/en\/international-football\/ovation-double-mbappe-returns-parque-principes-for-everything-high_295522_102.html","og_site_name":"EN - FC Barcelona Noticias","article_published_time":"2023-08-26T21:17:00+00:00","og_image":[{"width":1200,"height":675,"url":"https:\/\/www.fcbarcelonanoticias.com\/en\/wp-content\/uploads\/sites\/2\/2023\/08\/kylian-mbappe-celebra-un-gol-con-el-psg.jpeg","type":"image\/jpeg"}],"author":"FC Barcelona Noticias","twitter_card":"summary_large_image","twitter_misc":{"Written by":"FC Barcelona Noticias","Est. reading time":"2 minutes"},"schema":{"@context":"https:\/\/schema.org","@graph":[{"@type":"Article","@id":"https:\/\/www.fcbarcelonanoticias.com\/en\/international-football\/ovation-double-mbappe-returns-parque-principes-for-everything-high_295522_102.html#article","isPartOf":{"@id":"https:\/\/www.fcbarcelonanoticias.com\/en\/international-football\/ovation-double-mbappe-returns-parque-principes-for-everything-high_295522_102.html"},"author":{"name":"FC Barcelona Noticias","@id":"https:\/\/www.fcbarcelonanoticias.com\/en\/#\/schema\/person\/0f2810101d27606974cdb8edb54fa54b"},"headline":"Ovation and double! Mbapp\u00e9 &#8216;returns&#8217; to the Parc des Princes in style","datePublished":"2023-08-26T21:17:00+00:00","mainEntityOfPage":{"@id":"https:\/\/www.fcbarcelonanoticias.com\/en\/international-football\/ovation-double-mbappe-returns-parque-principes-for-everything-high_295522_102.html"},"wordCount":382,"image":{"@id":"https:\/\/www.fcbarcelonanoticias.com\/en\/international-football\/ovation-double-mbappe-returns-parque-principes-for-everything-high_295522_102.html#primaryimage"},"thumbnailUrl":"https:\/\/www.fcbarcelonanoticias.com\/en\/wp-content\/uploads\/sites\/2\/2023\/08\/kylian-mbappe-celebra-un-gol-con-el-psg.jpeg","keywords":["Mbapp\u00e9","Paris Saint-Germain"],"articleSection":["Sin categor\u00eda"],"inLanguage":"en-US"},{"@type":"WebPage","@id":"https:\/\/www.fcbarcelonanoticias.com\/en\/international-football\/ovation-double-mbappe-returns-parque-principes-for-everything-high_295522_102.html","url":"https:\/\/www.fcbarcelonanoticias.com\/en\/international-football\/ovation-double-mbappe-returns-parque-principes-for-everything-high_295522_102.html","name":"Ovation and double! Mbapp\u00e9 'returns' to the Parc des Princes in style","isPartOf":{"@id":"https:\/\/www.fcbarcelonanoticias.com\/en\/#website"},"primaryImageOfPage":{"@id":"https:\/\/www.fcbarcelonanoticias.com\/en\/international-football\/ovation-double-mbappe-returns-parque-principes-for-everything-high_295522_102.html#primaryimage"},"image":{"@id":"https:\/\/www.fcbarcelonanoticias.com\/en\/international-football\/ovation-double-mbappe-returns-parque-principes-for-everything-high_295522_102.html#primaryimage"},"thumbnailUrl":"https:\/\/www.fcbarcelonanoticias.com\/en\/wp-content\/uploads\/sites\/2\/2023\/08\/kylian-mbappe-celebra-un-gol-con-el-psg.jpeg","datePublished":"2023-08-26T21:17:00+00:00","author":{"@id":"https:\/\/www.fcbarcelonanoticias.com\/en\/#\/schema\/person\/0f2810101d27606974cdb8edb54fa54b"},"description":"To the third has been the defeated for the Paris Saint-Germain of Luis Enrique. In the turn of Kylian Mbapp\u00e9 to the Park of the Princes, 'them parisiens' have known to impose in front of the Lens","breadcrumb":{"@id":"https:\/\/www.fcbarcelonanoticias.com\/en\/international-football\/ovation-double-mbappe-returns-parque-principes-for-everything-high_295522_102.html#breadcrumb"},"inLanguage":"en-US","potentialAction":[{"@type":"ReadAction","target":["https:\/\/www.fcbarcelonanoticias.com\/en\/international-football\/ovation-double-mbappe-returns-parque-principes-for-everything-high_295522_102.html"]}]},{"@type":"ImageObject","inLanguage":"en-US","@id":"https:\/\/www.fcbarcelonanoticias.com\/en\/international-football\/ovation-double-mbappe-returns-parque-principes-for-everything-high_295522_102.html#primaryimage","url":"https:\/\/www.fcbarcelonanoticias.com\/en\/wp-content\/uploads\/sites\/2\/2023\/08\/kylian-mbappe-celebra-un-gol-con-el-psg.jpeg","contentUrl":"https:\/\/www.fcbarcelonanoticias.com\/en\/wp-content\/uploads\/sites\/2\/2023\/08\/kylian-mbappe-celebra-un-gol-con-el-psg.jpeg","width":1200,"height":675},{"@type":"BreadcrumbList","@id":"https:\/\/www.fcbarcelonanoticias.com\/en\/international-football\/ovation-double-mbappe-returns-parque-principes-for-everything-high_295522_102.html#breadcrumb","itemListElement":[{"@type":"ListItem","position":1,"name":"Portada","item":"https:\/\/www.fcbarcelonanoticias.com\/en\/"},{"@type":"ListItem","position":2,"name":"Ovation and double! Mbapp\u00e9 &#8216;returns&#8217; to the Parc des Princes in style"}]},{"@type":"WebSite","@id":"https:\/\/www.fcbarcelonanoticias.com\/en\/#website","url":"https:\/\/www.fcbarcelonanoticias.com\/en\/","name":"EN - FC Barcelona Noticias","description":"","potentialAction":[{"@type":"SearchAction","target":{"@type":"EntryPoint","urlTemplate":"https:\/\/www.fcbarcelonanoticias.com\/en\/?s={search_term_string}"},"query-input":{"@type":"PropertyValueSpecification","valueRequired":true,"valueName":"search_term_string"}}],"inLanguage":"en-US"},{"@type":"Person","@id":"https:\/\/www.fcbarcelonanoticias.com\/en\/#\/schema\/person\/0f2810101d27606974cdb8edb54fa54b","name":"FC Barcelona Noticias","image":{"@type":"ImageObject","inLanguage":"en-US","@id":"https:\/\/secure.gravatar.com\/avatar\/?s=96&d=mm&r=g","url":"https:\/\/secure.gravatar.com\/avatar\/?s=96&d=mm&r=g","contentUrl":"https:\/\/secure.gravatar.com\/avatar\/?s=96&d=mm&r=g","caption":"FC Barcelona Noticias"},"url":"https:\/\/www.fcbarcelonanoticias.com\/en\/fc-barcelona\/fcbn-writing-fc-barcelona-news_6_115.html"}]}},"_links":{"self":[{"href":"https:\/\/www.fcbarcelonanoticias.com\/en\/wp-json\/wp\/v2\/posts\/46104","targetHints":{"allow":["GET"]}}],"collection":[{"href":"https:\/\/www.fcbarcelonanoticias.com\/en\/wp-json\/wp\/v2\/posts"}],"about":[{"href":"https:\/\/www.fcbarcelonanoticias.com\/en\/wp-json\/wp\/v2\/types\/post"}],"author":[{"embeddable":true,"href":"https:\/\/www.fcbarcelonanoticias.com\/en\/wp-json\/wp\/v2\/users\/353"}],"replies":[{"embeddable":true,"href":"https:\/\/www.fcbarcelonanoticias.com\/en\/wp-json\/wp\/v2\/comments?post=46104"}],"version-history":[{"count":1,"href":"https:\/\/www.fcbarcelonanoticias.com\/en\/wp-json\/wp\/v2\/posts\/46104\/revisions"}],"predecessor-version":[{"id":113952,"href":"https:\/\/www.fcbarcelonanoticias.com\/en\/wp-json\/wp\/v2\/posts\/46104\/revisions\/113952"}],"wp:featuredmedia":[{"embeddable":true,"href":"https:\/\/www.fcbarcelonanoticias.com\/en\/wp-json\/wp\/v2\/media\/46106"}],"wp:attachment":[{"href":"https:\/\/www.fcbarcelonanoticias.com\/en\/wp-json\/wp\/v2\/media?parent=46104"}],"wp:term":[{"taxonomy":"category","embeddable":true,"href":"https:\/\/www.fcbarcelonanoticias.com\/en\/wp-json\/wp\/v2\/categories?post=46104"},{"taxonomy":"post_tag","embeddable":true,"href":"https:\/\/www.fcbarcelonanoticias.com\/en\/wp-json\/wp\/v2\/tags?post=46104"}],"curies":[{"name":"wp","href":"https:\/\/api.w.org\/{rel}","templated":true}]}}