{"id":46175,"date":"2023-08-11T09:33:00","date_gmt":"2023-08-11T07:33:00","guid":{"rendered":"https:\/\/weisetech.dev\/fc-barcelona-noticias\/en\/psg-keeps-pulse-mbappe-blame-cuts-club_295007_102\/"},"modified":"2023-08-11T09:33:00","modified_gmt":"2023-08-11T07:33:00","slug":"psg-keeps-pulse-mbappe-blame-cuts-club_295007_102","status":"publish","type":"post","link":"https:\/\/www.fcbarcelonanoticias.com\/en\/international-football\/psg-keeps-pulse-mbappe-blame-cuts-club_295007_102.html","title":{"rendered":"PSG keeps Mbapp\u00e9 on track and would &#8216;blame&#8217; him for the club&#8217;s &#8216;cuts&#8217;"},"content":{"rendered":"<h2 class=\"wp-block-heading\">Kylian Mbapp\u00e9 intends to fulfill his contract with Paris Saint-Germain, which expires in 2024, and the club has told him that if he does not leave this summer, there will be many financial consequences in the Parc des Princes<\/h2>  \r\n<div class=\"article-addons\">\r\n    <a href=\"https:\/\/www.fcbarcelonanoticias.com\/en\/calendar-fc-barcelona.html\"\r\n       target=\"_self\"\r\n       title=\"Calendar of FC Barcelona\"\r\n       class=\"blue-gredient-btn\">\r\n       \r\n        Calendar of FC Barcelona    <\/a>\r\n<\/div>   <p><strong>The war between the Paris Saint-Germain and Kylian Mbapp\u00e9 has not arrived to his final.<\/strong> After in France confirmed that the player<a data-external=\"0\" data-intl-links-en=\"https:\/\/www.fcbarcelonanoticias.com\/en\/transfers\/stays-mbappe-makes-clear-is-not-moving-paris-despite-threats_294986_102.html\" data-intl-links-es=\"https:\/\/www.fcbarcelonanoticias.com\/fichajes\/se-queda-mbappe-deja-claro-no-se-mueve-paris-pese-amenazas_294986_102.html\" href=\"https:\/\/www.fcbarcelonanoticias.com\/en\/transfers\/stays-mbappe-makes-clear-is-not-moving-paris-despite-threats_294986_102.html\" rel=\"follow\" target=\"_self\" title=\"\u00a1Se queda! Mbapp\u00e9 deja claro que no se mueve de Par\u00eds pese a las amenazas\"> keeps his posture to remain to fulfil his agreement<\/a>, that extends until 30 June 2024, from the dispatches of the Park of the Princes have sent a letter to the &#8216;crack&#8217; of Bondy &#8216;warning him&#8217; of the big consequences that would have for the club in case that it do not produce his sale in the weeks to come.<\/p>  <p>Nasser To the-Khela\u00effi had warned previously that it was &#8216;impossible&#8217; that left next year like free agent and now, as &#8216;L&#8217;Instrument&#8217;, will use his last resources to avoid that it produce this stage. And it is that, in case that it follow a year more without extending his agreement, the club would see in the need of <strong>traspasar (in record time) to players<\/strong>, review and modify his politics<strong> of integration of youngsters that go out of the inferior categories <\/strong>and, more important still, <strong>sack to an important number of employees <\/strong>of the Parisian entity.<\/p>  <h2>The PSG expects the last reaction of Mbapp\u00e9<\/h2>  <p>In definite, the PSG could not be still in the same line that now in case that Mbapp\u00e9 remain with the intention to go free next year. The club would have remembered him that his high wage, of 160 million gross euros to the year, suppose some extraordinary financial &#8220;<b>conditions, that anybody has achieved in the football&#8221; <\/b>and, besides that, have to &#8216;add him&#8217; the costs &#8216;extra&#8217; by all the premiums of fidelity that includes the agreement. For the Parisians, to day of today, is unsustainable.<\/p>  <p>It is thus that keep the posture of &#8216;push him&#8217; was all what can, Already have &#8216;warned&#8217; that <a data-external=\"0\" data-intl-links-en=\"https:\/\/www.fcbarcelonanoticias.com\/en\/transfers\/final-push-psg-discard-kylian-mbappe-his-debut-in-ligue-1_294977_102.html\" data-intl-links-es=\"https:\/\/www.fcbarcelonanoticias.com\/fichajes\/empujon-definitivo-psg-descarta-kylian-mbappe-su-debut-en-ligue-1_294977_102.html\" href=\"https:\/\/www.fcbarcelonanoticias.com\/en\/transfers\/final-push-psg-discard-kylian-mbappe-his-debut-in-ligue-1_294977_102.html\" rel=\"follow\" target=\"_self\" title=\"\u00bfEmpuj\u00f3n definitivo? El PSG descartar\u00e1 a Kylian Mbapp\u00e9 para su debut en la Ligue 1\">will not be present in the announcement of Luis Enrique for the debut in Tie it 1,<\/a> this Saturday in the Park of the Princes, against the Lorient. The intention is that in the Park of the Princes <strong>the ultras carry out a demonstration against of the player of 24 years to try that &#8216;react&#8217; <\/strong> and take the decision to do his cases before 31 August.<\/p> ","protected":false},"excerpt":{"rendered":"<p>Kylian Mbapp\u00e9 intends to fulfill his contract with Paris Saint-Germain, which expires in 2024, and the club has told him that if he does not leave this summer, there will be many financial consequences in the Parc des Princes The war between the Paris Saint-Germain and Kylian Mbapp\u00e9 has not arrived to his final. After [&hellip;]<\/p>\n","protected":false},"author":0,"featured_media":46176,"comment_status":"closed","ping_status":"open","sticky":false,"template":"","format":"standard","meta":{"_acf_changed":false,"inline_featured_image":false,"_nextfly_llmd_date_locked":false,"footnotes":""},"categories":[111],"tags":[171,88],"class_list":["post-46175","post","type-post","status-publish","format-standard","has-post-thumbnail","hentry","category-fc-barcelona","tag-mbappe","tag-paris-saint-germain"],"acf":[],"yoast_head":"<!-- This site is optimized with the Yoast SEO plugin v27.3 - https:\/\/yoast.com\/product\/yoast-seo-wordpress\/ -->\n<title>PSG keeps Mbapp\u00e9 on track and would &#039;blame&#039; him for the club&#039;s &#039;cuts&#039;<\/title>\n<meta name=\"description\" content=\"Kylian Mbapp\u00e9 Has the intention to fulfil his agreement with the Paris Saint-Germain, that expires in 2024, and from the club have transmitted him that, if it does not leave this summer, will be many the economic consequences in the Park of the Princes\" \/>\n<meta name=\"robots\" content=\"index, follow, max-snippet:-1, max-image-preview:large, max-video-preview:-1\" \/>\n<link rel=\"canonical\" href=\"https:\/\/www.fcbarcelonanoticias.com\/en\/international-football\/psg-keeps-pulse-mbappe-blame-cuts-club_295007_102.html\" \/>\n<meta property=\"og:locale\" content=\"en_US\" \/>\n<meta property=\"og:type\" content=\"article\" \/>\n<meta property=\"og:title\" content=\"PSG keeps Mbapp\u00e9 on track and would &#039;blame&#039; him for the club&#039;s &#039;cuts&#039;\" \/>\n<meta property=\"og:description\" content=\"Kylian Mbapp\u00e9 Has the intention to fulfil his agreement with the Paris Saint-Germain, that expires in 2024, and from the club have transmitted him that, if it does not leave this summer, will be many the economic consequences in the Park of the Princes\" \/>\n<meta property=\"og:url\" content=\"https:\/\/www.fcbarcelonanoticias.com\/en\/international-football\/psg-keeps-pulse-mbappe-blame-cuts-club_295007_102.html\" \/>\n<meta property=\"og:site_name\" content=\"EN - FC Barcelona Noticias\" \/>\n<meta property=\"article:published_time\" content=\"2023-08-11T07:33:00+00:00\" \/>\n<meta property=\"og:image\" content=\"https:\/\/www.fcbarcelonanoticias.com\/en\/wp-content\/uploads\/sites\/2\/2023\/08\/kulian-mbappe-antes-de-un-entrenamiento-del-psg.jpeg\" \/>\n\t<meta property=\"og:image:width\" content=\"1250\" \/>\n\t<meta property=\"og:image:height\" content=\"750\" \/>\n\t<meta property=\"og:image:type\" content=\"image\/jpeg\" \/>\n<meta name=\"twitter:card\" content=\"summary_large_image\" \/>\n<meta name=\"twitter:label1\" content=\"Est. reading time\" \/>\n\t<meta name=\"twitter:data1\" content=\"2 minutes\" \/>\n<script type=\"application\/ld+json\" class=\"yoast-schema-graph\">{\"@context\":\"https:\\\/\\\/schema.org\",\"@graph\":[{\"@type\":\"Article\",\"@id\":\"https:\\\/\\\/www.fcbarcelonanoticias.com\\\/en\\\/international-football\\\/psg-keeps-pulse-mbappe-blame-cuts-club_295007_102.html#article\",\"isPartOf\":{\"@id\":\"https:\\\/\\\/www.fcbarcelonanoticias.com\\\/en\\\/international-football\\\/psg-keeps-pulse-mbappe-blame-cuts-club_295007_102.html\"},\"author\":{\"name\":\"\",\"@id\":\"\"},\"headline\":\"PSG keeps Mbapp\u00e9 on track and would &#8216;blame&#8217; him for the club&#8217;s &#8216;cuts&#8217;\",\"datePublished\":\"2023-08-11T07:33:00+00:00\",\"mainEntityOfPage\":{\"@id\":\"https:\\\/\\\/www.fcbarcelonanoticias.com\\\/en\\\/international-football\\\/psg-keeps-pulse-mbappe-blame-cuts-club_295007_102.html\"},\"wordCount\":401,\"image\":{\"@id\":\"https:\\\/\\\/www.fcbarcelonanoticias.com\\\/en\\\/international-football\\\/psg-keeps-pulse-mbappe-blame-cuts-club_295007_102.html#primaryimage\"},\"thumbnailUrl\":\"https:\\\/\\\/www.fcbarcelonanoticias.com\\\/en\\\/wp-content\\\/uploads\\\/sites\\\/2\\\/2023\\\/08\\\/kulian-mbappe-antes-de-un-entrenamiento-del-psg.jpeg\",\"keywords\":[\"Mbapp\u00e9\",\"Paris Saint-Germain\"],\"articleSection\":[\"FC Barcelona\"],\"inLanguage\":\"en-US\"},{\"@type\":\"WebPage\",\"@id\":\"https:\\\/\\\/www.fcbarcelonanoticias.com\\\/en\\\/international-football\\\/psg-keeps-pulse-mbappe-blame-cuts-club_295007_102.html\",\"url\":\"https:\\\/\\\/www.fcbarcelonanoticias.com\\\/en\\\/international-football\\\/psg-keeps-pulse-mbappe-blame-cuts-club_295007_102.html\",\"name\":\"PSG keeps Mbapp\u00e9 on track and would 'blame' him for the club's 'cuts'\",\"isPartOf\":{\"@id\":\"https:\\\/\\\/www.fcbarcelonanoticias.com\\\/en\\\/#website\"},\"primaryImageOfPage\":{\"@id\":\"https:\\\/\\\/www.fcbarcelonanoticias.com\\\/en\\\/international-football\\\/psg-keeps-pulse-mbappe-blame-cuts-club_295007_102.html#primaryimage\"},\"image\":{\"@id\":\"https:\\\/\\\/www.fcbarcelonanoticias.com\\\/en\\\/international-football\\\/psg-keeps-pulse-mbappe-blame-cuts-club_295007_102.html#primaryimage\"},\"thumbnailUrl\":\"https:\\\/\\\/www.fcbarcelonanoticias.com\\\/en\\\/wp-content\\\/uploads\\\/sites\\\/2\\\/2023\\\/08\\\/kulian-mbappe-antes-de-un-entrenamiento-del-psg.jpeg\",\"datePublished\":\"2023-08-11T07:33:00+00:00\",\"author\":{\"@id\":\"\"},\"description\":\"Kylian Mbapp\u00e9 Has the intention to fulfil his agreement with the Paris Saint-Germain, that expires in 2024, and from the club have transmitted him that, if it does not leave this summer, will be many the economic consequences in the Park of the Princes\",\"breadcrumb\":{\"@id\":\"https:\\\/\\\/www.fcbarcelonanoticias.com\\\/en\\\/international-football\\\/psg-keeps-pulse-mbappe-blame-cuts-club_295007_102.html#breadcrumb\"},\"inLanguage\":\"en-US\",\"potentialAction\":[{\"@type\":\"ReadAction\",\"target\":[\"https:\\\/\\\/www.fcbarcelonanoticias.com\\\/en\\\/international-football\\\/psg-keeps-pulse-mbappe-blame-cuts-club_295007_102.html\"]}]},{\"@type\":\"ImageObject\",\"inLanguage\":\"en-US\",\"@id\":\"https:\\\/\\\/www.fcbarcelonanoticias.com\\\/en\\\/international-football\\\/psg-keeps-pulse-mbappe-blame-cuts-club_295007_102.html#primaryimage\",\"url\":\"https:\\\/\\\/www.fcbarcelonanoticias.com\\\/en\\\/wp-content\\\/uploads\\\/sites\\\/2\\\/2023\\\/08\\\/kulian-mbappe-antes-de-un-entrenamiento-del-psg.jpeg\",\"contentUrl\":\"https:\\\/\\\/www.fcbarcelonanoticias.com\\\/en\\\/wp-content\\\/uploads\\\/sites\\\/2\\\/2023\\\/08\\\/kulian-mbappe-antes-de-un-entrenamiento-del-psg.jpeg\",\"width\":1250,\"height\":750},{\"@type\":\"BreadcrumbList\",\"@id\":\"https:\\\/\\\/www.fcbarcelonanoticias.com\\\/en\\\/international-football\\\/psg-keeps-pulse-mbappe-blame-cuts-club_295007_102.html#breadcrumb\",\"itemListElement\":[{\"@type\":\"ListItem\",\"position\":1,\"name\":\"Portada\",\"item\":\"https:\\\/\\\/www.fcbarcelonanoticias.com\\\/en\\\/\"},{\"@type\":\"ListItem\",\"position\":2,\"name\":\"PSG keeps Mbapp\u00e9 on track and would &#8216;blame&#8217; him for the club&#8217;s &#8216;cuts&#8217;\"}]},{\"@type\":\"WebSite\",\"@id\":\"https:\\\/\\\/www.fcbarcelonanoticias.com\\\/en\\\/#website\",\"url\":\"https:\\\/\\\/www.fcbarcelonanoticias.com\\\/en\\\/\",\"name\":\"EN - FC Barcelona Noticias\",\"description\":\"\",\"potentialAction\":[{\"@type\":\"SearchAction\",\"target\":{\"@type\":\"EntryPoint\",\"urlTemplate\":\"https:\\\/\\\/www.fcbarcelonanoticias.com\\\/en\\\/?s={search_term_string}\"},\"query-input\":{\"@type\":\"PropertyValueSpecification\",\"valueRequired\":true,\"valueName\":\"search_term_string\"}}],\"inLanguage\":\"en-US\"}]}<\/script>\n<!-- \/ Yoast SEO plugin. -->","yoast_head_json":{"title":"PSG keeps Mbapp\u00e9 on track and would 'blame' him for the club's 'cuts'","description":"Kylian Mbapp\u00e9 Has the intention to fulfil his agreement with the Paris Saint-Germain, that expires in 2024, and from the club have transmitted him that, if it does not leave this summer, will be many the economic consequences in the Park of the Princes","robots":{"index":"index","follow":"follow","max-snippet":"max-snippet:-1","max-image-preview":"max-image-preview:large","max-video-preview":"max-video-preview:-1"},"canonical":"https:\/\/www.fcbarcelonanoticias.com\/en\/international-football\/psg-keeps-pulse-mbappe-blame-cuts-club_295007_102.html","og_locale":"en_US","og_type":"article","og_title":"PSG keeps Mbapp\u00e9 on track and would 'blame' him for the club's 'cuts'","og_description":"Kylian Mbapp\u00e9 Has the intention to fulfil his agreement with the Paris Saint-Germain, that expires in 2024, and from the club have transmitted him that, if it does not leave this summer, will be many the economic consequences in the Park of the Princes","og_url":"https:\/\/www.fcbarcelonanoticias.com\/en\/international-football\/psg-keeps-pulse-mbappe-blame-cuts-club_295007_102.html","og_site_name":"EN - FC Barcelona Noticias","article_published_time":"2023-08-11T07:33:00+00:00","og_image":[{"width":1250,"height":750,"url":"https:\/\/www.fcbarcelonanoticias.com\/en\/wp-content\/uploads\/sites\/2\/2023\/08\/kulian-mbappe-antes-de-un-entrenamiento-del-psg.jpeg","type":"image\/jpeg"}],"twitter_card":"summary_large_image","twitter_misc":{"Est. reading time":"2 minutes"},"schema":{"@context":"https:\/\/schema.org","@graph":[{"@type":"Article","@id":"https:\/\/www.fcbarcelonanoticias.com\/en\/international-football\/psg-keeps-pulse-mbappe-blame-cuts-club_295007_102.html#article","isPartOf":{"@id":"https:\/\/www.fcbarcelonanoticias.com\/en\/international-football\/psg-keeps-pulse-mbappe-blame-cuts-club_295007_102.html"},"author":{"name":"","@id":""},"headline":"PSG keeps Mbapp\u00e9 on track and would &#8216;blame&#8217; him for the club&#8217;s &#8216;cuts&#8217;","datePublished":"2023-08-11T07:33:00+00:00","mainEntityOfPage":{"@id":"https:\/\/www.fcbarcelonanoticias.com\/en\/international-football\/psg-keeps-pulse-mbappe-blame-cuts-club_295007_102.html"},"wordCount":401,"image":{"@id":"https:\/\/www.fcbarcelonanoticias.com\/en\/international-football\/psg-keeps-pulse-mbappe-blame-cuts-club_295007_102.html#primaryimage"},"thumbnailUrl":"https:\/\/www.fcbarcelonanoticias.com\/en\/wp-content\/uploads\/sites\/2\/2023\/08\/kulian-mbappe-antes-de-un-entrenamiento-del-psg.jpeg","keywords":["Mbapp\u00e9","Paris Saint-Germain"],"articleSection":["FC Barcelona"],"inLanguage":"en-US"},{"@type":"WebPage","@id":"https:\/\/www.fcbarcelonanoticias.com\/en\/international-football\/psg-keeps-pulse-mbappe-blame-cuts-club_295007_102.html","url":"https:\/\/www.fcbarcelonanoticias.com\/en\/international-football\/psg-keeps-pulse-mbappe-blame-cuts-club_295007_102.html","name":"PSG keeps Mbapp\u00e9 on track and would 'blame' him for the club's 'cuts'","isPartOf":{"@id":"https:\/\/www.fcbarcelonanoticias.com\/en\/#website"},"primaryImageOfPage":{"@id":"https:\/\/www.fcbarcelonanoticias.com\/en\/international-football\/psg-keeps-pulse-mbappe-blame-cuts-club_295007_102.html#primaryimage"},"image":{"@id":"https:\/\/www.fcbarcelonanoticias.com\/en\/international-football\/psg-keeps-pulse-mbappe-blame-cuts-club_295007_102.html#primaryimage"},"thumbnailUrl":"https:\/\/www.fcbarcelonanoticias.com\/en\/wp-content\/uploads\/sites\/2\/2023\/08\/kulian-mbappe-antes-de-un-entrenamiento-del-psg.jpeg","datePublished":"2023-08-11T07:33:00+00:00","author":{"@id":""},"description":"Kylian Mbapp\u00e9 Has the intention to fulfil his agreement with the Paris Saint-Germain, that expires in 2024, and from the club have transmitted him that, if it does not leave this summer, will be many the economic consequences in the Park of the Princes","breadcrumb":{"@id":"https:\/\/www.fcbarcelonanoticias.com\/en\/international-football\/psg-keeps-pulse-mbappe-blame-cuts-club_295007_102.html#breadcrumb"},"inLanguage":"en-US","potentialAction":[{"@type":"ReadAction","target":["https:\/\/www.fcbarcelonanoticias.com\/en\/international-football\/psg-keeps-pulse-mbappe-blame-cuts-club_295007_102.html"]}]},{"@type":"ImageObject","inLanguage":"en-US","@id":"https:\/\/www.fcbarcelonanoticias.com\/en\/international-football\/psg-keeps-pulse-mbappe-blame-cuts-club_295007_102.html#primaryimage","url":"https:\/\/www.fcbarcelonanoticias.com\/en\/wp-content\/uploads\/sites\/2\/2023\/08\/kulian-mbappe-antes-de-un-entrenamiento-del-psg.jpeg","contentUrl":"https:\/\/www.fcbarcelonanoticias.com\/en\/wp-content\/uploads\/sites\/2\/2023\/08\/kulian-mbappe-antes-de-un-entrenamiento-del-psg.jpeg","width":1250,"height":750},{"@type":"BreadcrumbList","@id":"https:\/\/www.fcbarcelonanoticias.com\/en\/international-football\/psg-keeps-pulse-mbappe-blame-cuts-club_295007_102.html#breadcrumb","itemListElement":[{"@type":"ListItem","position":1,"name":"Portada","item":"https:\/\/www.fcbarcelonanoticias.com\/en\/"},{"@type":"ListItem","position":2,"name":"PSG keeps Mbapp\u00e9 on track and would &#8216;blame&#8217; him for the club&#8217;s &#8216;cuts&#8217;"}]},{"@type":"WebSite","@id":"https:\/\/www.fcbarcelonanoticias.com\/en\/#website","url":"https:\/\/www.fcbarcelonanoticias.com\/en\/","name":"EN - FC Barcelona Noticias","description":"","potentialAction":[{"@type":"SearchAction","target":{"@type":"EntryPoint","urlTemplate":"https:\/\/www.fcbarcelonanoticias.com\/en\/?s={search_term_string}"},"query-input":{"@type":"PropertyValueSpecification","valueRequired":true,"valueName":"search_term_string"}}],"inLanguage":"en-US"}]}},"_links":{"self":[{"href":"https:\/\/www.fcbarcelonanoticias.com\/en\/wp-json\/wp\/v2\/posts\/46175","targetHints":{"allow":["GET"]}}],"collection":[{"href":"https:\/\/www.fcbarcelonanoticias.com\/en\/wp-json\/wp\/v2\/posts"}],"about":[{"href":"https:\/\/www.fcbarcelonanoticias.com\/en\/wp-json\/wp\/v2\/types\/post"}],"replies":[{"embeddable":true,"href":"https:\/\/www.fcbarcelonanoticias.com\/en\/wp-json\/wp\/v2\/comments?post=46175"}],"version-history":[{"count":1,"href":"https:\/\/www.fcbarcelonanoticias.com\/en\/wp-json\/wp\/v2\/posts\/46175\/revisions"}],"predecessor-version":[{"id":114019,"href":"https:\/\/www.fcbarcelonanoticias.com\/en\/wp-json\/wp\/v2\/posts\/46175\/revisions\/114019"}],"wp:featuredmedia":[{"embeddable":true,"href":"https:\/\/www.fcbarcelonanoticias.com\/en\/wp-json\/wp\/v2\/media\/46176"}],"wp:attachment":[{"href":"https:\/\/www.fcbarcelonanoticias.com\/en\/wp-json\/wp\/v2\/media?parent=46175"}],"wp:term":[{"taxonomy":"category","embeddable":true,"href":"https:\/\/www.fcbarcelonanoticias.com\/en\/wp-json\/wp\/v2\/categories?post=46175"},{"taxonomy":"post_tag","embeddable":true,"href":"https:\/\/www.fcbarcelonanoticias.com\/en\/wp-json\/wp\/v2\/tags?post=46175"}],"curies":[{"name":"wp","href":"https:\/\/api.w.org\/{rel}","templated":true}]}}