{"id":46184,"date":"2022-05-22T18:13:00","date_gmt":"2022-05-22T16:13:00","guid":{"rendered":"https:\/\/weisetech.dev\/fc-barcelona-noticias\/en\/pochettino-and-lenoardo-have-the-hours-explained-in-the-psg_280533_102\/"},"modified":"2022-05-22T18:13:00","modified_gmt":"2022-05-22T16:13:00","slug":"pochettino-and-lenoardo-have-the-hours-explained-in-the-psg_280533_102","status":"publish","type":"post","link":"https:\/\/www.fcbarcelonanoticias.com\/en\/international-football\/pochettino-and-lenoardo-have-the-hours-explained-in-the-psg_280533_102.html","title":{"rendered":"Pochettino and Leonardo have their hours numbered at PSG"},"content":{"rendered":"<h2 class=\"wp-block-heading\">Nasser Al-Khela\u00effi has already decided that Mauricio Pochettino and Leonardo will no longer be in charge of the technical and sporting management of the club, respectively. The dismissals are a direct consequence of the renewal of Kylian Mbapp\u00e9<\/h2>  \r\n<div class=\"article-addons\">\r\n    <a href=\"https:\/\/www.fcbarcelonanoticias.com\/en\/calendar-fc-barcelona.html\"\r\n       target=\"_self\"\r\n       title=\"Calendar of FC Barcelona\"\r\n       class=\"blue-gredient-btn\">\r\n       \r\n        Calendar of FC Barcelona    <\/a>\r\n<\/div>   <p>Mauritius Pochettino already knew that it would not continue at the head of the bench of Paris Saint-Germain from does months, <strong>specifically from 9 March, day in that the team fell deleted of the Champions League in front of the Real Madrid (3-1)<\/strong>. The defeat in eighth of final in Santiago Bernab\u00e9u was the &#8216;stick&#8217; definite for the Argentinian after the failures in Tie it 1 in 2021 and the bochornosa elimination in the eighth of final of the Glass of France.<\/p>  <p>In the case of Leonardo, <strong>the time of the Brazilian like sportive director of the PSG has come to an end after the renewal of<\/strong> <a data-external=\"0\" data-intl-links-en=\"https:\/\/www.fcbarcelonanoticias.com\/en\/transfers\/the-record-premium-that-will-earn-mbappe-after-renewing-with-the-psg_280520_102.html\" data-intl-links-es=\"https:\/\/www.fcbarcelonanoticias.com\/fichajes\/prima-record-cobrara-mbappe-renovar-con-psg_280520_102.html\" href=\"https:\/\/www.fcbarcelonanoticias.com\/en\/transfers\/the-record-premium-that-will-earn-mbappe-after-renewing-with-the-psg_280520_102.html\" rel=\"follow\" target=\"_self\" title=\"La prima r\u00e9cord que cobrar\u00e1 Mbapp\u00e9 tras renovar con el PSG\">Kylian Mbapp\u00e9<\/a>. The ex player of Paris and of the Milan was unable to manage the negotiations with the forward and, of not being by the timely intervention of To the-Khela\u00effi during the week, the &#8216;7&#8217; would have left to the Madrid, as all the world expected. In this sense, Mbapp\u00e9 would have put like requirement to renew the exit of Pochettino and Leonardo, by which the directive will not have objection in making adjust them necessary.<\/p>  <p>As &#8216;RMC&#8217;, <strong>Luis Fields already has agreed his incorporation like sportive director from June<\/strong>. The Portuguese was the &#8216;discoverer&#8217; of Kylian when fich\u00f3 with the Monaco and already has experience in Spain with clubs like the Celtic of Vigo. In the case of Pochettino, his substitute still follows without desvelarse, since <a data-external=\"0\" data-intl-links-en=\"https:\/\/www.fcbarcelonanoticias.com\/en\/transfers\/zidane-does-not-yield-and-the-psg-will-have-to-look-for-another-relieve-pair_280529_102.html\" data-intl-links-es=\"https:\/\/www.fcbarcelonanoticias.com\/fichajes\/zidane-no-cede-psg-tendra-buscar-otro-relevo-pochettino_280529_102.html\" href=\"https:\/\/www.fcbarcelonanoticias.com\/en\/transfers\/zidane-does-not-yield-and-the-psg-will-have-to-look-for-another-relieve-pair_280529_102.html\" rel=\"follow\" target=\"_self\" title=\"Zidane no cede y el PSG tendr\u00e1 que buscar otro relevo para Pochettino\">Zinedine Zidane<\/a>, the favourite of the directive, follow &#8216;happening&#8217; of the Parisian interest.<\/p>  <h3>The list of substitutes for Pochettino<\/h3>  <p>In front of the refusal of &#8216;Zizou&#8217;, the club already handles other names from does several weeks. <strong>Antonio Conte is one of the best fimbriated<\/strong>, although the Italian has valid agreement with the Tottenham. <strong>Another option that earns strength is the one of Joachim L\u00f6w<\/strong>, free after finalising his agreement with the German selection in July of 2021. Other alternative are <strong>Christophe Galtier<\/strong>, trainer of the Nice, <strong>Roberto Mart\u00ednez<\/strong>, seleccionador Belgian and <strong>Thiago Motta<\/strong>, that comes to save to the Spezia of the descent in the Series To.<\/p>  <p>Further of the trainer that finish hiring To the-Khela\u00effi, the club already works in the incorporation of new reinforcements. <strong>Aurelien Tchouameni is priority number 1<\/strong>, with which Paris expects to give a new hit in the market to the Real Madrid. On the other hand, the Parisian president works in the possible incorporation of <strong>Ousmane Demb\u00e9l\u00e9<\/strong>, the one who would arrive free from Barcelona.<\/p> ","protected":false},"excerpt":{"rendered":"<p>Nasser Al-Khela\u00effi has already decided that Mauricio Pochettino and Leonardo will no longer be in charge of the technical and sporting management of the club, respectively. The dismissals are a direct consequence of the renewal of Kylian Mbapp\u00e9 Mauritius Pochettino already knew that it would not continue at the head of the bench of Paris [&hellip;]<\/p>\n","protected":false},"author":347,"featured_media":46186,"comment_status":"closed","ping_status":"open","sticky":false,"template":"","format":"standard","meta":{"_acf_changed":false,"inline_featured_image":false,"_nextfly_llmd_date_locked":false,"footnotes":""},"categories":[1],"tags":[88],"class_list":["post-46184","post","type-post","status-publish","format-standard","has-post-thumbnail","hentry","category-sin-categoria","tag-paris-saint-germain"],"acf":[],"yoast_head":"<!-- This site is optimized with the Yoast SEO plugin v27.3 - https:\/\/yoast.com\/product\/yoast-seo-wordpress\/ -->\n<title>Pochettino And Lenoardo have the hours explained in the PSG<\/title>\n<meta name=\"description\" content=\"Nasser To the-Khela\u00effi already has decided that Mauritius Pochettino and Leonardo will not continue to charge of the technical and sportive direction of the club, respectively. It...\" \/>\n<meta name=\"robots\" content=\"index, follow, max-snippet:-1, max-image-preview:large, max-video-preview:-1\" \/>\n<link rel=\"canonical\" href=\"https:\/\/www.fcbarcelonanoticias.com\/en\/international-football\/pochettino-and-lenoardo-have-the-hours-explained-in-the-psg_280533_102.html\" \/>\n<meta property=\"og:locale\" content=\"en_US\" \/>\n<meta property=\"og:type\" content=\"article\" \/>\n<meta property=\"og:title\" content=\"Pochettino And Lenoardo have the hours explained in the PSG\" \/>\n<meta property=\"og:description\" content=\"Nasser To the-Khela\u00effi already has decided that Mauritius Pochettino and Leonardo will not continue to charge of the technical and sportive direction of the club, respectively. It...\" \/>\n<meta property=\"og:url\" content=\"https:\/\/www.fcbarcelonanoticias.com\/en\/international-football\/pochettino-and-lenoardo-have-the-hours-explained-in-the-psg_280533_102.html\" \/>\n<meta property=\"og:site_name\" content=\"EN - FC Barcelona Noticias\" \/>\n<meta property=\"article:published_time\" content=\"2022-05-22T16:13:00+00:00\" \/>\n<meta property=\"og:image\" content=\"https:\/\/www.fcbarcelonanoticias.com\/en\/wp-content\/uploads\/sites\/2\/2022\/05\/fbl-eur-c1-psg-training-2-1.jpeg\" \/>\n\t<meta property=\"og:image:width\" content=\"1200\" \/>\n\t<meta property=\"og:image:height\" content=\"722\" \/>\n\t<meta property=\"og:image:type\" content=\"image\/jpeg\" \/>\n<meta name=\"author\" content=\"Andr\u00e9s Quiroz\" \/>\n<meta name=\"twitter:card\" content=\"summary_large_image\" \/>\n<meta name=\"twitter:label1\" content=\"Written by\" \/>\n\t<meta name=\"twitter:data1\" content=\"Andr\u00e9s Quiroz\" \/>\n\t<meta name=\"twitter:label2\" content=\"Est. reading time\" \/>\n\t<meta name=\"twitter:data2\" content=\"2 minutes\" \/>\n<script type=\"application\/ld+json\" class=\"yoast-schema-graph\">{\"@context\":\"https:\\\/\\\/schema.org\",\"@graph\":[{\"@type\":\"Article\",\"@id\":\"https:\\\/\\\/www.fcbarcelonanoticias.com\\\/en\\\/international-football\\\/pochettino-and-lenoardo-have-the-hours-explained-in-the-psg_280533_102.html#article\",\"isPartOf\":{\"@id\":\"https:\\\/\\\/www.fcbarcelonanoticias.com\\\/en\\\/international-football\\\/pochettino-and-lenoardo-have-the-hours-explained-in-the-psg_280533_102.html\"},\"author\":{\"name\":\"Andr\u00e9s Quiroz\",\"@id\":\"https:\\\/\\\/www.fcbarcelonanoticias.com\\\/en\\\/#\\\/schema\\\/person\\\/c2cd9f6fa1af5c0d0eccd0fefa575c88\"},\"headline\":\"Pochettino and Leonardo have their hours numbered at PSG\",\"datePublished\":\"2022-05-22T16:13:00+00:00\",\"mainEntityOfPage\":{\"@id\":\"https:\\\/\\\/www.fcbarcelonanoticias.com\\\/en\\\/international-football\\\/pochettino-and-lenoardo-have-the-hours-explained-in-the-psg_280533_102.html\"},\"wordCount\":454,\"image\":{\"@id\":\"https:\\\/\\\/www.fcbarcelonanoticias.com\\\/en\\\/international-football\\\/pochettino-and-lenoardo-have-the-hours-explained-in-the-psg_280533_102.html#primaryimage\"},\"thumbnailUrl\":\"https:\\\/\\\/www.fcbarcelonanoticias.com\\\/en\\\/wp-content\\\/uploads\\\/sites\\\/2\\\/2022\\\/05\\\/fbl-eur-c1-psg-training-2-1.jpeg\",\"keywords\":[\"Paris Saint-Germain\"],\"articleSection\":[\"Sin categor\u00eda\"],\"inLanguage\":\"en-US\"},{\"@type\":\"WebPage\",\"@id\":\"https:\\\/\\\/www.fcbarcelonanoticias.com\\\/en\\\/international-football\\\/pochettino-and-lenoardo-have-the-hours-explained-in-the-psg_280533_102.html\",\"url\":\"https:\\\/\\\/www.fcbarcelonanoticias.com\\\/en\\\/international-football\\\/pochettino-and-lenoardo-have-the-hours-explained-in-the-psg_280533_102.html\",\"name\":\"Pochettino And Lenoardo have the hours explained in the PSG\",\"isPartOf\":{\"@id\":\"https:\\\/\\\/www.fcbarcelonanoticias.com\\\/en\\\/#website\"},\"primaryImageOfPage\":{\"@id\":\"https:\\\/\\\/www.fcbarcelonanoticias.com\\\/en\\\/international-football\\\/pochettino-and-lenoardo-have-the-hours-explained-in-the-psg_280533_102.html#primaryimage\"},\"image\":{\"@id\":\"https:\\\/\\\/www.fcbarcelonanoticias.com\\\/en\\\/international-football\\\/pochettino-and-lenoardo-have-the-hours-explained-in-the-psg_280533_102.html#primaryimage\"},\"thumbnailUrl\":\"https:\\\/\\\/www.fcbarcelonanoticias.com\\\/en\\\/wp-content\\\/uploads\\\/sites\\\/2\\\/2022\\\/05\\\/fbl-eur-c1-psg-training-2-1.jpeg\",\"datePublished\":\"2022-05-22T16:13:00+00:00\",\"author\":{\"@id\":\"https:\\\/\\\/www.fcbarcelonanoticias.com\\\/en\\\/#\\\/schema\\\/person\\\/c2cd9f6fa1af5c0d0eccd0fefa575c88\"},\"description\":\"Nasser To the-Khela\u00effi already has decided that Mauritius Pochettino and Leonardo will not continue to charge of the technical and sportive direction of the club, respectively. It...\",\"breadcrumb\":{\"@id\":\"https:\\\/\\\/www.fcbarcelonanoticias.com\\\/en\\\/international-football\\\/pochettino-and-lenoardo-have-the-hours-explained-in-the-psg_280533_102.html#breadcrumb\"},\"inLanguage\":\"en-US\",\"potentialAction\":[{\"@type\":\"ReadAction\",\"target\":[\"https:\\\/\\\/www.fcbarcelonanoticias.com\\\/en\\\/international-football\\\/pochettino-and-lenoardo-have-the-hours-explained-in-the-psg_280533_102.html\"]}]},{\"@type\":\"ImageObject\",\"inLanguage\":\"en-US\",\"@id\":\"https:\\\/\\\/www.fcbarcelonanoticias.com\\\/en\\\/international-football\\\/pochettino-and-lenoardo-have-the-hours-explained-in-the-psg_280533_102.html#primaryimage\",\"url\":\"https:\\\/\\\/www.fcbarcelonanoticias.com\\\/en\\\/wp-content\\\/uploads\\\/sites\\\/2\\\/2022\\\/05\\\/fbl-eur-c1-psg-training-2-1.jpeg\",\"contentUrl\":\"https:\\\/\\\/www.fcbarcelonanoticias.com\\\/en\\\/wp-content\\\/uploads\\\/sites\\\/2\\\/2022\\\/05\\\/fbl-eur-c1-psg-training-2-1.jpeg\",\"width\":1200,\"height\":722},{\"@type\":\"BreadcrumbList\",\"@id\":\"https:\\\/\\\/www.fcbarcelonanoticias.com\\\/en\\\/international-football\\\/pochettino-and-lenoardo-have-the-hours-explained-in-the-psg_280533_102.html#breadcrumb\",\"itemListElement\":[{\"@type\":\"ListItem\",\"position\":1,\"name\":\"Portada\",\"item\":\"https:\\\/\\\/www.fcbarcelonanoticias.com\\\/en\\\/\"},{\"@type\":\"ListItem\",\"position\":2,\"name\":\"Pochettino and Leonardo have their hours numbered at PSG\"}]},{\"@type\":\"WebSite\",\"@id\":\"https:\\\/\\\/www.fcbarcelonanoticias.com\\\/en\\\/#website\",\"url\":\"https:\\\/\\\/www.fcbarcelonanoticias.com\\\/en\\\/\",\"name\":\"EN - FC Barcelona Noticias\",\"description\":\"\",\"potentialAction\":[{\"@type\":\"SearchAction\",\"target\":{\"@type\":\"EntryPoint\",\"urlTemplate\":\"https:\\\/\\\/www.fcbarcelonanoticias.com\\\/en\\\/?s={search_term_string}\"},\"query-input\":{\"@type\":\"PropertyValueSpecification\",\"valueRequired\":true,\"valueName\":\"search_term_string\"}}],\"inLanguage\":\"en-US\"},{\"@type\":\"Person\",\"@id\":\"https:\\\/\\\/www.fcbarcelonanoticias.com\\\/en\\\/#\\\/schema\\\/person\\\/c2cd9f6fa1af5c0d0eccd0fefa575c88\",\"name\":\"Andr\u00e9s Quiroz\",\"image\":{\"@type\":\"ImageObject\",\"inLanguage\":\"en-US\",\"@id\":\"https:\\\/\\\/secure.gravatar.com\\\/avatar\\\/?s=96&d=mm&r=g\",\"url\":\"https:\\\/\\\/secure.gravatar.com\\\/avatar\\\/?s=96&d=mm&r=g\",\"contentUrl\":\"https:\\\/\\\/secure.gravatar.com\\\/avatar\\\/?s=96&d=mm&r=g\",\"caption\":\"Andr\u00e9s Quiroz\"},\"description\":\"Licenciado en Periodismo por la Universidad de los Andes. Me encargo de analizar y compartir los contenidos m\u00e1s destacados de la\u00a0actualidad del F\u00fatbol Club Barcelona, Mercado de Fichajes y F\u00fatbol Internacional en FCBN. La informaci\u00f3n es poder, pero tambi\u00e9n conocimiento.\",\"url\":\"https:\\\/\\\/www.fcbarcelonanoticias.com\\\/en\\\/fc-barcelona\\\/andres-quiroz_17_115.html\"}]}<\/script>\n<!-- \/ Yoast SEO plugin. -->","yoast_head_json":{"title":"Pochettino And Lenoardo have the hours explained in the PSG","description":"Nasser To the-Khela\u00effi already has decided that Mauritius Pochettino and Leonardo will not continue to charge of the technical and sportive direction of the club, respectively. It...","robots":{"index":"index","follow":"follow","max-snippet":"max-snippet:-1","max-image-preview":"max-image-preview:large","max-video-preview":"max-video-preview:-1"},"canonical":"https:\/\/www.fcbarcelonanoticias.com\/en\/international-football\/pochettino-and-lenoardo-have-the-hours-explained-in-the-psg_280533_102.html","og_locale":"en_US","og_type":"article","og_title":"Pochettino And Lenoardo have the hours explained in the PSG","og_description":"Nasser To the-Khela\u00effi already has decided that Mauritius Pochettino and Leonardo will not continue to charge of the technical and sportive direction of the club, respectively. It...","og_url":"https:\/\/www.fcbarcelonanoticias.com\/en\/international-football\/pochettino-and-lenoardo-have-the-hours-explained-in-the-psg_280533_102.html","og_site_name":"EN - FC Barcelona Noticias","article_published_time":"2022-05-22T16:13:00+00:00","og_image":[{"width":1200,"height":722,"url":"https:\/\/www.fcbarcelonanoticias.com\/en\/wp-content\/uploads\/sites\/2\/2022\/05\/fbl-eur-c1-psg-training-2-1.jpeg","type":"image\/jpeg"}],"author":"Andr\u00e9s Quiroz","twitter_card":"summary_large_image","twitter_misc":{"Written by":"Andr\u00e9s Quiroz","Est. reading time":"2 minutes"},"schema":{"@context":"https:\/\/schema.org","@graph":[{"@type":"Article","@id":"https:\/\/www.fcbarcelonanoticias.com\/en\/international-football\/pochettino-and-lenoardo-have-the-hours-explained-in-the-psg_280533_102.html#article","isPartOf":{"@id":"https:\/\/www.fcbarcelonanoticias.com\/en\/international-football\/pochettino-and-lenoardo-have-the-hours-explained-in-the-psg_280533_102.html"},"author":{"name":"Andr\u00e9s Quiroz","@id":"https:\/\/www.fcbarcelonanoticias.com\/en\/#\/schema\/person\/c2cd9f6fa1af5c0d0eccd0fefa575c88"},"headline":"Pochettino and Leonardo have their hours numbered at PSG","datePublished":"2022-05-22T16:13:00+00:00","mainEntityOfPage":{"@id":"https:\/\/www.fcbarcelonanoticias.com\/en\/international-football\/pochettino-and-lenoardo-have-the-hours-explained-in-the-psg_280533_102.html"},"wordCount":454,"image":{"@id":"https:\/\/www.fcbarcelonanoticias.com\/en\/international-football\/pochettino-and-lenoardo-have-the-hours-explained-in-the-psg_280533_102.html#primaryimage"},"thumbnailUrl":"https:\/\/www.fcbarcelonanoticias.com\/en\/wp-content\/uploads\/sites\/2\/2022\/05\/fbl-eur-c1-psg-training-2-1.jpeg","keywords":["Paris Saint-Germain"],"articleSection":["Sin categor\u00eda"],"inLanguage":"en-US"},{"@type":"WebPage","@id":"https:\/\/www.fcbarcelonanoticias.com\/en\/international-football\/pochettino-and-lenoardo-have-the-hours-explained-in-the-psg_280533_102.html","url":"https:\/\/www.fcbarcelonanoticias.com\/en\/international-football\/pochettino-and-lenoardo-have-the-hours-explained-in-the-psg_280533_102.html","name":"Pochettino And Lenoardo have the hours explained in the PSG","isPartOf":{"@id":"https:\/\/www.fcbarcelonanoticias.com\/en\/#website"},"primaryImageOfPage":{"@id":"https:\/\/www.fcbarcelonanoticias.com\/en\/international-football\/pochettino-and-lenoardo-have-the-hours-explained-in-the-psg_280533_102.html#primaryimage"},"image":{"@id":"https:\/\/www.fcbarcelonanoticias.com\/en\/international-football\/pochettino-and-lenoardo-have-the-hours-explained-in-the-psg_280533_102.html#primaryimage"},"thumbnailUrl":"https:\/\/www.fcbarcelonanoticias.com\/en\/wp-content\/uploads\/sites\/2\/2022\/05\/fbl-eur-c1-psg-training-2-1.jpeg","datePublished":"2022-05-22T16:13:00+00:00","author":{"@id":"https:\/\/www.fcbarcelonanoticias.com\/en\/#\/schema\/person\/c2cd9f6fa1af5c0d0eccd0fefa575c88"},"description":"Nasser To the-Khela\u00effi already has decided that Mauritius Pochettino and Leonardo will not continue to charge of the technical and sportive direction of the club, respectively. It...","breadcrumb":{"@id":"https:\/\/www.fcbarcelonanoticias.com\/en\/international-football\/pochettino-and-lenoardo-have-the-hours-explained-in-the-psg_280533_102.html#breadcrumb"},"inLanguage":"en-US","potentialAction":[{"@type":"ReadAction","target":["https:\/\/www.fcbarcelonanoticias.com\/en\/international-football\/pochettino-and-lenoardo-have-the-hours-explained-in-the-psg_280533_102.html"]}]},{"@type":"ImageObject","inLanguage":"en-US","@id":"https:\/\/www.fcbarcelonanoticias.com\/en\/international-football\/pochettino-and-lenoardo-have-the-hours-explained-in-the-psg_280533_102.html#primaryimage","url":"https:\/\/www.fcbarcelonanoticias.com\/en\/wp-content\/uploads\/sites\/2\/2022\/05\/fbl-eur-c1-psg-training-2-1.jpeg","contentUrl":"https:\/\/www.fcbarcelonanoticias.com\/en\/wp-content\/uploads\/sites\/2\/2022\/05\/fbl-eur-c1-psg-training-2-1.jpeg","width":1200,"height":722},{"@type":"BreadcrumbList","@id":"https:\/\/www.fcbarcelonanoticias.com\/en\/international-football\/pochettino-and-lenoardo-have-the-hours-explained-in-the-psg_280533_102.html#breadcrumb","itemListElement":[{"@type":"ListItem","position":1,"name":"Portada","item":"https:\/\/www.fcbarcelonanoticias.com\/en\/"},{"@type":"ListItem","position":2,"name":"Pochettino and Leonardo have their hours numbered at PSG"}]},{"@type":"WebSite","@id":"https:\/\/www.fcbarcelonanoticias.com\/en\/#website","url":"https:\/\/www.fcbarcelonanoticias.com\/en\/","name":"EN - FC Barcelona Noticias","description":"","potentialAction":[{"@type":"SearchAction","target":{"@type":"EntryPoint","urlTemplate":"https:\/\/www.fcbarcelonanoticias.com\/en\/?s={search_term_string}"},"query-input":{"@type":"PropertyValueSpecification","valueRequired":true,"valueName":"search_term_string"}}],"inLanguage":"en-US"},{"@type":"Person","@id":"https:\/\/www.fcbarcelonanoticias.com\/en\/#\/schema\/person\/c2cd9f6fa1af5c0d0eccd0fefa575c88","name":"Andr\u00e9s Quiroz","image":{"@type":"ImageObject","inLanguage":"en-US","@id":"https:\/\/secure.gravatar.com\/avatar\/?s=96&d=mm&r=g","url":"https:\/\/secure.gravatar.com\/avatar\/?s=96&d=mm&r=g","contentUrl":"https:\/\/secure.gravatar.com\/avatar\/?s=96&d=mm&r=g","caption":"Andr\u00e9s Quiroz"},"description":"Licenciado en Periodismo por la Universidad de los Andes. Me encargo de analizar y compartir los contenidos m\u00e1s destacados de la\u00a0actualidad del F\u00fatbol Club Barcelona, Mercado de Fichajes y F\u00fatbol Internacional en FCBN. La informaci\u00f3n es poder, pero tambi\u00e9n conocimiento.","url":"https:\/\/www.fcbarcelonanoticias.com\/en\/fc-barcelona\/andres-quiroz_17_115.html"}]}},"_links":{"self":[{"href":"https:\/\/www.fcbarcelonanoticias.com\/en\/wp-json\/wp\/v2\/posts\/46184","targetHints":{"allow":["GET"]}}],"collection":[{"href":"https:\/\/www.fcbarcelonanoticias.com\/en\/wp-json\/wp\/v2\/posts"}],"about":[{"href":"https:\/\/www.fcbarcelonanoticias.com\/en\/wp-json\/wp\/v2\/types\/post"}],"author":[{"embeddable":true,"href":"https:\/\/www.fcbarcelonanoticias.com\/en\/wp-json\/wp\/v2\/users\/347"}],"replies":[{"embeddable":true,"href":"https:\/\/www.fcbarcelonanoticias.com\/en\/wp-json\/wp\/v2\/comments?post=46184"}],"version-history":[{"count":1,"href":"https:\/\/www.fcbarcelonanoticias.com\/en\/wp-json\/wp\/v2\/posts\/46184\/revisions"}],"predecessor-version":[{"id":114143,"href":"https:\/\/www.fcbarcelonanoticias.com\/en\/wp-json\/wp\/v2\/posts\/46184\/revisions\/114143"}],"wp:featuredmedia":[{"embeddable":true,"href":"https:\/\/www.fcbarcelonanoticias.com\/en\/wp-json\/wp\/v2\/media\/46186"}],"wp:attachment":[{"href":"https:\/\/www.fcbarcelonanoticias.com\/en\/wp-json\/wp\/v2\/media?parent=46184"}],"wp:term":[{"taxonomy":"category","embeddable":true,"href":"https:\/\/www.fcbarcelonanoticias.com\/en\/wp-json\/wp\/v2\/categories?post=46184"},{"taxonomy":"post_tag","embeddable":true,"href":"https:\/\/www.fcbarcelonanoticias.com\/en\/wp-json\/wp\/v2\/tags?post=46184"}],"curies":[{"name":"wp","href":"https:\/\/api.w.org\/{rel}","templated":true}]}}