{"id":46235,"date":"2024-05-05T18:14:00","date_gmt":"2024-05-05T16:14:00","guid":{"rendered":"https:\/\/weisetech.dev\/fc-barcelona-noticias\/en\/problems-for-tuchel-the-bayern-munich-loses-key-piece-for-the-turn-in-front-of-the-real-madrid_303241_102\/"},"modified":"2024-05-05T18:16:00","modified_gmt":"2024-05-05T16:16:00","slug":"problems-for-tuchel-the-bayern-munich-loses-key-piece-for-the-turn-in-front-of-the-real-madrid_303241_102","status":"publish","type":"post","link":"https:\/\/www.fcbarcelonanoticias.com\/en\/international-football\/problems-for-tuchel-the-bayern-munich-loses-key-piece-for-the-turn-in-front-of-the-real-madrid_303241_102.html","title":{"rendered":"Problems for Tuchel! The Bayern Munich loses a key piece for the turn in front of the Real Madrid"},"content":{"rendered":"<h2 class=\"wp-block-heading\">Bayern Munich will travel to Spain to face Real Madrid in the second leg semi-final of the UEFA Champions League without one of its defensive pillars, who was knocked out in the duel that the Munich team recently played in the Bundesliga against Stuttgart<\/h2>  \r\n<div class=\"article-addons\">\r\n    <a href=\"https:\/\/www.fcbarcelonanoticias.com\/en\/calendar-fc-barcelona.html\"\r\n       target=\"_self\"\r\n       title=\"Calendar of FC Barcelona\"\r\n       class=\"blue-gredient-btn\">\r\n       \r\n        Calendar of FC Barcelona    <\/a>\r\n<\/div>   <p>Abysmal news for the <a data-external=\"0\" data-intl-links-en=\"https:\/\/www.fcbarcelonanoticias.com\/en\/tags\/bayern-munich\" data-intl-links-es=\"https:\/\/www.fcbarcelonanoticias.com\/tags\/bayern-munich\" href=\"https:\/\/www.fcbarcelonanoticias.com\/en\/tags\/bayern-munich.html\" rel=\"follow\" target=\"_self\" title=\"Bayern M\u00fanich\">Bayern Munich<\/a> in the anteroom to the party of turn in front of the Real Madrid in the UEFA Champions League. The &#8216;Bavarian&#8217; will look for to do the gesta next Wednesday in Santiago Bernab\u00e9u <a data-external=\"0\" data-intl-links-en=\"https:\/\/www.fcbarcelonanoticias.com\/en\/champions-league\/real-madrid-saves-in-munich-and-the-semis-will-decide-in-bernabeu-2-2_303103_102.html\" data-intl-links-es=\"https:\/\/www.fcbarcelonanoticias.com\/champions-league\/real-madrid-salva-munich-semis-decidiran-bernabeu-2-2_303103_102.html\" href=\"https:\/\/www.fcbarcelonanoticias.com\/en\/champions-league\/real-madrid-saves-in-munich-and-the-semis-will-decide-in-bernabeu-2-2_303103_102.html\" rel=\"follow\" target=\"_self\" title=\"El Real Madrid se salva en M\u00fanich y las 'semis' se decidir\u00e1n en el Bernab\u00e9u (2-2)\">after the tie 2-2 in the Allianz Sand<\/a>. However, they received a news after the split suspender belt in front of the Stuttgart that <strong>will prejudice them to confront the eliminatory in optimum conditions<\/strong>.<\/p>  <p>In his last meeting before travelling to Spain, the muniqueses fell defeated 3-1 in front of the Stuttgart, and his visit to the capital of Baden-Wurtemberg went out them very expensive. The Portuguese side, <strong>Rapha\u00ebl Guerreiro, lit the alarms when having to go out to the 17 minutes of the first part by a torcedura in the left ankle. <\/strong>Time later, the own club issued a communiqu\u00e9 referring to the physical state of the defender, confirming the worst.<\/p>  <p>&#8220;<strong>The FC Bayern will not be able to have Rapha\u00ebl Guerreiro in the next parties. The Portuguese suffered an injury of ligaments and capsular in the ankle during the party of Bundesliga contested the Saturday in Stuttgart<\/strong> <strong>(3-1)<\/strong>. East has been the result of the examination made by the medical department of the FC Bayern. Guerreiro Had to be substituted in the minute 17 against the VfB&#8221;, exposed the Bayern through the official communiqu\u00e9. Of this way, <strong>the footballer will not be present in front of the madridistas.<\/strong><\/p>  <h2>Guerreiro &#8216;out&#8217;&#8230; Musiala And Of Ligt?<\/h2>  <p>Although the ex defender of the Borussia Dortmund had not been of the game in the commitment of gone, the luso was one of the most frequent in the defensive line of the Bavarian cast under the direction of Thomas Tuchel. On the other hand, it knew that so much<strong> Matthijs of Ligt like Jamal Musiala, that did not see minutes in league, trained with normality beside the rest of the plantel, by what especula that they will be without any problem for the duel of turn of the Champions.<\/strong><\/p> ","protected":false},"excerpt":{"rendered":"<p>Bayern Munich will travel to Spain to face Real Madrid in the second leg semi-final of the UEFA Champions League without one of its defensive pillars, who was knocked out in the duel that the Munich team recently played in the Bundesliga against Stuttgart Abysmal news for the Bayern Munich in the anteroom to the [&hellip;]<\/p>\n","protected":false},"author":360,"featured_media":46238,"comment_status":"closed","ping_status":"open","sticky":false,"template":"","format":"standard","meta":{"_acf_changed":false,"inline_featured_image":false,"_nextfly_llmd_date_locked":false,"footnotes":""},"categories":[112,447],"tags":[104],"class_list":["post-46235","post","type-post","status-publish","format-standard","has-post-thumbnail","hentry","category-champions-league","category-champions-league-2","tag-bayern-munich"],"acf":[],"yoast_head":"<!-- This site is optimized with the Yoast SEO plugin v27.3 - https:\/\/yoast.com\/product\/yoast-seo-wordpress\/ -->\n<title>Problems for Tuchel! The Bayern Munich loses a key piece for the turn in front of the Real Madrid<\/title>\n<meta name=\"description\" content=\"Bayern Munich will travel to Spain to face Real Madrid in the second leg semi-final of the UEFA Champions League without one of its defensive pillars, who was knocked out in the duel that the Munich team recently played in the Bundesliga against Stuttgart\" \/>\n<meta name=\"robots\" content=\"index, follow, max-snippet:-1, max-image-preview:large, max-video-preview:-1\" \/>\n<link rel=\"canonical\" href=\"https:\/\/www.fcbarcelonanoticias.com\/en\/international-football\/problems-for-tuchel-the-bayern-munich-loses-key-piece-for-the-turn-in-front-of-the-real-madrid_303241_102.html\" \/>\n<meta property=\"og:locale\" content=\"en_US\" \/>\n<meta property=\"og:type\" content=\"article\" \/>\n<meta property=\"og:title\" content=\"Problems for Tuchel! The Bayern Munich loses a key piece for the turn in front of the Real Madrid\" \/>\n<meta property=\"og:description\" content=\"Bayern Munich will travel to Spain to face Real Madrid in the second leg semi-final of the UEFA Champions League without one of its defensive pillars, who was knocked out in the duel that the Munich team recently played in the Bundesliga against Stuttgart\" \/>\n<meta property=\"og:url\" content=\"https:\/\/www.fcbarcelonanoticias.com\/en\/international-football\/problems-for-tuchel-the-bayern-munich-loses-key-piece-for-the-turn-in-front-of-the-real-madrid_303241_102.html\" \/>\n<meta property=\"og:site_name\" content=\"EN - FC Barcelona Noticias\" \/>\n<meta property=\"article:published_time\" content=\"2024-05-05T16:14:00+00:00\" \/>\n<meta property=\"article:modified_time\" content=\"2024-05-05T16:16:00+00:00\" \/>\n<meta property=\"og:image\" content=\"https:\/\/www.fcbarcelonanoticias.com\/en\/wp-content\/uploads\/sites\/2\/2024\/05\/thomas-tuchel-en-el-partido-ante-el-real-madrid-1.jpeg\" \/>\n\t<meta property=\"og:image:width\" content=\"1300\" \/>\n\t<meta property=\"og:image:height\" content=\"730\" \/>\n\t<meta property=\"og:image:type\" content=\"image\/jpeg\" \/>\n<meta name=\"author\" content=\"Jos\u00e9 Carlos Jaramillo\" \/>\n<meta name=\"twitter:card\" content=\"summary_large_image\" \/>\n<meta name=\"twitter:label1\" content=\"Written by\" \/>\n\t<meta name=\"twitter:data1\" content=\"Jos\u00e9 Carlos Jaramillo\" \/>\n\t<meta name=\"twitter:label2\" content=\"Est. reading time\" \/>\n\t<meta name=\"twitter:data2\" content=\"2 minutes\" \/>\n<script type=\"application\/ld+json\" class=\"yoast-schema-graph\">{\"@context\":\"https:\\\/\\\/schema.org\",\"@graph\":[{\"@type\":\"Article\",\"@id\":\"https:\\\/\\\/www.fcbarcelonanoticias.com\\\/en\\\/international-football\\\/problems-for-tuchel-the-bayern-munich-loses-key-piece-for-the-turn-in-front-of-the-real-madrid_303241_102.html#article\",\"isPartOf\":{\"@id\":\"https:\\\/\\\/www.fcbarcelonanoticias.com\\\/en\\\/international-football\\\/problems-for-tuchel-the-bayern-munich-loses-key-piece-for-the-turn-in-front-of-the-real-madrid_303241_102.html\"},\"author\":{\"name\":\"Jos\u00e9 Carlos Jaramillo\",\"@id\":\"https:\\\/\\\/www.fcbarcelonanoticias.com\\\/en\\\/#\\\/schema\\\/person\\\/7e0029b6b891133992eecb8d3e9829b8\"},\"headline\":\"Problems for Tuchel! The Bayern Munich loses a key piece for the turn in front of the Real Madrid\",\"datePublished\":\"2024-05-05T16:14:00+00:00\",\"dateModified\":\"2024-05-05T16:16:00+00:00\",\"mainEntityOfPage\":{\"@id\":\"https:\\\/\\\/www.fcbarcelonanoticias.com\\\/en\\\/international-football\\\/problems-for-tuchel-the-bayern-munich-loses-key-piece-for-the-turn-in-front-of-the-real-madrid_303241_102.html\"},\"wordCount\":399,\"image\":{\"@id\":\"https:\\\/\\\/www.fcbarcelonanoticias.com\\\/en\\\/international-football\\\/problems-for-tuchel-the-bayern-munich-loses-key-piece-for-the-turn-in-front-of-the-real-madrid_303241_102.html#primaryimage\"},\"thumbnailUrl\":\"https:\\\/\\\/www.fcbarcelonanoticias.com\\\/en\\\/wp-content\\\/uploads\\\/sites\\\/2\\\/2024\\\/05\\\/thomas-tuchel-en-el-partido-ante-el-real-madrid-1.jpeg\",\"keywords\":[\"Bayern Munich\"],\"articleSection\":[\"Champions League\",\"Champions League\"],\"inLanguage\":\"en-US\"},{\"@type\":\"WebPage\",\"@id\":\"https:\\\/\\\/www.fcbarcelonanoticias.com\\\/en\\\/international-football\\\/problems-for-tuchel-the-bayern-munich-loses-key-piece-for-the-turn-in-front-of-the-real-madrid_303241_102.html\",\"url\":\"https:\\\/\\\/www.fcbarcelonanoticias.com\\\/en\\\/international-football\\\/problems-for-tuchel-the-bayern-munich-loses-key-piece-for-the-turn-in-front-of-the-real-madrid_303241_102.html\",\"name\":\"Problems for Tuchel! The Bayern Munich loses a key piece for the turn in front of the Real Madrid\",\"isPartOf\":{\"@id\":\"https:\\\/\\\/www.fcbarcelonanoticias.com\\\/en\\\/#website\"},\"primaryImageOfPage\":{\"@id\":\"https:\\\/\\\/www.fcbarcelonanoticias.com\\\/en\\\/international-football\\\/problems-for-tuchel-the-bayern-munich-loses-key-piece-for-the-turn-in-front-of-the-real-madrid_303241_102.html#primaryimage\"},\"image\":{\"@id\":\"https:\\\/\\\/www.fcbarcelonanoticias.com\\\/en\\\/international-football\\\/problems-for-tuchel-the-bayern-munich-loses-key-piece-for-the-turn-in-front-of-the-real-madrid_303241_102.html#primaryimage\"},\"thumbnailUrl\":\"https:\\\/\\\/www.fcbarcelonanoticias.com\\\/en\\\/wp-content\\\/uploads\\\/sites\\\/2\\\/2024\\\/05\\\/thomas-tuchel-en-el-partido-ante-el-real-madrid-1.jpeg\",\"datePublished\":\"2024-05-05T16:14:00+00:00\",\"dateModified\":\"2024-05-05T16:16:00+00:00\",\"author\":{\"@id\":\"https:\\\/\\\/www.fcbarcelonanoticias.com\\\/en\\\/#\\\/schema\\\/person\\\/7e0029b6b891133992eecb8d3e9829b8\"},\"description\":\"Bayern Munich will travel to Spain to face Real Madrid in the second leg semi-final of the UEFA Champions League without one of its defensive pillars, who was knocked out in the duel that the Munich team recently played in the Bundesliga against Stuttgart\",\"breadcrumb\":{\"@id\":\"https:\\\/\\\/www.fcbarcelonanoticias.com\\\/en\\\/international-football\\\/problems-for-tuchel-the-bayern-munich-loses-key-piece-for-the-turn-in-front-of-the-real-madrid_303241_102.html#breadcrumb\"},\"inLanguage\":\"en-US\",\"potentialAction\":[{\"@type\":\"ReadAction\",\"target\":[\"https:\\\/\\\/www.fcbarcelonanoticias.com\\\/en\\\/international-football\\\/problems-for-tuchel-the-bayern-munich-loses-key-piece-for-the-turn-in-front-of-the-real-madrid_303241_102.html\"]}]},{\"@type\":\"ImageObject\",\"inLanguage\":\"en-US\",\"@id\":\"https:\\\/\\\/www.fcbarcelonanoticias.com\\\/en\\\/international-football\\\/problems-for-tuchel-the-bayern-munich-loses-key-piece-for-the-turn-in-front-of-the-real-madrid_303241_102.html#primaryimage\",\"url\":\"https:\\\/\\\/www.fcbarcelonanoticias.com\\\/en\\\/wp-content\\\/uploads\\\/sites\\\/2\\\/2024\\\/05\\\/thomas-tuchel-en-el-partido-ante-el-real-madrid-1.jpeg\",\"contentUrl\":\"https:\\\/\\\/www.fcbarcelonanoticias.com\\\/en\\\/wp-content\\\/uploads\\\/sites\\\/2\\\/2024\\\/05\\\/thomas-tuchel-en-el-partido-ante-el-real-madrid-1.jpeg\",\"width\":1300,\"height\":730},{\"@type\":\"BreadcrumbList\",\"@id\":\"https:\\\/\\\/www.fcbarcelonanoticias.com\\\/en\\\/international-football\\\/problems-for-tuchel-the-bayern-munich-loses-key-piece-for-the-turn-in-front-of-the-real-madrid_303241_102.html#breadcrumb\",\"itemListElement\":[{\"@type\":\"ListItem\",\"position\":1,\"name\":\"Portada\",\"item\":\"https:\\\/\\\/www.fcbarcelonanoticias.com\\\/en\\\/\"},{\"@type\":\"ListItem\",\"position\":2,\"name\":\"Problems for Tuchel! The Bayern Munich loses a key piece for the turn in front of the Real Madrid\"}]},{\"@type\":\"WebSite\",\"@id\":\"https:\\\/\\\/www.fcbarcelonanoticias.com\\\/en\\\/#website\",\"url\":\"https:\\\/\\\/www.fcbarcelonanoticias.com\\\/en\\\/\",\"name\":\"EN - FC Barcelona Noticias\",\"description\":\"\",\"potentialAction\":[{\"@type\":\"SearchAction\",\"target\":{\"@type\":\"EntryPoint\",\"urlTemplate\":\"https:\\\/\\\/www.fcbarcelonanoticias.com\\\/en\\\/?s={search_term_string}\"},\"query-input\":{\"@type\":\"PropertyValueSpecification\",\"valueRequired\":true,\"valueName\":\"search_term_string\"}}],\"inLanguage\":\"en-US\"},{\"@type\":\"Person\",\"@id\":\"https:\\\/\\\/www.fcbarcelonanoticias.com\\\/en\\\/#\\\/schema\\\/person\\\/7e0029b6b891133992eecb8d3e9829b8\",\"name\":\"Jos\u00e9 Carlos Jaramillo\",\"image\":{\"@type\":\"ImageObject\",\"inLanguage\":\"en-US\",\"@id\":\"https:\\\/\\\/secure.gravatar.com\\\/avatar\\\/?s=96&d=mm&r=g\",\"url\":\"https:\\\/\\\/secure.gravatar.com\\\/avatar\\\/?s=96&d=mm&r=g\",\"contentUrl\":\"https:\\\/\\\/secure.gravatar.com\\\/avatar\\\/?s=96&d=mm&r=g\",\"caption\":\"Jos\u00e9 Carlos Jaramillo\"},\"url\":\"https:\\\/\\\/www.fcbarcelonanoticias.com\\\/en\\\/jose-carlos-jaramillo_26_115.html\"}]}<\/script>\n<!-- \/ Yoast SEO plugin. -->","yoast_head_json":{"title":"Problems for Tuchel! The Bayern Munich loses a key piece for the turn in front of the Real Madrid","description":"Bayern Munich will travel to Spain to face Real Madrid in the second leg semi-final of the UEFA Champions League without one of its defensive pillars, who was knocked out in the duel that the Munich team recently played in the Bundesliga against Stuttgart","robots":{"index":"index","follow":"follow","max-snippet":"max-snippet:-1","max-image-preview":"max-image-preview:large","max-video-preview":"max-video-preview:-1"},"canonical":"https:\/\/www.fcbarcelonanoticias.com\/en\/international-football\/problems-for-tuchel-the-bayern-munich-loses-key-piece-for-the-turn-in-front-of-the-real-madrid_303241_102.html","og_locale":"en_US","og_type":"article","og_title":"Problems for Tuchel! The Bayern Munich loses a key piece for the turn in front of the Real Madrid","og_description":"Bayern Munich will travel to Spain to face Real Madrid in the second leg semi-final of the UEFA Champions League without one of its defensive pillars, who was knocked out in the duel that the Munich team recently played in the Bundesliga against Stuttgart","og_url":"https:\/\/www.fcbarcelonanoticias.com\/en\/international-football\/problems-for-tuchel-the-bayern-munich-loses-key-piece-for-the-turn-in-front-of-the-real-madrid_303241_102.html","og_site_name":"EN - FC Barcelona Noticias","article_published_time":"2024-05-05T16:14:00+00:00","article_modified_time":"2024-05-05T16:16:00+00:00","og_image":[{"width":1300,"height":730,"url":"https:\/\/www.fcbarcelonanoticias.com\/en\/wp-content\/uploads\/sites\/2\/2024\/05\/thomas-tuchel-en-el-partido-ante-el-real-madrid-1.jpeg","type":"image\/jpeg"}],"author":"Jos\u00e9 Carlos Jaramillo","twitter_card":"summary_large_image","twitter_misc":{"Written by":"Jos\u00e9 Carlos Jaramillo","Est. reading time":"2 minutes"},"schema":{"@context":"https:\/\/schema.org","@graph":[{"@type":"Article","@id":"https:\/\/www.fcbarcelonanoticias.com\/en\/international-football\/problems-for-tuchel-the-bayern-munich-loses-key-piece-for-the-turn-in-front-of-the-real-madrid_303241_102.html#article","isPartOf":{"@id":"https:\/\/www.fcbarcelonanoticias.com\/en\/international-football\/problems-for-tuchel-the-bayern-munich-loses-key-piece-for-the-turn-in-front-of-the-real-madrid_303241_102.html"},"author":{"name":"Jos\u00e9 Carlos Jaramillo","@id":"https:\/\/www.fcbarcelonanoticias.com\/en\/#\/schema\/person\/7e0029b6b891133992eecb8d3e9829b8"},"headline":"Problems for Tuchel! The Bayern Munich loses a key piece for the turn in front of the Real Madrid","datePublished":"2024-05-05T16:14:00+00:00","dateModified":"2024-05-05T16:16:00+00:00","mainEntityOfPage":{"@id":"https:\/\/www.fcbarcelonanoticias.com\/en\/international-football\/problems-for-tuchel-the-bayern-munich-loses-key-piece-for-the-turn-in-front-of-the-real-madrid_303241_102.html"},"wordCount":399,"image":{"@id":"https:\/\/www.fcbarcelonanoticias.com\/en\/international-football\/problems-for-tuchel-the-bayern-munich-loses-key-piece-for-the-turn-in-front-of-the-real-madrid_303241_102.html#primaryimage"},"thumbnailUrl":"https:\/\/www.fcbarcelonanoticias.com\/en\/wp-content\/uploads\/sites\/2\/2024\/05\/thomas-tuchel-en-el-partido-ante-el-real-madrid-1.jpeg","keywords":["Bayern Munich"],"articleSection":["Champions League","Champions League"],"inLanguage":"en-US"},{"@type":"WebPage","@id":"https:\/\/www.fcbarcelonanoticias.com\/en\/international-football\/problems-for-tuchel-the-bayern-munich-loses-key-piece-for-the-turn-in-front-of-the-real-madrid_303241_102.html","url":"https:\/\/www.fcbarcelonanoticias.com\/en\/international-football\/problems-for-tuchel-the-bayern-munich-loses-key-piece-for-the-turn-in-front-of-the-real-madrid_303241_102.html","name":"Problems for Tuchel! The Bayern Munich loses a key piece for the turn in front of the Real Madrid","isPartOf":{"@id":"https:\/\/www.fcbarcelonanoticias.com\/en\/#website"},"primaryImageOfPage":{"@id":"https:\/\/www.fcbarcelonanoticias.com\/en\/international-football\/problems-for-tuchel-the-bayern-munich-loses-key-piece-for-the-turn-in-front-of-the-real-madrid_303241_102.html#primaryimage"},"image":{"@id":"https:\/\/www.fcbarcelonanoticias.com\/en\/international-football\/problems-for-tuchel-the-bayern-munich-loses-key-piece-for-the-turn-in-front-of-the-real-madrid_303241_102.html#primaryimage"},"thumbnailUrl":"https:\/\/www.fcbarcelonanoticias.com\/en\/wp-content\/uploads\/sites\/2\/2024\/05\/thomas-tuchel-en-el-partido-ante-el-real-madrid-1.jpeg","datePublished":"2024-05-05T16:14:00+00:00","dateModified":"2024-05-05T16:16:00+00:00","author":{"@id":"https:\/\/www.fcbarcelonanoticias.com\/en\/#\/schema\/person\/7e0029b6b891133992eecb8d3e9829b8"},"description":"Bayern Munich will travel to Spain to face Real Madrid in the second leg semi-final of the UEFA Champions League without one of its defensive pillars, who was knocked out in the duel that the Munich team recently played in the Bundesliga against Stuttgart","breadcrumb":{"@id":"https:\/\/www.fcbarcelonanoticias.com\/en\/international-football\/problems-for-tuchel-the-bayern-munich-loses-key-piece-for-the-turn-in-front-of-the-real-madrid_303241_102.html#breadcrumb"},"inLanguage":"en-US","potentialAction":[{"@type":"ReadAction","target":["https:\/\/www.fcbarcelonanoticias.com\/en\/international-football\/problems-for-tuchel-the-bayern-munich-loses-key-piece-for-the-turn-in-front-of-the-real-madrid_303241_102.html"]}]},{"@type":"ImageObject","inLanguage":"en-US","@id":"https:\/\/www.fcbarcelonanoticias.com\/en\/international-football\/problems-for-tuchel-the-bayern-munich-loses-key-piece-for-the-turn-in-front-of-the-real-madrid_303241_102.html#primaryimage","url":"https:\/\/www.fcbarcelonanoticias.com\/en\/wp-content\/uploads\/sites\/2\/2024\/05\/thomas-tuchel-en-el-partido-ante-el-real-madrid-1.jpeg","contentUrl":"https:\/\/www.fcbarcelonanoticias.com\/en\/wp-content\/uploads\/sites\/2\/2024\/05\/thomas-tuchel-en-el-partido-ante-el-real-madrid-1.jpeg","width":1300,"height":730},{"@type":"BreadcrumbList","@id":"https:\/\/www.fcbarcelonanoticias.com\/en\/international-football\/problems-for-tuchel-the-bayern-munich-loses-key-piece-for-the-turn-in-front-of-the-real-madrid_303241_102.html#breadcrumb","itemListElement":[{"@type":"ListItem","position":1,"name":"Portada","item":"https:\/\/www.fcbarcelonanoticias.com\/en\/"},{"@type":"ListItem","position":2,"name":"Problems for Tuchel! The Bayern Munich loses a key piece for the turn in front of the Real Madrid"}]},{"@type":"WebSite","@id":"https:\/\/www.fcbarcelonanoticias.com\/en\/#website","url":"https:\/\/www.fcbarcelonanoticias.com\/en\/","name":"EN - FC Barcelona Noticias","description":"","potentialAction":[{"@type":"SearchAction","target":{"@type":"EntryPoint","urlTemplate":"https:\/\/www.fcbarcelonanoticias.com\/en\/?s={search_term_string}"},"query-input":{"@type":"PropertyValueSpecification","valueRequired":true,"valueName":"search_term_string"}}],"inLanguage":"en-US"},{"@type":"Person","@id":"https:\/\/www.fcbarcelonanoticias.com\/en\/#\/schema\/person\/7e0029b6b891133992eecb8d3e9829b8","name":"Jos\u00e9 Carlos Jaramillo","image":{"@type":"ImageObject","inLanguage":"en-US","@id":"https:\/\/secure.gravatar.com\/avatar\/?s=96&d=mm&r=g","url":"https:\/\/secure.gravatar.com\/avatar\/?s=96&d=mm&r=g","contentUrl":"https:\/\/secure.gravatar.com\/avatar\/?s=96&d=mm&r=g","caption":"Jos\u00e9 Carlos Jaramillo"},"url":"https:\/\/www.fcbarcelonanoticias.com\/en\/jose-carlos-jaramillo_26_115.html"}]}},"_links":{"self":[{"href":"https:\/\/www.fcbarcelonanoticias.com\/en\/wp-json\/wp\/v2\/posts\/46235","targetHints":{"allow":["GET"]}}],"collection":[{"href":"https:\/\/www.fcbarcelonanoticias.com\/en\/wp-json\/wp\/v2\/posts"}],"about":[{"href":"https:\/\/www.fcbarcelonanoticias.com\/en\/wp-json\/wp\/v2\/types\/post"}],"author":[{"embeddable":true,"href":"https:\/\/www.fcbarcelonanoticias.com\/en\/wp-json\/wp\/v2\/users\/360"}],"replies":[{"embeddable":true,"href":"https:\/\/www.fcbarcelonanoticias.com\/en\/wp-json\/wp\/v2\/comments?post=46235"}],"version-history":[{"count":1,"href":"https:\/\/www.fcbarcelonanoticias.com\/en\/wp-json\/wp\/v2\/posts\/46235\/revisions"}],"predecessor-version":[{"id":114146,"href":"https:\/\/www.fcbarcelonanoticias.com\/en\/wp-json\/wp\/v2\/posts\/46235\/revisions\/114146"}],"wp:featuredmedia":[{"embeddable":true,"href":"https:\/\/www.fcbarcelonanoticias.com\/en\/wp-json\/wp\/v2\/media\/46238"}],"wp:attachment":[{"href":"https:\/\/www.fcbarcelonanoticias.com\/en\/wp-json\/wp\/v2\/media?parent=46235"}],"wp:term":[{"taxonomy":"category","embeddable":true,"href":"https:\/\/www.fcbarcelonanoticias.com\/en\/wp-json\/wp\/v2\/categories?post=46235"},{"taxonomy":"post_tag","embeddable":true,"href":"https:\/\/www.fcbarcelonanoticias.com\/en\/wp-json\/wp\/v2\/tags?post=46235"}],"curies":[{"name":"wp","href":"https:\/\/api.w.org\/{rel}","templated":true}]}}