{"id":46344,"date":"2023-03-07T00:42:00","date_gmt":"2023-03-06T23:42:00","guid":{"rendered":"https:\/\/weisetech.dev\/fc-barcelona-noticias\/en\/rajada-very-hard-from-brazilian-press-against-arturo-vidal_290280_102\/"},"modified":"2023-03-07T00:59:00","modified_gmt":"2023-03-06T23:59:00","slug":"rajada-very-hard-from-brazilian-press-against-arturo-vidal_290280_102","status":"publish","type":"post","link":"https:\/\/www.fcbarcelonanoticias.com\/en\/international-football\/rajada-very-hard-from-brazilian-press-against-arturo-vidal_290280_102.html","title":{"rendered":"&#8216;Rajada&#8217; very hard from the Brazilian press against Arturo Vidal"},"content":{"rendered":"<h2 class=\"wp-block-heading\">In the midst of the acute crisis of results that Flamengo is going through, the Brazilian press has harshly pointed to Arturo Vidal as one of those responsible for the &#8216;red and black&#8217; crisis. For some journalists, the Chilean has been useless&#8217; in Rio<\/h2>  \r\n<div class=\"article-addons\">\r\n    <a href=\"https:\/\/www.fcbarcelonanoticias.com\/en\/calendar-fc-barcelona.html\"\r\n       target=\"_self\"\r\n       title=\"Calendar of FC Barcelona\"\r\n       class=\"blue-gredient-btn\">\r\n       \r\n        Calendar of FC Barcelona    <\/a>\r\n<\/div>   <p>Arturo Vidal crosses his more complicated moment in the Flamengo. <strong>The ex player of the <a data-external=\"0\" data-intl-links-en=\"https:\/\/www.fcbarcelonanoticias.com\/en\/laliga\/will-not-force-pedri-will-not-be-in-visit-barca-athletic_290278_102.html\" data-intl-links-es=\"https:\/\/www.fcbarcelonanoticias.com\/laliga\/no-forzara-pedri-no-estara-en-visita-barca-athletic_290278_102.html\" href=\"https:\/\/www.fcbarcelonanoticias.com\/en\/laliga\/will-not-force-pedri-will-not-be-in-visit-barca-athletic_290278_102.html\" rel=\"follow\" target=\"_self\" title=\"\u00a1No forzar\u00e1! Pedri no estar\u00e1 en la visita del Bar\u00e7a al Athletic en San Mam\u00e9s\">FC Barcelona<\/a> has been one of the most criticised after a new failure of the &#8216;Fla&#8217; to international level<\/strong>, this time in the Conmebol Recopa in front of the humble Independent of the ecuadorian Valley (1-1 global, 5-4 p.). The ones of V\u00edtor Pereira also fell in the Supercopa Brazilian in front of Palmeiras (4-3) and hardly achieved the third place in the World-wide of Clubs, falling in &#8216;semis&#8217; in front of the To the Hilal Egyptian.<\/p>  <p>One of the more critics with Vidal was the journalist Renato Meadow, the one who defined to the Chilean like &#8220;the king of the obvious pass&#8221;. <b>&#8220;Vidal is not at all<\/b>. <strong>And still it fails passes and prepares counterattacks. But there are people that melts by him&#8230;&#8221;<\/strong>, it added the communicator carioca. Besides, it left another &#8216;stick&#8217; to the mediocentro of 35 years, the one who fich\u00f3 by the &#8216;Fla&#8217; in July of the year happened after terminating his agreement with the Inter of Milan.<\/p>  <p>For Meadow, one of the main causes of the toneless party of the &#8216;rojinegros&#8217; in front of Independent of the Valley in the Maracan\u00e1 had to to the bad moment of the ex cul\u00e9.<strong> &#8220;It took an eternity in putting to Matheus Gon\u00e7alves and<\/strong><b><strong> <\/strong>take out to the useless of Vidal<\/b>&#8220;, said on the decision of the technician V\u00edtor Pereira to keep to the Chilean in the field during 76 minutes, until the entry of the Brazilian Matheus Gon\u00e7alves.<\/p>  <blockquote class=\"twitter-tweet\"> <p dir=\"ltr\" lang=\"pt\">Demorou uma eternidade To bounce or Matheus Gon\u00e7alves and throw or inutil Vidal.<\/p> \u2014 Renato M. Meadow (@RMPoficial) <a href=\"https:\/\/twitter.com\/en\/RMPoficial\/status\/1632514088772198400?ref_src=twsrc%5Etfw\">March 5, 2023<\/a> <\/blockquote> <p><strong>Arturo also had been headline in the gone of the Recopa in Ecuador<\/strong>, where the &#8216;Mengao&#8217; fell by the minimum (1-0). At the end, the Brazilians equalised in the last played of the party in the turn, but fell in penaltis by the failure of Giorgian Of Arrascaeta, the one who curiously had marked the goal of the tie in the 90+6&#8242;. Vidal has agreement until final of year, but no descarta his return to the Chilean football before December.<\/p>  <h3>Vidal, sunk after the defeat in the Recopa<\/h3>  <p><b>&#8220;Lose again hurts a lot, more when you put you this T-shirt<\/b> <strong>of Flamengo and know that you represent to more than 50 million inflate&#8221;<\/strong>, said the player of 35 years after falling in front of Independent of the Valley. The Brazilians have not raised head after winning the third Glass Libertadores of his history and the Sunday fell, again home, in front of Basque Gives Range (0-1) by the regional championship carioca.<\/p> ","protected":false},"excerpt":{"rendered":"<p>In the midst of the acute crisis of results that Flamengo is going through, the Brazilian press has harshly pointed to Arturo Vidal as one of those responsible for the &#8216;red and black&#8217; crisis. For some journalists, the Chilean has been useless&#8217; in Rio Arturo Vidal crosses his more complicated moment in the Flamengo. The [&hellip;]<\/p>\n","protected":false},"author":347,"featured_media":46345,"comment_status":"closed","ping_status":"open","sticky":false,"template":"","format":"standard","meta":{"_acf_changed":false,"inline_featured_image":false,"_nextfly_llmd_date_locked":false,"footnotes":""},"categories":[1],"tags":[159],"class_list":["post-46344","post","type-post","status-publish","format-standard","has-post-thumbnail","hentry","category-sin-categoria","tag-arturo-vidal"],"acf":[],"yoast_head":"<!-- This site is optimized with the Yoast SEO plugin v27.3 - https:\/\/yoast.com\/product\/yoast-seo-wordpress\/ -->\n<title>&#039;Rajada&#039; very hard from the Brazilian press against Arturo Vidal<\/title>\n<meta name=\"description\" content=\"In the midst of the acute crisis of results that Flamengo is going through, the Brazilian press has harshly pointed to Arturo Vidal as one of those responsible for the &#039;red and black&#039; crisis. For some journalists, the Chilean has been useless&#039; in Rio\" \/>\n<meta name=\"robots\" content=\"index, follow, max-snippet:-1, max-image-preview:large, max-video-preview:-1\" \/>\n<link rel=\"canonical\" href=\"https:\/\/www.fcbarcelonanoticias.com\/en\/international-football\/rajada-very-hard-from-brazilian-press-against-arturo-vidal_290280_102.html\" \/>\n<meta property=\"og:locale\" content=\"en_US\" \/>\n<meta property=\"og:type\" content=\"article\" \/>\n<meta property=\"og:title\" content=\"&#039;Rajada&#039; very hard from the Brazilian press against Arturo Vidal\" \/>\n<meta property=\"og:description\" content=\"In the midst of the acute crisis of results that Flamengo is going through, the Brazilian press has harshly pointed to Arturo Vidal as one of those responsible for the &#039;red and black&#039; crisis. For some journalists, the Chilean has been useless&#039; in Rio\" \/>\n<meta property=\"og:url\" content=\"https:\/\/www.fcbarcelonanoticias.com\/en\/international-football\/rajada-very-hard-from-brazilian-press-against-arturo-vidal_290280_102.html\" \/>\n<meta property=\"og:site_name\" content=\"EN - FC Barcelona Noticias\" \/>\n<meta property=\"article:published_time\" content=\"2023-03-06T23:42:00+00:00\" \/>\n<meta property=\"article:modified_time\" content=\"2023-03-06T23:59:00+00:00\" \/>\n<meta property=\"og:image\" content=\"https:\/\/www.fcbarcelonanoticias.com\/en\/wp-content\/uploads\/sites\/2\/2023\/03\/arturo-vidal-flamengo.jpeg\" \/>\n\t<meta property=\"og:image:width\" content=\"1300\" \/>\n\t<meta property=\"og:image:height\" content=\"732\" \/>\n\t<meta property=\"og:image:type\" content=\"image\/jpeg\" \/>\n<meta name=\"author\" content=\"Andr\u00e9s Quiroz\" \/>\n<meta name=\"twitter:card\" content=\"summary_large_image\" \/>\n<meta name=\"twitter:label1\" content=\"Written by\" \/>\n\t<meta name=\"twitter:data1\" content=\"Andr\u00e9s Quiroz\" \/>\n\t<meta name=\"twitter:label2\" content=\"Est. reading time\" \/>\n\t<meta name=\"twitter:data2\" content=\"2 minutes\" \/>\n<script type=\"application\/ld+json\" class=\"yoast-schema-graph\">{\"@context\":\"https:\\\/\\\/schema.org\",\"@graph\":[{\"@type\":\"Article\",\"@id\":\"https:\\\/\\\/www.fcbarcelonanoticias.com\\\/en\\\/international-football\\\/rajada-very-hard-from-brazilian-press-against-arturo-vidal_290280_102.html#article\",\"isPartOf\":{\"@id\":\"https:\\\/\\\/www.fcbarcelonanoticias.com\\\/en\\\/international-football\\\/rajada-very-hard-from-brazilian-press-against-arturo-vidal_290280_102.html\"},\"author\":{\"name\":\"Andr\u00e9s Quiroz\",\"@id\":\"https:\\\/\\\/www.fcbarcelonanoticias.com\\\/en\\\/#\\\/schema\\\/person\\\/c2cd9f6fa1af5c0d0eccd0fefa575c88\"},\"headline\":\"&#8216;Rajada&#8217; very hard from the Brazilian press against Arturo Vidal\",\"datePublished\":\"2023-03-06T23:42:00+00:00\",\"dateModified\":\"2023-03-06T23:59:00+00:00\",\"mainEntityOfPage\":{\"@id\":\"https:\\\/\\\/www.fcbarcelonanoticias.com\\\/en\\\/international-football\\\/rajada-very-hard-from-brazilian-press-against-arturo-vidal_290280_102.html\"},\"wordCount\":489,\"image\":{\"@id\":\"https:\\\/\\\/www.fcbarcelonanoticias.com\\\/en\\\/international-football\\\/rajada-very-hard-from-brazilian-press-against-arturo-vidal_290280_102.html#primaryimage\"},\"thumbnailUrl\":\"https:\\\/\\\/www.fcbarcelonanoticias.com\\\/en\\\/wp-content\\\/uploads\\\/sites\\\/2\\\/2023\\\/03\\\/arturo-vidal-flamengo.jpeg\",\"keywords\":[\"Arturo Vidal\"],\"articleSection\":[\"Sin categor\u00eda\"],\"inLanguage\":\"en-US\"},{\"@type\":\"WebPage\",\"@id\":\"https:\\\/\\\/www.fcbarcelonanoticias.com\\\/en\\\/international-football\\\/rajada-very-hard-from-brazilian-press-against-arturo-vidal_290280_102.html\",\"url\":\"https:\\\/\\\/www.fcbarcelonanoticias.com\\\/en\\\/international-football\\\/rajada-very-hard-from-brazilian-press-against-arturo-vidal_290280_102.html\",\"name\":\"'Rajada' very hard from the Brazilian press against Arturo Vidal\",\"isPartOf\":{\"@id\":\"https:\\\/\\\/www.fcbarcelonanoticias.com\\\/en\\\/#website\"},\"primaryImageOfPage\":{\"@id\":\"https:\\\/\\\/www.fcbarcelonanoticias.com\\\/en\\\/international-football\\\/rajada-very-hard-from-brazilian-press-against-arturo-vidal_290280_102.html#primaryimage\"},\"image\":{\"@id\":\"https:\\\/\\\/www.fcbarcelonanoticias.com\\\/en\\\/international-football\\\/rajada-very-hard-from-brazilian-press-against-arturo-vidal_290280_102.html#primaryimage\"},\"thumbnailUrl\":\"https:\\\/\\\/www.fcbarcelonanoticias.com\\\/en\\\/wp-content\\\/uploads\\\/sites\\\/2\\\/2023\\\/03\\\/arturo-vidal-flamengo.jpeg\",\"datePublished\":\"2023-03-06T23:42:00+00:00\",\"dateModified\":\"2023-03-06T23:59:00+00:00\",\"author\":{\"@id\":\"https:\\\/\\\/www.fcbarcelonanoticias.com\\\/en\\\/#\\\/schema\\\/person\\\/c2cd9f6fa1af5c0d0eccd0fefa575c88\"},\"description\":\"In the midst of the acute crisis of results that Flamengo is going through, the Brazilian press has harshly pointed to Arturo Vidal as one of those responsible for the 'red and black' crisis. For some journalists, the Chilean has been useless' in Rio\",\"breadcrumb\":{\"@id\":\"https:\\\/\\\/www.fcbarcelonanoticias.com\\\/en\\\/international-football\\\/rajada-very-hard-from-brazilian-press-against-arturo-vidal_290280_102.html#breadcrumb\"},\"inLanguage\":\"en-US\",\"potentialAction\":[{\"@type\":\"ReadAction\",\"target\":[\"https:\\\/\\\/www.fcbarcelonanoticias.com\\\/en\\\/international-football\\\/rajada-very-hard-from-brazilian-press-against-arturo-vidal_290280_102.html\"]}]},{\"@type\":\"ImageObject\",\"inLanguage\":\"en-US\",\"@id\":\"https:\\\/\\\/www.fcbarcelonanoticias.com\\\/en\\\/international-football\\\/rajada-very-hard-from-brazilian-press-against-arturo-vidal_290280_102.html#primaryimage\",\"url\":\"https:\\\/\\\/www.fcbarcelonanoticias.com\\\/en\\\/wp-content\\\/uploads\\\/sites\\\/2\\\/2023\\\/03\\\/arturo-vidal-flamengo.jpeg\",\"contentUrl\":\"https:\\\/\\\/www.fcbarcelonanoticias.com\\\/en\\\/wp-content\\\/uploads\\\/sites\\\/2\\\/2023\\\/03\\\/arturo-vidal-flamengo.jpeg\",\"width\":1300,\"height\":732},{\"@type\":\"BreadcrumbList\",\"@id\":\"https:\\\/\\\/www.fcbarcelonanoticias.com\\\/en\\\/international-football\\\/rajada-very-hard-from-brazilian-press-against-arturo-vidal_290280_102.html#breadcrumb\",\"itemListElement\":[{\"@type\":\"ListItem\",\"position\":1,\"name\":\"Portada\",\"item\":\"https:\\\/\\\/www.fcbarcelonanoticias.com\\\/en\\\/\"},{\"@type\":\"ListItem\",\"position\":2,\"name\":\"&#8216;Rajada&#8217; very hard from the Brazilian press against Arturo Vidal\"}]},{\"@type\":\"WebSite\",\"@id\":\"https:\\\/\\\/www.fcbarcelonanoticias.com\\\/en\\\/#website\",\"url\":\"https:\\\/\\\/www.fcbarcelonanoticias.com\\\/en\\\/\",\"name\":\"EN - FC Barcelona Noticias\",\"description\":\"\",\"potentialAction\":[{\"@type\":\"SearchAction\",\"target\":{\"@type\":\"EntryPoint\",\"urlTemplate\":\"https:\\\/\\\/www.fcbarcelonanoticias.com\\\/en\\\/?s={search_term_string}\"},\"query-input\":{\"@type\":\"PropertyValueSpecification\",\"valueRequired\":true,\"valueName\":\"search_term_string\"}}],\"inLanguage\":\"en-US\"},{\"@type\":\"Person\",\"@id\":\"https:\\\/\\\/www.fcbarcelonanoticias.com\\\/en\\\/#\\\/schema\\\/person\\\/c2cd9f6fa1af5c0d0eccd0fefa575c88\",\"name\":\"Andr\u00e9s Quiroz\",\"image\":{\"@type\":\"ImageObject\",\"inLanguage\":\"en-US\",\"@id\":\"https:\\\/\\\/secure.gravatar.com\\\/avatar\\\/?s=96&d=mm&r=g\",\"url\":\"https:\\\/\\\/secure.gravatar.com\\\/avatar\\\/?s=96&d=mm&r=g\",\"contentUrl\":\"https:\\\/\\\/secure.gravatar.com\\\/avatar\\\/?s=96&d=mm&r=g\",\"caption\":\"Andr\u00e9s Quiroz\"},\"description\":\"Licenciado en Periodismo por la Universidad de los Andes. Me encargo de analizar y compartir los contenidos m\u00e1s destacados de la\u00a0actualidad del F\u00fatbol Club Barcelona, Mercado de Fichajes y F\u00fatbol Internacional en FCBN. La informaci\u00f3n es poder, pero tambi\u00e9n conocimiento.\",\"url\":\"https:\\\/\\\/www.fcbarcelonanoticias.com\\\/en\\\/fc-barcelona\\\/andres-quiroz_17_115.html\"}]}<\/script>\n<!-- \/ Yoast SEO plugin. -->","yoast_head_json":{"title":"'Rajada' very hard from the Brazilian press against Arturo Vidal","description":"In the midst of the acute crisis of results that Flamengo is going through, the Brazilian press has harshly pointed to Arturo Vidal as one of those responsible for the 'red and black' crisis. For some journalists, the Chilean has been useless' in Rio","robots":{"index":"index","follow":"follow","max-snippet":"max-snippet:-1","max-image-preview":"max-image-preview:large","max-video-preview":"max-video-preview:-1"},"canonical":"https:\/\/www.fcbarcelonanoticias.com\/en\/international-football\/rajada-very-hard-from-brazilian-press-against-arturo-vidal_290280_102.html","og_locale":"en_US","og_type":"article","og_title":"'Rajada' very hard from the Brazilian press against Arturo Vidal","og_description":"In the midst of the acute crisis of results that Flamengo is going through, the Brazilian press has harshly pointed to Arturo Vidal as one of those responsible for the 'red and black' crisis. For some journalists, the Chilean has been useless' in Rio","og_url":"https:\/\/www.fcbarcelonanoticias.com\/en\/international-football\/rajada-very-hard-from-brazilian-press-against-arturo-vidal_290280_102.html","og_site_name":"EN - FC Barcelona Noticias","article_published_time":"2023-03-06T23:42:00+00:00","article_modified_time":"2023-03-06T23:59:00+00:00","og_image":[{"width":1300,"height":732,"url":"https:\/\/www.fcbarcelonanoticias.com\/en\/wp-content\/uploads\/sites\/2\/2023\/03\/arturo-vidal-flamengo.jpeg","type":"image\/jpeg"}],"author":"Andr\u00e9s Quiroz","twitter_card":"summary_large_image","twitter_misc":{"Written by":"Andr\u00e9s Quiroz","Est. reading time":"2 minutes"},"schema":{"@context":"https:\/\/schema.org","@graph":[{"@type":"Article","@id":"https:\/\/www.fcbarcelonanoticias.com\/en\/international-football\/rajada-very-hard-from-brazilian-press-against-arturo-vidal_290280_102.html#article","isPartOf":{"@id":"https:\/\/www.fcbarcelonanoticias.com\/en\/international-football\/rajada-very-hard-from-brazilian-press-against-arturo-vidal_290280_102.html"},"author":{"name":"Andr\u00e9s Quiroz","@id":"https:\/\/www.fcbarcelonanoticias.com\/en\/#\/schema\/person\/c2cd9f6fa1af5c0d0eccd0fefa575c88"},"headline":"&#8216;Rajada&#8217; very hard from the Brazilian press against Arturo Vidal","datePublished":"2023-03-06T23:42:00+00:00","dateModified":"2023-03-06T23:59:00+00:00","mainEntityOfPage":{"@id":"https:\/\/www.fcbarcelonanoticias.com\/en\/international-football\/rajada-very-hard-from-brazilian-press-against-arturo-vidal_290280_102.html"},"wordCount":489,"image":{"@id":"https:\/\/www.fcbarcelonanoticias.com\/en\/international-football\/rajada-very-hard-from-brazilian-press-against-arturo-vidal_290280_102.html#primaryimage"},"thumbnailUrl":"https:\/\/www.fcbarcelonanoticias.com\/en\/wp-content\/uploads\/sites\/2\/2023\/03\/arturo-vidal-flamengo.jpeg","keywords":["Arturo Vidal"],"articleSection":["Sin categor\u00eda"],"inLanguage":"en-US"},{"@type":"WebPage","@id":"https:\/\/www.fcbarcelonanoticias.com\/en\/international-football\/rajada-very-hard-from-brazilian-press-against-arturo-vidal_290280_102.html","url":"https:\/\/www.fcbarcelonanoticias.com\/en\/international-football\/rajada-very-hard-from-brazilian-press-against-arturo-vidal_290280_102.html","name":"'Rajada' very hard from the Brazilian press against Arturo Vidal","isPartOf":{"@id":"https:\/\/www.fcbarcelonanoticias.com\/en\/#website"},"primaryImageOfPage":{"@id":"https:\/\/www.fcbarcelonanoticias.com\/en\/international-football\/rajada-very-hard-from-brazilian-press-against-arturo-vidal_290280_102.html#primaryimage"},"image":{"@id":"https:\/\/www.fcbarcelonanoticias.com\/en\/international-football\/rajada-very-hard-from-brazilian-press-against-arturo-vidal_290280_102.html#primaryimage"},"thumbnailUrl":"https:\/\/www.fcbarcelonanoticias.com\/en\/wp-content\/uploads\/sites\/2\/2023\/03\/arturo-vidal-flamengo.jpeg","datePublished":"2023-03-06T23:42:00+00:00","dateModified":"2023-03-06T23:59:00+00:00","author":{"@id":"https:\/\/www.fcbarcelonanoticias.com\/en\/#\/schema\/person\/c2cd9f6fa1af5c0d0eccd0fefa575c88"},"description":"In the midst of the acute crisis of results that Flamengo is going through, the Brazilian press has harshly pointed to Arturo Vidal as one of those responsible for the 'red and black' crisis. For some journalists, the Chilean has been useless' in Rio","breadcrumb":{"@id":"https:\/\/www.fcbarcelonanoticias.com\/en\/international-football\/rajada-very-hard-from-brazilian-press-against-arturo-vidal_290280_102.html#breadcrumb"},"inLanguage":"en-US","potentialAction":[{"@type":"ReadAction","target":["https:\/\/www.fcbarcelonanoticias.com\/en\/international-football\/rajada-very-hard-from-brazilian-press-against-arturo-vidal_290280_102.html"]}]},{"@type":"ImageObject","inLanguage":"en-US","@id":"https:\/\/www.fcbarcelonanoticias.com\/en\/international-football\/rajada-very-hard-from-brazilian-press-against-arturo-vidal_290280_102.html#primaryimage","url":"https:\/\/www.fcbarcelonanoticias.com\/en\/wp-content\/uploads\/sites\/2\/2023\/03\/arturo-vidal-flamengo.jpeg","contentUrl":"https:\/\/www.fcbarcelonanoticias.com\/en\/wp-content\/uploads\/sites\/2\/2023\/03\/arturo-vidal-flamengo.jpeg","width":1300,"height":732},{"@type":"BreadcrumbList","@id":"https:\/\/www.fcbarcelonanoticias.com\/en\/international-football\/rajada-very-hard-from-brazilian-press-against-arturo-vidal_290280_102.html#breadcrumb","itemListElement":[{"@type":"ListItem","position":1,"name":"Portada","item":"https:\/\/www.fcbarcelonanoticias.com\/en\/"},{"@type":"ListItem","position":2,"name":"&#8216;Rajada&#8217; very hard from the Brazilian press against Arturo Vidal"}]},{"@type":"WebSite","@id":"https:\/\/www.fcbarcelonanoticias.com\/en\/#website","url":"https:\/\/www.fcbarcelonanoticias.com\/en\/","name":"EN - FC Barcelona Noticias","description":"","potentialAction":[{"@type":"SearchAction","target":{"@type":"EntryPoint","urlTemplate":"https:\/\/www.fcbarcelonanoticias.com\/en\/?s={search_term_string}"},"query-input":{"@type":"PropertyValueSpecification","valueRequired":true,"valueName":"search_term_string"}}],"inLanguage":"en-US"},{"@type":"Person","@id":"https:\/\/www.fcbarcelonanoticias.com\/en\/#\/schema\/person\/c2cd9f6fa1af5c0d0eccd0fefa575c88","name":"Andr\u00e9s Quiroz","image":{"@type":"ImageObject","inLanguage":"en-US","@id":"https:\/\/secure.gravatar.com\/avatar\/?s=96&d=mm&r=g","url":"https:\/\/secure.gravatar.com\/avatar\/?s=96&d=mm&r=g","contentUrl":"https:\/\/secure.gravatar.com\/avatar\/?s=96&d=mm&r=g","caption":"Andr\u00e9s Quiroz"},"description":"Licenciado en Periodismo por la Universidad de los Andes. Me encargo de analizar y compartir los contenidos m\u00e1s destacados de la\u00a0actualidad del F\u00fatbol Club Barcelona, Mercado de Fichajes y F\u00fatbol Internacional en FCBN. La informaci\u00f3n es poder, pero tambi\u00e9n conocimiento.","url":"https:\/\/www.fcbarcelonanoticias.com\/en\/fc-barcelona\/andres-quiroz_17_115.html"}]}},"_links":{"self":[{"href":"https:\/\/www.fcbarcelonanoticias.com\/en\/wp-json\/wp\/v2\/posts\/46344","targetHints":{"allow":["GET"]}}],"collection":[{"href":"https:\/\/www.fcbarcelonanoticias.com\/en\/wp-json\/wp\/v2\/posts"}],"about":[{"href":"https:\/\/www.fcbarcelonanoticias.com\/en\/wp-json\/wp\/v2\/types\/post"}],"author":[{"embeddable":true,"href":"https:\/\/www.fcbarcelonanoticias.com\/en\/wp-json\/wp\/v2\/users\/347"}],"replies":[{"embeddable":true,"href":"https:\/\/www.fcbarcelonanoticias.com\/en\/wp-json\/wp\/v2\/comments?post=46344"}],"version-history":[{"count":1,"href":"https:\/\/www.fcbarcelonanoticias.com\/en\/wp-json\/wp\/v2\/posts\/46344\/revisions"}],"predecessor-version":[{"id":114298,"href":"https:\/\/www.fcbarcelonanoticias.com\/en\/wp-json\/wp\/v2\/posts\/46344\/revisions\/114298"}],"wp:featuredmedia":[{"embeddable":true,"href":"https:\/\/www.fcbarcelonanoticias.com\/en\/wp-json\/wp\/v2\/media\/46345"}],"wp:attachment":[{"href":"https:\/\/www.fcbarcelonanoticias.com\/en\/wp-json\/wp\/v2\/media?parent=46344"}],"wp:term":[{"taxonomy":"category","embeddable":true,"href":"https:\/\/www.fcbarcelonanoticias.com\/en\/wp-json\/wp\/v2\/categories?post=46344"},{"taxonomy":"post_tag","embeddable":true,"href":"https:\/\/www.fcbarcelonanoticias.com\/en\/wp-json\/wp\/v2\/tags?post=46344"}],"curies":[{"name":"wp","href":"https:\/\/api.w.org\/{rel}","templated":true}]}}