{"id":46528,"date":"2022-12-12T17:19:00","date_gmt":"2022-12-12T16:19:00","guid":{"rendered":"https:\/\/weisetech.dev\/fc-barcelona-noticias\/en\/second-chance-demir-ex-azulgrana-relives-his-career-in-turkey_287546_102\/"},"modified":"2026-04-16T09:25:25","modified_gmt":"2026-04-16T07:25:25","slug":"second-chance-demir-ex-azulgrana-relives-his-career-in-turkey_287546_102","status":"publish","type":"post","link":"https:\/\/www.fcbarcelonanoticias.com\/en\/international-football\/second-chance-demir-ex-azulgrana-relives-his-career-in-turkey_287546_102.html","title":{"rendered":"A second chance for Demir: The former Bar\u00e7a player &#8216;relives&#8217; his career in Turkey"},"content":{"rendered":"<h2 class=\"wp-block-heading\">After his unsuccessful spell at Bar\u00e7a, Yusuf Demir begins to see the &#8216;light at the end of the tunnel&#8217;. The Austrian headed for Galatasaray, where after an injury, he is already giving &#8216;flashes&#8217; of his talent and last weekend he celebrated a double<\/h2>  \r\n<div class=\"article-addons\">\r\n    <a href=\"https:\/\/www.fcbarcelonanoticias.com\/en\/calendar-fc-barcelona.html\"\r\n       target=\"_self\"\r\n       title=\"Calendar of FC Barcelona\"\r\n       class=\"blue-gredient-btn\">\r\n       \r\n        Calendar of FC Barcelona    <\/a>\r\n<\/div>   <p>From the offices of the <a href=\"https:\/\/www.fcbarcelonanoticias.com\/futbol\/fc-barcelona.html\" title=\"FC Barcelona\">FC Barcelona<\/a> work incesantemente in research of reinforcements that add quality to the staff. However, no all are names &#8216;big&#8217;, and from the breast of the Barcelona entity also are in research of young promises of the sport that ensure the future of the club. Under this politics, the Catalans did <a href=\"https:\/\/www.fcbarcelonanoticias.com\/jugador\/pedri.html\" title=\"Pedri\">with Pedri<\/a> and Ronald Ara\u00fajo, <strong>and the past summer did with the index card of the leading youngster Austrian, Yusuf Demir.<\/strong><\/p>  <p>However, the step of the &#8216;perla&#8217; by the City Condal did not go out as it expected . The player, that in that moment had 18 years of age, hardly had paticipaci\u00f3n in the team and, in spite of that the Catalans had agreed with the Rapid Vienna a clause of 10 million euros that would activate automatically when contesting 10 parties, <strong>tomar\u00f3n the decision of &#8216;break&#8217; the cession because of the complicated economy of the entity<\/strong>.<\/p>  <p>Now, with 19 years and an enormous potential that explode in the years for coming, Yusuf begins to see the &#8216;light at the end of the tunnel&#8217; in the Galatasaray. The Turkish square incorporated him to his pertinent rows of the same Rapid Vienna in return of 6 million euros during the past window estival. <strong>The &#8216;lions&#8217;, convinced that has a very high ceiling and a lot of margin of improvement, bet by his signing and now begin to collect his fruits<\/strong>.<\/p>  <p>The past Saturday 10 December, the group directed by Okan Buruk confronted to the Adana Demirspor in a friendly during the stop of selections. <strong>Demir Jumped to the terrain of game from the start and knew to take advantage of his opportunity when celebrating a doublet<\/strong>. The first so much arrived after a big played in which, after generating his own space, definipo from far with a shot hit to the stick, whereas the second left in evidence his smell goleador to the &#8216;hunt&#8217; the balloon with picard\u00eda inside the area.<\/p>  <h3>A new opportunity<\/h3>  <p>Like this the things, Demir begins to &#8216;visit&#8217; his way to the definite redemption. The footballer began of good way in September, when it assumed the role of revulsivo from the bench and knew &#8216;agitate&#8217; each party with his entrance to the field. <strong>The fortune played in his against when it had to move away of the terrains of games by injury<\/strong>, but the forward has taken advantage of the stop mundialista to go back stronger and work in order to have greater potagonismo in the team.<\/p> ","protected":false},"excerpt":{"rendered":"<p>After his unsuccessful spell at Bar\u00e7a, Yusuf Demir begins to see the &#8216;light at the end of the tunnel&#8217;. The Austrian headed for Galatasaray, where after an injury, he is already giving &#8216;flashes&#8217; of his talent and last weekend he celebrated a double From the offices of the FC Barcelona work incesantemente in research of [&hellip;]<\/p>\n","protected":false},"author":358,"featured_media":46529,"comment_status":"closed","ping_status":"open","sticky":false,"template":"","format":"standard","meta":{"_acf_changed":false,"inline_featured_image":false,"_nextfly_llmd_date_locked":false,"footnotes":""},"categories":[1],"tags":[244,238],"class_list":["post-46528","post","type-post","status-publish","format-standard","has-post-thumbnail","hentry","category-sin-categoria","tag-galatasaray","tag-yusuf-demir"],"acf":[],"yoast_head":"<!-- This site is optimized with the Yoast SEO plugin v27.3 - https:\/\/yoast.com\/product\/yoast-seo-wordpress\/ -->\n<title>A second chance for Demir: The former Bar\u00e7a player &#039;relives&#039; his career in Turkey<\/title>\n<meta name=\"description\" content=\"After his infruct\u00edfero go through the Bar\u00e7a, Yusuf Demir begins to see the &#039;light at the end of the tunnel&#039;. The Austrian put course to the Galatasaray, where afterwards d...\" \/>\n<meta name=\"robots\" content=\"index, follow, max-snippet:-1, max-image-preview:large, max-video-preview:-1\" \/>\n<link rel=\"canonical\" href=\"https:\/\/www.fcbarcelonanoticias.com\/en\/international-football\/second-chance-demir-ex-azulgrana-relives-his-career-in-turkey_287546_102.html\" \/>\n<meta property=\"og:locale\" content=\"en_US\" \/>\n<meta property=\"og:type\" content=\"article\" \/>\n<meta property=\"og:title\" content=\"A second chance for Demir: The former Bar\u00e7a player &#039;relives&#039; his career in Turkey\" \/>\n<meta property=\"og:description\" content=\"After his infruct\u00edfero go through the Bar\u00e7a, Yusuf Demir begins to see the &#039;light at the end of the tunnel&#039;. The Austrian put course to the Galatasaray, where afterwards d...\" \/>\n<meta property=\"og:url\" content=\"https:\/\/www.fcbarcelonanoticias.com\/en\/international-football\/second-chance-demir-ex-azulgrana-relives-his-career-in-turkey_287546_102.html\" \/>\n<meta property=\"og:site_name\" content=\"EN - FC Barcelona Noticias\" \/>\n<meta property=\"article:published_time\" content=\"2022-12-12T16:19:00+00:00\" \/>\n<meta property=\"article:modified_time\" content=\"2026-04-16T07:25:25+00:00\" \/>\n<meta property=\"og:image\" content=\"https:\/\/www.fcbarcelonanoticias.com\/en\/wp-content\/uploads\/sites\/2\/2022\/12\/fbl-aut-salzburg-barcelona-friendly-1.jpeg\" \/>\n\t<meta property=\"og:image:width\" content=\"1200\" \/>\n\t<meta property=\"og:image:height\" content=\"715\" \/>\n\t<meta property=\"og:image:type\" content=\"image\/jpeg\" \/>\n<meta name=\"author\" content=\"Juan Pablo Berdugo\" \/>\n<meta name=\"twitter:card\" content=\"summary_large_image\" \/>\n<meta name=\"twitter:label1\" content=\"Written by\" \/>\n\t<meta name=\"twitter:data1\" content=\"Juan Pablo Berdugo\" \/>\n\t<meta name=\"twitter:label2\" content=\"Est. reading time\" \/>\n\t<meta name=\"twitter:data2\" content=\"2 minutes\" \/>\n<script type=\"application\/ld+json\" class=\"yoast-schema-graph\">{\"@context\":\"https:\\\/\\\/schema.org\",\"@graph\":[{\"@type\":\"Article\",\"@id\":\"https:\\\/\\\/www.fcbarcelonanoticias.com\\\/en\\\/international-football\\\/second-chance-demir-ex-azulgrana-relives-his-career-in-turkey_287546_102.html#article\",\"isPartOf\":{\"@id\":\"https:\\\/\\\/www.fcbarcelonanoticias.com\\\/en\\\/international-football\\\/second-chance-demir-ex-azulgrana-relives-his-career-in-turkey_287546_102.html\"},\"author\":{\"name\":\"Juan Pablo Berdugo\",\"@id\":\"https:\\\/\\\/www.fcbarcelonanoticias.com\\\/en\\\/#\\\/schema\\\/person\\\/88d756918a0a1ae9fa593b5edddd1815\"},\"headline\":\"A second chance for Demir: The former Bar\u00e7a player &#8216;relives&#8217; his career in Turkey\",\"datePublished\":\"2022-12-12T16:19:00+00:00\",\"dateModified\":\"2026-04-16T07:25:25+00:00\",\"mainEntityOfPage\":{\"@id\":\"https:\\\/\\\/www.fcbarcelonanoticias.com\\\/en\\\/international-football\\\/second-chance-demir-ex-azulgrana-relives-his-career-in-turkey_287546_102.html\"},\"wordCount\":473,\"image\":{\"@id\":\"https:\\\/\\\/www.fcbarcelonanoticias.com\\\/en\\\/international-football\\\/second-chance-demir-ex-azulgrana-relives-his-career-in-turkey_287546_102.html#primaryimage\"},\"thumbnailUrl\":\"https:\\\/\\\/www.fcbarcelonanoticias.com\\\/en\\\/wp-content\\\/uploads\\\/sites\\\/2\\\/2022\\\/12\\\/fbl-aut-salzburg-barcelona-friendly-1.jpeg\",\"keywords\":[\"Galatasaray\",\"Yusuf Demir\"],\"articleSection\":[\"Sin categor\u00eda\"],\"inLanguage\":\"en-US\"},{\"@type\":\"WebPage\",\"@id\":\"https:\\\/\\\/www.fcbarcelonanoticias.com\\\/en\\\/international-football\\\/second-chance-demir-ex-azulgrana-relives-his-career-in-turkey_287546_102.html\",\"url\":\"https:\\\/\\\/www.fcbarcelonanoticias.com\\\/en\\\/international-football\\\/second-chance-demir-ex-azulgrana-relives-his-career-in-turkey_287546_102.html\",\"name\":\"A second chance for Demir: The former Bar\u00e7a player 'relives' his career in Turkey\",\"isPartOf\":{\"@id\":\"https:\\\/\\\/www.fcbarcelonanoticias.com\\\/en\\\/#website\"},\"primaryImageOfPage\":{\"@id\":\"https:\\\/\\\/www.fcbarcelonanoticias.com\\\/en\\\/international-football\\\/second-chance-demir-ex-azulgrana-relives-his-career-in-turkey_287546_102.html#primaryimage\"},\"image\":{\"@id\":\"https:\\\/\\\/www.fcbarcelonanoticias.com\\\/en\\\/international-football\\\/second-chance-demir-ex-azulgrana-relives-his-career-in-turkey_287546_102.html#primaryimage\"},\"thumbnailUrl\":\"https:\\\/\\\/www.fcbarcelonanoticias.com\\\/en\\\/wp-content\\\/uploads\\\/sites\\\/2\\\/2022\\\/12\\\/fbl-aut-salzburg-barcelona-friendly-1.jpeg\",\"datePublished\":\"2022-12-12T16:19:00+00:00\",\"dateModified\":\"2026-04-16T07:25:25+00:00\",\"author\":{\"@id\":\"https:\\\/\\\/www.fcbarcelonanoticias.com\\\/en\\\/#\\\/schema\\\/person\\\/88d756918a0a1ae9fa593b5edddd1815\"},\"description\":\"After his infruct\u00edfero go through the Bar\u00e7a, Yusuf Demir begins to see the 'light at the end of the tunnel'. The Austrian put course to the Galatasaray, where afterwards d...\",\"breadcrumb\":{\"@id\":\"https:\\\/\\\/www.fcbarcelonanoticias.com\\\/en\\\/international-football\\\/second-chance-demir-ex-azulgrana-relives-his-career-in-turkey_287546_102.html#breadcrumb\"},\"inLanguage\":\"en-US\",\"potentialAction\":[{\"@type\":\"ReadAction\",\"target\":[\"https:\\\/\\\/www.fcbarcelonanoticias.com\\\/en\\\/international-football\\\/second-chance-demir-ex-azulgrana-relives-his-career-in-turkey_287546_102.html\"]}]},{\"@type\":\"ImageObject\",\"inLanguage\":\"en-US\",\"@id\":\"https:\\\/\\\/www.fcbarcelonanoticias.com\\\/en\\\/international-football\\\/second-chance-demir-ex-azulgrana-relives-his-career-in-turkey_287546_102.html#primaryimage\",\"url\":\"https:\\\/\\\/www.fcbarcelonanoticias.com\\\/en\\\/wp-content\\\/uploads\\\/sites\\\/2\\\/2022\\\/12\\\/fbl-aut-salzburg-barcelona-friendly-1.jpeg\",\"contentUrl\":\"https:\\\/\\\/www.fcbarcelonanoticias.com\\\/en\\\/wp-content\\\/uploads\\\/sites\\\/2\\\/2022\\\/12\\\/fbl-aut-salzburg-barcelona-friendly-1.jpeg\",\"width\":1200,\"height\":715},{\"@type\":\"BreadcrumbList\",\"@id\":\"https:\\\/\\\/www.fcbarcelonanoticias.com\\\/en\\\/international-football\\\/second-chance-demir-ex-azulgrana-relives-his-career-in-turkey_287546_102.html#breadcrumb\",\"itemListElement\":[{\"@type\":\"ListItem\",\"position\":1,\"name\":\"Portada\",\"item\":\"https:\\\/\\\/www.fcbarcelonanoticias.com\\\/en\\\/\"},{\"@type\":\"ListItem\",\"position\":2,\"name\":\"A second chance for Demir: The former Bar\u00e7a player &#8216;relives&#8217; his career in Turkey\"}]},{\"@type\":\"WebSite\",\"@id\":\"https:\\\/\\\/www.fcbarcelonanoticias.com\\\/en\\\/#website\",\"url\":\"https:\\\/\\\/www.fcbarcelonanoticias.com\\\/en\\\/\",\"name\":\"EN - FC Barcelona Noticias\",\"description\":\"\",\"potentialAction\":[{\"@type\":\"SearchAction\",\"target\":{\"@type\":\"EntryPoint\",\"urlTemplate\":\"https:\\\/\\\/www.fcbarcelonanoticias.com\\\/en\\\/?s={search_term_string}\"},\"query-input\":{\"@type\":\"PropertyValueSpecification\",\"valueRequired\":true,\"valueName\":\"search_term_string\"}}],\"inLanguage\":\"en-US\"},{\"@type\":\"Person\",\"@id\":\"https:\\\/\\\/www.fcbarcelonanoticias.com\\\/en\\\/#\\\/schema\\\/person\\\/88d756918a0a1ae9fa593b5edddd1815\",\"name\":\"Juan Pablo Berdugo\",\"image\":{\"@type\":\"ImageObject\",\"inLanguage\":\"en-US\",\"@id\":\"https:\\\/\\\/secure.gravatar.com\\\/avatar\\\/?s=96&d=mm&r=g\",\"url\":\"https:\\\/\\\/secure.gravatar.com\\\/avatar\\\/?s=96&d=mm&r=g\",\"contentUrl\":\"https:\\\/\\\/secure.gravatar.com\\\/avatar\\\/?s=96&d=mm&r=g\",\"caption\":\"Juan Pablo Berdugo\"},\"description\":\"Juan Pablo Berdugo es graduado en Periodismo. Colabora con FCBN como especialista en informaci\u00f3n del primer equipo del FC Barcelona, f\u00fatbol internacional y mercado de fichajes. Destaca por su enfoque anal\u00edtico, su rigor informativo y su capacidad para detectar tendencias emergentes en el f\u00fatbol global.\",\"url\":\"https:\\\/\\\/www.fcbarcelonanoticias.com\\\/en\\\/fc-barcelona\\\/juan-pablo-berdugo_18_115.html\"}]}<\/script>\n<!-- \/ Yoast SEO plugin. -->","yoast_head_json":{"title":"A second chance for Demir: The former Bar\u00e7a player 'relives' his career in Turkey","description":"After his infruct\u00edfero go through the Bar\u00e7a, Yusuf Demir begins to see the 'light at the end of the tunnel'. The Austrian put course to the Galatasaray, where afterwards d...","robots":{"index":"index","follow":"follow","max-snippet":"max-snippet:-1","max-image-preview":"max-image-preview:large","max-video-preview":"max-video-preview:-1"},"canonical":"https:\/\/www.fcbarcelonanoticias.com\/en\/international-football\/second-chance-demir-ex-azulgrana-relives-his-career-in-turkey_287546_102.html","og_locale":"en_US","og_type":"article","og_title":"A second chance for Demir: The former Bar\u00e7a player 'relives' his career in Turkey","og_description":"After his infruct\u00edfero go through the Bar\u00e7a, Yusuf Demir begins to see the 'light at the end of the tunnel'. The Austrian put course to the Galatasaray, where afterwards d...","og_url":"https:\/\/www.fcbarcelonanoticias.com\/en\/international-football\/second-chance-demir-ex-azulgrana-relives-his-career-in-turkey_287546_102.html","og_site_name":"EN - FC Barcelona Noticias","article_published_time":"2022-12-12T16:19:00+00:00","article_modified_time":"2026-04-16T07:25:25+00:00","og_image":[{"width":1200,"height":715,"url":"https:\/\/www.fcbarcelonanoticias.com\/en\/wp-content\/uploads\/sites\/2\/2022\/12\/fbl-aut-salzburg-barcelona-friendly-1.jpeg","type":"image\/jpeg"}],"author":"Juan Pablo Berdugo","twitter_card":"summary_large_image","twitter_misc":{"Written by":"Juan Pablo Berdugo","Est. reading time":"2 minutes"},"schema":{"@context":"https:\/\/schema.org","@graph":[{"@type":"Article","@id":"https:\/\/www.fcbarcelonanoticias.com\/en\/international-football\/second-chance-demir-ex-azulgrana-relives-his-career-in-turkey_287546_102.html#article","isPartOf":{"@id":"https:\/\/www.fcbarcelonanoticias.com\/en\/international-football\/second-chance-demir-ex-azulgrana-relives-his-career-in-turkey_287546_102.html"},"author":{"name":"Juan Pablo Berdugo","@id":"https:\/\/www.fcbarcelonanoticias.com\/en\/#\/schema\/person\/88d756918a0a1ae9fa593b5edddd1815"},"headline":"A second chance for Demir: The former Bar\u00e7a player &#8216;relives&#8217; his career in Turkey","datePublished":"2022-12-12T16:19:00+00:00","dateModified":"2026-04-16T07:25:25+00:00","mainEntityOfPage":{"@id":"https:\/\/www.fcbarcelonanoticias.com\/en\/international-football\/second-chance-demir-ex-azulgrana-relives-his-career-in-turkey_287546_102.html"},"wordCount":473,"image":{"@id":"https:\/\/www.fcbarcelonanoticias.com\/en\/international-football\/second-chance-demir-ex-azulgrana-relives-his-career-in-turkey_287546_102.html#primaryimage"},"thumbnailUrl":"https:\/\/www.fcbarcelonanoticias.com\/en\/wp-content\/uploads\/sites\/2\/2022\/12\/fbl-aut-salzburg-barcelona-friendly-1.jpeg","keywords":["Galatasaray","Yusuf Demir"],"articleSection":["Sin categor\u00eda"],"inLanguage":"en-US"},{"@type":"WebPage","@id":"https:\/\/www.fcbarcelonanoticias.com\/en\/international-football\/second-chance-demir-ex-azulgrana-relives-his-career-in-turkey_287546_102.html","url":"https:\/\/www.fcbarcelonanoticias.com\/en\/international-football\/second-chance-demir-ex-azulgrana-relives-his-career-in-turkey_287546_102.html","name":"A second chance for Demir: The former Bar\u00e7a player 'relives' his career in Turkey","isPartOf":{"@id":"https:\/\/www.fcbarcelonanoticias.com\/en\/#website"},"primaryImageOfPage":{"@id":"https:\/\/www.fcbarcelonanoticias.com\/en\/international-football\/second-chance-demir-ex-azulgrana-relives-his-career-in-turkey_287546_102.html#primaryimage"},"image":{"@id":"https:\/\/www.fcbarcelonanoticias.com\/en\/international-football\/second-chance-demir-ex-azulgrana-relives-his-career-in-turkey_287546_102.html#primaryimage"},"thumbnailUrl":"https:\/\/www.fcbarcelonanoticias.com\/en\/wp-content\/uploads\/sites\/2\/2022\/12\/fbl-aut-salzburg-barcelona-friendly-1.jpeg","datePublished":"2022-12-12T16:19:00+00:00","dateModified":"2026-04-16T07:25:25+00:00","author":{"@id":"https:\/\/www.fcbarcelonanoticias.com\/en\/#\/schema\/person\/88d756918a0a1ae9fa593b5edddd1815"},"description":"After his infruct\u00edfero go through the Bar\u00e7a, Yusuf Demir begins to see the 'light at the end of the tunnel'. The Austrian put course to the Galatasaray, where afterwards d...","breadcrumb":{"@id":"https:\/\/www.fcbarcelonanoticias.com\/en\/international-football\/second-chance-demir-ex-azulgrana-relives-his-career-in-turkey_287546_102.html#breadcrumb"},"inLanguage":"en-US","potentialAction":[{"@type":"ReadAction","target":["https:\/\/www.fcbarcelonanoticias.com\/en\/international-football\/second-chance-demir-ex-azulgrana-relives-his-career-in-turkey_287546_102.html"]}]},{"@type":"ImageObject","inLanguage":"en-US","@id":"https:\/\/www.fcbarcelonanoticias.com\/en\/international-football\/second-chance-demir-ex-azulgrana-relives-his-career-in-turkey_287546_102.html#primaryimage","url":"https:\/\/www.fcbarcelonanoticias.com\/en\/wp-content\/uploads\/sites\/2\/2022\/12\/fbl-aut-salzburg-barcelona-friendly-1.jpeg","contentUrl":"https:\/\/www.fcbarcelonanoticias.com\/en\/wp-content\/uploads\/sites\/2\/2022\/12\/fbl-aut-salzburg-barcelona-friendly-1.jpeg","width":1200,"height":715},{"@type":"BreadcrumbList","@id":"https:\/\/www.fcbarcelonanoticias.com\/en\/international-football\/second-chance-demir-ex-azulgrana-relives-his-career-in-turkey_287546_102.html#breadcrumb","itemListElement":[{"@type":"ListItem","position":1,"name":"Portada","item":"https:\/\/www.fcbarcelonanoticias.com\/en\/"},{"@type":"ListItem","position":2,"name":"A second chance for Demir: The former Bar\u00e7a player &#8216;relives&#8217; his career in Turkey"}]},{"@type":"WebSite","@id":"https:\/\/www.fcbarcelonanoticias.com\/en\/#website","url":"https:\/\/www.fcbarcelonanoticias.com\/en\/","name":"EN - FC Barcelona Noticias","description":"","potentialAction":[{"@type":"SearchAction","target":{"@type":"EntryPoint","urlTemplate":"https:\/\/www.fcbarcelonanoticias.com\/en\/?s={search_term_string}"},"query-input":{"@type":"PropertyValueSpecification","valueRequired":true,"valueName":"search_term_string"}}],"inLanguage":"en-US"},{"@type":"Person","@id":"https:\/\/www.fcbarcelonanoticias.com\/en\/#\/schema\/person\/88d756918a0a1ae9fa593b5edddd1815","name":"Juan Pablo Berdugo","image":{"@type":"ImageObject","inLanguage":"en-US","@id":"https:\/\/secure.gravatar.com\/avatar\/?s=96&d=mm&r=g","url":"https:\/\/secure.gravatar.com\/avatar\/?s=96&d=mm&r=g","contentUrl":"https:\/\/secure.gravatar.com\/avatar\/?s=96&d=mm&r=g","caption":"Juan Pablo Berdugo"},"description":"Juan Pablo Berdugo es graduado en Periodismo. Colabora con FCBN como especialista en informaci\u00f3n del primer equipo del FC Barcelona, f\u00fatbol internacional y mercado de fichajes. Destaca por su enfoque anal\u00edtico, su rigor informativo y su capacidad para detectar tendencias emergentes en el f\u00fatbol global.","url":"https:\/\/www.fcbarcelonanoticias.com\/en\/fc-barcelona\/juan-pablo-berdugo_18_115.html"}]}},"_links":{"self":[{"href":"https:\/\/www.fcbarcelonanoticias.com\/en\/wp-json\/wp\/v2\/posts\/46528","targetHints":{"allow":["GET"]}}],"collection":[{"href":"https:\/\/www.fcbarcelonanoticias.com\/en\/wp-json\/wp\/v2\/posts"}],"about":[{"href":"https:\/\/www.fcbarcelonanoticias.com\/en\/wp-json\/wp\/v2\/types\/post"}],"author":[{"embeddable":true,"href":"https:\/\/www.fcbarcelonanoticias.com\/en\/wp-json\/wp\/v2\/users\/358"}],"replies":[{"embeddable":true,"href":"https:\/\/www.fcbarcelonanoticias.com\/en\/wp-json\/wp\/v2\/comments?post=46528"}],"version-history":[{"count":3,"href":"https:\/\/www.fcbarcelonanoticias.com\/en\/wp-json\/wp\/v2\/posts\/46528\/revisions"}],"predecessor-version":[{"id":174049,"href":"https:\/\/www.fcbarcelonanoticias.com\/en\/wp-json\/wp\/v2\/posts\/46528\/revisions\/174049"}],"wp:featuredmedia":[{"embeddable":true,"href":"https:\/\/www.fcbarcelonanoticias.com\/en\/wp-json\/wp\/v2\/media\/46529"}],"wp:attachment":[{"href":"https:\/\/www.fcbarcelonanoticias.com\/en\/wp-json\/wp\/v2\/media?parent=46528"}],"wp:term":[{"taxonomy":"category","embeddable":true,"href":"https:\/\/www.fcbarcelonanoticias.com\/en\/wp-json\/wp\/v2\/categories?post=46528"},{"taxonomy":"post_tag","embeddable":true,"href":"https:\/\/www.fcbarcelonanoticias.com\/en\/wp-json\/wp\/v2\/tags?post=46528"}],"curies":[{"name":"wp","href":"https:\/\/api.w.org\/{rel}","templated":true}]}}