{"id":46592,"date":"2024-07-24T17:59:00","date_gmt":"2024-07-24T15:59:00","guid":{"rendered":"https:\/\/weisetech.dev\/fc-barcelona-noticias\/en\/spain-with-barcelona-flavour-premieres-with-an-adjusted-victory-in-the-olympic-games-1-2_305773_102\/"},"modified":"2024-07-24T17:59:00","modified_gmt":"2024-07-24T15:59:00","slug":"spain-with-barcelona-flavour-premieres-with-an-adjusted-victory-in-the-olympic-games-1-2_305773_102","status":"publish","type":"post","link":"https:\/\/www.fcbarcelonanoticias.com\/en\/international-football\/spain-with-barcelona-flavour-premieres-with-an-adjusted-victory-in-the-olympic-games-1-2_305773_102.html","title":{"rendered":"A Spain with a Bar\u00e7a flavor debuts with a tight victory in the Olympic Games (1-2)"},"content":{"rendered":"<h2 class=\"wp-block-heading\">The Spanish Olympic team started its journey in Paris on the right foot. La Rojita achieved a narrow victory thanks to the goals of Pubill and Sergio G\u00f3mez, in a match that had a lot of cul\u00e9 participation<\/h2>  \r\n<div class=\"article-addons\">\r\n    <a href=\"https:\/\/www.fcbarcelonanoticias.com\/en\/calendar-fc-barcelona.html\"\r\n       target=\"_self\"\r\n       title=\"Calendar of FC Barcelona\"\r\n       class=\"blue-gredient-btn\">\r\n       \r\n        Calendar of FC Barcelona    <\/a>\r\n<\/div>   <p>The olympic selection of Spain gave him start to his adventure in Paris with a triumph by 1-2 in front of a combativa Uzbekistan. The group directed by Santi Denia gave a sample of personality and good football for sobreponerse to the adversities, since when all seemed to put against, held the &#8216;type&#8217; <strong>and the goals of Marc Pubill and Sergio G\u00f3mez were sufficient to give him the first three points to a combined that dreams with the gold<\/strong>.<\/p>  <p>The Rojita jumped to the field with an eleven considerably Barcelona initial. <a data-external=\"0\" data-intl-links-en=\"https:\/\/www.fcbarcelonanoticias.com\/en\/fc-barcelona\/the-record-that-will-reach-pau-cubarsi-in-the-olympic-games_305649_102.html\" data-intl-links-es=\"https:\/\/www.fcbarcelonanoticias.com\/fc-barcelona\/record-alcanzara-pau-cubarsi-en-juegos-olimpicos_305649_102.html\" href=\"https:\/\/www.fcbarcelonanoticias.com\/en\/fc-barcelona\/the-record-that-will-reach-pau-cubarsi-in-the-olympic-games_305649_102.html\" rel=\"follow\" target=\"_self\" title=\"El r\u00e9cord que alcanzar\u00e1 Pau Cubars\u00ed en los Juegos Ol\u00edmpicos\">Pau Cubars\u00ed, Ferm\u00edn L\u00f3pez and Eric Garc\u00eda<\/a>, footballers of the <a data-external=\"0\" data-intl-links-en=\"https:\/\/www.fcbarcelonanoticias.com\/en\/fc-barcelona\" data-intl-links-es=\"https:\/\/www.fcbarcelonanoticias.com\/fc-barcelona\" href=\"https:\/\/www.fcbarcelonanoticias.com\/en\/football-soccer\/fc-barcelona.html\" rel=\"follow\" target=\"_self\" title=\"FC Barcelona\">FC Barcelona<\/a>, were chosen by the trainer to go out from the start, <strong>whereas Arnau Tenas, Juan Miranda, Abel Ruiz and Sergio G\u00f3mez, ex canteranos of the Masia<\/strong>, followed suit for a team that tried to impose in the meeting from the start, but that it was &#8216;neutralised&#8217; by his rival.<\/p>  <p>However, the insistence of the Spaniards would achieve his reward brushing the half hour of party. The clock marked the minute 29 when Sergio G\u00f3mez launched a fault from the left side to the area, which was combed by Abel Ruiz in the first stick so that, in a rushed forward &#8216;wild&#8217; to the second stick, <strong>Marc Pubill advanced to his mark, put the right boot and surpassed to Nematov, that brushed the ball although at all it could do to avoid the 0-1 of the Rojita<\/strong>.<\/p>  <p>However, <strong>the group uzbeko would attain the same the actions thanks to an error of Pau Cubars\u00ed<\/strong>. The central of the FC Barcelona demolished to Khamraliev inside the area and, with review of the VAR of by half, the main referee signalled penal for the rivals of Spain. From the eleven steps, Shomurodov crossed perfectly his finish and beat to an Arnau Tenas that, in spite of pulling in all his capacity, could not reach the shot of the forward of the ACE Rome, by what both squares went to the changing rooms with &#8216;tables&#8217; in the marker.<\/p>  <h2>The Masia took a step forward<\/h2>  <p>However, in the second half would change the script for the Spaniards. <strong>Santi Denia decided to replace to a Cubars\u00ed &#8216;aturdido&#8217; in the half time to give him gone in to Pacheco<\/strong>, and to the 10 minutes of the second part would have the opportunity to put by in front in the result. Aimar Oroz Controlled the spherical in the background line and threw him a cut to Fayzullaev, that carried it to him dragged.<\/p>  <p>Sergio G\u00f3mez did with the responsibility to execute the penalti, but the same was cut across by Nematov. In spite of this, the extreme would achieve resarcir his error to the minute 62, when Juan Miranda recovered the balloon by the background line and commanded a centre raso to the penalty spot, <strong>where the footballer of the Real Sociedad finished to pleasure and put the 1-2 definite in the marker<\/strong>. The Rojita finish &#8216;asking the hour&#8217;, but knew to suffer until the pitido final and celebrated a victory important\u00edsima to begin the JJ.OO with the high morals.<\/p> ","protected":false},"excerpt":{"rendered":"<p>The Spanish Olympic team started its journey in Paris on the right foot. La Rojita achieved a narrow victory thanks to the goals of Pubill and Sergio G\u00f3mez, in a match that had a lot of cul\u00e9 participation The olympic selection of Spain gave him start to his adventure in Paris with a triumph by [&hellip;]<\/p>\n","protected":false},"author":358,"featured_media":46595,"comment_status":"closed","ping_status":"open","sticky":false,"template":"","format":"standard","meta":{"_acf_changed":false,"inline_featured_image":false,"_nextfly_llmd_date_locked":false,"footnotes":""},"categories":[111],"tags":[321],"class_list":["post-46592","post","type-post","status-publish","format-standard","has-post-thumbnail","hentry","category-fc-barcelona","tag-miranda"],"acf":[],"yoast_head":"<!-- This site is optimized with the Yoast SEO plugin v27.3 - https:\/\/yoast.com\/product\/yoast-seo-wordpress\/ -->\n<title>A Spain with Barcelona flavour premi\u00e8res with an adjusted victory in the Olympic games (1-2)<\/title>\n<meta name=\"description\" content=\"The olympic selection of Spain comenzpo with good foot his career in Paris. The Rojita achieved a triumph by the minimum thanks to the goals of Pubill and Sergio G\u00f3mez, in a meeting that had a lot of participation cul\u00e9\" \/>\n<meta name=\"robots\" content=\"index, follow, max-snippet:-1, max-image-preview:large, max-video-preview:-1\" \/>\n<link rel=\"canonical\" href=\"https:\/\/www.fcbarcelonanoticias.com\/en\/international-football\/spain-with-barcelona-flavour-premieres-with-an-adjusted-victory-in-the-olympic-games-1-2_305773_102.html\" \/>\n<meta property=\"og:locale\" content=\"en_US\" \/>\n<meta property=\"og:type\" content=\"article\" \/>\n<meta property=\"og:title\" content=\"A Spain with Barcelona flavour premi\u00e8res with an adjusted victory in the Olympic games (1-2)\" \/>\n<meta property=\"og:description\" content=\"The olympic selection of Spain comenzpo with good foot his career in Paris. The Rojita achieved a triumph by the minimum thanks to the goals of Pubill and Sergio G\u00f3mez, in a meeting that had a lot of participation cul\u00e9\" \/>\n<meta property=\"og:url\" content=\"https:\/\/www.fcbarcelonanoticias.com\/en\/international-football\/spain-with-barcelona-flavour-premieres-with-an-adjusted-victory-in-the-olympic-games-1-2_305773_102.html\" \/>\n<meta property=\"og:site_name\" content=\"EN - FC Barcelona Noticias\" \/>\n<meta property=\"article:published_time\" content=\"2024-07-24T15:59:00+00:00\" \/>\n<meta property=\"og:image\" content=\"https:\/\/www.fcbarcelonanoticias.com\/en\/wp-content\/uploads\/sites\/2\/2024\/07\/la-seleccion-olimpica-de-espana-celebrando-1.jpeg\" \/>\n\t<meta property=\"og:image:width\" content=\"1300\" \/>\n\t<meta property=\"og:image:height\" content=\"732\" \/>\n\t<meta property=\"og:image:type\" content=\"image\/jpeg\" \/>\n<meta name=\"author\" content=\"Juan Pablo Berdugo\" \/>\n<meta name=\"twitter:card\" content=\"summary_large_image\" \/>\n<meta name=\"twitter:label1\" content=\"Written by\" \/>\n\t<meta name=\"twitter:data1\" content=\"Juan Pablo Berdugo\" \/>\n\t<meta name=\"twitter:label2\" content=\"Est. reading time\" \/>\n\t<meta name=\"twitter:data2\" content=\"3 minutes\" \/>\n<script type=\"application\/ld+json\" class=\"yoast-schema-graph\">{\"@context\":\"https:\\\/\\\/schema.org\",\"@graph\":[{\"@type\":\"Article\",\"@id\":\"https:\\\/\\\/www.fcbarcelonanoticias.com\\\/en\\\/international-football\\\/spain-with-barcelona-flavour-premieres-with-an-adjusted-victory-in-the-olympic-games-1-2_305773_102.html#article\",\"isPartOf\":{\"@id\":\"https:\\\/\\\/www.fcbarcelonanoticias.com\\\/en\\\/international-football\\\/spain-with-barcelona-flavour-premieres-with-an-adjusted-victory-in-the-olympic-games-1-2_305773_102.html\"},\"author\":{\"name\":\"Juan Pablo Berdugo\",\"@id\":\"https:\\\/\\\/www.fcbarcelonanoticias.com\\\/en\\\/#\\\/schema\\\/person\\\/88d756918a0a1ae9fa593b5edddd1815\"},\"headline\":\"A Spain with a Bar\u00e7a flavor debuts with a tight victory in the Olympic Games (1-2)\",\"datePublished\":\"2024-07-24T15:59:00+00:00\",\"mainEntityOfPage\":{\"@id\":\"https:\\\/\\\/www.fcbarcelonanoticias.com\\\/en\\\/international-football\\\/spain-with-barcelona-flavour-premieres-with-an-adjusted-victory-in-the-olympic-games-1-2_305773_102.html\"},\"wordCount\":577,\"image\":{\"@id\":\"https:\\\/\\\/www.fcbarcelonanoticias.com\\\/en\\\/international-football\\\/spain-with-barcelona-flavour-premieres-with-an-adjusted-victory-in-the-olympic-games-1-2_305773_102.html#primaryimage\"},\"thumbnailUrl\":\"https:\\\/\\\/www.fcbarcelonanoticias.com\\\/en\\\/wp-content\\\/uploads\\\/sites\\\/2\\\/2024\\\/07\\\/la-seleccion-olimpica-de-espana-celebrando-1.jpeg\",\"keywords\":[\"Miranda\"],\"articleSection\":[\"FC Barcelona\"],\"inLanguage\":\"en-US\"},{\"@type\":\"WebPage\",\"@id\":\"https:\\\/\\\/www.fcbarcelonanoticias.com\\\/en\\\/international-football\\\/spain-with-barcelona-flavour-premieres-with-an-adjusted-victory-in-the-olympic-games-1-2_305773_102.html\",\"url\":\"https:\\\/\\\/www.fcbarcelonanoticias.com\\\/en\\\/international-football\\\/spain-with-barcelona-flavour-premieres-with-an-adjusted-victory-in-the-olympic-games-1-2_305773_102.html\",\"name\":\"A Spain with Barcelona flavour premi\u00e8res with an adjusted victory in the Olympic games (1-2)\",\"isPartOf\":{\"@id\":\"https:\\\/\\\/www.fcbarcelonanoticias.com\\\/en\\\/#website\"},\"primaryImageOfPage\":{\"@id\":\"https:\\\/\\\/www.fcbarcelonanoticias.com\\\/en\\\/international-football\\\/spain-with-barcelona-flavour-premieres-with-an-adjusted-victory-in-the-olympic-games-1-2_305773_102.html#primaryimage\"},\"image\":{\"@id\":\"https:\\\/\\\/www.fcbarcelonanoticias.com\\\/en\\\/international-football\\\/spain-with-barcelona-flavour-premieres-with-an-adjusted-victory-in-the-olympic-games-1-2_305773_102.html#primaryimage\"},\"thumbnailUrl\":\"https:\\\/\\\/www.fcbarcelonanoticias.com\\\/en\\\/wp-content\\\/uploads\\\/sites\\\/2\\\/2024\\\/07\\\/la-seleccion-olimpica-de-espana-celebrando-1.jpeg\",\"datePublished\":\"2024-07-24T15:59:00+00:00\",\"author\":{\"@id\":\"https:\\\/\\\/www.fcbarcelonanoticias.com\\\/en\\\/#\\\/schema\\\/person\\\/88d756918a0a1ae9fa593b5edddd1815\"},\"description\":\"The olympic selection of Spain comenzpo with good foot his career in Paris. The Rojita achieved a triumph by the minimum thanks to the goals of Pubill and Sergio G\u00f3mez, in a meeting that had a lot of participation cul\u00e9\",\"breadcrumb\":{\"@id\":\"https:\\\/\\\/www.fcbarcelonanoticias.com\\\/en\\\/international-football\\\/spain-with-barcelona-flavour-premieres-with-an-adjusted-victory-in-the-olympic-games-1-2_305773_102.html#breadcrumb\"},\"inLanguage\":\"en-US\",\"potentialAction\":[{\"@type\":\"ReadAction\",\"target\":[\"https:\\\/\\\/www.fcbarcelonanoticias.com\\\/en\\\/international-football\\\/spain-with-barcelona-flavour-premieres-with-an-adjusted-victory-in-the-olympic-games-1-2_305773_102.html\"]}]},{\"@type\":\"ImageObject\",\"inLanguage\":\"en-US\",\"@id\":\"https:\\\/\\\/www.fcbarcelonanoticias.com\\\/en\\\/international-football\\\/spain-with-barcelona-flavour-premieres-with-an-adjusted-victory-in-the-olympic-games-1-2_305773_102.html#primaryimage\",\"url\":\"https:\\\/\\\/www.fcbarcelonanoticias.com\\\/en\\\/wp-content\\\/uploads\\\/sites\\\/2\\\/2024\\\/07\\\/la-seleccion-olimpica-de-espana-celebrando-1.jpeg\",\"contentUrl\":\"https:\\\/\\\/www.fcbarcelonanoticias.com\\\/en\\\/wp-content\\\/uploads\\\/sites\\\/2\\\/2024\\\/07\\\/la-seleccion-olimpica-de-espana-celebrando-1.jpeg\",\"width\":1300,\"height\":732},{\"@type\":\"BreadcrumbList\",\"@id\":\"https:\\\/\\\/www.fcbarcelonanoticias.com\\\/en\\\/international-football\\\/spain-with-barcelona-flavour-premieres-with-an-adjusted-victory-in-the-olympic-games-1-2_305773_102.html#breadcrumb\",\"itemListElement\":[{\"@type\":\"ListItem\",\"position\":1,\"name\":\"Portada\",\"item\":\"https:\\\/\\\/www.fcbarcelonanoticias.com\\\/en\\\/\"},{\"@type\":\"ListItem\",\"position\":2,\"name\":\"A Spain with a Bar\u00e7a flavor debuts with a tight victory in the Olympic Games (1-2)\"}]},{\"@type\":\"WebSite\",\"@id\":\"https:\\\/\\\/www.fcbarcelonanoticias.com\\\/en\\\/#website\",\"url\":\"https:\\\/\\\/www.fcbarcelonanoticias.com\\\/en\\\/\",\"name\":\"EN - FC Barcelona Noticias\",\"description\":\"\",\"potentialAction\":[{\"@type\":\"SearchAction\",\"target\":{\"@type\":\"EntryPoint\",\"urlTemplate\":\"https:\\\/\\\/www.fcbarcelonanoticias.com\\\/en\\\/?s={search_term_string}\"},\"query-input\":{\"@type\":\"PropertyValueSpecification\",\"valueRequired\":true,\"valueName\":\"search_term_string\"}}],\"inLanguage\":\"en-US\"},{\"@type\":\"Person\",\"@id\":\"https:\\\/\\\/www.fcbarcelonanoticias.com\\\/en\\\/#\\\/schema\\\/person\\\/88d756918a0a1ae9fa593b5edddd1815\",\"name\":\"Juan Pablo Berdugo\",\"image\":{\"@type\":\"ImageObject\",\"inLanguage\":\"en-US\",\"@id\":\"https:\\\/\\\/secure.gravatar.com\\\/avatar\\\/?s=96&d=mm&r=g\",\"url\":\"https:\\\/\\\/secure.gravatar.com\\\/avatar\\\/?s=96&d=mm&r=g\",\"contentUrl\":\"https:\\\/\\\/secure.gravatar.com\\\/avatar\\\/?s=96&d=mm&r=g\",\"caption\":\"Juan Pablo Berdugo\"},\"description\":\"Juan Pablo Berdugo es graduado en Periodismo. Colabora con FCBN como especialista en informaci\u00f3n del primer equipo del FC Barcelona, f\u00fatbol internacional y mercado de fichajes. Destaca por su enfoque anal\u00edtico, su rigor informativo y su capacidad para detectar tendencias emergentes en el f\u00fatbol global.\",\"url\":\"https:\\\/\\\/www.fcbarcelonanoticias.com\\\/en\\\/fc-barcelona\\\/juan-pablo-berdugo_18_115.html\"}]}<\/script>\n<!-- \/ Yoast SEO plugin. -->","yoast_head_json":{"title":"A Spain with Barcelona flavour premi\u00e8res with an adjusted victory in the Olympic games (1-2)","description":"The olympic selection of Spain comenzpo with good foot his career in Paris. The Rojita achieved a triumph by the minimum thanks to the goals of Pubill and Sergio G\u00f3mez, in a meeting that had a lot of participation cul\u00e9","robots":{"index":"index","follow":"follow","max-snippet":"max-snippet:-1","max-image-preview":"max-image-preview:large","max-video-preview":"max-video-preview:-1"},"canonical":"https:\/\/www.fcbarcelonanoticias.com\/en\/international-football\/spain-with-barcelona-flavour-premieres-with-an-adjusted-victory-in-the-olympic-games-1-2_305773_102.html","og_locale":"en_US","og_type":"article","og_title":"A Spain with Barcelona flavour premi\u00e8res with an adjusted victory in the Olympic games (1-2)","og_description":"The olympic selection of Spain comenzpo with good foot his career in Paris. The Rojita achieved a triumph by the minimum thanks to the goals of Pubill and Sergio G\u00f3mez, in a meeting that had a lot of participation cul\u00e9","og_url":"https:\/\/www.fcbarcelonanoticias.com\/en\/international-football\/spain-with-barcelona-flavour-premieres-with-an-adjusted-victory-in-the-olympic-games-1-2_305773_102.html","og_site_name":"EN - FC Barcelona Noticias","article_published_time":"2024-07-24T15:59:00+00:00","og_image":[{"width":1300,"height":732,"url":"https:\/\/www.fcbarcelonanoticias.com\/en\/wp-content\/uploads\/sites\/2\/2024\/07\/la-seleccion-olimpica-de-espana-celebrando-1.jpeg","type":"image\/jpeg"}],"author":"Juan Pablo Berdugo","twitter_card":"summary_large_image","twitter_misc":{"Written by":"Juan Pablo Berdugo","Est. reading time":"3 minutes"},"schema":{"@context":"https:\/\/schema.org","@graph":[{"@type":"Article","@id":"https:\/\/www.fcbarcelonanoticias.com\/en\/international-football\/spain-with-barcelona-flavour-premieres-with-an-adjusted-victory-in-the-olympic-games-1-2_305773_102.html#article","isPartOf":{"@id":"https:\/\/www.fcbarcelonanoticias.com\/en\/international-football\/spain-with-barcelona-flavour-premieres-with-an-adjusted-victory-in-the-olympic-games-1-2_305773_102.html"},"author":{"name":"Juan Pablo Berdugo","@id":"https:\/\/www.fcbarcelonanoticias.com\/en\/#\/schema\/person\/88d756918a0a1ae9fa593b5edddd1815"},"headline":"A Spain with a Bar\u00e7a flavor debuts with a tight victory in the Olympic Games (1-2)","datePublished":"2024-07-24T15:59:00+00:00","mainEntityOfPage":{"@id":"https:\/\/www.fcbarcelonanoticias.com\/en\/international-football\/spain-with-barcelona-flavour-premieres-with-an-adjusted-victory-in-the-olympic-games-1-2_305773_102.html"},"wordCount":577,"image":{"@id":"https:\/\/www.fcbarcelonanoticias.com\/en\/international-football\/spain-with-barcelona-flavour-premieres-with-an-adjusted-victory-in-the-olympic-games-1-2_305773_102.html#primaryimage"},"thumbnailUrl":"https:\/\/www.fcbarcelonanoticias.com\/en\/wp-content\/uploads\/sites\/2\/2024\/07\/la-seleccion-olimpica-de-espana-celebrando-1.jpeg","keywords":["Miranda"],"articleSection":["FC Barcelona"],"inLanguage":"en-US"},{"@type":"WebPage","@id":"https:\/\/www.fcbarcelonanoticias.com\/en\/international-football\/spain-with-barcelona-flavour-premieres-with-an-adjusted-victory-in-the-olympic-games-1-2_305773_102.html","url":"https:\/\/www.fcbarcelonanoticias.com\/en\/international-football\/spain-with-barcelona-flavour-premieres-with-an-adjusted-victory-in-the-olympic-games-1-2_305773_102.html","name":"A Spain with Barcelona flavour premi\u00e8res with an adjusted victory in the Olympic games (1-2)","isPartOf":{"@id":"https:\/\/www.fcbarcelonanoticias.com\/en\/#website"},"primaryImageOfPage":{"@id":"https:\/\/www.fcbarcelonanoticias.com\/en\/international-football\/spain-with-barcelona-flavour-premieres-with-an-adjusted-victory-in-the-olympic-games-1-2_305773_102.html#primaryimage"},"image":{"@id":"https:\/\/www.fcbarcelonanoticias.com\/en\/international-football\/spain-with-barcelona-flavour-premieres-with-an-adjusted-victory-in-the-olympic-games-1-2_305773_102.html#primaryimage"},"thumbnailUrl":"https:\/\/www.fcbarcelonanoticias.com\/en\/wp-content\/uploads\/sites\/2\/2024\/07\/la-seleccion-olimpica-de-espana-celebrando-1.jpeg","datePublished":"2024-07-24T15:59:00+00:00","author":{"@id":"https:\/\/www.fcbarcelonanoticias.com\/en\/#\/schema\/person\/88d756918a0a1ae9fa593b5edddd1815"},"description":"The olympic selection of Spain comenzpo with good foot his career in Paris. The Rojita achieved a triumph by the minimum thanks to the goals of Pubill and Sergio G\u00f3mez, in a meeting that had a lot of participation cul\u00e9","breadcrumb":{"@id":"https:\/\/www.fcbarcelonanoticias.com\/en\/international-football\/spain-with-barcelona-flavour-premieres-with-an-adjusted-victory-in-the-olympic-games-1-2_305773_102.html#breadcrumb"},"inLanguage":"en-US","potentialAction":[{"@type":"ReadAction","target":["https:\/\/www.fcbarcelonanoticias.com\/en\/international-football\/spain-with-barcelona-flavour-premieres-with-an-adjusted-victory-in-the-olympic-games-1-2_305773_102.html"]}]},{"@type":"ImageObject","inLanguage":"en-US","@id":"https:\/\/www.fcbarcelonanoticias.com\/en\/international-football\/spain-with-barcelona-flavour-premieres-with-an-adjusted-victory-in-the-olympic-games-1-2_305773_102.html#primaryimage","url":"https:\/\/www.fcbarcelonanoticias.com\/en\/wp-content\/uploads\/sites\/2\/2024\/07\/la-seleccion-olimpica-de-espana-celebrando-1.jpeg","contentUrl":"https:\/\/www.fcbarcelonanoticias.com\/en\/wp-content\/uploads\/sites\/2\/2024\/07\/la-seleccion-olimpica-de-espana-celebrando-1.jpeg","width":1300,"height":732},{"@type":"BreadcrumbList","@id":"https:\/\/www.fcbarcelonanoticias.com\/en\/international-football\/spain-with-barcelona-flavour-premieres-with-an-adjusted-victory-in-the-olympic-games-1-2_305773_102.html#breadcrumb","itemListElement":[{"@type":"ListItem","position":1,"name":"Portada","item":"https:\/\/www.fcbarcelonanoticias.com\/en\/"},{"@type":"ListItem","position":2,"name":"A Spain with a Bar\u00e7a flavor debuts with a tight victory in the Olympic Games (1-2)"}]},{"@type":"WebSite","@id":"https:\/\/www.fcbarcelonanoticias.com\/en\/#website","url":"https:\/\/www.fcbarcelonanoticias.com\/en\/","name":"EN - FC Barcelona Noticias","description":"","potentialAction":[{"@type":"SearchAction","target":{"@type":"EntryPoint","urlTemplate":"https:\/\/www.fcbarcelonanoticias.com\/en\/?s={search_term_string}"},"query-input":{"@type":"PropertyValueSpecification","valueRequired":true,"valueName":"search_term_string"}}],"inLanguage":"en-US"},{"@type":"Person","@id":"https:\/\/www.fcbarcelonanoticias.com\/en\/#\/schema\/person\/88d756918a0a1ae9fa593b5edddd1815","name":"Juan Pablo Berdugo","image":{"@type":"ImageObject","inLanguage":"en-US","@id":"https:\/\/secure.gravatar.com\/avatar\/?s=96&d=mm&r=g","url":"https:\/\/secure.gravatar.com\/avatar\/?s=96&d=mm&r=g","contentUrl":"https:\/\/secure.gravatar.com\/avatar\/?s=96&d=mm&r=g","caption":"Juan Pablo Berdugo"},"description":"Juan Pablo Berdugo es graduado en Periodismo. Colabora con FCBN como especialista en informaci\u00f3n del primer equipo del FC Barcelona, f\u00fatbol internacional y mercado de fichajes. Destaca por su enfoque anal\u00edtico, su rigor informativo y su capacidad para detectar tendencias emergentes en el f\u00fatbol global.","url":"https:\/\/www.fcbarcelonanoticias.com\/en\/fc-barcelona\/juan-pablo-berdugo_18_115.html"}]}},"_links":{"self":[{"href":"https:\/\/www.fcbarcelonanoticias.com\/en\/wp-json\/wp\/v2\/posts\/46592","targetHints":{"allow":["GET"]}}],"collection":[{"href":"https:\/\/www.fcbarcelonanoticias.com\/en\/wp-json\/wp\/v2\/posts"}],"about":[{"href":"https:\/\/www.fcbarcelonanoticias.com\/en\/wp-json\/wp\/v2\/types\/post"}],"author":[{"embeddable":true,"href":"https:\/\/www.fcbarcelonanoticias.com\/en\/wp-json\/wp\/v2\/users\/358"}],"replies":[{"embeddable":true,"href":"https:\/\/www.fcbarcelonanoticias.com\/en\/wp-json\/wp\/v2\/comments?post=46592"}],"version-history":[{"count":1,"href":"https:\/\/www.fcbarcelonanoticias.com\/en\/wp-json\/wp\/v2\/posts\/46592\/revisions"}],"predecessor-version":[{"id":46593,"href":"https:\/\/www.fcbarcelonanoticias.com\/en\/wp-json\/wp\/v2\/posts\/46592\/revisions\/46593"}],"wp:featuredmedia":[{"embeddable":true,"href":"https:\/\/www.fcbarcelonanoticias.com\/en\/wp-json\/wp\/v2\/media\/46595"}],"wp:attachment":[{"href":"https:\/\/www.fcbarcelonanoticias.com\/en\/wp-json\/wp\/v2\/media?parent=46592"}],"wp:term":[{"taxonomy":"category","embeddable":true,"href":"https:\/\/www.fcbarcelonanoticias.com\/en\/wp-json\/wp\/v2\/categories?post=46592"},{"taxonomy":"post_tag","embeddable":true,"href":"https:\/\/www.fcbarcelonanoticias.com\/en\/wp-json\/wp\/v2\/tags?post=46592"}],"curies":[{"name":"wp","href":"https:\/\/api.w.org\/{rel}","templated":true}]}}