{"id":46710,"date":"2024-06-05T13:48:00","date_gmt":"2024-06-05T11:48:00","guid":{"rendered":"https:\/\/weisetech.dev\/fc-barcelona-noticias\/en\/ter-stegen-sincere-on-his-tremenda-disappointment-for-being-the-acting-of-neuer-in-the-eurocopa_304182_102\/"},"modified":"2024-06-05T15:32:00","modified_gmt":"2024-06-05T13:32:00","slug":"ter-stegen-sincere-on-his-tremenda-disappointment-for-being-the-acting-of-neuer-in-the-eurocopa_304182_102","status":"publish","type":"post","link":"https:\/\/www.fcbarcelonanoticias.com\/en\/international-football\/ter-stegen-sincere-on-his-tremenda-disappointment-for-being-the-acting-of-neuer-in-the-eurocopa_304182_102.html","title":{"rendered":"Ter Stegen opens up about his tremendous disappointment at being Neuer&#8217;s substitute in the Euro Cup"},"content":{"rendered":"<h2 class=\"wp-block-heading\">Ter Stegen has publicly shown his dissatisfaction with the substitution in the national team. The German spoke about his situation in &#8216;Die Mannschaft&#8217; and said he felt &#8220;disappointed&#8221; at seeing himself on the bench to the detriment of Neuer.<\/h2>  \r\n<div class=\"article-addons\">\r\n    <a href=\"https:\/\/www.fcbarcelonanoticias.com\/en\/calendar-fc-barcelona.html\"\r\n       target=\"_self\"\r\n       title=\"Calendar of FC Barcelona\"\r\n       class=\"blue-gredient-btn\">\r\n       \r\n        Calendar of FC Barcelona    <\/a>\r\n<\/div>   <p>They are not easy moments for <a data-external=\"0\" data-intl-links-en=\"https:\/\/www.fcbarcelonanoticias.com\/en\/tags\/ter-stegen\" data-intl-links-es=\"https:\/\/www.fcbarcelonanoticias.com\/tags\/ter-stegen\" href=\"https:\/\/www.fcbarcelonanoticias.com\/en\/player\/ter-stegen.html\" rel=\"follow\" target=\"_self\" title=\"Ter Stegen\">Marc-Andr\u00e9 ter Stegen<\/a> in the selection of Germany. The guardameta of the <a data-external=\"0\" data-intl-links-en=\"https:\/\/www.fcbarcelonanoticias.com\/en\/fc-barcelona\" data-intl-links-es=\"https:\/\/www.fcbarcelonanoticias.com\/fc-barcelona\" href=\"https:\/\/www.fcbarcelonanoticias.com\/en\/football-soccer\/fc-barcelona.html\" rel=\"follow\" target=\"_self\" title=\"FC Barcelona\">FC Barcelona<\/a> knows acting in the combined Teutonic, since the presence of Manuel Neuer still valid has prevented him do with the indisputable titularity in the goal of &#8216;Die Mannschaft&#8217;. <strong>The player knows that it will live the Eurocopa from the bench, a situation that does not like him neither a bit<\/strong>.<\/p>  <p>On this has pronounced during the concentration of the German selection in Herzogenaurach. A day after the tie to zero in front of Ukraine in a previous friendly party to the continental tournament, <strong>the footballer described his role in the team as &#8220;very disappointing&#8221;<\/strong>. &#8220;It is not a pleasant situation&#8221;, said at the same time that signalled that it accepts the decision although &#8220;it do not agree&#8221;.<\/p>  <p>&#8220;At the end of the day have a responsibility with the group to help in what it can&#8221;, continued Ter Stegen. &#8220;<strong>I said him to the seleccionador national that a thing is sportive and another human, want that all can trust me<\/strong>&#8220;, argued the Barcelona goalkeeper after the decision of the seleccionador Julian Naggelsmann, that to the equal that the previous trainers of the selection from does almost 15 years, bet by the titularity of Neuer.<\/p>  <p>However, Marc-Andr\u00e9, of 32 years, wanted to matizar his statements and desligarlas of a possible desencuentro with the goalkeeper of 37 years of the Bayern Munich. The guardameta of the Bar\u00e7a affirmed that his situation &#8220;does not have at all that see&#8221;<strong> <\/strong>with Neuer. &#8220;<strong>Neither it has at all that see with him to personal level, have a good relation<\/strong>&#8220;, asever\u00f3.<\/p>  <h2>A new tournament like acting<\/h2>  <p>The goalkeeper of the Bar\u00e7a will live his fourth big championship seated in the bench. It was summoned by his selection so much in the Eurocopa 2016 (the one of 2020 lost by it to him an injury of knee) as in the World-wide 2018 and 2022, but so much Joachim L\u00f6w, Hansi Flick and now Nagelsmann decanted by Manuel Neuer like titling. The Eurocopa in German territory aimed to be a before and an afterwards for Ter Stegen after the grave injury of the player of the Bayern to finals of 2022 (tibial break), but the champion of the world of 2014 went back to time, recovered his best level with the Bavarians and will go back to be headline now.<\/p> ","protected":false},"excerpt":{"rendered":"<p>Ter Stegen has publicly shown his dissatisfaction with the substitution in the national team. The German spoke about his situation in &#8216;Die Mannschaft&#8217; and said he felt &#8220;disappointed&#8221; at seeing himself on the bench to the detriment of Neuer. They are not easy moments for Marc-Andr\u00e9 ter Stegen in the selection of Germany. The guardameta [&hellip;]<\/p>\n","protected":false},"author":358,"featured_media":11148,"comment_status":"closed","ping_status":"open","sticky":false,"template":"","format":"standard","meta":{"_acf_changed":false,"inline_featured_image":false,"_nextfly_llmd_date_locked":false,"footnotes":""},"categories":[111],"tags":[],"class_list":["post-46710","post","type-post","status-publish","format-standard","has-post-thumbnail","hentry","category-fc-barcelona"],"acf":[],"yoast_head":"<!-- This site is optimized with the Yoast SEO plugin v27.3 - https:\/\/yoast.com\/product\/yoast-seo-wordpress\/ -->\n<title>Ter Stegen Sincere on his tremenda disappointment for being the acting of Neuer in the Eurocopa<\/title>\n<meta name=\"description\" content=\"Ter Stegen Has showed publicly his incoformidad by the suplencia in the selection. The German spoke on his situation in &#039;Die Mannschaft&#039; and ensured to feel &quot;disappointed&quot; for seeing in the bench to the detriment of Neuer.\" \/>\n<meta name=\"robots\" content=\"index, follow, max-snippet:-1, max-image-preview:large, max-video-preview:-1\" \/>\n<link rel=\"canonical\" href=\"https:\/\/www.fcbarcelonanoticias.com\/en\/international-football\/ter-stegen-sincere-on-his-tremenda-disappointment-for-being-the-acting-of-neuer-in-the-eurocopa_304182_102.html\" \/>\n<meta property=\"og:locale\" content=\"en_US\" \/>\n<meta property=\"og:type\" content=\"article\" \/>\n<meta property=\"og:title\" content=\"Ter Stegen Sincere on his tremenda disappointment for being the acting of Neuer in the Eurocopa\" \/>\n<meta property=\"og:description\" content=\"Ter Stegen Has showed publicly his incoformidad by the suplencia in the selection. The German spoke on his situation in &#039;Die Mannschaft&#039; and ensured to feel &quot;disappointed&quot; for seeing in the bench to the detriment of Neuer.\" \/>\n<meta property=\"og:url\" content=\"https:\/\/www.fcbarcelonanoticias.com\/en\/international-football\/ter-stegen-sincere-on-his-tremenda-disappointment-for-being-the-acting-of-neuer-in-the-eurocopa_304182_102.html\" \/>\n<meta property=\"og:site_name\" content=\"EN - FC Barcelona Noticias\" \/>\n<meta property=\"article:published_time\" content=\"2024-06-05T11:48:00+00:00\" \/>\n<meta property=\"article:modified_time\" content=\"2024-06-05T13:32:00+00:00\" \/>\n<meta property=\"og:image\" content=\"https:\/\/www.fcbarcelonanoticias.com\/en\/wp-content\/uploads\/sites\/2\/2024\/07\/manuel-neuer-y-marc-andre-ter-stegen-en-la-seleccion-alemana.png\" \/>\n\t<meta property=\"og:image:width\" content=\"1300\" \/>\n\t<meta property=\"og:image:height\" content=\"732\" \/>\n\t<meta property=\"og:image:type\" content=\"image\/png\" \/>\n<meta name=\"author\" content=\"Juan Pablo Berdugo\" \/>\n<meta name=\"twitter:card\" content=\"summary_large_image\" \/>\n<meta name=\"twitter:label1\" content=\"Written by\" \/>\n\t<meta name=\"twitter:data1\" content=\"Juan Pablo Berdugo\" \/>\n\t<meta name=\"twitter:label2\" content=\"Est. reading time\" \/>\n\t<meta name=\"twitter:data2\" content=\"2 minutes\" \/>\n<script type=\"application\/ld+json\" class=\"yoast-schema-graph\">{\"@context\":\"https:\\\/\\\/schema.org\",\"@graph\":[{\"@type\":\"Article\",\"@id\":\"https:\\\/\\\/www.fcbarcelonanoticias.com\\\/en\\\/international-football\\\/ter-stegen-sincere-on-his-tremenda-disappointment-for-being-the-acting-of-neuer-in-the-eurocopa_304182_102.html#article\",\"isPartOf\":{\"@id\":\"https:\\\/\\\/www.fcbarcelonanoticias.com\\\/en\\\/international-football\\\/ter-stegen-sincere-on-his-tremenda-disappointment-for-being-the-acting-of-neuer-in-the-eurocopa_304182_102.html\"},\"author\":{\"name\":\"Juan Pablo Berdugo\",\"@id\":\"https:\\\/\\\/www.fcbarcelonanoticias.com\\\/en\\\/#\\\/schema\\\/person\\\/88d756918a0a1ae9fa593b5edddd1815\"},\"headline\":\"Ter Stegen opens up about his tremendous disappointment at being Neuer&#8217;s substitute in the Euro Cup\",\"datePublished\":\"2024-06-05T11:48:00+00:00\",\"dateModified\":\"2024-06-05T13:32:00+00:00\",\"mainEntityOfPage\":{\"@id\":\"https:\\\/\\\/www.fcbarcelonanoticias.com\\\/en\\\/international-football\\\/ter-stegen-sincere-on-his-tremenda-disappointment-for-being-the-acting-of-neuer-in-the-eurocopa_304182_102.html\"},\"wordCount\":451,\"image\":{\"@id\":\"https:\\\/\\\/www.fcbarcelonanoticias.com\\\/en\\\/international-football\\\/ter-stegen-sincere-on-his-tremenda-disappointment-for-being-the-acting-of-neuer-in-the-eurocopa_304182_102.html#primaryimage\"},\"thumbnailUrl\":\"https:\\\/\\\/www.fcbarcelonanoticias.com\\\/en\\\/wp-content\\\/uploads\\\/sites\\\/2\\\/2024\\\/07\\\/manuel-neuer-y-marc-andre-ter-stegen-en-la-seleccion-alemana.png\",\"articleSection\":[\"FC Barcelona\"],\"inLanguage\":\"en-US\"},{\"@type\":\"WebPage\",\"@id\":\"https:\\\/\\\/www.fcbarcelonanoticias.com\\\/en\\\/international-football\\\/ter-stegen-sincere-on-his-tremenda-disappointment-for-being-the-acting-of-neuer-in-the-eurocopa_304182_102.html\",\"url\":\"https:\\\/\\\/www.fcbarcelonanoticias.com\\\/en\\\/international-football\\\/ter-stegen-sincere-on-his-tremenda-disappointment-for-being-the-acting-of-neuer-in-the-eurocopa_304182_102.html\",\"name\":\"Ter Stegen Sincere on his tremenda disappointment for being the acting of Neuer in the Eurocopa\",\"isPartOf\":{\"@id\":\"https:\\\/\\\/www.fcbarcelonanoticias.com\\\/en\\\/#website\"},\"primaryImageOfPage\":{\"@id\":\"https:\\\/\\\/www.fcbarcelonanoticias.com\\\/en\\\/international-football\\\/ter-stegen-sincere-on-his-tremenda-disappointment-for-being-the-acting-of-neuer-in-the-eurocopa_304182_102.html#primaryimage\"},\"image\":{\"@id\":\"https:\\\/\\\/www.fcbarcelonanoticias.com\\\/en\\\/international-football\\\/ter-stegen-sincere-on-his-tremenda-disappointment-for-being-the-acting-of-neuer-in-the-eurocopa_304182_102.html#primaryimage\"},\"thumbnailUrl\":\"https:\\\/\\\/www.fcbarcelonanoticias.com\\\/en\\\/wp-content\\\/uploads\\\/sites\\\/2\\\/2024\\\/07\\\/manuel-neuer-y-marc-andre-ter-stegen-en-la-seleccion-alemana.png\",\"datePublished\":\"2024-06-05T11:48:00+00:00\",\"dateModified\":\"2024-06-05T13:32:00+00:00\",\"author\":{\"@id\":\"https:\\\/\\\/www.fcbarcelonanoticias.com\\\/en\\\/#\\\/schema\\\/person\\\/88d756918a0a1ae9fa593b5edddd1815\"},\"description\":\"Ter Stegen Has showed publicly his incoformidad by the suplencia in the selection. The German spoke on his situation in 'Die Mannschaft' and ensured to feel \\\"disappointed\\\" for seeing in the bench to the detriment of Neuer.\",\"breadcrumb\":{\"@id\":\"https:\\\/\\\/www.fcbarcelonanoticias.com\\\/en\\\/international-football\\\/ter-stegen-sincere-on-his-tremenda-disappointment-for-being-the-acting-of-neuer-in-the-eurocopa_304182_102.html#breadcrumb\"},\"inLanguage\":\"en-US\",\"potentialAction\":[{\"@type\":\"ReadAction\",\"target\":[\"https:\\\/\\\/www.fcbarcelonanoticias.com\\\/en\\\/international-football\\\/ter-stegen-sincere-on-his-tremenda-disappointment-for-being-the-acting-of-neuer-in-the-eurocopa_304182_102.html\"]}]},{\"@type\":\"ImageObject\",\"inLanguage\":\"en-US\",\"@id\":\"https:\\\/\\\/www.fcbarcelonanoticias.com\\\/en\\\/international-football\\\/ter-stegen-sincere-on-his-tremenda-disappointment-for-being-the-acting-of-neuer-in-the-eurocopa_304182_102.html#primaryimage\",\"url\":\"https:\\\/\\\/www.fcbarcelonanoticias.com\\\/en\\\/wp-content\\\/uploads\\\/sites\\\/2\\\/2024\\\/07\\\/manuel-neuer-y-marc-andre-ter-stegen-en-la-seleccion-alemana.png\",\"contentUrl\":\"https:\\\/\\\/www.fcbarcelonanoticias.com\\\/en\\\/wp-content\\\/uploads\\\/sites\\\/2\\\/2024\\\/07\\\/manuel-neuer-y-marc-andre-ter-stegen-en-la-seleccion-alemana.png\",\"width\":1300,\"height\":732},{\"@type\":\"BreadcrumbList\",\"@id\":\"https:\\\/\\\/www.fcbarcelonanoticias.com\\\/en\\\/international-football\\\/ter-stegen-sincere-on-his-tremenda-disappointment-for-being-the-acting-of-neuer-in-the-eurocopa_304182_102.html#breadcrumb\",\"itemListElement\":[{\"@type\":\"ListItem\",\"position\":1,\"name\":\"Portada\",\"item\":\"https:\\\/\\\/www.fcbarcelonanoticias.com\\\/en\\\/\"},{\"@type\":\"ListItem\",\"position\":2,\"name\":\"Ter Stegen opens up about his tremendous disappointment at being Neuer&#8217;s substitute in the Euro Cup\"}]},{\"@type\":\"WebSite\",\"@id\":\"https:\\\/\\\/www.fcbarcelonanoticias.com\\\/en\\\/#website\",\"url\":\"https:\\\/\\\/www.fcbarcelonanoticias.com\\\/en\\\/\",\"name\":\"EN - FC Barcelona Noticias\",\"description\":\"\",\"potentialAction\":[{\"@type\":\"SearchAction\",\"target\":{\"@type\":\"EntryPoint\",\"urlTemplate\":\"https:\\\/\\\/www.fcbarcelonanoticias.com\\\/en\\\/?s={search_term_string}\"},\"query-input\":{\"@type\":\"PropertyValueSpecification\",\"valueRequired\":true,\"valueName\":\"search_term_string\"}}],\"inLanguage\":\"en-US\"},{\"@type\":\"Person\",\"@id\":\"https:\\\/\\\/www.fcbarcelonanoticias.com\\\/en\\\/#\\\/schema\\\/person\\\/88d756918a0a1ae9fa593b5edddd1815\",\"name\":\"Juan Pablo Berdugo\",\"image\":{\"@type\":\"ImageObject\",\"inLanguage\":\"en-US\",\"@id\":\"https:\\\/\\\/secure.gravatar.com\\\/avatar\\\/?s=96&d=mm&r=g\",\"url\":\"https:\\\/\\\/secure.gravatar.com\\\/avatar\\\/?s=96&d=mm&r=g\",\"contentUrl\":\"https:\\\/\\\/secure.gravatar.com\\\/avatar\\\/?s=96&d=mm&r=g\",\"caption\":\"Juan Pablo Berdugo\"},\"description\":\"Juan Pablo Berdugo es graduado en Periodismo. Colabora con FCBN como especialista en informaci\u00f3n del primer equipo del FC Barcelona, f\u00fatbol internacional y mercado de fichajes. Destaca por su enfoque anal\u00edtico, su rigor informativo y su capacidad para detectar tendencias emergentes en el f\u00fatbol global.\",\"url\":\"https:\\\/\\\/www.fcbarcelonanoticias.com\\\/en\\\/fc-barcelona\\\/juan-pablo-berdugo_18_115.html\"}]}<\/script>\n<!-- \/ Yoast SEO plugin. -->","yoast_head_json":{"title":"Ter Stegen Sincere on his tremenda disappointment for being the acting of Neuer in the Eurocopa","description":"Ter Stegen Has showed publicly his incoformidad by the suplencia in the selection. The German spoke on his situation in 'Die Mannschaft' and ensured to feel \"disappointed\" for seeing in the bench to the detriment of Neuer.","robots":{"index":"index","follow":"follow","max-snippet":"max-snippet:-1","max-image-preview":"max-image-preview:large","max-video-preview":"max-video-preview:-1"},"canonical":"https:\/\/www.fcbarcelonanoticias.com\/en\/international-football\/ter-stegen-sincere-on-his-tremenda-disappointment-for-being-the-acting-of-neuer-in-the-eurocopa_304182_102.html","og_locale":"en_US","og_type":"article","og_title":"Ter Stegen Sincere on his tremenda disappointment for being the acting of Neuer in the Eurocopa","og_description":"Ter Stegen Has showed publicly his incoformidad by the suplencia in the selection. The German spoke on his situation in 'Die Mannschaft' and ensured to feel \"disappointed\" for seeing in the bench to the detriment of Neuer.","og_url":"https:\/\/www.fcbarcelonanoticias.com\/en\/international-football\/ter-stegen-sincere-on-his-tremenda-disappointment-for-being-the-acting-of-neuer-in-the-eurocopa_304182_102.html","og_site_name":"EN - FC Barcelona Noticias","article_published_time":"2024-06-05T11:48:00+00:00","article_modified_time":"2024-06-05T13:32:00+00:00","og_image":[{"width":1300,"height":732,"url":"https:\/\/www.fcbarcelonanoticias.com\/en\/wp-content\/uploads\/sites\/2\/2024\/07\/manuel-neuer-y-marc-andre-ter-stegen-en-la-seleccion-alemana.png","type":"image\/png"}],"author":"Juan Pablo Berdugo","twitter_card":"summary_large_image","twitter_misc":{"Written by":"Juan Pablo Berdugo","Est. reading time":"2 minutes"},"schema":{"@context":"https:\/\/schema.org","@graph":[{"@type":"Article","@id":"https:\/\/www.fcbarcelonanoticias.com\/en\/international-football\/ter-stegen-sincere-on-his-tremenda-disappointment-for-being-the-acting-of-neuer-in-the-eurocopa_304182_102.html#article","isPartOf":{"@id":"https:\/\/www.fcbarcelonanoticias.com\/en\/international-football\/ter-stegen-sincere-on-his-tremenda-disappointment-for-being-the-acting-of-neuer-in-the-eurocopa_304182_102.html"},"author":{"name":"Juan Pablo Berdugo","@id":"https:\/\/www.fcbarcelonanoticias.com\/en\/#\/schema\/person\/88d756918a0a1ae9fa593b5edddd1815"},"headline":"Ter Stegen opens up about his tremendous disappointment at being Neuer&#8217;s substitute in the Euro Cup","datePublished":"2024-06-05T11:48:00+00:00","dateModified":"2024-06-05T13:32:00+00:00","mainEntityOfPage":{"@id":"https:\/\/www.fcbarcelonanoticias.com\/en\/international-football\/ter-stegen-sincere-on-his-tremenda-disappointment-for-being-the-acting-of-neuer-in-the-eurocopa_304182_102.html"},"wordCount":451,"image":{"@id":"https:\/\/www.fcbarcelonanoticias.com\/en\/international-football\/ter-stegen-sincere-on-his-tremenda-disappointment-for-being-the-acting-of-neuer-in-the-eurocopa_304182_102.html#primaryimage"},"thumbnailUrl":"https:\/\/www.fcbarcelonanoticias.com\/en\/wp-content\/uploads\/sites\/2\/2024\/07\/manuel-neuer-y-marc-andre-ter-stegen-en-la-seleccion-alemana.png","articleSection":["FC Barcelona"],"inLanguage":"en-US"},{"@type":"WebPage","@id":"https:\/\/www.fcbarcelonanoticias.com\/en\/international-football\/ter-stegen-sincere-on-his-tremenda-disappointment-for-being-the-acting-of-neuer-in-the-eurocopa_304182_102.html","url":"https:\/\/www.fcbarcelonanoticias.com\/en\/international-football\/ter-stegen-sincere-on-his-tremenda-disappointment-for-being-the-acting-of-neuer-in-the-eurocopa_304182_102.html","name":"Ter Stegen Sincere on his tremenda disappointment for being the acting of Neuer in the Eurocopa","isPartOf":{"@id":"https:\/\/www.fcbarcelonanoticias.com\/en\/#website"},"primaryImageOfPage":{"@id":"https:\/\/www.fcbarcelonanoticias.com\/en\/international-football\/ter-stegen-sincere-on-his-tremenda-disappointment-for-being-the-acting-of-neuer-in-the-eurocopa_304182_102.html#primaryimage"},"image":{"@id":"https:\/\/www.fcbarcelonanoticias.com\/en\/international-football\/ter-stegen-sincere-on-his-tremenda-disappointment-for-being-the-acting-of-neuer-in-the-eurocopa_304182_102.html#primaryimage"},"thumbnailUrl":"https:\/\/www.fcbarcelonanoticias.com\/en\/wp-content\/uploads\/sites\/2\/2024\/07\/manuel-neuer-y-marc-andre-ter-stegen-en-la-seleccion-alemana.png","datePublished":"2024-06-05T11:48:00+00:00","dateModified":"2024-06-05T13:32:00+00:00","author":{"@id":"https:\/\/www.fcbarcelonanoticias.com\/en\/#\/schema\/person\/88d756918a0a1ae9fa593b5edddd1815"},"description":"Ter Stegen Has showed publicly his incoformidad by the suplencia in the selection. The German spoke on his situation in 'Die Mannschaft' and ensured to feel \"disappointed\" for seeing in the bench to the detriment of Neuer.","breadcrumb":{"@id":"https:\/\/www.fcbarcelonanoticias.com\/en\/international-football\/ter-stegen-sincere-on-his-tremenda-disappointment-for-being-the-acting-of-neuer-in-the-eurocopa_304182_102.html#breadcrumb"},"inLanguage":"en-US","potentialAction":[{"@type":"ReadAction","target":["https:\/\/www.fcbarcelonanoticias.com\/en\/international-football\/ter-stegen-sincere-on-his-tremenda-disappointment-for-being-the-acting-of-neuer-in-the-eurocopa_304182_102.html"]}]},{"@type":"ImageObject","inLanguage":"en-US","@id":"https:\/\/www.fcbarcelonanoticias.com\/en\/international-football\/ter-stegen-sincere-on-his-tremenda-disappointment-for-being-the-acting-of-neuer-in-the-eurocopa_304182_102.html#primaryimage","url":"https:\/\/www.fcbarcelonanoticias.com\/en\/wp-content\/uploads\/sites\/2\/2024\/07\/manuel-neuer-y-marc-andre-ter-stegen-en-la-seleccion-alemana.png","contentUrl":"https:\/\/www.fcbarcelonanoticias.com\/en\/wp-content\/uploads\/sites\/2\/2024\/07\/manuel-neuer-y-marc-andre-ter-stegen-en-la-seleccion-alemana.png","width":1300,"height":732},{"@type":"BreadcrumbList","@id":"https:\/\/www.fcbarcelonanoticias.com\/en\/international-football\/ter-stegen-sincere-on-his-tremenda-disappointment-for-being-the-acting-of-neuer-in-the-eurocopa_304182_102.html#breadcrumb","itemListElement":[{"@type":"ListItem","position":1,"name":"Portada","item":"https:\/\/www.fcbarcelonanoticias.com\/en\/"},{"@type":"ListItem","position":2,"name":"Ter Stegen opens up about his tremendous disappointment at being Neuer&#8217;s substitute in the Euro Cup"}]},{"@type":"WebSite","@id":"https:\/\/www.fcbarcelonanoticias.com\/en\/#website","url":"https:\/\/www.fcbarcelonanoticias.com\/en\/","name":"EN - FC Barcelona Noticias","description":"","potentialAction":[{"@type":"SearchAction","target":{"@type":"EntryPoint","urlTemplate":"https:\/\/www.fcbarcelonanoticias.com\/en\/?s={search_term_string}"},"query-input":{"@type":"PropertyValueSpecification","valueRequired":true,"valueName":"search_term_string"}}],"inLanguage":"en-US"},{"@type":"Person","@id":"https:\/\/www.fcbarcelonanoticias.com\/en\/#\/schema\/person\/88d756918a0a1ae9fa593b5edddd1815","name":"Juan Pablo Berdugo","image":{"@type":"ImageObject","inLanguage":"en-US","@id":"https:\/\/secure.gravatar.com\/avatar\/?s=96&d=mm&r=g","url":"https:\/\/secure.gravatar.com\/avatar\/?s=96&d=mm&r=g","contentUrl":"https:\/\/secure.gravatar.com\/avatar\/?s=96&d=mm&r=g","caption":"Juan Pablo Berdugo"},"description":"Juan Pablo Berdugo es graduado en Periodismo. Colabora con FCBN como especialista en informaci\u00f3n del primer equipo del FC Barcelona, f\u00fatbol internacional y mercado de fichajes. Destaca por su enfoque anal\u00edtico, su rigor informativo y su capacidad para detectar tendencias emergentes en el f\u00fatbol global.","url":"https:\/\/www.fcbarcelonanoticias.com\/en\/fc-barcelona\/juan-pablo-berdugo_18_115.html"}]}},"_links":{"self":[{"href":"https:\/\/www.fcbarcelonanoticias.com\/en\/wp-json\/wp\/v2\/posts\/46710","targetHints":{"allow":["GET"]}}],"collection":[{"href":"https:\/\/www.fcbarcelonanoticias.com\/en\/wp-json\/wp\/v2\/posts"}],"about":[{"href":"https:\/\/www.fcbarcelonanoticias.com\/en\/wp-json\/wp\/v2\/types\/post"}],"author":[{"embeddable":true,"href":"https:\/\/www.fcbarcelonanoticias.com\/en\/wp-json\/wp\/v2\/users\/358"}],"replies":[{"embeddable":true,"href":"https:\/\/www.fcbarcelonanoticias.com\/en\/wp-json\/wp\/v2\/comments?post=46710"}],"version-history":[{"count":1,"href":"https:\/\/www.fcbarcelonanoticias.com\/en\/wp-json\/wp\/v2\/posts\/46710\/revisions"}],"predecessor-version":[{"id":114768,"href":"https:\/\/www.fcbarcelonanoticias.com\/en\/wp-json\/wp\/v2\/posts\/46710\/revisions\/114768"}],"wp:featuredmedia":[{"embeddable":true,"href":"https:\/\/www.fcbarcelonanoticias.com\/en\/wp-json\/wp\/v2\/media\/11148"}],"wp:attachment":[{"href":"https:\/\/www.fcbarcelonanoticias.com\/en\/wp-json\/wp\/v2\/media?parent=46710"}],"wp:term":[{"taxonomy":"category","embeddable":true,"href":"https:\/\/www.fcbarcelonanoticias.com\/en\/wp-json\/wp\/v2\/categories?post=46710"},{"taxonomy":"post_tag","embeddable":true,"href":"https:\/\/www.fcbarcelonanoticias.com\/en\/wp-json\/wp\/v2\/tags?post=46710"}],"curies":[{"name":"wp","href":"https:\/\/api.w.org\/{rel}","templated":true}]}}