{"id":46763,"date":"2022-09-21T01:38:00","date_gmt":"2022-09-20T23:38:00","guid":{"rendered":"https:\/\/weisetech.dev\/fc-barcelona-noticias\/en\/the-answer-of-dani-alves-to-his-no-announcement-with-brazil_284582_102\/"},"modified":"2022-09-21T01:38:00","modified_gmt":"2022-09-20T23:38:00","slug":"the-answer-of-dani-alves-to-his-no-announcement-with-brazil_284582_102","status":"publish","type":"post","link":"https:\/\/www.fcbarcelonanoticias.com\/en\/international-football\/the-answer-of-dani-alves-to-his-no-announcement-with-brazil_284582_102.html","title":{"rendered":"Dani Alves&#8217; response to his non-call with Brazil"},"content":{"rendered":"<h2 class=\"wp-block-heading\">Dani Alves downplayed his non-call with Brazil for the friendlies against Ghana and Tunisia in France. &#8220;People think more about the World Cup than I do,&#8221; said the former FC Barcelona player, today at the UNAM Pumas in Mexico<\/h2>  \r\n<div class=\"article-addons\">\r\n    <a href=\"https:\/\/www.fcbarcelonanoticias.com\/en\/calendar-fc-barcelona.html\"\r\n       target=\"_self\"\r\n       title=\"Calendar of FC Barcelona\"\r\n       class=\"blue-gredient-btn\">\r\n       \r\n        Calendar of FC Barcelona    <\/a>\r\n<\/div>   <p>The departure of Dani Alves to the UNAM Pumas in Mexico could cost him his presence in Qatar 2022, although <strong>the experienced player does not seem to care too much<\/strong>. At least that&#8217;s how he made it known in his latest statements regarding the decision of coach Adenor Leonardo Bacchi &#8216;Tite&#8217; not to call him for the FIFA Date this weekend, where Brazil will play two friendlies in France against Ghana and Tunisia.<\/p>  <p><strong>&#8220;People talk more about the World Cup than I do. I came to Pumas to do the best I can, to work hard, if that leads me to the World Cup, excellent. I know that what I have done with my team will lead me to that goal, no the one that I am in this or another team&#8221;<\/strong>, manifested the ex lateral of the <a data-external=\"0\" data-intl-links-en=\"https:\/\/www.fcbarcelonanoticias.com\/en\/players\/the-ex-canterano-of-the-barca-that-is-shining-in-the-premier_284578_102.html\" data-intl-links-es=\"https:\/\/www.fcbarcelonanoticias.com\/jugadores\/ex-canterano-barcelona-esta-brillando-premier_284578_102.html\" href=\"https:\/\/www.fcbarcelonanoticias.com\/en\/players\/the-ex-canterano-of-the-barca-that-is-shining-in-the-premier_284578_102.html\" rel=\"follow\" target=\"_self\" title=\"The former Bar\u00e7a youth squad who is shining in the Premier\">FC Barcelona<\/a>. Dani has 4 assists in 11 games with the Pumas (990 minutes), a club that is currently in 16th place in the Liga MX Opening Tournament with only 14 points in 15 dates.<\/p>  <p>Tite&#8217;s decision to leave him out of the September squad was based on the opinion of the national team&#8217;s physical trainer, F\u00e1bio Mahseredjian, who says the 39-year-old is &#8220;not in good physical condition&#8221;. In this regard, Alves argued: <strong>&#8220;I know what I can deliver and how important I am to the national team. I am the lion of my life and no matter what jungle I am in, I will never eat leaves&#8221;,&nbsp;<\/strong>he said.<\/p>  <h3>The &#8216;stick&#8217; of Alves to Mexican soccer Always direct,<\/h3>  <p>Dani did not hesitate to give the Mexican team a &#8216;stick&#8217; when asked about the hopes of the &#8216;Tri&#8217; in Qatar. <strong>&#8220;Mexico has excellent soccer players, but I say it with sincerity, they don&#8217;t believe it, they conform. People are very conformist. If a soccer player goes to Europe, they have already made their lives, but they don&#8217;t think they can be better every day&#8221;,<\/strong> he said. that of Juazeiro, who also gave his opinion on the current situation of his club.<\/p>  <p><strong>&#8220;I&#8217;m a little disappointed that people don&#8217;t value what they have. &#8220;People only see the world on the phone and don&#8217;t seem to give a shit about life on the phone. What I want for life is to win, I am obsessed with winning<\/strong>; the only thing left for the rest is their opinion&#8221;, he said about the criticism of many Pumas fans. In addition, he encouraged his teammates to &#8220;believe a little more and pay the price for competing&#8221;, since the team would be eliminated if the tournament ended today .<\/p> ","protected":false},"excerpt":{"rendered":"<p>Dani Alves downplayed his non-call with Brazil for the friendlies against Ghana and Tunisia in France. &#8220;People think more about the World Cup than I do,&#8221; said the former FC Barcelona player, today at the UNAM Pumas in Mexico The departure of Dani Alves to the UNAM Pumas in Mexico could cost him his presence [&hellip;]<\/p>\n","protected":false},"author":347,"featured_media":46765,"comment_status":"closed","ping_status":"open","sticky":false,"template":"","format":"standard","meta":{"_acf_changed":false,"inline_featured_image":false,"_nextfly_llmd_date_locked":false,"footnotes":""},"categories":[1],"tags":[225],"class_list":["post-46763","post","type-post","status-publish","format-standard","has-post-thumbnail","hentry","category-sin-categoria","tag-dani-alves"],"acf":[],"yoast_head":"<!-- This site is optimized with the Yoast SEO plugin v27.3 - https:\/\/yoast.com\/product\/yoast-seo-wordpress\/ -->\n<title>The answer of Dani Alves to his no announcement with Brazil<\/title>\n<meta name=\"description\" content=\"Dani Alves Subtracted importance to his no announcement with Brazil for the friendly in front of Ghana and Tunisia in France. &quot;The people thinks more in the World-wide that I&quot;, gave...\" \/>\n<meta name=\"robots\" content=\"index, follow, max-snippet:-1, max-image-preview:large, max-video-preview:-1\" \/>\n<link rel=\"canonical\" href=\"https:\/\/www.fcbarcelonanoticias.com\/en\/international-football\/the-answer-of-dani-alves-to-his-no-announcement-with-brazil_284582_102.html\" \/>\n<meta property=\"og:locale\" content=\"en_US\" \/>\n<meta property=\"og:type\" content=\"article\" \/>\n<meta property=\"og:title\" content=\"The answer of Dani Alves to his no announcement with Brazil\" \/>\n<meta property=\"og:description\" content=\"Dani Alves Subtracted importance to his no announcement with Brazil for the friendly in front of Ghana and Tunisia in France. &quot;The people thinks more in the World-wide that I&quot;, gave...\" \/>\n<meta property=\"og:url\" content=\"https:\/\/www.fcbarcelonanoticias.com\/en\/international-football\/the-answer-of-dani-alves-to-his-no-announcement-with-brazil_284582_102.html\" \/>\n<meta property=\"og:site_name\" content=\"EN - FC Barcelona Noticias\" \/>\n<meta property=\"article:published_time\" content=\"2022-09-20T23:38:00+00:00\" \/>\n<meta property=\"og:image\" content=\"https:\/\/www.fcbarcelonanoticias.com\/en\/wp-content\/uploads\/sites\/2\/2022\/09\/dani-alves-brasil.jpeg\" \/>\n\t<meta property=\"og:image:width\" content=\"1300\" \/>\n\t<meta property=\"og:image:height\" content=\"732\" \/>\n\t<meta property=\"og:image:type\" content=\"image\/jpeg\" \/>\n<meta name=\"author\" content=\"Andr\u00e9s Quiroz\" \/>\n<meta name=\"twitter:card\" content=\"summary_large_image\" \/>\n<meta name=\"twitter:label1\" content=\"Written by\" \/>\n\t<meta name=\"twitter:data1\" content=\"Andr\u00e9s Quiroz\" \/>\n\t<meta name=\"twitter:label2\" content=\"Est. reading time\" \/>\n\t<meta name=\"twitter:data2\" content=\"2 minutes\" \/>\n<script type=\"application\/ld+json\" class=\"yoast-schema-graph\">{\"@context\":\"https:\\\/\\\/schema.org\",\"@graph\":[{\"@type\":\"Article\",\"@id\":\"https:\\\/\\\/www.fcbarcelonanoticias.com\\\/en\\\/international-football\\\/the-answer-of-dani-alves-to-his-no-announcement-with-brazil_284582_102.html#article\",\"isPartOf\":{\"@id\":\"https:\\\/\\\/www.fcbarcelonanoticias.com\\\/en\\\/international-football\\\/the-answer-of-dani-alves-to-his-no-announcement-with-brazil_284582_102.html\"},\"author\":{\"name\":\"Andr\u00e9s Quiroz\",\"@id\":\"https:\\\/\\\/www.fcbarcelonanoticias.com\\\/en\\\/#\\\/schema\\\/person\\\/c2cd9f6fa1af5c0d0eccd0fefa575c88\"},\"headline\":\"Dani Alves&#8217; response to his non-call with Brazil\",\"datePublished\":\"2022-09-20T23:38:00+00:00\",\"mainEntityOfPage\":{\"@id\":\"https:\\\/\\\/www.fcbarcelonanoticias.com\\\/en\\\/international-football\\\/the-answer-of-dani-alves-to-his-no-announcement-with-brazil_284582_102.html\"},\"wordCount\":481,\"image\":{\"@id\":\"https:\\\/\\\/www.fcbarcelonanoticias.com\\\/en\\\/international-football\\\/the-answer-of-dani-alves-to-his-no-announcement-with-brazil_284582_102.html#primaryimage\"},\"thumbnailUrl\":\"https:\\\/\\\/www.fcbarcelonanoticias.com\\\/en\\\/wp-content\\\/uploads\\\/sites\\\/2\\\/2022\\\/09\\\/dani-alves-brasil.jpeg\",\"keywords\":[\"Dani Alves\"],\"articleSection\":[\"Sin categor\u00eda\"],\"inLanguage\":\"en-US\"},{\"@type\":\"WebPage\",\"@id\":\"https:\\\/\\\/www.fcbarcelonanoticias.com\\\/en\\\/international-football\\\/the-answer-of-dani-alves-to-his-no-announcement-with-brazil_284582_102.html\",\"url\":\"https:\\\/\\\/www.fcbarcelonanoticias.com\\\/en\\\/international-football\\\/the-answer-of-dani-alves-to-his-no-announcement-with-brazil_284582_102.html\",\"name\":\"The answer of Dani Alves to his no announcement with Brazil\",\"isPartOf\":{\"@id\":\"https:\\\/\\\/www.fcbarcelonanoticias.com\\\/en\\\/#website\"},\"primaryImageOfPage\":{\"@id\":\"https:\\\/\\\/www.fcbarcelonanoticias.com\\\/en\\\/international-football\\\/the-answer-of-dani-alves-to-his-no-announcement-with-brazil_284582_102.html#primaryimage\"},\"image\":{\"@id\":\"https:\\\/\\\/www.fcbarcelonanoticias.com\\\/en\\\/international-football\\\/the-answer-of-dani-alves-to-his-no-announcement-with-brazil_284582_102.html#primaryimage\"},\"thumbnailUrl\":\"https:\\\/\\\/www.fcbarcelonanoticias.com\\\/en\\\/wp-content\\\/uploads\\\/sites\\\/2\\\/2022\\\/09\\\/dani-alves-brasil.jpeg\",\"datePublished\":\"2022-09-20T23:38:00+00:00\",\"author\":{\"@id\":\"https:\\\/\\\/www.fcbarcelonanoticias.com\\\/en\\\/#\\\/schema\\\/person\\\/c2cd9f6fa1af5c0d0eccd0fefa575c88\"},\"description\":\"Dani Alves Subtracted importance to his no announcement with Brazil for the friendly in front of Ghana and Tunisia in France. \\\"The people thinks more in the World-wide that I\\\", gave...\",\"breadcrumb\":{\"@id\":\"https:\\\/\\\/www.fcbarcelonanoticias.com\\\/en\\\/international-football\\\/the-answer-of-dani-alves-to-his-no-announcement-with-brazil_284582_102.html#breadcrumb\"},\"inLanguage\":\"en-US\",\"potentialAction\":[{\"@type\":\"ReadAction\",\"target\":[\"https:\\\/\\\/www.fcbarcelonanoticias.com\\\/en\\\/international-football\\\/the-answer-of-dani-alves-to-his-no-announcement-with-brazil_284582_102.html\"]}]},{\"@type\":\"ImageObject\",\"inLanguage\":\"en-US\",\"@id\":\"https:\\\/\\\/www.fcbarcelonanoticias.com\\\/en\\\/international-football\\\/the-answer-of-dani-alves-to-his-no-announcement-with-brazil_284582_102.html#primaryimage\",\"url\":\"https:\\\/\\\/www.fcbarcelonanoticias.com\\\/en\\\/wp-content\\\/uploads\\\/sites\\\/2\\\/2022\\\/09\\\/dani-alves-brasil.jpeg\",\"contentUrl\":\"https:\\\/\\\/www.fcbarcelonanoticias.com\\\/en\\\/wp-content\\\/uploads\\\/sites\\\/2\\\/2022\\\/09\\\/dani-alves-brasil.jpeg\",\"width\":1300,\"height\":732},{\"@type\":\"BreadcrumbList\",\"@id\":\"https:\\\/\\\/www.fcbarcelonanoticias.com\\\/en\\\/international-football\\\/the-answer-of-dani-alves-to-his-no-announcement-with-brazil_284582_102.html#breadcrumb\",\"itemListElement\":[{\"@type\":\"ListItem\",\"position\":1,\"name\":\"Portada\",\"item\":\"https:\\\/\\\/www.fcbarcelonanoticias.com\\\/en\\\/\"},{\"@type\":\"ListItem\",\"position\":2,\"name\":\"Dani Alves&#8217; response to his non-call with Brazil\"}]},{\"@type\":\"WebSite\",\"@id\":\"https:\\\/\\\/www.fcbarcelonanoticias.com\\\/en\\\/#website\",\"url\":\"https:\\\/\\\/www.fcbarcelonanoticias.com\\\/en\\\/\",\"name\":\"EN - FC Barcelona Noticias\",\"description\":\"\",\"potentialAction\":[{\"@type\":\"SearchAction\",\"target\":{\"@type\":\"EntryPoint\",\"urlTemplate\":\"https:\\\/\\\/www.fcbarcelonanoticias.com\\\/en\\\/?s={search_term_string}\"},\"query-input\":{\"@type\":\"PropertyValueSpecification\",\"valueRequired\":true,\"valueName\":\"search_term_string\"}}],\"inLanguage\":\"en-US\"},{\"@type\":\"Person\",\"@id\":\"https:\\\/\\\/www.fcbarcelonanoticias.com\\\/en\\\/#\\\/schema\\\/person\\\/c2cd9f6fa1af5c0d0eccd0fefa575c88\",\"name\":\"Andr\u00e9s Quiroz\",\"image\":{\"@type\":\"ImageObject\",\"inLanguage\":\"en-US\",\"@id\":\"https:\\\/\\\/secure.gravatar.com\\\/avatar\\\/?s=96&d=mm&r=g\",\"url\":\"https:\\\/\\\/secure.gravatar.com\\\/avatar\\\/?s=96&d=mm&r=g\",\"contentUrl\":\"https:\\\/\\\/secure.gravatar.com\\\/avatar\\\/?s=96&d=mm&r=g\",\"caption\":\"Andr\u00e9s Quiroz\"},\"description\":\"Licenciado en Periodismo por la Universidad de los Andes. Me encargo de analizar y compartir los contenidos m\u00e1s destacados de la\u00a0actualidad del F\u00fatbol Club Barcelona, Mercado de Fichajes y F\u00fatbol Internacional en FCBN. La informaci\u00f3n es poder, pero tambi\u00e9n conocimiento.\",\"url\":\"https:\\\/\\\/www.fcbarcelonanoticias.com\\\/en\\\/fc-barcelona\\\/andres-quiroz_17_115.html\"}]}<\/script>\n<!-- \/ Yoast SEO plugin. -->","yoast_head_json":{"title":"The answer of Dani Alves to his no announcement with Brazil","description":"Dani Alves Subtracted importance to his no announcement with Brazil for the friendly in front of Ghana and Tunisia in France. \"The people thinks more in the World-wide that I\", gave...","robots":{"index":"index","follow":"follow","max-snippet":"max-snippet:-1","max-image-preview":"max-image-preview:large","max-video-preview":"max-video-preview:-1"},"canonical":"https:\/\/www.fcbarcelonanoticias.com\/en\/international-football\/the-answer-of-dani-alves-to-his-no-announcement-with-brazil_284582_102.html","og_locale":"en_US","og_type":"article","og_title":"The answer of Dani Alves to his no announcement with Brazil","og_description":"Dani Alves Subtracted importance to his no announcement with Brazil for the friendly in front of Ghana and Tunisia in France. \"The people thinks more in the World-wide that I\", gave...","og_url":"https:\/\/www.fcbarcelonanoticias.com\/en\/international-football\/the-answer-of-dani-alves-to-his-no-announcement-with-brazil_284582_102.html","og_site_name":"EN - FC Barcelona Noticias","article_published_time":"2022-09-20T23:38:00+00:00","og_image":[{"width":1300,"height":732,"url":"https:\/\/www.fcbarcelonanoticias.com\/en\/wp-content\/uploads\/sites\/2\/2022\/09\/dani-alves-brasil.jpeg","type":"image\/jpeg"}],"author":"Andr\u00e9s Quiroz","twitter_card":"summary_large_image","twitter_misc":{"Written by":"Andr\u00e9s Quiroz","Est. reading time":"2 minutes"},"schema":{"@context":"https:\/\/schema.org","@graph":[{"@type":"Article","@id":"https:\/\/www.fcbarcelonanoticias.com\/en\/international-football\/the-answer-of-dani-alves-to-his-no-announcement-with-brazil_284582_102.html#article","isPartOf":{"@id":"https:\/\/www.fcbarcelonanoticias.com\/en\/international-football\/the-answer-of-dani-alves-to-his-no-announcement-with-brazil_284582_102.html"},"author":{"name":"Andr\u00e9s Quiroz","@id":"https:\/\/www.fcbarcelonanoticias.com\/en\/#\/schema\/person\/c2cd9f6fa1af5c0d0eccd0fefa575c88"},"headline":"Dani Alves&#8217; response to his non-call with Brazil","datePublished":"2022-09-20T23:38:00+00:00","mainEntityOfPage":{"@id":"https:\/\/www.fcbarcelonanoticias.com\/en\/international-football\/the-answer-of-dani-alves-to-his-no-announcement-with-brazil_284582_102.html"},"wordCount":481,"image":{"@id":"https:\/\/www.fcbarcelonanoticias.com\/en\/international-football\/the-answer-of-dani-alves-to-his-no-announcement-with-brazil_284582_102.html#primaryimage"},"thumbnailUrl":"https:\/\/www.fcbarcelonanoticias.com\/en\/wp-content\/uploads\/sites\/2\/2022\/09\/dani-alves-brasil.jpeg","keywords":["Dani Alves"],"articleSection":["Sin categor\u00eda"],"inLanguage":"en-US"},{"@type":"WebPage","@id":"https:\/\/www.fcbarcelonanoticias.com\/en\/international-football\/the-answer-of-dani-alves-to-his-no-announcement-with-brazil_284582_102.html","url":"https:\/\/www.fcbarcelonanoticias.com\/en\/international-football\/the-answer-of-dani-alves-to-his-no-announcement-with-brazil_284582_102.html","name":"The answer of Dani Alves to his no announcement with Brazil","isPartOf":{"@id":"https:\/\/www.fcbarcelonanoticias.com\/en\/#website"},"primaryImageOfPage":{"@id":"https:\/\/www.fcbarcelonanoticias.com\/en\/international-football\/the-answer-of-dani-alves-to-his-no-announcement-with-brazil_284582_102.html#primaryimage"},"image":{"@id":"https:\/\/www.fcbarcelonanoticias.com\/en\/international-football\/the-answer-of-dani-alves-to-his-no-announcement-with-brazil_284582_102.html#primaryimage"},"thumbnailUrl":"https:\/\/www.fcbarcelonanoticias.com\/en\/wp-content\/uploads\/sites\/2\/2022\/09\/dani-alves-brasil.jpeg","datePublished":"2022-09-20T23:38:00+00:00","author":{"@id":"https:\/\/www.fcbarcelonanoticias.com\/en\/#\/schema\/person\/c2cd9f6fa1af5c0d0eccd0fefa575c88"},"description":"Dani Alves Subtracted importance to his no announcement with Brazil for the friendly in front of Ghana and Tunisia in France. \"The people thinks more in the World-wide that I\", gave...","breadcrumb":{"@id":"https:\/\/www.fcbarcelonanoticias.com\/en\/international-football\/the-answer-of-dani-alves-to-his-no-announcement-with-brazil_284582_102.html#breadcrumb"},"inLanguage":"en-US","potentialAction":[{"@type":"ReadAction","target":["https:\/\/www.fcbarcelonanoticias.com\/en\/international-football\/the-answer-of-dani-alves-to-his-no-announcement-with-brazil_284582_102.html"]}]},{"@type":"ImageObject","inLanguage":"en-US","@id":"https:\/\/www.fcbarcelonanoticias.com\/en\/international-football\/the-answer-of-dani-alves-to-his-no-announcement-with-brazil_284582_102.html#primaryimage","url":"https:\/\/www.fcbarcelonanoticias.com\/en\/wp-content\/uploads\/sites\/2\/2022\/09\/dani-alves-brasil.jpeg","contentUrl":"https:\/\/www.fcbarcelonanoticias.com\/en\/wp-content\/uploads\/sites\/2\/2022\/09\/dani-alves-brasil.jpeg","width":1300,"height":732},{"@type":"BreadcrumbList","@id":"https:\/\/www.fcbarcelonanoticias.com\/en\/international-football\/the-answer-of-dani-alves-to-his-no-announcement-with-brazil_284582_102.html#breadcrumb","itemListElement":[{"@type":"ListItem","position":1,"name":"Portada","item":"https:\/\/www.fcbarcelonanoticias.com\/en\/"},{"@type":"ListItem","position":2,"name":"Dani Alves&#8217; response to his non-call with Brazil"}]},{"@type":"WebSite","@id":"https:\/\/www.fcbarcelonanoticias.com\/en\/#website","url":"https:\/\/www.fcbarcelonanoticias.com\/en\/","name":"EN - FC Barcelona Noticias","description":"","potentialAction":[{"@type":"SearchAction","target":{"@type":"EntryPoint","urlTemplate":"https:\/\/www.fcbarcelonanoticias.com\/en\/?s={search_term_string}"},"query-input":{"@type":"PropertyValueSpecification","valueRequired":true,"valueName":"search_term_string"}}],"inLanguage":"en-US"},{"@type":"Person","@id":"https:\/\/www.fcbarcelonanoticias.com\/en\/#\/schema\/person\/c2cd9f6fa1af5c0d0eccd0fefa575c88","name":"Andr\u00e9s Quiroz","image":{"@type":"ImageObject","inLanguage":"en-US","@id":"https:\/\/secure.gravatar.com\/avatar\/?s=96&d=mm&r=g","url":"https:\/\/secure.gravatar.com\/avatar\/?s=96&d=mm&r=g","contentUrl":"https:\/\/secure.gravatar.com\/avatar\/?s=96&d=mm&r=g","caption":"Andr\u00e9s Quiroz"},"description":"Licenciado en Periodismo por la Universidad de los Andes. Me encargo de analizar y compartir los contenidos m\u00e1s destacados de la\u00a0actualidad del F\u00fatbol Club Barcelona, Mercado de Fichajes y F\u00fatbol Internacional en FCBN. La informaci\u00f3n es poder, pero tambi\u00e9n conocimiento.","url":"https:\/\/www.fcbarcelonanoticias.com\/en\/fc-barcelona\/andres-quiroz_17_115.html"}]}},"_links":{"self":[{"href":"https:\/\/www.fcbarcelonanoticias.com\/en\/wp-json\/wp\/v2\/posts\/46763","targetHints":{"allow":["GET"]}}],"collection":[{"href":"https:\/\/www.fcbarcelonanoticias.com\/en\/wp-json\/wp\/v2\/posts"}],"about":[{"href":"https:\/\/www.fcbarcelonanoticias.com\/en\/wp-json\/wp\/v2\/types\/post"}],"author":[{"embeddable":true,"href":"https:\/\/www.fcbarcelonanoticias.com\/en\/wp-json\/wp\/v2\/users\/347"}],"replies":[{"embeddable":true,"href":"https:\/\/www.fcbarcelonanoticias.com\/en\/wp-json\/wp\/v2\/comments?post=46763"}],"version-history":[{"count":1,"href":"https:\/\/www.fcbarcelonanoticias.com\/en\/wp-json\/wp\/v2\/posts\/46763\/revisions"}],"predecessor-version":[{"id":46764,"href":"https:\/\/www.fcbarcelonanoticias.com\/en\/wp-json\/wp\/v2\/posts\/46763\/revisions\/46764"}],"wp:featuredmedia":[{"embeddable":true,"href":"https:\/\/www.fcbarcelonanoticias.com\/en\/wp-json\/wp\/v2\/media\/46765"}],"wp:attachment":[{"href":"https:\/\/www.fcbarcelonanoticias.com\/en\/wp-json\/wp\/v2\/media?parent=46763"}],"wp:term":[{"taxonomy":"category","embeddable":true,"href":"https:\/\/www.fcbarcelonanoticias.com\/en\/wp-json\/wp\/v2\/categories?post=46763"},{"taxonomy":"post_tag","embeddable":true,"href":"https:\/\/www.fcbarcelonanoticias.com\/en\/wp-json\/wp\/v2\/tags?post=46763"}],"curies":[{"name":"wp","href":"https:\/\/api.w.org\/{rel}","templated":true}]}}