{"id":4691,"date":"2024-11-07T04:53:00","date_gmt":"2024-11-07T03:53:00","guid":{"rendered":"https:\/\/weisetech.dev\/fc-barcelona-noticias\/en\/frenkie-jong-missed-golden-opportunity-in-his-first-start-in-7-months_308453_102\/"},"modified":"2024-11-07T05:45:00","modified_gmt":"2024-11-07T04:45:00","slug":"frenkie-jong-missed-golden-opportunity-in-his-first-start-in-7-months_308453_102","status":"publish","type":"post","link":"https:\/\/www.fcbarcelonanoticias.com\/en\/champions-league\/frenkie-jong-missed-golden-opportunity-in-his-first-start-in-7-months_308453_102.html","title":{"rendered":"Frenkie de Jong missed a golden opportunity in his first start in 7 months"},"content":{"rendered":"<h2 class=\"wp-block-heading\">Frenkie de Jong was back in the starting line-up for Bar\u00e7a after more than half a year. The Dutchman went from strength to strength and left the field in the 68th minute<\/h2>  \r\n<div class=\"article-addons\">\r\n    <a href=\"https:\/\/www.fcbarcelonanoticias.com\/en\/calendar-fc-barcelona.html\"\r\n       target=\"_self\"\r\n       title=\"Calendar of FC Barcelona\"\r\n       class=\"blue-gredient-btn\">\r\n       \r\n        Calendar of FC Barcelona    <\/a>\r\n<\/div>   <p><strong>Frenkie de Jong <\/strong>was the big change in the starting eleven for <a data-external=\"0\" data-intl-links-en=\"https:\/\/www.fcbarcelonanoticias.com\/en\/champions-league\/red-star-2-5-fc-barcelona-brutal-thrashing-to-enter-the-top-8-of-the-champions-league_308434_102.html\" data-intl-links-es=\"https:\/\/www.fcbarcelonanoticias.com\/champions-league\/estrella-roja-2-5-fc-barcelona-paliza-brutal-entrar-en-top-8-champions_308434_102.html\" href=\"https:\/\/www.fcbarcelonanoticias.com\/en\/champions-league\/red-star-2-5-fc-barcelona-brutal-thrashing-to-enter-the-top-8-of-the-champions-league_308434_102.html\" rel=\"follow\" target=\"_self\" title=\"Red Star 2-5 FC Barcelona: Brutal 'thrashing' to enter the 'TOP 8' of the Champions League\">FC Barcelona against Red Star Belgrade<\/a>. <strong>Hansi Flick<\/strong> opted to give the Dutchman a starting role, who had not started for the Blaugrana for more than half a year, to give a rest to <strong>Dani Olmo<\/strong> who has also just recovered from an injury and who started the derby against <strong>Espanyol <\/strong>on the field.<\/p>  <p>The Bar\u00e7a &#8217;21&#8217;, whose last match as a starter was the Cl\u00e1sico where he suffered a sprained ankle on April 21, came onto the pitch at the <strong>Rajko Mitic<\/strong> with the captain&#8217;s armband on his arm and was in charge of organizing <strong>Bar\u00e7a&#8217;s <\/strong>play in the first minutes. However, he was declining as the match went on and the coach decided to substitute him in the 68th minute to bring in <strong>Gavi <\/strong>who brought more grit and impetus to the midfield.<\/p>  <h3>A missed opportunity for De Jong?<\/h3>  <p>The impression <strong>Frenkie <\/strong>left behind was that he missed a golden opportunity to make a statement and impose himself on his competition in the centre of the field. <strong>Pedri and Marc Casad\u00f3<\/strong> seem &#8216;untouchable&#8217; for Flick, <a data-external=\"0\" data-intl-links-en=\"https:\/\/www.fcbarcelonanoticias.com\/en\/champions-league\/fermin-lopez-scored-his-first-goal-of-the-season-in-his-50th-game-for-barca_308450_102.html\" data-intl-links-es=\"https:\/\/www.fcbarcelonanoticias.com\/champions-league\/fermin-lopez-se-estreno-como-goleador-esta-temporada-en-su-partido-50-con-barca_308450_102.html\" href=\"https:\/\/www.fcbarcelonanoticias.com\/en\/champions-league\/fermin-lopez-scored-his-first-goal-of-the-season-in-his-50th-game-for-barca_308450_102.html\" rel=\"follow\" target=\"_self\" title=\"Ferm\u00edn L\u00f3pez scored his first goal of the season in his 50th game for Bar\u00e7a\">while players like Ferm\u00edn L\u00f3pez and Dani Olmo have been &#8216;pushing the door&#8217; hard<\/a>, so the Dutchman seems to have lost ground in the fight for a place in the midfield with his questionable performance in Serbia.<\/p>  <p>So far, the footballer played 15 minutes against <strong>Young Boys<\/strong>, 10 in <strong>Alav\u00e9s<\/strong>, 30 against <strong>Bayern<\/strong>, 45 against <strong>Real Madrid<\/strong> in the second half, 35 in the <strong>Catalan <\/strong>derby and 68 this Wednesday, only standing out in the Cl\u00e1sico at the Bernab\u00e9u.<\/p>  <p>&#8220;<strong>He is the captain and he is very important for the team<\/strong>,&#8221; declared <strong>Flick <\/strong>at the end of the match. Now, he must &#8216;push&#8217; in order to avoid losing places in the rotation in the centre of the field. The ball is in his court.<\/p> ","protected":false},"excerpt":{"rendered":"<p>Frenkie de Jong was back in the starting line-up for Bar\u00e7a after more than half a year. The Dutchman went from strength to strength and left the field in the 68th minute Frenkie de Jong was the big change in the starting eleven for FC Barcelona against Red Star Belgrade. Hansi Flick opted to give [&hellip;]<\/p>\n","protected":false},"author":358,"featured_media":4692,"comment_status":"closed","ping_status":"open","sticky":false,"template":"","format":"standard","meta":{"_acf_changed":false,"inline_featured_image":false,"_nextfly_llmd_date_locked":false,"footnotes":""},"categories":[112,447],"tags":[70],"class_list":["post-4691","post","type-post","status-publish","format-standard","has-post-thumbnail","hentry","category-champions-league","category-champions-league-2","tag-fc-barcelona-vs-estrella-roja"],"acf":[],"yoast_head":"<!-- This site is optimized with the Yoast SEO plugin v27.3 - https:\/\/yoast.com\/product\/yoast-seo-wordpress\/ -->\n<title>Frenkie de Jong missed a golden opportunity in his first start in 7 months<\/title>\n<meta name=\"description\" content=\"Frenkie de Jong was back in the starting line-up for Bar\u00e7a after more than half a year. The Dutchman went from strength to strength and left the field in the 68th minute\" \/>\n<meta name=\"robots\" content=\"index, follow, max-snippet:-1, max-image-preview:large, max-video-preview:-1\" \/>\n<link rel=\"canonical\" href=\"https:\/\/www.fcbarcelonanoticias.com\/en\/champions-league\/frenkie-jong-missed-golden-opportunity-in-his-first-start-in-7-months_308453_102.html\" \/>\n<meta property=\"og:locale\" content=\"en_US\" \/>\n<meta property=\"og:type\" content=\"article\" \/>\n<meta property=\"og:title\" content=\"Frenkie de Jong missed a golden opportunity in his first start in 7 months\" \/>\n<meta property=\"og:description\" content=\"Frenkie de Jong was back in the starting line-up for Bar\u00e7a after more than half a year. The Dutchman went from strength to strength and left the field in the 68th minute\" \/>\n<meta property=\"og:url\" content=\"https:\/\/www.fcbarcelonanoticias.com\/en\/champions-league\/frenkie-jong-missed-golden-opportunity-in-his-first-start-in-7-months_308453_102.html\" \/>\n<meta property=\"og:site_name\" content=\"EN - FC Barcelona Noticias\" \/>\n<meta property=\"article:published_time\" content=\"2024-11-07T03:53:00+00:00\" \/>\n<meta property=\"article:modified_time\" content=\"2024-11-07T04:45:00+00:00\" \/>\n<meta property=\"og:image\" content=\"https:\/\/www.fcbarcelonanoticias.com\/en\/wp-content\/uploads\/sites\/2\/2024\/11\/frenkie-de-jong-6.jpeg\" \/>\n\t<meta property=\"og:image:width\" content=\"1250\" \/>\n\t<meta property=\"og:image:height\" content=\"730\" \/>\n\t<meta property=\"og:image:type\" content=\"image\/jpeg\" \/>\n<meta name=\"author\" content=\"Juan Pablo Berdugo\" \/>\n<meta name=\"twitter:card\" content=\"summary_large_image\" \/>\n<meta name=\"twitter:label1\" content=\"Written by\" \/>\n\t<meta name=\"twitter:data1\" content=\"Juan Pablo Berdugo\" \/>\n\t<meta name=\"twitter:label2\" content=\"Est. reading time\" \/>\n\t<meta name=\"twitter:data2\" content=\"2 minutes\" \/>\n<script type=\"application\/ld+json\" class=\"yoast-schema-graph\">{\"@context\":\"https:\\\/\\\/schema.org\",\"@graph\":[{\"@type\":\"Article\",\"@id\":\"https:\\\/\\\/www.fcbarcelonanoticias.com\\\/en\\\/champions-league\\\/frenkie-jong-missed-golden-opportunity-in-his-first-start-in-7-months_308453_102.html#article\",\"isPartOf\":{\"@id\":\"https:\\\/\\\/www.fcbarcelonanoticias.com\\\/en\\\/champions-league\\\/frenkie-jong-missed-golden-opportunity-in-his-first-start-in-7-months_308453_102.html\"},\"author\":{\"name\":\"Juan Pablo Berdugo\",\"@id\":\"https:\\\/\\\/www.fcbarcelonanoticias.com\\\/en\\\/#\\\/schema\\\/person\\\/88d756918a0a1ae9fa593b5edddd1815\"},\"headline\":\"Frenkie de Jong missed a golden opportunity in his first start in 7 months\",\"datePublished\":\"2024-11-07T03:53:00+00:00\",\"dateModified\":\"2024-11-07T04:45:00+00:00\",\"mainEntityOfPage\":{\"@id\":\"https:\\\/\\\/www.fcbarcelonanoticias.com\\\/en\\\/champions-league\\\/frenkie-jong-missed-golden-opportunity-in-his-first-start-in-7-months_308453_102.html\"},\"wordCount\":361,\"image\":{\"@id\":\"https:\\\/\\\/www.fcbarcelonanoticias.com\\\/en\\\/champions-league\\\/frenkie-jong-missed-golden-opportunity-in-his-first-start-in-7-months_308453_102.html#primaryimage\"},\"thumbnailUrl\":\"https:\\\/\\\/www.fcbarcelonanoticias.com\\\/en\\\/wp-content\\\/uploads\\\/sites\\\/2\\\/2024\\\/11\\\/frenkie-de-jong-6.jpeg\",\"keywords\":[\"FC Barcelona vs Estrella Roja\"],\"articleSection\":[\"Champions League\",\"Champions League\"],\"inLanguage\":\"en-US\"},{\"@type\":\"WebPage\",\"@id\":\"https:\\\/\\\/www.fcbarcelonanoticias.com\\\/en\\\/champions-league\\\/frenkie-jong-missed-golden-opportunity-in-his-first-start-in-7-months_308453_102.html\",\"url\":\"https:\\\/\\\/www.fcbarcelonanoticias.com\\\/en\\\/champions-league\\\/frenkie-jong-missed-golden-opportunity-in-his-first-start-in-7-months_308453_102.html\",\"name\":\"Frenkie de Jong missed a golden opportunity in his first start in 7 months\",\"isPartOf\":{\"@id\":\"https:\\\/\\\/www.fcbarcelonanoticias.com\\\/en\\\/#website\"},\"primaryImageOfPage\":{\"@id\":\"https:\\\/\\\/www.fcbarcelonanoticias.com\\\/en\\\/champions-league\\\/frenkie-jong-missed-golden-opportunity-in-his-first-start-in-7-months_308453_102.html#primaryimage\"},\"image\":{\"@id\":\"https:\\\/\\\/www.fcbarcelonanoticias.com\\\/en\\\/champions-league\\\/frenkie-jong-missed-golden-opportunity-in-his-first-start-in-7-months_308453_102.html#primaryimage\"},\"thumbnailUrl\":\"https:\\\/\\\/www.fcbarcelonanoticias.com\\\/en\\\/wp-content\\\/uploads\\\/sites\\\/2\\\/2024\\\/11\\\/frenkie-de-jong-6.jpeg\",\"datePublished\":\"2024-11-07T03:53:00+00:00\",\"dateModified\":\"2024-11-07T04:45:00+00:00\",\"author\":{\"@id\":\"https:\\\/\\\/www.fcbarcelonanoticias.com\\\/en\\\/#\\\/schema\\\/person\\\/88d756918a0a1ae9fa593b5edddd1815\"},\"description\":\"Frenkie de Jong was back in the starting line-up for Bar\u00e7a after more than half a year. The Dutchman went from strength to strength and left the field in the 68th minute\",\"breadcrumb\":{\"@id\":\"https:\\\/\\\/www.fcbarcelonanoticias.com\\\/en\\\/champions-league\\\/frenkie-jong-missed-golden-opportunity-in-his-first-start-in-7-months_308453_102.html#breadcrumb\"},\"inLanguage\":\"en-US\",\"potentialAction\":[{\"@type\":\"ReadAction\",\"target\":[\"https:\\\/\\\/www.fcbarcelonanoticias.com\\\/en\\\/champions-league\\\/frenkie-jong-missed-golden-opportunity-in-his-first-start-in-7-months_308453_102.html\"]}]},{\"@type\":\"ImageObject\",\"inLanguage\":\"en-US\",\"@id\":\"https:\\\/\\\/www.fcbarcelonanoticias.com\\\/en\\\/champions-league\\\/frenkie-jong-missed-golden-opportunity-in-his-first-start-in-7-months_308453_102.html#primaryimage\",\"url\":\"https:\\\/\\\/www.fcbarcelonanoticias.com\\\/en\\\/wp-content\\\/uploads\\\/sites\\\/2\\\/2024\\\/11\\\/frenkie-de-jong-6.jpeg\",\"contentUrl\":\"https:\\\/\\\/www.fcbarcelonanoticias.com\\\/en\\\/wp-content\\\/uploads\\\/sites\\\/2\\\/2024\\\/11\\\/frenkie-de-jong-6.jpeg\",\"width\":1250,\"height\":730},{\"@type\":\"BreadcrumbList\",\"@id\":\"https:\\\/\\\/www.fcbarcelonanoticias.com\\\/en\\\/champions-league\\\/frenkie-jong-missed-golden-opportunity-in-his-first-start-in-7-months_308453_102.html#breadcrumb\",\"itemListElement\":[{\"@type\":\"ListItem\",\"position\":1,\"name\":\"Portada\",\"item\":\"https:\\\/\\\/www.fcbarcelonanoticias.com\\\/en\\\/\"},{\"@type\":\"ListItem\",\"position\":2,\"name\":\"Frenkie de Jong missed a golden opportunity in his first start in 7 months\"}]},{\"@type\":\"WebSite\",\"@id\":\"https:\\\/\\\/www.fcbarcelonanoticias.com\\\/en\\\/#website\",\"url\":\"https:\\\/\\\/www.fcbarcelonanoticias.com\\\/en\\\/\",\"name\":\"EN - FC Barcelona Noticias\",\"description\":\"\",\"potentialAction\":[{\"@type\":\"SearchAction\",\"target\":{\"@type\":\"EntryPoint\",\"urlTemplate\":\"https:\\\/\\\/www.fcbarcelonanoticias.com\\\/en\\\/?s={search_term_string}\"},\"query-input\":{\"@type\":\"PropertyValueSpecification\",\"valueRequired\":true,\"valueName\":\"search_term_string\"}}],\"inLanguage\":\"en-US\"},{\"@type\":\"Person\",\"@id\":\"https:\\\/\\\/www.fcbarcelonanoticias.com\\\/en\\\/#\\\/schema\\\/person\\\/88d756918a0a1ae9fa593b5edddd1815\",\"name\":\"Juan Pablo Berdugo\",\"image\":{\"@type\":\"ImageObject\",\"inLanguage\":\"en-US\",\"@id\":\"https:\\\/\\\/secure.gravatar.com\\\/avatar\\\/?s=96&d=mm&r=g\",\"url\":\"https:\\\/\\\/secure.gravatar.com\\\/avatar\\\/?s=96&d=mm&r=g\",\"contentUrl\":\"https:\\\/\\\/secure.gravatar.com\\\/avatar\\\/?s=96&d=mm&r=g\",\"caption\":\"Juan Pablo Berdugo\"},\"description\":\"Juan Pablo Berdugo es graduado en Periodismo. Colabora con FCBN como especialista en informaci\u00f3n del primer equipo del FC Barcelona, f\u00fatbol internacional y mercado de fichajes. Destaca por su enfoque anal\u00edtico, su rigor informativo y su capacidad para detectar tendencias emergentes en el f\u00fatbol global.\",\"url\":\"https:\\\/\\\/www.fcbarcelonanoticias.com\\\/en\\\/fc-barcelona\\\/juan-pablo-berdugo_18_115.html\"}]}<\/script>\n<!-- \/ Yoast SEO plugin. -->","yoast_head_json":{"title":"Frenkie de Jong missed a golden opportunity in his first start in 7 months","description":"Frenkie de Jong was back in the starting line-up for Bar\u00e7a after more than half a year. The Dutchman went from strength to strength and left the field in the 68th minute","robots":{"index":"index","follow":"follow","max-snippet":"max-snippet:-1","max-image-preview":"max-image-preview:large","max-video-preview":"max-video-preview:-1"},"canonical":"https:\/\/www.fcbarcelonanoticias.com\/en\/champions-league\/frenkie-jong-missed-golden-opportunity-in-his-first-start-in-7-months_308453_102.html","og_locale":"en_US","og_type":"article","og_title":"Frenkie de Jong missed a golden opportunity in his first start in 7 months","og_description":"Frenkie de Jong was back in the starting line-up for Bar\u00e7a after more than half a year. The Dutchman went from strength to strength and left the field in the 68th minute","og_url":"https:\/\/www.fcbarcelonanoticias.com\/en\/champions-league\/frenkie-jong-missed-golden-opportunity-in-his-first-start-in-7-months_308453_102.html","og_site_name":"EN - FC Barcelona Noticias","article_published_time":"2024-11-07T03:53:00+00:00","article_modified_time":"2024-11-07T04:45:00+00:00","og_image":[{"width":1250,"height":730,"url":"https:\/\/www.fcbarcelonanoticias.com\/en\/wp-content\/uploads\/sites\/2\/2024\/11\/frenkie-de-jong-6.jpeg","type":"image\/jpeg"}],"author":"Juan Pablo Berdugo","twitter_card":"summary_large_image","twitter_misc":{"Written by":"Juan Pablo Berdugo","Est. reading time":"2 minutes"},"schema":{"@context":"https:\/\/schema.org","@graph":[{"@type":"Article","@id":"https:\/\/www.fcbarcelonanoticias.com\/en\/champions-league\/frenkie-jong-missed-golden-opportunity-in-his-first-start-in-7-months_308453_102.html#article","isPartOf":{"@id":"https:\/\/www.fcbarcelonanoticias.com\/en\/champions-league\/frenkie-jong-missed-golden-opportunity-in-his-first-start-in-7-months_308453_102.html"},"author":{"name":"Juan Pablo Berdugo","@id":"https:\/\/www.fcbarcelonanoticias.com\/en\/#\/schema\/person\/88d756918a0a1ae9fa593b5edddd1815"},"headline":"Frenkie de Jong missed a golden opportunity in his first start in 7 months","datePublished":"2024-11-07T03:53:00+00:00","dateModified":"2024-11-07T04:45:00+00:00","mainEntityOfPage":{"@id":"https:\/\/www.fcbarcelonanoticias.com\/en\/champions-league\/frenkie-jong-missed-golden-opportunity-in-his-first-start-in-7-months_308453_102.html"},"wordCount":361,"image":{"@id":"https:\/\/www.fcbarcelonanoticias.com\/en\/champions-league\/frenkie-jong-missed-golden-opportunity-in-his-first-start-in-7-months_308453_102.html#primaryimage"},"thumbnailUrl":"https:\/\/www.fcbarcelonanoticias.com\/en\/wp-content\/uploads\/sites\/2\/2024\/11\/frenkie-de-jong-6.jpeg","keywords":["FC Barcelona vs Estrella Roja"],"articleSection":["Champions League","Champions League"],"inLanguage":"en-US"},{"@type":"WebPage","@id":"https:\/\/www.fcbarcelonanoticias.com\/en\/champions-league\/frenkie-jong-missed-golden-opportunity-in-his-first-start-in-7-months_308453_102.html","url":"https:\/\/www.fcbarcelonanoticias.com\/en\/champions-league\/frenkie-jong-missed-golden-opportunity-in-his-first-start-in-7-months_308453_102.html","name":"Frenkie de Jong missed a golden opportunity in his first start in 7 months","isPartOf":{"@id":"https:\/\/www.fcbarcelonanoticias.com\/en\/#website"},"primaryImageOfPage":{"@id":"https:\/\/www.fcbarcelonanoticias.com\/en\/champions-league\/frenkie-jong-missed-golden-opportunity-in-his-first-start-in-7-months_308453_102.html#primaryimage"},"image":{"@id":"https:\/\/www.fcbarcelonanoticias.com\/en\/champions-league\/frenkie-jong-missed-golden-opportunity-in-his-first-start-in-7-months_308453_102.html#primaryimage"},"thumbnailUrl":"https:\/\/www.fcbarcelonanoticias.com\/en\/wp-content\/uploads\/sites\/2\/2024\/11\/frenkie-de-jong-6.jpeg","datePublished":"2024-11-07T03:53:00+00:00","dateModified":"2024-11-07T04:45:00+00:00","author":{"@id":"https:\/\/www.fcbarcelonanoticias.com\/en\/#\/schema\/person\/88d756918a0a1ae9fa593b5edddd1815"},"description":"Frenkie de Jong was back in the starting line-up for Bar\u00e7a after more than half a year. The Dutchman went from strength to strength and left the field in the 68th minute","breadcrumb":{"@id":"https:\/\/www.fcbarcelonanoticias.com\/en\/champions-league\/frenkie-jong-missed-golden-opportunity-in-his-first-start-in-7-months_308453_102.html#breadcrumb"},"inLanguage":"en-US","potentialAction":[{"@type":"ReadAction","target":["https:\/\/www.fcbarcelonanoticias.com\/en\/champions-league\/frenkie-jong-missed-golden-opportunity-in-his-first-start-in-7-months_308453_102.html"]}]},{"@type":"ImageObject","inLanguage":"en-US","@id":"https:\/\/www.fcbarcelonanoticias.com\/en\/champions-league\/frenkie-jong-missed-golden-opportunity-in-his-first-start-in-7-months_308453_102.html#primaryimage","url":"https:\/\/www.fcbarcelonanoticias.com\/en\/wp-content\/uploads\/sites\/2\/2024\/11\/frenkie-de-jong-6.jpeg","contentUrl":"https:\/\/www.fcbarcelonanoticias.com\/en\/wp-content\/uploads\/sites\/2\/2024\/11\/frenkie-de-jong-6.jpeg","width":1250,"height":730},{"@type":"BreadcrumbList","@id":"https:\/\/www.fcbarcelonanoticias.com\/en\/champions-league\/frenkie-jong-missed-golden-opportunity-in-his-first-start-in-7-months_308453_102.html#breadcrumb","itemListElement":[{"@type":"ListItem","position":1,"name":"Portada","item":"https:\/\/www.fcbarcelonanoticias.com\/en\/"},{"@type":"ListItem","position":2,"name":"Frenkie de Jong missed a golden opportunity in his first start in 7 months"}]},{"@type":"WebSite","@id":"https:\/\/www.fcbarcelonanoticias.com\/en\/#website","url":"https:\/\/www.fcbarcelonanoticias.com\/en\/","name":"EN - FC Barcelona Noticias","description":"","potentialAction":[{"@type":"SearchAction","target":{"@type":"EntryPoint","urlTemplate":"https:\/\/www.fcbarcelonanoticias.com\/en\/?s={search_term_string}"},"query-input":{"@type":"PropertyValueSpecification","valueRequired":true,"valueName":"search_term_string"}}],"inLanguage":"en-US"},{"@type":"Person","@id":"https:\/\/www.fcbarcelonanoticias.com\/en\/#\/schema\/person\/88d756918a0a1ae9fa593b5edddd1815","name":"Juan Pablo Berdugo","image":{"@type":"ImageObject","inLanguage":"en-US","@id":"https:\/\/secure.gravatar.com\/avatar\/?s=96&d=mm&r=g","url":"https:\/\/secure.gravatar.com\/avatar\/?s=96&d=mm&r=g","contentUrl":"https:\/\/secure.gravatar.com\/avatar\/?s=96&d=mm&r=g","caption":"Juan Pablo Berdugo"},"description":"Juan Pablo Berdugo es graduado en Periodismo. Colabora con FCBN como especialista en informaci\u00f3n del primer equipo del FC Barcelona, f\u00fatbol internacional y mercado de fichajes. Destaca por su enfoque anal\u00edtico, su rigor informativo y su capacidad para detectar tendencias emergentes en el f\u00fatbol global.","url":"https:\/\/www.fcbarcelonanoticias.com\/en\/fc-barcelona\/juan-pablo-berdugo_18_115.html"}]}},"_links":{"self":[{"href":"https:\/\/www.fcbarcelonanoticias.com\/en\/wp-json\/wp\/v2\/posts\/4691","targetHints":{"allow":["GET"]}}],"collection":[{"href":"https:\/\/www.fcbarcelonanoticias.com\/en\/wp-json\/wp\/v2\/posts"}],"about":[{"href":"https:\/\/www.fcbarcelonanoticias.com\/en\/wp-json\/wp\/v2\/types\/post"}],"author":[{"embeddable":true,"href":"https:\/\/www.fcbarcelonanoticias.com\/en\/wp-json\/wp\/v2\/users\/358"}],"replies":[{"embeddable":true,"href":"https:\/\/www.fcbarcelonanoticias.com\/en\/wp-json\/wp\/v2\/comments?post=4691"}],"version-history":[{"count":1,"href":"https:\/\/www.fcbarcelonanoticias.com\/en\/wp-json\/wp\/v2\/posts\/4691\/revisions"}],"predecessor-version":[{"id":101553,"href":"https:\/\/www.fcbarcelonanoticias.com\/en\/wp-json\/wp\/v2\/posts\/4691\/revisions\/101553"}],"wp:featuredmedia":[{"embeddable":true,"href":"https:\/\/www.fcbarcelonanoticias.com\/en\/wp-json\/wp\/v2\/media\/4692"}],"wp:attachment":[{"href":"https:\/\/www.fcbarcelonanoticias.com\/en\/wp-json\/wp\/v2\/media?parent=4691"}],"wp:term":[{"taxonomy":"category","embeddable":true,"href":"https:\/\/www.fcbarcelonanoticias.com\/en\/wp-json\/wp\/v2\/categories?post=4691"},{"taxonomy":"post_tag","embeddable":true,"href":"https:\/\/www.fcbarcelonanoticias.com\/en\/wp-json\/wp\/v2\/tags?post=4691"}],"curies":[{"name":"wp","href":"https:\/\/api.w.org\/{rel}","templated":true}]}}