{"id":4699,"date":"2026-01-20T19:35:00","date_gmt":"2026-01-20T18:35:00","guid":{"rendered":"https:\/\/weisetech.dev\/fc-barcelona-noticias\/en\/flick-dismisses-ter-stegen-and-gives-hints-about-his-xi-vs-slavia_315805_102\/"},"modified":"2026-01-20T19:35:00","modified_gmt":"2026-01-20T18:35:00","slug":"flick-dismisses-ter-stegen-and-gives-hints-about-his-xi-vs-slavia_315805_102","status":"publish","type":"post","link":"https:\/\/www.fcbarcelonanoticias.com\/en\/champions-league\/flick-dismisses-ter-stegen-and-gives-hints-about-his-xi-vs-slavia_315805_102.html","title":{"rendered":"Flick bids farewell to Ter Stegen and anticipates Roony Bardghji&#8217;s starting role in Prague"},"content":{"rendered":"<h2 class=\"wp-block-heading\">Hansi Flick wished Marc-Andr\u00e9 ter Stegen good luck, who left on loan to Girona this Tuesday on the eve of Bar\u00e7a&#8217;s visit to Slavia Prague. A match where Roony Bardghji is aiming for the starting XI in place of the suspended Lamine Yamal<\/h2>  \r\n<div class=\"article-addons\">\r\n    <a href=\"https:\/\/www.fcbarcelonanoticias.com\/en\/calendar-fc-barcelona.html\"\r\n       target=\"_self\"\r\n       title=\"Calendar of FC Barcelona\"\r\n       class=\"blue-gredient-btn\">\r\n       \r\n        Calendar of FC Barcelona    <\/a>\r\n<\/div>   <p><strong>FC Barcelona<\/strong> visits <strong>Slavia Prague<\/strong> this Wednesday (21:00 CEST), with <strong>Marc-Andr\u00e9 ter Stegen<\/strong> no longer in the Bar\u00e7a squad. The German completed his six-month loan to <strong><a data-external=\"0\" data-intl-links-en=\"https:\/\/www.fcbarcelonanoticias.com\/en\/transfers\/barca-rules-out-facing-ter-stegen-with-girona_315803_102.html\" data-intl-links-es=\"https:\/\/www.fcbarcelonanoticias.com\/fichajes\/cesion-ter-stegen-girona-incluira-clausula-miedo_315803_102.html\" href=\"https:\/\/www.fcbarcelonanoticias.com\/en\/transfers\/barca-rules-out-facing-ter-stegen-with-girona_315803_102.html\" rel=\"follow\" target=\"_self\" title=\"La cesi\u00f3n de Ter Stegen al Girona incluir\u00e1 la 'cl\u00e1usula del miedo'\">Girona<\/a><\/strong> this Tuesday, and <strong>Hansi Flick<\/strong>, in the pre-match press conference for Champions League matchday 7, wished the goalkeeper good luck at his new club.<\/p>  <p>&#8220;It&#8217;s the right decision and I wish him the best. He&#8217;s a fantastic person and a great goalkeeper. We&#8217;ll cross our fingers that he goes with Germany to the World Cup,&#8221; commented the Bar\u00e7a coach, who also wished the same to &#8216;Dro&#8217; Fern\u00e1ndez. The midfielder will leave shortly for Paris Saint-Germain by paying his release clause (6 million) and, in the meantime, trains separately at the Ciutat Esportiva.<\/p>  <h2>Roony Bardghji and the possible Bar\u00e7a XI against Slavia Prague<\/h2>  <p>On the other hand, Flick spoke about <strong>Roony Bardghji<\/strong> before the match against Slavia. The Swedish forward is a candidate for the starting XI instead of <a data-external=\"0\" data-intl-links-en=\"https:\/\/www.fcbarcelonanoticias.com\/en\/champions-league\/lamine-yamal-out-due-to-suspension-against-slavia-prague_315797_102.html\" data-intl-links-es=\"https:\/\/www.fcbarcelonanoticias.com\/champions-league\/lamine-yamal-baja-por-sancion-slavia-praga_315797_102.html\" href=\"https:\/\/www.fcbarcelonanoticias.com\/en\/champions-league\/lamine-yamal-out-due-to-suspension-against-slavia-prague_315797_102.html\" rel=\"follow\" target=\"_self\" title=\"Lamine Yamal, baja por sanci\u00f3n ante el Slavia Praga\">Lamine Yamal<\/a>, who had to stay in Catalonia due to suspension after accumulating three yellow cards.<\/p>  <p>&#8220;These games he&#8217;s played, he&#8217;s been very good. When he started, he showed good performance. <strong>It&#8217;s not easy for Lamine to get minutes in that position, but he has a great level in training<\/strong>,&#8221; argued the German coach about the &#8217;19&#8217; from Bar\u00e7a.<\/p>  <p>Roony has 2 goals and 4 assists in 15 appearances this season, 5 of them as a starter. His last appearance in the XI was in the Spanish Super Cup semi-final against Athletic (5-0), where he shone with a goal and a couple of assists.<\/p>  <p>Likewise, Flick hinted at the return of **Raphinha** to the lineup this Wednesday. The Brazilian was out against Real Sociedad due to discomfort in his right thigh, which he has completely overcome. **Pedri Gonz\u00e1lez**, also affected after the visit to Donosti, would also start in Prague.<\/p>  <p>&#8220;After the match he told me he was fine, and yesterday too. He is one of our most important players. Alongside De Jong, they play at a great level in midfield,&#8221; Flick explained about the Canary Islander&#8217;s condition, who suffered a hard knock to his right ankle from a nasty foul by Carlos Soler.<\/p>  <h2>The plan against Slavia and the impact of the defeat against Real<\/h2>  <p>Regarding their opponent in Champions League matchday 7, Hansi Flick expressed his respect for the Czech team, despite their poor performance in the group stage (3 draws and 3 losses). &#8220;<strong>It&#8217;s a team that wants to press man-to-man, with quick transitions. It will be a difficult match, but we are confident<\/strong>,&#8221; said the Bar\u00e7a coach.<\/p>  <p>In that regard, the manager made it clear that he preferred to travel to Prague earlier to be able to train on Tuesday and acclimatize to the city&#8217;s cold (around -3 \u00b0C). Furthermore, he ruled out facing an opponent out of competitive rhythm, even though Slavia played its last official match in mid-December.<\/p>  <p>&#8220;They&#8217;ve had plenty of time to prepare for today; this is the Champions League and there&#8217;s always maximum pressure. We want to win both games and we must focus on qualifying,&#8221; he pointed out.<\/p>  <p>Finally, regarding the defeat at Anoeta, he added: &#8220;I am disappointed with Sunday&#8217;s result, but **we played at a very high level. We need to be more decisive in front of goal**&#8221;.<\/p> ","protected":false},"excerpt":{"rendered":"<p>Hansi Flick wished Marc-Andr\u00e9 ter Stegen good luck, who left on loan to Girona this Tuesday on the eve of Bar\u00e7a&#8217;s visit to Slavia Prague. A match where Roony Bardghji is aiming for the starting XI in place of the suspended Lamine Yamal FC Barcelona visits Slavia Prague this Wednesday (21:00 CEST), with Marc-Andr\u00e9 ter [&hellip;]<\/p>\n","protected":false},"author":353,"featured_media":4700,"comment_status":"closed","ping_status":"open","sticky":false,"template":"","format":"standard","meta":{"_acf_changed":false,"inline_featured_image":false,"_nextfly_llmd_date_locked":false,"footnotes":""},"categories":[447,112],"tags":[87,149,464,144,463,247,205,188],"class_list":["post-4699","post","type-post","status-publish","format-standard","has-post-thumbnail","hentry","category-champions-league-2","category-champions-league","tag-hansi-flick","tag-pedri","tag-pedri-2","tag-raphinha","tag-raphinha-2","tag-roony-bardghji","tag-slavia-prague","tag-ter-stegen"],"acf":[],"yoast_head":"<!-- This site is optimized with the Yoast SEO plugin v27.3 - https:\/\/yoast.com\/product\/yoast-seo-wordpress\/ -->\n<title>Flick dismisses Ter Stegen and gives hints about his XI vs Slavia<\/title>\n<meta name=\"description\" content=\"Hansi Flick wished good luck to Ter Stegen, who left on loan to Girona this Tuesday on the eve of Bar\u00e7a&#039;s visit to Slavia Prague\" \/>\n<meta name=\"robots\" content=\"index, follow, max-snippet:-1, max-image-preview:large, max-video-preview:-1\" \/>\n<link rel=\"canonical\" href=\"https:\/\/www.fcbarcelonanoticias.com\/en\/champions-league\/flick-dismisses-ter-stegen-and-gives-hints-about-his-xi-vs-slavia_315805_102.html\" \/>\n<meta property=\"og:locale\" content=\"en_US\" \/>\n<meta property=\"og:type\" content=\"article\" \/>\n<meta property=\"og:title\" content=\"Flick dismisses Ter Stegen and gives hints about his XI vs Slavia\" \/>\n<meta property=\"og:description\" content=\"Hansi Flick wished good luck to Ter Stegen, who left on loan to Girona this Tuesday on the eve of Bar\u00e7a&#039;s visit to Slavia Prague\" \/>\n<meta property=\"og:url\" content=\"https:\/\/www.fcbarcelonanoticias.com\/en\/champions-league\/flick-dismisses-ter-stegen-and-gives-hints-about-his-xi-vs-slavia_315805_102.html\" \/>\n<meta property=\"og:site_name\" content=\"EN - FC Barcelona Noticias\" \/>\n<meta property=\"article:published_time\" content=\"2026-01-20T18:35:00+00:00\" \/>\n<meta property=\"og:image\" content=\"https:\/\/www.fcbarcelonanoticias.com\/en\/wp-content\/uploads\/sites\/2\/2026\/01\/hansi-flick-previa-slavia-praga-v-barcelona-champions.jpeg\" \/>\n\t<meta property=\"og:image:width\" content=\"1300\" \/>\n\t<meta property=\"og:image:height\" content=\"732\" \/>\n\t<meta property=\"og:image:type\" content=\"image\/jpeg\" \/>\n<meta name=\"author\" content=\"FC Barcelona Noticias\" \/>\n<meta name=\"twitter:card\" content=\"summary_large_image\" \/>\n<meta name=\"twitter:label1\" content=\"Written by\" \/>\n\t<meta name=\"twitter:data1\" content=\"FC Barcelona Noticias\" \/>\n\t<meta name=\"twitter:label2\" content=\"Est. reading time\" \/>\n\t<meta name=\"twitter:data2\" content=\"3 minutes\" \/>\n<script type=\"application\/ld+json\" class=\"yoast-schema-graph\">{\"@context\":\"https:\\\/\\\/schema.org\",\"@graph\":[{\"@type\":\"Article\",\"@id\":\"https:\\\/\\\/www.fcbarcelonanoticias.com\\\/en\\\/champions-league\\\/flick-dismisses-ter-stegen-and-gives-hints-about-his-xi-vs-slavia_315805_102.html#article\",\"isPartOf\":{\"@id\":\"https:\\\/\\\/www.fcbarcelonanoticias.com\\\/en\\\/champions-league\\\/flick-dismisses-ter-stegen-and-gives-hints-about-his-xi-vs-slavia_315805_102.html\"},\"author\":{\"name\":\"FC Barcelona Noticias\",\"@id\":\"https:\\\/\\\/www.fcbarcelonanoticias.com\\\/en\\\/#\\\/schema\\\/person\\\/0f2810101d27606974cdb8edb54fa54b\"},\"headline\":\"Flick bids farewell to Ter Stegen and anticipates Roony Bardghji&#8217;s starting role in Prague\",\"datePublished\":\"2026-01-20T18:35:00+00:00\",\"mainEntityOfPage\":{\"@id\":\"https:\\\/\\\/www.fcbarcelonanoticias.com\\\/en\\\/champions-league\\\/flick-dismisses-ter-stegen-and-gives-hints-about-his-xi-vs-slavia_315805_102.html\"},\"wordCount\":613,\"image\":{\"@id\":\"https:\\\/\\\/www.fcbarcelonanoticias.com\\\/en\\\/champions-league\\\/flick-dismisses-ter-stegen-and-gives-hints-about-his-xi-vs-slavia_315805_102.html#primaryimage\"},\"thumbnailUrl\":\"https:\\\/\\\/www.fcbarcelonanoticias.com\\\/en\\\/wp-content\\\/uploads\\\/sites\\\/2\\\/2026\\\/01\\\/hansi-flick-previa-slavia-praga-v-barcelona-champions.jpeg\",\"keywords\":[\"Hansi Flick\",\"Pedri\",\"Pedri\",\"Raphinha\",\"Raphinha\",\"Roony Bardghji\",\"Slavia Prague\",\"Ter Stegen\"],\"articleSection\":[\"Champions League\",\"Champions League\"],\"inLanguage\":\"en-US\"},{\"@type\":\"WebPage\",\"@id\":\"https:\\\/\\\/www.fcbarcelonanoticias.com\\\/en\\\/champions-league\\\/flick-dismisses-ter-stegen-and-gives-hints-about-his-xi-vs-slavia_315805_102.html\",\"url\":\"https:\\\/\\\/www.fcbarcelonanoticias.com\\\/en\\\/champions-league\\\/flick-dismisses-ter-stegen-and-gives-hints-about-his-xi-vs-slavia_315805_102.html\",\"name\":\"Flick dismisses Ter Stegen and gives hints about his XI vs Slavia\",\"isPartOf\":{\"@id\":\"https:\\\/\\\/www.fcbarcelonanoticias.com\\\/en\\\/#website\"},\"primaryImageOfPage\":{\"@id\":\"https:\\\/\\\/www.fcbarcelonanoticias.com\\\/en\\\/champions-league\\\/flick-dismisses-ter-stegen-and-gives-hints-about-his-xi-vs-slavia_315805_102.html#primaryimage\"},\"image\":{\"@id\":\"https:\\\/\\\/www.fcbarcelonanoticias.com\\\/en\\\/champions-league\\\/flick-dismisses-ter-stegen-and-gives-hints-about-his-xi-vs-slavia_315805_102.html#primaryimage\"},\"thumbnailUrl\":\"https:\\\/\\\/www.fcbarcelonanoticias.com\\\/en\\\/wp-content\\\/uploads\\\/sites\\\/2\\\/2026\\\/01\\\/hansi-flick-previa-slavia-praga-v-barcelona-champions.jpeg\",\"datePublished\":\"2026-01-20T18:35:00+00:00\",\"author\":{\"@id\":\"https:\\\/\\\/www.fcbarcelonanoticias.com\\\/en\\\/#\\\/schema\\\/person\\\/0f2810101d27606974cdb8edb54fa54b\"},\"description\":\"Hansi Flick wished good luck to Ter Stegen, who left on loan to Girona this Tuesday on the eve of Bar\u00e7a's visit to Slavia Prague\",\"breadcrumb\":{\"@id\":\"https:\\\/\\\/www.fcbarcelonanoticias.com\\\/en\\\/champions-league\\\/flick-dismisses-ter-stegen-and-gives-hints-about-his-xi-vs-slavia_315805_102.html#breadcrumb\"},\"inLanguage\":\"en-US\",\"potentialAction\":[{\"@type\":\"ReadAction\",\"target\":[\"https:\\\/\\\/www.fcbarcelonanoticias.com\\\/en\\\/champions-league\\\/flick-dismisses-ter-stegen-and-gives-hints-about-his-xi-vs-slavia_315805_102.html\"]}]},{\"@type\":\"ImageObject\",\"inLanguage\":\"en-US\",\"@id\":\"https:\\\/\\\/www.fcbarcelonanoticias.com\\\/en\\\/champions-league\\\/flick-dismisses-ter-stegen-and-gives-hints-about-his-xi-vs-slavia_315805_102.html#primaryimage\",\"url\":\"https:\\\/\\\/www.fcbarcelonanoticias.com\\\/en\\\/wp-content\\\/uploads\\\/sites\\\/2\\\/2026\\\/01\\\/hansi-flick-previa-slavia-praga-v-barcelona-champions.jpeg\",\"contentUrl\":\"https:\\\/\\\/www.fcbarcelonanoticias.com\\\/en\\\/wp-content\\\/uploads\\\/sites\\\/2\\\/2026\\\/01\\\/hansi-flick-previa-slavia-praga-v-barcelona-champions.jpeg\",\"width\":1300,\"height\":732},{\"@type\":\"BreadcrumbList\",\"@id\":\"https:\\\/\\\/www.fcbarcelonanoticias.com\\\/en\\\/champions-league\\\/flick-dismisses-ter-stegen-and-gives-hints-about-his-xi-vs-slavia_315805_102.html#breadcrumb\",\"itemListElement\":[{\"@type\":\"ListItem\",\"position\":1,\"name\":\"Portada\",\"item\":\"https:\\\/\\\/www.fcbarcelonanoticias.com\\\/en\\\/\"},{\"@type\":\"ListItem\",\"position\":2,\"name\":\"Flick bids farewell to Ter Stegen and anticipates Roony Bardghji&#8217;s starting role in Prague\"}]},{\"@type\":\"WebSite\",\"@id\":\"https:\\\/\\\/www.fcbarcelonanoticias.com\\\/en\\\/#website\",\"url\":\"https:\\\/\\\/www.fcbarcelonanoticias.com\\\/en\\\/\",\"name\":\"EN - FC Barcelona Noticias\",\"description\":\"\",\"potentialAction\":[{\"@type\":\"SearchAction\",\"target\":{\"@type\":\"EntryPoint\",\"urlTemplate\":\"https:\\\/\\\/www.fcbarcelonanoticias.com\\\/en\\\/?s={search_term_string}\"},\"query-input\":{\"@type\":\"PropertyValueSpecification\",\"valueRequired\":true,\"valueName\":\"search_term_string\"}}],\"inLanguage\":\"en-US\"},{\"@type\":\"Person\",\"@id\":\"https:\\\/\\\/www.fcbarcelonanoticias.com\\\/en\\\/#\\\/schema\\\/person\\\/0f2810101d27606974cdb8edb54fa54b\",\"name\":\"FC Barcelona Noticias\",\"image\":{\"@type\":\"ImageObject\",\"inLanguage\":\"en-US\",\"@id\":\"https:\\\/\\\/secure.gravatar.com\\\/avatar\\\/?s=96&d=mm&r=g\",\"url\":\"https:\\\/\\\/secure.gravatar.com\\\/avatar\\\/?s=96&d=mm&r=g\",\"contentUrl\":\"https:\\\/\\\/secure.gravatar.com\\\/avatar\\\/?s=96&d=mm&r=g\",\"caption\":\"FC Barcelona Noticias\"},\"url\":\"https:\\\/\\\/www.fcbarcelonanoticias.com\\\/en\\\/fc-barcelona\\\/fcbn-writing-fc-barcelona-news_6_115.html\"}]}<\/script>\n<!-- \/ Yoast SEO plugin. -->","yoast_head_json":{"title":"Flick dismisses Ter Stegen and gives hints about his XI vs Slavia","description":"Hansi Flick wished good luck to Ter Stegen, who left on loan to Girona this Tuesday on the eve of Bar\u00e7a's visit to Slavia Prague","robots":{"index":"index","follow":"follow","max-snippet":"max-snippet:-1","max-image-preview":"max-image-preview:large","max-video-preview":"max-video-preview:-1"},"canonical":"https:\/\/www.fcbarcelonanoticias.com\/en\/champions-league\/flick-dismisses-ter-stegen-and-gives-hints-about-his-xi-vs-slavia_315805_102.html","og_locale":"en_US","og_type":"article","og_title":"Flick dismisses Ter Stegen and gives hints about his XI vs Slavia","og_description":"Hansi Flick wished good luck to Ter Stegen, who left on loan to Girona this Tuesday on the eve of Bar\u00e7a's visit to Slavia Prague","og_url":"https:\/\/www.fcbarcelonanoticias.com\/en\/champions-league\/flick-dismisses-ter-stegen-and-gives-hints-about-his-xi-vs-slavia_315805_102.html","og_site_name":"EN - FC Barcelona Noticias","article_published_time":"2026-01-20T18:35:00+00:00","og_image":[{"width":1300,"height":732,"url":"https:\/\/www.fcbarcelonanoticias.com\/en\/wp-content\/uploads\/sites\/2\/2026\/01\/hansi-flick-previa-slavia-praga-v-barcelona-champions.jpeg","type":"image\/jpeg"}],"author":"FC Barcelona Noticias","twitter_card":"summary_large_image","twitter_misc":{"Written by":"FC Barcelona Noticias","Est. reading time":"3 minutes"},"schema":{"@context":"https:\/\/schema.org","@graph":[{"@type":"Article","@id":"https:\/\/www.fcbarcelonanoticias.com\/en\/champions-league\/flick-dismisses-ter-stegen-and-gives-hints-about-his-xi-vs-slavia_315805_102.html#article","isPartOf":{"@id":"https:\/\/www.fcbarcelonanoticias.com\/en\/champions-league\/flick-dismisses-ter-stegen-and-gives-hints-about-his-xi-vs-slavia_315805_102.html"},"author":{"name":"FC Barcelona Noticias","@id":"https:\/\/www.fcbarcelonanoticias.com\/en\/#\/schema\/person\/0f2810101d27606974cdb8edb54fa54b"},"headline":"Flick bids farewell to Ter Stegen and anticipates Roony Bardghji&#8217;s starting role in Prague","datePublished":"2026-01-20T18:35:00+00:00","mainEntityOfPage":{"@id":"https:\/\/www.fcbarcelonanoticias.com\/en\/champions-league\/flick-dismisses-ter-stegen-and-gives-hints-about-his-xi-vs-slavia_315805_102.html"},"wordCount":613,"image":{"@id":"https:\/\/www.fcbarcelonanoticias.com\/en\/champions-league\/flick-dismisses-ter-stegen-and-gives-hints-about-his-xi-vs-slavia_315805_102.html#primaryimage"},"thumbnailUrl":"https:\/\/www.fcbarcelonanoticias.com\/en\/wp-content\/uploads\/sites\/2\/2026\/01\/hansi-flick-previa-slavia-praga-v-barcelona-champions.jpeg","keywords":["Hansi Flick","Pedri","Pedri","Raphinha","Raphinha","Roony Bardghji","Slavia Prague","Ter Stegen"],"articleSection":["Champions League","Champions League"],"inLanguage":"en-US"},{"@type":"WebPage","@id":"https:\/\/www.fcbarcelonanoticias.com\/en\/champions-league\/flick-dismisses-ter-stegen-and-gives-hints-about-his-xi-vs-slavia_315805_102.html","url":"https:\/\/www.fcbarcelonanoticias.com\/en\/champions-league\/flick-dismisses-ter-stegen-and-gives-hints-about-his-xi-vs-slavia_315805_102.html","name":"Flick dismisses Ter Stegen and gives hints about his XI vs Slavia","isPartOf":{"@id":"https:\/\/www.fcbarcelonanoticias.com\/en\/#website"},"primaryImageOfPage":{"@id":"https:\/\/www.fcbarcelonanoticias.com\/en\/champions-league\/flick-dismisses-ter-stegen-and-gives-hints-about-his-xi-vs-slavia_315805_102.html#primaryimage"},"image":{"@id":"https:\/\/www.fcbarcelonanoticias.com\/en\/champions-league\/flick-dismisses-ter-stegen-and-gives-hints-about-his-xi-vs-slavia_315805_102.html#primaryimage"},"thumbnailUrl":"https:\/\/www.fcbarcelonanoticias.com\/en\/wp-content\/uploads\/sites\/2\/2026\/01\/hansi-flick-previa-slavia-praga-v-barcelona-champions.jpeg","datePublished":"2026-01-20T18:35:00+00:00","author":{"@id":"https:\/\/www.fcbarcelonanoticias.com\/en\/#\/schema\/person\/0f2810101d27606974cdb8edb54fa54b"},"description":"Hansi Flick wished good luck to Ter Stegen, who left on loan to Girona this Tuesday on the eve of Bar\u00e7a's visit to Slavia Prague","breadcrumb":{"@id":"https:\/\/www.fcbarcelonanoticias.com\/en\/champions-league\/flick-dismisses-ter-stegen-and-gives-hints-about-his-xi-vs-slavia_315805_102.html#breadcrumb"},"inLanguage":"en-US","potentialAction":[{"@type":"ReadAction","target":["https:\/\/www.fcbarcelonanoticias.com\/en\/champions-league\/flick-dismisses-ter-stegen-and-gives-hints-about-his-xi-vs-slavia_315805_102.html"]}]},{"@type":"ImageObject","inLanguage":"en-US","@id":"https:\/\/www.fcbarcelonanoticias.com\/en\/champions-league\/flick-dismisses-ter-stegen-and-gives-hints-about-his-xi-vs-slavia_315805_102.html#primaryimage","url":"https:\/\/www.fcbarcelonanoticias.com\/en\/wp-content\/uploads\/sites\/2\/2026\/01\/hansi-flick-previa-slavia-praga-v-barcelona-champions.jpeg","contentUrl":"https:\/\/www.fcbarcelonanoticias.com\/en\/wp-content\/uploads\/sites\/2\/2026\/01\/hansi-flick-previa-slavia-praga-v-barcelona-champions.jpeg","width":1300,"height":732},{"@type":"BreadcrumbList","@id":"https:\/\/www.fcbarcelonanoticias.com\/en\/champions-league\/flick-dismisses-ter-stegen-and-gives-hints-about-his-xi-vs-slavia_315805_102.html#breadcrumb","itemListElement":[{"@type":"ListItem","position":1,"name":"Portada","item":"https:\/\/www.fcbarcelonanoticias.com\/en\/"},{"@type":"ListItem","position":2,"name":"Flick bids farewell to Ter Stegen and anticipates Roony Bardghji&#8217;s starting role in Prague"}]},{"@type":"WebSite","@id":"https:\/\/www.fcbarcelonanoticias.com\/en\/#website","url":"https:\/\/www.fcbarcelonanoticias.com\/en\/","name":"EN - FC Barcelona Noticias","description":"","potentialAction":[{"@type":"SearchAction","target":{"@type":"EntryPoint","urlTemplate":"https:\/\/www.fcbarcelonanoticias.com\/en\/?s={search_term_string}"},"query-input":{"@type":"PropertyValueSpecification","valueRequired":true,"valueName":"search_term_string"}}],"inLanguage":"en-US"},{"@type":"Person","@id":"https:\/\/www.fcbarcelonanoticias.com\/en\/#\/schema\/person\/0f2810101d27606974cdb8edb54fa54b","name":"FC Barcelona Noticias","image":{"@type":"ImageObject","inLanguage":"en-US","@id":"https:\/\/secure.gravatar.com\/avatar\/?s=96&d=mm&r=g","url":"https:\/\/secure.gravatar.com\/avatar\/?s=96&d=mm&r=g","contentUrl":"https:\/\/secure.gravatar.com\/avatar\/?s=96&d=mm&r=g","caption":"FC Barcelona Noticias"},"url":"https:\/\/www.fcbarcelonanoticias.com\/en\/fc-barcelona\/fcbn-writing-fc-barcelona-news_6_115.html"}]}},"_links":{"self":[{"href":"https:\/\/www.fcbarcelonanoticias.com\/en\/wp-json\/wp\/v2\/posts\/4699","targetHints":{"allow":["GET"]}}],"collection":[{"href":"https:\/\/www.fcbarcelonanoticias.com\/en\/wp-json\/wp\/v2\/posts"}],"about":[{"href":"https:\/\/www.fcbarcelonanoticias.com\/en\/wp-json\/wp\/v2\/types\/post"}],"author":[{"embeddable":true,"href":"https:\/\/www.fcbarcelonanoticias.com\/en\/wp-json\/wp\/v2\/users\/353"}],"replies":[{"embeddable":true,"href":"https:\/\/www.fcbarcelonanoticias.com\/en\/wp-json\/wp\/v2\/comments?post=4699"}],"version-history":[{"count":1,"href":"https:\/\/www.fcbarcelonanoticias.com\/en\/wp-json\/wp\/v2\/posts\/4699\/revisions"}],"predecessor-version":[{"id":101533,"href":"https:\/\/www.fcbarcelonanoticias.com\/en\/wp-json\/wp\/v2\/posts\/4699\/revisions\/101533"}],"wp:featuredmedia":[{"embeddable":true,"href":"https:\/\/www.fcbarcelonanoticias.com\/en\/wp-json\/wp\/v2\/media\/4700"}],"wp:attachment":[{"href":"https:\/\/www.fcbarcelonanoticias.com\/en\/wp-json\/wp\/v2\/media?parent=4699"}],"wp:term":[{"taxonomy":"category","embeddable":true,"href":"https:\/\/www.fcbarcelonanoticias.com\/en\/wp-json\/wp\/v2\/categories?post=4699"},{"taxonomy":"post_tag","embeddable":true,"href":"https:\/\/www.fcbarcelonanoticias.com\/en\/wp-json\/wp\/v2\/tags?post=4699"}],"curies":[{"name":"wp","href":"https:\/\/api.w.org\/{rel}","templated":true}]}}