{"id":4716,"date":"2024-04-08T10:23:00","date_gmt":"2024-04-08T08:23:00","guid":{"rendered":"https:\/\/weisetech.dev\/fc-barcelona-noticias\/en\/frenkie-aiming-to-the-xi-xavi-thinks-of-de-jong-to-lead-barcas-midfield-against-psg_302415_102\/"},"modified":"2024-04-08T16:33:00","modified_gmt":"2024-04-08T14:33:00","slug":"frenkie-aiming-to-the-xi-xavi-thinks-of-de-jong-to-lead-barcas-midfield-against-psg_302415_102","status":"publish","type":"post","link":"https:\/\/www.fcbarcelonanoticias.com\/en\/champions-league\/frenkie-aiming-to-the-xi-xavi-thinks-of-de-jong-to-lead-barcas-midfield-against-psg_302415_102.html","title":{"rendered":"Frenkie is aiming for the XI! Xavi thinks of De Jong to lead Bar\u00e7a&#8217;s midfield against PSG"},"content":{"rendered":"<h2 class=\"wp-block-heading\">Bar\u00e7a are waiting to travel to Paris in the next few hours, and will do so with Frenkie de Jong as a name that aims to be in their starting eleven on Wednesday, April 10 against PSG<\/h2>  \r\n<div class=\"article-addons\">\r\n    <a href=\"https:\/\/www.fcbarcelonanoticias.com\/en\/calendar-fc-barcelona.html\"\r\n       target=\"_self\"\r\n       title=\"Calendar of FC Barcelona\"\r\n       class=\"blue-gredient-btn\">\r\n       \r\n        Calendar of FC Barcelona    <\/a>\r\n<\/div>   <p>The head <a data-external=\"0\" data-intl-links-en=\"https:\/\/www.fcbarcelonanoticias.com\/en\/transfers\/laporta-only-thinking-about-convincing-xavi-to-continue-and-sets-date-for-the-start-of-his-plan_302339_102.html\" data-intl-links-es=\"https:\/\/www.fcbarcelonanoticias.com\/fichajes\/laporta-solo-piensa-en-convencer-xavi-siga-pone-fecha-inicio-de-su-plan_302339_102.html\" href=\"https:\/\/www.fcbarcelonanoticias.com\/en\/transfers\/laporta-only-thinking-about-convincing-xavi-to-continue-and-sets-date-for-the-start-of-his-plan_302339_102.html\" rel=\"follow\" target=\"_self\" title=\"Laporta solo piensa en convencer a Xavi para que siga y pone fecha al inicio&nbsp;de&nbsp;su&nbsp;plan\">of Xavi Hern\u00e1ndez<\/a> has working in finding the eleven ideal for the FC Barcelona in what it will be his visit to the Park of the Princes next Wednesday. <strong>The Barcelona trainer takes into account that it needs an enclosed result, preferably in favour, for from there can plant in a favourable position to the hour that it play the meeting of turn,<\/strong> programmed for the Tuesday 16 of this same month.<\/p>  <p>It is thus that the m\u00edster will expect all the possible to one of his more important footballers of the staff, Frenkie of Jong, the one who besides is being considered to occupy one of the three places of the midfield in the XI of the Bar\u00e7a an Paris. <strong>And it is that if it is as it seems up to now, the Dutch midfield player is recovered of the injury of ankle that suffered in Saint Mam\u00e9s the first days of March.<\/strong><\/p>  <h2>Of Jong, a name that can finish being key in front of the PSG<\/h2>  <p>Like this it informs it &#8216;ACE&#8217; this Monday, aiming that Frenkie is to the one hundred by one hundred, or at least like this showed it in the training of this Saturday,<strong> in which Xavi could observe to almost all his players in a partidillo with which Of Jong left clear that is to start the party of the next Wednesday (21:00 hours). <\/strong>Like this, and always with the ex Ajax like doubt more important, at least up to now, the information aims that it will be an eleven headline that mix experience of players like G\u00fcndogan and Lewandowski with the youth of the Cubars\u00ed and Lamine.<\/p>  <p>But regarding the midfield, Xavi could explain in his XI with the best available, taking into account that Christensen also <a data-external=\"0\" data-intl-links-en=\"https:\/\/www.fcbarcelonanoticias.com\/en\/fc-barcelona\/like-this-they-advance-frenkie-of-jong-pedri-and-andreas-christensen-in-his-attempt-to-play-the-psg-barca_302393_102.html\" data-intl-links-es=\"https:\/\/www.fcbarcelonanoticias.com\/fc-barcelona\/avanzan-frenkie-jong-pedri-andreas-christensen-en-su-intento-jugar-psg-barca_302393_102.html\" href=\"https:\/\/www.fcbarcelonanoticias.com\/en\/fc-barcelona\/like-this-they-advance-frenkie-of-jong-pedri-and-andreas-christensen-in-his-attempt-to-play-the-psg-barca_302393_102.html\" rel=\"follow\" target=\"_self\" title=\"As\u00ed avanzan Frenkie de Jong, Pedri y Andreas Christensen en su intento de jugar el PSG-Bar\u00e7a\">delivered good feelings the past Saturday with regard to his sinew of Achilles<\/a>, and that G\u00fcndogan is to the &#8216;101%&#8217;, even with his brutal accumulation of minutes and loads. <strong>It is necessary to highlight equally that the eleven of the Bar\u00e7a is not enclosed, because it will depend on the final feelings of the &#8216;touched&#8217; in last training of the Tuesday in the Park of the Princes.<\/strong><\/p>  <h2>A defence that knows increasingly<\/h2>  <p>The defence, nevertheless, seems intocable. The factor surprise of Ara\u00fajo like right side in parties in front of players like Kylian Mbapp\u00e9 no longer seems a priority for Xavi, <strong>and the Uruguayan would have to keep in the centre of the defence, beside Cubars\u00ed. Kound\u00e9 And Cancel will occupy of the sides, remembering that the Portuguese will have a difficult proof with Ousmane Demb\u00e9l\u00e9,<\/strong> by what will need all the support of the mediocentro, of Raphinha if finally it is the left extreme, but especially to take advantage of his profile invested to close the dribblings of the French to the centre.<\/p> ","protected":false},"excerpt":{"rendered":"<p>Bar\u00e7a are waiting to travel to Paris in the next few hours, and will do so with Frenkie de Jong as a name that aims to be in their starting eleven on Wednesday, April 10 against PSG The head of Xavi Hern\u00e1ndez has working in finding the eleven ideal for the FC Barcelona in what [&hellip;]<\/p>\n","protected":false},"author":345,"featured_media":4717,"comment_status":"closed","ping_status":"open","sticky":false,"template":"","format":"standard","meta":{"_acf_changed":false,"inline_featured_image":false,"_nextfly_llmd_date_locked":false,"footnotes":""},"categories":[112,447],"tags":[136,88,240,48],"class_list":["post-4716","post","type-post","status-publish","format-standard","has-post-thumbnail","hentry","category-champions-league","category-champions-league-2","tag-injured","tag-paris-saint-germain","tag-sergi-roberto","tag-xavi-hernandez"],"acf":[],"yoast_head":"<!-- This site is optimized with the Yoast SEO plugin v27.3 - https:\/\/yoast.com\/product\/yoast-seo-wordpress\/ -->\n<title>Frenkie is aiming for the XI! Xavi thinks of De Jong to lead Bar\u00e7a&#039;s midfield against PSG<\/title>\n<meta name=\"description\" content=\"Bar\u00e7a are waiting to travel to Paris in the next few hours, and will do so with Frenkie de Jong as a name that aims to be in their starting eleven on Wednesday, April 10 against PSG\" \/>\n<meta name=\"robots\" content=\"index, follow, max-snippet:-1, max-image-preview:large, max-video-preview:-1\" \/>\n<link rel=\"canonical\" href=\"https:\/\/www.fcbarcelonanoticias.com\/en\/champions-league\/frenkie-aiming-to-the-xi-xavi-thinks-of-de-jong-to-lead-barcas-midfield-against-psg_302415_102.html\" \/>\n<meta property=\"og:locale\" content=\"en_US\" \/>\n<meta property=\"og:type\" content=\"article\" \/>\n<meta property=\"og:title\" content=\"Frenkie is aiming for the XI! Xavi thinks of De Jong to lead Bar\u00e7a&#039;s midfield against PSG\" \/>\n<meta property=\"og:description\" content=\"Bar\u00e7a are waiting to travel to Paris in the next few hours, and will do so with Frenkie de Jong as a name that aims to be in their starting eleven on Wednesday, April 10 against PSG\" \/>\n<meta property=\"og:url\" content=\"https:\/\/www.fcbarcelonanoticias.com\/en\/champions-league\/frenkie-aiming-to-the-xi-xavi-thinks-of-de-jong-to-lead-barcas-midfield-against-psg_302415_102.html\" \/>\n<meta property=\"og:site_name\" content=\"EN - FC Barcelona Noticias\" \/>\n<meta property=\"article:published_time\" content=\"2024-04-08T08:23:00+00:00\" \/>\n<meta property=\"article:modified_time\" content=\"2024-04-08T14:33:00+00:00\" \/>\n<meta property=\"og:image\" content=\"https:\/\/www.fcbarcelonanoticias.com\/en\/wp-content\/uploads\/sites\/2\/2024\/04\/frenkie-de-jong-en-el-duelo-entre-el-fc-barcelona-y-el-getafe-cf-en-laliga.png\" \/>\n\t<meta property=\"og:image:width\" content=\"1300\" \/>\n\t<meta property=\"og:image:height\" content=\"732\" \/>\n\t<meta property=\"og:image:type\" content=\"image\/png\" \/>\n<meta name=\"author\" content=\"Carlos Montenegro\" \/>\n<meta name=\"twitter:card\" content=\"summary_large_image\" \/>\n<meta name=\"twitter:label1\" content=\"Written by\" \/>\n\t<meta name=\"twitter:data1\" content=\"Carlos Montenegro\" \/>\n\t<meta name=\"twitter:label2\" content=\"Est. reading time\" \/>\n\t<meta name=\"twitter:data2\" content=\"3 minutes\" \/>\n<script type=\"application\/ld+json\" class=\"yoast-schema-graph\">{\"@context\":\"https:\\\/\\\/schema.org\",\"@graph\":[{\"@type\":\"Article\",\"@id\":\"https:\\\/\\\/www.fcbarcelonanoticias.com\\\/en\\\/champions-league\\\/frenkie-aiming-to-the-xi-xavi-thinks-of-de-jong-to-lead-barcas-midfield-against-psg_302415_102.html#article\",\"isPartOf\":{\"@id\":\"https:\\\/\\\/www.fcbarcelonanoticias.com\\\/en\\\/champions-league\\\/frenkie-aiming-to-the-xi-xavi-thinks-of-de-jong-to-lead-barcas-midfield-against-psg_302415_102.html\"},\"author\":{\"name\":\"Carlos Montenegro\",\"@id\":\"https:\\\/\\\/www.fcbarcelonanoticias.com\\\/en\\\/#\\\/schema\\\/person\\\/aa1d038709c262cb247e240f6b39bbf5\"},\"headline\":\"Frenkie is aiming for the XI! Xavi thinks of De Jong to lead Bar\u00e7a&#8217;s midfield against PSG\",\"datePublished\":\"2024-04-08T08:23:00+00:00\",\"dateModified\":\"2024-04-08T14:33:00+00:00\",\"mainEntityOfPage\":{\"@id\":\"https:\\\/\\\/www.fcbarcelonanoticias.com\\\/en\\\/champions-league\\\/frenkie-aiming-to-the-xi-xavi-thinks-of-de-jong-to-lead-barcas-midfield-against-psg_302415_102.html\"},\"wordCount\":534,\"image\":{\"@id\":\"https:\\\/\\\/www.fcbarcelonanoticias.com\\\/en\\\/champions-league\\\/frenkie-aiming-to-the-xi-xavi-thinks-of-de-jong-to-lead-barcas-midfield-against-psg_302415_102.html#primaryimage\"},\"thumbnailUrl\":\"https:\\\/\\\/www.fcbarcelonanoticias.com\\\/en\\\/wp-content\\\/uploads\\\/sites\\\/2\\\/2024\\\/04\\\/frenkie-de-jong-en-el-duelo-entre-el-fc-barcelona-y-el-getafe-cf-en-laliga.png\",\"keywords\":[\"injured\",\"Paris Saint-Germain\",\"Sergi Roberto\",\"Xavi Hern\u00e1ndez\"],\"articleSection\":[\"Champions League\",\"Champions League\"],\"inLanguage\":\"en-US\"},{\"@type\":\"WebPage\",\"@id\":\"https:\\\/\\\/www.fcbarcelonanoticias.com\\\/en\\\/champions-league\\\/frenkie-aiming-to-the-xi-xavi-thinks-of-de-jong-to-lead-barcas-midfield-against-psg_302415_102.html\",\"url\":\"https:\\\/\\\/www.fcbarcelonanoticias.com\\\/en\\\/champions-league\\\/frenkie-aiming-to-the-xi-xavi-thinks-of-de-jong-to-lead-barcas-midfield-against-psg_302415_102.html\",\"name\":\"Frenkie is aiming for the XI! Xavi thinks of De Jong to lead Bar\u00e7a's midfield against PSG\",\"isPartOf\":{\"@id\":\"https:\\\/\\\/www.fcbarcelonanoticias.com\\\/en\\\/#website\"},\"primaryImageOfPage\":{\"@id\":\"https:\\\/\\\/www.fcbarcelonanoticias.com\\\/en\\\/champions-league\\\/frenkie-aiming-to-the-xi-xavi-thinks-of-de-jong-to-lead-barcas-midfield-against-psg_302415_102.html#primaryimage\"},\"image\":{\"@id\":\"https:\\\/\\\/www.fcbarcelonanoticias.com\\\/en\\\/champions-league\\\/frenkie-aiming-to-the-xi-xavi-thinks-of-de-jong-to-lead-barcas-midfield-against-psg_302415_102.html#primaryimage\"},\"thumbnailUrl\":\"https:\\\/\\\/www.fcbarcelonanoticias.com\\\/en\\\/wp-content\\\/uploads\\\/sites\\\/2\\\/2024\\\/04\\\/frenkie-de-jong-en-el-duelo-entre-el-fc-barcelona-y-el-getafe-cf-en-laliga.png\",\"datePublished\":\"2024-04-08T08:23:00+00:00\",\"dateModified\":\"2024-04-08T14:33:00+00:00\",\"author\":{\"@id\":\"https:\\\/\\\/www.fcbarcelonanoticias.com\\\/en\\\/#\\\/schema\\\/person\\\/aa1d038709c262cb247e240f6b39bbf5\"},\"description\":\"Bar\u00e7a are waiting to travel to Paris in the next few hours, and will do so with Frenkie de Jong as a name that aims to be in their starting eleven on Wednesday, April 10 against PSG\",\"breadcrumb\":{\"@id\":\"https:\\\/\\\/www.fcbarcelonanoticias.com\\\/en\\\/champions-league\\\/frenkie-aiming-to-the-xi-xavi-thinks-of-de-jong-to-lead-barcas-midfield-against-psg_302415_102.html#breadcrumb\"},\"inLanguage\":\"en-US\",\"potentialAction\":[{\"@type\":\"ReadAction\",\"target\":[\"https:\\\/\\\/www.fcbarcelonanoticias.com\\\/en\\\/champions-league\\\/frenkie-aiming-to-the-xi-xavi-thinks-of-de-jong-to-lead-barcas-midfield-against-psg_302415_102.html\"]}]},{\"@type\":\"ImageObject\",\"inLanguage\":\"en-US\",\"@id\":\"https:\\\/\\\/www.fcbarcelonanoticias.com\\\/en\\\/champions-league\\\/frenkie-aiming-to-the-xi-xavi-thinks-of-de-jong-to-lead-barcas-midfield-against-psg_302415_102.html#primaryimage\",\"url\":\"https:\\\/\\\/www.fcbarcelonanoticias.com\\\/en\\\/wp-content\\\/uploads\\\/sites\\\/2\\\/2024\\\/04\\\/frenkie-de-jong-en-el-duelo-entre-el-fc-barcelona-y-el-getafe-cf-en-laliga.png\",\"contentUrl\":\"https:\\\/\\\/www.fcbarcelonanoticias.com\\\/en\\\/wp-content\\\/uploads\\\/sites\\\/2\\\/2024\\\/04\\\/frenkie-de-jong-en-el-duelo-entre-el-fc-barcelona-y-el-getafe-cf-en-laliga.png\",\"width\":1300,\"height\":732},{\"@type\":\"BreadcrumbList\",\"@id\":\"https:\\\/\\\/www.fcbarcelonanoticias.com\\\/en\\\/champions-league\\\/frenkie-aiming-to-the-xi-xavi-thinks-of-de-jong-to-lead-barcas-midfield-against-psg_302415_102.html#breadcrumb\",\"itemListElement\":[{\"@type\":\"ListItem\",\"position\":1,\"name\":\"Portada\",\"item\":\"https:\\\/\\\/www.fcbarcelonanoticias.com\\\/en\\\/\"},{\"@type\":\"ListItem\",\"position\":2,\"name\":\"Frenkie is aiming for the XI! Xavi thinks of De Jong to lead Bar\u00e7a&#8217;s midfield against PSG\"}]},{\"@type\":\"WebSite\",\"@id\":\"https:\\\/\\\/www.fcbarcelonanoticias.com\\\/en\\\/#website\",\"url\":\"https:\\\/\\\/www.fcbarcelonanoticias.com\\\/en\\\/\",\"name\":\"EN - FC Barcelona Noticias\",\"description\":\"\",\"potentialAction\":[{\"@type\":\"SearchAction\",\"target\":{\"@type\":\"EntryPoint\",\"urlTemplate\":\"https:\\\/\\\/www.fcbarcelonanoticias.com\\\/en\\\/?s={search_term_string}\"},\"query-input\":{\"@type\":\"PropertyValueSpecification\",\"valueRequired\":true,\"valueName\":\"search_term_string\"}}],\"inLanguage\":\"en-US\"},{\"@type\":\"Person\",\"@id\":\"https:\\\/\\\/www.fcbarcelonanoticias.com\\\/en\\\/#\\\/schema\\\/person\\\/aa1d038709c262cb247e240f6b39bbf5\",\"name\":\"Carlos Montenegro\",\"image\":{\"@type\":\"ImageObject\",\"inLanguage\":\"en-US\",\"@id\":\"https:\\\/\\\/secure.gravatar.com\\\/avatar\\\/?s=96&d=mm&r=g\",\"url\":\"https:\\\/\\\/secure.gravatar.com\\\/avatar\\\/?s=96&d=mm&r=g\",\"contentUrl\":\"https:\\\/\\\/secure.gravatar.com\\\/avatar\\\/?s=96&d=mm&r=g\",\"caption\":\"Carlos Montenegro\"},\"url\":\"https:\\\/\\\/www.fcbarcelonanoticias.com\\\/en\\\/carlos-montenegro_20_115.html\"}]}<\/script>\n<!-- \/ Yoast SEO plugin. -->","yoast_head_json":{"title":"Frenkie is aiming for the XI! Xavi thinks of De Jong to lead Bar\u00e7a's midfield against PSG","description":"Bar\u00e7a are waiting to travel to Paris in the next few hours, and will do so with Frenkie de Jong as a name that aims to be in their starting eleven on Wednesday, April 10 against PSG","robots":{"index":"index","follow":"follow","max-snippet":"max-snippet:-1","max-image-preview":"max-image-preview:large","max-video-preview":"max-video-preview:-1"},"canonical":"https:\/\/www.fcbarcelonanoticias.com\/en\/champions-league\/frenkie-aiming-to-the-xi-xavi-thinks-of-de-jong-to-lead-barcas-midfield-against-psg_302415_102.html","og_locale":"en_US","og_type":"article","og_title":"Frenkie is aiming for the XI! Xavi thinks of De Jong to lead Bar\u00e7a's midfield against PSG","og_description":"Bar\u00e7a are waiting to travel to Paris in the next few hours, and will do so with Frenkie de Jong as a name that aims to be in their starting eleven on Wednesday, April 10 against PSG","og_url":"https:\/\/www.fcbarcelonanoticias.com\/en\/champions-league\/frenkie-aiming-to-the-xi-xavi-thinks-of-de-jong-to-lead-barcas-midfield-against-psg_302415_102.html","og_site_name":"EN - FC Barcelona Noticias","article_published_time":"2024-04-08T08:23:00+00:00","article_modified_time":"2024-04-08T14:33:00+00:00","og_image":[{"width":1300,"height":732,"url":"https:\/\/www.fcbarcelonanoticias.com\/en\/wp-content\/uploads\/sites\/2\/2024\/04\/frenkie-de-jong-en-el-duelo-entre-el-fc-barcelona-y-el-getafe-cf-en-laliga.png","type":"image\/png"}],"author":"Carlos Montenegro","twitter_card":"summary_large_image","twitter_misc":{"Written by":"Carlos Montenegro","Est. reading time":"3 minutes"},"schema":{"@context":"https:\/\/schema.org","@graph":[{"@type":"Article","@id":"https:\/\/www.fcbarcelonanoticias.com\/en\/champions-league\/frenkie-aiming-to-the-xi-xavi-thinks-of-de-jong-to-lead-barcas-midfield-against-psg_302415_102.html#article","isPartOf":{"@id":"https:\/\/www.fcbarcelonanoticias.com\/en\/champions-league\/frenkie-aiming-to-the-xi-xavi-thinks-of-de-jong-to-lead-barcas-midfield-against-psg_302415_102.html"},"author":{"name":"Carlos Montenegro","@id":"https:\/\/www.fcbarcelonanoticias.com\/en\/#\/schema\/person\/aa1d038709c262cb247e240f6b39bbf5"},"headline":"Frenkie is aiming for the XI! Xavi thinks of De Jong to lead Bar\u00e7a&#8217;s midfield against PSG","datePublished":"2024-04-08T08:23:00+00:00","dateModified":"2024-04-08T14:33:00+00:00","mainEntityOfPage":{"@id":"https:\/\/www.fcbarcelonanoticias.com\/en\/champions-league\/frenkie-aiming-to-the-xi-xavi-thinks-of-de-jong-to-lead-barcas-midfield-against-psg_302415_102.html"},"wordCount":534,"image":{"@id":"https:\/\/www.fcbarcelonanoticias.com\/en\/champions-league\/frenkie-aiming-to-the-xi-xavi-thinks-of-de-jong-to-lead-barcas-midfield-against-psg_302415_102.html#primaryimage"},"thumbnailUrl":"https:\/\/www.fcbarcelonanoticias.com\/en\/wp-content\/uploads\/sites\/2\/2024\/04\/frenkie-de-jong-en-el-duelo-entre-el-fc-barcelona-y-el-getafe-cf-en-laliga.png","keywords":["injured","Paris Saint-Germain","Sergi Roberto","Xavi Hern\u00e1ndez"],"articleSection":["Champions League","Champions League"],"inLanguage":"en-US"},{"@type":"WebPage","@id":"https:\/\/www.fcbarcelonanoticias.com\/en\/champions-league\/frenkie-aiming-to-the-xi-xavi-thinks-of-de-jong-to-lead-barcas-midfield-against-psg_302415_102.html","url":"https:\/\/www.fcbarcelonanoticias.com\/en\/champions-league\/frenkie-aiming-to-the-xi-xavi-thinks-of-de-jong-to-lead-barcas-midfield-against-psg_302415_102.html","name":"Frenkie is aiming for the XI! Xavi thinks of De Jong to lead Bar\u00e7a's midfield against PSG","isPartOf":{"@id":"https:\/\/www.fcbarcelonanoticias.com\/en\/#website"},"primaryImageOfPage":{"@id":"https:\/\/www.fcbarcelonanoticias.com\/en\/champions-league\/frenkie-aiming-to-the-xi-xavi-thinks-of-de-jong-to-lead-barcas-midfield-against-psg_302415_102.html#primaryimage"},"image":{"@id":"https:\/\/www.fcbarcelonanoticias.com\/en\/champions-league\/frenkie-aiming-to-the-xi-xavi-thinks-of-de-jong-to-lead-barcas-midfield-against-psg_302415_102.html#primaryimage"},"thumbnailUrl":"https:\/\/www.fcbarcelonanoticias.com\/en\/wp-content\/uploads\/sites\/2\/2024\/04\/frenkie-de-jong-en-el-duelo-entre-el-fc-barcelona-y-el-getafe-cf-en-laliga.png","datePublished":"2024-04-08T08:23:00+00:00","dateModified":"2024-04-08T14:33:00+00:00","author":{"@id":"https:\/\/www.fcbarcelonanoticias.com\/en\/#\/schema\/person\/aa1d038709c262cb247e240f6b39bbf5"},"description":"Bar\u00e7a are waiting to travel to Paris in the next few hours, and will do so with Frenkie de Jong as a name that aims to be in their starting eleven on Wednesday, April 10 against PSG","breadcrumb":{"@id":"https:\/\/www.fcbarcelonanoticias.com\/en\/champions-league\/frenkie-aiming-to-the-xi-xavi-thinks-of-de-jong-to-lead-barcas-midfield-against-psg_302415_102.html#breadcrumb"},"inLanguage":"en-US","potentialAction":[{"@type":"ReadAction","target":["https:\/\/www.fcbarcelonanoticias.com\/en\/champions-league\/frenkie-aiming-to-the-xi-xavi-thinks-of-de-jong-to-lead-barcas-midfield-against-psg_302415_102.html"]}]},{"@type":"ImageObject","inLanguage":"en-US","@id":"https:\/\/www.fcbarcelonanoticias.com\/en\/champions-league\/frenkie-aiming-to-the-xi-xavi-thinks-of-de-jong-to-lead-barcas-midfield-against-psg_302415_102.html#primaryimage","url":"https:\/\/www.fcbarcelonanoticias.com\/en\/wp-content\/uploads\/sites\/2\/2024\/04\/frenkie-de-jong-en-el-duelo-entre-el-fc-barcelona-y-el-getafe-cf-en-laliga.png","contentUrl":"https:\/\/www.fcbarcelonanoticias.com\/en\/wp-content\/uploads\/sites\/2\/2024\/04\/frenkie-de-jong-en-el-duelo-entre-el-fc-barcelona-y-el-getafe-cf-en-laliga.png","width":1300,"height":732},{"@type":"BreadcrumbList","@id":"https:\/\/www.fcbarcelonanoticias.com\/en\/champions-league\/frenkie-aiming-to-the-xi-xavi-thinks-of-de-jong-to-lead-barcas-midfield-against-psg_302415_102.html#breadcrumb","itemListElement":[{"@type":"ListItem","position":1,"name":"Portada","item":"https:\/\/www.fcbarcelonanoticias.com\/en\/"},{"@type":"ListItem","position":2,"name":"Frenkie is aiming for the XI! Xavi thinks of De Jong to lead Bar\u00e7a&#8217;s midfield against PSG"}]},{"@type":"WebSite","@id":"https:\/\/www.fcbarcelonanoticias.com\/en\/#website","url":"https:\/\/www.fcbarcelonanoticias.com\/en\/","name":"EN - FC Barcelona Noticias","description":"","potentialAction":[{"@type":"SearchAction","target":{"@type":"EntryPoint","urlTemplate":"https:\/\/www.fcbarcelonanoticias.com\/en\/?s={search_term_string}"},"query-input":{"@type":"PropertyValueSpecification","valueRequired":true,"valueName":"search_term_string"}}],"inLanguage":"en-US"},{"@type":"Person","@id":"https:\/\/www.fcbarcelonanoticias.com\/en\/#\/schema\/person\/aa1d038709c262cb247e240f6b39bbf5","name":"Carlos Montenegro","image":{"@type":"ImageObject","inLanguage":"en-US","@id":"https:\/\/secure.gravatar.com\/avatar\/?s=96&d=mm&r=g","url":"https:\/\/secure.gravatar.com\/avatar\/?s=96&d=mm&r=g","contentUrl":"https:\/\/secure.gravatar.com\/avatar\/?s=96&d=mm&r=g","caption":"Carlos Montenegro"},"url":"https:\/\/www.fcbarcelonanoticias.com\/en\/carlos-montenegro_20_115.html"}]}},"_links":{"self":[{"href":"https:\/\/www.fcbarcelonanoticias.com\/en\/wp-json\/wp\/v2\/posts\/4716","targetHints":{"allow":["GET"]}}],"collection":[{"href":"https:\/\/www.fcbarcelonanoticias.com\/en\/wp-json\/wp\/v2\/posts"}],"about":[{"href":"https:\/\/www.fcbarcelonanoticias.com\/en\/wp-json\/wp\/v2\/types\/post"}],"author":[{"embeddable":true,"href":"https:\/\/www.fcbarcelonanoticias.com\/en\/wp-json\/wp\/v2\/users\/345"}],"replies":[{"embeddable":true,"href":"https:\/\/www.fcbarcelonanoticias.com\/en\/wp-json\/wp\/v2\/comments?post=4716"}],"version-history":[{"count":1,"href":"https:\/\/www.fcbarcelonanoticias.com\/en\/wp-json\/wp\/v2\/posts\/4716\/revisions"}],"predecessor-version":[{"id":101549,"href":"https:\/\/www.fcbarcelonanoticias.com\/en\/wp-json\/wp\/v2\/posts\/4716\/revisions\/101549"}],"wp:featuredmedia":[{"embeddable":true,"href":"https:\/\/www.fcbarcelonanoticias.com\/en\/wp-json\/wp\/v2\/media\/4717"}],"wp:attachment":[{"href":"https:\/\/www.fcbarcelonanoticias.com\/en\/wp-json\/wp\/v2\/media?parent=4716"}],"wp:term":[{"taxonomy":"category","embeddable":true,"href":"https:\/\/www.fcbarcelonanoticias.com\/en\/wp-json\/wp\/v2\/categories?post=4716"},{"taxonomy":"post_tag","embeddable":true,"href":"https:\/\/www.fcbarcelonanoticias.com\/en\/wp-json\/wp\/v2\/tags?post=4716"}],"curies":[{"name":"wp","href":"https:\/\/api.w.org\/{rel}","templated":true}]}}