{"id":4737,"date":"2025-11-05T21:35:00","date_gmt":"2025-11-05T20:35:00","guid":{"rendered":"https:\/\/weisetech.dev\/fc-barcelona-noticias\/en\/ferran-torres-scored-the-partial-1-1-in-bruges-barca_315202_102\/"},"modified":"2025-11-05T21:36:00","modified_gmt":"2025-11-05T20:36:00","slug":"ferran-torres-scored-the-partial-1-1-in-bruges-barca_315202_102","status":"publish","type":"post","link":"https:\/\/www.fcbarcelonanoticias.com\/en\/champions-league\/ferran-torres-scored-the-partial-1-1-in-bruges-barca_315202_102.html","title":{"rendered":"Ferran Torres on fire! The &#8216;Shark&#8217; is &#8216;biting&#8217; again in Bruges"},"content":{"rendered":"<h2 class=\"wp-block-heading\">Ferran Torres scored his 7th goal of the season in the 8th minute of Bruges-Bar\u00e7a. Set up by Ferm\u00edn L\u00f3pez, &#8216;El Tibur\u00f3n&#8217; made it 1-1 for the Catalans<\/h2>  \r\n<div class=\"article-addons\">\r\n    <a href=\"https:\/\/www.fcbarcelonanoticias.com\/en\/calendar-fc-barcelona.html\"\r\n       target=\"_self\"\r\n       title=\"Calendar of FC Barcelona\"\r\n       class=\"blue-gredient-btn\">\r\n       \r\n        Calendar of FC Barcelona    <\/a>\r\n<\/div>   <p><strong>FC Barcelona<\/strong> started losing in Belgium against <strong>Bruges<\/strong>, but <strong>Ferran Torres<\/strong> appeared to seal the immediate reaction of the Blaugrana team. <strong>Nicol\u00f2 Tresoldi<\/strong> put the home team ahead in the 6th minute, finishing off a quick counter-attack. Bar\u00e7a, however, reacted immediately at the Jan Breydel stadium.<\/p>  <p>In the 8th minute, Lamine Yamal threaded a pass to Ferm\u00edn L\u00f3pez. The player from Huelva broke the offside trap and sent a cross into the box, where the &#8216;Shark&#8217; appeared unmarked to finish with his right foot, in one touch, leaving the goalkeeper Jackers with no chance.<\/p>  <p>The match had a very intense rhythm in the first 20 minutes. With the score at 1-1, Bar\u00e7a took control of possession, but Bruges took the lead again in the 17th minute with a goal from <strong>Carrlos Forbs<\/strong>, once again after a counter-attack where the Bar\u00e7a defense was completely broken.<\/p>  <h2>Ferran Torres&#8217;s seventh goal of 25\/26<\/h2>  <p>In any case, Ferran Torres once again responded with goals to Hansi Flick&#8217;s confidence. <strong>The Foios native has now scored 7 goals in 13 games this season<\/strong>, in addition to 10 starts. Robert Lewandowski&#8217;s physical problems have opened the door to the starting XI for &#8216;El Tibur\u00f3n&#8217;, who has not missed the opportunities to achieve his best start to the season with Bar\u00e7a.<\/p>  <p><strong>In 24\/25, the &#8216;7&#8217; scored 19 goals in 45 matches<\/strong>. At this point last season, he had barely scored 1 goal, meaning the Valencian is on track to have his best year with the *cul\u00e9s*. And indeed, last season&#8217;s 19 goals are, for now, his best record in four and a half years as a *blaugrana* forward.<\/p>  <p>In total, the 25-year-old forward has scored **51 goals in 171 official matches for Bar\u00e7a**. His contract ends in 2027, and for now, there is peace of mind regarding the future. Ferran remains focused on performing at his best and proving he can be the ideal long-term successor to Lewandowski<\/p>  <ul> <li><u><strong>Recommended links<\/strong><\/u><\/li> \t<li><a data-external=\"1\" href=\"https:\/\/www.fcbarcelonanoticias.com\/estadisticas-fc-barcelona-2025-2026.html\" rel=\"nofollow\" target=\"_blank\" title=\"Estad\u00edsticas del FC Barcelona en la temporada 2025\/26\">FC Barcelona Statistics in the 2025\/26 season<\/a><\/li> \t<li><a data-external=\"1\" href=\"https:\/\/www.fcbarcelonanoticias.com\/en\/estadisticas-fc-barcelona-champions-league-2025-26.html\" rel=\"nofollow\" target=\"_blank\" title=\"Estad\u00edsticas del FC Barcelona en la UEFA CHAMPIONS LEAGUE 2025\/26\">FC Barcelona Statistics in the UEFA CHAMPIONS LEAGUE 2025\/26<\/a><\/li> \t<li><strong><a data-external=\"0\" data-intl-links-en=\"https:\/\/www.fcbarcelonanoticias.com\/en\/fc-barcelona-squad.html\" data-intl-links-es=\"https:\/\/www.fcbarcelonanoticias.com\/jugadores-fcbarcelona.html\" href=\"https:\/\/www.fcbarcelonanoticias.com\/en\/fc-barcelona-squad.html\" rel=\"follow\" target=\"_self\" title=\"Plantilla del FC Barcelona 2025-26\">FC Barcelona Squad &#8211; 2025\/26 Season<\/a><\/strong><\/li> <\/ul> ","protected":false},"excerpt":{"rendered":"<p>Ferran Torres scored his 7th goal of the season in the 8th minute of Bruges-Bar\u00e7a. Set up by Ferm\u00edn L\u00f3pez, &#8216;El Tibur\u00f3n&#8217; made it 1-1 for the Catalans FC Barcelona started losing in Belgium against Bruges, but Ferran Torres appeared to seal the immediate reaction of the Blaugrana team. Nicol\u00f2 Tresoldi put the home team [&hellip;]<\/p>\n","protected":false},"author":347,"featured_media":4738,"comment_status":"closed","ping_status":"open","sticky":false,"template":"","format":"standard","meta":{"_acf_changed":false,"inline_featured_image":false,"_nextfly_llmd_date_locked":false,"footnotes":""},"categories":[447,112],"tags":[195,471,157],"class_list":["post-4737","post","type-post","status-publish","format-standard","has-post-thumbnail","hentry","category-champions-league-2","category-champions-league","tag-ferran-torres","tag-ferran-torres-2","tag-statistics"],"acf":[],"yoast_head":"<!-- This site is optimized with the Yoast SEO plugin v27.3 - https:\/\/yoast.com\/product\/yoast-seo-wordpress\/ -->\n<title>Ferran Torres scored the partial 1-1 in Bruges-Bar\u00e7a<\/title>\n<meta name=\"description\" content=\"Ferran Torres scored his 7th goal of the season in the 8th minute of Bruges-Bar\u00e7a. Set up by Ferm\u00edn L\u00f3pez, &#039;El Tibur\u00f3n&#039; made it 1-1\" \/>\n<meta name=\"robots\" content=\"index, follow, max-snippet:-1, max-image-preview:large, max-video-preview:-1\" \/>\n<link rel=\"canonical\" href=\"https:\/\/www.fcbarcelonanoticias.com\/en\/champions-league\/ferran-torres-scored-the-partial-1-1-in-bruges-barca_315202_102.html\" \/>\n<meta property=\"og:locale\" content=\"en_US\" \/>\n<meta property=\"og:type\" content=\"article\" \/>\n<meta property=\"og:title\" content=\"Ferran Torres scored the partial 1-1 in Bruges-Bar\u00e7a\" \/>\n<meta property=\"og:description\" content=\"Ferran Torres scored his 7th goal of the season in the 8th minute of Bruges-Bar\u00e7a. Set up by Ferm\u00edn L\u00f3pez, &#039;El Tibur\u00f3n&#039; made it 1-1\" \/>\n<meta property=\"og:url\" content=\"https:\/\/www.fcbarcelonanoticias.com\/en\/champions-league\/ferran-torres-scored-the-partial-1-1-in-bruges-barca_315202_102.html\" \/>\n<meta property=\"og:site_name\" content=\"EN - FC Barcelona Noticias\" \/>\n<meta property=\"article:published_time\" content=\"2025-11-05T20:35:00+00:00\" \/>\n<meta property=\"article:modified_time\" content=\"2025-11-05T20:36:00+00:00\" \/>\n<meta property=\"og:image\" content=\"https:\/\/www.fcbarcelonanoticias.com\/en\/wp-content\/uploads\/sites\/2\/2025\/11\/gol-ferran-torres-v-brujas-champions.webp\" \/>\n\t<meta property=\"og:image:width\" content=\"1200\" \/>\n\t<meta property=\"og:image:height\" content=\"675\" \/>\n\t<meta property=\"og:image:type\" content=\"image\/webp\" \/>\n<meta name=\"author\" content=\"Andr\u00e9s Quiroz\" \/>\n<meta name=\"twitter:card\" content=\"summary_large_image\" \/>\n<meta name=\"twitter:label1\" content=\"Written by\" \/>\n\t<meta name=\"twitter:data1\" content=\"Andr\u00e9s Quiroz\" \/>\n\t<meta name=\"twitter:label2\" content=\"Est. reading time\" \/>\n\t<meta name=\"twitter:data2\" content=\"2 minutes\" \/>\n<script type=\"application\/ld+json\" class=\"yoast-schema-graph\">{\"@context\":\"https:\\\/\\\/schema.org\",\"@graph\":[{\"@type\":\"Article\",\"@id\":\"https:\\\/\\\/www.fcbarcelonanoticias.com\\\/en\\\/champions-league\\\/ferran-torres-scored-the-partial-1-1-in-bruges-barca_315202_102.html#article\",\"isPartOf\":{\"@id\":\"https:\\\/\\\/www.fcbarcelonanoticias.com\\\/en\\\/champions-league\\\/ferran-torres-scored-the-partial-1-1-in-bruges-barca_315202_102.html\"},\"author\":{\"name\":\"Andr\u00e9s Quiroz\",\"@id\":\"https:\\\/\\\/www.fcbarcelonanoticias.com\\\/en\\\/#\\\/schema\\\/person\\\/c2cd9f6fa1af5c0d0eccd0fefa575c88\"},\"headline\":\"Ferran Torres on fire! The &#8216;Shark&#8217; is &#8216;biting&#8217; again in Bruges\",\"datePublished\":\"2025-11-05T20:35:00+00:00\",\"dateModified\":\"2025-11-05T20:36:00+00:00\",\"mainEntityOfPage\":{\"@id\":\"https:\\\/\\\/www.fcbarcelonanoticias.com\\\/en\\\/champions-league\\\/ferran-torres-scored-the-partial-1-1-in-bruges-barca_315202_102.html\"},\"wordCount\":383,\"image\":{\"@id\":\"https:\\\/\\\/www.fcbarcelonanoticias.com\\\/en\\\/champions-league\\\/ferran-torres-scored-the-partial-1-1-in-bruges-barca_315202_102.html#primaryimage\"},\"thumbnailUrl\":\"https:\\\/\\\/www.fcbarcelonanoticias.com\\\/en\\\/wp-content\\\/uploads\\\/sites\\\/2\\\/2025\\\/11\\\/gol-ferran-torres-v-brujas-champions.webp\",\"keywords\":[\"Ferran Torres\",\"Ferran Torres\",\"Statistics\"],\"articleSection\":[\"Champions League\",\"Champions League\"],\"inLanguage\":\"en-US\"},{\"@type\":\"WebPage\",\"@id\":\"https:\\\/\\\/www.fcbarcelonanoticias.com\\\/en\\\/champions-league\\\/ferran-torres-scored-the-partial-1-1-in-bruges-barca_315202_102.html\",\"url\":\"https:\\\/\\\/www.fcbarcelonanoticias.com\\\/en\\\/champions-league\\\/ferran-torres-scored-the-partial-1-1-in-bruges-barca_315202_102.html\",\"name\":\"Ferran Torres scored the partial 1-1 in Bruges-Bar\u00e7a\",\"isPartOf\":{\"@id\":\"https:\\\/\\\/www.fcbarcelonanoticias.com\\\/en\\\/#website\"},\"primaryImageOfPage\":{\"@id\":\"https:\\\/\\\/www.fcbarcelonanoticias.com\\\/en\\\/champions-league\\\/ferran-torres-scored-the-partial-1-1-in-bruges-barca_315202_102.html#primaryimage\"},\"image\":{\"@id\":\"https:\\\/\\\/www.fcbarcelonanoticias.com\\\/en\\\/champions-league\\\/ferran-torres-scored-the-partial-1-1-in-bruges-barca_315202_102.html#primaryimage\"},\"thumbnailUrl\":\"https:\\\/\\\/www.fcbarcelonanoticias.com\\\/en\\\/wp-content\\\/uploads\\\/sites\\\/2\\\/2025\\\/11\\\/gol-ferran-torres-v-brujas-champions.webp\",\"datePublished\":\"2025-11-05T20:35:00+00:00\",\"dateModified\":\"2025-11-05T20:36:00+00:00\",\"author\":{\"@id\":\"https:\\\/\\\/www.fcbarcelonanoticias.com\\\/en\\\/#\\\/schema\\\/person\\\/c2cd9f6fa1af5c0d0eccd0fefa575c88\"},\"description\":\"Ferran Torres scored his 7th goal of the season in the 8th minute of Bruges-Bar\u00e7a. Set up by Ferm\u00edn L\u00f3pez, 'El Tibur\u00f3n' made it 1-1\",\"breadcrumb\":{\"@id\":\"https:\\\/\\\/www.fcbarcelonanoticias.com\\\/en\\\/champions-league\\\/ferran-torres-scored-the-partial-1-1-in-bruges-barca_315202_102.html#breadcrumb\"},\"inLanguage\":\"en-US\",\"potentialAction\":[{\"@type\":\"ReadAction\",\"target\":[\"https:\\\/\\\/www.fcbarcelonanoticias.com\\\/en\\\/champions-league\\\/ferran-torres-scored-the-partial-1-1-in-bruges-barca_315202_102.html\"]}]},{\"@type\":\"ImageObject\",\"inLanguage\":\"en-US\",\"@id\":\"https:\\\/\\\/www.fcbarcelonanoticias.com\\\/en\\\/champions-league\\\/ferran-torres-scored-the-partial-1-1-in-bruges-barca_315202_102.html#primaryimage\",\"url\":\"https:\\\/\\\/www.fcbarcelonanoticias.com\\\/en\\\/wp-content\\\/uploads\\\/sites\\\/2\\\/2025\\\/11\\\/gol-ferran-torres-v-brujas-champions.webp\",\"contentUrl\":\"https:\\\/\\\/www.fcbarcelonanoticias.com\\\/en\\\/wp-content\\\/uploads\\\/sites\\\/2\\\/2025\\\/11\\\/gol-ferran-torres-v-brujas-champions.webp\",\"width\":1200,\"height\":675},{\"@type\":\"BreadcrumbList\",\"@id\":\"https:\\\/\\\/www.fcbarcelonanoticias.com\\\/en\\\/champions-league\\\/ferran-torres-scored-the-partial-1-1-in-bruges-barca_315202_102.html#breadcrumb\",\"itemListElement\":[{\"@type\":\"ListItem\",\"position\":1,\"name\":\"Portada\",\"item\":\"https:\\\/\\\/www.fcbarcelonanoticias.com\\\/en\\\/\"},{\"@type\":\"ListItem\",\"position\":2,\"name\":\"Ferran Torres on fire! The &#8216;Shark&#8217; is &#8216;biting&#8217; again in Bruges\"}]},{\"@type\":\"WebSite\",\"@id\":\"https:\\\/\\\/www.fcbarcelonanoticias.com\\\/en\\\/#website\",\"url\":\"https:\\\/\\\/www.fcbarcelonanoticias.com\\\/en\\\/\",\"name\":\"EN - FC Barcelona Noticias\",\"description\":\"\",\"potentialAction\":[{\"@type\":\"SearchAction\",\"target\":{\"@type\":\"EntryPoint\",\"urlTemplate\":\"https:\\\/\\\/www.fcbarcelonanoticias.com\\\/en\\\/?s={search_term_string}\"},\"query-input\":{\"@type\":\"PropertyValueSpecification\",\"valueRequired\":true,\"valueName\":\"search_term_string\"}}],\"inLanguage\":\"en-US\"},{\"@type\":\"Person\",\"@id\":\"https:\\\/\\\/www.fcbarcelonanoticias.com\\\/en\\\/#\\\/schema\\\/person\\\/c2cd9f6fa1af5c0d0eccd0fefa575c88\",\"name\":\"Andr\u00e9s Quiroz\",\"image\":{\"@type\":\"ImageObject\",\"inLanguage\":\"en-US\",\"@id\":\"https:\\\/\\\/secure.gravatar.com\\\/avatar\\\/?s=96&d=mm&r=g\",\"url\":\"https:\\\/\\\/secure.gravatar.com\\\/avatar\\\/?s=96&d=mm&r=g\",\"contentUrl\":\"https:\\\/\\\/secure.gravatar.com\\\/avatar\\\/?s=96&d=mm&r=g\",\"caption\":\"Andr\u00e9s Quiroz\"},\"description\":\"Licenciado en Periodismo por la Universidad de los Andes. Me encargo de analizar y compartir los contenidos m\u00e1s destacados de la\u00a0actualidad del F\u00fatbol Club Barcelona, Mercado de Fichajes y F\u00fatbol Internacional en FCBN. La informaci\u00f3n es poder, pero tambi\u00e9n conocimiento.\",\"url\":\"https:\\\/\\\/www.fcbarcelonanoticias.com\\\/en\\\/fc-barcelona\\\/andres-quiroz_17_115.html\"}]}<\/script>\n<!-- \/ Yoast SEO plugin. -->","yoast_head_json":{"title":"Ferran Torres scored the partial 1-1 in Bruges-Bar\u00e7a","description":"Ferran Torres scored his 7th goal of the season in the 8th minute of Bruges-Bar\u00e7a. Set up by Ferm\u00edn L\u00f3pez, 'El Tibur\u00f3n' made it 1-1","robots":{"index":"index","follow":"follow","max-snippet":"max-snippet:-1","max-image-preview":"max-image-preview:large","max-video-preview":"max-video-preview:-1"},"canonical":"https:\/\/www.fcbarcelonanoticias.com\/en\/champions-league\/ferran-torres-scored-the-partial-1-1-in-bruges-barca_315202_102.html","og_locale":"en_US","og_type":"article","og_title":"Ferran Torres scored the partial 1-1 in Bruges-Bar\u00e7a","og_description":"Ferran Torres scored his 7th goal of the season in the 8th minute of Bruges-Bar\u00e7a. Set up by Ferm\u00edn L\u00f3pez, 'El Tibur\u00f3n' made it 1-1","og_url":"https:\/\/www.fcbarcelonanoticias.com\/en\/champions-league\/ferran-torres-scored-the-partial-1-1-in-bruges-barca_315202_102.html","og_site_name":"EN - FC Barcelona Noticias","article_published_time":"2025-11-05T20:35:00+00:00","article_modified_time":"2025-11-05T20:36:00+00:00","og_image":[{"width":1200,"height":675,"url":"https:\/\/www.fcbarcelonanoticias.com\/en\/wp-content\/uploads\/sites\/2\/2025\/11\/gol-ferran-torres-v-brujas-champions.webp","type":"image\/webp"}],"author":"Andr\u00e9s Quiroz","twitter_card":"summary_large_image","twitter_misc":{"Written by":"Andr\u00e9s Quiroz","Est. reading time":"2 minutes"},"schema":{"@context":"https:\/\/schema.org","@graph":[{"@type":"Article","@id":"https:\/\/www.fcbarcelonanoticias.com\/en\/champions-league\/ferran-torres-scored-the-partial-1-1-in-bruges-barca_315202_102.html#article","isPartOf":{"@id":"https:\/\/www.fcbarcelonanoticias.com\/en\/champions-league\/ferran-torres-scored-the-partial-1-1-in-bruges-barca_315202_102.html"},"author":{"name":"Andr\u00e9s Quiroz","@id":"https:\/\/www.fcbarcelonanoticias.com\/en\/#\/schema\/person\/c2cd9f6fa1af5c0d0eccd0fefa575c88"},"headline":"Ferran Torres on fire! The &#8216;Shark&#8217; is &#8216;biting&#8217; again in Bruges","datePublished":"2025-11-05T20:35:00+00:00","dateModified":"2025-11-05T20:36:00+00:00","mainEntityOfPage":{"@id":"https:\/\/www.fcbarcelonanoticias.com\/en\/champions-league\/ferran-torres-scored-the-partial-1-1-in-bruges-barca_315202_102.html"},"wordCount":383,"image":{"@id":"https:\/\/www.fcbarcelonanoticias.com\/en\/champions-league\/ferran-torres-scored-the-partial-1-1-in-bruges-barca_315202_102.html#primaryimage"},"thumbnailUrl":"https:\/\/www.fcbarcelonanoticias.com\/en\/wp-content\/uploads\/sites\/2\/2025\/11\/gol-ferran-torres-v-brujas-champions.webp","keywords":["Ferran Torres","Ferran Torres","Statistics"],"articleSection":["Champions League","Champions League"],"inLanguage":"en-US"},{"@type":"WebPage","@id":"https:\/\/www.fcbarcelonanoticias.com\/en\/champions-league\/ferran-torres-scored-the-partial-1-1-in-bruges-barca_315202_102.html","url":"https:\/\/www.fcbarcelonanoticias.com\/en\/champions-league\/ferran-torres-scored-the-partial-1-1-in-bruges-barca_315202_102.html","name":"Ferran Torres scored the partial 1-1 in Bruges-Bar\u00e7a","isPartOf":{"@id":"https:\/\/www.fcbarcelonanoticias.com\/en\/#website"},"primaryImageOfPage":{"@id":"https:\/\/www.fcbarcelonanoticias.com\/en\/champions-league\/ferran-torres-scored-the-partial-1-1-in-bruges-barca_315202_102.html#primaryimage"},"image":{"@id":"https:\/\/www.fcbarcelonanoticias.com\/en\/champions-league\/ferran-torres-scored-the-partial-1-1-in-bruges-barca_315202_102.html#primaryimage"},"thumbnailUrl":"https:\/\/www.fcbarcelonanoticias.com\/en\/wp-content\/uploads\/sites\/2\/2025\/11\/gol-ferran-torres-v-brujas-champions.webp","datePublished":"2025-11-05T20:35:00+00:00","dateModified":"2025-11-05T20:36:00+00:00","author":{"@id":"https:\/\/www.fcbarcelonanoticias.com\/en\/#\/schema\/person\/c2cd9f6fa1af5c0d0eccd0fefa575c88"},"description":"Ferran Torres scored his 7th goal of the season in the 8th minute of Bruges-Bar\u00e7a. Set up by Ferm\u00edn L\u00f3pez, 'El Tibur\u00f3n' made it 1-1","breadcrumb":{"@id":"https:\/\/www.fcbarcelonanoticias.com\/en\/champions-league\/ferran-torres-scored-the-partial-1-1-in-bruges-barca_315202_102.html#breadcrumb"},"inLanguage":"en-US","potentialAction":[{"@type":"ReadAction","target":["https:\/\/www.fcbarcelonanoticias.com\/en\/champions-league\/ferran-torres-scored-the-partial-1-1-in-bruges-barca_315202_102.html"]}]},{"@type":"ImageObject","inLanguage":"en-US","@id":"https:\/\/www.fcbarcelonanoticias.com\/en\/champions-league\/ferran-torres-scored-the-partial-1-1-in-bruges-barca_315202_102.html#primaryimage","url":"https:\/\/www.fcbarcelonanoticias.com\/en\/wp-content\/uploads\/sites\/2\/2025\/11\/gol-ferran-torres-v-brujas-champions.webp","contentUrl":"https:\/\/www.fcbarcelonanoticias.com\/en\/wp-content\/uploads\/sites\/2\/2025\/11\/gol-ferran-torres-v-brujas-champions.webp","width":1200,"height":675},{"@type":"BreadcrumbList","@id":"https:\/\/www.fcbarcelonanoticias.com\/en\/champions-league\/ferran-torres-scored-the-partial-1-1-in-bruges-barca_315202_102.html#breadcrumb","itemListElement":[{"@type":"ListItem","position":1,"name":"Portada","item":"https:\/\/www.fcbarcelonanoticias.com\/en\/"},{"@type":"ListItem","position":2,"name":"Ferran Torres on fire! The &#8216;Shark&#8217; is &#8216;biting&#8217; again in Bruges"}]},{"@type":"WebSite","@id":"https:\/\/www.fcbarcelonanoticias.com\/en\/#website","url":"https:\/\/www.fcbarcelonanoticias.com\/en\/","name":"EN - FC Barcelona Noticias","description":"","potentialAction":[{"@type":"SearchAction","target":{"@type":"EntryPoint","urlTemplate":"https:\/\/www.fcbarcelonanoticias.com\/en\/?s={search_term_string}"},"query-input":{"@type":"PropertyValueSpecification","valueRequired":true,"valueName":"search_term_string"}}],"inLanguage":"en-US"},{"@type":"Person","@id":"https:\/\/www.fcbarcelonanoticias.com\/en\/#\/schema\/person\/c2cd9f6fa1af5c0d0eccd0fefa575c88","name":"Andr\u00e9s Quiroz","image":{"@type":"ImageObject","inLanguage":"en-US","@id":"https:\/\/secure.gravatar.com\/avatar\/?s=96&d=mm&r=g","url":"https:\/\/secure.gravatar.com\/avatar\/?s=96&d=mm&r=g","contentUrl":"https:\/\/secure.gravatar.com\/avatar\/?s=96&d=mm&r=g","caption":"Andr\u00e9s Quiroz"},"description":"Licenciado en Periodismo por la Universidad de los Andes. Me encargo de analizar y compartir los contenidos m\u00e1s destacados de la\u00a0actualidad del F\u00fatbol Club Barcelona, Mercado de Fichajes y F\u00fatbol Internacional en FCBN. La informaci\u00f3n es poder, pero tambi\u00e9n conocimiento.","url":"https:\/\/www.fcbarcelonanoticias.com\/en\/fc-barcelona\/andres-quiroz_17_115.html"}]}},"_links":{"self":[{"href":"https:\/\/www.fcbarcelonanoticias.com\/en\/wp-json\/wp\/v2\/posts\/4737","targetHints":{"allow":["GET"]}}],"collection":[{"href":"https:\/\/www.fcbarcelonanoticias.com\/en\/wp-json\/wp\/v2\/posts"}],"about":[{"href":"https:\/\/www.fcbarcelonanoticias.com\/en\/wp-json\/wp\/v2\/types\/post"}],"author":[{"embeddable":true,"href":"https:\/\/www.fcbarcelonanoticias.com\/en\/wp-json\/wp\/v2\/users\/347"}],"replies":[{"embeddable":true,"href":"https:\/\/www.fcbarcelonanoticias.com\/en\/wp-json\/wp\/v2\/comments?post=4737"}],"version-history":[{"count":1,"href":"https:\/\/www.fcbarcelonanoticias.com\/en\/wp-json\/wp\/v2\/posts\/4737\/revisions"}],"predecessor-version":[{"id":101590,"href":"https:\/\/www.fcbarcelonanoticias.com\/en\/wp-json\/wp\/v2\/posts\/4737\/revisions\/101590"}],"wp:featuredmedia":[{"embeddable":true,"href":"https:\/\/www.fcbarcelonanoticias.com\/en\/wp-json\/wp\/v2\/media\/4738"}],"wp:attachment":[{"href":"https:\/\/www.fcbarcelonanoticias.com\/en\/wp-json\/wp\/v2\/media?parent=4737"}],"wp:term":[{"taxonomy":"category","embeddable":true,"href":"https:\/\/www.fcbarcelonanoticias.com\/en\/wp-json\/wp\/v2\/categories?post=4737"},{"taxonomy":"post_tag","embeddable":true,"href":"https:\/\/www.fcbarcelonanoticias.com\/en\/wp-json\/wp\/v2\/tags?post=4737"}],"curies":[{"name":"wp","href":"https:\/\/api.w.org\/{rel}","templated":true}]}}