{"id":47460,"date":"2022-07-21T00:34:00","date_gmt":"2022-07-20T22:34:00","guid":{"rendered":"https:\/\/weisetech.dev\/fc-barcelona-noticias\/en\/the-stick-of-salihamid-i-to-lewandowski-there-would-be-cumpl_282401_102\/"},"modified":"2022-07-21T00:34:00","modified_gmt":"2022-07-20T22:34:00","slug":"the-stick-of-salihamid-i-to-lewandowski-there-would-be-cumpl_282401_102","status":"publish","type":"post","link":"https:\/\/www.fcbarcelonanoticias.com\/en\/international-football\/the-stick-of-salihamid-i-to-lewandowski-there-would-be-cumpl_282401_102.html","title":{"rendered":"Salihamid\u017ei\u0107&#8217;s &#8216;stick&#8217; to Lewandowski: &#8220;I would have fulfilled my contract&#8221;"},"content":{"rendered":"<h2 class=\"wp-block-heading\">Hasan Salihamid\u017ei\u0107 wished Robert Lewandowski the best on Saturday after confirming his transfer to FC Barcelona, \u200b\u200bbut this Wednesday the sporting director of Bayern Munich made clear his discomfort at the Pole&#8217;s final decision<\/h2>  \r\n<div class=\"article-addons\">\r\n    <a href=\"https:\/\/www.fcbarcelonanoticias.com\/en\/calendar-fc-barcelona.html\"\r\n       target=\"_self\"\r\n       title=\"Calendar of FC Barcelona\"\r\n       class=\"blue-gredient-btn\">\r\n       \r\n        Calendar of FC Barcelona    <\/a>\r\n<\/div>   <p>In the breast of the Bayern Munich, <strong>the exit of Robert Lewandowski keeps on being a sensitive subject<\/strong>. To less than a week of the traspaso of the forward to the FC Barcelona, the technical body and the directive of the club follow very disappointed by the decision of the player to leave to a year to fulfil his agreement. The Tuesday, the technical <a data-external=\"0\" data-intl-links-en=\"https:\/\/www.fcbarcelonanoticias.com\/en\/international-football\/nagelsmann-load-against-the-barca-do-not-know-how-they-have-index-card_282372_102.html\" data-intl-links-es=\"https:\/\/www.fcbarcelonanoticias.com\/futbol-internacional\/nagelsmann-carga-contra-barcelona-no-se-como-han-fichado-tantos-jugadores_282372_102.html\" href=\"https:\/\/www.fcbarcelonanoticias.com\/en\/international-football\/nagelsmann-load-against-the-barca-do-not-know-how-they-have-index-card_282372_102.html\" no=\"\" rel=\"follow\" s=\"\" target=\"_self\" title=\"Nagelsmann 'carga' contra el Bar\u00e7a: \">Julian Nagelsmann<\/a> attacked to the group cul\u00e9 by his capacity for fichar in the middle of the financial crisis. <strong>The Wednesday, the turn was for Hasan Salihamid\u017ei\u0107<\/strong>, sportive director of the ones of the Allianz Sand.<\/p>  <p>For the bosnio, still results incomprehensible that &#8216;Lewy&#8217; have preferred to play in the Bar\u00e7a from the 2022-23. In an interview with the magazine &#8216;Zeit&#8217;, the Bavarian leader ensured that <strong>&#8220;the understanding to the attitude of Lewandowski is really zero coma zero. Like player, would have cleared it internally and by me same and would have fulfilled my agreement&#8221;<\/strong>, manifested the ex player of the Bayern.<\/p>  <p>Hasan dressed the T-shirt of the club with which won it everything between 1998 and 2007 during nine seasons. <strong>The bosnio culminated his agreement and left to the Juventus in the summer of 2007,<\/strong> just when the &#8216;Vecchia Signora&#8217; returned to the Series To after his expulsion to the second Italian division a year before by the scandal of the &#8216;Caciopoli&#8217;. There it played until 2011, year in which it returned to Germany with the Wolfburgo, club with which withdrew in 2012.<\/p>  <p>In accordance with Salihamid\u017ei\u0107, <strong>the club failed when offering him a new agreement to <a data-external=\"0\" data-intl-links-en=\"https:\/\/www.fcbarcelonanoticias.com\/en\/transfers\/lewandowski-ambitious-happy-in-his-presentation-with-barcelona_282390_102.html\" data-intl-links-es=\"https:\/\/www.fcbarcelonanoticias.com\/fichajes\/lewandowski-ambicioso-feliz-en-su-presentacion-con-barcelona_282390_102.html\" href=\"https:\/\/www.fcbarcelonanoticias.com\/en\/transfers\/lewandowski-ambitious-happy-in-his-presentation-with-barcelona_282390_102.html\" rel=\"follow\" target=\"_self\" title=\"Lewandowski, ambicioso y feliz en su presentaci\u00f3n con el Bar\u00e7a\">Lewandowski<\/a>, as sucedi\u00f3 with David Praises.<\/strong> In the case of the Austrian, the defender opted for leaving free to the Real Madrid does a year and was key in the obtaining of the &#8216;doublet&#8217; in the 2021-22 for the &#8216;White House&#8217;. Now, the Bavarians have desembolasdo 80 million euros by Matthijs of Ligt, the one who arrives pertinent of the Juve to assume the leadership of the saga.<\/p>  <h3>The errors of the Bayern in the &#8216;case Praises&#8217;<\/h3>  <p>&#8220;We offered him a lot money, from our point of view. There was a meeting with the advisers of David and gave him an ultimatum, said them that the player would have to take a decision. <strong>From the point of view of today, would say that perhaps it was not necessary, that it was necessary to give a term to a player of the quality of David&#8221;<\/strong>, admitted Salihamid\u017ei\u0107. However, the Bavarians already have happened the page and expect to follow suit with Lewandowski, although in the case of the Pole will be more difficult to forget, considering that in the last seasons average more than 40 goals by course.<\/p> ","protected":false},"excerpt":{"rendered":"<p>Hasan Salihamid\u017ei\u0107 wished Robert Lewandowski the best on Saturday after confirming his transfer to FC Barcelona, \u200b\u200bbut this Wednesday the sporting director of Bayern Munich made clear his discomfort at the Pole&#8217;s final decision In the breast of the Bayern Munich, the exit of Robert Lewandowski keeps on being a sensitive subject. To less than [&hellip;]<\/p>\n","protected":false},"author":347,"featured_media":47461,"comment_status":"closed","ping_status":"open","sticky":false,"template":"","format":"standard","meta":{"_acf_changed":false,"inline_featured_image":false,"_nextfly_llmd_date_locked":false,"footnotes":""},"categories":[1],"tags":[104],"class_list":["post-47460","post","type-post","status-publish","format-standard","has-post-thumbnail","hentry","category-sin-categoria","tag-bayern-munich"],"acf":[],"yoast_head":"<!-- This site is optimized with the Yoast SEO plugin v27.3 - https:\/\/yoast.com\/product\/yoast-seo-wordpress\/ -->\n<title>Salihamid\u017ei\u0107&#039;s &#039;stick&#039; to Lewandowski: &quot;I would have fulfilled my contract&quot;<\/title>\n<meta name=\"description\" content=\"Hasan Salihamid\u017ei\u0107 wished the best the Saturday to Robert Lewandowski after confirming his traspaso to the FC Barcelona, but this Wednesday the sportive director of the...\" \/>\n<meta name=\"robots\" content=\"index, follow, max-snippet:-1, max-image-preview:large, max-video-preview:-1\" \/>\n<link rel=\"canonical\" href=\"https:\/\/www.fcbarcelonanoticias.com\/en\/international-football\/the-stick-of-salihamid-i-to-lewandowski-there-would-be-cumpl_282401_102.html\" \/>\n<meta property=\"og:locale\" content=\"en_US\" \/>\n<meta property=\"og:type\" content=\"article\" \/>\n<meta property=\"og:title\" content=\"Salihamid\u017ei\u0107&#039;s &#039;stick&#039; to Lewandowski: &quot;I would have fulfilled my contract&quot;\" \/>\n<meta property=\"og:description\" content=\"Hasan Salihamid\u017ei\u0107 wished the best the Saturday to Robert Lewandowski after confirming his traspaso to the FC Barcelona, but this Wednesday the sportive director of the...\" \/>\n<meta property=\"og:url\" content=\"https:\/\/www.fcbarcelonanoticias.com\/en\/international-football\/the-stick-of-salihamid-i-to-lewandowski-there-would-be-cumpl_282401_102.html\" \/>\n<meta property=\"og:site_name\" content=\"EN - FC Barcelona Noticias\" \/>\n<meta property=\"article:published_time\" content=\"2022-07-20T22:34:00+00:00\" \/>\n<meta property=\"og:image\" content=\"https:\/\/www.fcbarcelonanoticias.com\/en\/wp-content\/uploads\/sites\/2\/2022\/07\/hasan-salihamidzic-fc-bayern.jpeg\" \/>\n\t<meta property=\"og:image:width\" content=\"1300\" \/>\n\t<meta property=\"og:image:height\" content=\"732\" \/>\n\t<meta property=\"og:image:type\" content=\"image\/jpeg\" \/>\n<meta name=\"author\" content=\"Andr\u00e9s Quiroz\" \/>\n<meta name=\"twitter:card\" content=\"summary_large_image\" \/>\n<meta name=\"twitter:label1\" content=\"Written by\" \/>\n\t<meta name=\"twitter:data1\" content=\"Andr\u00e9s Quiroz\" \/>\n\t<meta name=\"twitter:label2\" content=\"Est. reading time\" \/>\n\t<meta name=\"twitter:data2\" content=\"2 minutes\" \/>\n<script type=\"application\/ld+json\" class=\"yoast-schema-graph\">{\"@context\":\"https:\\\/\\\/schema.org\",\"@graph\":[{\"@type\":\"Article\",\"@id\":\"https:\\\/\\\/www.fcbarcelonanoticias.com\\\/en\\\/international-football\\\/the-stick-of-salihamid-i-to-lewandowski-there-would-be-cumpl_282401_102.html#article\",\"isPartOf\":{\"@id\":\"https:\\\/\\\/www.fcbarcelonanoticias.com\\\/en\\\/international-football\\\/the-stick-of-salihamid-i-to-lewandowski-there-would-be-cumpl_282401_102.html\"},\"author\":{\"name\":\"Andr\u00e9s Quiroz\",\"@id\":\"https:\\\/\\\/www.fcbarcelonanoticias.com\\\/en\\\/#\\\/schema\\\/person\\\/c2cd9f6fa1af5c0d0eccd0fefa575c88\"},\"headline\":\"Salihamid\u017ei\u0107&#8217;s &#8216;stick&#8217; to Lewandowski: &#8220;I would have fulfilled my contract&#8221;\",\"datePublished\":\"2022-07-20T22:34:00+00:00\",\"mainEntityOfPage\":{\"@id\":\"https:\\\/\\\/www.fcbarcelonanoticias.com\\\/en\\\/international-football\\\/the-stick-of-salihamid-i-to-lewandowski-there-would-be-cumpl_282401_102.html\"},\"wordCount\":494,\"image\":{\"@id\":\"https:\\\/\\\/www.fcbarcelonanoticias.com\\\/en\\\/international-football\\\/the-stick-of-salihamid-i-to-lewandowski-there-would-be-cumpl_282401_102.html#primaryimage\"},\"thumbnailUrl\":\"https:\\\/\\\/www.fcbarcelonanoticias.com\\\/en\\\/wp-content\\\/uploads\\\/sites\\\/2\\\/2022\\\/07\\\/hasan-salihamidzic-fc-bayern.jpeg\",\"keywords\":[\"Bayern Munich\"],\"articleSection\":[\"Sin categor\u00eda\"],\"inLanguage\":\"en-US\"},{\"@type\":\"WebPage\",\"@id\":\"https:\\\/\\\/www.fcbarcelonanoticias.com\\\/en\\\/international-football\\\/the-stick-of-salihamid-i-to-lewandowski-there-would-be-cumpl_282401_102.html\",\"url\":\"https:\\\/\\\/www.fcbarcelonanoticias.com\\\/en\\\/international-football\\\/the-stick-of-salihamid-i-to-lewandowski-there-would-be-cumpl_282401_102.html\",\"name\":\"Salihamid\u017ei\u0107's 'stick' to Lewandowski: \\\"I would have fulfilled my contract\\\"\",\"isPartOf\":{\"@id\":\"https:\\\/\\\/www.fcbarcelonanoticias.com\\\/en\\\/#website\"},\"primaryImageOfPage\":{\"@id\":\"https:\\\/\\\/www.fcbarcelonanoticias.com\\\/en\\\/international-football\\\/the-stick-of-salihamid-i-to-lewandowski-there-would-be-cumpl_282401_102.html#primaryimage\"},\"image\":{\"@id\":\"https:\\\/\\\/www.fcbarcelonanoticias.com\\\/en\\\/international-football\\\/the-stick-of-salihamid-i-to-lewandowski-there-would-be-cumpl_282401_102.html#primaryimage\"},\"thumbnailUrl\":\"https:\\\/\\\/www.fcbarcelonanoticias.com\\\/en\\\/wp-content\\\/uploads\\\/sites\\\/2\\\/2022\\\/07\\\/hasan-salihamidzic-fc-bayern.jpeg\",\"datePublished\":\"2022-07-20T22:34:00+00:00\",\"author\":{\"@id\":\"https:\\\/\\\/www.fcbarcelonanoticias.com\\\/en\\\/#\\\/schema\\\/person\\\/c2cd9f6fa1af5c0d0eccd0fefa575c88\"},\"description\":\"Hasan Salihamid\u017ei\u0107 wished the best the Saturday to Robert Lewandowski after confirming his traspaso to the FC Barcelona, but this Wednesday the sportive director of the...\",\"breadcrumb\":{\"@id\":\"https:\\\/\\\/www.fcbarcelonanoticias.com\\\/en\\\/international-football\\\/the-stick-of-salihamid-i-to-lewandowski-there-would-be-cumpl_282401_102.html#breadcrumb\"},\"inLanguage\":\"en-US\",\"potentialAction\":[{\"@type\":\"ReadAction\",\"target\":[\"https:\\\/\\\/www.fcbarcelonanoticias.com\\\/en\\\/international-football\\\/the-stick-of-salihamid-i-to-lewandowski-there-would-be-cumpl_282401_102.html\"]}]},{\"@type\":\"ImageObject\",\"inLanguage\":\"en-US\",\"@id\":\"https:\\\/\\\/www.fcbarcelonanoticias.com\\\/en\\\/international-football\\\/the-stick-of-salihamid-i-to-lewandowski-there-would-be-cumpl_282401_102.html#primaryimage\",\"url\":\"https:\\\/\\\/www.fcbarcelonanoticias.com\\\/en\\\/wp-content\\\/uploads\\\/sites\\\/2\\\/2022\\\/07\\\/hasan-salihamidzic-fc-bayern.jpeg\",\"contentUrl\":\"https:\\\/\\\/www.fcbarcelonanoticias.com\\\/en\\\/wp-content\\\/uploads\\\/sites\\\/2\\\/2022\\\/07\\\/hasan-salihamidzic-fc-bayern.jpeg\",\"width\":1300,\"height\":732},{\"@type\":\"BreadcrumbList\",\"@id\":\"https:\\\/\\\/www.fcbarcelonanoticias.com\\\/en\\\/international-football\\\/the-stick-of-salihamid-i-to-lewandowski-there-would-be-cumpl_282401_102.html#breadcrumb\",\"itemListElement\":[{\"@type\":\"ListItem\",\"position\":1,\"name\":\"Portada\",\"item\":\"https:\\\/\\\/www.fcbarcelonanoticias.com\\\/en\\\/\"},{\"@type\":\"ListItem\",\"position\":2,\"name\":\"Salihamid\u017ei\u0107&#8217;s &#8216;stick&#8217; to Lewandowski: &#8220;I would have fulfilled my contract&#8221;\"}]},{\"@type\":\"WebSite\",\"@id\":\"https:\\\/\\\/www.fcbarcelonanoticias.com\\\/en\\\/#website\",\"url\":\"https:\\\/\\\/www.fcbarcelonanoticias.com\\\/en\\\/\",\"name\":\"EN - FC Barcelona Noticias\",\"description\":\"\",\"potentialAction\":[{\"@type\":\"SearchAction\",\"target\":{\"@type\":\"EntryPoint\",\"urlTemplate\":\"https:\\\/\\\/www.fcbarcelonanoticias.com\\\/en\\\/?s={search_term_string}\"},\"query-input\":{\"@type\":\"PropertyValueSpecification\",\"valueRequired\":true,\"valueName\":\"search_term_string\"}}],\"inLanguage\":\"en-US\"},{\"@type\":\"Person\",\"@id\":\"https:\\\/\\\/www.fcbarcelonanoticias.com\\\/en\\\/#\\\/schema\\\/person\\\/c2cd9f6fa1af5c0d0eccd0fefa575c88\",\"name\":\"Andr\u00e9s Quiroz\",\"image\":{\"@type\":\"ImageObject\",\"inLanguage\":\"en-US\",\"@id\":\"https:\\\/\\\/secure.gravatar.com\\\/avatar\\\/?s=96&d=mm&r=g\",\"url\":\"https:\\\/\\\/secure.gravatar.com\\\/avatar\\\/?s=96&d=mm&r=g\",\"contentUrl\":\"https:\\\/\\\/secure.gravatar.com\\\/avatar\\\/?s=96&d=mm&r=g\",\"caption\":\"Andr\u00e9s Quiroz\"},\"description\":\"Licenciado en Periodismo por la Universidad de los Andes. Me encargo de analizar y compartir los contenidos m\u00e1s destacados de la\u00a0actualidad del F\u00fatbol Club Barcelona, Mercado de Fichajes y F\u00fatbol Internacional en FCBN. La informaci\u00f3n es poder, pero tambi\u00e9n conocimiento.\",\"url\":\"https:\\\/\\\/www.fcbarcelonanoticias.com\\\/en\\\/fc-barcelona\\\/andres-quiroz_17_115.html\"}]}<\/script>\n<!-- \/ Yoast SEO plugin. -->","yoast_head_json":{"title":"Salihamid\u017ei\u0107's 'stick' to Lewandowski: \"I would have fulfilled my contract\"","description":"Hasan Salihamid\u017ei\u0107 wished the best the Saturday to Robert Lewandowski after confirming his traspaso to the FC Barcelona, but this Wednesday the sportive director of the...","robots":{"index":"index","follow":"follow","max-snippet":"max-snippet:-1","max-image-preview":"max-image-preview:large","max-video-preview":"max-video-preview:-1"},"canonical":"https:\/\/www.fcbarcelonanoticias.com\/en\/international-football\/the-stick-of-salihamid-i-to-lewandowski-there-would-be-cumpl_282401_102.html","og_locale":"en_US","og_type":"article","og_title":"Salihamid\u017ei\u0107's 'stick' to Lewandowski: \"I would have fulfilled my contract\"","og_description":"Hasan Salihamid\u017ei\u0107 wished the best the Saturday to Robert Lewandowski after confirming his traspaso to the FC Barcelona, but this Wednesday the sportive director of the...","og_url":"https:\/\/www.fcbarcelonanoticias.com\/en\/international-football\/the-stick-of-salihamid-i-to-lewandowski-there-would-be-cumpl_282401_102.html","og_site_name":"EN - FC Barcelona Noticias","article_published_time":"2022-07-20T22:34:00+00:00","og_image":[{"width":1300,"height":732,"url":"https:\/\/www.fcbarcelonanoticias.com\/en\/wp-content\/uploads\/sites\/2\/2022\/07\/hasan-salihamidzic-fc-bayern.jpeg","type":"image\/jpeg"}],"author":"Andr\u00e9s Quiroz","twitter_card":"summary_large_image","twitter_misc":{"Written by":"Andr\u00e9s Quiroz","Est. reading time":"2 minutes"},"schema":{"@context":"https:\/\/schema.org","@graph":[{"@type":"Article","@id":"https:\/\/www.fcbarcelonanoticias.com\/en\/international-football\/the-stick-of-salihamid-i-to-lewandowski-there-would-be-cumpl_282401_102.html#article","isPartOf":{"@id":"https:\/\/www.fcbarcelonanoticias.com\/en\/international-football\/the-stick-of-salihamid-i-to-lewandowski-there-would-be-cumpl_282401_102.html"},"author":{"name":"Andr\u00e9s Quiroz","@id":"https:\/\/www.fcbarcelonanoticias.com\/en\/#\/schema\/person\/c2cd9f6fa1af5c0d0eccd0fefa575c88"},"headline":"Salihamid\u017ei\u0107&#8217;s &#8216;stick&#8217; to Lewandowski: &#8220;I would have fulfilled my contract&#8221;","datePublished":"2022-07-20T22:34:00+00:00","mainEntityOfPage":{"@id":"https:\/\/www.fcbarcelonanoticias.com\/en\/international-football\/the-stick-of-salihamid-i-to-lewandowski-there-would-be-cumpl_282401_102.html"},"wordCount":494,"image":{"@id":"https:\/\/www.fcbarcelonanoticias.com\/en\/international-football\/the-stick-of-salihamid-i-to-lewandowski-there-would-be-cumpl_282401_102.html#primaryimage"},"thumbnailUrl":"https:\/\/www.fcbarcelonanoticias.com\/en\/wp-content\/uploads\/sites\/2\/2022\/07\/hasan-salihamidzic-fc-bayern.jpeg","keywords":["Bayern Munich"],"articleSection":["Sin categor\u00eda"],"inLanguage":"en-US"},{"@type":"WebPage","@id":"https:\/\/www.fcbarcelonanoticias.com\/en\/international-football\/the-stick-of-salihamid-i-to-lewandowski-there-would-be-cumpl_282401_102.html","url":"https:\/\/www.fcbarcelonanoticias.com\/en\/international-football\/the-stick-of-salihamid-i-to-lewandowski-there-would-be-cumpl_282401_102.html","name":"Salihamid\u017ei\u0107's 'stick' to Lewandowski: \"I would have fulfilled my contract\"","isPartOf":{"@id":"https:\/\/www.fcbarcelonanoticias.com\/en\/#website"},"primaryImageOfPage":{"@id":"https:\/\/www.fcbarcelonanoticias.com\/en\/international-football\/the-stick-of-salihamid-i-to-lewandowski-there-would-be-cumpl_282401_102.html#primaryimage"},"image":{"@id":"https:\/\/www.fcbarcelonanoticias.com\/en\/international-football\/the-stick-of-salihamid-i-to-lewandowski-there-would-be-cumpl_282401_102.html#primaryimage"},"thumbnailUrl":"https:\/\/www.fcbarcelonanoticias.com\/en\/wp-content\/uploads\/sites\/2\/2022\/07\/hasan-salihamidzic-fc-bayern.jpeg","datePublished":"2022-07-20T22:34:00+00:00","author":{"@id":"https:\/\/www.fcbarcelonanoticias.com\/en\/#\/schema\/person\/c2cd9f6fa1af5c0d0eccd0fefa575c88"},"description":"Hasan Salihamid\u017ei\u0107 wished the best the Saturday to Robert Lewandowski after confirming his traspaso to the FC Barcelona, but this Wednesday the sportive director of the...","breadcrumb":{"@id":"https:\/\/www.fcbarcelonanoticias.com\/en\/international-football\/the-stick-of-salihamid-i-to-lewandowski-there-would-be-cumpl_282401_102.html#breadcrumb"},"inLanguage":"en-US","potentialAction":[{"@type":"ReadAction","target":["https:\/\/www.fcbarcelonanoticias.com\/en\/international-football\/the-stick-of-salihamid-i-to-lewandowski-there-would-be-cumpl_282401_102.html"]}]},{"@type":"ImageObject","inLanguage":"en-US","@id":"https:\/\/www.fcbarcelonanoticias.com\/en\/international-football\/the-stick-of-salihamid-i-to-lewandowski-there-would-be-cumpl_282401_102.html#primaryimage","url":"https:\/\/www.fcbarcelonanoticias.com\/en\/wp-content\/uploads\/sites\/2\/2022\/07\/hasan-salihamidzic-fc-bayern.jpeg","contentUrl":"https:\/\/www.fcbarcelonanoticias.com\/en\/wp-content\/uploads\/sites\/2\/2022\/07\/hasan-salihamidzic-fc-bayern.jpeg","width":1300,"height":732},{"@type":"BreadcrumbList","@id":"https:\/\/www.fcbarcelonanoticias.com\/en\/international-football\/the-stick-of-salihamid-i-to-lewandowski-there-would-be-cumpl_282401_102.html#breadcrumb","itemListElement":[{"@type":"ListItem","position":1,"name":"Portada","item":"https:\/\/www.fcbarcelonanoticias.com\/en\/"},{"@type":"ListItem","position":2,"name":"Salihamid\u017ei\u0107&#8217;s &#8216;stick&#8217; to Lewandowski: &#8220;I would have fulfilled my contract&#8221;"}]},{"@type":"WebSite","@id":"https:\/\/www.fcbarcelonanoticias.com\/en\/#website","url":"https:\/\/www.fcbarcelonanoticias.com\/en\/","name":"EN - FC Barcelona Noticias","description":"","potentialAction":[{"@type":"SearchAction","target":{"@type":"EntryPoint","urlTemplate":"https:\/\/www.fcbarcelonanoticias.com\/en\/?s={search_term_string}"},"query-input":{"@type":"PropertyValueSpecification","valueRequired":true,"valueName":"search_term_string"}}],"inLanguage":"en-US"},{"@type":"Person","@id":"https:\/\/www.fcbarcelonanoticias.com\/en\/#\/schema\/person\/c2cd9f6fa1af5c0d0eccd0fefa575c88","name":"Andr\u00e9s Quiroz","image":{"@type":"ImageObject","inLanguage":"en-US","@id":"https:\/\/secure.gravatar.com\/avatar\/?s=96&d=mm&r=g","url":"https:\/\/secure.gravatar.com\/avatar\/?s=96&d=mm&r=g","contentUrl":"https:\/\/secure.gravatar.com\/avatar\/?s=96&d=mm&r=g","caption":"Andr\u00e9s Quiroz"},"description":"Licenciado en Periodismo por la Universidad de los Andes. Me encargo de analizar y compartir los contenidos m\u00e1s destacados de la\u00a0actualidad del F\u00fatbol Club Barcelona, Mercado de Fichajes y F\u00fatbol Internacional en FCBN. La informaci\u00f3n es poder, pero tambi\u00e9n conocimiento.","url":"https:\/\/www.fcbarcelonanoticias.com\/en\/fc-barcelona\/andres-quiroz_17_115.html"}]}},"_links":{"self":[{"href":"https:\/\/www.fcbarcelonanoticias.com\/en\/wp-json\/wp\/v2\/posts\/47460","targetHints":{"allow":["GET"]}}],"collection":[{"href":"https:\/\/www.fcbarcelonanoticias.com\/en\/wp-json\/wp\/v2\/posts"}],"about":[{"href":"https:\/\/www.fcbarcelonanoticias.com\/en\/wp-json\/wp\/v2\/types\/post"}],"author":[{"embeddable":true,"href":"https:\/\/www.fcbarcelonanoticias.com\/en\/wp-json\/wp\/v2\/users\/347"}],"replies":[{"embeddable":true,"href":"https:\/\/www.fcbarcelonanoticias.com\/en\/wp-json\/wp\/v2\/comments?post=47460"}],"version-history":[{"count":1,"href":"https:\/\/www.fcbarcelonanoticias.com\/en\/wp-json\/wp\/v2\/posts\/47460\/revisions"}],"predecessor-version":[{"id":115595,"href":"https:\/\/www.fcbarcelonanoticias.com\/en\/wp-json\/wp\/v2\/posts\/47460\/revisions\/115595"}],"wp:featuredmedia":[{"embeddable":true,"href":"https:\/\/www.fcbarcelonanoticias.com\/en\/wp-json\/wp\/v2\/media\/47461"}],"wp:attachment":[{"href":"https:\/\/www.fcbarcelonanoticias.com\/en\/wp-json\/wp\/v2\/media?parent=47460"}],"wp:term":[{"taxonomy":"category","embeddable":true,"href":"https:\/\/www.fcbarcelonanoticias.com\/en\/wp-json\/wp\/v2\/categories?post=47460"},{"taxonomy":"post_tag","embeddable":true,"href":"https:\/\/www.fcbarcelonanoticias.com\/en\/wp-json\/wp\/v2\/tags?post=47460"}],"curies":[{"name":"wp","href":"https:\/\/api.w.org\/{rel}","templated":true}]}}