{"id":47479,"date":"2022-05-08T17:37:00","date_gmt":"2022-05-08T15:37:00","guid":{"rendered":"https:\/\/weisetech.dev\/fc-barcelona-noticias\/en\/the-stick-of-guardiola-to-mourinho-it-is-not-in-champions_280104_102\/"},"modified":"2022-05-08T17:37:00","modified_gmt":"2022-05-08T15:37:00","slug":"the-stick-of-guardiola-to-mourinho-it-is-not-in-champions_280104_102","status":"publish","type":"post","link":"https:\/\/www.fcbarcelonanoticias.com\/en\/international-football\/the-stick-of-guardiola-to-mourinho-it-is-not-in-champions_280104_102.html","title":{"rendered":"Guardiola&#8217;s &#8216;stick&#8217; to Mourinho: &#8220;He&#8217;s not in the Champions League&#8221;"},"content":{"rendered":"<h2 class=\"wp-block-heading\">Pep Guardiola was questioned about the millionaire investment made by Manchester City since his arrival on the bench in 2016, which has been insufficient to win the Champions League. In his justification, the Catalan left a &#8216;stick&#8217; to Mourinho<\/h2>  \r\n<div class=\"article-addons\">\r\n    <a href=\"https:\/\/www.fcbarcelonanoticias.com\/en\/calendar-fc-barcelona.html\"\r\n       target=\"_self\"\r\n       title=\"Calendar of FC Barcelona\"\r\n       class=\"blue-gredient-btn\">\r\n       \r\n        Calendar of FC Barcelona    <\/a>\r\n<\/div>   <p>Pep Guardiola lives one of the most complicated weeks from his exit of the <a alma=\"\" competitiva=\"\" data-external=\"0\" data-intl-links-en=\"https:\/\/www.fcbarcelonanoticias.com\/en\/fc-barcelona\/we-have-a-competitive-soul-xavi-reveals-the-secret-of-his-barcelona_280091_102.html\" data-intl-links-es=\"https:\/\/www.fcbarcelonanoticias.com\/fc-barcelona\/tenemos-alma-competitiva-xavi-desvela-secreto-su-barcelona_280091_102.html\" href=\"https:\/\/www.fcbarcelonanoticias.com\/en\/fc-barcelona\/we-have-a-competitive-soul-xavi-reveals-the-secret-of-his-barcelona_280091_102.html\" rel=\"follow\" target=\"_self\" tenemos=\"\" title=\"\">FC Barcelona<\/a> does a decade. After obtaining two Champions League in the bench blaugrana (2009, 2011), <strong>the Catalan technician has fracasado in his attempt for heaving the &#8216;orejona&#8217; so much with the Bayern as with the Manchester City<\/strong>, club that has invested more than 1.000 million euros in signings from the arrival of the m\u00edster in 2017.<\/p>  <p>After the hard elimination in the semifinals of Champions in front of the <a data-external=\"0\" data-intl-links-en=\"https:\/\/www.fcbarcelonanoticias.com\/en\/transfers\/the-rights-of-image-put-seriously-danger-the-arrival_280101_102.html\" data-intl-links-es=\"https:\/\/www.fcbarcelonanoticias.com\/fichajes\/derechos-imagen-ponen-en-serio-peligro-llegada-mbappe-madrid_280101_102.html\" href=\"https:\/\/www.fcbarcelonanoticias.com\/en\/transfers\/the-rights-of-image-put-seriously-danger-the-arrival_280101_102.html\" rel=\"follow\" target=\"_self\" title=\"Los derechos de imagen ponen en serio peligro la llegada de Mbapp\u00e9 al Madrid\">Real Madrid<\/a> (6-5 global), Pep remembered escud\u00f3 in that the &#8216;citizens&#8217; are not the only team that has invested a lot of money without succeeding to international level. <strong>&#8220;For me it is not question of money and the fans does not understand it. Even the Rome spent several millions, but is not in Champions&#8221;<\/strong>. The allusion to the Italian group revives the rivalry with Jos\u00e9 Mourinho, since the Portuguese heads to the &#8216;wolf&#8217;.<\/p>  <p>However, flame powerfully the attention that the one of Santpedor mention to the group &#8216;giallorossi&#8217; just after having classified for the final of the Conference League (25 May in Albania in front of the Feyenoord). Certainly, the &#8216;wolf&#8217; is sixth in the Serious To and <strong>no longer has possibilities to classify to the next League of Champions, but yes to finish the season with an international title<\/strong>, the big debt of Pep in England.<\/p>  <p>The group &#8216;skyblue&#8217; has won it everything to local level in six seasons with Pe in the bench. In fact, <strong>it is about to to obtain his fourth Premier League<\/strong> and keeps on being one of the most powerful clubs of Europe, but the Champions follows without arriving. The billions invested by the Abu Dhabi United Group follow without being sufficient to harvest an international title, still even having to Guardiola in the bench.<\/p>  <h3>The rivalry Pep vs Mou follows alive<\/h3>  <p>The Thursday, Jos\u00e9 Mourinho took advantage of the classification of the Rome to the final of the Conference league to congratulate to the Real Madrid. <strong>&#8220;Yesterday I spoke with Ancelotti.<\/strong> <strong>The Madrid is in my heart, I am white, white, white, is the biggest club of the world. I am very fellow of Carlo, know that it is happy by his Rome and by his mate Jos\u00e9<\/strong>. We go to see if these two young trainers go to win his finals&#8230;&#8221;, it kidded the Portuguese. Well, Pep has left him his &#8216;mimo&#8217; also to remember him the reality of one and another team. The rivalry of the historical trainers follows alive after more than a decade.<\/p> ","protected":false},"excerpt":{"rendered":"<p>Pep Guardiola was questioned about the millionaire investment made by Manchester City since his arrival on the bench in 2016, which has been insufficient to win the Champions League. In his justification, the Catalan left a &#8216;stick&#8217; to Mourinho Pep Guardiola lives one of the most complicated weeks from his exit of the FC Barcelona [&hellip;]<\/p>\n","protected":false},"author":347,"featured_media":47480,"comment_status":"closed","ping_status":"open","sticky":false,"template":"","format":"standard","meta":{"_acf_changed":false,"inline_featured_image":false,"_nextfly_llmd_date_locked":false,"footnotes":""},"categories":[1],"tags":[176,178],"class_list":["post-47479","post","type-post","status-publish","format-standard","has-post-thumbnail","hentry","category-sin-categoria","tag-jose-mourinho","tag-pep-guardiola"],"acf":[],"yoast_head":"<!-- This site is optimized with the Yoast SEO plugin v27.3 - https:\/\/yoast.com\/product\/yoast-seo-wordpress\/ -->\n<title>The &#039;stick&#039; of Guardiola to Mourinho: &quot;it is not in Champions&quot;<\/title>\n<meta name=\"description\" content=\"Pep Guardiola was questioned by the millionaire investment made by the Manchester City from his arrival to the bench in 2016, which has been insuficient...\" \/>\n<meta name=\"robots\" content=\"index, follow, max-snippet:-1, max-image-preview:large, max-video-preview:-1\" \/>\n<link rel=\"canonical\" href=\"https:\/\/www.fcbarcelonanoticias.com\/en\/international-football\/the-stick-of-guardiola-to-mourinho-it-is-not-in-champions_280104_102.html\" \/>\n<meta property=\"og:locale\" content=\"en_US\" \/>\n<meta property=\"og:type\" content=\"article\" \/>\n<meta property=\"og:title\" content=\"The &#039;stick&#039; of Guardiola to Mourinho: &quot;it is not in Champions&quot;\" \/>\n<meta property=\"og:description\" content=\"Pep Guardiola was questioned by the millionaire investment made by the Manchester City from his arrival to the bench in 2016, which has been insuficient...\" \/>\n<meta property=\"og:url\" content=\"https:\/\/www.fcbarcelonanoticias.com\/en\/international-football\/the-stick-of-guardiola-to-mourinho-it-is-not-in-champions_280104_102.html\" \/>\n<meta property=\"og:site_name\" content=\"EN - FC Barcelona Noticias\" \/>\n<meta property=\"article:published_time\" content=\"2022-05-08T15:37:00+00:00\" \/>\n<meta property=\"og:image\" content=\"https:\/\/www.fcbarcelonanoticias.com\/en\/wp-content\/uploads\/sites\/2\/2022\/05\/pep-guardiola-jose-mourinho.jpeg\" \/>\n\t<meta property=\"og:image:width\" content=\"1300\" \/>\n\t<meta property=\"og:image:height\" content=\"732\" \/>\n\t<meta property=\"og:image:type\" content=\"image\/jpeg\" \/>\n<meta name=\"author\" content=\"Andr\u00e9s Quiroz\" \/>\n<meta name=\"twitter:card\" content=\"summary_large_image\" \/>\n<meta name=\"twitter:label1\" content=\"Written by\" \/>\n\t<meta name=\"twitter:data1\" content=\"Andr\u00e9s Quiroz\" \/>\n\t<meta name=\"twitter:label2\" content=\"Est. reading time\" \/>\n\t<meta name=\"twitter:data2\" content=\"2 minutes\" \/>\n<script type=\"application\/ld+json\" class=\"yoast-schema-graph\">{\"@context\":\"https:\\\/\\\/schema.org\",\"@graph\":[{\"@type\":\"Article\",\"@id\":\"https:\\\/\\\/www.fcbarcelonanoticias.com\\\/en\\\/international-football\\\/the-stick-of-guardiola-to-mourinho-it-is-not-in-champions_280104_102.html#article\",\"isPartOf\":{\"@id\":\"https:\\\/\\\/www.fcbarcelonanoticias.com\\\/en\\\/international-football\\\/the-stick-of-guardiola-to-mourinho-it-is-not-in-champions_280104_102.html\"},\"author\":{\"name\":\"Andr\u00e9s Quiroz\",\"@id\":\"https:\\\/\\\/www.fcbarcelonanoticias.com\\\/en\\\/#\\\/schema\\\/person\\\/c2cd9f6fa1af5c0d0eccd0fefa575c88\"},\"headline\":\"Guardiola&#8217;s &#8216;stick&#8217; to Mourinho: &#8220;He&#8217;s not in the Champions League&#8221;\",\"datePublished\":\"2022-05-08T15:37:00+00:00\",\"mainEntityOfPage\":{\"@id\":\"https:\\\/\\\/www.fcbarcelonanoticias.com\\\/en\\\/international-football\\\/the-stick-of-guardiola-to-mourinho-it-is-not-in-champions_280104_102.html\"},\"wordCount\":474,\"image\":{\"@id\":\"https:\\\/\\\/www.fcbarcelonanoticias.com\\\/en\\\/international-football\\\/the-stick-of-guardiola-to-mourinho-it-is-not-in-champions_280104_102.html#primaryimage\"},\"thumbnailUrl\":\"https:\\\/\\\/www.fcbarcelonanoticias.com\\\/en\\\/wp-content\\\/uploads\\\/sites\\\/2\\\/2022\\\/05\\\/pep-guardiola-jose-mourinho.jpeg\",\"keywords\":[\"Jos\u00e9 Mourinho\",\"Pep Guardiola\"],\"articleSection\":[\"Sin categor\u00eda\"],\"inLanguage\":\"en-US\"},{\"@type\":\"WebPage\",\"@id\":\"https:\\\/\\\/www.fcbarcelonanoticias.com\\\/en\\\/international-football\\\/the-stick-of-guardiola-to-mourinho-it-is-not-in-champions_280104_102.html\",\"url\":\"https:\\\/\\\/www.fcbarcelonanoticias.com\\\/en\\\/international-football\\\/the-stick-of-guardiola-to-mourinho-it-is-not-in-champions_280104_102.html\",\"name\":\"The 'stick' of Guardiola to Mourinho: \\\"it is not in Champions\\\"\",\"isPartOf\":{\"@id\":\"https:\\\/\\\/www.fcbarcelonanoticias.com\\\/en\\\/#website\"},\"primaryImageOfPage\":{\"@id\":\"https:\\\/\\\/www.fcbarcelonanoticias.com\\\/en\\\/international-football\\\/the-stick-of-guardiola-to-mourinho-it-is-not-in-champions_280104_102.html#primaryimage\"},\"image\":{\"@id\":\"https:\\\/\\\/www.fcbarcelonanoticias.com\\\/en\\\/international-football\\\/the-stick-of-guardiola-to-mourinho-it-is-not-in-champions_280104_102.html#primaryimage\"},\"thumbnailUrl\":\"https:\\\/\\\/www.fcbarcelonanoticias.com\\\/en\\\/wp-content\\\/uploads\\\/sites\\\/2\\\/2022\\\/05\\\/pep-guardiola-jose-mourinho.jpeg\",\"datePublished\":\"2022-05-08T15:37:00+00:00\",\"author\":{\"@id\":\"https:\\\/\\\/www.fcbarcelonanoticias.com\\\/en\\\/#\\\/schema\\\/person\\\/c2cd9f6fa1af5c0d0eccd0fefa575c88\"},\"description\":\"Pep Guardiola was questioned by the millionaire investment made by the Manchester City from his arrival to the bench in 2016, which has been insuficient...\",\"breadcrumb\":{\"@id\":\"https:\\\/\\\/www.fcbarcelonanoticias.com\\\/en\\\/international-football\\\/the-stick-of-guardiola-to-mourinho-it-is-not-in-champions_280104_102.html#breadcrumb\"},\"inLanguage\":\"en-US\",\"potentialAction\":[{\"@type\":\"ReadAction\",\"target\":[\"https:\\\/\\\/www.fcbarcelonanoticias.com\\\/en\\\/international-football\\\/the-stick-of-guardiola-to-mourinho-it-is-not-in-champions_280104_102.html\"]}]},{\"@type\":\"ImageObject\",\"inLanguage\":\"en-US\",\"@id\":\"https:\\\/\\\/www.fcbarcelonanoticias.com\\\/en\\\/international-football\\\/the-stick-of-guardiola-to-mourinho-it-is-not-in-champions_280104_102.html#primaryimage\",\"url\":\"https:\\\/\\\/www.fcbarcelonanoticias.com\\\/en\\\/wp-content\\\/uploads\\\/sites\\\/2\\\/2022\\\/05\\\/pep-guardiola-jose-mourinho.jpeg\",\"contentUrl\":\"https:\\\/\\\/www.fcbarcelonanoticias.com\\\/en\\\/wp-content\\\/uploads\\\/sites\\\/2\\\/2022\\\/05\\\/pep-guardiola-jose-mourinho.jpeg\",\"width\":1300,\"height\":732},{\"@type\":\"BreadcrumbList\",\"@id\":\"https:\\\/\\\/www.fcbarcelonanoticias.com\\\/en\\\/international-football\\\/the-stick-of-guardiola-to-mourinho-it-is-not-in-champions_280104_102.html#breadcrumb\",\"itemListElement\":[{\"@type\":\"ListItem\",\"position\":1,\"name\":\"Portada\",\"item\":\"https:\\\/\\\/www.fcbarcelonanoticias.com\\\/en\\\/\"},{\"@type\":\"ListItem\",\"position\":2,\"name\":\"Guardiola&#8217;s &#8216;stick&#8217; to Mourinho: &#8220;He&#8217;s not in the Champions League&#8221;\"}]},{\"@type\":\"WebSite\",\"@id\":\"https:\\\/\\\/www.fcbarcelonanoticias.com\\\/en\\\/#website\",\"url\":\"https:\\\/\\\/www.fcbarcelonanoticias.com\\\/en\\\/\",\"name\":\"EN - FC Barcelona Noticias\",\"description\":\"\",\"potentialAction\":[{\"@type\":\"SearchAction\",\"target\":{\"@type\":\"EntryPoint\",\"urlTemplate\":\"https:\\\/\\\/www.fcbarcelonanoticias.com\\\/en\\\/?s={search_term_string}\"},\"query-input\":{\"@type\":\"PropertyValueSpecification\",\"valueRequired\":true,\"valueName\":\"search_term_string\"}}],\"inLanguage\":\"en-US\"},{\"@type\":\"Person\",\"@id\":\"https:\\\/\\\/www.fcbarcelonanoticias.com\\\/en\\\/#\\\/schema\\\/person\\\/c2cd9f6fa1af5c0d0eccd0fefa575c88\",\"name\":\"Andr\u00e9s Quiroz\",\"image\":{\"@type\":\"ImageObject\",\"inLanguage\":\"en-US\",\"@id\":\"https:\\\/\\\/secure.gravatar.com\\\/avatar\\\/?s=96&d=mm&r=g\",\"url\":\"https:\\\/\\\/secure.gravatar.com\\\/avatar\\\/?s=96&d=mm&r=g\",\"contentUrl\":\"https:\\\/\\\/secure.gravatar.com\\\/avatar\\\/?s=96&d=mm&r=g\",\"caption\":\"Andr\u00e9s Quiroz\"},\"description\":\"Licenciado en Periodismo por la Universidad de los Andes. Me encargo de analizar y compartir los contenidos m\u00e1s destacados de la\u00a0actualidad del F\u00fatbol Club Barcelona, Mercado de Fichajes y F\u00fatbol Internacional en FCBN. La informaci\u00f3n es poder, pero tambi\u00e9n conocimiento.\",\"url\":\"https:\\\/\\\/www.fcbarcelonanoticias.com\\\/en\\\/fc-barcelona\\\/andres-quiroz_17_115.html\"}]}<\/script>\n<!-- \/ Yoast SEO plugin. -->","yoast_head_json":{"title":"The 'stick' of Guardiola to Mourinho: \"it is not in Champions\"","description":"Pep Guardiola was questioned by the millionaire investment made by the Manchester City from his arrival to the bench in 2016, which has been insuficient...","robots":{"index":"index","follow":"follow","max-snippet":"max-snippet:-1","max-image-preview":"max-image-preview:large","max-video-preview":"max-video-preview:-1"},"canonical":"https:\/\/www.fcbarcelonanoticias.com\/en\/international-football\/the-stick-of-guardiola-to-mourinho-it-is-not-in-champions_280104_102.html","og_locale":"en_US","og_type":"article","og_title":"The 'stick' of Guardiola to Mourinho: \"it is not in Champions\"","og_description":"Pep Guardiola was questioned by the millionaire investment made by the Manchester City from his arrival to the bench in 2016, which has been insuficient...","og_url":"https:\/\/www.fcbarcelonanoticias.com\/en\/international-football\/the-stick-of-guardiola-to-mourinho-it-is-not-in-champions_280104_102.html","og_site_name":"EN - FC Barcelona Noticias","article_published_time":"2022-05-08T15:37:00+00:00","og_image":[{"width":1300,"height":732,"url":"https:\/\/www.fcbarcelonanoticias.com\/en\/wp-content\/uploads\/sites\/2\/2022\/05\/pep-guardiola-jose-mourinho.jpeg","type":"image\/jpeg"}],"author":"Andr\u00e9s Quiroz","twitter_card":"summary_large_image","twitter_misc":{"Written by":"Andr\u00e9s Quiroz","Est. reading time":"2 minutes"},"schema":{"@context":"https:\/\/schema.org","@graph":[{"@type":"Article","@id":"https:\/\/www.fcbarcelonanoticias.com\/en\/international-football\/the-stick-of-guardiola-to-mourinho-it-is-not-in-champions_280104_102.html#article","isPartOf":{"@id":"https:\/\/www.fcbarcelonanoticias.com\/en\/international-football\/the-stick-of-guardiola-to-mourinho-it-is-not-in-champions_280104_102.html"},"author":{"name":"Andr\u00e9s Quiroz","@id":"https:\/\/www.fcbarcelonanoticias.com\/en\/#\/schema\/person\/c2cd9f6fa1af5c0d0eccd0fefa575c88"},"headline":"Guardiola&#8217;s &#8216;stick&#8217; to Mourinho: &#8220;He&#8217;s not in the Champions League&#8221;","datePublished":"2022-05-08T15:37:00+00:00","mainEntityOfPage":{"@id":"https:\/\/www.fcbarcelonanoticias.com\/en\/international-football\/the-stick-of-guardiola-to-mourinho-it-is-not-in-champions_280104_102.html"},"wordCount":474,"image":{"@id":"https:\/\/www.fcbarcelonanoticias.com\/en\/international-football\/the-stick-of-guardiola-to-mourinho-it-is-not-in-champions_280104_102.html#primaryimage"},"thumbnailUrl":"https:\/\/www.fcbarcelonanoticias.com\/en\/wp-content\/uploads\/sites\/2\/2022\/05\/pep-guardiola-jose-mourinho.jpeg","keywords":["Jos\u00e9 Mourinho","Pep Guardiola"],"articleSection":["Sin categor\u00eda"],"inLanguage":"en-US"},{"@type":"WebPage","@id":"https:\/\/www.fcbarcelonanoticias.com\/en\/international-football\/the-stick-of-guardiola-to-mourinho-it-is-not-in-champions_280104_102.html","url":"https:\/\/www.fcbarcelonanoticias.com\/en\/international-football\/the-stick-of-guardiola-to-mourinho-it-is-not-in-champions_280104_102.html","name":"The 'stick' of Guardiola to Mourinho: \"it is not in Champions\"","isPartOf":{"@id":"https:\/\/www.fcbarcelonanoticias.com\/en\/#website"},"primaryImageOfPage":{"@id":"https:\/\/www.fcbarcelonanoticias.com\/en\/international-football\/the-stick-of-guardiola-to-mourinho-it-is-not-in-champions_280104_102.html#primaryimage"},"image":{"@id":"https:\/\/www.fcbarcelonanoticias.com\/en\/international-football\/the-stick-of-guardiola-to-mourinho-it-is-not-in-champions_280104_102.html#primaryimage"},"thumbnailUrl":"https:\/\/www.fcbarcelonanoticias.com\/en\/wp-content\/uploads\/sites\/2\/2022\/05\/pep-guardiola-jose-mourinho.jpeg","datePublished":"2022-05-08T15:37:00+00:00","author":{"@id":"https:\/\/www.fcbarcelonanoticias.com\/en\/#\/schema\/person\/c2cd9f6fa1af5c0d0eccd0fefa575c88"},"description":"Pep Guardiola was questioned by the millionaire investment made by the Manchester City from his arrival to the bench in 2016, which has been insuficient...","breadcrumb":{"@id":"https:\/\/www.fcbarcelonanoticias.com\/en\/international-football\/the-stick-of-guardiola-to-mourinho-it-is-not-in-champions_280104_102.html#breadcrumb"},"inLanguage":"en-US","potentialAction":[{"@type":"ReadAction","target":["https:\/\/www.fcbarcelonanoticias.com\/en\/international-football\/the-stick-of-guardiola-to-mourinho-it-is-not-in-champions_280104_102.html"]}]},{"@type":"ImageObject","inLanguage":"en-US","@id":"https:\/\/www.fcbarcelonanoticias.com\/en\/international-football\/the-stick-of-guardiola-to-mourinho-it-is-not-in-champions_280104_102.html#primaryimage","url":"https:\/\/www.fcbarcelonanoticias.com\/en\/wp-content\/uploads\/sites\/2\/2022\/05\/pep-guardiola-jose-mourinho.jpeg","contentUrl":"https:\/\/www.fcbarcelonanoticias.com\/en\/wp-content\/uploads\/sites\/2\/2022\/05\/pep-guardiola-jose-mourinho.jpeg","width":1300,"height":732},{"@type":"BreadcrumbList","@id":"https:\/\/www.fcbarcelonanoticias.com\/en\/international-football\/the-stick-of-guardiola-to-mourinho-it-is-not-in-champions_280104_102.html#breadcrumb","itemListElement":[{"@type":"ListItem","position":1,"name":"Portada","item":"https:\/\/www.fcbarcelonanoticias.com\/en\/"},{"@type":"ListItem","position":2,"name":"Guardiola&#8217;s &#8216;stick&#8217; to Mourinho: &#8220;He&#8217;s not in the Champions League&#8221;"}]},{"@type":"WebSite","@id":"https:\/\/www.fcbarcelonanoticias.com\/en\/#website","url":"https:\/\/www.fcbarcelonanoticias.com\/en\/","name":"EN - FC Barcelona Noticias","description":"","potentialAction":[{"@type":"SearchAction","target":{"@type":"EntryPoint","urlTemplate":"https:\/\/www.fcbarcelonanoticias.com\/en\/?s={search_term_string}"},"query-input":{"@type":"PropertyValueSpecification","valueRequired":true,"valueName":"search_term_string"}}],"inLanguage":"en-US"},{"@type":"Person","@id":"https:\/\/www.fcbarcelonanoticias.com\/en\/#\/schema\/person\/c2cd9f6fa1af5c0d0eccd0fefa575c88","name":"Andr\u00e9s Quiroz","image":{"@type":"ImageObject","inLanguage":"en-US","@id":"https:\/\/secure.gravatar.com\/avatar\/?s=96&d=mm&r=g","url":"https:\/\/secure.gravatar.com\/avatar\/?s=96&d=mm&r=g","contentUrl":"https:\/\/secure.gravatar.com\/avatar\/?s=96&d=mm&r=g","caption":"Andr\u00e9s Quiroz"},"description":"Licenciado en Periodismo por la Universidad de los Andes. Me encargo de analizar y compartir los contenidos m\u00e1s destacados de la\u00a0actualidad del F\u00fatbol Club Barcelona, Mercado de Fichajes y F\u00fatbol Internacional en FCBN. La informaci\u00f3n es poder, pero tambi\u00e9n conocimiento.","url":"https:\/\/www.fcbarcelonanoticias.com\/en\/fc-barcelona\/andres-quiroz_17_115.html"}]}},"_links":{"self":[{"href":"https:\/\/www.fcbarcelonanoticias.com\/en\/wp-json\/wp\/v2\/posts\/47479","targetHints":{"allow":["GET"]}}],"collection":[{"href":"https:\/\/www.fcbarcelonanoticias.com\/en\/wp-json\/wp\/v2\/posts"}],"about":[{"href":"https:\/\/www.fcbarcelonanoticias.com\/en\/wp-json\/wp\/v2\/types\/post"}],"author":[{"embeddable":true,"href":"https:\/\/www.fcbarcelonanoticias.com\/en\/wp-json\/wp\/v2\/users\/347"}],"replies":[{"embeddable":true,"href":"https:\/\/www.fcbarcelonanoticias.com\/en\/wp-json\/wp\/v2\/comments?post=47479"}],"version-history":[{"count":1,"href":"https:\/\/www.fcbarcelonanoticias.com\/en\/wp-json\/wp\/v2\/posts\/47479\/revisions"}],"predecessor-version":[{"id":115484,"href":"https:\/\/www.fcbarcelonanoticias.com\/en\/wp-json\/wp\/v2\/posts\/47479\/revisions\/115484"}],"wp:featuredmedia":[{"embeddable":true,"href":"https:\/\/www.fcbarcelonanoticias.com\/en\/wp-json\/wp\/v2\/media\/47480"}],"wp:attachment":[{"href":"https:\/\/www.fcbarcelonanoticias.com\/en\/wp-json\/wp\/v2\/media?parent=47479"}],"wp:term":[{"taxonomy":"category","embeddable":true,"href":"https:\/\/www.fcbarcelonanoticias.com\/en\/wp-json\/wp\/v2\/categories?post=47479"},{"taxonomy":"post_tag","embeddable":true,"href":"https:\/\/www.fcbarcelonanoticias.com\/en\/wp-json\/wp\/v2\/tags?post=47479"}],"curies":[{"name":"wp","href":"https:\/\/api.w.org\/{rel}","templated":true}]}}