{"id":47501,"date":"2022-08-10T01:16:00","date_gmt":"2022-08-09T23:16:00","guid":{"rendered":"https:\/\/weisetech.dev\/fc-barcelona-noticias\/en\/the-superliga-without-english-the-dream-of-adriano-galliani_283078_102\/"},"modified":"2022-08-10T01:16:00","modified_gmt":"2022-08-09T23:16:00","slug":"the-superliga-without-english-the-dream-of-adriano-galliani_283078_102","status":"publish","type":"post","link":"https:\/\/www.fcbarcelonanoticias.com\/en\/international-football\/the-superliga-without-english-the-dream-of-adriano-galliani_283078_102.html","title":{"rendered":"The Super League &#8220;without English&#8221;: Adriano Galliani&#8217;s dream"},"content":{"rendered":"<h2 class=\"wp-block-heading\">Adriano Galliani, current CEO of AC Monza and former president of AC Milan, did not hesitate to &#8216;get wet&#8217; about the future of the Super League. For the Italian businessman and politician, the departure of the English clubs &#8220;would fix the football economy&#8221;<\/h2>  \r\n<div class=\"article-addons\">\r\n    <a href=\"https:\/\/www.fcbarcelonanoticias.com\/en\/calendar-fc-barcelona.html\"\r\n       target=\"_self\"\r\n       title=\"Calendar of FC Barcelona\"\r\n       class=\"blue-gredient-btn\">\r\n       \r\n        Calendar of FC Barcelona    <\/a>\r\n<\/div>   <p>To his 78 years, Adriano Galliani follows having a role protag\u00f3nico in the Italian football. The ex president of the AC Milan is at present the general director of the AC Monza, club that attained to rise to the Series To for the 2022-23 for the first time from his refundaci\u00f3n in 2015, the second of his history. <strong>For the employer and Italian politician, the project of the Superliga follows having sense<\/strong>, as long as the English clubs keep to the margin.<\/p>  <p>In an interview with &#8216;Tuttosport&#8217;, Galliani ensured that the competition promoted by <a data-external=\"0\" data-intl-links-en=\"https:\/\/www.fcbarcelonanoticias.com\/en\/fc-barcelona\/desencuentro-serious-between-the-barca-and-of-jong-by-the-actitu_283064_102.html\" data-intl-links-es=\"https:\/\/www.fcbarcelonanoticias.com\/fc-barcelona\/desencuentro-serio-entre-barcelona-jong-por-actitud-club_283064_102.html\" href=\"https:\/\/www.fcbarcelonanoticias.com\/en\/fc-barcelona\/desencuentro-serious-between-the-barca-and-of-jong-by-the-actitu_283064_102.html\" rel=\"follow\" target=\"_self\" title=\"Desencuentro serio entre el Bar\u00e7a y De Jong por la actitud del club\">the FC Barcelona<\/a> and the Real Madrid<strong> &#8220;p<\/strong><b>odr\u00eda be a solution, but without the English. Also it would have to have a &#8216;Brexit&#8217; in the football.<\/b> It would be then an authentic European championship, without the British. On the other hand, what think, that in April of 2021 the English escaped of the Superliga because the fans did not want?&#8221;, it commented the Italian director.<\/p>  <p>In this sense, the general director of the Monza did not doubt in &#8216;load&#8217; against the English clubs. <strong>&#8220;The 20 clubs of the Premier League invoice almost four times more than the 20 of the Series To Italian.<\/strong> <strong>The Monza obtains 33 million television rights, 3 of which have to go like donation to the Series B<\/strong>. Total: 30 millions. A recently risen in the Premier wins 160 millions. How I can compete with the Nottingham Forest?&#8221;, it manifested Galliani.<\/p>  <p>The project created in 2021 is still in the &#8216;air&#8217; and <strong>Bar\u00e7a, <a data-external=\"0\" data-intl-links-en=\"https:\/\/www.fcbarcelonanoticias.com\/en\/real-madrid\/ancelotti-cools-controversy-9-madrid_283068_102.html\" data-intl-links-es=\"https:\/\/www.fcbarcelonanoticias.com\/real-madrid\/ancelotti-enfria-polemica-9-madrid_283068_102.html\" href=\"https:\/\/www.fcbarcelonanoticias.com\/en\/real-madrid\/ancelotti-cools-controversy-9-madrid_283068_102.html\" rel=\"follow\" target=\"_self\" title=\"Ancelotti 'enfr\u00eda' la pol\u00e9mica del '9' del Madrid\">Madrid<\/a> and Juventus, clubs founders and only that go on with the tournament, took advantage of turns it American to gather <\/strong> and converse on the future of the championship that aspires to revolutionise the world-wide football. For the moment, it will be necessary to expect until beginnings of 2023 to know the decision of the the Court of Justice of the European Union regarding the future of a tournament that, maybe, never arrive to contest , but whose irruption marked a milestone in the history of the European football.<\/p>  <h3>Galliani Exposes the &#8216;misfortunes&#8217; of the Italian football<\/h3>  <p>In his comparison between the English football and the Italian, Adriano Galliani no escatim\u00f3 critical for the financial actuality of a Series To come to less in the last two decades in the economic and sportive. &#8220;<b>Have the ugliest stadiums of Europe and this affects to the income and to the television rights, because an ugly and empty stadium does not sell by television.<\/b> And we have not built the stadiums because the bureaucracy has braked to all and because always there are one thousand obstacles, as in Saint Siro, for example&#8221;, explained the director of the Monza. In the meantime, he and his eternal partner, Silvio Berlusconi, continue forward with his Monza, club that aspires to remain by long in the elite of the Italian football.<\/p>  <ul><\/ul> ","protected":false},"excerpt":{"rendered":"<p>Adriano Galliani, current CEO of AC Monza and former president of AC Milan, did not hesitate to &#8216;get wet&#8217; about the future of the Super League. For the Italian businessman and politician, the departure of the English clubs &#8220;would fix the football economy&#8221; To his 78 years, Adriano Galliani follows having a role protag\u00f3nico in [&hellip;]<\/p>\n","protected":false},"author":347,"featured_media":47503,"comment_status":"closed","ping_status":"open","sticky":false,"template":"","format":"standard","meta":{"_acf_changed":false,"inline_featured_image":false,"_nextfly_llmd_date_locked":false,"footnotes":""},"categories":[1],"tags":[263],"class_list":["post-47501","post","type-post","status-publish","format-standard","has-post-thumbnail","hentry","category-sin-categoria","tag-superliga-european"],"acf":[],"yoast_head":"<!-- This site is optimized with the Yoast SEO plugin v27.3 - https:\/\/yoast.com\/product\/yoast-seo-wordpress\/ -->\n<title>The Superliga &quot;without English&quot;: The dream of Adriano Galliani<\/title>\n<meta name=\"description\" content=\"Adriano Galliani, current general director of the AC Monza and ex president of the AC Milan, did not doubt in &#039;wet&#039; on the future of the Superliga. For the employer...\" \/>\n<meta name=\"robots\" content=\"index, follow, max-snippet:-1, max-image-preview:large, max-video-preview:-1\" \/>\n<link rel=\"canonical\" href=\"https:\/\/www.fcbarcelonanoticias.com\/en\/international-football\/the-superliga-without-english-the-dream-of-adriano-galliani_283078_102.html\" \/>\n<meta property=\"og:locale\" content=\"en_US\" \/>\n<meta property=\"og:type\" content=\"article\" \/>\n<meta property=\"og:title\" content=\"The Superliga &quot;without English&quot;: The dream of Adriano Galliani\" \/>\n<meta property=\"og:description\" content=\"Adriano Galliani, current general director of the AC Monza and ex president of the AC Milan, did not doubt in &#039;wet&#039; on the future of the Superliga. For the employer...\" \/>\n<meta property=\"og:url\" content=\"https:\/\/www.fcbarcelonanoticias.com\/en\/international-football\/the-superliga-without-english-the-dream-of-adriano-galliani_283078_102.html\" \/>\n<meta property=\"og:site_name\" content=\"EN - FC Barcelona Noticias\" \/>\n<meta property=\"article:published_time\" content=\"2022-08-09T23:16:00+00:00\" \/>\n<meta property=\"og:image\" content=\"https:\/\/www.fcbarcelonanoticias.com\/en\/wp-content\/uploads\/sites\/2\/2022\/08\/adriano-galliani-ac-monza.jpeg\" \/>\n\t<meta property=\"og:image:width\" content=\"1300\" \/>\n\t<meta property=\"og:image:height\" content=\"732\" \/>\n\t<meta property=\"og:image:type\" content=\"image\/jpeg\" \/>\n<meta name=\"author\" content=\"Andr\u00e9s Quiroz\" \/>\n<meta name=\"twitter:card\" content=\"summary_large_image\" \/>\n<meta name=\"twitter:label1\" content=\"Written by\" \/>\n\t<meta name=\"twitter:data1\" content=\"Andr\u00e9s Quiroz\" \/>\n\t<meta name=\"twitter:label2\" content=\"Est. reading time\" \/>\n\t<meta name=\"twitter:data2\" content=\"3 minutes\" \/>\n<script type=\"application\/ld+json\" class=\"yoast-schema-graph\">{\"@context\":\"https:\\\/\\\/schema.org\",\"@graph\":[{\"@type\":\"Article\",\"@id\":\"https:\\\/\\\/www.fcbarcelonanoticias.com\\\/en\\\/international-football\\\/the-superliga-without-english-the-dream-of-adriano-galliani_283078_102.html#article\",\"isPartOf\":{\"@id\":\"https:\\\/\\\/www.fcbarcelonanoticias.com\\\/en\\\/international-football\\\/the-superliga-without-english-the-dream-of-adriano-galliani_283078_102.html\"},\"author\":{\"name\":\"Andr\u00e9s Quiroz\",\"@id\":\"https:\\\/\\\/www.fcbarcelonanoticias.com\\\/en\\\/#\\\/schema\\\/person\\\/c2cd9f6fa1af5c0d0eccd0fefa575c88\"},\"headline\":\"The Super League &#8220;without English&#8221;: Adriano Galliani&#8217;s dream\",\"datePublished\":\"2022-08-09T23:16:00+00:00\",\"mainEntityOfPage\":{\"@id\":\"https:\\\/\\\/www.fcbarcelonanoticias.com\\\/en\\\/international-football\\\/the-superliga-without-english-the-dream-of-adriano-galliani_283078_102.html\"},\"wordCount\":520,\"image\":{\"@id\":\"https:\\\/\\\/www.fcbarcelonanoticias.com\\\/en\\\/international-football\\\/the-superliga-without-english-the-dream-of-adriano-galliani_283078_102.html#primaryimage\"},\"thumbnailUrl\":\"https:\\\/\\\/www.fcbarcelonanoticias.com\\\/en\\\/wp-content\\\/uploads\\\/sites\\\/2\\\/2022\\\/08\\\/adriano-galliani-ac-monza.jpeg\",\"keywords\":[\"Superliga European\"],\"articleSection\":[\"Sin categor\u00eda\"],\"inLanguage\":\"en-US\"},{\"@type\":\"WebPage\",\"@id\":\"https:\\\/\\\/www.fcbarcelonanoticias.com\\\/en\\\/international-football\\\/the-superliga-without-english-the-dream-of-adriano-galliani_283078_102.html\",\"url\":\"https:\\\/\\\/www.fcbarcelonanoticias.com\\\/en\\\/international-football\\\/the-superliga-without-english-the-dream-of-adriano-galliani_283078_102.html\",\"name\":\"The Superliga \\\"without English\\\": The dream of Adriano Galliani\",\"isPartOf\":{\"@id\":\"https:\\\/\\\/www.fcbarcelonanoticias.com\\\/en\\\/#website\"},\"primaryImageOfPage\":{\"@id\":\"https:\\\/\\\/www.fcbarcelonanoticias.com\\\/en\\\/international-football\\\/the-superliga-without-english-the-dream-of-adriano-galliani_283078_102.html#primaryimage\"},\"image\":{\"@id\":\"https:\\\/\\\/www.fcbarcelonanoticias.com\\\/en\\\/international-football\\\/the-superliga-without-english-the-dream-of-adriano-galliani_283078_102.html#primaryimage\"},\"thumbnailUrl\":\"https:\\\/\\\/www.fcbarcelonanoticias.com\\\/en\\\/wp-content\\\/uploads\\\/sites\\\/2\\\/2022\\\/08\\\/adriano-galliani-ac-monza.jpeg\",\"datePublished\":\"2022-08-09T23:16:00+00:00\",\"author\":{\"@id\":\"https:\\\/\\\/www.fcbarcelonanoticias.com\\\/en\\\/#\\\/schema\\\/person\\\/c2cd9f6fa1af5c0d0eccd0fefa575c88\"},\"description\":\"Adriano Galliani, current general director of the AC Monza and ex president of the AC Milan, did not doubt in 'wet' on the future of the Superliga. For the employer...\",\"breadcrumb\":{\"@id\":\"https:\\\/\\\/www.fcbarcelonanoticias.com\\\/en\\\/international-football\\\/the-superliga-without-english-the-dream-of-adriano-galliani_283078_102.html#breadcrumb\"},\"inLanguage\":\"en-US\",\"potentialAction\":[{\"@type\":\"ReadAction\",\"target\":[\"https:\\\/\\\/www.fcbarcelonanoticias.com\\\/en\\\/international-football\\\/the-superliga-without-english-the-dream-of-adriano-galliani_283078_102.html\"]}]},{\"@type\":\"ImageObject\",\"inLanguage\":\"en-US\",\"@id\":\"https:\\\/\\\/www.fcbarcelonanoticias.com\\\/en\\\/international-football\\\/the-superliga-without-english-the-dream-of-adriano-galliani_283078_102.html#primaryimage\",\"url\":\"https:\\\/\\\/www.fcbarcelonanoticias.com\\\/en\\\/wp-content\\\/uploads\\\/sites\\\/2\\\/2022\\\/08\\\/adriano-galliani-ac-monza.jpeg\",\"contentUrl\":\"https:\\\/\\\/www.fcbarcelonanoticias.com\\\/en\\\/wp-content\\\/uploads\\\/sites\\\/2\\\/2022\\\/08\\\/adriano-galliani-ac-monza.jpeg\",\"width\":1300,\"height\":732},{\"@type\":\"BreadcrumbList\",\"@id\":\"https:\\\/\\\/www.fcbarcelonanoticias.com\\\/en\\\/international-football\\\/the-superliga-without-english-the-dream-of-adriano-galliani_283078_102.html#breadcrumb\",\"itemListElement\":[{\"@type\":\"ListItem\",\"position\":1,\"name\":\"Portada\",\"item\":\"https:\\\/\\\/www.fcbarcelonanoticias.com\\\/en\\\/\"},{\"@type\":\"ListItem\",\"position\":2,\"name\":\"The Super League &#8220;without English&#8221;: Adriano Galliani&#8217;s dream\"}]},{\"@type\":\"WebSite\",\"@id\":\"https:\\\/\\\/www.fcbarcelonanoticias.com\\\/en\\\/#website\",\"url\":\"https:\\\/\\\/www.fcbarcelonanoticias.com\\\/en\\\/\",\"name\":\"EN - FC Barcelona Noticias\",\"description\":\"\",\"potentialAction\":[{\"@type\":\"SearchAction\",\"target\":{\"@type\":\"EntryPoint\",\"urlTemplate\":\"https:\\\/\\\/www.fcbarcelonanoticias.com\\\/en\\\/?s={search_term_string}\"},\"query-input\":{\"@type\":\"PropertyValueSpecification\",\"valueRequired\":true,\"valueName\":\"search_term_string\"}}],\"inLanguage\":\"en-US\"},{\"@type\":\"Person\",\"@id\":\"https:\\\/\\\/www.fcbarcelonanoticias.com\\\/en\\\/#\\\/schema\\\/person\\\/c2cd9f6fa1af5c0d0eccd0fefa575c88\",\"name\":\"Andr\u00e9s Quiroz\",\"image\":{\"@type\":\"ImageObject\",\"inLanguage\":\"en-US\",\"@id\":\"https:\\\/\\\/secure.gravatar.com\\\/avatar\\\/?s=96&d=mm&r=g\",\"url\":\"https:\\\/\\\/secure.gravatar.com\\\/avatar\\\/?s=96&d=mm&r=g\",\"contentUrl\":\"https:\\\/\\\/secure.gravatar.com\\\/avatar\\\/?s=96&d=mm&r=g\",\"caption\":\"Andr\u00e9s Quiroz\"},\"description\":\"Licenciado en Periodismo por la Universidad de los Andes. Me encargo de analizar y compartir los contenidos m\u00e1s destacados de la\u00a0actualidad del F\u00fatbol Club Barcelona, Mercado de Fichajes y F\u00fatbol Internacional en FCBN. La informaci\u00f3n es poder, pero tambi\u00e9n conocimiento.\",\"url\":\"https:\\\/\\\/www.fcbarcelonanoticias.com\\\/en\\\/fc-barcelona\\\/andres-quiroz_17_115.html\"}]}<\/script>\n<!-- \/ Yoast SEO plugin. -->","yoast_head_json":{"title":"The Superliga \"without English\": The dream of Adriano Galliani","description":"Adriano Galliani, current general director of the AC Monza and ex president of the AC Milan, did not doubt in 'wet' on the future of the Superliga. For the employer...","robots":{"index":"index","follow":"follow","max-snippet":"max-snippet:-1","max-image-preview":"max-image-preview:large","max-video-preview":"max-video-preview:-1"},"canonical":"https:\/\/www.fcbarcelonanoticias.com\/en\/international-football\/the-superliga-without-english-the-dream-of-adriano-galliani_283078_102.html","og_locale":"en_US","og_type":"article","og_title":"The Superliga \"without English\": The dream of Adriano Galliani","og_description":"Adriano Galliani, current general director of the AC Monza and ex president of the AC Milan, did not doubt in 'wet' on the future of the Superliga. For the employer...","og_url":"https:\/\/www.fcbarcelonanoticias.com\/en\/international-football\/the-superliga-without-english-the-dream-of-adriano-galliani_283078_102.html","og_site_name":"EN - FC Barcelona Noticias","article_published_time":"2022-08-09T23:16:00+00:00","og_image":[{"width":1300,"height":732,"url":"https:\/\/www.fcbarcelonanoticias.com\/en\/wp-content\/uploads\/sites\/2\/2022\/08\/adriano-galliani-ac-monza.jpeg","type":"image\/jpeg"}],"author":"Andr\u00e9s Quiroz","twitter_card":"summary_large_image","twitter_misc":{"Written by":"Andr\u00e9s Quiroz","Est. reading time":"3 minutes"},"schema":{"@context":"https:\/\/schema.org","@graph":[{"@type":"Article","@id":"https:\/\/www.fcbarcelonanoticias.com\/en\/international-football\/the-superliga-without-english-the-dream-of-adriano-galliani_283078_102.html#article","isPartOf":{"@id":"https:\/\/www.fcbarcelonanoticias.com\/en\/international-football\/the-superliga-without-english-the-dream-of-adriano-galliani_283078_102.html"},"author":{"name":"Andr\u00e9s Quiroz","@id":"https:\/\/www.fcbarcelonanoticias.com\/en\/#\/schema\/person\/c2cd9f6fa1af5c0d0eccd0fefa575c88"},"headline":"The Super League &#8220;without English&#8221;: Adriano Galliani&#8217;s dream","datePublished":"2022-08-09T23:16:00+00:00","mainEntityOfPage":{"@id":"https:\/\/www.fcbarcelonanoticias.com\/en\/international-football\/the-superliga-without-english-the-dream-of-adriano-galliani_283078_102.html"},"wordCount":520,"image":{"@id":"https:\/\/www.fcbarcelonanoticias.com\/en\/international-football\/the-superliga-without-english-the-dream-of-adriano-galliani_283078_102.html#primaryimage"},"thumbnailUrl":"https:\/\/www.fcbarcelonanoticias.com\/en\/wp-content\/uploads\/sites\/2\/2022\/08\/adriano-galliani-ac-monza.jpeg","keywords":["Superliga European"],"articleSection":["Sin categor\u00eda"],"inLanguage":"en-US"},{"@type":"WebPage","@id":"https:\/\/www.fcbarcelonanoticias.com\/en\/international-football\/the-superliga-without-english-the-dream-of-adriano-galliani_283078_102.html","url":"https:\/\/www.fcbarcelonanoticias.com\/en\/international-football\/the-superliga-without-english-the-dream-of-adriano-galliani_283078_102.html","name":"The Superliga \"without English\": The dream of Adriano Galliani","isPartOf":{"@id":"https:\/\/www.fcbarcelonanoticias.com\/en\/#website"},"primaryImageOfPage":{"@id":"https:\/\/www.fcbarcelonanoticias.com\/en\/international-football\/the-superliga-without-english-the-dream-of-adriano-galliani_283078_102.html#primaryimage"},"image":{"@id":"https:\/\/www.fcbarcelonanoticias.com\/en\/international-football\/the-superliga-without-english-the-dream-of-adriano-galliani_283078_102.html#primaryimage"},"thumbnailUrl":"https:\/\/www.fcbarcelonanoticias.com\/en\/wp-content\/uploads\/sites\/2\/2022\/08\/adriano-galliani-ac-monza.jpeg","datePublished":"2022-08-09T23:16:00+00:00","author":{"@id":"https:\/\/www.fcbarcelonanoticias.com\/en\/#\/schema\/person\/c2cd9f6fa1af5c0d0eccd0fefa575c88"},"description":"Adriano Galliani, current general director of the AC Monza and ex president of the AC Milan, did not doubt in 'wet' on the future of the Superliga. For the employer...","breadcrumb":{"@id":"https:\/\/www.fcbarcelonanoticias.com\/en\/international-football\/the-superliga-without-english-the-dream-of-adriano-galliani_283078_102.html#breadcrumb"},"inLanguage":"en-US","potentialAction":[{"@type":"ReadAction","target":["https:\/\/www.fcbarcelonanoticias.com\/en\/international-football\/the-superliga-without-english-the-dream-of-adriano-galliani_283078_102.html"]}]},{"@type":"ImageObject","inLanguage":"en-US","@id":"https:\/\/www.fcbarcelonanoticias.com\/en\/international-football\/the-superliga-without-english-the-dream-of-adriano-galliani_283078_102.html#primaryimage","url":"https:\/\/www.fcbarcelonanoticias.com\/en\/wp-content\/uploads\/sites\/2\/2022\/08\/adriano-galliani-ac-monza.jpeg","contentUrl":"https:\/\/www.fcbarcelonanoticias.com\/en\/wp-content\/uploads\/sites\/2\/2022\/08\/adriano-galliani-ac-monza.jpeg","width":1300,"height":732},{"@type":"BreadcrumbList","@id":"https:\/\/www.fcbarcelonanoticias.com\/en\/international-football\/the-superliga-without-english-the-dream-of-adriano-galliani_283078_102.html#breadcrumb","itemListElement":[{"@type":"ListItem","position":1,"name":"Portada","item":"https:\/\/www.fcbarcelonanoticias.com\/en\/"},{"@type":"ListItem","position":2,"name":"The Super League &#8220;without English&#8221;: Adriano Galliani&#8217;s dream"}]},{"@type":"WebSite","@id":"https:\/\/www.fcbarcelonanoticias.com\/en\/#website","url":"https:\/\/www.fcbarcelonanoticias.com\/en\/","name":"EN - FC Barcelona Noticias","description":"","potentialAction":[{"@type":"SearchAction","target":{"@type":"EntryPoint","urlTemplate":"https:\/\/www.fcbarcelonanoticias.com\/en\/?s={search_term_string}"},"query-input":{"@type":"PropertyValueSpecification","valueRequired":true,"valueName":"search_term_string"}}],"inLanguage":"en-US"},{"@type":"Person","@id":"https:\/\/www.fcbarcelonanoticias.com\/en\/#\/schema\/person\/c2cd9f6fa1af5c0d0eccd0fefa575c88","name":"Andr\u00e9s Quiroz","image":{"@type":"ImageObject","inLanguage":"en-US","@id":"https:\/\/secure.gravatar.com\/avatar\/?s=96&d=mm&r=g","url":"https:\/\/secure.gravatar.com\/avatar\/?s=96&d=mm&r=g","contentUrl":"https:\/\/secure.gravatar.com\/avatar\/?s=96&d=mm&r=g","caption":"Andr\u00e9s Quiroz"},"description":"Licenciado en Periodismo por la Universidad de los Andes. Me encargo de analizar y compartir los contenidos m\u00e1s destacados de la\u00a0actualidad del F\u00fatbol Club Barcelona, Mercado de Fichajes y F\u00fatbol Internacional en FCBN. La informaci\u00f3n es poder, pero tambi\u00e9n conocimiento.","url":"https:\/\/www.fcbarcelonanoticias.com\/en\/fc-barcelona\/andres-quiroz_17_115.html"}]}},"_links":{"self":[{"href":"https:\/\/www.fcbarcelonanoticias.com\/en\/wp-json\/wp\/v2\/posts\/47501","targetHints":{"allow":["GET"]}}],"collection":[{"href":"https:\/\/www.fcbarcelonanoticias.com\/en\/wp-json\/wp\/v2\/posts"}],"about":[{"href":"https:\/\/www.fcbarcelonanoticias.com\/en\/wp-json\/wp\/v2\/types\/post"}],"author":[{"embeddable":true,"href":"https:\/\/www.fcbarcelonanoticias.com\/en\/wp-json\/wp\/v2\/users\/347"}],"replies":[{"embeddable":true,"href":"https:\/\/www.fcbarcelonanoticias.com\/en\/wp-json\/wp\/v2\/comments?post=47501"}],"version-history":[{"count":1,"href":"https:\/\/www.fcbarcelonanoticias.com\/en\/wp-json\/wp\/v2\/posts\/47501\/revisions"}],"predecessor-version":[{"id":115516,"href":"https:\/\/www.fcbarcelonanoticias.com\/en\/wp-json\/wp\/v2\/posts\/47501\/revisions\/115516"}],"wp:featuredmedia":[{"embeddable":true,"href":"https:\/\/www.fcbarcelonanoticias.com\/en\/wp-json\/wp\/v2\/media\/47503"}],"wp:attachment":[{"href":"https:\/\/www.fcbarcelonanoticias.com\/en\/wp-json\/wp\/v2\/media?parent=47501"}],"wp:term":[{"taxonomy":"category","embeddable":true,"href":"https:\/\/www.fcbarcelonanoticias.com\/en\/wp-json\/wp\/v2\/categories?post=47501"},{"taxonomy":"post_tag","embeddable":true,"href":"https:\/\/www.fcbarcelonanoticias.com\/en\/wp-json\/wp\/v2\/tags?post=47501"}],"curies":[{"name":"wp","href":"https:\/\/api.w.org\/{rel}","templated":true}]}}