{"id":47545,"date":"2024-06-07T12:02:00","date_gmt":"2024-06-07T10:02:00","guid":{"rendered":"https:\/\/weisetech.dev\/fc-barcelona-noticias\/en\/the-rfef-ready-to-close-to-mateu-alemany-like-ceo-of-the-sportive-federative-plot_304249_102\/"},"modified":"2024-06-07T12:02:00","modified_gmt":"2024-06-07T10:02:00","slug":"the-rfef-ready-to-close-to-mateu-alemany-like-ceo-of-the-sportive-federative-plot_304249_102","status":"publish","type":"post","link":"https:\/\/www.fcbarcelonanoticias.com\/en\/international-football\/the-rfef-ready-to-close-to-mateu-alemany-like-ceo-of-the-sportive-federative-plot_304249_102.html","title":{"rendered":"The RFEF, about to leave FC Barcelona without the return of Mateu Alemany"},"content":{"rendered":"<h2 class=\"wp-block-heading\">Joan Laporta considered reintegrar to Mateu Alemany to the FC Barcelona this summer like part of his managerial team, but the Balearic could incorporate to the RFEF like CEO of the sportive plot, covering the sportive direction of the absolute selection<\/h2>  \r\n<div class=\"article-addons\">\r\n    <a href=\"https:\/\/www.fcbarcelonanoticias.com\/en\/calendar-fc-barcelona.html\"\r\n       target=\"_self\"\r\n       title=\"Calendar of FC Barcelona\"\r\n       class=\"blue-gredient-btn\">\r\n       \r\n        Calendar of FC Barcelona    <\/a>\r\n<\/div>   <p>Joan Laporta was considering the possibility of reintegrar to Mateu Alemany like part of his managerial team in the FC Barcelona this summer. The Majorcan, the one who occupied the charge of sportive director of the club from the arrival of Laporta in March of 2021 until past September, could return without that this involve <a data-external=\"0\" data-intl-links-en=\"https:\/\/www.fcbarcelonanoticias.com\/en\/fc-barcelona\/the-clash-that-ended-up-wearing-down-the-relationship-between-xavi-and-deco_304156_102.html\" data-intl-links-es=\"https:\/\/www.fcbarcelonanoticias.com\/fc-barcelona\/choque-termino-por-desgastar-relacion-entre-xavi-deco_304156_102.html\" href=\"https:\/\/www.fcbarcelonanoticias.com\/en\/fc-barcelona\/the-clash-that-ended-up-wearing-down-the-relationship-between-xavi-and-deco_304156_102.html\" rel=\"follow\" target=\"_self\" title=\"El 'choque' que termin\u00f3 por desgastar la relaci\u00f3n entre Xavi Hern\u00e1ndez y Deco\">the exit of Deco<\/a>. <strong>&#8216;Jan&#8217; looked for that both worked together, as they did it during the last months of the last market of signings, before Alemany decided to leave the club to finals of August.<\/strong><\/p>  <p>However, this possibility seems to have banished, <strong>since Alemany could happen to form part in very short term of the structure of the Real Spanish Federation of F\u00fatbo<\/strong>l. In his new role, would turn into the CEO of the sportive federative plot and would assume the control no only of the sportive direction of the absolute selection, but of all the fields, including the inferior categories, five-a-side football and football beach.<\/p>  <p>According to advance &#8216;Sportive World&#8217;, expects that this weekend advance more in the conversations between the RFEF and Mateu. To his time, <strong>has foreseen a meeting between both parts in Palma de Mallorca taking advantage of that the Spanish selection will contest his second party of preparation for the final phase of the Eurocopa<\/strong> against Northern Ireland in the Balearic Islands.<\/p>  <h2>The advantage that brings Alemany achieve<\/h2>  <p>Mateu Alemany Could contribute his vast knowledge of the football, including his recent stage in the Bar\u00e7a. Besides, it keeps an excellent relation with LaLiga, standing out his vicinity with the president Javier Thebes, <strong>what could be crucial to strengthen the bows between the Spanish Federation of Football (RFEF) and the maximum competition of the Spanish football.<\/strong><\/p> ","protected":false},"excerpt":{"rendered":"<p>Joan Laporta considered reintegrar to Mateu Alemany to the FC Barcelona this summer like part of his managerial team, but the Balearic could incorporate to the RFEF like CEO of the sportive plot, covering the sportive direction of the absolute selection Joan Laporta was considering the possibility of reintegrar to Mateu Alemany like part of [&hellip;]<\/p>\n","protected":false},"author":360,"featured_media":18911,"comment_status":"closed","ping_status":"open","sticky":false,"template":"","format":"standard","meta":{"_acf_changed":false,"inline_featured_image":false,"_nextfly_llmd_date_locked":false,"footnotes":""},"categories":[111],"tags":[158,329,95],"class_list":["post-47545","post","type-post","status-publish","format-standard","has-post-thumbnail","hentry","category-fc-barcelona","tag-joan-laporta","tag-mateu-alemany","tag-rfef"],"acf":[],"yoast_head":"<!-- This site is optimized with the Yoast SEO plugin v27.3 - https:\/\/yoast.com\/product\/yoast-seo-wordpress\/ -->\n<title>The RFEF, about to leave FC Barcelona without the return of Mateu Alemany<\/title>\n<meta name=\"description\" content=\"Joan Laporta considered reintegrar to Mateu Alemany to the FC Barcelona this summer like part of his managerial team, but the Balearic could incorporate to the RFEF like CEO of the sportive plot, covering the sportive direction of the absolute selection\" \/>\n<meta name=\"robots\" content=\"index, follow, max-snippet:-1, max-image-preview:large, max-video-preview:-1\" \/>\n<link rel=\"canonical\" href=\"https:\/\/www.fcbarcelonanoticias.com\/en\/international-football\/the-rfef-ready-to-close-to-mateu-alemany-like-ceo-of-the-sportive-federative-plot_304249_102.html\" \/>\n<meta property=\"og:locale\" content=\"en_US\" \/>\n<meta property=\"og:type\" content=\"article\" \/>\n<meta property=\"og:title\" content=\"The RFEF, about to leave FC Barcelona without the return of Mateu Alemany\" \/>\n<meta property=\"og:description\" content=\"Joan Laporta considered reintegrar to Mateu Alemany to the FC Barcelona this summer like part of his managerial team, but the Balearic could incorporate to the RFEF like CEO of the sportive plot, covering the sportive direction of the absolute selection\" \/>\n<meta property=\"og:url\" content=\"https:\/\/www.fcbarcelonanoticias.com\/en\/international-football\/the-rfef-ready-to-close-to-mateu-alemany-like-ceo-of-the-sportive-federative-plot_304249_102.html\" \/>\n<meta property=\"og:site_name\" content=\"EN - FC Barcelona Noticias\" \/>\n<meta property=\"article:published_time\" content=\"2024-06-07T10:02:00+00:00\" \/>\n<meta property=\"og:image\" content=\"https:\/\/www.fcbarcelonanoticias.com\/en\/wp-content\/uploads\/sites\/2\/2023\/08\/mateu-alemany-partido.jpeg\" \/>\n\t<meta property=\"og:image:width\" content=\"1300\" \/>\n\t<meta property=\"og:image:height\" content=\"734\" \/>\n\t<meta property=\"og:image:type\" content=\"image\/jpeg\" \/>\n<meta name=\"author\" content=\"Jos\u00e9 Carlos Jaramillo\" \/>\n<meta name=\"twitter:card\" content=\"summary_large_image\" \/>\n<meta name=\"twitter:label1\" content=\"Written by\" \/>\n\t<meta name=\"twitter:data1\" content=\"Jos\u00e9 Carlos Jaramillo\" \/>\n\t<meta name=\"twitter:label2\" content=\"Est. reading time\" \/>\n\t<meta name=\"twitter:data2\" content=\"2 minutes\" \/>\n<script type=\"application\/ld+json\" class=\"yoast-schema-graph\">{\"@context\":\"https:\\\/\\\/schema.org\",\"@graph\":[{\"@type\":\"Article\",\"@id\":\"https:\\\/\\\/www.fcbarcelonanoticias.com\\\/en\\\/international-football\\\/the-rfef-ready-to-close-to-mateu-alemany-like-ceo-of-the-sportive-federative-plot_304249_102.html#article\",\"isPartOf\":{\"@id\":\"https:\\\/\\\/www.fcbarcelonanoticias.com\\\/en\\\/international-football\\\/the-rfef-ready-to-close-to-mateu-alemany-like-ceo-of-the-sportive-federative-plot_304249_102.html\"},\"author\":{\"name\":\"Jos\u00e9 Carlos Jaramillo\",\"@id\":\"https:\\\/\\\/www.fcbarcelonanoticias.com\\\/en\\\/#\\\/schema\\\/person\\\/7e0029b6b891133992eecb8d3e9829b8\"},\"headline\":\"The RFEF, about to leave FC Barcelona without the return of Mateu Alemany\",\"datePublished\":\"2024-06-07T10:02:00+00:00\",\"mainEntityOfPage\":{\"@id\":\"https:\\\/\\\/www.fcbarcelonanoticias.com\\\/en\\\/international-football\\\/the-rfef-ready-to-close-to-mateu-alemany-like-ceo-of-the-sportive-federative-plot_304249_102.html\"},\"wordCount\":341,\"image\":{\"@id\":\"https:\\\/\\\/www.fcbarcelonanoticias.com\\\/en\\\/international-football\\\/the-rfef-ready-to-close-to-mateu-alemany-like-ceo-of-the-sportive-federative-plot_304249_102.html#primaryimage\"},\"thumbnailUrl\":\"https:\\\/\\\/www.fcbarcelonanoticias.com\\\/en\\\/wp-content\\\/uploads\\\/sites\\\/2\\\/2023\\\/08\\\/mateu-alemany-partido.jpeg\",\"keywords\":[\"Joan Laporta\",\"Mateu Alemany\",\"RFEF\"],\"articleSection\":[\"FC Barcelona\"],\"inLanguage\":\"en-US\"},{\"@type\":\"WebPage\",\"@id\":\"https:\\\/\\\/www.fcbarcelonanoticias.com\\\/en\\\/international-football\\\/the-rfef-ready-to-close-to-mateu-alemany-like-ceo-of-the-sportive-federative-plot_304249_102.html\",\"url\":\"https:\\\/\\\/www.fcbarcelonanoticias.com\\\/en\\\/international-football\\\/the-rfef-ready-to-close-to-mateu-alemany-like-ceo-of-the-sportive-federative-plot_304249_102.html\",\"name\":\"The RFEF, about to leave FC Barcelona without the return of Mateu Alemany\",\"isPartOf\":{\"@id\":\"https:\\\/\\\/www.fcbarcelonanoticias.com\\\/en\\\/#website\"},\"primaryImageOfPage\":{\"@id\":\"https:\\\/\\\/www.fcbarcelonanoticias.com\\\/en\\\/international-football\\\/the-rfef-ready-to-close-to-mateu-alemany-like-ceo-of-the-sportive-federative-plot_304249_102.html#primaryimage\"},\"image\":{\"@id\":\"https:\\\/\\\/www.fcbarcelonanoticias.com\\\/en\\\/international-football\\\/the-rfef-ready-to-close-to-mateu-alemany-like-ceo-of-the-sportive-federative-plot_304249_102.html#primaryimage\"},\"thumbnailUrl\":\"https:\\\/\\\/www.fcbarcelonanoticias.com\\\/en\\\/wp-content\\\/uploads\\\/sites\\\/2\\\/2023\\\/08\\\/mateu-alemany-partido.jpeg\",\"datePublished\":\"2024-06-07T10:02:00+00:00\",\"author\":{\"@id\":\"https:\\\/\\\/www.fcbarcelonanoticias.com\\\/en\\\/#\\\/schema\\\/person\\\/7e0029b6b891133992eecb8d3e9829b8\"},\"description\":\"Joan Laporta considered reintegrar to Mateu Alemany to the FC Barcelona this summer like part of his managerial team, but the Balearic could incorporate to the RFEF like CEO of the sportive plot, covering the sportive direction of the absolute selection\",\"breadcrumb\":{\"@id\":\"https:\\\/\\\/www.fcbarcelonanoticias.com\\\/en\\\/international-football\\\/the-rfef-ready-to-close-to-mateu-alemany-like-ceo-of-the-sportive-federative-plot_304249_102.html#breadcrumb\"},\"inLanguage\":\"en-US\",\"potentialAction\":[{\"@type\":\"ReadAction\",\"target\":[\"https:\\\/\\\/www.fcbarcelonanoticias.com\\\/en\\\/international-football\\\/the-rfef-ready-to-close-to-mateu-alemany-like-ceo-of-the-sportive-federative-plot_304249_102.html\"]}]},{\"@type\":\"ImageObject\",\"inLanguage\":\"en-US\",\"@id\":\"https:\\\/\\\/www.fcbarcelonanoticias.com\\\/en\\\/international-football\\\/the-rfef-ready-to-close-to-mateu-alemany-like-ceo-of-the-sportive-federative-plot_304249_102.html#primaryimage\",\"url\":\"https:\\\/\\\/www.fcbarcelonanoticias.com\\\/en\\\/wp-content\\\/uploads\\\/sites\\\/2\\\/2023\\\/08\\\/mateu-alemany-partido.jpeg\",\"contentUrl\":\"https:\\\/\\\/www.fcbarcelonanoticias.com\\\/en\\\/wp-content\\\/uploads\\\/sites\\\/2\\\/2023\\\/08\\\/mateu-alemany-partido.jpeg\",\"width\":1300,\"height\":734},{\"@type\":\"BreadcrumbList\",\"@id\":\"https:\\\/\\\/www.fcbarcelonanoticias.com\\\/en\\\/international-football\\\/the-rfef-ready-to-close-to-mateu-alemany-like-ceo-of-the-sportive-federative-plot_304249_102.html#breadcrumb\",\"itemListElement\":[{\"@type\":\"ListItem\",\"position\":1,\"name\":\"Portada\",\"item\":\"https:\\\/\\\/www.fcbarcelonanoticias.com\\\/en\\\/\"},{\"@type\":\"ListItem\",\"position\":2,\"name\":\"The RFEF, about to leave FC Barcelona without the return of Mateu Alemany\"}]},{\"@type\":\"WebSite\",\"@id\":\"https:\\\/\\\/www.fcbarcelonanoticias.com\\\/en\\\/#website\",\"url\":\"https:\\\/\\\/www.fcbarcelonanoticias.com\\\/en\\\/\",\"name\":\"EN - FC Barcelona Noticias\",\"description\":\"\",\"potentialAction\":[{\"@type\":\"SearchAction\",\"target\":{\"@type\":\"EntryPoint\",\"urlTemplate\":\"https:\\\/\\\/www.fcbarcelonanoticias.com\\\/en\\\/?s={search_term_string}\"},\"query-input\":{\"@type\":\"PropertyValueSpecification\",\"valueRequired\":true,\"valueName\":\"search_term_string\"}}],\"inLanguage\":\"en-US\"},{\"@type\":\"Person\",\"@id\":\"https:\\\/\\\/www.fcbarcelonanoticias.com\\\/en\\\/#\\\/schema\\\/person\\\/7e0029b6b891133992eecb8d3e9829b8\",\"name\":\"Jos\u00e9 Carlos Jaramillo\",\"image\":{\"@type\":\"ImageObject\",\"inLanguage\":\"en-US\",\"@id\":\"https:\\\/\\\/secure.gravatar.com\\\/avatar\\\/?s=96&d=mm&r=g\",\"url\":\"https:\\\/\\\/secure.gravatar.com\\\/avatar\\\/?s=96&d=mm&r=g\",\"contentUrl\":\"https:\\\/\\\/secure.gravatar.com\\\/avatar\\\/?s=96&d=mm&r=g\",\"caption\":\"Jos\u00e9 Carlos Jaramillo\"},\"url\":\"https:\\\/\\\/www.fcbarcelonanoticias.com\\\/en\\\/jose-carlos-jaramillo_26_115.html\"}]}<\/script>\n<!-- \/ Yoast SEO plugin. -->","yoast_head_json":{"title":"The RFEF, about to leave FC Barcelona without the return of Mateu Alemany","description":"Joan Laporta considered reintegrar to Mateu Alemany to the FC Barcelona this summer like part of his managerial team, but the Balearic could incorporate to the RFEF like CEO of the sportive plot, covering the sportive direction of the absolute selection","robots":{"index":"index","follow":"follow","max-snippet":"max-snippet:-1","max-image-preview":"max-image-preview:large","max-video-preview":"max-video-preview:-1"},"canonical":"https:\/\/www.fcbarcelonanoticias.com\/en\/international-football\/the-rfef-ready-to-close-to-mateu-alemany-like-ceo-of-the-sportive-federative-plot_304249_102.html","og_locale":"en_US","og_type":"article","og_title":"The RFEF, about to leave FC Barcelona without the return of Mateu Alemany","og_description":"Joan Laporta considered reintegrar to Mateu Alemany to the FC Barcelona this summer like part of his managerial team, but the Balearic could incorporate to the RFEF like CEO of the sportive plot, covering the sportive direction of the absolute selection","og_url":"https:\/\/www.fcbarcelonanoticias.com\/en\/international-football\/the-rfef-ready-to-close-to-mateu-alemany-like-ceo-of-the-sportive-federative-plot_304249_102.html","og_site_name":"EN - FC Barcelona Noticias","article_published_time":"2024-06-07T10:02:00+00:00","og_image":[{"width":1300,"height":734,"url":"https:\/\/www.fcbarcelonanoticias.com\/en\/wp-content\/uploads\/sites\/2\/2023\/08\/mateu-alemany-partido.jpeg","type":"image\/jpeg"}],"author":"Jos\u00e9 Carlos Jaramillo","twitter_card":"summary_large_image","twitter_misc":{"Written by":"Jos\u00e9 Carlos Jaramillo","Est. reading time":"2 minutes"},"schema":{"@context":"https:\/\/schema.org","@graph":[{"@type":"Article","@id":"https:\/\/www.fcbarcelonanoticias.com\/en\/international-football\/the-rfef-ready-to-close-to-mateu-alemany-like-ceo-of-the-sportive-federative-plot_304249_102.html#article","isPartOf":{"@id":"https:\/\/www.fcbarcelonanoticias.com\/en\/international-football\/the-rfef-ready-to-close-to-mateu-alemany-like-ceo-of-the-sportive-federative-plot_304249_102.html"},"author":{"name":"Jos\u00e9 Carlos Jaramillo","@id":"https:\/\/www.fcbarcelonanoticias.com\/en\/#\/schema\/person\/7e0029b6b891133992eecb8d3e9829b8"},"headline":"The RFEF, about to leave FC Barcelona without the return of Mateu Alemany","datePublished":"2024-06-07T10:02:00+00:00","mainEntityOfPage":{"@id":"https:\/\/www.fcbarcelonanoticias.com\/en\/international-football\/the-rfef-ready-to-close-to-mateu-alemany-like-ceo-of-the-sportive-federative-plot_304249_102.html"},"wordCount":341,"image":{"@id":"https:\/\/www.fcbarcelonanoticias.com\/en\/international-football\/the-rfef-ready-to-close-to-mateu-alemany-like-ceo-of-the-sportive-federative-plot_304249_102.html#primaryimage"},"thumbnailUrl":"https:\/\/www.fcbarcelonanoticias.com\/en\/wp-content\/uploads\/sites\/2\/2023\/08\/mateu-alemany-partido.jpeg","keywords":["Joan Laporta","Mateu Alemany","RFEF"],"articleSection":["FC Barcelona"],"inLanguage":"en-US"},{"@type":"WebPage","@id":"https:\/\/www.fcbarcelonanoticias.com\/en\/international-football\/the-rfef-ready-to-close-to-mateu-alemany-like-ceo-of-the-sportive-federative-plot_304249_102.html","url":"https:\/\/www.fcbarcelonanoticias.com\/en\/international-football\/the-rfef-ready-to-close-to-mateu-alemany-like-ceo-of-the-sportive-federative-plot_304249_102.html","name":"The RFEF, about to leave FC Barcelona without the return of Mateu Alemany","isPartOf":{"@id":"https:\/\/www.fcbarcelonanoticias.com\/en\/#website"},"primaryImageOfPage":{"@id":"https:\/\/www.fcbarcelonanoticias.com\/en\/international-football\/the-rfef-ready-to-close-to-mateu-alemany-like-ceo-of-the-sportive-federative-plot_304249_102.html#primaryimage"},"image":{"@id":"https:\/\/www.fcbarcelonanoticias.com\/en\/international-football\/the-rfef-ready-to-close-to-mateu-alemany-like-ceo-of-the-sportive-federative-plot_304249_102.html#primaryimage"},"thumbnailUrl":"https:\/\/www.fcbarcelonanoticias.com\/en\/wp-content\/uploads\/sites\/2\/2023\/08\/mateu-alemany-partido.jpeg","datePublished":"2024-06-07T10:02:00+00:00","author":{"@id":"https:\/\/www.fcbarcelonanoticias.com\/en\/#\/schema\/person\/7e0029b6b891133992eecb8d3e9829b8"},"description":"Joan Laporta considered reintegrar to Mateu Alemany to the FC Barcelona this summer like part of his managerial team, but the Balearic could incorporate to the RFEF like CEO of the sportive plot, covering the sportive direction of the absolute selection","breadcrumb":{"@id":"https:\/\/www.fcbarcelonanoticias.com\/en\/international-football\/the-rfef-ready-to-close-to-mateu-alemany-like-ceo-of-the-sportive-federative-plot_304249_102.html#breadcrumb"},"inLanguage":"en-US","potentialAction":[{"@type":"ReadAction","target":["https:\/\/www.fcbarcelonanoticias.com\/en\/international-football\/the-rfef-ready-to-close-to-mateu-alemany-like-ceo-of-the-sportive-federative-plot_304249_102.html"]}]},{"@type":"ImageObject","inLanguage":"en-US","@id":"https:\/\/www.fcbarcelonanoticias.com\/en\/international-football\/the-rfef-ready-to-close-to-mateu-alemany-like-ceo-of-the-sportive-federative-plot_304249_102.html#primaryimage","url":"https:\/\/www.fcbarcelonanoticias.com\/en\/wp-content\/uploads\/sites\/2\/2023\/08\/mateu-alemany-partido.jpeg","contentUrl":"https:\/\/www.fcbarcelonanoticias.com\/en\/wp-content\/uploads\/sites\/2\/2023\/08\/mateu-alemany-partido.jpeg","width":1300,"height":734},{"@type":"BreadcrumbList","@id":"https:\/\/www.fcbarcelonanoticias.com\/en\/international-football\/the-rfef-ready-to-close-to-mateu-alemany-like-ceo-of-the-sportive-federative-plot_304249_102.html#breadcrumb","itemListElement":[{"@type":"ListItem","position":1,"name":"Portada","item":"https:\/\/www.fcbarcelonanoticias.com\/en\/"},{"@type":"ListItem","position":2,"name":"The RFEF, about to leave FC Barcelona without the return of Mateu Alemany"}]},{"@type":"WebSite","@id":"https:\/\/www.fcbarcelonanoticias.com\/en\/#website","url":"https:\/\/www.fcbarcelonanoticias.com\/en\/","name":"EN - FC Barcelona Noticias","description":"","potentialAction":[{"@type":"SearchAction","target":{"@type":"EntryPoint","urlTemplate":"https:\/\/www.fcbarcelonanoticias.com\/en\/?s={search_term_string}"},"query-input":{"@type":"PropertyValueSpecification","valueRequired":true,"valueName":"search_term_string"}}],"inLanguage":"en-US"},{"@type":"Person","@id":"https:\/\/www.fcbarcelonanoticias.com\/en\/#\/schema\/person\/7e0029b6b891133992eecb8d3e9829b8","name":"Jos\u00e9 Carlos Jaramillo","image":{"@type":"ImageObject","inLanguage":"en-US","@id":"https:\/\/secure.gravatar.com\/avatar\/?s=96&d=mm&r=g","url":"https:\/\/secure.gravatar.com\/avatar\/?s=96&d=mm&r=g","contentUrl":"https:\/\/secure.gravatar.com\/avatar\/?s=96&d=mm&r=g","caption":"Jos\u00e9 Carlos Jaramillo"},"url":"https:\/\/www.fcbarcelonanoticias.com\/en\/jose-carlos-jaramillo_26_115.html"}]}},"_links":{"self":[{"href":"https:\/\/www.fcbarcelonanoticias.com\/en\/wp-json\/wp\/v2\/posts\/47545","targetHints":{"allow":["GET"]}}],"collection":[{"href":"https:\/\/www.fcbarcelonanoticias.com\/en\/wp-json\/wp\/v2\/posts"}],"about":[{"href":"https:\/\/www.fcbarcelonanoticias.com\/en\/wp-json\/wp\/v2\/types\/post"}],"author":[{"embeddable":true,"href":"https:\/\/www.fcbarcelonanoticias.com\/en\/wp-json\/wp\/v2\/users\/360"}],"replies":[{"embeddable":true,"href":"https:\/\/www.fcbarcelonanoticias.com\/en\/wp-json\/wp\/v2\/comments?post=47545"}],"version-history":[{"count":1,"href":"https:\/\/www.fcbarcelonanoticias.com\/en\/wp-json\/wp\/v2\/posts\/47545\/revisions"}],"predecessor-version":[{"id":47546,"href":"https:\/\/www.fcbarcelonanoticias.com\/en\/wp-json\/wp\/v2\/posts\/47545\/revisions\/47546"}],"wp:featuredmedia":[{"embeddable":true,"href":"https:\/\/www.fcbarcelonanoticias.com\/en\/wp-json\/wp\/v2\/media\/18911"}],"wp:attachment":[{"href":"https:\/\/www.fcbarcelonanoticias.com\/en\/wp-json\/wp\/v2\/media?parent=47545"}],"wp:term":[{"taxonomy":"category","embeddable":true,"href":"https:\/\/www.fcbarcelonanoticias.com\/en\/wp-json\/wp\/v2\/categories?post=47545"},{"taxonomy":"post_tag","embeddable":true,"href":"https:\/\/www.fcbarcelonanoticias.com\/en\/wp-json\/wp\/v2\/tags?post=47545"}],"curies":[{"name":"wp","href":"https:\/\/api.w.org\/{rel}","templated":true}]}}