{"id":47724,"date":"2019-07-19T12:32:00","date_gmt":"2019-07-19T10:32:00","guid":{"rendered":"https:\/\/weisetech.dev\/fc-barcelona-noticias\/en\/this-will-be-staff-xavi-hernandez-adventure-new-manager-al-sadd_250081_102\/"},"modified":"2026-04-07T09:58:24","modified_gmt":"2026-04-07T07:58:24","slug":"this-will-be-staff-xavi-hernandez-adventure-new-manager-al-sadd_250081_102","status":"publish","type":"post","link":"https:\/\/www.fcbarcelonanoticias.com\/en\/international-football\/this-will-be-staff-xavi-hernandez-adventure-new-manager-al-sadd_250081_102.html","title":{"rendered":"This will be the staff of Xavi Hern\u00e1ndez in his adventure as new manager of Al-Sadd"},"content":{"rendered":"<h2 class=\"wp-block-heading\">Some days ago, Xavi Hern\u00e1ndez started his career as a manager, and already has confirmed the members of the new Al-Sadd staff. Among the professionals that will walk with him in this new adventure, there are several ex members of FC Barcelona<\/h2>  \r\n<div class=\"article-addons\">\r\n    <a href=\"https:\/\/www.fcbarcelonanoticias.com\/en\/calendar-fc-barcelona.html\"\r\n       target=\"_self\"\r\n       title=\"Calendar of FC Barcelona\"\r\n       class=\"blue-gredient-btn\">\r\n       \r\n        Calendar of FC Barcelona    <\/a>\r\n<\/div>   <p><strong>Many trust that the future of <a data-external=\"0\" data-intl-links-en=\"https:\/\/www.fcbarcelonanoticias.com\/en\/tags\/xavi-hernandez\" data-intl-links-es=\"https:\/\/www.fcbarcelonanoticias.com\/tags\/xavi-hernandez\" href=\"https:\/\/www.fcbarcelonanoticias.com\/en\/tags\/xavi-hernandez.html\" rel=\"follow\" target=\"_self\" title=\"Xavi Hern\u00e1ndez\">Xavi Hern\u00e1ndez<\/a> was tied to the FC Barcelona, but his present goes through the To the-Sadd<\/strong>. The one of Terrassa hanged the boots does some months with the group qatar\u00ed, in which it has given also the expected jump to the benches. In the &#8216;stage&#8217; of pre-season that the team started does some days in Olot there have been novelties on the professionals that will surround to the ex player.<\/p>  <p><strong>The technical body of the egarense already is practically clear-cut<\/strong>, after the recent incorporation of Xavi Ferrando. The trainer of goalkeepers answered to the proposal of the emirates this same week and put end to 13 seasons working in the inferior categories of the Bar\u00e7a. It is not the only that has experience in the Barcelona entity, since several ex members of the club will accompany to the champion of the world.<\/p>  <p><strong>His main assistants will be his brother \u00d2scar Hern\u00e1ndez and Sergio Cheerful<\/strong>. The first developed his career in clubs of Second B and Third Division, and carries four years working in the formative football of the Academy Aspire, a pillar in the sportive activities of Qatar. The second also formed part of the payroll of trainers of the Masia, and does some months was second of the seleccionador F\u00e9lix S\u00e1nchez Bas in a Glass Asia that finish with victory.<\/p>  <p><strong>Of the Spanish football also proceed the managers of the medical services<\/strong>, a plot that will be to charge of Toni Tramullas, another ex cul\u00e9. The preparador physical will be Iv\u00e1n Torres, that left the Leeds United and also had been a member of the AEK Larnaca, the Apoel or the selection of Bahrain. Besides, Carlos Nogueira will be the attendant to head to the fisioterapeutas of the club, an integrated team by two tunecinos and a bosnio.<\/p>  <p><strong>Finally, David Prats, Sergio Garc\u00eda and Toni Wolf will exert of analysts of the first team and also of trainers of the group sub23<\/strong>, a task that will give continuity to his experiences in the benches of Sant Gabriel and Sant Andreu. Xavi also knows at first hand his work and even coexisted with them during several years, since they coincided in the inferior categories of the Bar\u00e7a in his stage like players.<\/p>  <p><strong>In the photography that chairs the news, published by the To the-Sadd, appear all they<\/strong>, in one of the first sessions of the pre-season in Catalonia. Of left to right, can observe to Toni Tramullas, Sergio Garc\u00eda, David Prats, \u00d2scar Hern\u00e1ndez, Xavi, Sergio Cheerful, Iv\u00e1n Torres, Toni Wolf, Xavi Ferrando and Carlos Nogueira.<\/p>  <h3>Xavi will prepare in depth before the possible jump to the Bar\u00e7a<\/h3>  <p><strong>The own Xavi has recognised in several occasions that his <a data-external=\"0\" data-intl-links-en=\"https:\/\/www.fcbarcelonanoticias.com\/en\/tags\/xavi-hernandez\" data-intl-links-es=\"https:\/\/www.fcbarcelonanoticias.com\/tags\/xavi-hernandez\" href=\"https:\/\/www.fcbarcelonanoticias.com\/en\/tags\/xavi-hernandez.html\" rel=\"follow\" target=\"_self\" title=\"Xavi Hern\u00e1ndez\">signing<\/a> by the Bar\u00e7a remains far, since it wants to be very prepared for his possible return to the Camp Nou<\/strong>. The egarense does not hide that direct to the first Barcelona team is one of his aims like trainer, but also warns that it is necessary to have patience and pulir all the details before confronting to a so complicated challenge. It does not want to leave at all at random, and it will treat to accumulate the maximum possible experience before going back to enfilar the way of the City Condal.<\/p> ","protected":false},"excerpt":{"rendered":"<p>Some days ago, Xavi Hern\u00e1ndez started his career as a manager, and already has confirmed the members of the new Al-Sadd staff. Among the professionals that will walk with him in this new adventure, there are several ex members of FC Barcelona Many trust that the future of Xavi Hern\u00e1ndez was tied to the FC [&hellip;]<\/p>\n","protected":false},"author":371,"featured_media":47725,"comment_status":"closed","ping_status":"open","sticky":false,"template":"","format":"standard","meta":{"_acf_changed":false,"inline_featured_image":false,"_nextfly_llmd_date_locked":false,"footnotes":""},"categories":[1],"tags":[48],"class_list":["post-47724","post","type-post","status-publish","format-standard","has-post-thumbnail","hentry","category-sin-categoria","tag-xavi-hernandez"],"acf":[],"yoast_head":"<!-- This site is optimized with the Yoast SEO plugin v27.3 - https:\/\/yoast.com\/product\/yoast-seo-wordpress\/ -->\n<title>This will be the staff of Xavi Hern\u00e1ndez in his adventure as new manager of Al-Sadd<\/title>\n<meta name=\"description\" content=\"It does some days that Xavi Hern\u00e1ndez initiated his career like trainer, and already has confirmed the members of the technical body of the To the-Sadd. Between the professional...\" \/>\n<meta name=\"robots\" content=\"index, follow, max-snippet:-1, max-image-preview:large, max-video-preview:-1\" \/>\n<link rel=\"canonical\" href=\"https:\/\/www.fcbarcelonanoticias.com\/en\/international-football\/this-will-be-staff-xavi-hernandez-adventure-new-manager-al-sadd_250081_102.html\" \/>\n<meta property=\"og:locale\" content=\"en_US\" \/>\n<meta property=\"og:type\" content=\"article\" \/>\n<meta property=\"og:title\" content=\"This will be the staff of Xavi Hern\u00e1ndez in his adventure as new manager of Al-Sadd\" \/>\n<meta property=\"og:description\" content=\"It does some days that Xavi Hern\u00e1ndez initiated his career like trainer, and already has confirmed the members of the technical body of the To the-Sadd. Between the professional...\" \/>\n<meta property=\"og:url\" content=\"https:\/\/www.fcbarcelonanoticias.com\/en\/international-football\/this-will-be-staff-xavi-hernandez-adventure-new-manager-al-sadd_250081_102.html\" \/>\n<meta property=\"og:site_name\" content=\"EN - FC Barcelona Noticias\" \/>\n<meta property=\"article:published_time\" content=\"2019-07-19T10:32:00+00:00\" \/>\n<meta property=\"article:modified_time\" content=\"2026-04-07T07:58:24+00:00\" \/>\n<meta property=\"og:image\" content=\"https:\/\/www.fcbarcelonanoticias.com\/en\/wp-content\/uploads\/sites\/2\/2019\/07\/xavihernandez-alsadd.jpeg\" \/>\n\t<meta property=\"og:image:width\" content=\"1599\" \/>\n\t<meta property=\"og:image:height\" content=\"1066\" \/>\n\t<meta property=\"og:image:type\" content=\"image\/jpeg\" \/>\n<meta name=\"author\" content=\"Javier De Gea\" \/>\n<meta name=\"twitter:card\" content=\"summary_large_image\" \/>\n<meta name=\"twitter:label1\" content=\"Written by\" \/>\n\t<meta name=\"twitter:data1\" content=\"Javier De Gea\" \/>\n\t<meta name=\"twitter:label2\" content=\"Est. reading time\" \/>\n\t<meta name=\"twitter:data2\" content=\"3 minutes\" \/>\n<script type=\"application\/ld+json\" class=\"yoast-schema-graph\">{\"@context\":\"https:\\\/\\\/schema.org\",\"@graph\":[{\"@type\":\"Article\",\"@id\":\"https:\\\/\\\/www.fcbarcelonanoticias.com\\\/en\\\/international-football\\\/this-will-be-staff-xavi-hernandez-adventure-new-manager-al-sadd_250081_102.html#article\",\"isPartOf\":{\"@id\":\"https:\\\/\\\/www.fcbarcelonanoticias.com\\\/en\\\/international-football\\\/this-will-be-staff-xavi-hernandez-adventure-new-manager-al-sadd_250081_102.html\"},\"author\":{\"name\":\"Javier De Gea\",\"@id\":\"https:\\\/\\\/www.fcbarcelonanoticias.com\\\/en\\\/#\\\/schema\\\/person\\\/5b6c197c1a6ac109f0f4331ae71f3528\"},\"headline\":\"This will be the staff of Xavi Hern\u00e1ndez in his adventure as new manager of Al-Sadd\",\"datePublished\":\"2019-07-19T10:32:00+00:00\",\"dateModified\":\"2026-04-07T07:58:24+00:00\",\"mainEntityOfPage\":{\"@id\":\"https:\\\/\\\/www.fcbarcelonanoticias.com\\\/en\\\/international-football\\\/this-will-be-staff-xavi-hernandez-adventure-new-manager-al-sadd_250081_102.html\"},\"wordCount\":618,\"image\":{\"@id\":\"https:\\\/\\\/www.fcbarcelonanoticias.com\\\/en\\\/international-football\\\/this-will-be-staff-xavi-hernandez-adventure-new-manager-al-sadd_250081_102.html#primaryimage\"},\"thumbnailUrl\":\"https:\\\/\\\/www.fcbarcelonanoticias.com\\\/en\\\/wp-content\\\/uploads\\\/sites\\\/2\\\/2019\\\/07\\\/xavihernandez-alsadd.jpeg\",\"keywords\":[\"Xavi Hern\u00e1ndez\"],\"articleSection\":[\"Sin categor\u00eda\"],\"inLanguage\":\"en-US\"},{\"@type\":\"WebPage\",\"@id\":\"https:\\\/\\\/www.fcbarcelonanoticias.com\\\/en\\\/international-football\\\/this-will-be-staff-xavi-hernandez-adventure-new-manager-al-sadd_250081_102.html\",\"url\":\"https:\\\/\\\/www.fcbarcelonanoticias.com\\\/en\\\/international-football\\\/this-will-be-staff-xavi-hernandez-adventure-new-manager-al-sadd_250081_102.html\",\"name\":\"This will be the staff of Xavi Hern\u00e1ndez in his adventure as new manager of Al-Sadd\",\"isPartOf\":{\"@id\":\"https:\\\/\\\/www.fcbarcelonanoticias.com\\\/en\\\/#website\"},\"primaryImageOfPage\":{\"@id\":\"https:\\\/\\\/www.fcbarcelonanoticias.com\\\/en\\\/international-football\\\/this-will-be-staff-xavi-hernandez-adventure-new-manager-al-sadd_250081_102.html#primaryimage\"},\"image\":{\"@id\":\"https:\\\/\\\/www.fcbarcelonanoticias.com\\\/en\\\/international-football\\\/this-will-be-staff-xavi-hernandez-adventure-new-manager-al-sadd_250081_102.html#primaryimage\"},\"thumbnailUrl\":\"https:\\\/\\\/www.fcbarcelonanoticias.com\\\/en\\\/wp-content\\\/uploads\\\/sites\\\/2\\\/2019\\\/07\\\/xavihernandez-alsadd.jpeg\",\"datePublished\":\"2019-07-19T10:32:00+00:00\",\"dateModified\":\"2026-04-07T07:58:24+00:00\",\"author\":{\"@id\":\"https:\\\/\\\/www.fcbarcelonanoticias.com\\\/en\\\/#\\\/schema\\\/person\\\/5b6c197c1a6ac109f0f4331ae71f3528\"},\"description\":\"It does some days that Xavi Hern\u00e1ndez initiated his career like trainer, and already has confirmed the members of the technical body of the To the-Sadd. Between the professional...\",\"breadcrumb\":{\"@id\":\"https:\\\/\\\/www.fcbarcelonanoticias.com\\\/en\\\/international-football\\\/this-will-be-staff-xavi-hernandez-adventure-new-manager-al-sadd_250081_102.html#breadcrumb\"},\"inLanguage\":\"en-US\",\"potentialAction\":[{\"@type\":\"ReadAction\",\"target\":[\"https:\\\/\\\/www.fcbarcelonanoticias.com\\\/en\\\/international-football\\\/this-will-be-staff-xavi-hernandez-adventure-new-manager-al-sadd_250081_102.html\"]}]},{\"@type\":\"ImageObject\",\"inLanguage\":\"en-US\",\"@id\":\"https:\\\/\\\/www.fcbarcelonanoticias.com\\\/en\\\/international-football\\\/this-will-be-staff-xavi-hernandez-adventure-new-manager-al-sadd_250081_102.html#primaryimage\",\"url\":\"https:\\\/\\\/www.fcbarcelonanoticias.com\\\/en\\\/wp-content\\\/uploads\\\/sites\\\/2\\\/2019\\\/07\\\/xavihernandez-alsadd.jpeg\",\"contentUrl\":\"https:\\\/\\\/www.fcbarcelonanoticias.com\\\/en\\\/wp-content\\\/uploads\\\/sites\\\/2\\\/2019\\\/07\\\/xavihernandez-alsadd.jpeg\",\"width\":1599,\"height\":1066},{\"@type\":\"BreadcrumbList\",\"@id\":\"https:\\\/\\\/www.fcbarcelonanoticias.com\\\/en\\\/international-football\\\/this-will-be-staff-xavi-hernandez-adventure-new-manager-al-sadd_250081_102.html#breadcrumb\",\"itemListElement\":[{\"@type\":\"ListItem\",\"position\":1,\"name\":\"Portada\",\"item\":\"https:\\\/\\\/www.fcbarcelonanoticias.com\\\/en\\\/\"},{\"@type\":\"ListItem\",\"position\":2,\"name\":\"This will be the staff of Xavi Hern\u00e1ndez in his adventure as new manager of Al-Sadd\"}]},{\"@type\":\"WebSite\",\"@id\":\"https:\\\/\\\/www.fcbarcelonanoticias.com\\\/en\\\/#website\",\"url\":\"https:\\\/\\\/www.fcbarcelonanoticias.com\\\/en\\\/\",\"name\":\"EN - FC Barcelona Noticias\",\"description\":\"\",\"potentialAction\":[{\"@type\":\"SearchAction\",\"target\":{\"@type\":\"EntryPoint\",\"urlTemplate\":\"https:\\\/\\\/www.fcbarcelonanoticias.com\\\/en\\\/?s={search_term_string}\"},\"query-input\":{\"@type\":\"PropertyValueSpecification\",\"valueRequired\":true,\"valueName\":\"search_term_string\"}}],\"inLanguage\":\"en-US\"},{\"@type\":\"Person\",\"@id\":\"https:\\\/\\\/www.fcbarcelonanoticias.com\\\/en\\\/#\\\/schema\\\/person\\\/5b6c197c1a6ac109f0f4331ae71f3528\",\"name\":\"Javier De Gea\",\"image\":{\"@type\":\"ImageObject\",\"inLanguage\":\"en-US\",\"@id\":\"https:\\\/\\\/secure.gravatar.com\\\/avatar\\\/8f3cc93e8dc14c2e2cf6f487ae1603bc78b95ec71130b4dbe516a96ea8a22160?s=96&d=mm&r=g\",\"url\":\"https:\\\/\\\/secure.gravatar.com\\\/avatar\\\/8f3cc93e8dc14c2e2cf6f487ae1603bc78b95ec71130b4dbe516a96ea8a22160?s=96&d=mm&r=g\",\"contentUrl\":\"https:\\\/\\\/secure.gravatar.com\\\/avatar\\\/8f3cc93e8dc14c2e2cf6f487ae1603bc78b95ec71130b4dbe516a96ea8a22160?s=96&d=mm&r=g\",\"caption\":\"Javier De Gea\"},\"url\":\"https:\\\/\\\/www.fcbarcelonanoticias.com\\\/en\\\/javier-de-gea_4_115.html\"}]}<\/script>\n<!-- \/ Yoast SEO plugin. -->","yoast_head_json":{"title":"This will be the staff of Xavi Hern\u00e1ndez in his adventure as new manager of Al-Sadd","description":"It does some days that Xavi Hern\u00e1ndez initiated his career like trainer, and already has confirmed the members of the technical body of the To the-Sadd. Between the professional...","robots":{"index":"index","follow":"follow","max-snippet":"max-snippet:-1","max-image-preview":"max-image-preview:large","max-video-preview":"max-video-preview:-1"},"canonical":"https:\/\/www.fcbarcelonanoticias.com\/en\/international-football\/this-will-be-staff-xavi-hernandez-adventure-new-manager-al-sadd_250081_102.html","og_locale":"en_US","og_type":"article","og_title":"This will be the staff of Xavi Hern\u00e1ndez in his adventure as new manager of Al-Sadd","og_description":"It does some days that Xavi Hern\u00e1ndez initiated his career like trainer, and already has confirmed the members of the technical body of the To the-Sadd. Between the professional...","og_url":"https:\/\/www.fcbarcelonanoticias.com\/en\/international-football\/this-will-be-staff-xavi-hernandez-adventure-new-manager-al-sadd_250081_102.html","og_site_name":"EN - FC Barcelona Noticias","article_published_time":"2019-07-19T10:32:00+00:00","article_modified_time":"2026-04-07T07:58:24+00:00","og_image":[{"width":1599,"height":1066,"url":"https:\/\/www.fcbarcelonanoticias.com\/en\/wp-content\/uploads\/sites\/2\/2019\/07\/xavihernandez-alsadd.jpeg","type":"image\/jpeg"}],"author":"Javier De Gea","twitter_card":"summary_large_image","twitter_misc":{"Written by":"Javier De Gea","Est. reading time":"3 minutes"},"schema":{"@context":"https:\/\/schema.org","@graph":[{"@type":"Article","@id":"https:\/\/www.fcbarcelonanoticias.com\/en\/international-football\/this-will-be-staff-xavi-hernandez-adventure-new-manager-al-sadd_250081_102.html#article","isPartOf":{"@id":"https:\/\/www.fcbarcelonanoticias.com\/en\/international-football\/this-will-be-staff-xavi-hernandez-adventure-new-manager-al-sadd_250081_102.html"},"author":{"name":"Javier De Gea","@id":"https:\/\/www.fcbarcelonanoticias.com\/en\/#\/schema\/person\/5b6c197c1a6ac109f0f4331ae71f3528"},"headline":"This will be the staff of Xavi Hern\u00e1ndez in his adventure as new manager of Al-Sadd","datePublished":"2019-07-19T10:32:00+00:00","dateModified":"2026-04-07T07:58:24+00:00","mainEntityOfPage":{"@id":"https:\/\/www.fcbarcelonanoticias.com\/en\/international-football\/this-will-be-staff-xavi-hernandez-adventure-new-manager-al-sadd_250081_102.html"},"wordCount":618,"image":{"@id":"https:\/\/www.fcbarcelonanoticias.com\/en\/international-football\/this-will-be-staff-xavi-hernandez-adventure-new-manager-al-sadd_250081_102.html#primaryimage"},"thumbnailUrl":"https:\/\/www.fcbarcelonanoticias.com\/en\/wp-content\/uploads\/sites\/2\/2019\/07\/xavihernandez-alsadd.jpeg","keywords":["Xavi Hern\u00e1ndez"],"articleSection":["Sin categor\u00eda"],"inLanguage":"en-US"},{"@type":"WebPage","@id":"https:\/\/www.fcbarcelonanoticias.com\/en\/international-football\/this-will-be-staff-xavi-hernandez-adventure-new-manager-al-sadd_250081_102.html","url":"https:\/\/www.fcbarcelonanoticias.com\/en\/international-football\/this-will-be-staff-xavi-hernandez-adventure-new-manager-al-sadd_250081_102.html","name":"This will be the staff of Xavi Hern\u00e1ndez in his adventure as new manager of Al-Sadd","isPartOf":{"@id":"https:\/\/www.fcbarcelonanoticias.com\/en\/#website"},"primaryImageOfPage":{"@id":"https:\/\/www.fcbarcelonanoticias.com\/en\/international-football\/this-will-be-staff-xavi-hernandez-adventure-new-manager-al-sadd_250081_102.html#primaryimage"},"image":{"@id":"https:\/\/www.fcbarcelonanoticias.com\/en\/international-football\/this-will-be-staff-xavi-hernandez-adventure-new-manager-al-sadd_250081_102.html#primaryimage"},"thumbnailUrl":"https:\/\/www.fcbarcelonanoticias.com\/en\/wp-content\/uploads\/sites\/2\/2019\/07\/xavihernandez-alsadd.jpeg","datePublished":"2019-07-19T10:32:00+00:00","dateModified":"2026-04-07T07:58:24+00:00","author":{"@id":"https:\/\/www.fcbarcelonanoticias.com\/en\/#\/schema\/person\/5b6c197c1a6ac109f0f4331ae71f3528"},"description":"It does some days that Xavi Hern\u00e1ndez initiated his career like trainer, and already has confirmed the members of the technical body of the To the-Sadd. Between the professional...","breadcrumb":{"@id":"https:\/\/www.fcbarcelonanoticias.com\/en\/international-football\/this-will-be-staff-xavi-hernandez-adventure-new-manager-al-sadd_250081_102.html#breadcrumb"},"inLanguage":"en-US","potentialAction":[{"@type":"ReadAction","target":["https:\/\/www.fcbarcelonanoticias.com\/en\/international-football\/this-will-be-staff-xavi-hernandez-adventure-new-manager-al-sadd_250081_102.html"]}]},{"@type":"ImageObject","inLanguage":"en-US","@id":"https:\/\/www.fcbarcelonanoticias.com\/en\/international-football\/this-will-be-staff-xavi-hernandez-adventure-new-manager-al-sadd_250081_102.html#primaryimage","url":"https:\/\/www.fcbarcelonanoticias.com\/en\/wp-content\/uploads\/sites\/2\/2019\/07\/xavihernandez-alsadd.jpeg","contentUrl":"https:\/\/www.fcbarcelonanoticias.com\/en\/wp-content\/uploads\/sites\/2\/2019\/07\/xavihernandez-alsadd.jpeg","width":1599,"height":1066},{"@type":"BreadcrumbList","@id":"https:\/\/www.fcbarcelonanoticias.com\/en\/international-football\/this-will-be-staff-xavi-hernandez-adventure-new-manager-al-sadd_250081_102.html#breadcrumb","itemListElement":[{"@type":"ListItem","position":1,"name":"Portada","item":"https:\/\/www.fcbarcelonanoticias.com\/en\/"},{"@type":"ListItem","position":2,"name":"This will be the staff of Xavi Hern\u00e1ndez in his adventure as new manager of Al-Sadd"}]},{"@type":"WebSite","@id":"https:\/\/www.fcbarcelonanoticias.com\/en\/#website","url":"https:\/\/www.fcbarcelonanoticias.com\/en\/","name":"EN - FC Barcelona Noticias","description":"","potentialAction":[{"@type":"SearchAction","target":{"@type":"EntryPoint","urlTemplate":"https:\/\/www.fcbarcelonanoticias.com\/en\/?s={search_term_string}"},"query-input":{"@type":"PropertyValueSpecification","valueRequired":true,"valueName":"search_term_string"}}],"inLanguage":"en-US"},{"@type":"Person","@id":"https:\/\/www.fcbarcelonanoticias.com\/en\/#\/schema\/person\/5b6c197c1a6ac109f0f4331ae71f3528","name":"Javier De Gea","image":{"@type":"ImageObject","inLanguage":"en-US","@id":"https:\/\/secure.gravatar.com\/avatar\/8f3cc93e8dc14c2e2cf6f487ae1603bc78b95ec71130b4dbe516a96ea8a22160?s=96&d=mm&r=g","url":"https:\/\/secure.gravatar.com\/avatar\/8f3cc93e8dc14c2e2cf6f487ae1603bc78b95ec71130b4dbe516a96ea8a22160?s=96&d=mm&r=g","contentUrl":"https:\/\/secure.gravatar.com\/avatar\/8f3cc93e8dc14c2e2cf6f487ae1603bc78b95ec71130b4dbe516a96ea8a22160?s=96&d=mm&r=g","caption":"Javier De Gea"},"url":"https:\/\/www.fcbarcelonanoticias.com\/en\/javier-de-gea_4_115.html"}]}},"_links":{"self":[{"href":"https:\/\/www.fcbarcelonanoticias.com\/en\/wp-json\/wp\/v2\/posts\/47724","targetHints":{"allow":["GET"]}}],"collection":[{"href":"https:\/\/www.fcbarcelonanoticias.com\/en\/wp-json\/wp\/v2\/posts"}],"about":[{"href":"https:\/\/www.fcbarcelonanoticias.com\/en\/wp-json\/wp\/v2\/types\/post"}],"author":[{"embeddable":true,"href":"https:\/\/www.fcbarcelonanoticias.com\/en\/wp-json\/wp\/v2\/users\/371"}],"replies":[{"embeddable":true,"href":"https:\/\/www.fcbarcelonanoticias.com\/en\/wp-json\/wp\/v2\/comments?post=47724"}],"version-history":[{"count":1,"href":"https:\/\/www.fcbarcelonanoticias.com\/en\/wp-json\/wp\/v2\/posts\/47724\/revisions"}],"predecessor-version":[{"id":115815,"href":"https:\/\/www.fcbarcelonanoticias.com\/en\/wp-json\/wp\/v2\/posts\/47724\/revisions\/115815"}],"wp:featuredmedia":[{"embeddable":true,"href":"https:\/\/www.fcbarcelonanoticias.com\/en\/wp-json\/wp\/v2\/media\/47725"}],"wp:attachment":[{"href":"https:\/\/www.fcbarcelonanoticias.com\/en\/wp-json\/wp\/v2\/media?parent=47724"}],"wp:term":[{"taxonomy":"category","embeddable":true,"href":"https:\/\/www.fcbarcelonanoticias.com\/en\/wp-json\/wp\/v2\/categories?post=47724"},{"taxonomy":"post_tag","embeddable":true,"href":"https:\/\/www.fcbarcelonanoticias.com\/en\/wp-json\/wp\/v2\/tags?post=47724"}],"curies":[{"name":"wp","href":"https:\/\/api.w.org\/{rel}","templated":true}]}}