{"id":47794,"date":"2022-11-28T22:48:00","date_gmt":"2022-11-28T21:48:00","guid":{"rendered":"https:\/\/weisetech.dev\/fc-barcelona-noticias\/en\/total-crisis-in-the-juventus-agnelli-and-all-the-board-dir_287070_102\/"},"modified":"2022-11-28T22:48:00","modified_gmt":"2022-11-28T21:48:00","slug":"total-crisis-in-the-juventus-agnelli-and-all-the-board-dir_287070_102","status":"publish","type":"post","link":"https:\/\/www.fcbarcelonanoticias.com\/en\/international-football\/total-crisis-in-the-juventus-agnelli-and-all-the-board-dir_287070_102.html","title":{"rendered":"Total crisis in Juventus! Agnelli and the entire board of directors resign"},"content":{"rendered":"<h2 class=\"wp-block-heading\">Andrea Agnelli and the entire Juventus board of directors have unleashed a real &#8216;earthquake&#8217; within the &#8216;Vecchia Signora&#8217;. The board resigned this Monday, in the midst of the financial crisis that the club is going through<\/h2>  \r\n<div class=\"article-addons\">\r\n    <a href=\"https:\/\/www.fcbarcelonanoticias.com\/en\/calendar-fc-barcelona.html\"\r\n       target=\"_self\"\r\n       title=\"Calendar of FC Barcelona\"\r\n       class=\"blue-gredient-btn\">\r\n       \r\n        Calendar of FC Barcelona    <\/a>\r\n<\/div>   <p>The managerial board of the Juventus decided this Monday a historical resignation en bloc, <strong>led by the already ex president Andrea Agnelli, the one who abandons his charge beside the vice-president, Pavel Nedved and to Maurizio Arrivabene, CEO of the club<\/strong>. Of this way, the &#8216;Vecchia Signora&#8217; will have to call to elections the before possible to face the second half of the 2022\/23, where the Juve crosses a moment very complicated.<\/p>  <p><strong>&#8220;The managerial board of the Juventus has decided to renounce, included the president Andrea Agnelli and the vice-president Pavel Nedved. There will be a new managerial board and a new structure in the club, what will decide in the next months&#8221;<\/strong>, confirmed the journalist Fabrizio Romano through his account of Twitter. Agnelli Had assumed the presidency on 19 May 2010, leading one of the most successful decades of the club.<\/p>  <blockquote class=\"twitter-tweet\"> <p dir=\"ltr\" lang=\"en\">Official statement confirms Juventus entire Board of Directors resigned. \ud83d\udea8\u26aa\ufe0f\u26ab\ufe0f <a href=\"https:\/\/twitter.com\/en\/hashtag\/Juventus?src=hash&amp;ref_src=twsrc%5Etfw\">#Juventus<\/a> <a href=\"https:\/\/twitter.com\/en\/hashtag\/SerieA?src=hash&amp;ref_src=twsrc%5Etfw\">#SerieA<\/a><br><br> Andrea Agnelli and Pavel Nedved will no longer be part of Juventus board, while CEO Maurizio Arrivabene will remain in charge until the new board will be announced. <a href=\"https:\/\/t.co\/en\/XUe4VpODvT\">pic.twitter.com\/xue4vpodvt<\/a><\/p> \u2014 Fabrizio Romano (@FabrizioRomano) <a href=\"https:\/\/twitter.com\/en\/FabrizioRomano\/status\/1597338680083222528?ref_src=twsrc%5Etfw\">November 28, 2022<\/a> <\/blockquote> <p>During his management, the group &#8216;bianconeri&#8217; won nine championships of the Series To of consecutive form (2011-12 to the 2019-20) and reached two sucampeonatos of the UEFA Champions League (2015, 2017), together with the inauguration of his new stadium, the Juventus Stadium, in the summer of 2011. However, <strong>the implication of Agnelli in the scandal of the designated &#8216;investigation Prism&#8217;<\/strong> precipitated his exit and the one of all his directive.<\/p>  <blockquote class=\"twitter-tweet\"> <p dir=\"ltr\" lang=\"it\">Progetto Gave bilancio d&#8217;esercizio and bilancio consolidato to the 30 giugno 2022 | Rinnovo of the Consiglio gave Amministrazione<a href=\"https:\/\/t.co\/en\/pQmoqkROJC\">https:\/\/t.co\/pqmoqkrojc<\/a> <a href=\"https:\/\/t.co\/en\/0e7NZc3mND\">pic.twitter.com\/0e7nzc3mnd<\/a><\/p> \u2014 JuventusFC (@juventusfc) <a href=\"https:\/\/twitter.com\/en\/juventusfc\/status\/1597339855079768066?ref_src=twsrc%5Etfw\">November 28, 2022<\/a> <\/blockquote> <p><strong>The Fiscal\u00eda of Tur\u00edn investigates to Agnelli and other executives by countable falsity in the budget juventino during the year 2020<\/strong>, with the backrest of the National Commission Italian of the Stock market (CONSOB). These problems had forced the postponement of the next board of shareholders of the Juventus for 27 December, in which it would review the budgetary project of the club for the 2023.<\/p>  <h3>The Juve will have to choose a new &#8216;boss&#8217; temporary<\/h3>  <p>In the next hours, the shareholders of the &#8216;Vecchia Signora&#8217; will have to choose an interim president until it summon to elections in 2023. <strong>The club leaves third in <a data-external=\"0\" data-intl-links-en=\"https:\/\/www.fcbarcelonanoticias.com\/en\/transfers\/good-moment-asensio-could-affect-future-brahim-diaz_287030_102.html\" data-intl-links-es=\"https:\/\/www.fcbarcelonanoticias.com\/fichajes\/buen-momento-asensio-podria-afectar-futuro-brahim-diaz_287030_102.html\" href=\"https:\/\/www.fcbarcelonanoticias.com\/en\/transfers\/good-moment-asensio-could-affect-future-brahim-diaz_287030_102.html\" rel=\"follow\" target=\"_self\" title=\"El buen momento de Asensio podr\u00eda afectar el futuro de Brahim D\u00edaz\">the Series To<\/a> with 31 points, to 10 of the leader Napoli<\/strong>. In Champions, the ones of Massimiliano Allegri finished third in his group, by what will contest the &#8216;playoff&#8217; of the Europe League in February in front of the Nantes. <strong>The Juve will take action the next 4 January in front of the Cremonese<\/strong> in the reinicio of the Italian league.<\/p> ","protected":false},"excerpt":{"rendered":"<p>Andrea Agnelli and the entire Juventus board of directors have unleashed a real &#8216;earthquake&#8217; within the &#8216;Vecchia Signora&#8217;. The board resigned this Monday, in the midst of the financial crisis that the club is going through The managerial board of the Juventus decided this Monday a historical resignation en bloc, led by the already ex [&hellip;]<\/p>\n","protected":false},"author":347,"featured_media":47795,"comment_status":"closed","ping_status":"open","sticky":false,"template":"","format":"standard","meta":{"_acf_changed":false,"inline_featured_image":false,"_nextfly_llmd_date_locked":false,"footnotes":""},"categories":[1],"tags":[105],"class_list":["post-47794","post","type-post","status-publish","format-standard","has-post-thumbnail","hentry","category-sin-categoria","tag-juventus"],"acf":[],"yoast_head":"<!-- This site is optimized with the Yoast SEO plugin v27.3 - https:\/\/yoast.com\/product\/yoast-seo-wordpress\/ -->\n<title>Total crisis in Juventus! Agnelli and the entire board of directors resign<\/title>\n<meta name=\"description\" content=\"Andrea Agnelli and all the managerial board of the Juventus have desatado an authentic &#039;earthquake&#039; inside the &#039;Vecchia Signora&#039;. The board resigned this Monday, in...\" \/>\n<meta name=\"robots\" content=\"index, follow, max-snippet:-1, max-image-preview:large, max-video-preview:-1\" \/>\n<link rel=\"canonical\" href=\"https:\/\/www.fcbarcelonanoticias.com\/en\/international-football\/total-crisis-in-the-juventus-agnelli-and-all-the-board-dir_287070_102.html\" \/>\n<meta property=\"og:locale\" content=\"en_US\" \/>\n<meta property=\"og:type\" content=\"article\" \/>\n<meta property=\"og:title\" content=\"Total crisis in Juventus! Agnelli and the entire board of directors resign\" \/>\n<meta property=\"og:description\" content=\"Andrea Agnelli and all the managerial board of the Juventus have desatado an authentic &#039;earthquake&#039; inside the &#039;Vecchia Signora&#039;. The board resigned this Monday, in...\" \/>\n<meta property=\"og:url\" content=\"https:\/\/www.fcbarcelonanoticias.com\/en\/international-football\/total-crisis-in-the-juventus-agnelli-and-all-the-board-dir_287070_102.html\" \/>\n<meta property=\"og:site_name\" content=\"EN - FC Barcelona Noticias\" \/>\n<meta property=\"article:published_time\" content=\"2022-11-28T21:48:00+00:00\" \/>\n<meta property=\"og:image\" content=\"https:\/\/www.fcbarcelonanoticias.com\/en\/wp-content\/uploads\/sites\/2\/2022\/11\/directiva-juventus-fc.jpeg\" \/>\n\t<meta property=\"og:image:width\" content=\"1300\" \/>\n\t<meta property=\"og:image:height\" content=\"732\" \/>\n\t<meta property=\"og:image:type\" content=\"image\/jpeg\" \/>\n<meta name=\"author\" content=\"Andr\u00e9s Quiroz\" \/>\n<meta name=\"twitter:card\" content=\"summary_large_image\" \/>\n<meta name=\"twitter:label1\" content=\"Written by\" \/>\n\t<meta name=\"twitter:data1\" content=\"Andr\u00e9s Quiroz\" \/>\n\t<meta name=\"twitter:label2\" content=\"Est. reading time\" \/>\n\t<meta name=\"twitter:data2\" content=\"2 minutes\" \/>\n<script type=\"application\/ld+json\" class=\"yoast-schema-graph\">{\"@context\":\"https:\\\/\\\/schema.org\",\"@graph\":[{\"@type\":\"Article\",\"@id\":\"https:\\\/\\\/www.fcbarcelonanoticias.com\\\/en\\\/international-football\\\/total-crisis-in-the-juventus-agnelli-and-all-the-board-dir_287070_102.html#article\",\"isPartOf\":{\"@id\":\"https:\\\/\\\/www.fcbarcelonanoticias.com\\\/en\\\/international-football\\\/total-crisis-in-the-juventus-agnelli-and-all-the-board-dir_287070_102.html\"},\"author\":{\"name\":\"Andr\u00e9s Quiroz\",\"@id\":\"https:\\\/\\\/www.fcbarcelonanoticias.com\\\/en\\\/#\\\/schema\\\/person\\\/c2cd9f6fa1af5c0d0eccd0fefa575c88\"},\"headline\":\"Total crisis in Juventus! Agnelli and the entire board of directors resign\",\"datePublished\":\"2022-11-28T21:48:00+00:00\",\"mainEntityOfPage\":{\"@id\":\"https:\\\/\\\/www.fcbarcelonanoticias.com\\\/en\\\/international-football\\\/total-crisis-in-the-juventus-agnelli-and-all-the-board-dir_287070_102.html\"},\"wordCount\":493,\"image\":{\"@id\":\"https:\\\/\\\/www.fcbarcelonanoticias.com\\\/en\\\/international-football\\\/total-crisis-in-the-juventus-agnelli-and-all-the-board-dir_287070_102.html#primaryimage\"},\"thumbnailUrl\":\"https:\\\/\\\/www.fcbarcelonanoticias.com\\\/en\\\/wp-content\\\/uploads\\\/sites\\\/2\\\/2022\\\/11\\\/directiva-juventus-fc.jpeg\",\"keywords\":[\"Juventus\"],\"articleSection\":[\"Sin categor\u00eda\"],\"inLanguage\":\"en-US\"},{\"@type\":\"WebPage\",\"@id\":\"https:\\\/\\\/www.fcbarcelonanoticias.com\\\/en\\\/international-football\\\/total-crisis-in-the-juventus-agnelli-and-all-the-board-dir_287070_102.html\",\"url\":\"https:\\\/\\\/www.fcbarcelonanoticias.com\\\/en\\\/international-football\\\/total-crisis-in-the-juventus-agnelli-and-all-the-board-dir_287070_102.html\",\"name\":\"Total crisis in Juventus! Agnelli and the entire board of directors resign\",\"isPartOf\":{\"@id\":\"https:\\\/\\\/www.fcbarcelonanoticias.com\\\/en\\\/#website\"},\"primaryImageOfPage\":{\"@id\":\"https:\\\/\\\/www.fcbarcelonanoticias.com\\\/en\\\/international-football\\\/total-crisis-in-the-juventus-agnelli-and-all-the-board-dir_287070_102.html#primaryimage\"},\"image\":{\"@id\":\"https:\\\/\\\/www.fcbarcelonanoticias.com\\\/en\\\/international-football\\\/total-crisis-in-the-juventus-agnelli-and-all-the-board-dir_287070_102.html#primaryimage\"},\"thumbnailUrl\":\"https:\\\/\\\/www.fcbarcelonanoticias.com\\\/en\\\/wp-content\\\/uploads\\\/sites\\\/2\\\/2022\\\/11\\\/directiva-juventus-fc.jpeg\",\"datePublished\":\"2022-11-28T21:48:00+00:00\",\"author\":{\"@id\":\"https:\\\/\\\/www.fcbarcelonanoticias.com\\\/en\\\/#\\\/schema\\\/person\\\/c2cd9f6fa1af5c0d0eccd0fefa575c88\"},\"description\":\"Andrea Agnelli and all the managerial board of the Juventus have desatado an authentic 'earthquake' inside the 'Vecchia Signora'. The board resigned this Monday, in...\",\"breadcrumb\":{\"@id\":\"https:\\\/\\\/www.fcbarcelonanoticias.com\\\/en\\\/international-football\\\/total-crisis-in-the-juventus-agnelli-and-all-the-board-dir_287070_102.html#breadcrumb\"},\"inLanguage\":\"en-US\",\"potentialAction\":[{\"@type\":\"ReadAction\",\"target\":[\"https:\\\/\\\/www.fcbarcelonanoticias.com\\\/en\\\/international-football\\\/total-crisis-in-the-juventus-agnelli-and-all-the-board-dir_287070_102.html\"]}]},{\"@type\":\"ImageObject\",\"inLanguage\":\"en-US\",\"@id\":\"https:\\\/\\\/www.fcbarcelonanoticias.com\\\/en\\\/international-football\\\/total-crisis-in-the-juventus-agnelli-and-all-the-board-dir_287070_102.html#primaryimage\",\"url\":\"https:\\\/\\\/www.fcbarcelonanoticias.com\\\/en\\\/wp-content\\\/uploads\\\/sites\\\/2\\\/2022\\\/11\\\/directiva-juventus-fc.jpeg\",\"contentUrl\":\"https:\\\/\\\/www.fcbarcelonanoticias.com\\\/en\\\/wp-content\\\/uploads\\\/sites\\\/2\\\/2022\\\/11\\\/directiva-juventus-fc.jpeg\",\"width\":1300,\"height\":732},{\"@type\":\"BreadcrumbList\",\"@id\":\"https:\\\/\\\/www.fcbarcelonanoticias.com\\\/en\\\/international-football\\\/total-crisis-in-the-juventus-agnelli-and-all-the-board-dir_287070_102.html#breadcrumb\",\"itemListElement\":[{\"@type\":\"ListItem\",\"position\":1,\"name\":\"Portada\",\"item\":\"https:\\\/\\\/www.fcbarcelonanoticias.com\\\/en\\\/\"},{\"@type\":\"ListItem\",\"position\":2,\"name\":\"Total crisis in Juventus! Agnelli and the entire board of directors resign\"}]},{\"@type\":\"WebSite\",\"@id\":\"https:\\\/\\\/www.fcbarcelonanoticias.com\\\/en\\\/#website\",\"url\":\"https:\\\/\\\/www.fcbarcelonanoticias.com\\\/en\\\/\",\"name\":\"EN - FC Barcelona Noticias\",\"description\":\"\",\"potentialAction\":[{\"@type\":\"SearchAction\",\"target\":{\"@type\":\"EntryPoint\",\"urlTemplate\":\"https:\\\/\\\/www.fcbarcelonanoticias.com\\\/en\\\/?s={search_term_string}\"},\"query-input\":{\"@type\":\"PropertyValueSpecification\",\"valueRequired\":true,\"valueName\":\"search_term_string\"}}],\"inLanguage\":\"en-US\"},{\"@type\":\"Person\",\"@id\":\"https:\\\/\\\/www.fcbarcelonanoticias.com\\\/en\\\/#\\\/schema\\\/person\\\/c2cd9f6fa1af5c0d0eccd0fefa575c88\",\"name\":\"Andr\u00e9s Quiroz\",\"image\":{\"@type\":\"ImageObject\",\"inLanguage\":\"en-US\",\"@id\":\"https:\\\/\\\/secure.gravatar.com\\\/avatar\\\/?s=96&d=mm&r=g\",\"url\":\"https:\\\/\\\/secure.gravatar.com\\\/avatar\\\/?s=96&d=mm&r=g\",\"contentUrl\":\"https:\\\/\\\/secure.gravatar.com\\\/avatar\\\/?s=96&d=mm&r=g\",\"caption\":\"Andr\u00e9s Quiroz\"},\"description\":\"Licenciado en Periodismo por la Universidad de los Andes. Me encargo de analizar y compartir los contenidos m\u00e1s destacados de la\u00a0actualidad del F\u00fatbol Club Barcelona, Mercado de Fichajes y F\u00fatbol Internacional en FCBN. La informaci\u00f3n es poder, pero tambi\u00e9n conocimiento.\",\"url\":\"https:\\\/\\\/www.fcbarcelonanoticias.com\\\/en\\\/fc-barcelona\\\/andres-quiroz_17_115.html\"}]}<\/script>\n<!-- \/ Yoast SEO plugin. -->","yoast_head_json":{"title":"Total crisis in Juventus! Agnelli and the entire board of directors resign","description":"Andrea Agnelli and all the managerial board of the Juventus have desatado an authentic 'earthquake' inside the 'Vecchia Signora'. The board resigned this Monday, in...","robots":{"index":"index","follow":"follow","max-snippet":"max-snippet:-1","max-image-preview":"max-image-preview:large","max-video-preview":"max-video-preview:-1"},"canonical":"https:\/\/www.fcbarcelonanoticias.com\/en\/international-football\/total-crisis-in-the-juventus-agnelli-and-all-the-board-dir_287070_102.html","og_locale":"en_US","og_type":"article","og_title":"Total crisis in Juventus! Agnelli and the entire board of directors resign","og_description":"Andrea Agnelli and all the managerial board of the Juventus have desatado an authentic 'earthquake' inside the 'Vecchia Signora'. The board resigned this Monday, in...","og_url":"https:\/\/www.fcbarcelonanoticias.com\/en\/international-football\/total-crisis-in-the-juventus-agnelli-and-all-the-board-dir_287070_102.html","og_site_name":"EN - FC Barcelona Noticias","article_published_time":"2022-11-28T21:48:00+00:00","og_image":[{"width":1300,"height":732,"url":"https:\/\/www.fcbarcelonanoticias.com\/en\/wp-content\/uploads\/sites\/2\/2022\/11\/directiva-juventus-fc.jpeg","type":"image\/jpeg"}],"author":"Andr\u00e9s Quiroz","twitter_card":"summary_large_image","twitter_misc":{"Written by":"Andr\u00e9s Quiroz","Est. reading time":"2 minutes"},"schema":{"@context":"https:\/\/schema.org","@graph":[{"@type":"Article","@id":"https:\/\/www.fcbarcelonanoticias.com\/en\/international-football\/total-crisis-in-the-juventus-agnelli-and-all-the-board-dir_287070_102.html#article","isPartOf":{"@id":"https:\/\/www.fcbarcelonanoticias.com\/en\/international-football\/total-crisis-in-the-juventus-agnelli-and-all-the-board-dir_287070_102.html"},"author":{"name":"Andr\u00e9s Quiroz","@id":"https:\/\/www.fcbarcelonanoticias.com\/en\/#\/schema\/person\/c2cd9f6fa1af5c0d0eccd0fefa575c88"},"headline":"Total crisis in Juventus! Agnelli and the entire board of directors resign","datePublished":"2022-11-28T21:48:00+00:00","mainEntityOfPage":{"@id":"https:\/\/www.fcbarcelonanoticias.com\/en\/international-football\/total-crisis-in-the-juventus-agnelli-and-all-the-board-dir_287070_102.html"},"wordCount":493,"image":{"@id":"https:\/\/www.fcbarcelonanoticias.com\/en\/international-football\/total-crisis-in-the-juventus-agnelli-and-all-the-board-dir_287070_102.html#primaryimage"},"thumbnailUrl":"https:\/\/www.fcbarcelonanoticias.com\/en\/wp-content\/uploads\/sites\/2\/2022\/11\/directiva-juventus-fc.jpeg","keywords":["Juventus"],"articleSection":["Sin categor\u00eda"],"inLanguage":"en-US"},{"@type":"WebPage","@id":"https:\/\/www.fcbarcelonanoticias.com\/en\/international-football\/total-crisis-in-the-juventus-agnelli-and-all-the-board-dir_287070_102.html","url":"https:\/\/www.fcbarcelonanoticias.com\/en\/international-football\/total-crisis-in-the-juventus-agnelli-and-all-the-board-dir_287070_102.html","name":"Total crisis in Juventus! Agnelli and the entire board of directors resign","isPartOf":{"@id":"https:\/\/www.fcbarcelonanoticias.com\/en\/#website"},"primaryImageOfPage":{"@id":"https:\/\/www.fcbarcelonanoticias.com\/en\/international-football\/total-crisis-in-the-juventus-agnelli-and-all-the-board-dir_287070_102.html#primaryimage"},"image":{"@id":"https:\/\/www.fcbarcelonanoticias.com\/en\/international-football\/total-crisis-in-the-juventus-agnelli-and-all-the-board-dir_287070_102.html#primaryimage"},"thumbnailUrl":"https:\/\/www.fcbarcelonanoticias.com\/en\/wp-content\/uploads\/sites\/2\/2022\/11\/directiva-juventus-fc.jpeg","datePublished":"2022-11-28T21:48:00+00:00","author":{"@id":"https:\/\/www.fcbarcelonanoticias.com\/en\/#\/schema\/person\/c2cd9f6fa1af5c0d0eccd0fefa575c88"},"description":"Andrea Agnelli and all the managerial board of the Juventus have desatado an authentic 'earthquake' inside the 'Vecchia Signora'. The board resigned this Monday, in...","breadcrumb":{"@id":"https:\/\/www.fcbarcelonanoticias.com\/en\/international-football\/total-crisis-in-the-juventus-agnelli-and-all-the-board-dir_287070_102.html#breadcrumb"},"inLanguage":"en-US","potentialAction":[{"@type":"ReadAction","target":["https:\/\/www.fcbarcelonanoticias.com\/en\/international-football\/total-crisis-in-the-juventus-agnelli-and-all-the-board-dir_287070_102.html"]}]},{"@type":"ImageObject","inLanguage":"en-US","@id":"https:\/\/www.fcbarcelonanoticias.com\/en\/international-football\/total-crisis-in-the-juventus-agnelli-and-all-the-board-dir_287070_102.html#primaryimage","url":"https:\/\/www.fcbarcelonanoticias.com\/en\/wp-content\/uploads\/sites\/2\/2022\/11\/directiva-juventus-fc.jpeg","contentUrl":"https:\/\/www.fcbarcelonanoticias.com\/en\/wp-content\/uploads\/sites\/2\/2022\/11\/directiva-juventus-fc.jpeg","width":1300,"height":732},{"@type":"BreadcrumbList","@id":"https:\/\/www.fcbarcelonanoticias.com\/en\/international-football\/total-crisis-in-the-juventus-agnelli-and-all-the-board-dir_287070_102.html#breadcrumb","itemListElement":[{"@type":"ListItem","position":1,"name":"Portada","item":"https:\/\/www.fcbarcelonanoticias.com\/en\/"},{"@type":"ListItem","position":2,"name":"Total crisis in Juventus! Agnelli and the entire board of directors resign"}]},{"@type":"WebSite","@id":"https:\/\/www.fcbarcelonanoticias.com\/en\/#website","url":"https:\/\/www.fcbarcelonanoticias.com\/en\/","name":"EN - FC Barcelona Noticias","description":"","potentialAction":[{"@type":"SearchAction","target":{"@type":"EntryPoint","urlTemplate":"https:\/\/www.fcbarcelonanoticias.com\/en\/?s={search_term_string}"},"query-input":{"@type":"PropertyValueSpecification","valueRequired":true,"valueName":"search_term_string"}}],"inLanguage":"en-US"},{"@type":"Person","@id":"https:\/\/www.fcbarcelonanoticias.com\/en\/#\/schema\/person\/c2cd9f6fa1af5c0d0eccd0fefa575c88","name":"Andr\u00e9s Quiroz","image":{"@type":"ImageObject","inLanguage":"en-US","@id":"https:\/\/secure.gravatar.com\/avatar\/?s=96&d=mm&r=g","url":"https:\/\/secure.gravatar.com\/avatar\/?s=96&d=mm&r=g","contentUrl":"https:\/\/secure.gravatar.com\/avatar\/?s=96&d=mm&r=g","caption":"Andr\u00e9s Quiroz"},"description":"Licenciado en Periodismo por la Universidad de los Andes. Me encargo de analizar y compartir los contenidos m\u00e1s destacados de la\u00a0actualidad del F\u00fatbol Club Barcelona, Mercado de Fichajes y F\u00fatbol Internacional en FCBN. La informaci\u00f3n es poder, pero tambi\u00e9n conocimiento.","url":"https:\/\/www.fcbarcelonanoticias.com\/en\/fc-barcelona\/andres-quiroz_17_115.html"}]}},"_links":{"self":[{"href":"https:\/\/www.fcbarcelonanoticias.com\/en\/wp-json\/wp\/v2\/posts\/47794","targetHints":{"allow":["GET"]}}],"collection":[{"href":"https:\/\/www.fcbarcelonanoticias.com\/en\/wp-json\/wp\/v2\/posts"}],"about":[{"href":"https:\/\/www.fcbarcelonanoticias.com\/en\/wp-json\/wp\/v2\/types\/post"}],"author":[{"embeddable":true,"href":"https:\/\/www.fcbarcelonanoticias.com\/en\/wp-json\/wp\/v2\/users\/347"}],"replies":[{"embeddable":true,"href":"https:\/\/www.fcbarcelonanoticias.com\/en\/wp-json\/wp\/v2\/comments?post=47794"}],"version-history":[{"count":1,"href":"https:\/\/www.fcbarcelonanoticias.com\/en\/wp-json\/wp\/v2\/posts\/47794\/revisions"}],"predecessor-version":[{"id":115824,"href":"https:\/\/www.fcbarcelonanoticias.com\/en\/wp-json\/wp\/v2\/posts\/47794\/revisions\/115824"}],"wp:featuredmedia":[{"embeddable":true,"href":"https:\/\/www.fcbarcelonanoticias.com\/en\/wp-json\/wp\/v2\/media\/47795"}],"wp:attachment":[{"href":"https:\/\/www.fcbarcelonanoticias.com\/en\/wp-json\/wp\/v2\/media?parent=47794"}],"wp:term":[{"taxonomy":"category","embeddable":true,"href":"https:\/\/www.fcbarcelonanoticias.com\/en\/wp-json\/wp\/v2\/categories?post=47794"},{"taxonomy":"post_tag","embeddable":true,"href":"https:\/\/www.fcbarcelonanoticias.com\/en\/wp-json\/wp\/v2\/tags?post=47794"}],"curies":[{"name":"wp","href":"https:\/\/api.w.org\/{rel}","templated":true}]}}