{"id":47902,"date":"2023-07-18T23:07:00","date_gmt":"2023-07-18T21:07:00","guid":{"rendered":"https:\/\/weisetech.dev\/fc-barcelona-noticias\/en\/ultimatum-al-khelaifi-squad-psg-with-dart-included-mbappe_294239_102\/"},"modified":"2023-07-18T23:07:00","modified_gmt":"2023-07-18T21:07:00","slug":"ultimatum-al-khelaifi-squad-psg-with-dart-included-mbappe_294239_102","status":"publish","type":"post","link":"https:\/\/www.fcbarcelonanoticias.com\/en\/international-football\/ultimatum-al-khelaifi-squad-psg-with-dart-included-mbappe_294239_102.html","title":{"rendered":"Al-Khela\u00effi&#8217;s ultimatum to the PSG squad, with a &#8216;dart&#8217; including Mbapp\u00e9"},"content":{"rendered":"<h2 class=\"wp-block-heading\">Nasser Al-Khela\u00effi welcomed the Paris Saint-Germain squad at the start of the 2023 pre-season, making the club&#8217;s position clear. &#8220;Anyone who doesn&#8217;t want to play for this shield shouldn&#8217;t be here,&#8221; he said in clear reference to the &#8216;Mbapp\u00e9 case&#8217;<\/h2>  \r\n<div class=\"article-addons\">\r\n    <a href=\"https:\/\/www.fcbarcelonanoticias.com\/en\/calendar-fc-barcelona.html\"\r\n       target=\"_self\"\r\n       title=\"Calendar of FC Barcelona\"\r\n       class=\"blue-gredient-btn\">\r\n       \r\n        Calendar of FC Barcelona    <\/a>\r\n<\/div>   <p>Paris Saint-Germain has begun the pre-season 2023 of the same form in which it finished the past season: done a polvor\u00edn. <strong>The turn to the work of the now driven staff by Luis Enrique served to Nasser To the-Khela\u00effi to give a species of ultimatum to his players<\/strong>, mainly in allusion to the controversy on <a data-external=\"0\" data-intl-links-en=\"https:\/\/www.fcbarcelonanoticias.com\/en\/real-madrid\/rodrygo-got-wet-about-the-possible-arrival-of-kylian-mbappe-to-real-madrid_294219_102.html\" data-intl-links-es=\"https:\/\/www.fcbarcelonanoticias.com\/real-madrid\/rodrygo-se-mojo-acerca-posible-llegada-kylian-mbappe-real-madrid_294219_102.html\" href=\"https:\/\/www.fcbarcelonanoticias.com\/en\/real-madrid\/rodrygo-got-wet-about-the-possible-arrival-of-kylian-mbappe-to-real-madrid_294219_102.html\" rel=\"follow\" target=\"_self\" title=\"Rodrygo se 'moj\u00f3' acerca de la posible llegada de Kylian Mbapp\u00e9 al Real Madrid\">the future of Kylian Mbapp\u00e9<\/a>, prinicipal appears of a staff that already lost to Leo Messi and no descarta the exit of other stars.<\/p>  <p><strong>&#8220;Anybody is above the institution, neither I, and the one who do not want to play by the shield or do not respect it would not have to be here&#8221;<\/strong>, sentenced the mandam\u00e1s of the PSG in the opening of his speech. Although there was not a face to expensive go in To the-Khela\u00effi and Mbapp\u00e9, the sentence was a &#8216;dart&#8217; for the forward, since the &#8216;7&#8217; keeps firm in his intention to leave free in 2024, whereas the club apura his renewal or immediate sale.<\/p>  <h2>This year there will be excuses for the PSG<\/h2>  <p>In this sense, the leader qatar\u00ed was cutting regarding the need to achieve resulted this season. &#8220;The club has built the best installations of the world (Poissy) so that the players prosper, now there are not excuses. <strong>It does not go you to be missing at all. Have to concentrate us in surrendering and afterwards will come the results<\/strong>. We can do a big football and the players have to correspond to the fans and to the club that supports them&#8221;, added To the-Khela\u00effi.<\/p>  <p>Paris comes to win two consecutive leagues, tarnished successes by both failures in the eighth of final of the Champions. <strong>The arrival of Luis Enrique supposes a bet to everything or at all for the club<\/strong> in the research of his first &#8216;orejona&#8217;, as the directive has bet by a trainer known by his strong character and scarce patience for lidiar with external pressures.<\/p>  <h2>The welcome of To the-Khela\u00effi to his reinforcements<\/h2>  <p>On the other hand, Nasser To the-Khela\u00effi took advantage of to receive officially to his trainer and to the reinforcements that, for the moment, have arrived in this market. &#8220;I want to give the welcome to the new trainer and to the new players the first. <strong>It is important that say you that the m\u00edster has the freedom to do what want to, he decides&#8221;<\/strong>, added the mandator. The PSG has fichado to <strong>Cher Ndour<\/strong> (free, Benfica B), <strong>Lucas Hern\u00e1ndez <\/strong>(Bayern), <strong>Kang-In<\/strong> Read (Mallorca), <strong>Manuel Ugarte<\/strong> (Sporting Club), <strong>Marco Asensio<\/strong> (free, Real Madrid) and <strong>Milan Skriniar<\/strong> (free, Inter).<\/p>  <p>Also they have options to arrive Dusan Vlahovic (Juventus), Bradley Barcola (Lyon), Gabri Veiga (Celtic), Harry Kane (Tottenham), Victor Osimhen (Naples), Randal Kolo Muani (Eintracht Frankfurt), Bernardo Silva (Man City), Wilfried Saha (free, Crystal Palace) and Jean-Clair Todibo (Nice), <strong>being Kane and Osimhen options that the club sees more feasible if, finally, attain to sell to Mbapp\u00e9 this summer<\/strong>.<\/p> ","protected":false},"excerpt":{"rendered":"<p>Nasser Al-Khela\u00effi welcomed the Paris Saint-Germain squad at the start of the 2023 pre-season, making the club&#8217;s position clear. &#8220;Anyone who doesn&#8217;t want to play for this shield shouldn&#8217;t be here,&#8221; he said in clear reference to the &#8216;Mbapp\u00e9 case&#8217; Paris Saint-Germain has begun the pre-season 2023 of the same form in which it finished [&hellip;]<\/p>\n","protected":false},"author":347,"featured_media":47186,"comment_status":"closed","ping_status":"open","sticky":false,"template":"","format":"standard","meta":{"_acf_changed":false,"inline_featured_image":false,"_nextfly_llmd_date_locked":false,"footnotes":""},"categories":[107,453],"tags":[171,88],"class_list":["post-47902","post","type-post","status-publish","format-standard","has-post-thumbnail","hentry","category-players","category-players-2","tag-mbappe","tag-paris-saint-germain"],"acf":[],"yoast_head":"<!-- This site is optimized with the Yoast SEO plugin v27.3 - https:\/\/yoast.com\/product\/yoast-seo-wordpress\/ -->\n<title>Al-Khela\u00effi&#039;s ultimatum to the PSG squad, with a &#039;dart&#039; including Mbapp\u00e9<\/title>\n<meta name=\"description\" content=\"Nasser Al-Khela\u00effi welcomed the Paris Saint-Germain squad at the start of the 2023 pre-season, making the club&#039;s position clear. &quot;Anyone who doesn&#039;t want to play for this shield shouldn&#039;t be here,&quot; he said in clear reference to the &#039;Mbapp\u00e9 case&#039;\" \/>\n<meta name=\"robots\" content=\"index, follow, max-snippet:-1, max-image-preview:large, max-video-preview:-1\" \/>\n<link rel=\"canonical\" href=\"https:\/\/www.fcbarcelonanoticias.com\/en\/international-football\/ultimatum-al-khelaifi-squad-psg-with-dart-included-mbappe_294239_102.html\" \/>\n<meta property=\"og:locale\" content=\"en_US\" \/>\n<meta property=\"og:type\" content=\"article\" \/>\n<meta property=\"og:title\" content=\"Al-Khela\u00effi&#039;s ultimatum to the PSG squad, with a &#039;dart&#039; including Mbapp\u00e9\" \/>\n<meta property=\"og:description\" content=\"Nasser Al-Khela\u00effi welcomed the Paris Saint-Germain squad at the start of the 2023 pre-season, making the club&#039;s position clear. &quot;Anyone who doesn&#039;t want to play for this shield shouldn&#039;t be here,&quot; he said in clear reference to the &#039;Mbapp\u00e9 case&#039;\" \/>\n<meta property=\"og:url\" content=\"https:\/\/www.fcbarcelonanoticias.com\/en\/international-football\/ultimatum-al-khelaifi-squad-psg-with-dart-included-mbappe_294239_102.html\" \/>\n<meta property=\"og:site_name\" content=\"EN - FC Barcelona Noticias\" \/>\n<meta property=\"article:published_time\" content=\"2023-07-18T21:07:00+00:00\" \/>\n<meta property=\"og:image\" content=\"https:\/\/www.fcbarcelonanoticias.com\/en\/wp-content\/uploads\/sites\/2\/2024\/06\/nasser-al-khelaifi-kylian-mbappe.jpeg\" \/>\n\t<meta property=\"og:image:width\" content=\"1300\" \/>\n\t<meta property=\"og:image:height\" content=\"732\" \/>\n\t<meta property=\"og:image:type\" content=\"image\/jpeg\" \/>\n<meta name=\"author\" content=\"Andr\u00e9s Quiroz\" \/>\n<meta name=\"twitter:card\" content=\"summary_large_image\" \/>\n<meta name=\"twitter:label1\" content=\"Written by\" \/>\n\t<meta name=\"twitter:data1\" content=\"Andr\u00e9s Quiroz\" \/>\n\t<meta name=\"twitter:label2\" content=\"Est. reading time\" \/>\n\t<meta name=\"twitter:data2\" content=\"3 minutes\" \/>\n<script type=\"application\/ld+json\" class=\"yoast-schema-graph\">{\"@context\":\"https:\\\/\\\/schema.org\",\"@graph\":[{\"@type\":\"Article\",\"@id\":\"https:\\\/\\\/www.fcbarcelonanoticias.com\\\/en\\\/international-football\\\/ultimatum-al-khelaifi-squad-psg-with-dart-included-mbappe_294239_102.html#article\",\"isPartOf\":{\"@id\":\"https:\\\/\\\/www.fcbarcelonanoticias.com\\\/en\\\/international-football\\\/ultimatum-al-khelaifi-squad-psg-with-dart-included-mbappe_294239_102.html\"},\"author\":{\"name\":\"Andr\u00e9s Quiroz\",\"@id\":\"https:\\\/\\\/www.fcbarcelonanoticias.com\\\/en\\\/#\\\/schema\\\/person\\\/c2cd9f6fa1af5c0d0eccd0fefa575c88\"},\"headline\":\"Al-Khela\u00effi&#8217;s ultimatum to the PSG squad, with a &#8216;dart&#8217; including Mbapp\u00e9\",\"datePublished\":\"2023-07-18T21:07:00+00:00\",\"mainEntityOfPage\":{\"@id\":\"https:\\\/\\\/www.fcbarcelonanoticias.com\\\/en\\\/international-football\\\/ultimatum-al-khelaifi-squad-psg-with-dart-included-mbappe_294239_102.html\"},\"wordCount\":549,\"image\":{\"@id\":\"https:\\\/\\\/www.fcbarcelonanoticias.com\\\/en\\\/international-football\\\/ultimatum-al-khelaifi-squad-psg-with-dart-included-mbappe_294239_102.html#primaryimage\"},\"thumbnailUrl\":\"https:\\\/\\\/www.fcbarcelonanoticias.com\\\/en\\\/wp-content\\\/uploads\\\/sites\\\/2\\\/2024\\\/06\\\/nasser-al-khelaifi-kylian-mbappe.jpeg\",\"keywords\":[\"Mbapp\u00e9\",\"Paris Saint-Germain\"],\"articleSection\":[\"Players\",\"Players\"],\"inLanguage\":\"en-US\"},{\"@type\":\"WebPage\",\"@id\":\"https:\\\/\\\/www.fcbarcelonanoticias.com\\\/en\\\/international-football\\\/ultimatum-al-khelaifi-squad-psg-with-dart-included-mbappe_294239_102.html\",\"url\":\"https:\\\/\\\/www.fcbarcelonanoticias.com\\\/en\\\/international-football\\\/ultimatum-al-khelaifi-squad-psg-with-dart-included-mbappe_294239_102.html\",\"name\":\"Al-Khela\u00effi's ultimatum to the PSG squad, with a 'dart' including Mbapp\u00e9\",\"isPartOf\":{\"@id\":\"https:\\\/\\\/www.fcbarcelonanoticias.com\\\/en\\\/#website\"},\"primaryImageOfPage\":{\"@id\":\"https:\\\/\\\/www.fcbarcelonanoticias.com\\\/en\\\/international-football\\\/ultimatum-al-khelaifi-squad-psg-with-dart-included-mbappe_294239_102.html#primaryimage\"},\"image\":{\"@id\":\"https:\\\/\\\/www.fcbarcelonanoticias.com\\\/en\\\/international-football\\\/ultimatum-al-khelaifi-squad-psg-with-dart-included-mbappe_294239_102.html#primaryimage\"},\"thumbnailUrl\":\"https:\\\/\\\/www.fcbarcelonanoticias.com\\\/en\\\/wp-content\\\/uploads\\\/sites\\\/2\\\/2024\\\/06\\\/nasser-al-khelaifi-kylian-mbappe.jpeg\",\"datePublished\":\"2023-07-18T21:07:00+00:00\",\"author\":{\"@id\":\"https:\\\/\\\/www.fcbarcelonanoticias.com\\\/en\\\/#\\\/schema\\\/person\\\/c2cd9f6fa1af5c0d0eccd0fefa575c88\"},\"description\":\"Nasser Al-Khela\u00effi welcomed the Paris Saint-Germain squad at the start of the 2023 pre-season, making the club's position clear. \\\"Anyone who doesn't want to play for this shield shouldn't be here,\\\" he said in clear reference to the 'Mbapp\u00e9 case'\",\"breadcrumb\":{\"@id\":\"https:\\\/\\\/www.fcbarcelonanoticias.com\\\/en\\\/international-football\\\/ultimatum-al-khelaifi-squad-psg-with-dart-included-mbappe_294239_102.html#breadcrumb\"},\"inLanguage\":\"en-US\",\"potentialAction\":[{\"@type\":\"ReadAction\",\"target\":[\"https:\\\/\\\/www.fcbarcelonanoticias.com\\\/en\\\/international-football\\\/ultimatum-al-khelaifi-squad-psg-with-dart-included-mbappe_294239_102.html\"]}]},{\"@type\":\"ImageObject\",\"inLanguage\":\"en-US\",\"@id\":\"https:\\\/\\\/www.fcbarcelonanoticias.com\\\/en\\\/international-football\\\/ultimatum-al-khelaifi-squad-psg-with-dart-included-mbappe_294239_102.html#primaryimage\",\"url\":\"https:\\\/\\\/www.fcbarcelonanoticias.com\\\/en\\\/wp-content\\\/uploads\\\/sites\\\/2\\\/2024\\\/06\\\/nasser-al-khelaifi-kylian-mbappe.jpeg\",\"contentUrl\":\"https:\\\/\\\/www.fcbarcelonanoticias.com\\\/en\\\/wp-content\\\/uploads\\\/sites\\\/2\\\/2024\\\/06\\\/nasser-al-khelaifi-kylian-mbappe.jpeg\",\"width\":1300,\"height\":732},{\"@type\":\"BreadcrumbList\",\"@id\":\"https:\\\/\\\/www.fcbarcelonanoticias.com\\\/en\\\/international-football\\\/ultimatum-al-khelaifi-squad-psg-with-dart-included-mbappe_294239_102.html#breadcrumb\",\"itemListElement\":[{\"@type\":\"ListItem\",\"position\":1,\"name\":\"Portada\",\"item\":\"https:\\\/\\\/www.fcbarcelonanoticias.com\\\/en\\\/\"},{\"@type\":\"ListItem\",\"position\":2,\"name\":\"Al-Khela\u00effi&#8217;s ultimatum to the PSG squad, with a &#8216;dart&#8217; including Mbapp\u00e9\"}]},{\"@type\":\"WebSite\",\"@id\":\"https:\\\/\\\/www.fcbarcelonanoticias.com\\\/en\\\/#website\",\"url\":\"https:\\\/\\\/www.fcbarcelonanoticias.com\\\/en\\\/\",\"name\":\"EN - FC Barcelona Noticias\",\"description\":\"\",\"potentialAction\":[{\"@type\":\"SearchAction\",\"target\":{\"@type\":\"EntryPoint\",\"urlTemplate\":\"https:\\\/\\\/www.fcbarcelonanoticias.com\\\/en\\\/?s={search_term_string}\"},\"query-input\":{\"@type\":\"PropertyValueSpecification\",\"valueRequired\":true,\"valueName\":\"search_term_string\"}}],\"inLanguage\":\"en-US\"},{\"@type\":\"Person\",\"@id\":\"https:\\\/\\\/www.fcbarcelonanoticias.com\\\/en\\\/#\\\/schema\\\/person\\\/c2cd9f6fa1af5c0d0eccd0fefa575c88\",\"name\":\"Andr\u00e9s Quiroz\",\"image\":{\"@type\":\"ImageObject\",\"inLanguage\":\"en-US\",\"@id\":\"https:\\\/\\\/secure.gravatar.com\\\/avatar\\\/?s=96&d=mm&r=g\",\"url\":\"https:\\\/\\\/secure.gravatar.com\\\/avatar\\\/?s=96&d=mm&r=g\",\"contentUrl\":\"https:\\\/\\\/secure.gravatar.com\\\/avatar\\\/?s=96&d=mm&r=g\",\"caption\":\"Andr\u00e9s Quiroz\"},\"description\":\"Licenciado en Periodismo por la Universidad de los Andes. Me encargo de analizar y compartir los contenidos m\u00e1s destacados de la\u00a0actualidad del F\u00fatbol Club Barcelona, Mercado de Fichajes y F\u00fatbol Internacional en FCBN. La informaci\u00f3n es poder, pero tambi\u00e9n conocimiento.\",\"url\":\"https:\\\/\\\/www.fcbarcelonanoticias.com\\\/en\\\/fc-barcelona\\\/andres-quiroz_17_115.html\"}]}<\/script>\n<!-- \/ Yoast SEO plugin. -->","yoast_head_json":{"title":"Al-Khela\u00effi's ultimatum to the PSG squad, with a 'dart' including Mbapp\u00e9","description":"Nasser Al-Khela\u00effi welcomed the Paris Saint-Germain squad at the start of the 2023 pre-season, making the club's position clear. \"Anyone who doesn't want to play for this shield shouldn't be here,\" he said in clear reference to the 'Mbapp\u00e9 case'","robots":{"index":"index","follow":"follow","max-snippet":"max-snippet:-1","max-image-preview":"max-image-preview:large","max-video-preview":"max-video-preview:-1"},"canonical":"https:\/\/www.fcbarcelonanoticias.com\/en\/international-football\/ultimatum-al-khelaifi-squad-psg-with-dart-included-mbappe_294239_102.html","og_locale":"en_US","og_type":"article","og_title":"Al-Khela\u00effi's ultimatum to the PSG squad, with a 'dart' including Mbapp\u00e9","og_description":"Nasser Al-Khela\u00effi welcomed the Paris Saint-Germain squad at the start of the 2023 pre-season, making the club's position clear. \"Anyone who doesn't want to play for this shield shouldn't be here,\" he said in clear reference to the 'Mbapp\u00e9 case'","og_url":"https:\/\/www.fcbarcelonanoticias.com\/en\/international-football\/ultimatum-al-khelaifi-squad-psg-with-dart-included-mbappe_294239_102.html","og_site_name":"EN - FC Barcelona Noticias","article_published_time":"2023-07-18T21:07:00+00:00","og_image":[{"width":1300,"height":732,"url":"https:\/\/www.fcbarcelonanoticias.com\/en\/wp-content\/uploads\/sites\/2\/2024\/06\/nasser-al-khelaifi-kylian-mbappe.jpeg","type":"image\/jpeg"}],"author":"Andr\u00e9s Quiroz","twitter_card":"summary_large_image","twitter_misc":{"Written by":"Andr\u00e9s Quiroz","Est. reading time":"3 minutes"},"schema":{"@context":"https:\/\/schema.org","@graph":[{"@type":"Article","@id":"https:\/\/www.fcbarcelonanoticias.com\/en\/international-football\/ultimatum-al-khelaifi-squad-psg-with-dart-included-mbappe_294239_102.html#article","isPartOf":{"@id":"https:\/\/www.fcbarcelonanoticias.com\/en\/international-football\/ultimatum-al-khelaifi-squad-psg-with-dart-included-mbappe_294239_102.html"},"author":{"name":"Andr\u00e9s Quiroz","@id":"https:\/\/www.fcbarcelonanoticias.com\/en\/#\/schema\/person\/c2cd9f6fa1af5c0d0eccd0fefa575c88"},"headline":"Al-Khela\u00effi&#8217;s ultimatum to the PSG squad, with a &#8216;dart&#8217; including Mbapp\u00e9","datePublished":"2023-07-18T21:07:00+00:00","mainEntityOfPage":{"@id":"https:\/\/www.fcbarcelonanoticias.com\/en\/international-football\/ultimatum-al-khelaifi-squad-psg-with-dart-included-mbappe_294239_102.html"},"wordCount":549,"image":{"@id":"https:\/\/www.fcbarcelonanoticias.com\/en\/international-football\/ultimatum-al-khelaifi-squad-psg-with-dart-included-mbappe_294239_102.html#primaryimage"},"thumbnailUrl":"https:\/\/www.fcbarcelonanoticias.com\/en\/wp-content\/uploads\/sites\/2\/2024\/06\/nasser-al-khelaifi-kylian-mbappe.jpeg","keywords":["Mbapp\u00e9","Paris Saint-Germain"],"articleSection":["Players","Players"],"inLanguage":"en-US"},{"@type":"WebPage","@id":"https:\/\/www.fcbarcelonanoticias.com\/en\/international-football\/ultimatum-al-khelaifi-squad-psg-with-dart-included-mbappe_294239_102.html","url":"https:\/\/www.fcbarcelonanoticias.com\/en\/international-football\/ultimatum-al-khelaifi-squad-psg-with-dart-included-mbappe_294239_102.html","name":"Al-Khela\u00effi's ultimatum to the PSG squad, with a 'dart' including Mbapp\u00e9","isPartOf":{"@id":"https:\/\/www.fcbarcelonanoticias.com\/en\/#website"},"primaryImageOfPage":{"@id":"https:\/\/www.fcbarcelonanoticias.com\/en\/international-football\/ultimatum-al-khelaifi-squad-psg-with-dart-included-mbappe_294239_102.html#primaryimage"},"image":{"@id":"https:\/\/www.fcbarcelonanoticias.com\/en\/international-football\/ultimatum-al-khelaifi-squad-psg-with-dart-included-mbappe_294239_102.html#primaryimage"},"thumbnailUrl":"https:\/\/www.fcbarcelonanoticias.com\/en\/wp-content\/uploads\/sites\/2\/2024\/06\/nasser-al-khelaifi-kylian-mbappe.jpeg","datePublished":"2023-07-18T21:07:00+00:00","author":{"@id":"https:\/\/www.fcbarcelonanoticias.com\/en\/#\/schema\/person\/c2cd9f6fa1af5c0d0eccd0fefa575c88"},"description":"Nasser Al-Khela\u00effi welcomed the Paris Saint-Germain squad at the start of the 2023 pre-season, making the club's position clear. \"Anyone who doesn't want to play for this shield shouldn't be here,\" he said in clear reference to the 'Mbapp\u00e9 case'","breadcrumb":{"@id":"https:\/\/www.fcbarcelonanoticias.com\/en\/international-football\/ultimatum-al-khelaifi-squad-psg-with-dart-included-mbappe_294239_102.html#breadcrumb"},"inLanguage":"en-US","potentialAction":[{"@type":"ReadAction","target":["https:\/\/www.fcbarcelonanoticias.com\/en\/international-football\/ultimatum-al-khelaifi-squad-psg-with-dart-included-mbappe_294239_102.html"]}]},{"@type":"ImageObject","inLanguage":"en-US","@id":"https:\/\/www.fcbarcelonanoticias.com\/en\/international-football\/ultimatum-al-khelaifi-squad-psg-with-dart-included-mbappe_294239_102.html#primaryimage","url":"https:\/\/www.fcbarcelonanoticias.com\/en\/wp-content\/uploads\/sites\/2\/2024\/06\/nasser-al-khelaifi-kylian-mbappe.jpeg","contentUrl":"https:\/\/www.fcbarcelonanoticias.com\/en\/wp-content\/uploads\/sites\/2\/2024\/06\/nasser-al-khelaifi-kylian-mbappe.jpeg","width":1300,"height":732},{"@type":"BreadcrumbList","@id":"https:\/\/www.fcbarcelonanoticias.com\/en\/international-football\/ultimatum-al-khelaifi-squad-psg-with-dart-included-mbappe_294239_102.html#breadcrumb","itemListElement":[{"@type":"ListItem","position":1,"name":"Portada","item":"https:\/\/www.fcbarcelonanoticias.com\/en\/"},{"@type":"ListItem","position":2,"name":"Al-Khela\u00effi&#8217;s ultimatum to the PSG squad, with a &#8216;dart&#8217; including Mbapp\u00e9"}]},{"@type":"WebSite","@id":"https:\/\/www.fcbarcelonanoticias.com\/en\/#website","url":"https:\/\/www.fcbarcelonanoticias.com\/en\/","name":"EN - FC Barcelona Noticias","description":"","potentialAction":[{"@type":"SearchAction","target":{"@type":"EntryPoint","urlTemplate":"https:\/\/www.fcbarcelonanoticias.com\/en\/?s={search_term_string}"},"query-input":{"@type":"PropertyValueSpecification","valueRequired":true,"valueName":"search_term_string"}}],"inLanguage":"en-US"},{"@type":"Person","@id":"https:\/\/www.fcbarcelonanoticias.com\/en\/#\/schema\/person\/c2cd9f6fa1af5c0d0eccd0fefa575c88","name":"Andr\u00e9s Quiroz","image":{"@type":"ImageObject","inLanguage":"en-US","@id":"https:\/\/secure.gravatar.com\/avatar\/?s=96&d=mm&r=g","url":"https:\/\/secure.gravatar.com\/avatar\/?s=96&d=mm&r=g","contentUrl":"https:\/\/secure.gravatar.com\/avatar\/?s=96&d=mm&r=g","caption":"Andr\u00e9s Quiroz"},"description":"Licenciado en Periodismo por la Universidad de los Andes. Me encargo de analizar y compartir los contenidos m\u00e1s destacados de la\u00a0actualidad del F\u00fatbol Club Barcelona, Mercado de Fichajes y F\u00fatbol Internacional en FCBN. La informaci\u00f3n es poder, pero tambi\u00e9n conocimiento.","url":"https:\/\/www.fcbarcelonanoticias.com\/en\/fc-barcelona\/andres-quiroz_17_115.html"}]}},"_links":{"self":[{"href":"https:\/\/www.fcbarcelonanoticias.com\/en\/wp-json\/wp\/v2\/posts\/47902","targetHints":{"allow":["GET"]}}],"collection":[{"href":"https:\/\/www.fcbarcelonanoticias.com\/en\/wp-json\/wp\/v2\/posts"}],"about":[{"href":"https:\/\/www.fcbarcelonanoticias.com\/en\/wp-json\/wp\/v2\/types\/post"}],"author":[{"embeddable":true,"href":"https:\/\/www.fcbarcelonanoticias.com\/en\/wp-json\/wp\/v2\/users\/347"}],"replies":[{"embeddable":true,"href":"https:\/\/www.fcbarcelonanoticias.com\/en\/wp-json\/wp\/v2\/comments?post=47902"}],"version-history":[{"count":1,"href":"https:\/\/www.fcbarcelonanoticias.com\/en\/wp-json\/wp\/v2\/posts\/47902\/revisions"}],"predecessor-version":[{"id":115919,"href":"https:\/\/www.fcbarcelonanoticias.com\/en\/wp-json\/wp\/v2\/posts\/47902\/revisions\/115919"}],"wp:featuredmedia":[{"embeddable":true,"href":"https:\/\/www.fcbarcelonanoticias.com\/en\/wp-json\/wp\/v2\/media\/47186"}],"wp:attachment":[{"href":"https:\/\/www.fcbarcelonanoticias.com\/en\/wp-json\/wp\/v2\/media?parent=47902"}],"wp:term":[{"taxonomy":"category","embeddable":true,"href":"https:\/\/www.fcbarcelonanoticias.com\/en\/wp-json\/wp\/v2\/categories?post=47902"},{"taxonomy":"post_tag","embeddable":true,"href":"https:\/\/www.fcbarcelonanoticias.com\/en\/wp-json\/wp\/v2\/tags?post=47902"}],"curies":[{"name":"wp","href":"https:\/\/api.w.org\/{rel}","templated":true}]}}