{"id":47979,"date":"2024-07-09T17:47:00","date_gmt":"2024-07-09T15:47:00","guid":{"rendered":"https:\/\/weisetech.dev\/fc-barcelona-noticias\/en\/vinicius-excuses-by-the-ko-of-brazil-and-endrick-defends-him-in-front-of-the-criticisms_305286_102\/"},"modified":"2024-07-09T17:47:00","modified_gmt":"2024-07-09T15:47:00","slug":"vinicius-excuses-by-the-ko-of-brazil-and-endrick-defends-him-in-front-of-the-criticisms_305286_102","status":"publish","type":"post","link":"https:\/\/www.fcbarcelonanoticias.com\/en\/international-football\/vinicius-excuses-by-the-ko-of-brazil-and-endrick-defends-him-in-front-of-the-criticisms_305286_102.html","title":{"rendered":"Vinicius apologizes for Brazil&#8217;s &#8216;KO&#8217; and Endrick defends him against criticism"},"content":{"rendered":"<h2 class=\"wp-block-heading\">Vinicius Jr. was the great highlight of Brazil&#8217;s elimination against Uruguay. The &#8216;7&#8217; was the main target of the criticism and Endrick stepped up to defend him<\/h2>  \r\n<div class=\"article-addons\">\r\n    <a href=\"https:\/\/www.fcbarcelonanoticias.com\/en\/calendar-fc-barcelona.html\"\r\n       target=\"_self\"\r\n       title=\"Calendar of FC Barcelona\"\r\n       class=\"blue-gredient-btn\">\r\n       \r\n        Calendar of FC Barcelona    <\/a>\r\n<\/div>   <p><strong>The selection of Brazil suffered a &#8216;varapalo&#8217; tremendo when falling in the batch of penaltis in front of Uruguay<\/strong>, defeat that left them out of the Glass America in the quarter-finals. <a data-external=\"0\" data-intl-links-en=\"https:\/\/www.fcbarcelonanoticias.com\/en\/golden-ball\/vinicius-sees-wobble-victory-next-gold-ball-disappointing-copa-america_305216_102.html\" data-intl-links-es=\"https:\/\/www.fcbarcelonanoticias.com\/balon-de-oro\/vinicius-ve-tambalear-victoria-proximo-balon-oro-decepcionante-copa-america_305216_102.html\" href=\"https:\/\/www.fcbarcelonanoticias.com\/en\/golden-ball\/vinicius-sees-wobble-victory-next-gold-ball-disappointing-copa-america_305216_102.html\" rel=\"follow\" target=\"_self\" title=\"Vinicius ve 'tambalear' su victoria en el pr\u00f3ximo Bal\u00f3n de Oro tras su decepcionante Copa Am\u00e9rica\">Vinicius Jr. It observed the party from the terracing<\/a>, since it was suspended by accumulation of cards in the last day of the phase of groups in front of Colombia. After some days of sadness, the Brazilian player went up a communiqu\u00e9 to his social networks where expresses his weigh by said elimination.<\/p>  <p><a data-external=\"0\" data-intl-links-en=\"https:\/\/www.fcbarcelonanoticias.com\/en\/international-football\/vinicius-without-playing-rodrygo-missing-endrick-accelerated-brazil-portraits-real-madrid_305214_102.html\" data-intl-links-es=\"https:\/\/www.fcbarcelonanoticias.com\/futbol-internacional\/vinicius-sin-jugar-rodrygo-desaparecido-endrick-acelerado-brasil-retrata-real-madrid_305214_102.html\" href=\"https:\/\/www.fcbarcelonanoticias.com\/en\/international-football\/vinicius-without-playing-rodrygo-missing-endrick-accelerated-brazil-portraits-real-madrid_305214_102.html\" rel=\"follow\" target=\"_self\" title=\"Vinicius sin jugar, Rodrygo desaparecido, Endrick acelerado\u2026 Brasil 'retrata' al Real Madrid\">And it is that the &#8216;crack&#8217; of the Real Madrid has been one of the big failures of the tournament sudamericano<\/a>. Called to be the leader of the &#8216;verdeamarela&#8217; after the absence of Neymar Jr., the true is that the extreme left a lot that wish with his performances in front of Costa Rica in the first day and Colombia in the last party of the phase of groups. In spite of completing a good meeting in front of Paraguay, the player was not to the height and like this recognised it in the message published in his networks.<\/p>  <p>&#8220;It finish the Glass America and is time to reflexionar, know lidiar with the defeat. The feeling of frustration goes back to arise. Again in the penaltis. <strong>I failed for achieving two yellow cards. I saw the elimination from the outside again, but <\/strong><b>this time is my fault. I excuse therefore<\/b>&#8220;, it begins saying Vinicius.<\/p>  <p>&#8220;<strong>I know to listen the criticisms and the hardest, believe me, come of inside. My trip by the national selection, fortunately, finish to begin<\/strong>. Beside my mates, will have the opportunity to relocate our selection to the place that deserves . We will go back to the peak!&#8221;, it concluded the star merengue, that will look for the redemption with the &#8216;canarinha&#8217; after his disappointing go through the Glass America.<\/p>  <blockquote class=\"instagram-media\" data-instgrm-captioned=\"\" data-instgrm-permalink=\"https:\/\/www.instagram.com\/p\/C9M6QzKoZyN\/?utm_source=ig_embed&amp;utm_campaign=loading\" data-instgrm-version=\"14\" style=\" background:#FFF; border:0; border-radius:3px; box-shadow:0 0 1px 0 rgba(0,0,0,0.5),0 1px 10px 0 rgba(0,0,0,0.15); margin: 1px; max-width:540px; min-width:326px; padding:0; width:99.375%; width:-webkit-calc(100% - 2px); width:calc(100% - 2px);\"> <div style=\"padding:16px;\"> <div style=\" display: flex; flex-direction: row; align-items: center;\"> <div style=\"background-color: #F4F4F4; border-radius: 50%; flex-grow: 0; height: 40px; margin-right: 14px; width: 40px;\">&nbsp;<\/div>  <div style=\"display: flex; flex-direction: column; flex-grow: 1; justify-content: center;\"> <div style=\" background-color: #F4F4F4; border-radius: 4px; flex-grow: 0; height: 14px; margin-bottom: 6px; width: 100px;\">&nbsp;<\/div>  <div style=\" background-color: #F4F4F4; border-radius: 4px; flex-grow: 0; height: 14px; width: 60px;\">&nbsp;<\/div> <\/div> <\/div>  <div style=\"padding: 19% 0;\">&nbsp;<\/div>  <div style=\"display:block; height:50px; margin:0 auto 12px; width:50px;\"><a href=\"https:\/\/www.instagram.com\/en\/p\/C9M6QzKoZyN\/?utm_source=ig_embed&amp;utm_campaign=loading\" style=\" background:#FFFFFF; line-height:0; padding:0 0; text-align:center; text-decoration:none; width:100%;\" target=\"_blank\"><svg height=\"50px\" version=\"1.1\" viewBox=\"0 0 60 60\" width=\"50px\" xmlns=\"https:\/\/www.w3.org\/2000\/svg\" xmlns:xlink=\"https:\/\/www.w3.org\/1999\/xlink\"><g fill=\"none\" fill-rule=\"evenodd\" stroke=\"none\" stroke-width=\"1\"><g fill=\"#000000\" transform=\"translate(-511.000000, -20.000000)\"><g><path d=\"M556.869,30.41 C554.814,30.41 553.148,32.076 553.148,34.131 C553.148,36.186 554.814,37.852 556.869,37.852 C558.924,37.852 560.59,36.186 560.59,34.131 C560.59,32.076 558.924,30.41 556.869,30.41 M541,60.657 C535.114,60.657 530.342,55.887 530.342,50 C530.342,44.114 535.114,39.342 541,39.342 C546.887,39.342 551.658,44.114 551.658,50 C551.658,55.887 546.887,60.657 541,60.657 M541,33.886 C532.1,33.886 524.886,41.1 524.886,50 C524.886,58.899 532.1,66.113 541,66.113 C549.9,66.113 557.115,58.899 557.115,50 C557.115,41.1 549.9,33.886 541,33.886 M565.378,62.101 C565.244,65.022 564.756,66.606 564.346,67.663 C563.803,69.06 563.154,70.057 562.106,71.106 C561.058,72.155 560.06,72.803 558.662,73.347 C557.607,73.757 556.021,74.244 553.102,74.378 C549.944,74.521 548.997,74.552 541,74.552 C533.003,74.552 532.056,74.521 528.898,74.378 C525.979,74.244 524.393,73.757 523.338,73.347 C521.94,72.803 520.942,72.155 519.894,71.106 C518.846,70.057 518.197,69.06 517.654,67.663 C517.244,66.606 516.755,65.022 516.623,62.101 C516.479,58.943 516.448,57.996 516.448,50 C516.448,42.003 516.479,41.056 516.623,37.899 C516.755,34.978 517.244,33.391 517.654,32.338 C518.197,30.938 518.846,29.942 519.894,28.894 C520.942,27.846 521.94,27.196 523.338,26.654 C524.393,26.244 525.979,25.756 528.898,25.623 C532.057,25.479 533.004,25.448 541,25.448 C548.997,25.448 549.943,25.479 553.102,25.623 C556.021,25.756 557.607,26.244 558.662,26.654 C560.06,27.196 561.058,27.846 562.106,28.894 C563.154,29.942 563.803,30.938 564.346,32.338 C564.756,33.391 565.244,34.978 565.378,37.899 C565.522,41.056 565.552,42.003 565.552,50 C565.552,57.996 565.522,58.943 565.378,62.101 M570.82,37.631 C570.674,34.438 570.167,32.258 569.425,30.349 C568.659,28.377 567.633,26.702 565.965,25.035 C564.297,23.368 562.623,22.342 560.652,21.575 C558.743,20.834 556.562,20.326 553.369,20.18 C550.169,20.033 549.148,20 541,20 C532.853,20 531.831,20.033 528.631,20.18 C525.438,20.326 523.257,20.834 521.349,21.575 C519.376,22.342 517.703,23.368 516.035,25.035 C514.368,26.702 513.342,28.377 512.574,30.349 C511.834,32.258 511.326,34.438 511.181,37.631 C511.035,40.831 511,41.851 511,50 C511,58.147 511.035,59.17 511.181,62.369 C511.326,65.562 511.834,67.743 512.574,69.651 C513.342,71.625 514.368,73.296 516.035,74.965 C517.703,76.634 519.376,77.658 521.349,78.425 C523.257,79.167 525.438,79.673 528.631,79.82 C531.831,79.965 532.853,80.001 541,80.001 C549.148,80.001 550.169,79.965 553.369,79.82 C556.562,79.673 558.743,79.167 560.652,78.425 C562.623,77.658 564.297,76.634 565.965,74.965 C567.633,73.296 568.659,71.625 569.425,69.651 C570.167,67.743 570.674,65.562 570.82,62.369 C570.966,59.17 571,58.147 571,50 C571,41.851 570.966,40.831 570.82,37.631\"><\/path><\/g><\/g><\/g><\/svg><\/a><\/div>  <div style=\"padding-top: 8px;\"> <div style=\" color:#3897f0; font-family:Arial,sans-serif; font-size:14px; font-style:normal; font-weight:550; line-height:18px;\"><a href=\"https:\/\/www.instagram.com\/en\/p\/C9M6QzKoZyN\/?utm_source=ig_embed&amp;utm_campaign=loading\" style=\" background:#FFFFFF; line-height:0; padding:0 0; text-align:center; text-decoration:none; width:100%;\" target=\"_blank\">See this publication in Instagram<\/a><\/div> <\/div>  <div style=\"padding: 12.5% 0;\">&nbsp;<\/div>  <div style=\"display: flex; flex-direction: row; margin-bottom: 14px; align-items: center;\"> <div> <div style=\"background-color: #F4F4F4; border-radius: 50%; height: 12.5px; width: 12.5px; transform: translateX(0px) translateY(7px);\">&nbsp;<\/div>  <div style=\"background-color: #F4F4F4; height: 12.5px; transform: rotate(-45deg) translateX(3px) translateY(1px); width: 12.5px; flex-grow: 0; margin-right: 14px; margin-left: 2px;\">&nbsp;<\/div>  <div style=\"background-color: #F4F4F4; border-radius: 50%; height: 12.5px; width: 12.5px; transform: translateX(9px) translateY(-18px);\">&nbsp;<\/div> <\/div>  <div style=\"margin-left: 8px;\"> <div style=\" background-color: #F4F4F4; border-radius: 50%; flex-grow: 0; height: 20px; width: 20px;\">&nbsp;<\/div>  <div style=\" width: 0; height: 0; border-top: 2px solid transparent; border-left: 6px solid #f4f4f4; border-bottom: 2px solid transparent; transform: translateX(16px) translateY(-4px) rotate(30deg)\">&nbsp;<\/div> <\/div>  <div style=\"margin-left: auto;\"> <div style=\" width: 0px; border-top: 8px solid #F4F4F4; border-right: 8px solid transparent; transform: translateY(16px);\">&nbsp;<\/div>  <div style=\" background-color: #F4F4F4; flex-grow: 0; height: 12px; width: 16px; transform: translateY(-4px);\">&nbsp;<\/div>  <div style=\" width: 0; height: 0; border-top: 8px solid #F4F4F4; border-left: 8px solid transparent; transform: translateY(-4px) translateX(8px);\">&nbsp;<\/div> <\/div> <\/div>  <div style=\"display: flex; flex-direction: column; flex-grow: 1; justify-content: center; margin-bottom: 24px;\"> <div style=\" background-color: #F4F4F4; border-radius: 4px; flex-grow: 0; height: 14px; margin-bottom: 6px; width: 224px;\">&nbsp;<\/div>  <div style=\" background-color: #F4F4F4; border-radius: 4px; flex-grow: 0; height: 14px; width: 144px;\">&nbsp;<\/div> <\/div>  <p style=\" color:#c9c8cd; font-family:Arial,sans-serif; font-size:14px; line-height:17px; margin-bottom:0; margin-top:8px; overflow:hidden; padding:8px 0 7px; text-align:center; text-overflow:ellipsis; white-space:nowrap;\"><a href=\"https:\/\/www.instagram.com\/en\/p\/C9M6QzKoZyN\/?utm_source=ig_embed&amp;utm_campaign=loading\" style=\" color:#c9c8cd; font-family:Arial,sans-serif; font-size:14px; font-style:normal; font-weight:normal; line-height:17px; text-decoration:none;\" target=\"_blank\">A publication shared by Vinicius Jr. \u26a1\ufe0f\ud83c\udde7\ud83c\uddf7 (@vinijr)<\/a><\/p> <\/div> <\/blockquote> <h2>Endrick Defends him of the criticisms<\/h2>  <p>In the meantime, his new mate in Chamart\u00edn, Endrick, went out to the &#8216;step&#8217; to defend him of the criticisms. In the mixed zone, the &#8216;jewel&#8217; merengue ensured that &#8220;<strong>Vinicius, Rodrygo and \u00c9der (Militao) won the Champions and could be on holiday, but came here because it was his dream<\/strong>. We were 37 days training in the sunlight, doing the necessary to win the Glass America. Unfortunately, it did not work. I expect that the Brazilian village was with us&#8221;. Some statements that did not like to the bloated Brazilian, that is still in &#8216;rage&#8217; by the poor performance of his team in the tournament.<\/p> ","protected":false},"excerpt":{"rendered":"<p>Vinicius Jr. was the great highlight of Brazil&#8217;s elimination against Uruguay. The &#8216;7&#8217; was the main target of the criticism and Endrick stepped up to defend him The selection of Brazil suffered a &#8216;varapalo&#8217; tremendo when falling in the batch of penaltis in front of Uruguay, defeat that left them out of the Glass America [&hellip;]<\/p>\n","protected":false},"author":358,"featured_media":47980,"comment_status":"closed","ping_status":"open","sticky":false,"template":"","format":"standard","meta":{"_acf_changed":false,"inline_featured_image":false,"_nextfly_llmd_date_locked":false,"footnotes":""},"categories":[450,119],"tags":[],"class_list":["post-47979","post","type-post","status-publish","format-standard","has-post-thumbnail","hentry","category-real-madrid-2","category-real-madrid"],"acf":[],"yoast_head":"<!-- This site is optimized with the Yoast SEO plugin v27.3 - https:\/\/yoast.com\/product\/yoast-seo-wordpress\/ -->\n<title>Vinicius Excuses by the &#039;KO&#039; of Brazil and Endrick defends him in front of the criticisms<\/title>\n<meta name=\"description\" content=\"Vinicius Jr. It was the big signalled of the elimination of Brazil in front of Uruguay. The &#039;7&#039; was the main aim of the criticisms and Endrick went out to the step to defend him\" \/>\n<meta name=\"robots\" content=\"index, follow, max-snippet:-1, max-image-preview:large, max-video-preview:-1\" \/>\n<link rel=\"canonical\" href=\"https:\/\/www.fcbarcelonanoticias.com\/en\/international-football\/vinicius-excuses-by-the-ko-of-brazil-and-endrick-defends-him-in-front-of-the-criticisms_305286_102.html\" \/>\n<meta property=\"og:locale\" content=\"en_US\" \/>\n<meta property=\"og:type\" content=\"article\" \/>\n<meta property=\"og:title\" content=\"Vinicius Excuses by the &#039;KO&#039; of Brazil and Endrick defends him in front of the criticisms\" \/>\n<meta property=\"og:description\" content=\"Vinicius Jr. It was the big signalled of the elimination of Brazil in front of Uruguay. The &#039;7&#039; was the main aim of the criticisms and Endrick went out to the step to defend him\" \/>\n<meta property=\"og:url\" content=\"https:\/\/www.fcbarcelonanoticias.com\/en\/international-football\/vinicius-excuses-by-the-ko-of-brazil-and-endrick-defends-him-in-front-of-the-criticisms_305286_102.html\" \/>\n<meta property=\"og:site_name\" content=\"EN - FC Barcelona Noticias\" \/>\n<meta property=\"article:published_time\" content=\"2024-07-09T15:47:00+00:00\" \/>\n<meta property=\"og:image\" content=\"https:\/\/www.fcbarcelonanoticias.com\/en\/wp-content\/uploads\/sites\/2\/2024\/07\/vinicius-reemplazado-endrick.jpeg\" \/>\n\t<meta property=\"og:image:width\" content=\"1300\" \/>\n\t<meta property=\"og:image:height\" content=\"734\" \/>\n\t<meta property=\"og:image:type\" content=\"image\/jpeg\" \/>\n<meta name=\"author\" content=\"Juan Pablo Berdugo\" \/>\n<meta name=\"twitter:card\" content=\"summary_large_image\" \/>\n<meta name=\"twitter:label1\" content=\"Written by\" \/>\n\t<meta name=\"twitter:data1\" content=\"Juan Pablo Berdugo\" \/>\n\t<meta name=\"twitter:label2\" content=\"Est. reading time\" \/>\n\t<meta name=\"twitter:data2\" content=\"2 minutes\" \/>\n<script type=\"application\/ld+json\" class=\"yoast-schema-graph\">{\"@context\":\"https:\\\/\\\/schema.org\",\"@graph\":[{\"@type\":\"Article\",\"@id\":\"https:\\\/\\\/www.fcbarcelonanoticias.com\\\/en\\\/international-football\\\/vinicius-excuses-by-the-ko-of-brazil-and-endrick-defends-him-in-front-of-the-criticisms_305286_102.html#article\",\"isPartOf\":{\"@id\":\"https:\\\/\\\/www.fcbarcelonanoticias.com\\\/en\\\/international-football\\\/vinicius-excuses-by-the-ko-of-brazil-and-endrick-defends-him-in-front-of-the-criticisms_305286_102.html\"},\"author\":{\"name\":\"Juan Pablo Berdugo\",\"@id\":\"https:\\\/\\\/www.fcbarcelonanoticias.com\\\/en\\\/#\\\/schema\\\/person\\\/88d756918a0a1ae9fa593b5edddd1815\"},\"headline\":\"Vinicius apologizes for Brazil&#8217;s &#8216;KO&#8217; and Endrick defends him against criticism\",\"datePublished\":\"2024-07-09T15:47:00+00:00\",\"mainEntityOfPage\":{\"@id\":\"https:\\\/\\\/www.fcbarcelonanoticias.com\\\/en\\\/international-football\\\/vinicius-excuses-by-the-ko-of-brazil-and-endrick-defends-him-in-front-of-the-criticisms_305286_102.html\"},\"wordCount\":484,\"image\":{\"@id\":\"https:\\\/\\\/www.fcbarcelonanoticias.com\\\/en\\\/international-football\\\/vinicius-excuses-by-the-ko-of-brazil-and-endrick-defends-him-in-front-of-the-criticisms_305286_102.html#primaryimage\"},\"thumbnailUrl\":\"https:\\\/\\\/www.fcbarcelonanoticias.com\\\/en\\\/wp-content\\\/uploads\\\/sites\\\/2\\\/2024\\\/07\\\/vinicius-reemplazado-endrick.jpeg\",\"articleSection\":[\"Real Madrid\",\"Real Madrid\"],\"inLanguage\":\"en-US\"},{\"@type\":\"WebPage\",\"@id\":\"https:\\\/\\\/www.fcbarcelonanoticias.com\\\/en\\\/international-football\\\/vinicius-excuses-by-the-ko-of-brazil-and-endrick-defends-him-in-front-of-the-criticisms_305286_102.html\",\"url\":\"https:\\\/\\\/www.fcbarcelonanoticias.com\\\/en\\\/international-football\\\/vinicius-excuses-by-the-ko-of-brazil-and-endrick-defends-him-in-front-of-the-criticisms_305286_102.html\",\"name\":\"Vinicius Excuses by the 'KO' of Brazil and Endrick defends him in front of the criticisms\",\"isPartOf\":{\"@id\":\"https:\\\/\\\/www.fcbarcelonanoticias.com\\\/en\\\/#website\"},\"primaryImageOfPage\":{\"@id\":\"https:\\\/\\\/www.fcbarcelonanoticias.com\\\/en\\\/international-football\\\/vinicius-excuses-by-the-ko-of-brazil-and-endrick-defends-him-in-front-of-the-criticisms_305286_102.html#primaryimage\"},\"image\":{\"@id\":\"https:\\\/\\\/www.fcbarcelonanoticias.com\\\/en\\\/international-football\\\/vinicius-excuses-by-the-ko-of-brazil-and-endrick-defends-him-in-front-of-the-criticisms_305286_102.html#primaryimage\"},\"thumbnailUrl\":\"https:\\\/\\\/www.fcbarcelonanoticias.com\\\/en\\\/wp-content\\\/uploads\\\/sites\\\/2\\\/2024\\\/07\\\/vinicius-reemplazado-endrick.jpeg\",\"datePublished\":\"2024-07-09T15:47:00+00:00\",\"author\":{\"@id\":\"https:\\\/\\\/www.fcbarcelonanoticias.com\\\/en\\\/#\\\/schema\\\/person\\\/88d756918a0a1ae9fa593b5edddd1815\"},\"description\":\"Vinicius Jr. It was the big signalled of the elimination of Brazil in front of Uruguay. The '7' was the main aim of the criticisms and Endrick went out to the step to defend him\",\"breadcrumb\":{\"@id\":\"https:\\\/\\\/www.fcbarcelonanoticias.com\\\/en\\\/international-football\\\/vinicius-excuses-by-the-ko-of-brazil-and-endrick-defends-him-in-front-of-the-criticisms_305286_102.html#breadcrumb\"},\"inLanguage\":\"en-US\",\"potentialAction\":[{\"@type\":\"ReadAction\",\"target\":[\"https:\\\/\\\/www.fcbarcelonanoticias.com\\\/en\\\/international-football\\\/vinicius-excuses-by-the-ko-of-brazil-and-endrick-defends-him-in-front-of-the-criticisms_305286_102.html\"]}]},{\"@type\":\"ImageObject\",\"inLanguage\":\"en-US\",\"@id\":\"https:\\\/\\\/www.fcbarcelonanoticias.com\\\/en\\\/international-football\\\/vinicius-excuses-by-the-ko-of-brazil-and-endrick-defends-him-in-front-of-the-criticisms_305286_102.html#primaryimage\",\"url\":\"https:\\\/\\\/www.fcbarcelonanoticias.com\\\/en\\\/wp-content\\\/uploads\\\/sites\\\/2\\\/2024\\\/07\\\/vinicius-reemplazado-endrick.jpeg\",\"contentUrl\":\"https:\\\/\\\/www.fcbarcelonanoticias.com\\\/en\\\/wp-content\\\/uploads\\\/sites\\\/2\\\/2024\\\/07\\\/vinicius-reemplazado-endrick.jpeg\",\"width\":1300,\"height\":734},{\"@type\":\"BreadcrumbList\",\"@id\":\"https:\\\/\\\/www.fcbarcelonanoticias.com\\\/en\\\/international-football\\\/vinicius-excuses-by-the-ko-of-brazil-and-endrick-defends-him-in-front-of-the-criticisms_305286_102.html#breadcrumb\",\"itemListElement\":[{\"@type\":\"ListItem\",\"position\":1,\"name\":\"Portada\",\"item\":\"https:\\\/\\\/www.fcbarcelonanoticias.com\\\/en\\\/\"},{\"@type\":\"ListItem\",\"position\":2,\"name\":\"Vinicius apologizes for Brazil&#8217;s &#8216;KO&#8217; and Endrick defends him against criticism\"}]},{\"@type\":\"WebSite\",\"@id\":\"https:\\\/\\\/www.fcbarcelonanoticias.com\\\/en\\\/#website\",\"url\":\"https:\\\/\\\/www.fcbarcelonanoticias.com\\\/en\\\/\",\"name\":\"EN - FC Barcelona Noticias\",\"description\":\"\",\"potentialAction\":[{\"@type\":\"SearchAction\",\"target\":{\"@type\":\"EntryPoint\",\"urlTemplate\":\"https:\\\/\\\/www.fcbarcelonanoticias.com\\\/en\\\/?s={search_term_string}\"},\"query-input\":{\"@type\":\"PropertyValueSpecification\",\"valueRequired\":true,\"valueName\":\"search_term_string\"}}],\"inLanguage\":\"en-US\"},{\"@type\":\"Person\",\"@id\":\"https:\\\/\\\/www.fcbarcelonanoticias.com\\\/en\\\/#\\\/schema\\\/person\\\/88d756918a0a1ae9fa593b5edddd1815\",\"name\":\"Juan Pablo Berdugo\",\"image\":{\"@type\":\"ImageObject\",\"inLanguage\":\"en-US\",\"@id\":\"https:\\\/\\\/secure.gravatar.com\\\/avatar\\\/?s=96&d=mm&r=g\",\"url\":\"https:\\\/\\\/secure.gravatar.com\\\/avatar\\\/?s=96&d=mm&r=g\",\"contentUrl\":\"https:\\\/\\\/secure.gravatar.com\\\/avatar\\\/?s=96&d=mm&r=g\",\"caption\":\"Juan Pablo Berdugo\"},\"description\":\"Juan Pablo Berdugo es graduado en Periodismo. Colabora con FCBN como especialista en informaci\u00f3n del primer equipo del FC Barcelona, f\u00fatbol internacional y mercado de fichajes. Destaca por su enfoque anal\u00edtico, su rigor informativo y su capacidad para detectar tendencias emergentes en el f\u00fatbol global.\",\"url\":\"https:\\\/\\\/www.fcbarcelonanoticias.com\\\/en\\\/fc-barcelona\\\/juan-pablo-berdugo_18_115.html\"}]}<\/script>\n<!-- \/ Yoast SEO plugin. -->","yoast_head_json":{"title":"Vinicius Excuses by the 'KO' of Brazil and Endrick defends him in front of the criticisms","description":"Vinicius Jr. It was the big signalled of the elimination of Brazil in front of Uruguay. The '7' was the main aim of the criticisms and Endrick went out to the step to defend him","robots":{"index":"index","follow":"follow","max-snippet":"max-snippet:-1","max-image-preview":"max-image-preview:large","max-video-preview":"max-video-preview:-1"},"canonical":"https:\/\/www.fcbarcelonanoticias.com\/en\/international-football\/vinicius-excuses-by-the-ko-of-brazil-and-endrick-defends-him-in-front-of-the-criticisms_305286_102.html","og_locale":"en_US","og_type":"article","og_title":"Vinicius Excuses by the 'KO' of Brazil and Endrick defends him in front of the criticisms","og_description":"Vinicius Jr. It was the big signalled of the elimination of Brazil in front of Uruguay. The '7' was the main aim of the criticisms and Endrick went out to the step to defend him","og_url":"https:\/\/www.fcbarcelonanoticias.com\/en\/international-football\/vinicius-excuses-by-the-ko-of-brazil-and-endrick-defends-him-in-front-of-the-criticisms_305286_102.html","og_site_name":"EN - FC Barcelona Noticias","article_published_time":"2024-07-09T15:47:00+00:00","og_image":[{"width":1300,"height":734,"url":"https:\/\/www.fcbarcelonanoticias.com\/en\/wp-content\/uploads\/sites\/2\/2024\/07\/vinicius-reemplazado-endrick.jpeg","type":"image\/jpeg"}],"author":"Juan Pablo Berdugo","twitter_card":"summary_large_image","twitter_misc":{"Written by":"Juan Pablo Berdugo","Est. reading time":"2 minutes"},"schema":{"@context":"https:\/\/schema.org","@graph":[{"@type":"Article","@id":"https:\/\/www.fcbarcelonanoticias.com\/en\/international-football\/vinicius-excuses-by-the-ko-of-brazil-and-endrick-defends-him-in-front-of-the-criticisms_305286_102.html#article","isPartOf":{"@id":"https:\/\/www.fcbarcelonanoticias.com\/en\/international-football\/vinicius-excuses-by-the-ko-of-brazil-and-endrick-defends-him-in-front-of-the-criticisms_305286_102.html"},"author":{"name":"Juan Pablo Berdugo","@id":"https:\/\/www.fcbarcelonanoticias.com\/en\/#\/schema\/person\/88d756918a0a1ae9fa593b5edddd1815"},"headline":"Vinicius apologizes for Brazil&#8217;s &#8216;KO&#8217; and Endrick defends him against criticism","datePublished":"2024-07-09T15:47:00+00:00","mainEntityOfPage":{"@id":"https:\/\/www.fcbarcelonanoticias.com\/en\/international-football\/vinicius-excuses-by-the-ko-of-brazil-and-endrick-defends-him-in-front-of-the-criticisms_305286_102.html"},"wordCount":484,"image":{"@id":"https:\/\/www.fcbarcelonanoticias.com\/en\/international-football\/vinicius-excuses-by-the-ko-of-brazil-and-endrick-defends-him-in-front-of-the-criticisms_305286_102.html#primaryimage"},"thumbnailUrl":"https:\/\/www.fcbarcelonanoticias.com\/en\/wp-content\/uploads\/sites\/2\/2024\/07\/vinicius-reemplazado-endrick.jpeg","articleSection":["Real Madrid","Real Madrid"],"inLanguage":"en-US"},{"@type":"WebPage","@id":"https:\/\/www.fcbarcelonanoticias.com\/en\/international-football\/vinicius-excuses-by-the-ko-of-brazil-and-endrick-defends-him-in-front-of-the-criticisms_305286_102.html","url":"https:\/\/www.fcbarcelonanoticias.com\/en\/international-football\/vinicius-excuses-by-the-ko-of-brazil-and-endrick-defends-him-in-front-of-the-criticisms_305286_102.html","name":"Vinicius Excuses by the 'KO' of Brazil and Endrick defends him in front of the criticisms","isPartOf":{"@id":"https:\/\/www.fcbarcelonanoticias.com\/en\/#website"},"primaryImageOfPage":{"@id":"https:\/\/www.fcbarcelonanoticias.com\/en\/international-football\/vinicius-excuses-by-the-ko-of-brazil-and-endrick-defends-him-in-front-of-the-criticisms_305286_102.html#primaryimage"},"image":{"@id":"https:\/\/www.fcbarcelonanoticias.com\/en\/international-football\/vinicius-excuses-by-the-ko-of-brazil-and-endrick-defends-him-in-front-of-the-criticisms_305286_102.html#primaryimage"},"thumbnailUrl":"https:\/\/www.fcbarcelonanoticias.com\/en\/wp-content\/uploads\/sites\/2\/2024\/07\/vinicius-reemplazado-endrick.jpeg","datePublished":"2024-07-09T15:47:00+00:00","author":{"@id":"https:\/\/www.fcbarcelonanoticias.com\/en\/#\/schema\/person\/88d756918a0a1ae9fa593b5edddd1815"},"description":"Vinicius Jr. It was the big signalled of the elimination of Brazil in front of Uruguay. The '7' was the main aim of the criticisms and Endrick went out to the step to defend him","breadcrumb":{"@id":"https:\/\/www.fcbarcelonanoticias.com\/en\/international-football\/vinicius-excuses-by-the-ko-of-brazil-and-endrick-defends-him-in-front-of-the-criticisms_305286_102.html#breadcrumb"},"inLanguage":"en-US","potentialAction":[{"@type":"ReadAction","target":["https:\/\/www.fcbarcelonanoticias.com\/en\/international-football\/vinicius-excuses-by-the-ko-of-brazil-and-endrick-defends-him-in-front-of-the-criticisms_305286_102.html"]}]},{"@type":"ImageObject","inLanguage":"en-US","@id":"https:\/\/www.fcbarcelonanoticias.com\/en\/international-football\/vinicius-excuses-by-the-ko-of-brazil-and-endrick-defends-him-in-front-of-the-criticisms_305286_102.html#primaryimage","url":"https:\/\/www.fcbarcelonanoticias.com\/en\/wp-content\/uploads\/sites\/2\/2024\/07\/vinicius-reemplazado-endrick.jpeg","contentUrl":"https:\/\/www.fcbarcelonanoticias.com\/en\/wp-content\/uploads\/sites\/2\/2024\/07\/vinicius-reemplazado-endrick.jpeg","width":1300,"height":734},{"@type":"BreadcrumbList","@id":"https:\/\/www.fcbarcelonanoticias.com\/en\/international-football\/vinicius-excuses-by-the-ko-of-brazil-and-endrick-defends-him-in-front-of-the-criticisms_305286_102.html#breadcrumb","itemListElement":[{"@type":"ListItem","position":1,"name":"Portada","item":"https:\/\/www.fcbarcelonanoticias.com\/en\/"},{"@type":"ListItem","position":2,"name":"Vinicius apologizes for Brazil&#8217;s &#8216;KO&#8217; and Endrick defends him against criticism"}]},{"@type":"WebSite","@id":"https:\/\/www.fcbarcelonanoticias.com\/en\/#website","url":"https:\/\/www.fcbarcelonanoticias.com\/en\/","name":"EN - FC Barcelona Noticias","description":"","potentialAction":[{"@type":"SearchAction","target":{"@type":"EntryPoint","urlTemplate":"https:\/\/www.fcbarcelonanoticias.com\/en\/?s={search_term_string}"},"query-input":{"@type":"PropertyValueSpecification","valueRequired":true,"valueName":"search_term_string"}}],"inLanguage":"en-US"},{"@type":"Person","@id":"https:\/\/www.fcbarcelonanoticias.com\/en\/#\/schema\/person\/88d756918a0a1ae9fa593b5edddd1815","name":"Juan Pablo Berdugo","image":{"@type":"ImageObject","inLanguage":"en-US","@id":"https:\/\/secure.gravatar.com\/avatar\/?s=96&d=mm&r=g","url":"https:\/\/secure.gravatar.com\/avatar\/?s=96&d=mm&r=g","contentUrl":"https:\/\/secure.gravatar.com\/avatar\/?s=96&d=mm&r=g","caption":"Juan Pablo Berdugo"},"description":"Juan Pablo Berdugo es graduado en Periodismo. Colabora con FCBN como especialista en informaci\u00f3n del primer equipo del FC Barcelona, f\u00fatbol internacional y mercado de fichajes. Destaca por su enfoque anal\u00edtico, su rigor informativo y su capacidad para detectar tendencias emergentes en el f\u00fatbol global.","url":"https:\/\/www.fcbarcelonanoticias.com\/en\/fc-barcelona\/juan-pablo-berdugo_18_115.html"}]}},"_links":{"self":[{"href":"https:\/\/www.fcbarcelonanoticias.com\/en\/wp-json\/wp\/v2\/posts\/47979","targetHints":{"allow":["GET"]}}],"collection":[{"href":"https:\/\/www.fcbarcelonanoticias.com\/en\/wp-json\/wp\/v2\/posts"}],"about":[{"href":"https:\/\/www.fcbarcelonanoticias.com\/en\/wp-json\/wp\/v2\/types\/post"}],"author":[{"embeddable":true,"href":"https:\/\/www.fcbarcelonanoticias.com\/en\/wp-json\/wp\/v2\/users\/358"}],"replies":[{"embeddable":true,"href":"https:\/\/www.fcbarcelonanoticias.com\/en\/wp-json\/wp\/v2\/comments?post=47979"}],"version-history":[{"count":1,"href":"https:\/\/www.fcbarcelonanoticias.com\/en\/wp-json\/wp\/v2\/posts\/47979\/revisions"}],"predecessor-version":[{"id":113372,"href":"https:\/\/www.fcbarcelonanoticias.com\/en\/wp-json\/wp\/v2\/posts\/47979\/revisions\/113372"}],"wp:featuredmedia":[{"embeddable":true,"href":"https:\/\/www.fcbarcelonanoticias.com\/en\/wp-json\/wp\/v2\/media\/47980"}],"wp:attachment":[{"href":"https:\/\/www.fcbarcelonanoticias.com\/en\/wp-json\/wp\/v2\/media?parent=47979"}],"wp:term":[{"taxonomy":"category","embeddable":true,"href":"https:\/\/www.fcbarcelonanoticias.com\/en\/wp-json\/wp\/v2\/categories?post=47979"},{"taxonomy":"post_tag","embeddable":true,"href":"https:\/\/www.fcbarcelonanoticias.com\/en\/wp-json\/wp\/v2\/tags?post=47979"}],"curies":[{"name":"wp","href":"https:\/\/api.w.org\/{rel}","templated":true}]}}