{"id":47981,"date":"2019-11-12T23:59:00","date_gmt":"2019-11-12T22:59:00","guid":{"rendered":"https:\/\/weisetech.dev\/fc-barcelona-noticias\/en\/wenger-we-try-fichar-to-messi-and-hammered-for-the-arsenal_253083_102\/"},"modified":"2019-11-13T00:03:00","modified_gmt":"2019-11-12T23:03:00","slug":"wenger-we-try-fichar-to-messi-and-hammered-for-the-arsenal_253083_102","status":"publish","type":"post","link":"https:\/\/www.fcbarcelonanoticias.com\/en\/international-football\/wenger-we-try-fichar-to-messi-and-hammered-for-the-arsenal_253083_102.html","title":{"rendered":"Wenger: &#8220;We tried to sign Messi and Piqu\u00e9 for Arsenal&#8221;"},"content":{"rendered":"<h2 class=\"wp-block-heading\">Cesc F\u00e0bregas went from being a FC Barcelona squad to Arsenal captain. The Londoners also tried to sign Leo Messi and Gerard Piqu\u00e9, as Wenger confirmed<\/h2>  \r\n<div class=\"article-addons\">\r\n    <a href=\"https:\/\/www.fcbarcelonanoticias.com\/en\/calendar-fc-barcelona.html\"\r\n       target=\"_self\"\r\n       title=\"Calendar of FC Barcelona\"\r\n       class=\"blue-gredient-btn\">\r\n       \r\n        Calendar of FC Barcelona    <\/a>\r\n<\/div>   <p><a data-external=\"0\" data-intl-links-en=\"https:\/\/www.fcbarcelonanoticias.com\/en\/champions-league\/rajada-of-wenger-to-the-barca-after-the-duel-against-the_252910_102.html\" data-intl-links-es=\"https:\/\/www.fcbarcelonanoticias.com\/champions-league\/rajada-wenger-hacia-barca-duelo-slavia_252910_102.html\" href=\"https:\/\/www.fcbarcelonanoticias.com\/en\/champions-league\/rajada-of-wenger-to-the-barca-after-the-duel-against-the_252910_102.html\" rel=\"follow\" target=\"_self\" title=\"'Rajada' de Wenger hacia el Bar\u00e7a tras el duelo contra el Slavia\">Ars\u00e8ne Wenger put in 2018 full stop to his stay at the head of the Arsenal<\/a>, where was trainer during more than two decades. In an extensive interview conceded to beIN Sports, the French technician has desvelado several details on his vivencias in the team londinense. One of the most surprising was that the Arsenal could fichar to <strong>Gerard Hammered<\/strong> and <strong>to Leo Messi<\/strong>.<\/p>  <p>Wenger recognised that in 2003 could fichar to both, but that finally only was possible the contracting of <strong>Cesc F\u00e1bregas, that would become the captain gunner:<\/strong> &#8220;In this moment remember that we define the contractings of Messi, Hammered and F\u00e1bregas. Cesc was the only that attain, the others two already were too good for us&#8221;, commented the French.<\/p>  <p>The one who benefited of the class of Messi, <a href=\"https:\/\/www.fcbarcelonanoticias.com\/en\/tags\/gerard-pique.html\" title=\"Gerard Piqu\u00e9\">Hammered<\/a> and many others was the Bar\u00e7a, that did not waste an exceptional generation of footballers. Beside referents like <strong>Xavi Hern\u00e1ndez, Carles Puyol, Andr\u00e9s Iniesta, V\u00edctor Vald\u00e9s or Sergio Busquets<\/strong>, the cul\u00e9s lived a glorious period, conquering to the world with a showy and offensive football and fattening the vitrinas to base of titles and recognitions, beginning a series of triumphs that to day of today still hard.<\/p>  <p>Curiously, even the own <strong>Cesc F\u00e0bregas returned to the FC Barcelona to join to all they of the hand of Pep Guardiola,<\/strong> that had clear that there was not better form to triumph that joint to footballers that had grown together with a philosophy of game in common.<\/p>  <h3>The final of the Champions 05-06<\/h3>  <p>In his interview, <strong>Wenger also remembered the hard defeat of &#8216;his&#8217; Arsenal against the Bar\u00e7a in the final of the League of Champions of the season 2005-06<\/strong>. &#8220;I do not forget the final of Champions in 2006 when we confront us to the Barcelona. Messi could not play this party because it was lesionado&#8230; But of this does already 13 years and already was consolidated in the first staff&#8221;, explained.<\/p>  <p>In this party, the Arsenal achieved to advance in the first time with a goal of <strong>Sol Campbell<\/strong> of head, after the kickoff of a fault. Before the rest, Lehmann, goalkeeper &#8216;gunner&#8217;, was expelled and, in the second time, <strong>the cul\u00e9s achieved to give him the turn to the party with the so many of Samuel Eto&#8217;or and Juliano Haus Belletti.<\/strong><\/p> ","protected":false},"excerpt":{"rendered":"<p>Cesc F\u00e0bregas went from being a FC Barcelona squad to Arsenal captain. The Londoners also tried to sign Leo Messi and Gerard Piqu\u00e9, as Wenger confirmed Ars\u00e8ne Wenger put in 2018 full stop to his stay at the head of the Arsenal, where was trainer during more than two decades. In an extensive interview conceded [&hellip;]<\/p>\n","protected":false},"author":392,"featured_media":34640,"comment_status":"closed","ping_status":"open","sticky":false,"template":"","format":"standard","meta":{"_acf_changed":false,"inline_featured_image":false,"_nextfly_llmd_date_locked":false,"footnotes":""},"categories":[107,453],"tags":[102,286,163],"class_list":["post-47981","post","type-post","status-publish","format-standard","has-post-thumbnail","hentry","category-players","category-players-2","tag-arsenal","tag-arsene-wenger","tag-gerard-pique"],"acf":[],"yoast_head":"<!-- This site is optimized with the Yoast SEO plugin v27.3 - https:\/\/yoast.com\/product\/yoast-seo-wordpress\/ -->\n<title>Wenger: &quot;We tried to sign Messi and Piqu\u00e9 for Arsenal&quot;<\/title>\n<meta name=\"description\" content=\"Cesc F\u00e0bregas went from being a FC Barcelona squad to Arsenal captain. The Londoners also tried to sign Leo Messi and Gerard Piqu\u00e9, as Wenger confirmed\" \/>\n<meta name=\"robots\" content=\"index, follow, max-snippet:-1, max-image-preview:large, max-video-preview:-1\" \/>\n<link rel=\"canonical\" href=\"https:\/\/www.fcbarcelonanoticias.com\/en\/international-football\/wenger-we-try-fichar-to-messi-and-hammered-for-the-arsenal_253083_102.html\" \/>\n<meta property=\"og:locale\" content=\"en_US\" \/>\n<meta property=\"og:type\" content=\"article\" \/>\n<meta property=\"og:title\" content=\"Wenger: &quot;We tried to sign Messi and Piqu\u00e9 for Arsenal&quot;\" \/>\n<meta property=\"og:description\" content=\"Cesc F\u00e0bregas went from being a FC Barcelona squad to Arsenal captain. The Londoners also tried to sign Leo Messi and Gerard Piqu\u00e9, as Wenger confirmed\" \/>\n<meta property=\"og:url\" content=\"https:\/\/www.fcbarcelonanoticias.com\/en\/international-football\/wenger-we-try-fichar-to-messi-and-hammered-for-the-arsenal_253083_102.html\" \/>\n<meta property=\"og:site_name\" content=\"EN - FC Barcelona Noticias\" \/>\n<meta property=\"article:published_time\" content=\"2019-11-12T22:59:00+00:00\" \/>\n<meta property=\"article:modified_time\" content=\"2019-11-12T23:03:00+00:00\" \/>\n<meta property=\"og:image\" content=\"https:\/\/www.fcbarcelonanoticias.com\/en\/wp-content\/uploads\/sites\/2\/2020\/11\/arsene-wenger-ex-entrenador-del-arsenal-3.jpeg\" \/>\n\t<meta property=\"og:image:width\" content=\"1200\" \/>\n\t<meta property=\"og:image:height\" content=\"673\" \/>\n\t<meta property=\"og:image:type\" content=\"image\/jpeg\" \/>\n<meta name=\"author\" content=\"user_4048\" \/>\n<meta name=\"twitter:card\" content=\"summary_large_image\" \/>\n<meta name=\"twitter:label1\" content=\"Written by\" \/>\n\t<meta name=\"twitter:data1\" content=\"user_4048\" \/>\n\t<meta name=\"twitter:label2\" content=\"Est. reading time\" \/>\n\t<meta name=\"twitter:data2\" content=\"2 minutes\" \/>\n<script type=\"application\/ld+json\" class=\"yoast-schema-graph\">{\"@context\":\"https:\\\/\\\/schema.org\",\"@graph\":[{\"@type\":\"Article\",\"@id\":\"https:\\\/\\\/www.fcbarcelonanoticias.com\\\/en\\\/international-football\\\/wenger-we-try-fichar-to-messi-and-hammered-for-the-arsenal_253083_102.html#article\",\"isPartOf\":{\"@id\":\"https:\\\/\\\/www.fcbarcelonanoticias.com\\\/en\\\/international-football\\\/wenger-we-try-fichar-to-messi-and-hammered-for-the-arsenal_253083_102.html\"},\"author\":{\"name\":\"user_4048\",\"@id\":\"https:\\\/\\\/www.fcbarcelonanoticias.com\\\/en\\\/#\\\/schema\\\/person\\\/fcdad55cab72b8d0e106d75506783b6d\"},\"headline\":\"Wenger: &#8220;We tried to sign Messi and Piqu\u00e9 for Arsenal&#8221;\",\"datePublished\":\"2019-11-12T22:59:00+00:00\",\"dateModified\":\"2019-11-12T23:03:00+00:00\",\"mainEntityOfPage\":{\"@id\":\"https:\\\/\\\/www.fcbarcelonanoticias.com\\\/en\\\/international-football\\\/wenger-we-try-fichar-to-messi-and-hammered-for-the-arsenal_253083_102.html\"},\"wordCount\":430,\"image\":{\"@id\":\"https:\\\/\\\/www.fcbarcelonanoticias.com\\\/en\\\/international-football\\\/wenger-we-try-fichar-to-messi-and-hammered-for-the-arsenal_253083_102.html#primaryimage\"},\"thumbnailUrl\":\"https:\\\/\\\/www.fcbarcelonanoticias.com\\\/en\\\/wp-content\\\/uploads\\\/sites\\\/2\\\/2020\\\/11\\\/arsene-wenger-ex-entrenador-del-arsenal-3.jpeg\",\"keywords\":[\"Arsenal\",\"Ars\u00e8ne Wenger\",\"Gerard Piqu\u00e9\"],\"articleSection\":[\"Players\",\"Players\"],\"inLanguage\":\"en-US\"},{\"@type\":\"WebPage\",\"@id\":\"https:\\\/\\\/www.fcbarcelonanoticias.com\\\/en\\\/international-football\\\/wenger-we-try-fichar-to-messi-and-hammered-for-the-arsenal_253083_102.html\",\"url\":\"https:\\\/\\\/www.fcbarcelonanoticias.com\\\/en\\\/international-football\\\/wenger-we-try-fichar-to-messi-and-hammered-for-the-arsenal_253083_102.html\",\"name\":\"Wenger: \\\"We tried to sign Messi and Piqu\u00e9 for Arsenal\\\"\",\"isPartOf\":{\"@id\":\"https:\\\/\\\/www.fcbarcelonanoticias.com\\\/en\\\/#website\"},\"primaryImageOfPage\":{\"@id\":\"https:\\\/\\\/www.fcbarcelonanoticias.com\\\/en\\\/international-football\\\/wenger-we-try-fichar-to-messi-and-hammered-for-the-arsenal_253083_102.html#primaryimage\"},\"image\":{\"@id\":\"https:\\\/\\\/www.fcbarcelonanoticias.com\\\/en\\\/international-football\\\/wenger-we-try-fichar-to-messi-and-hammered-for-the-arsenal_253083_102.html#primaryimage\"},\"thumbnailUrl\":\"https:\\\/\\\/www.fcbarcelonanoticias.com\\\/en\\\/wp-content\\\/uploads\\\/sites\\\/2\\\/2020\\\/11\\\/arsene-wenger-ex-entrenador-del-arsenal-3.jpeg\",\"datePublished\":\"2019-11-12T22:59:00+00:00\",\"dateModified\":\"2019-11-12T23:03:00+00:00\",\"author\":{\"@id\":\"https:\\\/\\\/www.fcbarcelonanoticias.com\\\/en\\\/#\\\/schema\\\/person\\\/fcdad55cab72b8d0e106d75506783b6d\"},\"description\":\"Cesc F\u00e0bregas went from being a FC Barcelona squad to Arsenal captain. The Londoners also tried to sign Leo Messi and Gerard Piqu\u00e9, as Wenger confirmed\",\"breadcrumb\":{\"@id\":\"https:\\\/\\\/www.fcbarcelonanoticias.com\\\/en\\\/international-football\\\/wenger-we-try-fichar-to-messi-and-hammered-for-the-arsenal_253083_102.html#breadcrumb\"},\"inLanguage\":\"en-US\",\"potentialAction\":[{\"@type\":\"ReadAction\",\"target\":[\"https:\\\/\\\/www.fcbarcelonanoticias.com\\\/en\\\/international-football\\\/wenger-we-try-fichar-to-messi-and-hammered-for-the-arsenal_253083_102.html\"]}]},{\"@type\":\"ImageObject\",\"inLanguage\":\"en-US\",\"@id\":\"https:\\\/\\\/www.fcbarcelonanoticias.com\\\/en\\\/international-football\\\/wenger-we-try-fichar-to-messi-and-hammered-for-the-arsenal_253083_102.html#primaryimage\",\"url\":\"https:\\\/\\\/www.fcbarcelonanoticias.com\\\/en\\\/wp-content\\\/uploads\\\/sites\\\/2\\\/2020\\\/11\\\/arsene-wenger-ex-entrenador-del-arsenal-3.jpeg\",\"contentUrl\":\"https:\\\/\\\/www.fcbarcelonanoticias.com\\\/en\\\/wp-content\\\/uploads\\\/sites\\\/2\\\/2020\\\/11\\\/arsene-wenger-ex-entrenador-del-arsenal-3.jpeg\",\"width\":1200,\"height\":673},{\"@type\":\"BreadcrumbList\",\"@id\":\"https:\\\/\\\/www.fcbarcelonanoticias.com\\\/en\\\/international-football\\\/wenger-we-try-fichar-to-messi-and-hammered-for-the-arsenal_253083_102.html#breadcrumb\",\"itemListElement\":[{\"@type\":\"ListItem\",\"position\":1,\"name\":\"Portada\",\"item\":\"https:\\\/\\\/www.fcbarcelonanoticias.com\\\/en\\\/\"},{\"@type\":\"ListItem\",\"position\":2,\"name\":\"Wenger: &#8220;We tried to sign Messi and Piqu\u00e9 for Arsenal&#8221;\"}]},{\"@type\":\"WebSite\",\"@id\":\"https:\\\/\\\/www.fcbarcelonanoticias.com\\\/en\\\/#website\",\"url\":\"https:\\\/\\\/www.fcbarcelonanoticias.com\\\/en\\\/\",\"name\":\"EN - FC Barcelona Noticias\",\"description\":\"\",\"potentialAction\":[{\"@type\":\"SearchAction\",\"target\":{\"@type\":\"EntryPoint\",\"urlTemplate\":\"https:\\\/\\\/www.fcbarcelonanoticias.com\\\/en\\\/?s={search_term_string}\"},\"query-input\":{\"@type\":\"PropertyValueSpecification\",\"valueRequired\":true,\"valueName\":\"search_term_string\"}}],\"inLanguage\":\"en-US\"},{\"@type\":\"Person\",\"@id\":\"https:\\\/\\\/www.fcbarcelonanoticias.com\\\/en\\\/#\\\/schema\\\/person\\\/fcdad55cab72b8d0e106d75506783b6d\",\"name\":\"user_4048\",\"image\":{\"@type\":\"ImageObject\",\"inLanguage\":\"en-US\",\"@id\":\"https:\\\/\\\/secure.gravatar.com\\\/avatar\\\/?s=96&d=mm&r=g\",\"url\":\"https:\\\/\\\/secure.gravatar.com\\\/avatar\\\/?s=96&d=mm&r=g\",\"contentUrl\":\"https:\\\/\\\/secure.gravatar.com\\\/avatar\\\/?s=96&d=mm&r=g\",\"caption\":\"user_4048\"},\"url\":\"https:\\\/\\\/www.fcbarcelonanoticias.com\\\/en\\\/user_4048.html\"}]}<\/script>\n<!-- \/ Yoast SEO plugin. -->","yoast_head_json":{"title":"Wenger: \"We tried to sign Messi and Piqu\u00e9 for Arsenal\"","description":"Cesc F\u00e0bregas went from being a FC Barcelona squad to Arsenal captain. The Londoners also tried to sign Leo Messi and Gerard Piqu\u00e9, as Wenger confirmed","robots":{"index":"index","follow":"follow","max-snippet":"max-snippet:-1","max-image-preview":"max-image-preview:large","max-video-preview":"max-video-preview:-1"},"canonical":"https:\/\/www.fcbarcelonanoticias.com\/en\/international-football\/wenger-we-try-fichar-to-messi-and-hammered-for-the-arsenal_253083_102.html","og_locale":"en_US","og_type":"article","og_title":"Wenger: \"We tried to sign Messi and Piqu\u00e9 for Arsenal\"","og_description":"Cesc F\u00e0bregas went from being a FC Barcelona squad to Arsenal captain. The Londoners also tried to sign Leo Messi and Gerard Piqu\u00e9, as Wenger confirmed","og_url":"https:\/\/www.fcbarcelonanoticias.com\/en\/international-football\/wenger-we-try-fichar-to-messi-and-hammered-for-the-arsenal_253083_102.html","og_site_name":"EN - FC Barcelona Noticias","article_published_time":"2019-11-12T22:59:00+00:00","article_modified_time":"2019-11-12T23:03:00+00:00","og_image":[{"width":1200,"height":673,"url":"https:\/\/www.fcbarcelonanoticias.com\/en\/wp-content\/uploads\/sites\/2\/2020\/11\/arsene-wenger-ex-entrenador-del-arsenal-3.jpeg","type":"image\/jpeg"}],"author":"user_4048","twitter_card":"summary_large_image","twitter_misc":{"Written by":"user_4048","Est. reading time":"2 minutes"},"schema":{"@context":"https:\/\/schema.org","@graph":[{"@type":"Article","@id":"https:\/\/www.fcbarcelonanoticias.com\/en\/international-football\/wenger-we-try-fichar-to-messi-and-hammered-for-the-arsenal_253083_102.html#article","isPartOf":{"@id":"https:\/\/www.fcbarcelonanoticias.com\/en\/international-football\/wenger-we-try-fichar-to-messi-and-hammered-for-the-arsenal_253083_102.html"},"author":{"name":"user_4048","@id":"https:\/\/www.fcbarcelonanoticias.com\/en\/#\/schema\/person\/fcdad55cab72b8d0e106d75506783b6d"},"headline":"Wenger: &#8220;We tried to sign Messi and Piqu\u00e9 for Arsenal&#8221;","datePublished":"2019-11-12T22:59:00+00:00","dateModified":"2019-11-12T23:03:00+00:00","mainEntityOfPage":{"@id":"https:\/\/www.fcbarcelonanoticias.com\/en\/international-football\/wenger-we-try-fichar-to-messi-and-hammered-for-the-arsenal_253083_102.html"},"wordCount":430,"image":{"@id":"https:\/\/www.fcbarcelonanoticias.com\/en\/international-football\/wenger-we-try-fichar-to-messi-and-hammered-for-the-arsenal_253083_102.html#primaryimage"},"thumbnailUrl":"https:\/\/www.fcbarcelonanoticias.com\/en\/wp-content\/uploads\/sites\/2\/2020\/11\/arsene-wenger-ex-entrenador-del-arsenal-3.jpeg","keywords":["Arsenal","Ars\u00e8ne Wenger","Gerard Piqu\u00e9"],"articleSection":["Players","Players"],"inLanguage":"en-US"},{"@type":"WebPage","@id":"https:\/\/www.fcbarcelonanoticias.com\/en\/international-football\/wenger-we-try-fichar-to-messi-and-hammered-for-the-arsenal_253083_102.html","url":"https:\/\/www.fcbarcelonanoticias.com\/en\/international-football\/wenger-we-try-fichar-to-messi-and-hammered-for-the-arsenal_253083_102.html","name":"Wenger: \"We tried to sign Messi and Piqu\u00e9 for Arsenal\"","isPartOf":{"@id":"https:\/\/www.fcbarcelonanoticias.com\/en\/#website"},"primaryImageOfPage":{"@id":"https:\/\/www.fcbarcelonanoticias.com\/en\/international-football\/wenger-we-try-fichar-to-messi-and-hammered-for-the-arsenal_253083_102.html#primaryimage"},"image":{"@id":"https:\/\/www.fcbarcelonanoticias.com\/en\/international-football\/wenger-we-try-fichar-to-messi-and-hammered-for-the-arsenal_253083_102.html#primaryimage"},"thumbnailUrl":"https:\/\/www.fcbarcelonanoticias.com\/en\/wp-content\/uploads\/sites\/2\/2020\/11\/arsene-wenger-ex-entrenador-del-arsenal-3.jpeg","datePublished":"2019-11-12T22:59:00+00:00","dateModified":"2019-11-12T23:03:00+00:00","author":{"@id":"https:\/\/www.fcbarcelonanoticias.com\/en\/#\/schema\/person\/fcdad55cab72b8d0e106d75506783b6d"},"description":"Cesc F\u00e0bregas went from being a FC Barcelona squad to Arsenal captain. The Londoners also tried to sign Leo Messi and Gerard Piqu\u00e9, as Wenger confirmed","breadcrumb":{"@id":"https:\/\/www.fcbarcelonanoticias.com\/en\/international-football\/wenger-we-try-fichar-to-messi-and-hammered-for-the-arsenal_253083_102.html#breadcrumb"},"inLanguage":"en-US","potentialAction":[{"@type":"ReadAction","target":["https:\/\/www.fcbarcelonanoticias.com\/en\/international-football\/wenger-we-try-fichar-to-messi-and-hammered-for-the-arsenal_253083_102.html"]}]},{"@type":"ImageObject","inLanguage":"en-US","@id":"https:\/\/www.fcbarcelonanoticias.com\/en\/international-football\/wenger-we-try-fichar-to-messi-and-hammered-for-the-arsenal_253083_102.html#primaryimage","url":"https:\/\/www.fcbarcelonanoticias.com\/en\/wp-content\/uploads\/sites\/2\/2020\/11\/arsene-wenger-ex-entrenador-del-arsenal-3.jpeg","contentUrl":"https:\/\/www.fcbarcelonanoticias.com\/en\/wp-content\/uploads\/sites\/2\/2020\/11\/arsene-wenger-ex-entrenador-del-arsenal-3.jpeg","width":1200,"height":673},{"@type":"BreadcrumbList","@id":"https:\/\/www.fcbarcelonanoticias.com\/en\/international-football\/wenger-we-try-fichar-to-messi-and-hammered-for-the-arsenal_253083_102.html#breadcrumb","itemListElement":[{"@type":"ListItem","position":1,"name":"Portada","item":"https:\/\/www.fcbarcelonanoticias.com\/en\/"},{"@type":"ListItem","position":2,"name":"Wenger: &#8220;We tried to sign Messi and Piqu\u00e9 for Arsenal&#8221;"}]},{"@type":"WebSite","@id":"https:\/\/www.fcbarcelonanoticias.com\/en\/#website","url":"https:\/\/www.fcbarcelonanoticias.com\/en\/","name":"EN - FC Barcelona Noticias","description":"","potentialAction":[{"@type":"SearchAction","target":{"@type":"EntryPoint","urlTemplate":"https:\/\/www.fcbarcelonanoticias.com\/en\/?s={search_term_string}"},"query-input":{"@type":"PropertyValueSpecification","valueRequired":true,"valueName":"search_term_string"}}],"inLanguage":"en-US"},{"@type":"Person","@id":"https:\/\/www.fcbarcelonanoticias.com\/en\/#\/schema\/person\/fcdad55cab72b8d0e106d75506783b6d","name":"user_4048","image":{"@type":"ImageObject","inLanguage":"en-US","@id":"https:\/\/secure.gravatar.com\/avatar\/?s=96&d=mm&r=g","url":"https:\/\/secure.gravatar.com\/avatar\/?s=96&d=mm&r=g","contentUrl":"https:\/\/secure.gravatar.com\/avatar\/?s=96&d=mm&r=g","caption":"user_4048"},"url":"https:\/\/www.fcbarcelonanoticias.com\/en\/user_4048.html"}]}},"_links":{"self":[{"href":"https:\/\/www.fcbarcelonanoticias.com\/en\/wp-json\/wp\/v2\/posts\/47981","targetHints":{"allow":["GET"]}}],"collection":[{"href":"https:\/\/www.fcbarcelonanoticias.com\/en\/wp-json\/wp\/v2\/posts"}],"about":[{"href":"https:\/\/www.fcbarcelonanoticias.com\/en\/wp-json\/wp\/v2\/types\/post"}],"author":[{"embeddable":true,"href":"https:\/\/www.fcbarcelonanoticias.com\/en\/wp-json\/wp\/v2\/users\/392"}],"replies":[{"embeddable":true,"href":"https:\/\/www.fcbarcelonanoticias.com\/en\/wp-json\/wp\/v2\/comments?post=47981"}],"version-history":[{"count":1,"href":"https:\/\/www.fcbarcelonanoticias.com\/en\/wp-json\/wp\/v2\/posts\/47981\/revisions"}],"predecessor-version":[{"id":113370,"href":"https:\/\/www.fcbarcelonanoticias.com\/en\/wp-json\/wp\/v2\/posts\/47981\/revisions\/113370"}],"wp:featuredmedia":[{"embeddable":true,"href":"https:\/\/www.fcbarcelonanoticias.com\/en\/wp-json\/wp\/v2\/media\/34640"}],"wp:attachment":[{"href":"https:\/\/www.fcbarcelonanoticias.com\/en\/wp-json\/wp\/v2\/media?parent=47981"}],"wp:term":[{"taxonomy":"category","embeddable":true,"href":"https:\/\/www.fcbarcelonanoticias.com\/en\/wp-json\/wp\/v2\/categories?post=47981"},{"taxonomy":"post_tag","embeddable":true,"href":"https:\/\/www.fcbarcelonanoticias.com\/en\/wp-json\/wp\/v2\/tags?post=47981"}],"curies":[{"name":"wp","href":"https:\/\/api.w.org\/{rel}","templated":true}]}}