{"id":4839,"date":"2022-05-05T03:13:00","date_gmt":"2022-05-05T01:13:00","guid":{"rendered":"https:\/\/weisetech.dev\/fc-barcelona-noticias\/en\/historical-17a-final-of-champions-of-the-madrid-and-5a-of-ance_280005_102\/"},"modified":"2022-05-05T03:13:00","modified_gmt":"2022-05-05T01:13:00","slug":"historical-17a-final-of-champions-of-the-madrid-and-5a-of-ance_280005_102","status":"publish","type":"post","link":"https:\/\/www.fcbarcelonanoticias.com\/en\/champions-league\/historical-17a-final-of-champions-of-the-madrid-and-5a-of-ance_280005_102.html","title":{"rendered":"Historic: Madrid&#8217;s 17th Champions League final and Ancelotti&#8217;s 5th"},"content":{"rendered":"<h2 class=\"wp-block-heading\">Real Madrid performed a new &#8216;miracle&#8217; and returned to the Champions League final four years later to face the team they beat in their last conquest: Liverpool. Carlo Ancelotti, meanwhile, is going for his fourth &#8216;orejona&#8217;<\/h2>  \r\n<div class=\"article-addons\">\r\n    <a href=\"https:\/\/www.fcbarcelonanoticias.com\/en\/calendar-fc-barcelona.html\"\r\n       target=\"_self\"\r\n       title=\"Calendar of FC Barcelona\"\r\n       class=\"blue-gredient-btn\">\r\n       \r\n        Calendar of FC Barcelona    <\/a>\r\n<\/div>   <p>The Real Madrid deleted to the Manchester City with a new traced back (3-1, 6-5 global) and will contest a new final of the Champions League, the seventeenth of his history. <strong>The whites return to the decisive instance of the maximum tournament of European clubs four years after his last conquest<\/strong>. In front, the Liverpool of Jurgen Klopp, club that will look for revancha to the defeat suffered in 2018 in front of the &#8216;merengues&#8217; in Kiev.<\/p>  <p>The final of the 2021-22 will be the sixth of the &#8216;white House&#8217; in the 21st century and<strong> the second in the Stade of France<\/strong>. In the season 99-00, <strong>the then directed by Vicente Of the Forest golearon to Valencia in Saint Denis (3-0) <\/strong>to conquer his eighth Glass of Europe. The stadium of the French selection was also headquarters of the final in 2006, when the FC Barcelona defeated to the Arsenal (2-1) to add his second Champions.<\/p>  <p><strong>The Madrid does not lose a final of the League of Champions from 1981. Casually, also it went in Paris and in front of the Liverpool (1-0), but in the Park of the Princes<\/strong> with a goal of Alan Kennedy in the minute 82. It was the golden age of the &#8216;reds&#8217; in Europe, winning four titles in eight years (1977, 78&#8242;, 81&#8242; and 85&#8242;). The &#8216;merengues&#8217; add 13 titles and only 3 falls in the decisive instance of the Champions. His others defeats were in front of the Benfica in 1961 (3-2) and the Inter of Milan in 1964 (3-1).<\/p>  <h3>Ancelotti Looks for to go on doing history<\/h3>  <p>By his part, <strong>Carlo Anceotti will look for to turn into the first trainer in winning four &#8216;orejonas&#8217;<\/strong>. The Italian won two with the AC Milan (2003, 2007) and one with the Madrid (2014 in front of the Athletic, 4-1). <strong>His only defeat in the bench in a final of the League of Champions was, casually, in front of the Liverpool of Rafa Ben\u00edtez<\/strong> in the mythical traced back of Istanbul (3-3, 5-3 p.). Nevertheless, &#8216;Carletto&#8217; would attain the &#8216;vendetta&#8217; in 2007 (2-1 in Athens).<\/p>  <p>The weekend, <strong>the technician of Reggiolo turned into the first trainer champion in the four big leagues of the European football (Italy, England, Germany and Spain)<\/strong>. By his part, Jurgen Klopp will look for his second Champions with the Liverpool and the sixth for the &#8216;reds&#8217;. After the defeat in front of the Madrid in 2018, the ones of Anfield replaced in 2019 to win to the Tottenham in Wanda Metropolitan (2-0). Now, all the ways drive to Paris, in a final that will be historical without mattering who win it.<\/p> ","protected":false},"excerpt":{"rendered":"<p>Real Madrid performed a new &#8216;miracle&#8217; and returned to the Champions League final four years later to face the team they beat in their last conquest: Liverpool. Carlo Ancelotti, meanwhile, is going for his fourth &#8216;orejona&#8217; The Real Madrid deleted to the Manchester City with a new traced back (3-1, 6-5 global) and will contest [&hellip;]<\/p>\n","protected":false},"author":347,"featured_media":4840,"comment_status":"closed","ping_status":"open","sticky":false,"template":"","format":"standard","meta":{"_acf_changed":false,"inline_featured_image":false,"_nextfly_llmd_date_locked":false,"footnotes":""},"categories":[112,447],"tags":[97],"class_list":["post-4839","post","type-post","status-publish","format-standard","has-post-thumbnail","hentry","category-champions-league","category-champions-league-2","tag-manchester-city"],"acf":[],"yoast_head":"<!-- This site is optimized with the Yoast SEO plugin v27.3 - https:\/\/yoast.com\/product\/yoast-seo-wordpress\/ -->\n<title>Historic: Madrid&#039;s 17th Champions League final and Ancelotti&#039;s 5th<\/title>\n<meta name=\"description\" content=\"The Real Madrid acted a new &#039;miracle&#039; and returns to the final of the Champions League four years afterwards to confront to the team that won in his last conqu...\" \/>\n<meta name=\"robots\" content=\"index, follow, max-snippet:-1, max-image-preview:large, max-video-preview:-1\" \/>\n<link rel=\"canonical\" href=\"https:\/\/www.fcbarcelonanoticias.com\/en\/champions-league\/historical-17a-final-of-champions-of-the-madrid-and-5a-of-ance_280005_102.html\" \/>\n<meta property=\"og:locale\" content=\"en_US\" \/>\n<meta property=\"og:type\" content=\"article\" \/>\n<meta property=\"og:title\" content=\"Historic: Madrid&#039;s 17th Champions League final and Ancelotti&#039;s 5th\" \/>\n<meta property=\"og:description\" content=\"The Real Madrid acted a new &#039;miracle&#039; and returns to the final of the Champions League four years afterwards to confront to the team that won in his last conqu...\" \/>\n<meta property=\"og:url\" content=\"https:\/\/www.fcbarcelonanoticias.com\/en\/champions-league\/historical-17a-final-of-champions-of-the-madrid-and-5a-of-ance_280005_102.html\" \/>\n<meta property=\"og:site_name\" content=\"EN - FC Barcelona Noticias\" \/>\n<meta property=\"article:published_time\" content=\"2022-05-05T01:13:00+00:00\" \/>\n<meta property=\"og:image\" content=\"https:\/\/www.fcbarcelonanoticias.com\/en\/wp-content\/uploads\/sites\/2\/2022\/05\/carlo-ancelotti-real-madrid.jpeg\" \/>\n\t<meta property=\"og:image:width\" content=\"1300\" \/>\n\t<meta property=\"og:image:height\" content=\"732\" \/>\n\t<meta property=\"og:image:type\" content=\"image\/jpeg\" \/>\n<meta name=\"author\" content=\"Andr\u00e9s Quiroz\" \/>\n<meta name=\"twitter:card\" content=\"summary_large_image\" \/>\n<meta name=\"twitter:label1\" content=\"Written by\" \/>\n\t<meta name=\"twitter:data1\" content=\"Andr\u00e9s Quiroz\" \/>\n\t<meta name=\"twitter:label2\" content=\"Est. reading time\" \/>\n\t<meta name=\"twitter:data2\" content=\"2 minutes\" \/>\n<script type=\"application\/ld+json\" class=\"yoast-schema-graph\">{\"@context\":\"https:\\\/\\\/schema.org\",\"@graph\":[{\"@type\":\"Article\",\"@id\":\"https:\\\/\\\/www.fcbarcelonanoticias.com\\\/en\\\/champions-league\\\/historical-17a-final-of-champions-of-the-madrid-and-5a-of-ance_280005_102.html#article\",\"isPartOf\":{\"@id\":\"https:\\\/\\\/www.fcbarcelonanoticias.com\\\/en\\\/champions-league\\\/historical-17a-final-of-champions-of-the-madrid-and-5a-of-ance_280005_102.html\"},\"author\":{\"name\":\"Andr\u00e9s Quiroz\",\"@id\":\"https:\\\/\\\/www.fcbarcelonanoticias.com\\\/en\\\/#\\\/schema\\\/person\\\/c2cd9f6fa1af5c0d0eccd0fefa575c88\"},\"headline\":\"Historic: Madrid&#8217;s 17th Champions League final and Ancelotti&#8217;s 5th\",\"datePublished\":\"2022-05-05T01:13:00+00:00\",\"mainEntityOfPage\":{\"@id\":\"https:\\\/\\\/www.fcbarcelonanoticias.com\\\/en\\\/champions-league\\\/historical-17a-final-of-champions-of-the-madrid-and-5a-of-ance_280005_102.html\"},\"wordCount\":471,\"image\":{\"@id\":\"https:\\\/\\\/www.fcbarcelonanoticias.com\\\/en\\\/champions-league\\\/historical-17a-final-of-champions-of-the-madrid-and-5a-of-ance_280005_102.html#primaryimage\"},\"thumbnailUrl\":\"https:\\\/\\\/www.fcbarcelonanoticias.com\\\/en\\\/wp-content\\\/uploads\\\/sites\\\/2\\\/2022\\\/05\\\/carlo-ancelotti-real-madrid.jpeg\",\"keywords\":[\"Manchester City\"],\"articleSection\":[\"Champions League\",\"Champions League\"],\"inLanguage\":\"en-US\"},{\"@type\":\"WebPage\",\"@id\":\"https:\\\/\\\/www.fcbarcelonanoticias.com\\\/en\\\/champions-league\\\/historical-17a-final-of-champions-of-the-madrid-and-5a-of-ance_280005_102.html\",\"url\":\"https:\\\/\\\/www.fcbarcelonanoticias.com\\\/en\\\/champions-league\\\/historical-17a-final-of-champions-of-the-madrid-and-5a-of-ance_280005_102.html\",\"name\":\"Historic: Madrid's 17th Champions League final and Ancelotti's 5th\",\"isPartOf\":{\"@id\":\"https:\\\/\\\/www.fcbarcelonanoticias.com\\\/en\\\/#website\"},\"primaryImageOfPage\":{\"@id\":\"https:\\\/\\\/www.fcbarcelonanoticias.com\\\/en\\\/champions-league\\\/historical-17a-final-of-champions-of-the-madrid-and-5a-of-ance_280005_102.html#primaryimage\"},\"image\":{\"@id\":\"https:\\\/\\\/www.fcbarcelonanoticias.com\\\/en\\\/champions-league\\\/historical-17a-final-of-champions-of-the-madrid-and-5a-of-ance_280005_102.html#primaryimage\"},\"thumbnailUrl\":\"https:\\\/\\\/www.fcbarcelonanoticias.com\\\/en\\\/wp-content\\\/uploads\\\/sites\\\/2\\\/2022\\\/05\\\/carlo-ancelotti-real-madrid.jpeg\",\"datePublished\":\"2022-05-05T01:13:00+00:00\",\"author\":{\"@id\":\"https:\\\/\\\/www.fcbarcelonanoticias.com\\\/en\\\/#\\\/schema\\\/person\\\/c2cd9f6fa1af5c0d0eccd0fefa575c88\"},\"description\":\"The Real Madrid acted a new 'miracle' and returns to the final of the Champions League four years afterwards to confront to the team that won in his last conqu...\",\"breadcrumb\":{\"@id\":\"https:\\\/\\\/www.fcbarcelonanoticias.com\\\/en\\\/champions-league\\\/historical-17a-final-of-champions-of-the-madrid-and-5a-of-ance_280005_102.html#breadcrumb\"},\"inLanguage\":\"en-US\",\"potentialAction\":[{\"@type\":\"ReadAction\",\"target\":[\"https:\\\/\\\/www.fcbarcelonanoticias.com\\\/en\\\/champions-league\\\/historical-17a-final-of-champions-of-the-madrid-and-5a-of-ance_280005_102.html\"]}]},{\"@type\":\"ImageObject\",\"inLanguage\":\"en-US\",\"@id\":\"https:\\\/\\\/www.fcbarcelonanoticias.com\\\/en\\\/champions-league\\\/historical-17a-final-of-champions-of-the-madrid-and-5a-of-ance_280005_102.html#primaryimage\",\"url\":\"https:\\\/\\\/www.fcbarcelonanoticias.com\\\/en\\\/wp-content\\\/uploads\\\/sites\\\/2\\\/2022\\\/05\\\/carlo-ancelotti-real-madrid.jpeg\",\"contentUrl\":\"https:\\\/\\\/www.fcbarcelonanoticias.com\\\/en\\\/wp-content\\\/uploads\\\/sites\\\/2\\\/2022\\\/05\\\/carlo-ancelotti-real-madrid.jpeg\",\"width\":1300,\"height\":732},{\"@type\":\"BreadcrumbList\",\"@id\":\"https:\\\/\\\/www.fcbarcelonanoticias.com\\\/en\\\/champions-league\\\/historical-17a-final-of-champions-of-the-madrid-and-5a-of-ance_280005_102.html#breadcrumb\",\"itemListElement\":[{\"@type\":\"ListItem\",\"position\":1,\"name\":\"Portada\",\"item\":\"https:\\\/\\\/www.fcbarcelonanoticias.com\\\/en\\\/\"},{\"@type\":\"ListItem\",\"position\":2,\"name\":\"Historic: Madrid&#8217;s 17th Champions League final and Ancelotti&#8217;s 5th\"}]},{\"@type\":\"WebSite\",\"@id\":\"https:\\\/\\\/www.fcbarcelonanoticias.com\\\/en\\\/#website\",\"url\":\"https:\\\/\\\/www.fcbarcelonanoticias.com\\\/en\\\/\",\"name\":\"EN - FC Barcelona Noticias\",\"description\":\"\",\"potentialAction\":[{\"@type\":\"SearchAction\",\"target\":{\"@type\":\"EntryPoint\",\"urlTemplate\":\"https:\\\/\\\/www.fcbarcelonanoticias.com\\\/en\\\/?s={search_term_string}\"},\"query-input\":{\"@type\":\"PropertyValueSpecification\",\"valueRequired\":true,\"valueName\":\"search_term_string\"}}],\"inLanguage\":\"en-US\"},{\"@type\":\"Person\",\"@id\":\"https:\\\/\\\/www.fcbarcelonanoticias.com\\\/en\\\/#\\\/schema\\\/person\\\/c2cd9f6fa1af5c0d0eccd0fefa575c88\",\"name\":\"Andr\u00e9s Quiroz\",\"image\":{\"@type\":\"ImageObject\",\"inLanguage\":\"en-US\",\"@id\":\"https:\\\/\\\/secure.gravatar.com\\\/avatar\\\/?s=96&d=mm&r=g\",\"url\":\"https:\\\/\\\/secure.gravatar.com\\\/avatar\\\/?s=96&d=mm&r=g\",\"contentUrl\":\"https:\\\/\\\/secure.gravatar.com\\\/avatar\\\/?s=96&d=mm&r=g\",\"caption\":\"Andr\u00e9s Quiroz\"},\"description\":\"Licenciado en Periodismo por la Universidad de los Andes. Me encargo de analizar y compartir los contenidos m\u00e1s destacados de la\u00a0actualidad del F\u00fatbol Club Barcelona, Mercado de Fichajes y F\u00fatbol Internacional en FCBN. La informaci\u00f3n es poder, pero tambi\u00e9n conocimiento.\",\"url\":\"https:\\\/\\\/www.fcbarcelonanoticias.com\\\/en\\\/fc-barcelona\\\/andres-quiroz_17_115.html\"}]}<\/script>\n<!-- \/ Yoast SEO plugin. -->","yoast_head_json":{"title":"Historic: Madrid's 17th Champions League final and Ancelotti's 5th","description":"The Real Madrid acted a new 'miracle' and returns to the final of the Champions League four years afterwards to confront to the team that won in his last conqu...","robots":{"index":"index","follow":"follow","max-snippet":"max-snippet:-1","max-image-preview":"max-image-preview:large","max-video-preview":"max-video-preview:-1"},"canonical":"https:\/\/www.fcbarcelonanoticias.com\/en\/champions-league\/historical-17a-final-of-champions-of-the-madrid-and-5a-of-ance_280005_102.html","og_locale":"en_US","og_type":"article","og_title":"Historic: Madrid's 17th Champions League final and Ancelotti's 5th","og_description":"The Real Madrid acted a new 'miracle' and returns to the final of the Champions League four years afterwards to confront to the team that won in his last conqu...","og_url":"https:\/\/www.fcbarcelonanoticias.com\/en\/champions-league\/historical-17a-final-of-champions-of-the-madrid-and-5a-of-ance_280005_102.html","og_site_name":"EN - FC Barcelona Noticias","article_published_time":"2022-05-05T01:13:00+00:00","og_image":[{"width":1300,"height":732,"url":"https:\/\/www.fcbarcelonanoticias.com\/en\/wp-content\/uploads\/sites\/2\/2022\/05\/carlo-ancelotti-real-madrid.jpeg","type":"image\/jpeg"}],"author":"Andr\u00e9s Quiroz","twitter_card":"summary_large_image","twitter_misc":{"Written by":"Andr\u00e9s Quiroz","Est. reading time":"2 minutes"},"schema":{"@context":"https:\/\/schema.org","@graph":[{"@type":"Article","@id":"https:\/\/www.fcbarcelonanoticias.com\/en\/champions-league\/historical-17a-final-of-champions-of-the-madrid-and-5a-of-ance_280005_102.html#article","isPartOf":{"@id":"https:\/\/www.fcbarcelonanoticias.com\/en\/champions-league\/historical-17a-final-of-champions-of-the-madrid-and-5a-of-ance_280005_102.html"},"author":{"name":"Andr\u00e9s Quiroz","@id":"https:\/\/www.fcbarcelonanoticias.com\/en\/#\/schema\/person\/c2cd9f6fa1af5c0d0eccd0fefa575c88"},"headline":"Historic: Madrid&#8217;s 17th Champions League final and Ancelotti&#8217;s 5th","datePublished":"2022-05-05T01:13:00+00:00","mainEntityOfPage":{"@id":"https:\/\/www.fcbarcelonanoticias.com\/en\/champions-league\/historical-17a-final-of-champions-of-the-madrid-and-5a-of-ance_280005_102.html"},"wordCount":471,"image":{"@id":"https:\/\/www.fcbarcelonanoticias.com\/en\/champions-league\/historical-17a-final-of-champions-of-the-madrid-and-5a-of-ance_280005_102.html#primaryimage"},"thumbnailUrl":"https:\/\/www.fcbarcelonanoticias.com\/en\/wp-content\/uploads\/sites\/2\/2022\/05\/carlo-ancelotti-real-madrid.jpeg","keywords":["Manchester City"],"articleSection":["Champions League","Champions League"],"inLanguage":"en-US"},{"@type":"WebPage","@id":"https:\/\/www.fcbarcelonanoticias.com\/en\/champions-league\/historical-17a-final-of-champions-of-the-madrid-and-5a-of-ance_280005_102.html","url":"https:\/\/www.fcbarcelonanoticias.com\/en\/champions-league\/historical-17a-final-of-champions-of-the-madrid-and-5a-of-ance_280005_102.html","name":"Historic: Madrid's 17th Champions League final and Ancelotti's 5th","isPartOf":{"@id":"https:\/\/www.fcbarcelonanoticias.com\/en\/#website"},"primaryImageOfPage":{"@id":"https:\/\/www.fcbarcelonanoticias.com\/en\/champions-league\/historical-17a-final-of-champions-of-the-madrid-and-5a-of-ance_280005_102.html#primaryimage"},"image":{"@id":"https:\/\/www.fcbarcelonanoticias.com\/en\/champions-league\/historical-17a-final-of-champions-of-the-madrid-and-5a-of-ance_280005_102.html#primaryimage"},"thumbnailUrl":"https:\/\/www.fcbarcelonanoticias.com\/en\/wp-content\/uploads\/sites\/2\/2022\/05\/carlo-ancelotti-real-madrid.jpeg","datePublished":"2022-05-05T01:13:00+00:00","author":{"@id":"https:\/\/www.fcbarcelonanoticias.com\/en\/#\/schema\/person\/c2cd9f6fa1af5c0d0eccd0fefa575c88"},"description":"The Real Madrid acted a new 'miracle' and returns to the final of the Champions League four years afterwards to confront to the team that won in his last conqu...","breadcrumb":{"@id":"https:\/\/www.fcbarcelonanoticias.com\/en\/champions-league\/historical-17a-final-of-champions-of-the-madrid-and-5a-of-ance_280005_102.html#breadcrumb"},"inLanguage":"en-US","potentialAction":[{"@type":"ReadAction","target":["https:\/\/www.fcbarcelonanoticias.com\/en\/champions-league\/historical-17a-final-of-champions-of-the-madrid-and-5a-of-ance_280005_102.html"]}]},{"@type":"ImageObject","inLanguage":"en-US","@id":"https:\/\/www.fcbarcelonanoticias.com\/en\/champions-league\/historical-17a-final-of-champions-of-the-madrid-and-5a-of-ance_280005_102.html#primaryimage","url":"https:\/\/www.fcbarcelonanoticias.com\/en\/wp-content\/uploads\/sites\/2\/2022\/05\/carlo-ancelotti-real-madrid.jpeg","contentUrl":"https:\/\/www.fcbarcelonanoticias.com\/en\/wp-content\/uploads\/sites\/2\/2022\/05\/carlo-ancelotti-real-madrid.jpeg","width":1300,"height":732},{"@type":"BreadcrumbList","@id":"https:\/\/www.fcbarcelonanoticias.com\/en\/champions-league\/historical-17a-final-of-champions-of-the-madrid-and-5a-of-ance_280005_102.html#breadcrumb","itemListElement":[{"@type":"ListItem","position":1,"name":"Portada","item":"https:\/\/www.fcbarcelonanoticias.com\/en\/"},{"@type":"ListItem","position":2,"name":"Historic: Madrid&#8217;s 17th Champions League final and Ancelotti&#8217;s 5th"}]},{"@type":"WebSite","@id":"https:\/\/www.fcbarcelonanoticias.com\/en\/#website","url":"https:\/\/www.fcbarcelonanoticias.com\/en\/","name":"EN - FC Barcelona Noticias","description":"","potentialAction":[{"@type":"SearchAction","target":{"@type":"EntryPoint","urlTemplate":"https:\/\/www.fcbarcelonanoticias.com\/en\/?s={search_term_string}"},"query-input":{"@type":"PropertyValueSpecification","valueRequired":true,"valueName":"search_term_string"}}],"inLanguage":"en-US"},{"@type":"Person","@id":"https:\/\/www.fcbarcelonanoticias.com\/en\/#\/schema\/person\/c2cd9f6fa1af5c0d0eccd0fefa575c88","name":"Andr\u00e9s Quiroz","image":{"@type":"ImageObject","inLanguage":"en-US","@id":"https:\/\/secure.gravatar.com\/avatar\/?s=96&d=mm&r=g","url":"https:\/\/secure.gravatar.com\/avatar\/?s=96&d=mm&r=g","contentUrl":"https:\/\/secure.gravatar.com\/avatar\/?s=96&d=mm&r=g","caption":"Andr\u00e9s Quiroz"},"description":"Licenciado en Periodismo por la Universidad de los Andes. Me encargo de analizar y compartir los contenidos m\u00e1s destacados de la\u00a0actualidad del F\u00fatbol Club Barcelona, Mercado de Fichajes y F\u00fatbol Internacional en FCBN. La informaci\u00f3n es poder, pero tambi\u00e9n conocimiento.","url":"https:\/\/www.fcbarcelonanoticias.com\/en\/fc-barcelona\/andres-quiroz_17_115.html"}]}},"_links":{"self":[{"href":"https:\/\/www.fcbarcelonanoticias.com\/en\/wp-json\/wp\/v2\/posts\/4839","targetHints":{"allow":["GET"]}}],"collection":[{"href":"https:\/\/www.fcbarcelonanoticias.com\/en\/wp-json\/wp\/v2\/posts"}],"about":[{"href":"https:\/\/www.fcbarcelonanoticias.com\/en\/wp-json\/wp\/v2\/types\/post"}],"author":[{"embeddable":true,"href":"https:\/\/www.fcbarcelonanoticias.com\/en\/wp-json\/wp\/v2\/users\/347"}],"replies":[{"embeddable":true,"href":"https:\/\/www.fcbarcelonanoticias.com\/en\/wp-json\/wp\/v2\/comments?post=4839"}],"version-history":[{"count":1,"href":"https:\/\/www.fcbarcelonanoticias.com\/en\/wp-json\/wp\/v2\/posts\/4839\/revisions"}],"predecessor-version":[{"id":101801,"href":"https:\/\/www.fcbarcelonanoticias.com\/en\/wp-json\/wp\/v2\/posts\/4839\/revisions\/101801"}],"wp:featuredmedia":[{"embeddable":true,"href":"https:\/\/www.fcbarcelonanoticias.com\/en\/wp-json\/wp\/v2\/media\/4840"}],"wp:attachment":[{"href":"https:\/\/www.fcbarcelonanoticias.com\/en\/wp-json\/wp\/v2\/media?parent=4839"}],"wp:term":[{"taxonomy":"category","embeddable":true,"href":"https:\/\/www.fcbarcelonanoticias.com\/en\/wp-json\/wp\/v2\/categories?post=4839"},{"taxonomy":"post_tag","embeddable":true,"href":"https:\/\/www.fcbarcelonanoticias.com\/en\/wp-json\/wp\/v2\/tags?post=4839"}],"curies":[{"name":"wp","href":"https:\/\/api.w.org\/{rel}","templated":true}]}}