{"id":48554,"date":"2023-01-15T20:11:00","date_gmt":"2023-01-15T19:11:00","guid":{"rendered":"https:\/\/weisetech.dev\/fc-barcelona-noticias\/en\/madness-in-the-kings-league-of-the-twingo-of-hammered-to-the-return-of-aguero_288656_102\/"},"modified":"2023-01-15T20:11:00","modified_gmt":"2023-01-15T19:11:00","slug":"madness-in-the-kings-league-of-the-twingo-of-hammered-to-the-return-of-aguero_288656_102","status":"publish","type":"post","link":"https:\/\/www.fcbarcelonanoticias.com\/en\/kings-league\/madness-in-the-kings-league-of-the-twingo-of-hammered-to-the-return-of-aguero_288656_102.html","title":{"rendered":"Madness in the Kings League: From Piqu\u00e9&#8217;s Twingo to the &#8216;return&#8217; of Ag\u00fcero"},"content":{"rendered":"<h2 class=\"wp-block-heading\">The Kings League has not disappointed on its third day and has &#8216;joined&#8217; the controversy in which its president, Gerard Piqu\u00e9, is involved, in the midst of his &#8216;war&#8217; with his ex-partner, Shakira<\/h2>  \r\n<div class=\"article-addons\">\r\n    <a href=\"https:\/\/www.fcbarcelonanoticias.com\/en\/calendar-fc-barcelona.html\"\r\n       target=\"_self\"\r\n       title=\"Calendar of FC Barcelona\"\r\n       class=\"blue-gredient-btn\">\r\n       \r\n        Calendar of FC Barcelona    <\/a>\r\n<\/div>   <p>It existed a lot of expectation by the day of this Sunday of the Kings League after all the controversy that has lived in the last days around Gerard Hammered, president of the tournament, and also by the doubts on who would be the &#8216;Joker&#8217;, <strong>whose identity was being a subject of discussion by all the fans of the new tournament. <\/strong><\/p>  <p>The day began with a video of Gerard Hammered arriving in a Twingo, doing reference to the song that his expareja, Shakira, devoted him in the last days after it finished his relation<strong> (&#8220;changed a Ferrari by a Twingo&#8221;, says the song)<\/strong> . It has been the second reaction of the exfutbolista of the <a data-external=\"0\" data-intl-links-en=\"https:\/\/www.fcbarcelonanoticias.com\/en\/fc-barcelona\" data-intl-links-es=\"https:\/\/www.fcbarcelonanoticias.com\/fc-barcelona\" href=\"https:\/\/www.fcbarcelonanoticias.com\/en\/football-soccer\/fc-barcelona.html\" rel=\"follow\" target=\"_self\" title=\"FC Barcelona\">FC Barcelona<\/a> in less than 48 hours.<\/p>  <p>And it is that I Hammered before it had announced an agreement of the Kings League with the mark of clocks Casio, to which also Shakira does reference in his session with BZRP, with &#8220;changed a Rolex by Casio&#8221;), but finished issuing a communiqu\u00e9 desmitiendo the sponsorship. Although them &#8216;salpic\u00f3&#8217; the subject, have not wrapped to the controversy and, in fact, published an image aiming that <strong>&#8220;sure you have seen a note in interner that we sponsor to somebody, clearly is not like this. We are Team Casio)&#8221;. <\/strong><\/p>  <h3>Ag\u00fcero, the surprise<\/h3>  <p>To part of the controversy with Hammered, this Sunday also has been news qu<strong>and desvel\u00f3 the identity of the mysterious player, before the party between Kunisports and Swine.<\/strong> They had several tracks before it knew that it was the &#8216;Kun Ag\u00fcero&#8217;, as that it was minor of 40 years, had arrived to semifinals of Champions League and that had played against of another of the presidents of the Kings League, Iker Boxes.<\/p> ","protected":false},"excerpt":{"rendered":"<p>The Kings League has not disappointed on its third day and has &#8216;joined&#8217; the controversy in which its president, Gerard Piqu\u00e9, is involved, in the midst of his &#8216;war&#8217; with his ex-partner, Shakira It existed a lot of expectation by the day of this Sunday of the Kings League after all the controversy that has [&hellip;]<\/p>\n","protected":false},"author":353,"featured_media":48555,"comment_status":"closed","ping_status":"open","sticky":false,"template":"","format":"standard","meta":{"_acf_changed":false,"inline_featured_image":false,"_nextfly_llmd_date_locked":false,"footnotes":""},"categories":[1],"tags":[163,141],"class_list":["post-48554","post","type-post","status-publish","format-standard","has-post-thumbnail","hentry","category-sin-categoria","tag-gerard-pique","tag-kun-agueero"],"acf":[],"yoast_head":"<!-- This site is optimized with the Yoast SEO plugin v27.3 - https:\/\/yoast.com\/product\/yoast-seo-wordpress\/ -->\n<title>Madness in the Kings League: Of the Twingo of Hammered to the &#039;return&#039; of Ag\u00fcero<\/title>\n<meta name=\"description\" content=\"The Kings League has not disappointed in his third day and has &#039;added&#039; to the controversy in which it is wrapped his president, Gerard Hammered, in the middle of his &#039;war&#039; with his expareja, Shakira\" \/>\n<meta name=\"robots\" content=\"index, follow, max-snippet:-1, max-image-preview:large, max-video-preview:-1\" \/>\n<link rel=\"canonical\" href=\"https:\/\/www.fcbarcelonanoticias.com\/en\/kings-league\/madness-in-the-kings-league-of-the-twingo-of-hammered-to-the-return-of-aguero_288656_102.html\" \/>\n<meta property=\"og:locale\" content=\"en_US\" \/>\n<meta property=\"og:type\" content=\"article\" \/>\n<meta property=\"og:title\" content=\"Madness in the Kings League: Of the Twingo of Hammered to the &#039;return&#039; of Ag\u00fcero\" \/>\n<meta property=\"og:description\" content=\"The Kings League has not disappointed in his third day and has &#039;added&#039; to the controversy in which it is wrapped his president, Gerard Hammered, in the middle of his &#039;war&#039; with his expareja, Shakira\" \/>\n<meta property=\"og:url\" content=\"https:\/\/www.fcbarcelonanoticias.com\/en\/kings-league\/madness-in-the-kings-league-of-the-twingo-of-hammered-to-the-return-of-aguero_288656_102.html\" \/>\n<meta property=\"og:site_name\" content=\"EN - FC Barcelona Noticias\" \/>\n<meta property=\"article:published_time\" content=\"2023-01-15T19:11:00+00:00\" \/>\n<meta property=\"og:image\" content=\"https:\/\/www.fcbarcelonanoticias.com\/en\/wp-content\/uploads\/sites\/2\/2023\/01\/tennis-davis-cup-ita-can-1.jpeg\" \/>\n\t<meta property=\"og:image:width\" content=\"1200\" \/>\n\t<meta property=\"og:image:height\" content=\"713\" \/>\n\t<meta property=\"og:image:type\" content=\"image\/jpeg\" \/>\n<meta name=\"author\" content=\"FC Barcelona Noticias\" \/>\n<meta name=\"twitter:card\" content=\"summary_large_image\" \/>\n<meta name=\"twitter:label1\" content=\"Written by\" \/>\n\t<meta name=\"twitter:data1\" content=\"FC Barcelona Noticias\" \/>\n\t<meta name=\"twitter:label2\" content=\"Est. reading time\" \/>\n\t<meta name=\"twitter:data2\" content=\"2 minutes\" \/>\n<script type=\"application\/ld+json\" class=\"yoast-schema-graph\">{\"@context\":\"https:\\\/\\\/schema.org\",\"@graph\":[{\"@type\":\"Article\",\"@id\":\"https:\\\/\\\/www.fcbarcelonanoticias.com\\\/en\\\/kings-league\\\/madness-in-the-kings-league-of-the-twingo-of-hammered-to-the-return-of-aguero_288656_102.html#article\",\"isPartOf\":{\"@id\":\"https:\\\/\\\/www.fcbarcelonanoticias.com\\\/en\\\/kings-league\\\/madness-in-the-kings-league-of-the-twingo-of-hammered-to-the-return-of-aguero_288656_102.html\"},\"author\":{\"name\":\"FC Barcelona Noticias\",\"@id\":\"https:\\\/\\\/www.fcbarcelonanoticias.com\\\/en\\\/#\\\/schema\\\/person\\\/0f2810101d27606974cdb8edb54fa54b\"},\"headline\":\"Madness in the Kings League: From Piqu\u00e9&#8217;s Twingo to the &#8216;return&#8217; of Ag\u00fcero\",\"datePublished\":\"2023-01-15T19:11:00+00:00\",\"mainEntityOfPage\":{\"@id\":\"https:\\\/\\\/www.fcbarcelonanoticias.com\\\/en\\\/kings-league\\\/madness-in-the-kings-league-of-the-twingo-of-hammered-to-the-return-of-aguero_288656_102.html\"},\"wordCount\":332,\"image\":{\"@id\":\"https:\\\/\\\/www.fcbarcelonanoticias.com\\\/en\\\/kings-league\\\/madness-in-the-kings-league-of-the-twingo-of-hammered-to-the-return-of-aguero_288656_102.html#primaryimage\"},\"thumbnailUrl\":\"https:\\\/\\\/www.fcbarcelonanoticias.com\\\/en\\\/wp-content\\\/uploads\\\/sites\\\/2\\\/2023\\\/01\\\/tennis-davis-cup-ita-can-1.jpeg\",\"keywords\":[\"Gerard Piqu\u00e9\",\"Kun Ag\u00fcero\"],\"articleSection\":[\"Sin categor\u00eda\"],\"inLanguage\":\"en-US\"},{\"@type\":\"WebPage\",\"@id\":\"https:\\\/\\\/www.fcbarcelonanoticias.com\\\/en\\\/kings-league\\\/madness-in-the-kings-league-of-the-twingo-of-hammered-to-the-return-of-aguero_288656_102.html\",\"url\":\"https:\\\/\\\/www.fcbarcelonanoticias.com\\\/en\\\/kings-league\\\/madness-in-the-kings-league-of-the-twingo-of-hammered-to-the-return-of-aguero_288656_102.html\",\"name\":\"Madness in the Kings League: Of the Twingo of Hammered to the 'return' of Ag\u00fcero\",\"isPartOf\":{\"@id\":\"https:\\\/\\\/www.fcbarcelonanoticias.com\\\/en\\\/#website\"},\"primaryImageOfPage\":{\"@id\":\"https:\\\/\\\/www.fcbarcelonanoticias.com\\\/en\\\/kings-league\\\/madness-in-the-kings-league-of-the-twingo-of-hammered-to-the-return-of-aguero_288656_102.html#primaryimage\"},\"image\":{\"@id\":\"https:\\\/\\\/www.fcbarcelonanoticias.com\\\/en\\\/kings-league\\\/madness-in-the-kings-league-of-the-twingo-of-hammered-to-the-return-of-aguero_288656_102.html#primaryimage\"},\"thumbnailUrl\":\"https:\\\/\\\/www.fcbarcelonanoticias.com\\\/en\\\/wp-content\\\/uploads\\\/sites\\\/2\\\/2023\\\/01\\\/tennis-davis-cup-ita-can-1.jpeg\",\"datePublished\":\"2023-01-15T19:11:00+00:00\",\"author\":{\"@id\":\"https:\\\/\\\/www.fcbarcelonanoticias.com\\\/en\\\/#\\\/schema\\\/person\\\/0f2810101d27606974cdb8edb54fa54b\"},\"description\":\"The Kings League has not disappointed in his third day and has 'added' to the controversy in which it is wrapped his president, Gerard Hammered, in the middle of his 'war' with his expareja, Shakira\",\"breadcrumb\":{\"@id\":\"https:\\\/\\\/www.fcbarcelonanoticias.com\\\/en\\\/kings-league\\\/madness-in-the-kings-league-of-the-twingo-of-hammered-to-the-return-of-aguero_288656_102.html#breadcrumb\"},\"inLanguage\":\"en-US\",\"potentialAction\":[{\"@type\":\"ReadAction\",\"target\":[\"https:\\\/\\\/www.fcbarcelonanoticias.com\\\/en\\\/kings-league\\\/madness-in-the-kings-league-of-the-twingo-of-hammered-to-the-return-of-aguero_288656_102.html\"]}]},{\"@type\":\"ImageObject\",\"inLanguage\":\"en-US\",\"@id\":\"https:\\\/\\\/www.fcbarcelonanoticias.com\\\/en\\\/kings-league\\\/madness-in-the-kings-league-of-the-twingo-of-hammered-to-the-return-of-aguero_288656_102.html#primaryimage\",\"url\":\"https:\\\/\\\/www.fcbarcelonanoticias.com\\\/en\\\/wp-content\\\/uploads\\\/sites\\\/2\\\/2023\\\/01\\\/tennis-davis-cup-ita-can-1.jpeg\",\"contentUrl\":\"https:\\\/\\\/www.fcbarcelonanoticias.com\\\/en\\\/wp-content\\\/uploads\\\/sites\\\/2\\\/2023\\\/01\\\/tennis-davis-cup-ita-can-1.jpeg\",\"width\":1200,\"height\":713},{\"@type\":\"BreadcrumbList\",\"@id\":\"https:\\\/\\\/www.fcbarcelonanoticias.com\\\/en\\\/kings-league\\\/madness-in-the-kings-league-of-the-twingo-of-hammered-to-the-return-of-aguero_288656_102.html#breadcrumb\",\"itemListElement\":[{\"@type\":\"ListItem\",\"position\":1,\"name\":\"Portada\",\"item\":\"https:\\\/\\\/www.fcbarcelonanoticias.com\\\/en\\\/\"},{\"@type\":\"ListItem\",\"position\":2,\"name\":\"Madness in the Kings League: From Piqu\u00e9&#8217;s Twingo to the &#8216;return&#8217; of Ag\u00fcero\"}]},{\"@type\":\"WebSite\",\"@id\":\"https:\\\/\\\/www.fcbarcelonanoticias.com\\\/en\\\/#website\",\"url\":\"https:\\\/\\\/www.fcbarcelonanoticias.com\\\/en\\\/\",\"name\":\"EN - FC Barcelona Noticias\",\"description\":\"\",\"potentialAction\":[{\"@type\":\"SearchAction\",\"target\":{\"@type\":\"EntryPoint\",\"urlTemplate\":\"https:\\\/\\\/www.fcbarcelonanoticias.com\\\/en\\\/?s={search_term_string}\"},\"query-input\":{\"@type\":\"PropertyValueSpecification\",\"valueRequired\":true,\"valueName\":\"search_term_string\"}}],\"inLanguage\":\"en-US\"},{\"@type\":\"Person\",\"@id\":\"https:\\\/\\\/www.fcbarcelonanoticias.com\\\/en\\\/#\\\/schema\\\/person\\\/0f2810101d27606974cdb8edb54fa54b\",\"name\":\"FC Barcelona Noticias\",\"image\":{\"@type\":\"ImageObject\",\"inLanguage\":\"en-US\",\"@id\":\"https:\\\/\\\/secure.gravatar.com\\\/avatar\\\/?s=96&d=mm&r=g\",\"url\":\"https:\\\/\\\/secure.gravatar.com\\\/avatar\\\/?s=96&d=mm&r=g\",\"contentUrl\":\"https:\\\/\\\/secure.gravatar.com\\\/avatar\\\/?s=96&d=mm&r=g\",\"caption\":\"FC Barcelona Noticias\"},\"url\":\"https:\\\/\\\/www.fcbarcelonanoticias.com\\\/en\\\/fc-barcelona\\\/fcbn-writing-fc-barcelona-news_6_115.html\"}]}<\/script>\n<!-- \/ Yoast SEO plugin. -->","yoast_head_json":{"title":"Madness in the Kings League: Of the Twingo of Hammered to the 'return' of Ag\u00fcero","description":"The Kings League has not disappointed in his third day and has 'added' to the controversy in which it is wrapped his president, Gerard Hammered, in the middle of his 'war' with his expareja, Shakira","robots":{"index":"index","follow":"follow","max-snippet":"max-snippet:-1","max-image-preview":"max-image-preview:large","max-video-preview":"max-video-preview:-1"},"canonical":"https:\/\/www.fcbarcelonanoticias.com\/en\/kings-league\/madness-in-the-kings-league-of-the-twingo-of-hammered-to-the-return-of-aguero_288656_102.html","og_locale":"en_US","og_type":"article","og_title":"Madness in the Kings League: Of the Twingo of Hammered to the 'return' of Ag\u00fcero","og_description":"The Kings League has not disappointed in his third day and has 'added' to the controversy in which it is wrapped his president, Gerard Hammered, in the middle of his 'war' with his expareja, Shakira","og_url":"https:\/\/www.fcbarcelonanoticias.com\/en\/kings-league\/madness-in-the-kings-league-of-the-twingo-of-hammered-to-the-return-of-aguero_288656_102.html","og_site_name":"EN - FC Barcelona Noticias","article_published_time":"2023-01-15T19:11:00+00:00","og_image":[{"width":1200,"height":713,"url":"https:\/\/www.fcbarcelonanoticias.com\/en\/wp-content\/uploads\/sites\/2\/2023\/01\/tennis-davis-cup-ita-can-1.jpeg","type":"image\/jpeg"}],"author":"FC Barcelona Noticias","twitter_card":"summary_large_image","twitter_misc":{"Written by":"FC Barcelona Noticias","Est. reading time":"2 minutes"},"schema":{"@context":"https:\/\/schema.org","@graph":[{"@type":"Article","@id":"https:\/\/www.fcbarcelonanoticias.com\/en\/kings-league\/madness-in-the-kings-league-of-the-twingo-of-hammered-to-the-return-of-aguero_288656_102.html#article","isPartOf":{"@id":"https:\/\/www.fcbarcelonanoticias.com\/en\/kings-league\/madness-in-the-kings-league-of-the-twingo-of-hammered-to-the-return-of-aguero_288656_102.html"},"author":{"name":"FC Barcelona Noticias","@id":"https:\/\/www.fcbarcelonanoticias.com\/en\/#\/schema\/person\/0f2810101d27606974cdb8edb54fa54b"},"headline":"Madness in the Kings League: From Piqu\u00e9&#8217;s Twingo to the &#8216;return&#8217; of Ag\u00fcero","datePublished":"2023-01-15T19:11:00+00:00","mainEntityOfPage":{"@id":"https:\/\/www.fcbarcelonanoticias.com\/en\/kings-league\/madness-in-the-kings-league-of-the-twingo-of-hammered-to-the-return-of-aguero_288656_102.html"},"wordCount":332,"image":{"@id":"https:\/\/www.fcbarcelonanoticias.com\/en\/kings-league\/madness-in-the-kings-league-of-the-twingo-of-hammered-to-the-return-of-aguero_288656_102.html#primaryimage"},"thumbnailUrl":"https:\/\/www.fcbarcelonanoticias.com\/en\/wp-content\/uploads\/sites\/2\/2023\/01\/tennis-davis-cup-ita-can-1.jpeg","keywords":["Gerard Piqu\u00e9","Kun Ag\u00fcero"],"articleSection":["Sin categor\u00eda"],"inLanguage":"en-US"},{"@type":"WebPage","@id":"https:\/\/www.fcbarcelonanoticias.com\/en\/kings-league\/madness-in-the-kings-league-of-the-twingo-of-hammered-to-the-return-of-aguero_288656_102.html","url":"https:\/\/www.fcbarcelonanoticias.com\/en\/kings-league\/madness-in-the-kings-league-of-the-twingo-of-hammered-to-the-return-of-aguero_288656_102.html","name":"Madness in the Kings League: Of the Twingo of Hammered to the 'return' of Ag\u00fcero","isPartOf":{"@id":"https:\/\/www.fcbarcelonanoticias.com\/en\/#website"},"primaryImageOfPage":{"@id":"https:\/\/www.fcbarcelonanoticias.com\/en\/kings-league\/madness-in-the-kings-league-of-the-twingo-of-hammered-to-the-return-of-aguero_288656_102.html#primaryimage"},"image":{"@id":"https:\/\/www.fcbarcelonanoticias.com\/en\/kings-league\/madness-in-the-kings-league-of-the-twingo-of-hammered-to-the-return-of-aguero_288656_102.html#primaryimage"},"thumbnailUrl":"https:\/\/www.fcbarcelonanoticias.com\/en\/wp-content\/uploads\/sites\/2\/2023\/01\/tennis-davis-cup-ita-can-1.jpeg","datePublished":"2023-01-15T19:11:00+00:00","author":{"@id":"https:\/\/www.fcbarcelonanoticias.com\/en\/#\/schema\/person\/0f2810101d27606974cdb8edb54fa54b"},"description":"The Kings League has not disappointed in his third day and has 'added' to the controversy in which it is wrapped his president, Gerard Hammered, in the middle of his 'war' with his expareja, Shakira","breadcrumb":{"@id":"https:\/\/www.fcbarcelonanoticias.com\/en\/kings-league\/madness-in-the-kings-league-of-the-twingo-of-hammered-to-the-return-of-aguero_288656_102.html#breadcrumb"},"inLanguage":"en-US","potentialAction":[{"@type":"ReadAction","target":["https:\/\/www.fcbarcelonanoticias.com\/en\/kings-league\/madness-in-the-kings-league-of-the-twingo-of-hammered-to-the-return-of-aguero_288656_102.html"]}]},{"@type":"ImageObject","inLanguage":"en-US","@id":"https:\/\/www.fcbarcelonanoticias.com\/en\/kings-league\/madness-in-the-kings-league-of-the-twingo-of-hammered-to-the-return-of-aguero_288656_102.html#primaryimage","url":"https:\/\/www.fcbarcelonanoticias.com\/en\/wp-content\/uploads\/sites\/2\/2023\/01\/tennis-davis-cup-ita-can-1.jpeg","contentUrl":"https:\/\/www.fcbarcelonanoticias.com\/en\/wp-content\/uploads\/sites\/2\/2023\/01\/tennis-davis-cup-ita-can-1.jpeg","width":1200,"height":713},{"@type":"BreadcrumbList","@id":"https:\/\/www.fcbarcelonanoticias.com\/en\/kings-league\/madness-in-the-kings-league-of-the-twingo-of-hammered-to-the-return-of-aguero_288656_102.html#breadcrumb","itemListElement":[{"@type":"ListItem","position":1,"name":"Portada","item":"https:\/\/www.fcbarcelonanoticias.com\/en\/"},{"@type":"ListItem","position":2,"name":"Madness in the Kings League: From Piqu\u00e9&#8217;s Twingo to the &#8216;return&#8217; of Ag\u00fcero"}]},{"@type":"WebSite","@id":"https:\/\/www.fcbarcelonanoticias.com\/en\/#website","url":"https:\/\/www.fcbarcelonanoticias.com\/en\/","name":"EN - FC Barcelona Noticias","description":"","potentialAction":[{"@type":"SearchAction","target":{"@type":"EntryPoint","urlTemplate":"https:\/\/www.fcbarcelonanoticias.com\/en\/?s={search_term_string}"},"query-input":{"@type":"PropertyValueSpecification","valueRequired":true,"valueName":"search_term_string"}}],"inLanguage":"en-US"},{"@type":"Person","@id":"https:\/\/www.fcbarcelonanoticias.com\/en\/#\/schema\/person\/0f2810101d27606974cdb8edb54fa54b","name":"FC Barcelona Noticias","image":{"@type":"ImageObject","inLanguage":"en-US","@id":"https:\/\/secure.gravatar.com\/avatar\/?s=96&d=mm&r=g","url":"https:\/\/secure.gravatar.com\/avatar\/?s=96&d=mm&r=g","contentUrl":"https:\/\/secure.gravatar.com\/avatar\/?s=96&d=mm&r=g","caption":"FC Barcelona Noticias"},"url":"https:\/\/www.fcbarcelonanoticias.com\/en\/fc-barcelona\/fcbn-writing-fc-barcelona-news_6_115.html"}]}},"_links":{"self":[{"href":"https:\/\/www.fcbarcelonanoticias.com\/en\/wp-json\/wp\/v2\/posts\/48554","targetHints":{"allow":["GET"]}}],"collection":[{"href":"https:\/\/www.fcbarcelonanoticias.com\/en\/wp-json\/wp\/v2\/posts"}],"about":[{"href":"https:\/\/www.fcbarcelonanoticias.com\/en\/wp-json\/wp\/v2\/types\/post"}],"author":[{"embeddable":true,"href":"https:\/\/www.fcbarcelonanoticias.com\/en\/wp-json\/wp\/v2\/users\/353"}],"replies":[{"embeddable":true,"href":"https:\/\/www.fcbarcelonanoticias.com\/en\/wp-json\/wp\/v2\/comments?post=48554"}],"version-history":[{"count":1,"href":"https:\/\/www.fcbarcelonanoticias.com\/en\/wp-json\/wp\/v2\/posts\/48554\/revisions"}],"predecessor-version":[{"id":113828,"href":"https:\/\/www.fcbarcelonanoticias.com\/en\/wp-json\/wp\/v2\/posts\/48554\/revisions\/113828"}],"wp:featuredmedia":[{"embeddable":true,"href":"https:\/\/www.fcbarcelonanoticias.com\/en\/wp-json\/wp\/v2\/media\/48555"}],"wp:attachment":[{"href":"https:\/\/www.fcbarcelonanoticias.com\/en\/wp-json\/wp\/v2\/media?parent=48554"}],"wp:term":[{"taxonomy":"category","embeddable":true,"href":"https:\/\/www.fcbarcelonanoticias.com\/en\/wp-json\/wp\/v2\/categories?post=48554"},{"taxonomy":"post_tag","embeddable":true,"href":"https:\/\/www.fcbarcelonanoticias.com\/en\/wp-json\/wp\/v2\/tags?post=48554"}],"curies":[{"name":"wp","href":"https:\/\/api.w.org\/{rel}","templated":true}]}}