{"id":48709,"date":"2023-04-08T18:07:00","date_gmt":"2023-04-08T16:07:00","guid":{"rendered":"https:\/\/weisetech.dev\/fc-barcelona-noticias\/en\/abde-shines-against-elche-with-double-and-continues-improve-his-price_291314_102\/"},"modified":"2023-04-08T18:07:00","modified_gmt":"2023-04-08T16:07:00","slug":"abde-shines-against-elche-with-double-and-continues-improve-his-price_291314_102","status":"publish","type":"post","link":"https:\/\/www.fcbarcelonanoticias.com\/en\/laliga\/abde-shines-against-elche-with-double-and-continues-improve-his-price_291314_102.html","title":{"rendered":"Abde shines against Elche with a double and continues to improve his price"},"content":{"rendered":"<h2 class=\"wp-block-heading\">Abde Ezzalzouli is still unleashed in the second half of the season with Osasuna and this Saturday he shone again with a double that served for the &#8216;rojilla&#8217; comeback against Elche (1-2). The winger continues to increase his value before returning to Bar\u00e7a<\/h2>  \r\n<div class=\"article-addons\">\r\n    <a href=\"https:\/\/www.fcbarcelonanoticias.com\/en\/calendar-fc-barcelona.html\"\r\n       target=\"_self\"\r\n       title=\"Calendar of FC Barcelona\"\r\n       class=\"blue-gredient-btn\">\r\n       \r\n        Calendar of FC Barcelona    <\/a>\r\n<\/div>   <p>The Osasuna added three points that keep live his hope to put in European competitions the next season thanks to a triumph home in front of the Elche (2-1). <strong>Abde Ezzalzouli Went back to be the big figure of the ones of Jagoba Arrasate with a doublet in 13 minutes that confirms his big moment<\/strong> and allows to the FC Barcelona rub the hands of face to the summer, contemplating the possible traspaso of the Moroccan.<\/p>  <p>The extreme will return to Can Bar\u00e7a in June once finalise the season and<strong> <a data-external=\"0\" data-intl-links-en=\"https:\/\/www.fcbarcelonanoticias.com\/en\/fc-barcelona\/xavi-and-barca-concerned-about-the-depth-of-the-squad-cule_291286_102.html\" data-intl-links-es=\"https:\/\/www.fcbarcelonanoticias.com\/fc-barcelona\/xavi-barcelona-preocupados-por-profundidad-plantilla-cule_291286_102.html\" href=\"https:\/\/www.fcbarcelonanoticias.com\/en\/fc-barcelona\/xavi-and-barca-concerned-about-the-depth-of-the-squad-cule_291286_102.html\" rel=\"follow\" target=\"_self\" title=\"Xavi y el Bar\u00e7a, preocupados por la profundidad de la plantilla cul\u00e9\">Xavi Hern\u00e1ndez expects to have he for the beginning of the pre-season<\/a><\/strong>. With 5 goals and a pair of assistances in 26 parties in all the competitions,<strong> the one of Beni Melal reaches a value of 8 million euros in Transfermarkt<\/strong>, which could rise to some 10 or 12 &#8216;kilos&#8217; for the month of July. Depending on the reinforcements that can arrive, the managerial cul\u00e9 will evaluate which step is more convenient for the future of the player of 21 years.<\/p>  <h2>Doublet with golazo included for Abde in front of the Elche<\/h2>  <p>The Osasuna was near to pay face the hangover of the classification to the final of the Glass of Rey. Abde Was one of the few headlines of the tie in Saint Mam\u00e9s the Tuesday in repeating in front of the group ilicitano and &#8216;Tete&#8217; Morente took advantage of to give advantage to the just visitors before the rest. The &#8216;rojillos&#8217; did not find the form to win the resistance of \u00c9dgar Bad\u00eda until <strong>an assistance of Kike Barja allowed <a data-external=\"0\" data-intl-links-en=\"https:\/\/www.fcbarcelonanoticias.com\/en\/transfers\/condition-ez-abde-continue-in-barcelona-will-pass-for-its-minutes_291187_102.html\" data-intl-links-es=\"https:\/\/www.fcbarcelonanoticias.com\/fichajes\/condicion-ez-abde-continuar-en-barcelona-pasara-por-sus-minutos_291187_102.html\" href=\"https:\/\/www.fcbarcelonanoticias.com\/en\/transfers\/condition-ez-abde-continue-in-barcelona-will-pass-for-its-minutes_291187_102.html\" rel=\"follow\" target=\"_self\" title=\"La condici\u00f3n de 'Ez' Abde para continuar en el Bar\u00e7a pasar\u00e1 por sus minutos\">to the extreme yielded by the Bar\u00e7a<\/a> equalise the party<\/strong>.<\/p>  <p>&#8216;Ez&#8217; Took advantage of for desbordar by left and take out a finish crusader, taking advantage of the only available gap to beat to the &#8216;1&#8217;. It ran the minute 71 and the venues dumped to by a traced back that it did not take a lot in arriving, thanks to <strong>a stupendous finish of the Moroccan from the frontal of the area, previous habilitation of Aimar Oroz<\/strong>. With the triumph, the Osasuna arrives to 38 points and follows near of the Bilbao in the fight for putting in the Conference League.<\/p>  <blockquote class=\"twitter-tweet\"> <p dir=\"ltr\" lang=\"es\">What goes to do the season that comes Abde?<br><br> The player of <a href=\"https:\/\/twitter.com\/en\/Osasuna?ref_src=twsrc%5Etfw\">@Osasuna<\/a> answers in DAZN \ud83c\udf99 <a href=\"https:\/\/twitter.com\/en\/hashtag\/LaLigaEnDAZN?src=hash&amp;ref_src=twsrc%5Etfw\">#LaLigaEnDAZN<\/a> \u26bd <a href=\"https:\/\/t.co\/en\/uVnW5y0Uir\">pic.twitter.com\/uvnw5y0uir<\/a><\/p> \u2014 DAZN Spain (@DAZN_IS) <a href=\"https:\/\/twitter.com\/en\/DAZN_ES\/status\/1644711303867666432?ref_src=twsrc%5Etfw\">April 8, 2023<\/a> <\/blockquote> <h2>The plans of the Bar\u00e7a with Abde for the summer<\/h2>  <p>Further of the good moment of Ez Abde in the Osasuna, for the Bar\u00e7a would be more profitable to close the sale of Abde that conserve him like spare for the 2023\/24. <strong>The extreme prioritises to play with regularity to remain and <a data-external=\"0\" data-intl-links-en=\"https:\/\/www.fcbarcelonanoticias.com\/en\/transfers\/barca-wrath-for-carrasco-always-salary-limit-allow_291303_102.html\" data-intl-links-es=\"https:\/\/www.fcbarcelonanoticias.com\/fichajes\/barca-ira-por-carrasco-siempre-limite-salarial-permita_291303_102.html\" href=\"https:\/\/www.fcbarcelonanoticias.com\/en\/transfers\/barca-wrath-for-carrasco-always-salary-limit-allow_291303_102.html\" rel=\"follow\" target=\"_self\" title=\"El Bar\u00e7a ir\u00e1 a por Carrasco siempre que el l\u00edmite salarial lo permita\">the possible arrival of another forward in summer<\/a> would close him definitively the door to the eleven<\/strong>. Besides, the club needs to do box to expand his limit salarial and the sale of the Moroccan can leave several millions in box that a lot would serve to close renewals and signings.<\/p> ","protected":false},"excerpt":{"rendered":"<p>Abde Ezzalzouli is still unleashed in the second half of the season with Osasuna and this Saturday he shone again with a double that served for the &#8216;rojilla&#8217; comeback against Elche (1-2). The winger continues to increase his value before returning to Bar\u00e7a The Osasuna added three points that keep live his hope to put [&hellip;]<\/p>\n","protected":false},"author":347,"featured_media":48711,"comment_status":"closed","ping_status":"open","sticky":false,"template":"","format":"standard","meta":{"_acf_changed":false,"inline_featured_image":false,"_nextfly_llmd_date_locked":false,"footnotes":""},"categories":[114,448],"tags":[342],"class_list":["post-48709","post","type-post","status-publish","format-standard","has-post-thumbnail","hentry","category-laliga","category-laliga-2","tag-abde"],"acf":[],"yoast_head":"<!-- This site is optimized with the Yoast SEO plugin v27.3 - https:\/\/yoast.com\/product\/yoast-seo-wordpress\/ -->\n<title>Abde shines against Elche with a double and continues to improve his price<\/title>\n<meta name=\"description\" content=\"Abde Ezzalzouli is still unleashed in the second half of the season with Osasuna and this Saturday he shone again with a double that served for the &#039;rojilla&#039; comeback against Elche (1-2). The winger continues to increase his value before returning to Bar\u00e7a\" \/>\n<meta name=\"robots\" content=\"index, follow, max-snippet:-1, max-image-preview:large, max-video-preview:-1\" \/>\n<link rel=\"canonical\" href=\"https:\/\/www.fcbarcelonanoticias.com\/en\/laliga\/abde-shines-against-elche-with-double-and-continues-improve-his-price_291314_102.html\" \/>\n<meta property=\"og:locale\" content=\"en_US\" \/>\n<meta property=\"og:type\" content=\"article\" \/>\n<meta property=\"og:title\" content=\"Abde shines against Elche with a double and continues to improve his price\" \/>\n<meta property=\"og:description\" content=\"Abde Ezzalzouli is still unleashed in the second half of the season with Osasuna and this Saturday he shone again with a double that served for the &#039;rojilla&#039; comeback against Elche (1-2). The winger continues to increase his value before returning to Bar\u00e7a\" \/>\n<meta property=\"og:url\" content=\"https:\/\/www.fcbarcelonanoticias.com\/en\/laliga\/abde-shines-against-elche-with-double-and-continues-improve-his-price_291314_102.html\" \/>\n<meta property=\"og:site_name\" content=\"EN - FC Barcelona Noticias\" \/>\n<meta property=\"article:published_time\" content=\"2023-04-08T16:07:00+00:00\" \/>\n<meta property=\"og:image\" content=\"https:\/\/www.fcbarcelonanoticias.com\/en\/wp-content\/uploads\/sites\/2\/2023\/04\/ez-abde-osasuna.jpeg\" \/>\n\t<meta property=\"og:image:width\" content=\"1300\" \/>\n\t<meta property=\"og:image:height\" content=\"732\" \/>\n\t<meta property=\"og:image:type\" content=\"image\/jpeg\" \/>\n<meta name=\"author\" content=\"Andr\u00e9s Quiroz\" \/>\n<meta name=\"twitter:card\" content=\"summary_large_image\" \/>\n<meta name=\"twitter:label1\" content=\"Written by\" \/>\n\t<meta name=\"twitter:data1\" content=\"Andr\u00e9s Quiroz\" \/>\n\t<meta name=\"twitter:label2\" content=\"Est. reading time\" \/>\n\t<meta name=\"twitter:data2\" content=\"3 minutes\" \/>\n<script type=\"application\/ld+json\" class=\"yoast-schema-graph\">{\"@context\":\"https:\\\/\\\/schema.org\",\"@graph\":[{\"@type\":\"Article\",\"@id\":\"https:\\\/\\\/www.fcbarcelonanoticias.com\\\/en\\\/laliga\\\/abde-shines-against-elche-with-double-and-continues-improve-his-price_291314_102.html#article\",\"isPartOf\":{\"@id\":\"https:\\\/\\\/www.fcbarcelonanoticias.com\\\/en\\\/laliga\\\/abde-shines-against-elche-with-double-and-continues-improve-his-price_291314_102.html\"},\"author\":{\"name\":\"Andr\u00e9s Quiroz\",\"@id\":\"https:\\\/\\\/www.fcbarcelonanoticias.com\\\/en\\\/#\\\/schema\\\/person\\\/c2cd9f6fa1af5c0d0eccd0fefa575c88\"},\"headline\":\"Abde shines against Elche with a double and continues to improve his price\",\"datePublished\":\"2023-04-08T16:07:00+00:00\",\"mainEntityOfPage\":{\"@id\":\"https:\\\/\\\/www.fcbarcelonanoticias.com\\\/en\\\/laliga\\\/abde-shines-against-elche-with-double-and-continues-improve-his-price_291314_102.html\"},\"wordCount\":548,\"image\":{\"@id\":\"https:\\\/\\\/www.fcbarcelonanoticias.com\\\/en\\\/laliga\\\/abde-shines-against-elche-with-double-and-continues-improve-his-price_291314_102.html#primaryimage\"},\"thumbnailUrl\":\"https:\\\/\\\/www.fcbarcelonanoticias.com\\\/en\\\/wp-content\\\/uploads\\\/sites\\\/2\\\/2023\\\/04\\\/ez-abde-osasuna.jpeg\",\"keywords\":[\"Abde\"],\"articleSection\":[\"LaLiga\",\"LaLiga\"],\"inLanguage\":\"en-US\"},{\"@type\":\"WebPage\",\"@id\":\"https:\\\/\\\/www.fcbarcelonanoticias.com\\\/en\\\/laliga\\\/abde-shines-against-elche-with-double-and-continues-improve-his-price_291314_102.html\",\"url\":\"https:\\\/\\\/www.fcbarcelonanoticias.com\\\/en\\\/laliga\\\/abde-shines-against-elche-with-double-and-continues-improve-his-price_291314_102.html\",\"name\":\"Abde shines against Elche with a double and continues to improve his price\",\"isPartOf\":{\"@id\":\"https:\\\/\\\/www.fcbarcelonanoticias.com\\\/en\\\/#website\"},\"primaryImageOfPage\":{\"@id\":\"https:\\\/\\\/www.fcbarcelonanoticias.com\\\/en\\\/laliga\\\/abde-shines-against-elche-with-double-and-continues-improve-his-price_291314_102.html#primaryimage\"},\"image\":{\"@id\":\"https:\\\/\\\/www.fcbarcelonanoticias.com\\\/en\\\/laliga\\\/abde-shines-against-elche-with-double-and-continues-improve-his-price_291314_102.html#primaryimage\"},\"thumbnailUrl\":\"https:\\\/\\\/www.fcbarcelonanoticias.com\\\/en\\\/wp-content\\\/uploads\\\/sites\\\/2\\\/2023\\\/04\\\/ez-abde-osasuna.jpeg\",\"datePublished\":\"2023-04-08T16:07:00+00:00\",\"author\":{\"@id\":\"https:\\\/\\\/www.fcbarcelonanoticias.com\\\/en\\\/#\\\/schema\\\/person\\\/c2cd9f6fa1af5c0d0eccd0fefa575c88\"},\"description\":\"Abde Ezzalzouli is still unleashed in the second half of the season with Osasuna and this Saturday he shone again with a double that served for the 'rojilla' comeback against Elche (1-2). The winger continues to increase his value before returning to Bar\u00e7a\",\"breadcrumb\":{\"@id\":\"https:\\\/\\\/www.fcbarcelonanoticias.com\\\/en\\\/laliga\\\/abde-shines-against-elche-with-double-and-continues-improve-his-price_291314_102.html#breadcrumb\"},\"inLanguage\":\"en-US\",\"potentialAction\":[{\"@type\":\"ReadAction\",\"target\":[\"https:\\\/\\\/www.fcbarcelonanoticias.com\\\/en\\\/laliga\\\/abde-shines-against-elche-with-double-and-continues-improve-his-price_291314_102.html\"]}]},{\"@type\":\"ImageObject\",\"inLanguage\":\"en-US\",\"@id\":\"https:\\\/\\\/www.fcbarcelonanoticias.com\\\/en\\\/laliga\\\/abde-shines-against-elche-with-double-and-continues-improve-his-price_291314_102.html#primaryimage\",\"url\":\"https:\\\/\\\/www.fcbarcelonanoticias.com\\\/en\\\/wp-content\\\/uploads\\\/sites\\\/2\\\/2023\\\/04\\\/ez-abde-osasuna.jpeg\",\"contentUrl\":\"https:\\\/\\\/www.fcbarcelonanoticias.com\\\/en\\\/wp-content\\\/uploads\\\/sites\\\/2\\\/2023\\\/04\\\/ez-abde-osasuna.jpeg\",\"width\":1300,\"height\":732},{\"@type\":\"BreadcrumbList\",\"@id\":\"https:\\\/\\\/www.fcbarcelonanoticias.com\\\/en\\\/laliga\\\/abde-shines-against-elche-with-double-and-continues-improve-his-price_291314_102.html#breadcrumb\",\"itemListElement\":[{\"@type\":\"ListItem\",\"position\":1,\"name\":\"Portada\",\"item\":\"https:\\\/\\\/www.fcbarcelonanoticias.com\\\/en\\\/\"},{\"@type\":\"ListItem\",\"position\":2,\"name\":\"Abde shines against Elche with a double and continues to improve his price\"}]},{\"@type\":\"WebSite\",\"@id\":\"https:\\\/\\\/www.fcbarcelonanoticias.com\\\/en\\\/#website\",\"url\":\"https:\\\/\\\/www.fcbarcelonanoticias.com\\\/en\\\/\",\"name\":\"EN - FC Barcelona Noticias\",\"description\":\"\",\"potentialAction\":[{\"@type\":\"SearchAction\",\"target\":{\"@type\":\"EntryPoint\",\"urlTemplate\":\"https:\\\/\\\/www.fcbarcelonanoticias.com\\\/en\\\/?s={search_term_string}\"},\"query-input\":{\"@type\":\"PropertyValueSpecification\",\"valueRequired\":true,\"valueName\":\"search_term_string\"}}],\"inLanguage\":\"en-US\"},{\"@type\":\"Person\",\"@id\":\"https:\\\/\\\/www.fcbarcelonanoticias.com\\\/en\\\/#\\\/schema\\\/person\\\/c2cd9f6fa1af5c0d0eccd0fefa575c88\",\"name\":\"Andr\u00e9s Quiroz\",\"image\":{\"@type\":\"ImageObject\",\"inLanguage\":\"en-US\",\"@id\":\"https:\\\/\\\/secure.gravatar.com\\\/avatar\\\/?s=96&d=mm&r=g\",\"url\":\"https:\\\/\\\/secure.gravatar.com\\\/avatar\\\/?s=96&d=mm&r=g\",\"contentUrl\":\"https:\\\/\\\/secure.gravatar.com\\\/avatar\\\/?s=96&d=mm&r=g\",\"caption\":\"Andr\u00e9s Quiroz\"},\"description\":\"Licenciado en Periodismo por la Universidad de los Andes. Me encargo de analizar y compartir los contenidos m\u00e1s destacados de la\u00a0actualidad del F\u00fatbol Club Barcelona, Mercado de Fichajes y F\u00fatbol Internacional en FCBN. La informaci\u00f3n es poder, pero tambi\u00e9n conocimiento.\",\"url\":\"https:\\\/\\\/www.fcbarcelonanoticias.com\\\/en\\\/fc-barcelona\\\/andres-quiroz_17_115.html\"}]}<\/script>\n<!-- \/ Yoast SEO plugin. -->","yoast_head_json":{"title":"Abde shines against Elche with a double and continues to improve his price","description":"Abde Ezzalzouli is still unleashed in the second half of the season with Osasuna and this Saturday he shone again with a double that served for the 'rojilla' comeback against Elche (1-2). The winger continues to increase his value before returning to Bar\u00e7a","robots":{"index":"index","follow":"follow","max-snippet":"max-snippet:-1","max-image-preview":"max-image-preview:large","max-video-preview":"max-video-preview:-1"},"canonical":"https:\/\/www.fcbarcelonanoticias.com\/en\/laliga\/abde-shines-against-elche-with-double-and-continues-improve-his-price_291314_102.html","og_locale":"en_US","og_type":"article","og_title":"Abde shines against Elche with a double and continues to improve his price","og_description":"Abde Ezzalzouli is still unleashed in the second half of the season with Osasuna and this Saturday he shone again with a double that served for the 'rojilla' comeback against Elche (1-2). The winger continues to increase his value before returning to Bar\u00e7a","og_url":"https:\/\/www.fcbarcelonanoticias.com\/en\/laliga\/abde-shines-against-elche-with-double-and-continues-improve-his-price_291314_102.html","og_site_name":"EN - FC Barcelona Noticias","article_published_time":"2023-04-08T16:07:00+00:00","og_image":[{"width":1300,"height":732,"url":"https:\/\/www.fcbarcelonanoticias.com\/en\/wp-content\/uploads\/sites\/2\/2023\/04\/ez-abde-osasuna.jpeg","type":"image\/jpeg"}],"author":"Andr\u00e9s Quiroz","twitter_card":"summary_large_image","twitter_misc":{"Written by":"Andr\u00e9s Quiroz","Est. reading time":"3 minutes"},"schema":{"@context":"https:\/\/schema.org","@graph":[{"@type":"Article","@id":"https:\/\/www.fcbarcelonanoticias.com\/en\/laliga\/abde-shines-against-elche-with-double-and-continues-improve-his-price_291314_102.html#article","isPartOf":{"@id":"https:\/\/www.fcbarcelonanoticias.com\/en\/laliga\/abde-shines-against-elche-with-double-and-continues-improve-his-price_291314_102.html"},"author":{"name":"Andr\u00e9s Quiroz","@id":"https:\/\/www.fcbarcelonanoticias.com\/en\/#\/schema\/person\/c2cd9f6fa1af5c0d0eccd0fefa575c88"},"headline":"Abde shines against Elche with a double and continues to improve his price","datePublished":"2023-04-08T16:07:00+00:00","mainEntityOfPage":{"@id":"https:\/\/www.fcbarcelonanoticias.com\/en\/laliga\/abde-shines-against-elche-with-double-and-continues-improve-his-price_291314_102.html"},"wordCount":548,"image":{"@id":"https:\/\/www.fcbarcelonanoticias.com\/en\/laliga\/abde-shines-against-elche-with-double-and-continues-improve-his-price_291314_102.html#primaryimage"},"thumbnailUrl":"https:\/\/www.fcbarcelonanoticias.com\/en\/wp-content\/uploads\/sites\/2\/2023\/04\/ez-abde-osasuna.jpeg","keywords":["Abde"],"articleSection":["LaLiga","LaLiga"],"inLanguage":"en-US"},{"@type":"WebPage","@id":"https:\/\/www.fcbarcelonanoticias.com\/en\/laliga\/abde-shines-against-elche-with-double-and-continues-improve-his-price_291314_102.html","url":"https:\/\/www.fcbarcelonanoticias.com\/en\/laliga\/abde-shines-against-elche-with-double-and-continues-improve-his-price_291314_102.html","name":"Abde shines against Elche with a double and continues to improve his price","isPartOf":{"@id":"https:\/\/www.fcbarcelonanoticias.com\/en\/#website"},"primaryImageOfPage":{"@id":"https:\/\/www.fcbarcelonanoticias.com\/en\/laliga\/abde-shines-against-elche-with-double-and-continues-improve-his-price_291314_102.html#primaryimage"},"image":{"@id":"https:\/\/www.fcbarcelonanoticias.com\/en\/laliga\/abde-shines-against-elche-with-double-and-continues-improve-his-price_291314_102.html#primaryimage"},"thumbnailUrl":"https:\/\/www.fcbarcelonanoticias.com\/en\/wp-content\/uploads\/sites\/2\/2023\/04\/ez-abde-osasuna.jpeg","datePublished":"2023-04-08T16:07:00+00:00","author":{"@id":"https:\/\/www.fcbarcelonanoticias.com\/en\/#\/schema\/person\/c2cd9f6fa1af5c0d0eccd0fefa575c88"},"description":"Abde Ezzalzouli is still unleashed in the second half of the season with Osasuna and this Saturday he shone again with a double that served for the 'rojilla' comeback against Elche (1-2). The winger continues to increase his value before returning to Bar\u00e7a","breadcrumb":{"@id":"https:\/\/www.fcbarcelonanoticias.com\/en\/laliga\/abde-shines-against-elche-with-double-and-continues-improve-his-price_291314_102.html#breadcrumb"},"inLanguage":"en-US","potentialAction":[{"@type":"ReadAction","target":["https:\/\/www.fcbarcelonanoticias.com\/en\/laliga\/abde-shines-against-elche-with-double-and-continues-improve-his-price_291314_102.html"]}]},{"@type":"ImageObject","inLanguage":"en-US","@id":"https:\/\/www.fcbarcelonanoticias.com\/en\/laliga\/abde-shines-against-elche-with-double-and-continues-improve-his-price_291314_102.html#primaryimage","url":"https:\/\/www.fcbarcelonanoticias.com\/en\/wp-content\/uploads\/sites\/2\/2023\/04\/ez-abde-osasuna.jpeg","contentUrl":"https:\/\/www.fcbarcelonanoticias.com\/en\/wp-content\/uploads\/sites\/2\/2023\/04\/ez-abde-osasuna.jpeg","width":1300,"height":732},{"@type":"BreadcrumbList","@id":"https:\/\/www.fcbarcelonanoticias.com\/en\/laliga\/abde-shines-against-elche-with-double-and-continues-improve-his-price_291314_102.html#breadcrumb","itemListElement":[{"@type":"ListItem","position":1,"name":"Portada","item":"https:\/\/www.fcbarcelonanoticias.com\/en\/"},{"@type":"ListItem","position":2,"name":"Abde shines against Elche with a double and continues to improve his price"}]},{"@type":"WebSite","@id":"https:\/\/www.fcbarcelonanoticias.com\/en\/#website","url":"https:\/\/www.fcbarcelonanoticias.com\/en\/","name":"EN - FC Barcelona Noticias","description":"","potentialAction":[{"@type":"SearchAction","target":{"@type":"EntryPoint","urlTemplate":"https:\/\/www.fcbarcelonanoticias.com\/en\/?s={search_term_string}"},"query-input":{"@type":"PropertyValueSpecification","valueRequired":true,"valueName":"search_term_string"}}],"inLanguage":"en-US"},{"@type":"Person","@id":"https:\/\/www.fcbarcelonanoticias.com\/en\/#\/schema\/person\/c2cd9f6fa1af5c0d0eccd0fefa575c88","name":"Andr\u00e9s Quiroz","image":{"@type":"ImageObject","inLanguage":"en-US","@id":"https:\/\/secure.gravatar.com\/avatar\/?s=96&d=mm&r=g","url":"https:\/\/secure.gravatar.com\/avatar\/?s=96&d=mm&r=g","contentUrl":"https:\/\/secure.gravatar.com\/avatar\/?s=96&d=mm&r=g","caption":"Andr\u00e9s Quiroz"},"description":"Licenciado en Periodismo por la Universidad de los Andes. Me encargo de analizar y compartir los contenidos m\u00e1s destacados de la\u00a0actualidad del F\u00fatbol Club Barcelona, Mercado de Fichajes y F\u00fatbol Internacional en FCBN. La informaci\u00f3n es poder, pero tambi\u00e9n conocimiento.","url":"https:\/\/www.fcbarcelonanoticias.com\/en\/fc-barcelona\/andres-quiroz_17_115.html"}]}},"_links":{"self":[{"href":"https:\/\/www.fcbarcelonanoticias.com\/en\/wp-json\/wp\/v2\/posts\/48709","targetHints":{"allow":["GET"]}}],"collection":[{"href":"https:\/\/www.fcbarcelonanoticias.com\/en\/wp-json\/wp\/v2\/posts"}],"about":[{"href":"https:\/\/www.fcbarcelonanoticias.com\/en\/wp-json\/wp\/v2\/types\/post"}],"author":[{"embeddable":true,"href":"https:\/\/www.fcbarcelonanoticias.com\/en\/wp-json\/wp\/v2\/users\/347"}],"replies":[{"embeddable":true,"href":"https:\/\/www.fcbarcelonanoticias.com\/en\/wp-json\/wp\/v2\/comments?post=48709"}],"version-history":[{"count":1,"href":"https:\/\/www.fcbarcelonanoticias.com\/en\/wp-json\/wp\/v2\/posts\/48709\/revisions"}],"predecessor-version":[{"id":113946,"href":"https:\/\/www.fcbarcelonanoticias.com\/en\/wp-json\/wp\/v2\/posts\/48709\/revisions\/113946"}],"wp:featuredmedia":[{"embeddable":true,"href":"https:\/\/www.fcbarcelonanoticias.com\/en\/wp-json\/wp\/v2\/media\/48711"}],"wp:attachment":[{"href":"https:\/\/www.fcbarcelonanoticias.com\/en\/wp-json\/wp\/v2\/media?parent=48709"}],"wp:term":[{"taxonomy":"category","embeddable":true,"href":"https:\/\/www.fcbarcelonanoticias.com\/en\/wp-json\/wp\/v2\/categories?post=48709"},{"taxonomy":"post_tag","embeddable":true,"href":"https:\/\/www.fcbarcelonanoticias.com\/en\/wp-json\/wp\/v2\/tags?post=48709"}],"curies":[{"name":"wp","href":"https:\/\/api.w.org\/{rel}","templated":true}]}}