{"id":48755,"date":"2025-10-17T20:16:00","date_gmt":"2025-10-17T18:16:00","guid":{"rendered":"https:\/\/weisetech.dev\/fc-barcelona-noticias\/en\/afe-announces-boycott-of-villarreal-barca-match-in-miami_315042_102\/"},"modified":"2025-10-18T00:29:00","modified_gmt":"2025-10-17T22:29:00","slug":"afe-announces-boycott-of-villarreal-barca-match-in-miami_315042_102","status":"publish","type":"post","link":"https:\/\/www.fcbarcelonanoticias.com\/en\/laliga\/afe-announces-boycott-of-villarreal-barca-match-in-miami_315042_102.html","title":{"rendered":"AFE Statement: Players to boycott Villarreal-Bar\u00e7a match in Miami"},"content":{"rendered":"<h2 class=\"wp-block-heading\">The Spanish Footballers Association (AFE) confirmed that, in all matches of matchday 9 of LaLiga, players will stage a 15-second protest in response to the Villarreal-Bar\u00e7a match in Miami<\/h2>  \r\n<div class=\"article-addons\">\r\n    <a href=\"https:\/\/www.fcbarcelonanoticias.com\/en\/calendar-fc-barcelona.html\"\r\n       target=\"_self\"\r\n       title=\"Calendar of FC Barcelona\"\r\n       class=\"blue-gredient-btn\">\r\n       \r\n        Calendar of FC Barcelona    <\/a>\r\n<\/div>   <p>The tug-of-war between <strong>LaLiga EA Sports<\/strong> and the <strong>Association of Spanish Footballers (AFE)<\/strong> over moving a match to Miami will have a new chapter on matchday 9. On Friday, before the first match of the day between Real Oviedo and Espanyol (21:00 CEST), the union confirmed its first formal protest measure against the match that <a data-external=\"0\" data-intl-links-en=\"https:\/\/www.fcbarcelonanoticias.com\/en\/laliga\/money-that-barcelona-and-villarreal-will-earn-for-playing-in-miami_314967_102.html\" data-intl-links-es=\"https:\/\/www.fcbarcelonanoticias.com\/laliga\/laliga-asegura-premio-millonario-barcelona-villarreal-por-jugar-en-miami_314967_102.html\" href=\"https:\/\/www.fcbarcelonanoticias.com\/en\/laliga\/money-that-barcelona-and-villarreal-will-earn-for-playing-in-miami_314967_102.html\" rel=\"follow\" target=\"_self\" title=\"LaLiga asegura un premio millonario a Barcelona y Villarreal por jugar en Miami\">Villarreal and FC Barcelona<\/a> will play on December 20 at the Hard Rock Stadium.<\/p>  <p>According to the AFE statement, <strong>all players will stage a 15-second sit-down protest at the start of all 10 First Division matches<\/strong> on the ninth matchday of LaLiga 25\/26. This is in protest of an initiative that the players consider to &#8220;lack transparency&#8221; and affect the competitive balance.<\/p>  <p>The protest has the support of <strong>all the captains of the remaining 18 clubs in LaLiga, with the exception of Bar\u00e7a and Villarreal<\/strong>. This is in order to prevent the measure from being considered as an action directed against one of the clubs.<\/p>  <h2>The statement shared by the AFE against Villarreal-Bar\u00e7a in Miami<\/h2>  <p><em>The Spanish Footballers Association (AFE), with the support of the captains of the First Division, announces that, during all matches corresponding to the ninth matchday of the Spanish First Division National League, at the beginning of each match, the footballers will protest symbolically as a claim against the lack of transparency, dialogue, and coherence of LALIGA, regarding the possibility of playing a match of the competition in the United States.<\/em><\/p>  <p><em>The union has decided to keep the FC Barcelona and Villarreal CF players, clubs requesting the project, out of the initiative, even though they share the underlying position and critical points, to prevent the protest action from being interpreted as a possible measure against any club.<\/em><\/p>  <p><em>Given the persistent refusals and unrealistic proposals from LALIGA, the Association of Spanish Footballers categorically rejects a project that does not have the approval of the main protagonists of our sport and demands that the employers&#8217; association create a negotiating table where all information is shared and the exceptional characteristics of the project are analyzed, the needs and concerns of the footballers are addressed, and the protection of their labor rights and compliance with current regulations are guaranteed.<\/em><\/p>  <p><strong>Source<\/strong>: <a data-external=\"1\" href=\"https:\/\/afe-futbol.com\/en\/afe\/afe-anuncia-una-accion-de-protesta-al-inicio-de-los-partidos-de-la-novena-jornada-de-laliga\" rel=\"nofollow\" target=\"_blank\" title=\"Comunicado de la AFE contra el partido de Liga en Miami\">afe-futbol.com<\/a>.<\/p>  <h2>The AFE Rules Out a New Meeting with LaLiga<\/h2>  <p>Likewise, the union rejected LaLiga&#8217;s proposal to meet next week on Wednesday, Thursday, and Friday to clarify doubts regarding the match of matchday 17 that will be moved to Miami.<\/p>  <p>Bar\u00e7a and Villarreal have already given the &#8216;Ok&#8217; to the match, at least as far as the boards of directors are concerned. <a data-external=\"0\" data-intl-links-en=\"https:\/\/www.fcbarcelonanoticias.com\/en\/laliga\/de-jong-speaks-out-against-villarreal-barca-in-miami_314980_102.html\" data-intl-links-es=\"https:\/\/www.fcbarcelonanoticias.com\/laliga\/frenkie-de-jong-pronuncia-contra-villarreal-barca-miami-que-dijo_314980_102.html\" href=\"https:\/\/www.fcbarcelonanoticias.com\/en\/laliga\/de-jong-speaks-out-against-villarreal-barca-in-miami_314980_102.html\" rel=\"follow\" target=\"_self\" title=\"Frenkie de Jong se pronuncia en contra del Villarreal-Bar\u00e7a en Miami: \u00bfqu\u00e9 dijo?\">Frenkie de Jong<\/a> and <a data-external=\"0\" data-intl-links-en=\"https:\/\/www.fcbarcelonanoticias.com\/en\/laliga\/flick-denies-rumors-of-lamine-indiscipline-it-garbage_315036_102.html\" data-intl-links-es=\"https:\/\/www.fcbarcelonanoticias.com\/laliga\/flick-estalla-por-rumores-indisciplina-lamine-defiende-lewandowski-por-lesion_315036_102.html\" href=\"https:\/\/www.fcbarcelonanoticias.com\/en\/laliga\/flick-denies-rumors-of-lamine-indiscipline-it-garbage_315036_102.html\" rel=\"follow\" target=\"_self\" title=\"Flick estalla por los rumores de indisciplina de Lamine y defiende a Lewandowski por su lesi\u00f3n\">Hansi Flick<\/a>, on the Bar\u00e7a side, showed their rejection of playing in the United States, but accept a decision that the parties have already ratified.<\/p>  <p>In that sense, once LaLiga, with UEFA authorization, has scheduled the date of the match (<a data-external=\"0\" data-intl-links-en=\"https:\/\/www.fcbarcelonanoticias.com\/en\/laliga\/laliga-confirms-date-for-villarreal-fc-barcelona-match-in-miami_314979_102.html\" data-intl-links-es=\"https:\/\/www.fcbarcelonanoticias.com\/laliga\/laliga-confirma-fecha-villarreal-fc-barcelona-miami_314979_102.html\" href=\"https:\/\/www.fcbarcelonanoticias.com\/en\/laliga\/laliga-confirms-date-for-villarreal-fc-barcelona-match-in-miami_314979_102.html\" rel=\"follow\" target=\"_self\" title=\"LaLiga confirma la fecha del Villarreal-FC Barcelona en Miami\">Saturday, December 20<\/a>), the AFE believes that there is nothing to discuss with Javier Tebas, since the union previously established its position and will not back down.<\/p>  <ul> <li>\ud83d\udc49 Follow the complete coverage of <strong><a data-external=\"0\" data-intl-links-en=\"https:\/\/www.fcbarcelonanoticias.com\/en\/laliga.html\" data-intl-links-es=\"https:\/\/www.fcbarcelonanoticias.com\/laliga.html\" href=\"https:\/\/www.fcbarcelonanoticias.com\/en\/laliga.html\" rel=\"follow\" target=\"_self\" title=\"LaLiga\">LaLiga EA Sports 2025-26<\/a><\/strong> on FC Barcelona Noticias<\/li> <\/ul> ","protected":false},"excerpt":{"rendered":"<p>The Spanish Footballers Association (AFE) confirmed that, in all matches of matchday 9 of LaLiga, players will stage a 15-second protest in response to the Villarreal-Bar\u00e7a match in Miami The tug-of-war between LaLiga EA Sports and the Association of Spanish Footballers (AFE) over moving a match to Miami will have a new chapter on matchday [&hellip;]<\/p>\n","protected":false},"author":347,"featured_media":48757,"comment_status":"closed","ping_status":"open","sticky":false,"template":"","format":"standard","meta":{"_acf_changed":false,"inline_featured_image":false,"_nextfly_llmd_date_locked":false,"footnotes":""},"categories":[114,448],"tags":[69,99],"class_list":["post-48755","post","type-post","status-publish","format-standard","has-post-thumbnail","hentry","category-laliga","category-laliga-2","tag-fc-barcelona-vs-villarreal-fc","tag-javier-thebes"],"acf":[],"yoast_head":"<!-- This site is optimized with the Yoast SEO plugin v27.3 - https:\/\/yoast.com\/product\/yoast-seo-wordpress\/ -->\n<title>AFE Announces Boycott of Villarreal-Bar\u00e7a Match in Miami<\/title>\n<meta name=\"description\" content=\"The Spanish Footballers&#039; Association (AFE) announced a 15-second protest stoppage in each match of Matchday 9 as a protest against the Villarreal-Bar\u00e7a match in Miami\" \/>\n<meta name=\"robots\" content=\"index, follow, max-snippet:-1, max-image-preview:large, max-video-preview:-1\" \/>\n<link rel=\"canonical\" href=\"https:\/\/www.fcbarcelonanoticias.com\/en\/laliga\/afe-announces-boycott-of-villarreal-barca-match-in-miami_315042_102.html\" \/>\n<meta property=\"og:locale\" content=\"en_US\" \/>\n<meta property=\"og:type\" content=\"article\" \/>\n<meta property=\"og:title\" content=\"AFE Announces Boycott of Villarreal-Bar\u00e7a Match in Miami\" \/>\n<meta property=\"og:description\" content=\"The Spanish Footballers&#039; Association (AFE) announced a 15-second protest stoppage in each match of Matchday 9 as a protest against the Villarreal-Bar\u00e7a match in Miami\" \/>\n<meta property=\"og:url\" content=\"https:\/\/www.fcbarcelonanoticias.com\/en\/laliga\/afe-announces-boycott-of-villarreal-barca-match-in-miami_315042_102.html\" \/>\n<meta property=\"og:site_name\" content=\"EN - FC Barcelona Noticias\" \/>\n<meta property=\"article:published_time\" content=\"2025-10-17T18:16:00+00:00\" \/>\n<meta property=\"article:modified_time\" content=\"2025-10-17T22:29:00+00:00\" \/>\n<meta property=\"og:image\" content=\"https:\/\/www.fcbarcelonanoticias.com\/en\/wp-content\/uploads\/sites\/2\/2025\/10\/lamine-yamal-v-villarreal-laliga-24-25.webp\" \/>\n\t<meta property=\"og:image:width\" content=\"1200\" \/>\n\t<meta property=\"og:image:height\" content=\"675\" \/>\n\t<meta property=\"og:image:type\" content=\"image\/webp\" \/>\n<meta name=\"author\" content=\"Andr\u00e9s Quiroz\" \/>\n<meta name=\"twitter:card\" content=\"summary_large_image\" \/>\n<meta name=\"twitter:label1\" content=\"Written by\" \/>\n\t<meta name=\"twitter:data1\" content=\"Andr\u00e9s Quiroz\" \/>\n\t<meta name=\"twitter:label2\" content=\"Est. reading time\" \/>\n\t<meta name=\"twitter:data2\" content=\"3 minutes\" \/>\n<script type=\"application\/ld+json\" class=\"yoast-schema-graph\">{\"@context\":\"https:\\\/\\\/schema.org\",\"@graph\":[{\"@type\":\"Article\",\"@id\":\"https:\\\/\\\/www.fcbarcelonanoticias.com\\\/en\\\/laliga\\\/afe-announces-boycott-of-villarreal-barca-match-in-miami_315042_102.html#article\",\"isPartOf\":{\"@id\":\"https:\\\/\\\/www.fcbarcelonanoticias.com\\\/en\\\/laliga\\\/afe-announces-boycott-of-villarreal-barca-match-in-miami_315042_102.html\"},\"author\":{\"name\":\"Andr\u00e9s Quiroz\",\"@id\":\"https:\\\/\\\/www.fcbarcelonanoticias.com\\\/en\\\/#\\\/schema\\\/person\\\/c2cd9f6fa1af5c0d0eccd0fefa575c88\"},\"headline\":\"AFE Statement: Players to boycott Villarreal-Bar\u00e7a match in Miami\",\"datePublished\":\"2025-10-17T18:16:00+00:00\",\"dateModified\":\"2025-10-17T22:29:00+00:00\",\"mainEntityOfPage\":{\"@id\":\"https:\\\/\\\/www.fcbarcelonanoticias.com\\\/en\\\/laliga\\\/afe-announces-boycott-of-villarreal-barca-match-in-miami_315042_102.html\"},\"wordCount\":548,\"image\":{\"@id\":\"https:\\\/\\\/www.fcbarcelonanoticias.com\\\/en\\\/laliga\\\/afe-announces-boycott-of-villarreal-barca-match-in-miami_315042_102.html#primaryimage\"},\"thumbnailUrl\":\"https:\\\/\\\/www.fcbarcelonanoticias.com\\\/en\\\/wp-content\\\/uploads\\\/sites\\\/2\\\/2025\\\/10\\\/lamine-yamal-v-villarreal-laliga-24-25.webp\",\"keywords\":[\"FC Barcelona vs Villarreal CF\",\"Javier Thebes\"],\"articleSection\":[\"LaLiga\",\"LaLiga\"],\"inLanguage\":\"en-US\"},{\"@type\":\"WebPage\",\"@id\":\"https:\\\/\\\/www.fcbarcelonanoticias.com\\\/en\\\/laliga\\\/afe-announces-boycott-of-villarreal-barca-match-in-miami_315042_102.html\",\"url\":\"https:\\\/\\\/www.fcbarcelonanoticias.com\\\/en\\\/laliga\\\/afe-announces-boycott-of-villarreal-barca-match-in-miami_315042_102.html\",\"name\":\"AFE Announces Boycott of Villarreal-Bar\u00e7a Match in Miami\",\"isPartOf\":{\"@id\":\"https:\\\/\\\/www.fcbarcelonanoticias.com\\\/en\\\/#website\"},\"primaryImageOfPage\":{\"@id\":\"https:\\\/\\\/www.fcbarcelonanoticias.com\\\/en\\\/laliga\\\/afe-announces-boycott-of-villarreal-barca-match-in-miami_315042_102.html#primaryimage\"},\"image\":{\"@id\":\"https:\\\/\\\/www.fcbarcelonanoticias.com\\\/en\\\/laliga\\\/afe-announces-boycott-of-villarreal-barca-match-in-miami_315042_102.html#primaryimage\"},\"thumbnailUrl\":\"https:\\\/\\\/www.fcbarcelonanoticias.com\\\/en\\\/wp-content\\\/uploads\\\/sites\\\/2\\\/2025\\\/10\\\/lamine-yamal-v-villarreal-laliga-24-25.webp\",\"datePublished\":\"2025-10-17T18:16:00+00:00\",\"dateModified\":\"2025-10-17T22:29:00+00:00\",\"author\":{\"@id\":\"https:\\\/\\\/www.fcbarcelonanoticias.com\\\/en\\\/#\\\/schema\\\/person\\\/c2cd9f6fa1af5c0d0eccd0fefa575c88\"},\"description\":\"The Spanish Footballers' Association (AFE) announced a 15-second protest stoppage in each match of Matchday 9 as a protest against the Villarreal-Bar\u00e7a match in Miami\",\"breadcrumb\":{\"@id\":\"https:\\\/\\\/www.fcbarcelonanoticias.com\\\/en\\\/laliga\\\/afe-announces-boycott-of-villarreal-barca-match-in-miami_315042_102.html#breadcrumb\"},\"inLanguage\":\"en-US\",\"potentialAction\":[{\"@type\":\"ReadAction\",\"target\":[\"https:\\\/\\\/www.fcbarcelonanoticias.com\\\/en\\\/laliga\\\/afe-announces-boycott-of-villarreal-barca-match-in-miami_315042_102.html\"]}]},{\"@type\":\"ImageObject\",\"inLanguage\":\"en-US\",\"@id\":\"https:\\\/\\\/www.fcbarcelonanoticias.com\\\/en\\\/laliga\\\/afe-announces-boycott-of-villarreal-barca-match-in-miami_315042_102.html#primaryimage\",\"url\":\"https:\\\/\\\/www.fcbarcelonanoticias.com\\\/en\\\/wp-content\\\/uploads\\\/sites\\\/2\\\/2025\\\/10\\\/lamine-yamal-v-villarreal-laliga-24-25.webp\",\"contentUrl\":\"https:\\\/\\\/www.fcbarcelonanoticias.com\\\/en\\\/wp-content\\\/uploads\\\/sites\\\/2\\\/2025\\\/10\\\/lamine-yamal-v-villarreal-laliga-24-25.webp\",\"width\":1200,\"height\":675},{\"@type\":\"BreadcrumbList\",\"@id\":\"https:\\\/\\\/www.fcbarcelonanoticias.com\\\/en\\\/laliga\\\/afe-announces-boycott-of-villarreal-barca-match-in-miami_315042_102.html#breadcrumb\",\"itemListElement\":[{\"@type\":\"ListItem\",\"position\":1,\"name\":\"Portada\",\"item\":\"https:\\\/\\\/www.fcbarcelonanoticias.com\\\/en\\\/\"},{\"@type\":\"ListItem\",\"position\":2,\"name\":\"AFE Statement: Players to boycott Villarreal-Bar\u00e7a match in Miami\"}]},{\"@type\":\"WebSite\",\"@id\":\"https:\\\/\\\/www.fcbarcelonanoticias.com\\\/en\\\/#website\",\"url\":\"https:\\\/\\\/www.fcbarcelonanoticias.com\\\/en\\\/\",\"name\":\"EN - FC Barcelona Noticias\",\"description\":\"\",\"potentialAction\":[{\"@type\":\"SearchAction\",\"target\":{\"@type\":\"EntryPoint\",\"urlTemplate\":\"https:\\\/\\\/www.fcbarcelonanoticias.com\\\/en\\\/?s={search_term_string}\"},\"query-input\":{\"@type\":\"PropertyValueSpecification\",\"valueRequired\":true,\"valueName\":\"search_term_string\"}}],\"inLanguage\":\"en-US\"},{\"@type\":\"Person\",\"@id\":\"https:\\\/\\\/www.fcbarcelonanoticias.com\\\/en\\\/#\\\/schema\\\/person\\\/c2cd9f6fa1af5c0d0eccd0fefa575c88\",\"name\":\"Andr\u00e9s Quiroz\",\"image\":{\"@type\":\"ImageObject\",\"inLanguage\":\"en-US\",\"@id\":\"https:\\\/\\\/secure.gravatar.com\\\/avatar\\\/?s=96&d=mm&r=g\",\"url\":\"https:\\\/\\\/secure.gravatar.com\\\/avatar\\\/?s=96&d=mm&r=g\",\"contentUrl\":\"https:\\\/\\\/secure.gravatar.com\\\/avatar\\\/?s=96&d=mm&r=g\",\"caption\":\"Andr\u00e9s Quiroz\"},\"description\":\"Licenciado en Periodismo por la Universidad de los Andes. Me encargo de analizar y compartir los contenidos m\u00e1s destacados de la\u00a0actualidad del F\u00fatbol Club Barcelona, Mercado de Fichajes y F\u00fatbol Internacional en FCBN. La informaci\u00f3n es poder, pero tambi\u00e9n conocimiento.\",\"url\":\"https:\\\/\\\/www.fcbarcelonanoticias.com\\\/en\\\/fc-barcelona\\\/andres-quiroz_17_115.html\"}]}<\/script>\n<!-- \/ Yoast SEO plugin. -->","yoast_head_json":{"title":"AFE Announces Boycott of Villarreal-Bar\u00e7a Match in Miami","description":"The Spanish Footballers' Association (AFE) announced a 15-second protest stoppage in each match of Matchday 9 as a protest against the Villarreal-Bar\u00e7a match in Miami","robots":{"index":"index","follow":"follow","max-snippet":"max-snippet:-1","max-image-preview":"max-image-preview:large","max-video-preview":"max-video-preview:-1"},"canonical":"https:\/\/www.fcbarcelonanoticias.com\/en\/laliga\/afe-announces-boycott-of-villarreal-barca-match-in-miami_315042_102.html","og_locale":"en_US","og_type":"article","og_title":"AFE Announces Boycott of Villarreal-Bar\u00e7a Match in Miami","og_description":"The Spanish Footballers' Association (AFE) announced a 15-second protest stoppage in each match of Matchday 9 as a protest against the Villarreal-Bar\u00e7a match in Miami","og_url":"https:\/\/www.fcbarcelonanoticias.com\/en\/laliga\/afe-announces-boycott-of-villarreal-barca-match-in-miami_315042_102.html","og_site_name":"EN - FC Barcelona Noticias","article_published_time":"2025-10-17T18:16:00+00:00","article_modified_time":"2025-10-17T22:29:00+00:00","og_image":[{"width":1200,"height":675,"url":"https:\/\/www.fcbarcelonanoticias.com\/en\/wp-content\/uploads\/sites\/2\/2025\/10\/lamine-yamal-v-villarreal-laliga-24-25.webp","type":"image\/webp"}],"author":"Andr\u00e9s Quiroz","twitter_card":"summary_large_image","twitter_misc":{"Written by":"Andr\u00e9s Quiroz","Est. reading time":"3 minutes"},"schema":{"@context":"https:\/\/schema.org","@graph":[{"@type":"Article","@id":"https:\/\/www.fcbarcelonanoticias.com\/en\/laliga\/afe-announces-boycott-of-villarreal-barca-match-in-miami_315042_102.html#article","isPartOf":{"@id":"https:\/\/www.fcbarcelonanoticias.com\/en\/laliga\/afe-announces-boycott-of-villarreal-barca-match-in-miami_315042_102.html"},"author":{"name":"Andr\u00e9s Quiroz","@id":"https:\/\/www.fcbarcelonanoticias.com\/en\/#\/schema\/person\/c2cd9f6fa1af5c0d0eccd0fefa575c88"},"headline":"AFE Statement: Players to boycott Villarreal-Bar\u00e7a match in Miami","datePublished":"2025-10-17T18:16:00+00:00","dateModified":"2025-10-17T22:29:00+00:00","mainEntityOfPage":{"@id":"https:\/\/www.fcbarcelonanoticias.com\/en\/laliga\/afe-announces-boycott-of-villarreal-barca-match-in-miami_315042_102.html"},"wordCount":548,"image":{"@id":"https:\/\/www.fcbarcelonanoticias.com\/en\/laliga\/afe-announces-boycott-of-villarreal-barca-match-in-miami_315042_102.html#primaryimage"},"thumbnailUrl":"https:\/\/www.fcbarcelonanoticias.com\/en\/wp-content\/uploads\/sites\/2\/2025\/10\/lamine-yamal-v-villarreal-laliga-24-25.webp","keywords":["FC Barcelona vs Villarreal CF","Javier Thebes"],"articleSection":["LaLiga","LaLiga"],"inLanguage":"en-US"},{"@type":"WebPage","@id":"https:\/\/www.fcbarcelonanoticias.com\/en\/laliga\/afe-announces-boycott-of-villarreal-barca-match-in-miami_315042_102.html","url":"https:\/\/www.fcbarcelonanoticias.com\/en\/laliga\/afe-announces-boycott-of-villarreal-barca-match-in-miami_315042_102.html","name":"AFE Announces Boycott of Villarreal-Bar\u00e7a Match in Miami","isPartOf":{"@id":"https:\/\/www.fcbarcelonanoticias.com\/en\/#website"},"primaryImageOfPage":{"@id":"https:\/\/www.fcbarcelonanoticias.com\/en\/laliga\/afe-announces-boycott-of-villarreal-barca-match-in-miami_315042_102.html#primaryimage"},"image":{"@id":"https:\/\/www.fcbarcelonanoticias.com\/en\/laliga\/afe-announces-boycott-of-villarreal-barca-match-in-miami_315042_102.html#primaryimage"},"thumbnailUrl":"https:\/\/www.fcbarcelonanoticias.com\/en\/wp-content\/uploads\/sites\/2\/2025\/10\/lamine-yamal-v-villarreal-laliga-24-25.webp","datePublished":"2025-10-17T18:16:00+00:00","dateModified":"2025-10-17T22:29:00+00:00","author":{"@id":"https:\/\/www.fcbarcelonanoticias.com\/en\/#\/schema\/person\/c2cd9f6fa1af5c0d0eccd0fefa575c88"},"description":"The Spanish Footballers' Association (AFE) announced a 15-second protest stoppage in each match of Matchday 9 as a protest against the Villarreal-Bar\u00e7a match in Miami","breadcrumb":{"@id":"https:\/\/www.fcbarcelonanoticias.com\/en\/laliga\/afe-announces-boycott-of-villarreal-barca-match-in-miami_315042_102.html#breadcrumb"},"inLanguage":"en-US","potentialAction":[{"@type":"ReadAction","target":["https:\/\/www.fcbarcelonanoticias.com\/en\/laliga\/afe-announces-boycott-of-villarreal-barca-match-in-miami_315042_102.html"]}]},{"@type":"ImageObject","inLanguage":"en-US","@id":"https:\/\/www.fcbarcelonanoticias.com\/en\/laliga\/afe-announces-boycott-of-villarreal-barca-match-in-miami_315042_102.html#primaryimage","url":"https:\/\/www.fcbarcelonanoticias.com\/en\/wp-content\/uploads\/sites\/2\/2025\/10\/lamine-yamal-v-villarreal-laliga-24-25.webp","contentUrl":"https:\/\/www.fcbarcelonanoticias.com\/en\/wp-content\/uploads\/sites\/2\/2025\/10\/lamine-yamal-v-villarreal-laliga-24-25.webp","width":1200,"height":675},{"@type":"BreadcrumbList","@id":"https:\/\/www.fcbarcelonanoticias.com\/en\/laliga\/afe-announces-boycott-of-villarreal-barca-match-in-miami_315042_102.html#breadcrumb","itemListElement":[{"@type":"ListItem","position":1,"name":"Portada","item":"https:\/\/www.fcbarcelonanoticias.com\/en\/"},{"@type":"ListItem","position":2,"name":"AFE Statement: Players to boycott Villarreal-Bar\u00e7a match in Miami"}]},{"@type":"WebSite","@id":"https:\/\/www.fcbarcelonanoticias.com\/en\/#website","url":"https:\/\/www.fcbarcelonanoticias.com\/en\/","name":"EN - FC Barcelona Noticias","description":"","potentialAction":[{"@type":"SearchAction","target":{"@type":"EntryPoint","urlTemplate":"https:\/\/www.fcbarcelonanoticias.com\/en\/?s={search_term_string}"},"query-input":{"@type":"PropertyValueSpecification","valueRequired":true,"valueName":"search_term_string"}}],"inLanguage":"en-US"},{"@type":"Person","@id":"https:\/\/www.fcbarcelonanoticias.com\/en\/#\/schema\/person\/c2cd9f6fa1af5c0d0eccd0fefa575c88","name":"Andr\u00e9s Quiroz","image":{"@type":"ImageObject","inLanguage":"en-US","@id":"https:\/\/secure.gravatar.com\/avatar\/?s=96&d=mm&r=g","url":"https:\/\/secure.gravatar.com\/avatar\/?s=96&d=mm&r=g","contentUrl":"https:\/\/secure.gravatar.com\/avatar\/?s=96&d=mm&r=g","caption":"Andr\u00e9s Quiroz"},"description":"Licenciado en Periodismo por la Universidad de los Andes. Me encargo de analizar y compartir los contenidos m\u00e1s destacados de la\u00a0actualidad del F\u00fatbol Club Barcelona, Mercado de Fichajes y F\u00fatbol Internacional en FCBN. La informaci\u00f3n es poder, pero tambi\u00e9n conocimiento.","url":"https:\/\/www.fcbarcelonanoticias.com\/en\/fc-barcelona\/andres-quiroz_17_115.html"}]}},"_links":{"self":[{"href":"https:\/\/www.fcbarcelonanoticias.com\/en\/wp-json\/wp\/v2\/posts\/48755","targetHints":{"allow":["GET"]}}],"collection":[{"href":"https:\/\/www.fcbarcelonanoticias.com\/en\/wp-json\/wp\/v2\/posts"}],"about":[{"href":"https:\/\/www.fcbarcelonanoticias.com\/en\/wp-json\/wp\/v2\/types\/post"}],"author":[{"embeddable":true,"href":"https:\/\/www.fcbarcelonanoticias.com\/en\/wp-json\/wp\/v2\/users\/347"}],"replies":[{"embeddable":true,"href":"https:\/\/www.fcbarcelonanoticias.com\/en\/wp-json\/wp\/v2\/comments?post=48755"}],"version-history":[{"count":1,"href":"https:\/\/www.fcbarcelonanoticias.com\/en\/wp-json\/wp\/v2\/posts\/48755\/revisions"}],"predecessor-version":[{"id":48756,"href":"https:\/\/www.fcbarcelonanoticias.com\/en\/wp-json\/wp\/v2\/posts\/48755\/revisions\/48756"}],"wp:featuredmedia":[{"embeddable":true,"href":"https:\/\/www.fcbarcelonanoticias.com\/en\/wp-json\/wp\/v2\/media\/48757"}],"wp:attachment":[{"href":"https:\/\/www.fcbarcelonanoticias.com\/en\/wp-json\/wp\/v2\/media?parent=48755"}],"wp:term":[{"taxonomy":"category","embeddable":true,"href":"https:\/\/www.fcbarcelonanoticias.com\/en\/wp-json\/wp\/v2\/categories?post=48755"},{"taxonomy":"post_tag","embeddable":true,"href":"https:\/\/www.fcbarcelonanoticias.com\/en\/wp-json\/wp\/v2\/tags?post=48755"}],"curies":[{"name":"wp","href":"https:\/\/api.w.org\/{rel}","templated":true}]}}