{"id":48768,"date":"2025-11-08T17:34:00","date_gmt":"2025-11-08T16:34:00","guid":{"rendered":"https:\/\/weisetech.dev\/fc-barcelona-noticias\/en\/alberola-rojas-will-referee-celta-barca-match-in-laliga-matchday-12_315216_102\/"},"modified":"2026-03-27T11:32:11","modified_gmt":"2026-03-27T10:32:11","slug":"alberola-rojas-will-referee-celta-barca-match-in-laliga-matchday-12_315216_102","status":"publish","type":"post","link":"https:\/\/www.fcbarcelonanoticias.com\/en\/laliga\/alberola-rojas-will-referee-celta-barca-match-in-laliga-matchday-12_315216_102.html","title":{"rendered":"Javier Alberola Rojas: the referee of the last Madrid derby will officiate Celta-Bar\u00e7a"},"content":{"rendered":"<h2 class=\"wp-block-heading\">The RFEF confirmed Javier Alberola Rojas as the main referee for Celta-Barcelona. Valent\u00edn Pizarro G\u00f3mez will be in charge of VAR at Bala\u00eddos, for matchday 12 of LaLiga<\/h2>  \r\n<div class=\"article-addons\">\r\n    <a href=\"https:\/\/www.fcbarcelonanoticias.com\/en\/calendar-fc-barcelona.html\"\r\n       target=\"_self\"\r\n       title=\"Calendar of FC Barcelona\"\r\n       class=\"blue-gredient-btn\">\r\n       \r\n        Calendar of FC Barcelona    <\/a>\r\n<\/div>   <p><strong>FC Barcelona<\/strong> visits <strong>Celta de Vigo<\/strong> this Sunday, November 9 (9:00 PM CEST) for matchday 12 of LaLiga, and the match will be officiated by <strong>Javier Alberola Rojas<\/strong>. The referee from La Mancha was appointed by the <a data-external=\"1\" href=\"https:\/\/rfef.es\/en\/es\/noticias\/designaciones-estos-son-los-arbitros-para-los-partidos-del-domingo-9-de-noviembre-de-la\" rel=\"nofollow\" target=\"_blank\" title=\"Designaciones arbitrales - J12 de LaLiga 25\/26\">Technical Committee of Referees (CTA)<\/a> along with <strong>Valent\u00edn Pizarro G\u00f3mez<\/strong> (VAR)<\/p>  <p>This season, Alberola Rojas has refereed 5 matches, one of them being <a data-external=\"0\" data-intl-links-en=\"https:\/\/www.fcbarcelonanoticias.com\/en\/laliga\/atletico-5-2-real-madrid-historic-little-hand-for-rojiblancos_314849_102.html\" data-intl-links-es=\"https:\/\/www.fcbarcelonanoticias.com\/laliga\/atletico-5-2-real-madrid-historica-manita-rojiblanca-liderato-pedir-barcelona_314849_102.html\" href=\"https:\/\/www.fcbarcelonanoticias.com\/en\/laliga\/atletico-5-2-real-madrid-historic-little-hand-for-rojiblancos_314849_102.html\" rel=\"follow\" target=\"_self\" title=\"Atl\u00e9tico 5-2 Real Madrid: historic 'little hand' for the 'rojiblancos'\">the Madrid derby in which Atl\u00e9tico crushed Real Madrid<\/a> at the Metropolitano (5-2). That day, the referee showed 9 yellow cards, 4 of them to the &#8216;Merengue&#8217; team. In addition, he awarded a penalty to the &#8216;Colchoneros&#8217;, and also disallowed a goal for them after a VAR review.<\/p>  <p>In 25\/26, the 34-year-old referee, with LaLiga experience since 2017\/18, has not officiated any Celta or Barcelona matches. In fact, <strong>he has not refereed the Blaugrana team since matchday 36 of 23\/24<\/strong>. The previous season, the Catalans did not see the referee from La Mancha in the tournament.<\/p>  <h2>How has Bar\u00e7a fared in matches officiated by Alberola Rojas?<\/h2>  <div class=\"media media-image\" data-ck-asset-wrapper=\"\"> <div class=\"media-item\"> <img loading=\"lazy\" decoding=\"async\" alt=\"Alberola Rojas during Bar\u00e7a-Real Sociedad (1-2) in May 2023\" data-id=\"1529988\" data-resize=\"9\" height=\"563\" src=\"https:\/\/www.fcbarcelonanoticias.com\/wp-content\/uploads\/sites\/2\/2025\/11\/fcbn-4f73ff90523fec180458e60f2f9bca21.webp\" title=\"Alberola Rojas during Bar\u00e7a-Real Sociedad (1-2) in May 2023\" width=\"1000\"><div class=\"media-title\">Alberola Rojas during Bar\u00e7a-Real Sociedad (1-2) in May 2023<\/div> <\/div> <\/div>  <p>In his last precedent with Alberola Rojas, Bar\u00e7a defeated Almer\u00eda (0-2) with a brace from Ferm\u00edn L\u00f3pez. The match had no major controversies and only one player was cautioned during the 90 minutes (Vitor Roque).<\/p>  <p>In total, the judge from La Mancha has officiated 10 league matches for the Blaugrana team, with a record of 7 wins, 2 draws, and 1 loss (1-2 against Real Sociedad in 2023) in favor of the Catalans. For Celta, on the other hand, he has officiated 15 times with a balanced record<\/p>  <p>The Galicians have 5 wins, an equal number of draws and losses with Alberola Rojas as the main referee. The last precedent dates back to matchday 35 of the 24\/25 season, when the Galicians thrashed Villarreal (3-0). This will be the first time the referee officiates a Celta-Bar\u00e7a match in the League.<\/p>  <p><strong>Bar\u00e7a&#8217;s record in matches officiated by Javier Alberola Rojas:<\/strong><\/p>  <ol> <li> <strong>Games<\/strong>: 10<\/li> \t<li> <strong>Wins<\/strong>: 7<\/li> \t<li> <strong>Draws<\/strong>: 2<\/li> \t<li> <strong>Losses<\/strong>: 1<\/li> <\/ol> <h2>Bar\u00e7a seeks to break its bad away streak against Celta&nbsp;<\/h2>  <p>For the team led by Hansi Flick, the visit to Celta comes at a complex moment in the season. <strong>Bar\u00e7a went almost eleven months without losing away from home in La Liga<\/strong>, but they lost in their last two away games against Sevilla (4-1) and Real Madrid (2-1). Furthermore, they also failed to win in the Champions League against Bruges (3-3).<\/p>  <p>Bala\u00eddos has also been a difficult venue for the Catalans in the last five years. <strong>The Barcelona team only won in two of their last five visits to Vigo<\/strong>, where last season they drew (2-2) a match they were leading by two goals in the 83rd minute.<\/p>  <p>This Sunday, Bar\u00e7a needs to secure three points against Celta to try and close the <a data-external=\"0\" data-intl-links-en=\"https:\/\/www.fcbarcelonanoticias.com\/en\/laliga\/laliga-standings-d11-barcelona-reclaims-2nd-place_315174_102.html\" data-intl-links-es=\"https:\/\/www.fcbarcelonanoticias.com\/laliga\/clasificacion-laliga-j11-barcelona-recupera-20-puesto_315174_102.html\" href=\"https:\/\/www.fcbarcelonanoticias.com\/en\/laliga\/laliga-standings-d11-barcelona-reclaims-2nd-place_315174_102.html\" rel=\"follow\" target=\"_self\" title=\"Clasificaci\u00f3n LaLiga J11: el Barcelona recupera el 2\u00b0 puesto\">5-point lead Real Madrid holds at the top<\/a>. Los Blancos will have an uncomfortable away game against Rayo in Vallecas (16:15 CEST), hours before the end of the matchday that precedes the third break of the 25\/26 season.<\/p>  <ul> <li>Follow the complete coverage of the <a data-external=\"0\" data-intl-links-en=\"https:\/\/www.fcbarcelonanoticias.com\/en\/tags\/fc-barcelona-vs-celta\" data-intl-links-es=\"https:\/\/www.fcbarcelonanoticias.com\/tags\/fc-barcelona-vs-celta-vigo\" href=\"https:\/\/www.fcbarcelonanoticias.com\/en\/tags\/fc-barcelona-vs-celta.html\" rel=\"follow\" target=\"_self\" title=\"FC Barcelona vs Celta de Vigo\">Celta vs FC Barcelona<\/a> match on FC Barcelona Noticias<\/li> <\/ul> ","protected":false},"excerpt":{"rendered":"<p>The RFEF confirmed Javier Alberola Rojas as the main referee for Celta-Barcelona. Valent\u00edn Pizarro G\u00f3mez will be in charge of VAR at Bala\u00eddos, for matchday 12 of LaLiga FC Barcelona visits Celta de Vigo this Sunday, November 9 (9:00 PM CEST) for matchday 12 of LaLiga, and the match will be officiated by Javier Alberola [&hellip;]<\/p>\n","protected":false},"author":347,"featured_media":48771,"comment_status":"closed","ping_status":"open","sticky":false,"template":"","format":"standard","meta":{"_acf_changed":false,"inline_featured_image":false,"_nextfly_llmd_date_locked":false,"footnotes":""},"categories":[114,448],"tags":[61,190,95,194],"class_list":["post-48768","post","type-post","status-publish","format-standard","has-post-thumbnail","hentry","category-laliga","category-laliga-2","tag-fc-barcelona-vs-celta","tag-referees","tag-rfef","tag-var"],"acf":[],"yoast_head":"<!-- This site is optimized with the Yoast SEO plugin v27.3 - https:\/\/yoast.com\/product\/yoast-seo-wordpress\/ -->\n<title>Alberola Rojas will referee the Celta-Bar\u00e7a match in LaLiga&#039;s Matchday 12<\/title>\n<meta name=\"description\" content=\"The RFEF confirmed Javier Alberola Rojas as the main referee for Celta-Barcelona. Valent\u00edn Pizarro G\u00f3mez will be in charge of VAR at Bala\u00eddos\" \/>\n<meta name=\"robots\" content=\"index, follow, max-snippet:-1, max-image-preview:large, max-video-preview:-1\" \/>\n<link rel=\"canonical\" href=\"https:\/\/www.fcbarcelonanoticias.com\/en\/laliga\/alberola-rojas-will-referee-celta-barca-match-in-laliga-matchday-12_315216_102.html\" \/>\n<meta property=\"og:locale\" content=\"en_US\" \/>\n<meta property=\"og:type\" content=\"article\" \/>\n<meta property=\"og:title\" content=\"Alberola Rojas will referee the Celta-Bar\u00e7a match in LaLiga&#039;s Matchday 12\" \/>\n<meta property=\"og:description\" content=\"The RFEF confirmed Javier Alberola Rojas as the main referee for Celta-Barcelona. Valent\u00edn Pizarro G\u00f3mez will be in charge of VAR at Bala\u00eddos\" \/>\n<meta property=\"og:url\" content=\"https:\/\/www.fcbarcelonanoticias.com\/en\/laliga\/alberola-rojas-will-referee-celta-barca-match-in-laliga-matchday-12_315216_102.html\" \/>\n<meta property=\"og:site_name\" content=\"EN - FC Barcelona Noticias\" \/>\n<meta property=\"article:published_time\" content=\"2025-11-08T16:34:00+00:00\" \/>\n<meta property=\"article:modified_time\" content=\"2026-03-27T10:32:11+00:00\" \/>\n<meta property=\"og:image\" content=\"https:\/\/www.fcbarcelonanoticias.com\/en\/wp-content\/uploads\/sites\/2\/2025\/11\/alberola-rojas-laliga-25-26-1.webp\" \/>\n\t<meta property=\"og:image:width\" content=\"1200\" \/>\n\t<meta property=\"og:image:height\" content=\"675\" \/>\n\t<meta property=\"og:image:type\" content=\"image\/webp\" \/>\n<meta name=\"author\" content=\"Andr\u00e9s Quiroz\" \/>\n<meta name=\"twitter:card\" content=\"summary_large_image\" \/>\n<meta name=\"twitter:label1\" content=\"Written by\" \/>\n\t<meta name=\"twitter:data1\" content=\"Andr\u00e9s Quiroz\" \/>\n\t<meta name=\"twitter:label2\" content=\"Est. reading time\" \/>\n\t<meta name=\"twitter:data2\" content=\"3 minutes\" \/>\n<script type=\"application\/ld+json\" class=\"yoast-schema-graph\">{\"@context\":\"https:\\\/\\\/schema.org\",\"@graph\":[{\"@type\":\"Article\",\"@id\":\"https:\\\/\\\/www.fcbarcelonanoticias.com\\\/en\\\/laliga\\\/alberola-rojas-will-referee-celta-barca-match-in-laliga-matchday-12_315216_102.html#article\",\"isPartOf\":{\"@id\":\"https:\\\/\\\/www.fcbarcelonanoticias.com\\\/en\\\/laliga\\\/alberola-rojas-will-referee-celta-barca-match-in-laliga-matchday-12_315216_102.html\"},\"author\":{\"name\":\"Andr\u00e9s Quiroz\",\"@id\":\"https:\\\/\\\/www.fcbarcelonanoticias.com\\\/en\\\/#\\\/schema\\\/person\\\/c2cd9f6fa1af5c0d0eccd0fefa575c88\"},\"headline\":\"Javier Alberola Rojas: the referee of the last Madrid derby will officiate Celta-Bar\u00e7a\",\"datePublished\":\"2025-11-08T16:34:00+00:00\",\"dateModified\":\"2026-03-27T10:32:11+00:00\",\"mainEntityOfPage\":{\"@id\":\"https:\\\/\\\/www.fcbarcelonanoticias.com\\\/en\\\/laliga\\\/alberola-rojas-will-referee-celta-barca-match-in-laliga-matchday-12_315216_102.html\"},\"wordCount\":552,\"image\":{\"@id\":\"https:\\\/\\\/www.fcbarcelonanoticias.com\\\/en\\\/laliga\\\/alberola-rojas-will-referee-celta-barca-match-in-laliga-matchday-12_315216_102.html#primaryimage\"},\"thumbnailUrl\":\"https:\\\/\\\/www.fcbarcelonanoticias.com\\\/en\\\/wp-content\\\/uploads\\\/sites\\\/2\\\/2025\\\/11\\\/alberola-rojas-laliga-25-26-1.webp\",\"keywords\":[\"FC Barcelona vs Celta Vigo\",\"Referees\",\"RFEF\",\"VAR\"],\"articleSection\":[\"LaLiga\",\"LaLiga\"],\"inLanguage\":\"en-US\"},{\"@type\":\"WebPage\",\"@id\":\"https:\\\/\\\/www.fcbarcelonanoticias.com\\\/en\\\/laliga\\\/alberola-rojas-will-referee-celta-barca-match-in-laliga-matchday-12_315216_102.html\",\"url\":\"https:\\\/\\\/www.fcbarcelonanoticias.com\\\/en\\\/laliga\\\/alberola-rojas-will-referee-celta-barca-match-in-laliga-matchday-12_315216_102.html\",\"name\":\"Alberola Rojas will referee the Celta-Bar\u00e7a match in LaLiga's Matchday 12\",\"isPartOf\":{\"@id\":\"https:\\\/\\\/www.fcbarcelonanoticias.com\\\/en\\\/#website\"},\"primaryImageOfPage\":{\"@id\":\"https:\\\/\\\/www.fcbarcelonanoticias.com\\\/en\\\/laliga\\\/alberola-rojas-will-referee-celta-barca-match-in-laliga-matchday-12_315216_102.html#primaryimage\"},\"image\":{\"@id\":\"https:\\\/\\\/www.fcbarcelonanoticias.com\\\/en\\\/laliga\\\/alberola-rojas-will-referee-celta-barca-match-in-laliga-matchday-12_315216_102.html#primaryimage\"},\"thumbnailUrl\":\"https:\\\/\\\/www.fcbarcelonanoticias.com\\\/en\\\/wp-content\\\/uploads\\\/sites\\\/2\\\/2025\\\/11\\\/alberola-rojas-laliga-25-26-1.webp\",\"datePublished\":\"2025-11-08T16:34:00+00:00\",\"dateModified\":\"2026-03-27T10:32:11+00:00\",\"author\":{\"@id\":\"https:\\\/\\\/www.fcbarcelonanoticias.com\\\/en\\\/#\\\/schema\\\/person\\\/c2cd9f6fa1af5c0d0eccd0fefa575c88\"},\"description\":\"The RFEF confirmed Javier Alberola Rojas as the main referee for Celta-Barcelona. Valent\u00edn Pizarro G\u00f3mez will be in charge of VAR at Bala\u00eddos\",\"breadcrumb\":{\"@id\":\"https:\\\/\\\/www.fcbarcelonanoticias.com\\\/en\\\/laliga\\\/alberola-rojas-will-referee-celta-barca-match-in-laliga-matchday-12_315216_102.html#breadcrumb\"},\"inLanguage\":\"en-US\",\"potentialAction\":[{\"@type\":\"ReadAction\",\"target\":[\"https:\\\/\\\/www.fcbarcelonanoticias.com\\\/en\\\/laliga\\\/alberola-rojas-will-referee-celta-barca-match-in-laliga-matchday-12_315216_102.html\"]}]},{\"@type\":\"ImageObject\",\"inLanguage\":\"en-US\",\"@id\":\"https:\\\/\\\/www.fcbarcelonanoticias.com\\\/en\\\/laliga\\\/alberola-rojas-will-referee-celta-barca-match-in-laliga-matchday-12_315216_102.html#primaryimage\",\"url\":\"https:\\\/\\\/www.fcbarcelonanoticias.com\\\/en\\\/wp-content\\\/uploads\\\/sites\\\/2\\\/2025\\\/11\\\/alberola-rojas-laliga-25-26-1.webp\",\"contentUrl\":\"https:\\\/\\\/www.fcbarcelonanoticias.com\\\/en\\\/wp-content\\\/uploads\\\/sites\\\/2\\\/2025\\\/11\\\/alberola-rojas-laliga-25-26-1.webp\",\"width\":1200,\"height\":675},{\"@type\":\"BreadcrumbList\",\"@id\":\"https:\\\/\\\/www.fcbarcelonanoticias.com\\\/en\\\/laliga\\\/alberola-rojas-will-referee-celta-barca-match-in-laliga-matchday-12_315216_102.html#breadcrumb\",\"itemListElement\":[{\"@type\":\"ListItem\",\"position\":1,\"name\":\"Portada\",\"item\":\"https:\\\/\\\/www.fcbarcelonanoticias.com\\\/en\\\/\"},{\"@type\":\"ListItem\",\"position\":2,\"name\":\"Javier Alberola Rojas: the referee of the last Madrid derby will officiate Celta-Bar\u00e7a\"}]},{\"@type\":\"WebSite\",\"@id\":\"https:\\\/\\\/www.fcbarcelonanoticias.com\\\/en\\\/#website\",\"url\":\"https:\\\/\\\/www.fcbarcelonanoticias.com\\\/en\\\/\",\"name\":\"EN - FC Barcelona Noticias\",\"description\":\"\",\"potentialAction\":[{\"@type\":\"SearchAction\",\"target\":{\"@type\":\"EntryPoint\",\"urlTemplate\":\"https:\\\/\\\/www.fcbarcelonanoticias.com\\\/en\\\/?s={search_term_string}\"},\"query-input\":{\"@type\":\"PropertyValueSpecification\",\"valueRequired\":true,\"valueName\":\"search_term_string\"}}],\"inLanguage\":\"en-US\"},{\"@type\":\"Person\",\"@id\":\"https:\\\/\\\/www.fcbarcelonanoticias.com\\\/en\\\/#\\\/schema\\\/person\\\/c2cd9f6fa1af5c0d0eccd0fefa575c88\",\"name\":\"Andr\u00e9s Quiroz\",\"image\":{\"@type\":\"ImageObject\",\"inLanguage\":\"en-US\",\"@id\":\"https:\\\/\\\/secure.gravatar.com\\\/avatar\\\/?s=96&d=mm&r=g\",\"url\":\"https:\\\/\\\/secure.gravatar.com\\\/avatar\\\/?s=96&d=mm&r=g\",\"contentUrl\":\"https:\\\/\\\/secure.gravatar.com\\\/avatar\\\/?s=96&d=mm&r=g\",\"caption\":\"Andr\u00e9s Quiroz\"},\"description\":\"Licenciado en Periodismo por la Universidad de los Andes. Me encargo de analizar y compartir los contenidos m\u00e1s destacados de la\u00a0actualidad del F\u00fatbol Club Barcelona, Mercado de Fichajes y F\u00fatbol Internacional en FCBN. La informaci\u00f3n es poder, pero tambi\u00e9n conocimiento.\",\"url\":\"https:\\\/\\\/www.fcbarcelonanoticias.com\\\/en\\\/fc-barcelona\\\/andres-quiroz_17_115.html\"}]}<\/script>\n<!-- \/ Yoast SEO plugin. -->","yoast_head_json":{"title":"Alberola Rojas will referee the Celta-Bar\u00e7a match in LaLiga's Matchday 12","description":"The RFEF confirmed Javier Alberola Rojas as the main referee for Celta-Barcelona. Valent\u00edn Pizarro G\u00f3mez will be in charge of VAR at Bala\u00eddos","robots":{"index":"index","follow":"follow","max-snippet":"max-snippet:-1","max-image-preview":"max-image-preview:large","max-video-preview":"max-video-preview:-1"},"canonical":"https:\/\/www.fcbarcelonanoticias.com\/en\/laliga\/alberola-rojas-will-referee-celta-barca-match-in-laliga-matchday-12_315216_102.html","og_locale":"en_US","og_type":"article","og_title":"Alberola Rojas will referee the Celta-Bar\u00e7a match in LaLiga's Matchday 12","og_description":"The RFEF confirmed Javier Alberola Rojas as the main referee for Celta-Barcelona. Valent\u00edn Pizarro G\u00f3mez will be in charge of VAR at Bala\u00eddos","og_url":"https:\/\/www.fcbarcelonanoticias.com\/en\/laliga\/alberola-rojas-will-referee-celta-barca-match-in-laliga-matchday-12_315216_102.html","og_site_name":"EN - FC Barcelona Noticias","article_published_time":"2025-11-08T16:34:00+00:00","article_modified_time":"2026-03-27T10:32:11+00:00","og_image":[{"width":1200,"height":675,"url":"https:\/\/www.fcbarcelonanoticias.com\/en\/wp-content\/uploads\/sites\/2\/2025\/11\/alberola-rojas-laliga-25-26-1.webp","type":"image\/webp"}],"author":"Andr\u00e9s Quiroz","twitter_card":"summary_large_image","twitter_misc":{"Written by":"Andr\u00e9s Quiroz","Est. reading time":"3 minutes"},"schema":{"@context":"https:\/\/schema.org","@graph":[{"@type":"Article","@id":"https:\/\/www.fcbarcelonanoticias.com\/en\/laliga\/alberola-rojas-will-referee-celta-barca-match-in-laliga-matchday-12_315216_102.html#article","isPartOf":{"@id":"https:\/\/www.fcbarcelonanoticias.com\/en\/laliga\/alberola-rojas-will-referee-celta-barca-match-in-laliga-matchday-12_315216_102.html"},"author":{"name":"Andr\u00e9s Quiroz","@id":"https:\/\/www.fcbarcelonanoticias.com\/en\/#\/schema\/person\/c2cd9f6fa1af5c0d0eccd0fefa575c88"},"headline":"Javier Alberola Rojas: the referee of the last Madrid derby will officiate Celta-Bar\u00e7a","datePublished":"2025-11-08T16:34:00+00:00","dateModified":"2026-03-27T10:32:11+00:00","mainEntityOfPage":{"@id":"https:\/\/www.fcbarcelonanoticias.com\/en\/laliga\/alberola-rojas-will-referee-celta-barca-match-in-laliga-matchday-12_315216_102.html"},"wordCount":552,"image":{"@id":"https:\/\/www.fcbarcelonanoticias.com\/en\/laliga\/alberola-rojas-will-referee-celta-barca-match-in-laliga-matchday-12_315216_102.html#primaryimage"},"thumbnailUrl":"https:\/\/www.fcbarcelonanoticias.com\/en\/wp-content\/uploads\/sites\/2\/2025\/11\/alberola-rojas-laliga-25-26-1.webp","keywords":["FC Barcelona vs Celta Vigo","Referees","RFEF","VAR"],"articleSection":["LaLiga","LaLiga"],"inLanguage":"en-US"},{"@type":"WebPage","@id":"https:\/\/www.fcbarcelonanoticias.com\/en\/laliga\/alberola-rojas-will-referee-celta-barca-match-in-laliga-matchday-12_315216_102.html","url":"https:\/\/www.fcbarcelonanoticias.com\/en\/laliga\/alberola-rojas-will-referee-celta-barca-match-in-laliga-matchday-12_315216_102.html","name":"Alberola Rojas will referee the Celta-Bar\u00e7a match in LaLiga's Matchday 12","isPartOf":{"@id":"https:\/\/www.fcbarcelonanoticias.com\/en\/#website"},"primaryImageOfPage":{"@id":"https:\/\/www.fcbarcelonanoticias.com\/en\/laliga\/alberola-rojas-will-referee-celta-barca-match-in-laliga-matchday-12_315216_102.html#primaryimage"},"image":{"@id":"https:\/\/www.fcbarcelonanoticias.com\/en\/laliga\/alberola-rojas-will-referee-celta-barca-match-in-laliga-matchday-12_315216_102.html#primaryimage"},"thumbnailUrl":"https:\/\/www.fcbarcelonanoticias.com\/en\/wp-content\/uploads\/sites\/2\/2025\/11\/alberola-rojas-laliga-25-26-1.webp","datePublished":"2025-11-08T16:34:00+00:00","dateModified":"2026-03-27T10:32:11+00:00","author":{"@id":"https:\/\/www.fcbarcelonanoticias.com\/en\/#\/schema\/person\/c2cd9f6fa1af5c0d0eccd0fefa575c88"},"description":"The RFEF confirmed Javier Alberola Rojas as the main referee for Celta-Barcelona. Valent\u00edn Pizarro G\u00f3mez will be in charge of VAR at Bala\u00eddos","breadcrumb":{"@id":"https:\/\/www.fcbarcelonanoticias.com\/en\/laliga\/alberola-rojas-will-referee-celta-barca-match-in-laliga-matchday-12_315216_102.html#breadcrumb"},"inLanguage":"en-US","potentialAction":[{"@type":"ReadAction","target":["https:\/\/www.fcbarcelonanoticias.com\/en\/laliga\/alberola-rojas-will-referee-celta-barca-match-in-laliga-matchday-12_315216_102.html"]}]},{"@type":"ImageObject","inLanguage":"en-US","@id":"https:\/\/www.fcbarcelonanoticias.com\/en\/laliga\/alberola-rojas-will-referee-celta-barca-match-in-laliga-matchday-12_315216_102.html#primaryimage","url":"https:\/\/www.fcbarcelonanoticias.com\/en\/wp-content\/uploads\/sites\/2\/2025\/11\/alberola-rojas-laliga-25-26-1.webp","contentUrl":"https:\/\/www.fcbarcelonanoticias.com\/en\/wp-content\/uploads\/sites\/2\/2025\/11\/alberola-rojas-laliga-25-26-1.webp","width":1200,"height":675},{"@type":"BreadcrumbList","@id":"https:\/\/www.fcbarcelonanoticias.com\/en\/laliga\/alberola-rojas-will-referee-celta-barca-match-in-laliga-matchday-12_315216_102.html#breadcrumb","itemListElement":[{"@type":"ListItem","position":1,"name":"Portada","item":"https:\/\/www.fcbarcelonanoticias.com\/en\/"},{"@type":"ListItem","position":2,"name":"Javier Alberola Rojas: the referee of the last Madrid derby will officiate Celta-Bar\u00e7a"}]},{"@type":"WebSite","@id":"https:\/\/www.fcbarcelonanoticias.com\/en\/#website","url":"https:\/\/www.fcbarcelonanoticias.com\/en\/","name":"EN - FC Barcelona Noticias","description":"","potentialAction":[{"@type":"SearchAction","target":{"@type":"EntryPoint","urlTemplate":"https:\/\/www.fcbarcelonanoticias.com\/en\/?s={search_term_string}"},"query-input":{"@type":"PropertyValueSpecification","valueRequired":true,"valueName":"search_term_string"}}],"inLanguage":"en-US"},{"@type":"Person","@id":"https:\/\/www.fcbarcelonanoticias.com\/en\/#\/schema\/person\/c2cd9f6fa1af5c0d0eccd0fefa575c88","name":"Andr\u00e9s Quiroz","image":{"@type":"ImageObject","inLanguage":"en-US","@id":"https:\/\/secure.gravatar.com\/avatar\/?s=96&d=mm&r=g","url":"https:\/\/secure.gravatar.com\/avatar\/?s=96&d=mm&r=g","contentUrl":"https:\/\/secure.gravatar.com\/avatar\/?s=96&d=mm&r=g","caption":"Andr\u00e9s Quiroz"},"description":"Licenciado en Periodismo por la Universidad de los Andes. Me encargo de analizar y compartir los contenidos m\u00e1s destacados de la\u00a0actualidad del F\u00fatbol Club Barcelona, Mercado de Fichajes y F\u00fatbol Internacional en FCBN. La informaci\u00f3n es poder, pero tambi\u00e9n conocimiento.","url":"https:\/\/www.fcbarcelonanoticias.com\/en\/fc-barcelona\/andres-quiroz_17_115.html"}]}},"_links":{"self":[{"href":"https:\/\/www.fcbarcelonanoticias.com\/en\/wp-json\/wp\/v2\/posts\/48768","targetHints":{"allow":["GET"]}}],"collection":[{"href":"https:\/\/www.fcbarcelonanoticias.com\/en\/wp-json\/wp\/v2\/posts"}],"about":[{"href":"https:\/\/www.fcbarcelonanoticias.com\/en\/wp-json\/wp\/v2\/types\/post"}],"author":[{"embeddable":true,"href":"https:\/\/www.fcbarcelonanoticias.com\/en\/wp-json\/wp\/v2\/users\/347"}],"replies":[{"embeddable":true,"href":"https:\/\/www.fcbarcelonanoticias.com\/en\/wp-json\/wp\/v2\/comments?post=48768"}],"version-history":[{"count":2,"href":"https:\/\/www.fcbarcelonanoticias.com\/en\/wp-json\/wp\/v2\/posts\/48768\/revisions"}],"predecessor-version":[{"id":158903,"href":"https:\/\/www.fcbarcelonanoticias.com\/en\/wp-json\/wp\/v2\/posts\/48768\/revisions\/158903"}],"wp:featuredmedia":[{"embeddable":true,"href":"https:\/\/www.fcbarcelonanoticias.com\/en\/wp-json\/wp\/v2\/media\/48771"}],"wp:attachment":[{"href":"https:\/\/www.fcbarcelonanoticias.com\/en\/wp-json\/wp\/v2\/media?parent=48768"}],"wp:term":[{"taxonomy":"category","embeddable":true,"href":"https:\/\/www.fcbarcelonanoticias.com\/en\/wp-json\/wp\/v2\/categories?post=48768"},{"taxonomy":"post_tag","embeddable":true,"href":"https:\/\/www.fcbarcelonanoticias.com\/en\/wp-json\/wp\/v2\/tags?post=48768"}],"curies":[{"name":"wp","href":"https:\/\/api.w.org\/{rel}","templated":true}]}}