{"id":48915,"date":"2017-11-30T09:02:00","date_gmt":"2017-11-30T08:02:00","guid":{"rendered":"https:\/\/weisetech.dev\/fc-barcelona-noticias\/en\/alignments-of-the-j14-of-laliga-fc-barcelona-celtic_207181_102\/"},"modified":"2026-04-16T09:42:30","modified_gmt":"2026-04-16T07:42:30","slug":"alignments-of-the-j14-of-laliga-fc-barcelona-celtic_207181_102","status":"publish","type":"post","link":"https:\/\/www.fcbarcelonanoticias.com\/en\/laliga\/alignments-of-the-j14-of-laliga-fc-barcelona-celtic_207181_102.html","title":{"rendered":"Alignments of the J14 of LaLiga: FC Barcelona-Celtic"},"content":{"rendered":"<h2 class=\"wp-block-heading\">The Barcelona will try to add the three points to protect the advantage that carries  with Valencia, his main perseguidor. In front, the Celtic\u00a0of Juan Carlos Unzu\u00e9, had to put the things complicated.\u00a0These are the eleven elected by Ernesto Valverde<\/h2>  \r\n<div class=\"article-addons\">\r\n    <a href=\"https:\/\/www.fcbarcelonanoticias.com\/en\/calendar-fc-barcelona.html\"\r\n       target=\"_self\"\r\n       title=\"Calendar of FC Barcelona\"\r\n       class=\"blue-gredient-btn\">\r\n       \r\n        Calendar of FC Barcelona    <\/a>\r\n<\/div>   <p>With the classifications for eighth of final of the Champions League and the Glass of the King certified, the&nbsp;<strong><a href=\"https:\/\/www.fcbarcelonanoticias.com\/calendario-fcbarcelona.html\">FC Barcelona<\/a><\/strong>&nbsp;will look for apuntalar also the first place of LaLiga keeping the advantage of four points. After a meritorio tie in Mestalla and of golear to the Real Murcia in Glass, the Barcelona will find  with <strong>a Celtic that will look for to give the surprise in the Camp Nou.<\/strong><\/p> <p><strong>For the duel, the cul\u00e9s arrive with the drops<\/strong>&nbsp;<strong>of<\/strong>&nbsp;<strong>Ousmane Demb\u00e9l\u00e9, Rafinha Alc\u00e1ntara, Burn Turan and Javier Mascherano, <\/strong>that mark a list of descartes formed by players lesionados and to which has to add  <a href=\"https:\/\/www.fcbarcelonanoticias.com\/fc-barcelona\/lista-de-convocados-de-valverde-para-el-barcelona-celta_207147_102.html\"><strong>Gerard Deulofeu and Nelson Semedo by technical decision<\/strong><\/a>. Even so, <strong>Ernesto Valverde has gone back to sortear the problems <a href=\"https:\/\/www.fcbarcelonanoticias.com\/jugadores-fcbarcelona.html\">of the staff<\/a><\/strong> and proposes an eleven of full guarantees that will start with the usual 4-3-3.<\/p> <h2><strong><span style=\"font-size: 1.5em;\">This is the XI of the Bar\u00e7a in front of the Celtic<\/span><\/strong><\/h2> <p><strong>XI of the FC Barcelona:<\/strong>&nbsp;Ter Stegen, Roberto, Umtiti, Hammered, Alba; Busquets, Iniesta, Paulinho, Rakitic; Messi and Su\u00e1rez.<\/p> <strong>XI of the Celtic:<\/strong>&nbsp;R. White; Hugo Mallo, Font\u00e0s, G\u00f3mez, Wass; Jozabed, Lobotka, M\u00e9ndez; Sails, Maxi, Sisto. <p><strong>Bench of the Bar\u00e7a:<\/strong>&nbsp;Cillessen, Denis, Vermaelen, Aleix Vidal, Alc\u00e1cer, Digne, Andr\u00e9 Gomes.<\/p> <p><strong>The Bar\u00e7a will look for to keep his condition of invicto<\/strong> resisting to the speed of the celestial attack. With a centre of the ready field to impose  in the pressure to the rivals, Valverde does not present too many surprises in the eleven headline. <strong>The couple of head offices will go back to be for Samuel Umtiti and Gerard Hammered, that goes back after the party of sanction<\/strong>.<\/p> <p>The Celtic, by his part, will look for to put in check to the Barcelona by means of to <strong>his offensive game led by Iago Sails that is of sweet<\/strong> in the last days, where is used to to see door of usual form.&nbsp; The rest of the team presented by Juan Carlos Unzu\u00e9 neither shows too many surprises.<\/p> ","protected":false},"excerpt":{"rendered":"<p>The Barcelona will try to add the three points to protect the advantage that carries with Valencia, his main perseguidor. In front, the Celtic\u00a0of Juan Carlos Unzu\u00e9, had to put the things complicated.\u00a0These are the eleven elected by Ernesto Valverde With the classifications for eighth of final of the Champions League and the Glass of [&hellip;]<\/p>\n","protected":false},"author":364,"featured_media":48917,"comment_status":"closed","ping_status":"open","sticky":false,"template":"","format":"standard","meta":{"_acf_changed":false,"inline_featured_image":false,"_nextfly_llmd_date_locked":false,"footnotes":""},"categories":[114,448],"tags":[71,201],"class_list":["post-48915","post","type-post","status-publish","format-standard","has-post-thumbnail","hentry","category-laliga","category-laliga-2","tag-celtic-of-vigo","tag-lineups"],"acf":[],"yoast_head":"<!-- This site is optimized with the Yoast SEO plugin v27.3 - https:\/\/yoast.com\/product\/yoast-seo-wordpress\/ -->\n<title>Alignments of the J14 of LaLiga: FC Barcelona-Celtic<\/title>\n<meta name=\"description\" content=\"The Barcelona will try to add the three points to protect the advantage that carries with Valencia, his main perseguidor. In front, the Celtic of...\" \/>\n<meta name=\"robots\" content=\"index, follow, max-snippet:-1, max-image-preview:large, max-video-preview:-1\" \/>\n<link rel=\"canonical\" href=\"https:\/\/www.fcbarcelonanoticias.com\/en\/laliga\/alignments-of-the-j14-of-laliga-fc-barcelona-celtic_207181_102.html\" \/>\n<meta property=\"og:locale\" content=\"en_US\" \/>\n<meta property=\"og:type\" content=\"article\" \/>\n<meta property=\"og:title\" content=\"Alignments of the J14 of LaLiga: FC Barcelona-Celtic\" \/>\n<meta property=\"og:description\" content=\"The Barcelona will try to add the three points to protect the advantage that carries with Valencia, his main perseguidor. In front, the Celtic of...\" \/>\n<meta property=\"og:url\" content=\"https:\/\/www.fcbarcelonanoticias.com\/en\/laliga\/alignments-of-the-j14-of-laliga-fc-barcelona-celtic_207181_102.html\" \/>\n<meta property=\"og:site_name\" content=\"EN - FC Barcelona Noticias\" \/>\n<meta property=\"article:published_time\" content=\"2017-11-30T08:02:00+00:00\" \/>\n<meta property=\"article:modified_time\" content=\"2026-04-16T07:42:30+00:00\" \/>\n<meta name=\"author\" content=\"Albert Ram\u00edrez\" \/>\n<meta name=\"twitter:card\" content=\"summary_large_image\" \/>\n<meta name=\"twitter:label1\" content=\"Written by\" \/>\n\t<meta name=\"twitter:data1\" content=\"Albert Ram\u00edrez\" \/>\n\t<meta name=\"twitter:label2\" content=\"Est. reading time\" \/>\n\t<meta name=\"twitter:data2\" content=\"2 minutes\" \/>\n<script type=\"application\/ld+json\" class=\"yoast-schema-graph\">{\"@context\":\"https:\\\/\\\/schema.org\",\"@graph\":[{\"@type\":\"Article\",\"@id\":\"https:\\\/\\\/www.fcbarcelonanoticias.com\\\/en\\\/laliga\\\/alignments-of-the-j14-of-laliga-fc-barcelona-celtic_207181_102.html#article\",\"isPartOf\":{\"@id\":\"https:\\\/\\\/www.fcbarcelonanoticias.com\\\/en\\\/laliga\\\/alignments-of-the-j14-of-laliga-fc-barcelona-celtic_207181_102.html\"},\"author\":{\"name\":\"Albert Ram\u00edrez\",\"@id\":\"https:\\\/\\\/www.fcbarcelonanoticias.com\\\/en\\\/#\\\/schema\\\/person\\\/1d0eb8457abc625a793c7a9f8f67612d\"},\"headline\":\"Alignments of the J14 of LaLiga: FC Barcelona-Celtic\",\"datePublished\":\"2017-11-30T08:02:00+00:00\",\"dateModified\":\"2026-04-16T07:42:30+00:00\",\"mainEntityOfPage\":{\"@id\":\"https:\\\/\\\/www.fcbarcelonanoticias.com\\\/en\\\/laliga\\\/alignments-of-the-j14-of-laliga-fc-barcelona-celtic_207181_102.html\"},\"wordCount\":400,\"image\":{\"@id\":\"https:\\\/\\\/www.fcbarcelonanoticias.com\\\/en\\\/laliga\\\/alignments-of-the-j14-of-laliga-fc-barcelona-celtic_207181_102.html#primaryimage\"},\"thumbnailUrl\":\"\",\"keywords\":[\"Celtic of Vigo\",\"FC Barcelona Lineups\"],\"articleSection\":[\"LaLiga\",\"LaLiga\"],\"inLanguage\":\"en-US\"},{\"@type\":\"WebPage\",\"@id\":\"https:\\\/\\\/www.fcbarcelonanoticias.com\\\/en\\\/laliga\\\/alignments-of-the-j14-of-laliga-fc-barcelona-celtic_207181_102.html\",\"url\":\"https:\\\/\\\/www.fcbarcelonanoticias.com\\\/en\\\/laliga\\\/alignments-of-the-j14-of-laliga-fc-barcelona-celtic_207181_102.html\",\"name\":\"Alignments of the J14 of LaLiga: FC Barcelona-Celtic\",\"isPartOf\":{\"@id\":\"https:\\\/\\\/www.fcbarcelonanoticias.com\\\/en\\\/#website\"},\"primaryImageOfPage\":{\"@id\":\"https:\\\/\\\/www.fcbarcelonanoticias.com\\\/en\\\/laliga\\\/alignments-of-the-j14-of-laliga-fc-barcelona-celtic_207181_102.html#primaryimage\"},\"image\":{\"@id\":\"https:\\\/\\\/www.fcbarcelonanoticias.com\\\/en\\\/laliga\\\/alignments-of-the-j14-of-laliga-fc-barcelona-celtic_207181_102.html#primaryimage\"},\"thumbnailUrl\":\"\",\"datePublished\":\"2017-11-30T08:02:00+00:00\",\"dateModified\":\"2026-04-16T07:42:30+00:00\",\"author\":{\"@id\":\"https:\\\/\\\/www.fcbarcelonanoticias.com\\\/en\\\/#\\\/schema\\\/person\\\/1d0eb8457abc625a793c7a9f8f67612d\"},\"description\":\"The Barcelona will try to add the three points to protect the advantage that carries with Valencia, his main perseguidor. In front, the Celtic of...\",\"breadcrumb\":{\"@id\":\"https:\\\/\\\/www.fcbarcelonanoticias.com\\\/en\\\/laliga\\\/alignments-of-the-j14-of-laliga-fc-barcelona-celtic_207181_102.html#breadcrumb\"},\"inLanguage\":\"en-US\",\"potentialAction\":[{\"@type\":\"ReadAction\",\"target\":[\"https:\\\/\\\/www.fcbarcelonanoticias.com\\\/en\\\/laliga\\\/alignments-of-the-j14-of-laliga-fc-barcelona-celtic_207181_102.html\"]}]},{\"@type\":\"ImageObject\",\"inLanguage\":\"en-US\",\"@id\":\"https:\\\/\\\/www.fcbarcelonanoticias.com\\\/en\\\/laliga\\\/alignments-of-the-j14-of-laliga-fc-barcelona-celtic_207181_102.html#primaryimage\",\"url\":\"\",\"contentUrl\":\"\"},{\"@type\":\"BreadcrumbList\",\"@id\":\"https:\\\/\\\/www.fcbarcelonanoticias.com\\\/en\\\/laliga\\\/alignments-of-the-j14-of-laliga-fc-barcelona-celtic_207181_102.html#breadcrumb\",\"itemListElement\":[{\"@type\":\"ListItem\",\"position\":1,\"name\":\"Portada\",\"item\":\"https:\\\/\\\/www.fcbarcelonanoticias.com\\\/en\\\/\"},{\"@type\":\"ListItem\",\"position\":2,\"name\":\"Alignments of the J14 of LaLiga: FC Barcelona-Celtic\"}]},{\"@type\":\"WebSite\",\"@id\":\"https:\\\/\\\/www.fcbarcelonanoticias.com\\\/en\\\/#website\",\"url\":\"https:\\\/\\\/www.fcbarcelonanoticias.com\\\/en\\\/\",\"name\":\"EN - FC Barcelona Noticias\",\"description\":\"\",\"potentialAction\":[{\"@type\":\"SearchAction\",\"target\":{\"@type\":\"EntryPoint\",\"urlTemplate\":\"https:\\\/\\\/www.fcbarcelonanoticias.com\\\/en\\\/?s={search_term_string}\"},\"query-input\":{\"@type\":\"PropertyValueSpecification\",\"valueRequired\":true,\"valueName\":\"search_term_string\"}}],\"inLanguage\":\"en-US\"},{\"@type\":\"Person\",\"@id\":\"https:\\\/\\\/www.fcbarcelonanoticias.com\\\/en\\\/#\\\/schema\\\/person\\\/1d0eb8457abc625a793c7a9f8f67612d\",\"name\":\"Albert Ram\u00edrez\",\"image\":{\"@type\":\"ImageObject\",\"inLanguage\":\"en-US\",\"@id\":\"https:\\\/\\\/secure.gravatar.com\\\/avatar\\\/?s=96&d=mm&r=g\",\"url\":\"https:\\\/\\\/secure.gravatar.com\\\/avatar\\\/?s=96&d=mm&r=g\",\"contentUrl\":\"https:\\\/\\\/secure.gravatar.com\\\/avatar\\\/?s=96&d=mm&r=g\",\"caption\":\"Albert Ram\u00edrez\"},\"url\":\"https:\\\/\\\/www.fcbarcelonanoticias.com\\\/en\\\/albert-ramirez_5_115.html\"}]}<\/script>\n<!-- \/ Yoast SEO plugin. -->","yoast_head_json":{"title":"Alignments of the J14 of LaLiga: FC Barcelona-Celtic","description":"The Barcelona will try to add the three points to protect the advantage that carries with Valencia, his main perseguidor. In front, the Celtic of...","robots":{"index":"index","follow":"follow","max-snippet":"max-snippet:-1","max-image-preview":"max-image-preview:large","max-video-preview":"max-video-preview:-1"},"canonical":"https:\/\/www.fcbarcelonanoticias.com\/en\/laliga\/alignments-of-the-j14-of-laliga-fc-barcelona-celtic_207181_102.html","og_locale":"en_US","og_type":"article","og_title":"Alignments of the J14 of LaLiga: FC Barcelona-Celtic","og_description":"The Barcelona will try to add the three points to protect the advantage that carries with Valencia, his main perseguidor. In front, the Celtic of...","og_url":"https:\/\/www.fcbarcelonanoticias.com\/en\/laliga\/alignments-of-the-j14-of-laliga-fc-barcelona-celtic_207181_102.html","og_site_name":"EN - FC Barcelona Noticias","article_published_time":"2017-11-30T08:02:00+00:00","article_modified_time":"2026-04-16T07:42:30+00:00","author":"Albert Ram\u00edrez","twitter_card":"summary_large_image","twitter_misc":{"Written by":"Albert Ram\u00edrez","Est. reading time":"2 minutes"},"schema":{"@context":"https:\/\/schema.org","@graph":[{"@type":"Article","@id":"https:\/\/www.fcbarcelonanoticias.com\/en\/laliga\/alignments-of-the-j14-of-laliga-fc-barcelona-celtic_207181_102.html#article","isPartOf":{"@id":"https:\/\/www.fcbarcelonanoticias.com\/en\/laliga\/alignments-of-the-j14-of-laliga-fc-barcelona-celtic_207181_102.html"},"author":{"name":"Albert Ram\u00edrez","@id":"https:\/\/www.fcbarcelonanoticias.com\/en\/#\/schema\/person\/1d0eb8457abc625a793c7a9f8f67612d"},"headline":"Alignments of the J14 of LaLiga: FC Barcelona-Celtic","datePublished":"2017-11-30T08:02:00+00:00","dateModified":"2026-04-16T07:42:30+00:00","mainEntityOfPage":{"@id":"https:\/\/www.fcbarcelonanoticias.com\/en\/laliga\/alignments-of-the-j14-of-laliga-fc-barcelona-celtic_207181_102.html"},"wordCount":400,"image":{"@id":"https:\/\/www.fcbarcelonanoticias.com\/en\/laliga\/alignments-of-the-j14-of-laliga-fc-barcelona-celtic_207181_102.html#primaryimage"},"thumbnailUrl":"","keywords":["Celtic of Vigo","FC Barcelona Lineups"],"articleSection":["LaLiga","LaLiga"],"inLanguage":"en-US"},{"@type":"WebPage","@id":"https:\/\/www.fcbarcelonanoticias.com\/en\/laliga\/alignments-of-the-j14-of-laliga-fc-barcelona-celtic_207181_102.html","url":"https:\/\/www.fcbarcelonanoticias.com\/en\/laliga\/alignments-of-the-j14-of-laliga-fc-barcelona-celtic_207181_102.html","name":"Alignments of the J14 of LaLiga: FC Barcelona-Celtic","isPartOf":{"@id":"https:\/\/www.fcbarcelonanoticias.com\/en\/#website"},"primaryImageOfPage":{"@id":"https:\/\/www.fcbarcelonanoticias.com\/en\/laliga\/alignments-of-the-j14-of-laliga-fc-barcelona-celtic_207181_102.html#primaryimage"},"image":{"@id":"https:\/\/www.fcbarcelonanoticias.com\/en\/laliga\/alignments-of-the-j14-of-laliga-fc-barcelona-celtic_207181_102.html#primaryimage"},"thumbnailUrl":"","datePublished":"2017-11-30T08:02:00+00:00","dateModified":"2026-04-16T07:42:30+00:00","author":{"@id":"https:\/\/www.fcbarcelonanoticias.com\/en\/#\/schema\/person\/1d0eb8457abc625a793c7a9f8f67612d"},"description":"The Barcelona will try to add the three points to protect the advantage that carries with Valencia, his main perseguidor. In front, the Celtic of...","breadcrumb":{"@id":"https:\/\/www.fcbarcelonanoticias.com\/en\/laliga\/alignments-of-the-j14-of-laliga-fc-barcelona-celtic_207181_102.html#breadcrumb"},"inLanguage":"en-US","potentialAction":[{"@type":"ReadAction","target":["https:\/\/www.fcbarcelonanoticias.com\/en\/laliga\/alignments-of-the-j14-of-laliga-fc-barcelona-celtic_207181_102.html"]}]},{"@type":"ImageObject","inLanguage":"en-US","@id":"https:\/\/www.fcbarcelonanoticias.com\/en\/laliga\/alignments-of-the-j14-of-laliga-fc-barcelona-celtic_207181_102.html#primaryimage","url":"","contentUrl":""},{"@type":"BreadcrumbList","@id":"https:\/\/www.fcbarcelonanoticias.com\/en\/laliga\/alignments-of-the-j14-of-laliga-fc-barcelona-celtic_207181_102.html#breadcrumb","itemListElement":[{"@type":"ListItem","position":1,"name":"Portada","item":"https:\/\/www.fcbarcelonanoticias.com\/en\/"},{"@type":"ListItem","position":2,"name":"Alignments of the J14 of LaLiga: FC Barcelona-Celtic"}]},{"@type":"WebSite","@id":"https:\/\/www.fcbarcelonanoticias.com\/en\/#website","url":"https:\/\/www.fcbarcelonanoticias.com\/en\/","name":"EN - FC Barcelona Noticias","description":"","potentialAction":[{"@type":"SearchAction","target":{"@type":"EntryPoint","urlTemplate":"https:\/\/www.fcbarcelonanoticias.com\/en\/?s={search_term_string}"},"query-input":{"@type":"PropertyValueSpecification","valueRequired":true,"valueName":"search_term_string"}}],"inLanguage":"en-US"},{"@type":"Person","@id":"https:\/\/www.fcbarcelonanoticias.com\/en\/#\/schema\/person\/1d0eb8457abc625a793c7a9f8f67612d","name":"Albert Ram\u00edrez","image":{"@type":"ImageObject","inLanguage":"en-US","@id":"https:\/\/secure.gravatar.com\/avatar\/?s=96&d=mm&r=g","url":"https:\/\/secure.gravatar.com\/avatar\/?s=96&d=mm&r=g","contentUrl":"https:\/\/secure.gravatar.com\/avatar\/?s=96&d=mm&r=g","caption":"Albert Ram\u00edrez"},"url":"https:\/\/www.fcbarcelonanoticias.com\/en\/albert-ramirez_5_115.html"}]}},"_links":{"self":[{"href":"https:\/\/www.fcbarcelonanoticias.com\/en\/wp-json\/wp\/v2\/posts\/48915","targetHints":{"allow":["GET"]}}],"collection":[{"href":"https:\/\/www.fcbarcelonanoticias.com\/en\/wp-json\/wp\/v2\/posts"}],"about":[{"href":"https:\/\/www.fcbarcelonanoticias.com\/en\/wp-json\/wp\/v2\/types\/post"}],"author":[{"embeddable":true,"href":"https:\/\/www.fcbarcelonanoticias.com\/en\/wp-json\/wp\/v2\/users\/364"}],"replies":[{"embeddable":true,"href":"https:\/\/www.fcbarcelonanoticias.com\/en\/wp-json\/wp\/v2\/comments?post=48915"}],"version-history":[{"count":6,"href":"https:\/\/www.fcbarcelonanoticias.com\/en\/wp-json\/wp\/v2\/posts\/48915\/revisions"}],"predecessor-version":[{"id":178863,"href":"https:\/\/www.fcbarcelonanoticias.com\/en\/wp-json\/wp\/v2\/posts\/48915\/revisions\/178863"}],"wp:featuredmedia":[{"embeddable":true,"href":"https:\/\/www.fcbarcelonanoticias.com\/en\/wp-json\/"}],"wp:attachment":[{"href":"https:\/\/www.fcbarcelonanoticias.com\/en\/wp-json\/wp\/v2\/media?parent=48915"}],"wp:term":[{"taxonomy":"category","embeddable":true,"href":"https:\/\/www.fcbarcelonanoticias.com\/en\/wp-json\/wp\/v2\/categories?post=48915"},{"taxonomy":"post_tag","embeddable":true,"href":"https:\/\/www.fcbarcelonanoticias.com\/en\/wp-json\/wp\/v2\/tags?post=48915"}],"curies":[{"name":"wp","href":"https:\/\/api.w.org\/{rel}","templated":true}]}}