{"id":48954,"date":"2023-01-28T16:49:00","date_gmt":"2023-01-28T15:49:00","guid":{"rendered":"https:\/\/weisetech.dev\/fc-barcelona-noticias\/en\/alert-dembele-ousmane-breaks-at-his-best-moment_289073_102\/"},"modified":"2023-01-28T21:34:00","modified_gmt":"2023-01-28T20:34:00","slug":"alert-dembele-ousmane-breaks-at-his-best-moment_289073_102","status":"publish","type":"post","link":"https:\/\/www.fcbarcelonanoticias.com\/en\/laliga\/alert-dembele-ousmane-breaks-at-his-best-moment_289073_102.html","title":{"rendered":"Bad news at Bar\u00e7a: Ousmane Demb\u00e9l\u00e9&#8217;s injury is confirmed!"},"content":{"rendered":"<h2 class=\"wp-block-heading\">Ousmane Demb\u00e9l\u00e9 had to be replaced due to injury against Girona. Through a communiqu\u00e9, FC Barcelona confirmed a new injury of the French attacker<\/h2>  \r\n<div class=\"article-addons\">\r\n    <a href=\"https:\/\/www.fcbarcelonanoticias.com\/en\/calendar-fc-barcelona.html\"\r\n       target=\"_self\"\r\n       title=\"Calendar of FC Barcelona\"\r\n       class=\"blue-gredient-btn\">\r\n       \r\n        Calendar of FC Barcelona    <\/a>\r\n<\/div>   <p>You alarm lit in the FC Barcelona! In the best moment <strong><a data-external=\"1\" href=\"https:\/\/www.fcbarcelonanoticias.com\/en\/tags\/dembele.html\" rel=\"nofollow\" target=\"_blank\" title=\"Ousmane Demb\u00e9l\u00e9\">of Ousmane Demb\u00e9l\u00e9<\/a><\/strong>, probably from his arrival to the Spotify Camp Nou<strong>, the French player saw forced to ask the change before the 25 minutes of party against the Girona in the day 19 of LaLiga Santander and already has confirmed an injury that could keep him went by a few weeks. <\/strong><\/p>  <p>In a communiqu\u00e9 issued by the club some hours after the party, confirmed that &#8220;l<strong>ace test made this afternoon to the player of the first team Ousmane Demb\u00e9l\u00e9 have showed that suffers an injury in the previous rectum of the left thigh. It is drop and the evolution will mark his availability&#8221;, <\/strong>confirming the worst prognoses of the cul\u00e9s.<\/p>  <blockquote class=\"twitter-tweet\"> <p dir=\"ltr\" lang=\"es\">[MEDICAL COMMUNIQU\u00c9]<br><br> The proofs made this afternoon to the player of the first team Ousmane Demb\u00e9l\u00e9 have showed that suffers an injury in the previous rectum of the left thigh. It is drop and the evolution will mark his availability <a href=\"https:\/\/t.co\/en\/m6iAvaaoha\">pic.twitter.com\/m6iavaaoha<\/a><\/p> \u2014 FC Barcelona (@FCBarcelona_is) <a href=\"https:\/\/twitter.com\/en\/FCBarcelona_es\/status\/1619431216976896001?ref_src=twsrc%5Etfw\">January 28, 2023<\/a> <\/blockquote> <p>It is worth it to remember that the French attacker felt some annoyances in the cu\u00e1driceps left after a career against the Girona, tried to force, but finished doing signals to the Barcelona bench to go to the bench. Pedri Went in in the field for relevarle.es one very bad news for the Bar\u00e7a, that loses to ones of his more decisive forwards just in his best moment. The French added 14 months without injuries, <strong>the last occasion was in November of 2021<\/strong>, since it reappeared, already with Xavi in the bench, had had regularity and was being one of the best of the FC Barcelona from the return of the World-wide.<\/p>  <blockquote class=\"twitter-tweet\"> <p dir=\"ltr\" lang=\"en\">Demb\u00e9l\u00e9 is replaced by Pedri after just 25 minutes&#8230;<br><br> Let&#8217;s hope it&#8217;s nothing serious&#8230; \ud83d\ude33 <a href=\"https:\/\/t.co\/en\/ohaZxAWEF0\">pic.twitter.com\/ohazxawef0<\/a><\/p> \u2014 LaLigaTV (@LaLigaTV) <a href=\"https:\/\/twitter.com\/en\/LaLigaTV\/status\/1619361252366483457?ref_src=twsrc%5Etfw\">January 28, 2023<\/a> <\/blockquote> <p>An information of the journalist Helenda Condis, of the Chain &#8216;COPE&#8217;, signals that <strong>Demb\u00e9l\u00e9 could be drop by three weeks after the feelings that left the first explorations in the changing room.<\/strong> Although lacking that tomorrow subject to new proofs, for the moment the forecasts are negative. It could lose, if it is like this, the party of gone of the dieciseisavos of final of the Europe League against the Manchester United.<\/p>  <blockquote class=\"twitter-tweet\"> <p dir=\"ltr\" lang=\"es\">\ud83d\udc49Demb\u00e9l\u00e9 Could be some 3 weeks of drop.<br><br> It is doubt for the gone of the Europe League: 16 February against the Manchester United.<br><br> It is the feeling after the first explorations in the changing room in Girona. <a href=\"https:\/\/twitter.com\/en\/tjcope?ref_src=twsrc%5Etfw\">@tjcope<\/a> <a href=\"https:\/\/twitter.com\/en\/partidazocope?ref_src=twsrc%5Etfw\">@partidazocope<\/a><\/p> \u2014 Helena Condis Edo (@HelenaCondis) <a href=\"https:\/\/twitter.com\/en\/HelenaCondis\/status\/1619396455189610498?ref_src=twsrc%5Etfw\">January 28, 2023<\/a> <\/blockquote> <h3>Like this it produced the injury of Demb\u00e9l\u00e9<\/h3>  <p>Before asking be substituted, Demb\u00e9l\u00e9 went in career with Arnau Mart\u00ednez by the left band and, after losing the balloon, saw how was touching the cu\u00e1driceps left. From the bench began to concern and began the follow-up to the French attacker, but <strong>tested and followed walking in the field by little time. <\/strong><\/p>  <p>In a moment, the French received the spherical by the band and, instead of going out in career, braked and yielded for a mate. Immediately, it looked to the staff technical of the Bar\u00e7a to request the change, with clear samples of pain.<strong> It left walking, with difficulty, to leave to the bench, where attended him immediately and applied him ice in the left thigh. <\/strong>In the next days will do him medical proofs but everything does to indicate that it could suffer a muscular break.<\/p> ","protected":false},"excerpt":{"rendered":"<p>Ousmane Demb\u00e9l\u00e9 had to be replaced due to injury against Girona. Through a communiqu\u00e9, FC Barcelona confirmed a new injury of the French attacker You alarm lit in the FC Barcelona! In the best moment of Ousmane Demb\u00e9l\u00e9, probably from his arrival to the Spotify Camp Nou, the French player saw forced to ask the [&hellip;]<\/p>\n","protected":false},"author":0,"featured_media":48959,"comment_status":"closed","ping_status":"open","sticky":false,"template":"","format":"standard","meta":{"_acf_changed":false,"inline_featured_image":false,"_nextfly_llmd_date_locked":false,"footnotes":""},"categories":[448,114],"tags":[146],"class_list":["post-48954","post","type-post","status-publish","format-standard","has-post-thumbnail","hentry","category-laliga-2","category-laliga","tag-dembele"],"acf":[],"yoast_head":"<!-- This site is optimized with the Yoast SEO plugin v27.3 - https:\/\/yoast.com\/product\/yoast-seo-wordpress\/ -->\n<title>Bad news at Bar\u00e7a: Ousmane Demb\u00e9l\u00e9&#039;s injury is confirmed!<\/title>\n<meta name=\"description\" content=\"Ousmane Demb\u00e9l\u00e9 pidid\u00f3 Be substituted in the visit of the FC Barcelona to the Girona by some physical annoyances in the first-half of one of the derbis Catalan\" \/>\n<meta name=\"robots\" content=\"index, follow, max-snippet:-1, max-image-preview:large, max-video-preview:-1\" \/>\n<link rel=\"canonical\" href=\"https:\/\/www.fcbarcelonanoticias.com\/en\/laliga\/alert-dembele-ousmane-breaks-at-his-best-moment_289073_102.html\" \/>\n<meta property=\"og:locale\" content=\"en_US\" \/>\n<meta property=\"og:type\" content=\"article\" \/>\n<meta property=\"og:title\" content=\"Bad news at Bar\u00e7a: Ousmane Demb\u00e9l\u00e9&#039;s injury is confirmed!\" \/>\n<meta property=\"og:description\" content=\"Ousmane Demb\u00e9l\u00e9 pidid\u00f3 Be substituted in the visit of the FC Barcelona to the Girona by some physical annoyances in the first-half of one of the derbis Catalan\" \/>\n<meta property=\"og:url\" content=\"https:\/\/www.fcbarcelonanoticias.com\/en\/laliga\/alert-dembele-ousmane-breaks-at-his-best-moment_289073_102.html\" \/>\n<meta property=\"og:site_name\" content=\"EN - FC Barcelona Noticias\" \/>\n<meta property=\"article:published_time\" content=\"2023-01-28T15:49:00+00:00\" \/>\n<meta property=\"article:modified_time\" content=\"2023-01-28T20:34:00+00:00\" \/>\n<meta property=\"og:image\" content=\"https:\/\/www.fcbarcelonanoticias.com\/en\/wp-content\/uploads\/sites\/2\/2023\/01\/ousmane-dembe-le-tras-ser-sustituido-en-el-girona-vs-barc-a-1.jpeg\" \/>\n\t<meta property=\"og:image:width\" content=\"1200\" \/>\n\t<meta property=\"og:image:height\" content=\"675\" \/>\n\t<meta property=\"og:image:type\" content=\"image\/jpeg\" \/>\n<meta name=\"twitter:card\" content=\"summary_large_image\" \/>\n<meta name=\"twitter:label1\" content=\"Est. reading time\" \/>\n\t<meta name=\"twitter:data1\" content=\"3 minutes\" \/>\n<script type=\"application\/ld+json\" class=\"yoast-schema-graph\">{\"@context\":\"https:\\\/\\\/schema.org\",\"@graph\":[{\"@type\":\"Article\",\"@id\":\"https:\\\/\\\/www.fcbarcelonanoticias.com\\\/en\\\/laliga\\\/alert-dembele-ousmane-breaks-at-his-best-moment_289073_102.html#article\",\"isPartOf\":{\"@id\":\"https:\\\/\\\/www.fcbarcelonanoticias.com\\\/en\\\/laliga\\\/alert-dembele-ousmane-breaks-at-his-best-moment_289073_102.html\"},\"author\":{\"name\":\"\",\"@id\":\"\"},\"headline\":\"Bad news at Bar\u00e7a: Ousmane Demb\u00e9l\u00e9&#8217;s injury is confirmed!\",\"datePublished\":\"2023-01-28T15:49:00+00:00\",\"dateModified\":\"2023-01-28T20:34:00+00:00\",\"mainEntityOfPage\":{\"@id\":\"https:\\\/\\\/www.fcbarcelonanoticias.com\\\/en\\\/laliga\\\/alert-dembele-ousmane-breaks-at-his-best-moment_289073_102.html\"},\"wordCount\":615,\"image\":{\"@id\":\"https:\\\/\\\/www.fcbarcelonanoticias.com\\\/en\\\/laliga\\\/alert-dembele-ousmane-breaks-at-his-best-moment_289073_102.html#primaryimage\"},\"thumbnailUrl\":\"https:\\\/\\\/www.fcbarcelonanoticias.com\\\/en\\\/wp-content\\\/uploads\\\/sites\\\/2\\\/2023\\\/01\\\/ousmane-dembe-le-tras-ser-sustituido-en-el-girona-vs-barc-a-1.jpeg\",\"keywords\":[\"Demb\u00e9l\u00e9\"],\"articleSection\":[\"LaLiga\",\"LaLiga\"],\"inLanguage\":\"en-US\"},{\"@type\":\"WebPage\",\"@id\":\"https:\\\/\\\/www.fcbarcelonanoticias.com\\\/en\\\/laliga\\\/alert-dembele-ousmane-breaks-at-his-best-moment_289073_102.html\",\"url\":\"https:\\\/\\\/www.fcbarcelonanoticias.com\\\/en\\\/laliga\\\/alert-dembele-ousmane-breaks-at-his-best-moment_289073_102.html\",\"name\":\"Bad news at Bar\u00e7a: Ousmane Demb\u00e9l\u00e9's injury is confirmed!\",\"isPartOf\":{\"@id\":\"https:\\\/\\\/www.fcbarcelonanoticias.com\\\/en\\\/#website\"},\"primaryImageOfPage\":{\"@id\":\"https:\\\/\\\/www.fcbarcelonanoticias.com\\\/en\\\/laliga\\\/alert-dembele-ousmane-breaks-at-his-best-moment_289073_102.html#primaryimage\"},\"image\":{\"@id\":\"https:\\\/\\\/www.fcbarcelonanoticias.com\\\/en\\\/laliga\\\/alert-dembele-ousmane-breaks-at-his-best-moment_289073_102.html#primaryimage\"},\"thumbnailUrl\":\"https:\\\/\\\/www.fcbarcelonanoticias.com\\\/en\\\/wp-content\\\/uploads\\\/sites\\\/2\\\/2023\\\/01\\\/ousmane-dembe-le-tras-ser-sustituido-en-el-girona-vs-barc-a-1.jpeg\",\"datePublished\":\"2023-01-28T15:49:00+00:00\",\"dateModified\":\"2023-01-28T20:34:00+00:00\",\"author\":{\"@id\":\"\"},\"description\":\"Ousmane Demb\u00e9l\u00e9 pidid\u00f3 Be substituted in the visit of the FC Barcelona to the Girona by some physical annoyances in the first-half of one of the derbis Catalan\",\"breadcrumb\":{\"@id\":\"https:\\\/\\\/www.fcbarcelonanoticias.com\\\/en\\\/laliga\\\/alert-dembele-ousmane-breaks-at-his-best-moment_289073_102.html#breadcrumb\"},\"inLanguage\":\"en-US\",\"potentialAction\":[{\"@type\":\"ReadAction\",\"target\":[\"https:\\\/\\\/www.fcbarcelonanoticias.com\\\/en\\\/laliga\\\/alert-dembele-ousmane-breaks-at-his-best-moment_289073_102.html\"]}]},{\"@type\":\"ImageObject\",\"inLanguage\":\"en-US\",\"@id\":\"https:\\\/\\\/www.fcbarcelonanoticias.com\\\/en\\\/laliga\\\/alert-dembele-ousmane-breaks-at-his-best-moment_289073_102.html#primaryimage\",\"url\":\"https:\\\/\\\/www.fcbarcelonanoticias.com\\\/en\\\/wp-content\\\/uploads\\\/sites\\\/2\\\/2023\\\/01\\\/ousmane-dembe-le-tras-ser-sustituido-en-el-girona-vs-barc-a-1.jpeg\",\"contentUrl\":\"https:\\\/\\\/www.fcbarcelonanoticias.com\\\/en\\\/wp-content\\\/uploads\\\/sites\\\/2\\\/2023\\\/01\\\/ousmane-dembe-le-tras-ser-sustituido-en-el-girona-vs-barc-a-1.jpeg\",\"width\":1200,\"height\":675},{\"@type\":\"BreadcrumbList\",\"@id\":\"https:\\\/\\\/www.fcbarcelonanoticias.com\\\/en\\\/laliga\\\/alert-dembele-ousmane-breaks-at-his-best-moment_289073_102.html#breadcrumb\",\"itemListElement\":[{\"@type\":\"ListItem\",\"position\":1,\"name\":\"Portada\",\"item\":\"https:\\\/\\\/www.fcbarcelonanoticias.com\\\/en\\\/\"},{\"@type\":\"ListItem\",\"position\":2,\"name\":\"Bad news at Bar\u00e7a: Ousmane Demb\u00e9l\u00e9&#8217;s injury is confirmed!\"}]},{\"@type\":\"WebSite\",\"@id\":\"https:\\\/\\\/www.fcbarcelonanoticias.com\\\/en\\\/#website\",\"url\":\"https:\\\/\\\/www.fcbarcelonanoticias.com\\\/en\\\/\",\"name\":\"EN - FC Barcelona Noticias\",\"description\":\"\",\"potentialAction\":[{\"@type\":\"SearchAction\",\"target\":{\"@type\":\"EntryPoint\",\"urlTemplate\":\"https:\\\/\\\/www.fcbarcelonanoticias.com\\\/en\\\/?s={search_term_string}\"},\"query-input\":{\"@type\":\"PropertyValueSpecification\",\"valueRequired\":true,\"valueName\":\"search_term_string\"}}],\"inLanguage\":\"en-US\"}]}<\/script>\n<!-- \/ Yoast SEO plugin. -->","yoast_head_json":{"title":"Bad news at Bar\u00e7a: Ousmane Demb\u00e9l\u00e9's injury is confirmed!","description":"Ousmane Demb\u00e9l\u00e9 pidid\u00f3 Be substituted in the visit of the FC Barcelona to the Girona by some physical annoyances in the first-half of one of the derbis Catalan","robots":{"index":"index","follow":"follow","max-snippet":"max-snippet:-1","max-image-preview":"max-image-preview:large","max-video-preview":"max-video-preview:-1"},"canonical":"https:\/\/www.fcbarcelonanoticias.com\/en\/laliga\/alert-dembele-ousmane-breaks-at-his-best-moment_289073_102.html","og_locale":"en_US","og_type":"article","og_title":"Bad news at Bar\u00e7a: Ousmane Demb\u00e9l\u00e9's injury is confirmed!","og_description":"Ousmane Demb\u00e9l\u00e9 pidid\u00f3 Be substituted in the visit of the FC Barcelona to the Girona by some physical annoyances in the first-half of one of the derbis Catalan","og_url":"https:\/\/www.fcbarcelonanoticias.com\/en\/laliga\/alert-dembele-ousmane-breaks-at-his-best-moment_289073_102.html","og_site_name":"EN - FC Barcelona Noticias","article_published_time":"2023-01-28T15:49:00+00:00","article_modified_time":"2023-01-28T20:34:00+00:00","og_image":[{"width":1200,"height":675,"url":"https:\/\/www.fcbarcelonanoticias.com\/en\/wp-content\/uploads\/sites\/2\/2023\/01\/ousmane-dembe-le-tras-ser-sustituido-en-el-girona-vs-barc-a-1.jpeg","type":"image\/jpeg"}],"twitter_card":"summary_large_image","twitter_misc":{"Est. reading time":"3 minutes"},"schema":{"@context":"https:\/\/schema.org","@graph":[{"@type":"Article","@id":"https:\/\/www.fcbarcelonanoticias.com\/en\/laliga\/alert-dembele-ousmane-breaks-at-his-best-moment_289073_102.html#article","isPartOf":{"@id":"https:\/\/www.fcbarcelonanoticias.com\/en\/laliga\/alert-dembele-ousmane-breaks-at-his-best-moment_289073_102.html"},"author":{"name":"","@id":""},"headline":"Bad news at Bar\u00e7a: Ousmane Demb\u00e9l\u00e9&#8217;s injury is confirmed!","datePublished":"2023-01-28T15:49:00+00:00","dateModified":"2023-01-28T20:34:00+00:00","mainEntityOfPage":{"@id":"https:\/\/www.fcbarcelonanoticias.com\/en\/laliga\/alert-dembele-ousmane-breaks-at-his-best-moment_289073_102.html"},"wordCount":615,"image":{"@id":"https:\/\/www.fcbarcelonanoticias.com\/en\/laliga\/alert-dembele-ousmane-breaks-at-his-best-moment_289073_102.html#primaryimage"},"thumbnailUrl":"https:\/\/www.fcbarcelonanoticias.com\/en\/wp-content\/uploads\/sites\/2\/2023\/01\/ousmane-dembe-le-tras-ser-sustituido-en-el-girona-vs-barc-a-1.jpeg","keywords":["Demb\u00e9l\u00e9"],"articleSection":["LaLiga","LaLiga"],"inLanguage":"en-US"},{"@type":"WebPage","@id":"https:\/\/www.fcbarcelonanoticias.com\/en\/laliga\/alert-dembele-ousmane-breaks-at-his-best-moment_289073_102.html","url":"https:\/\/www.fcbarcelonanoticias.com\/en\/laliga\/alert-dembele-ousmane-breaks-at-his-best-moment_289073_102.html","name":"Bad news at Bar\u00e7a: Ousmane Demb\u00e9l\u00e9's injury is confirmed!","isPartOf":{"@id":"https:\/\/www.fcbarcelonanoticias.com\/en\/#website"},"primaryImageOfPage":{"@id":"https:\/\/www.fcbarcelonanoticias.com\/en\/laliga\/alert-dembele-ousmane-breaks-at-his-best-moment_289073_102.html#primaryimage"},"image":{"@id":"https:\/\/www.fcbarcelonanoticias.com\/en\/laliga\/alert-dembele-ousmane-breaks-at-his-best-moment_289073_102.html#primaryimage"},"thumbnailUrl":"https:\/\/www.fcbarcelonanoticias.com\/en\/wp-content\/uploads\/sites\/2\/2023\/01\/ousmane-dembe-le-tras-ser-sustituido-en-el-girona-vs-barc-a-1.jpeg","datePublished":"2023-01-28T15:49:00+00:00","dateModified":"2023-01-28T20:34:00+00:00","author":{"@id":""},"description":"Ousmane Demb\u00e9l\u00e9 pidid\u00f3 Be substituted in the visit of the FC Barcelona to the Girona by some physical annoyances in the first-half of one of the derbis Catalan","breadcrumb":{"@id":"https:\/\/www.fcbarcelonanoticias.com\/en\/laliga\/alert-dembele-ousmane-breaks-at-his-best-moment_289073_102.html#breadcrumb"},"inLanguage":"en-US","potentialAction":[{"@type":"ReadAction","target":["https:\/\/www.fcbarcelonanoticias.com\/en\/laliga\/alert-dembele-ousmane-breaks-at-his-best-moment_289073_102.html"]}]},{"@type":"ImageObject","inLanguage":"en-US","@id":"https:\/\/www.fcbarcelonanoticias.com\/en\/laliga\/alert-dembele-ousmane-breaks-at-his-best-moment_289073_102.html#primaryimage","url":"https:\/\/www.fcbarcelonanoticias.com\/en\/wp-content\/uploads\/sites\/2\/2023\/01\/ousmane-dembe-le-tras-ser-sustituido-en-el-girona-vs-barc-a-1.jpeg","contentUrl":"https:\/\/www.fcbarcelonanoticias.com\/en\/wp-content\/uploads\/sites\/2\/2023\/01\/ousmane-dembe-le-tras-ser-sustituido-en-el-girona-vs-barc-a-1.jpeg","width":1200,"height":675},{"@type":"BreadcrumbList","@id":"https:\/\/www.fcbarcelonanoticias.com\/en\/laliga\/alert-dembele-ousmane-breaks-at-his-best-moment_289073_102.html#breadcrumb","itemListElement":[{"@type":"ListItem","position":1,"name":"Portada","item":"https:\/\/www.fcbarcelonanoticias.com\/en\/"},{"@type":"ListItem","position":2,"name":"Bad news at Bar\u00e7a: Ousmane Demb\u00e9l\u00e9&#8217;s injury is confirmed!"}]},{"@type":"WebSite","@id":"https:\/\/www.fcbarcelonanoticias.com\/en\/#website","url":"https:\/\/www.fcbarcelonanoticias.com\/en\/","name":"EN - FC Barcelona Noticias","description":"","potentialAction":[{"@type":"SearchAction","target":{"@type":"EntryPoint","urlTemplate":"https:\/\/www.fcbarcelonanoticias.com\/en\/?s={search_term_string}"},"query-input":{"@type":"PropertyValueSpecification","valueRequired":true,"valueName":"search_term_string"}}],"inLanguage":"en-US"}]}},"_links":{"self":[{"href":"https:\/\/www.fcbarcelonanoticias.com\/en\/wp-json\/wp\/v2\/posts\/48954","targetHints":{"allow":["GET"]}}],"collection":[{"href":"https:\/\/www.fcbarcelonanoticias.com\/en\/wp-json\/wp\/v2\/posts"}],"about":[{"href":"https:\/\/www.fcbarcelonanoticias.com\/en\/wp-json\/wp\/v2\/types\/post"}],"replies":[{"embeddable":true,"href":"https:\/\/www.fcbarcelonanoticias.com\/en\/wp-json\/wp\/v2\/comments?post=48954"}],"version-history":[{"count":1,"href":"https:\/\/www.fcbarcelonanoticias.com\/en\/wp-json\/wp\/v2\/posts\/48954\/revisions"}],"predecessor-version":[{"id":114301,"href":"https:\/\/www.fcbarcelonanoticias.com\/en\/wp-json\/wp\/v2\/posts\/48954\/revisions\/114301"}],"wp:featuredmedia":[{"embeddable":true,"href":"https:\/\/www.fcbarcelonanoticias.com\/en\/wp-json\/wp\/v2\/media\/48959"}],"wp:attachment":[{"href":"https:\/\/www.fcbarcelonanoticias.com\/en\/wp-json\/wp\/v2\/media?parent=48954"}],"wp:term":[{"taxonomy":"category","embeddable":true,"href":"https:\/\/www.fcbarcelonanoticias.com\/en\/wp-json\/wp\/v2\/categories?post=48954"},{"taxonomy":"post_tag","embeddable":true,"href":"https:\/\/www.fcbarcelonanoticias.com\/en\/wp-json\/wp\/v2\/tags?post=48954"}],"curies":[{"name":"wp","href":"https:\/\/api.w.org\/{rel}","templated":true}]}}