{"id":48998,"date":"2025-11-24T01:30:00","date_gmt":"2025-11-24T00:30:00","guid":{"rendered":"https:\/\/weisetech.dev\/fc-barcelona-noticias\/en\/all-refereeing-controversies-and-reactions-from-elche-madrid_315314_102\/"},"modified":"2026-03-27T11:32:11","modified_gmt":"2026-03-27T10:32:11","slug":"all-refereeing-controversies-and-reactions-from-elche-madrid_315314_102","status":"publish","type":"post","link":"https:\/\/www.fcbarcelonanoticias.com\/en\/laliga\/all-refereeing-controversies-and-reactions-from-elche-madrid_315314_102.html","title":{"rendered":"Real Madrid&#8217;s two goals in Elche should have been disallowed by VAR"},"content":{"rendered":"<h2 class=\"wp-block-heading\">Dean Huijsen and Jude Bellingham&#8217;s goals that prevented Real Madrid&#8217;s defeat in Elche (2-2) should have been disallowed for handball and a prior foul overlooked by referee Hern\u00e1ndez Maeso<\/h2>  \r\n<div class=\"article-addons\">\r\n    <a href=\"https:\/\/www.fcbarcelonanoticias.com\/en\/calendar-fc-barcelona.html\"\r\n       target=\"_self\"\r\n       title=\"Calendar of FC Barcelona\"\r\n       class=\"blue-gredient-btn\">\r\n       \r\n        Calendar of FC Barcelona    <\/a>\r\n<\/div>   <p><a data-external=\"0\" data-intl-links-en=\"https:\/\/www.fcbarcelonanoticias.com\/en\/laliga\/bellingham-and-the-referees-save-madrid-in-elche-2-2_315311_102.html\" data-intl-links-es=\"https:\/\/www.fcbarcelonanoticias.com\/laliga\/elche-2-2-real-madrid-xabi-alonso-rescatan-1-punto-alicante-con-polemica_315311_102.html\" href=\"https:\/\/www.fcbarcelonanoticias.com\/en\/laliga\/bellingham-and-the-referees-save-madrid-in-elche-2-2_315311_102.html\" rel=\"follow\" target=\"_self\" title=\"Elche 2-2 Real Madrid: Xabi Alonso's team rescues 1 point in Alicante with controversy\">Real Madrid avoided defeat in Elche (2-2)<\/a> in a match conditioned by refereeing controversies. The two goals scored by Xabi Alonso&#8217;s team in the final stretch of the match were preceded by illegal actions that should have been sanctioned by the referees.<\/p>  <p>However, neither the main referee <strong>Francisco Jos\u00e9 Hern\u00e1ndez<\/strong> Maeso nor <strong>Mario Melero L\u00f3pez,<\/strong> in charge of VAR, noticed a handball by <strong>Jude Bellingham<\/strong> and a foul by <strong>Vinicius Jr.<\/strong> prior to the goals scored by <strong>Dean Huijsen<\/strong> and <strong>Bellingham<\/strong> himself.<\/p>  <p>Madrid was coming off two consecutive games without scoring (<strong>Liverpool and Rayo<\/strong>) and started losing with a goal from <strong>Aleix Febas<\/strong> in the 53rd minute. Later, in the 84th minute, <strong>\u00c1lvaro Rodr\u00edguez<\/strong> put the home team ahead again.<\/p>  <p>A &#8216;Merengue&#8217; defeat would have returned the lead to FC Barcelona for the first time since matchday 8, but ultimately the &#8216;White House&#8217; maintains <a data-external=\"0\" data-intl-links-en=\"https:\/\/www.fcbarcelonanoticias.com\/en\/laliga\/laliga-standings-barcelona-and-madrid-separated-by-1-point_315312_102.html\" data-intl-links-es=\"https:\/\/www.fcbarcelonanoticias.com\/laliga\/clasificacion-laliga-25-26-j13-barcelona-queda-1-punto-real-madrid_315312_102.html\" href=\"https:\/\/www.fcbarcelonanoticias.com\/en\/laliga\/laliga-standings-barcelona-and-madrid-separated-by-1-point_315312_102.html\" rel=\"follow\" target=\"_self\" title=\"Clasificaci\u00f3n LaLiga 25\/26 J13: el Bar\u00e7a queda a 1 punto del Real Madrid\">the top spot in the standings with a 1-point advantage<\/a> &#8216;thanks&#8217; to refereeing errors at the Mart\u00ednez Valero.&nbsp;<\/p>  <h2>Bellingham&#8217;s Hand Before Dean Huijsen&#8217;s 1-1<\/h2>  <p>In the 78th minute, <strong>Dean Huijsen scored the partial 1-1<\/strong> after a corner kick in favor of Real Madrid, where Bellingham managed to flick the ball towards the six-yard box, where the Spanish center-back appeared unmarked to push the ball into the net.<\/p>  <blockquote class=\"twitter-tweet\"> <p dir=\"ltr\" lang=\"en\">First goal: Bellingham uses the &#8216;hand of god&#8217; to assist Huijsen.<br><br> Second goal: Vinicius kicks Pe\u00f1a in the face making him bleed just before the goal.<br><br> No VAR checks, nothing. And then Florentino Perez has the audacity to whine about referees \ud83e\udd37\ud83c\udffb\u200d\u2642\ufe0f <a href=\"https:\/\/t.co\/en\/iBwA8Nhrv5\">pic.twitter.com\/iBwA8Nhrv5<\/a><\/p> \u2014 Bar\u00e7aTimes (@BarcaTimes) <a href=\"https:\/\/twitter.com\/en\/BarcaTimes\/status\/1992713571911004572?ref_src=twsrc%5Etfw\">November 23, 2025<\/a> <\/blockquote> <p>The English midfielder&#8217;s assist, however, was illegal, as <strong>the ball hit his left arm after being headed by David Affengruber<\/strong>. The play was very difficult for the linesman or the main referee Hern\u00e1ndez Maeso to see, which is why it had to be reviewed by VAR.<\/p>  <p>However, <strong>Melero L\u00f3pez did not call the handball by Jude and the goal stood<\/strong>. The Elche players did not protest the play either, as the speed of the action made it impossible to see the ball hitting the English international&#8217;s hand with the naked eye.<\/p>  <h2>Vinicius&#8217;s knee strike to I\u00f1aki Pe\u00f1a before Bellingham&#8217;s goal<\/h2>  <div class=\"media media-image\" data-ck-asset-wrapper=\"\"> <div class=\"media-item\"> <img loading=\"lazy\" decoding=\"async\" alt=\"Vinicius's foul on I\u00f1aki Pe\u00f1a in Elche-Madrid (2-2)\" data-id=\"1531744\" data-resize=\"9\" height=\"563\" src=\"https:\/\/www.fcbarcelonanoticias.com\/wp-content\/uploads\/sites\/2\/2025\/11\/fcbn-e475f89f80a17f2dead1340c48a0eca6.webp\" title=\"Vinicius's foul on I\u00f1aki Pe\u00f1a in Elche-Madrid (2-2)\" width=\"1000\"><div class=\"media-title\">Vinicius&#8217;s foul on I\u00f1aki Pe\u00f1a in Elche-Madrid (2-2)<\/div> <\/div> <\/div>  <p>The most controversial action of the Elche-Madrid match, however, took place in the 86th minute. After a shot by Bellingham that was only partially saved by I\u00f1aki Pe\u00f1a, Vinicius Jr. went for the rebound, but instead of making contact with the ball, <strong>he ended up colliding with the Alicante goalkeeper<\/strong><\/p>  <p>The play continued and Kylian Mbapp\u00e9, on the byline, returned the ball to the center of the box, where Bellingham appeared to score at point-blank range. Pe\u00f1a could not recover, as <strong>the collision with Vinicius caused bleeding from his nose<\/strong>.<\/p>  <p><strong>The Brazilian struck I\u00f1aki&#8217;s face with his left knee<\/strong> and, although VAR reviewed the play, it ultimately deemed it a natural part of the game and, therefore, there was no foul by Vini. In the post-match press conference, the goalkeeper on loan from Bar\u00e7a and the \u00c9ibar coach, Eder Sarabia, criticized the referee&#8217;s decision.<\/p>  <h2>Eder Sarabia and I\u00f1aki Pe\u00f1a criticized the VAR decision after Vinicius&#8217;s foul<\/h2>  <p>&#8220;Vinicius&#8217;s play, you&#8217;ve already seen his face. I\u00f1aki says it&#8217;s part of the game. He didn&#8217;t see the play. He clears the ball and Vinicius kicks him. And that same play comes from a foul that wasn&#8217;t a foul,&#8221; Sarabia argued.<\/p>  <p>I\u00f1aki Pe\u00f1a, who had told &#8216;Movistar&#8217; that he did not believe there was malicious intent from Vinicius in the play, backtracked upon seeing the broadcast images. The goalkeeper ultimately lamented the VAR&#8217;s stance and the match&#8217;s outcome.<\/p>  <p>&#8220;**For me it is a foul because he goes for the ball and doesn&#8217;t let me play&#8230;** but if the referee goes to VAR and says it&#8217;s not&#8230; We can&#8217;t do anything,&#8221; the Bar\u00e7a youth player pointed out. In that regard, Eder Sarabia added: &#8220;It makes me angry to have to waste time on these things. There have been factors that have conditioned the final result.&#8221;<\/p>  <p>With the draw, Elche remains undefeated at home and has 16 points, staying in 11th place in the standings. The &#8216;franjiverdes&#8217;, on their home turf, have accumulated 5 draws and 2 wins since their return to La Liga.<\/p>  <ul> <li>\ud83d\udc49 Follow the complete coverage of&nbsp;<strong><a data-external=\"0\" data-intl-links-en=\"https:\/\/www.fcbarcelonanoticias.com\/en\/laliga.html\" data-intl-links-es=\"https:\/\/www.fcbarcelonanoticias.com\/laliga.html\" href=\"https:\/\/www.fcbarcelonanoticias.com\/en\/laliga.html\" rel=\"follow\" target=\"_self\" title=\"LaLiga\">LaLiga EA Sports 2025-26<\/a><\/strong>&nbsp;on FC Barcelona Noticias<\/li> <\/ul> ","protected":false},"excerpt":{"rendered":"<p>Dean Huijsen and Jude Bellingham&#8217;s goals that prevented Real Madrid&#8217;s defeat in Elche (2-2) should have been disallowed for handball and a prior foul overlooked by referee Hern\u00e1ndez Maeso Real Madrid avoided defeat in Elche (2-2) in a match conditioned by refereeing controversies. The two goals scored by Xabi Alonso&#8217;s team in the final stretch [&hellip;]<\/p>\n","protected":false},"author":347,"featured_media":49001,"comment_status":"closed","ping_status":"open","sticky":false,"template":"","format":"standard","meta":{"_acf_changed":false,"inline_featured_image":false,"_nextfly_llmd_date_locked":false,"footnotes":""},"categories":[114,448],"tags":[347,190,194],"class_list":["post-48998","post","type-post","status-publish","format-standard","has-post-thumbnail","hentry","category-laliga","category-laliga-2","tag-elche-cf","tag-referees","tag-var"],"acf":[],"yoast_head":"<!-- This site is optimized with the Yoast SEO plugin v27.3 - https:\/\/yoast.com\/product\/yoast-seo-wordpress\/ -->\n<title>All the refereeing controversies and reactions from Elche-Madrid<\/title>\n<meta name=\"description\" content=\"Dean Huijsen and Jude Bellingham&#039;s goals that prevented Real Madrid&#039;s defeat in Elche (2-2) were preceded by refereeing controversies\" \/>\n<meta name=\"robots\" content=\"index, follow, max-snippet:-1, max-image-preview:large, max-video-preview:-1\" \/>\n<link rel=\"canonical\" href=\"https:\/\/www.fcbarcelonanoticias.com\/en\/laliga\/all-refereeing-controversies-and-reactions-from-elche-madrid_315314_102.html\" \/>\n<meta property=\"og:locale\" content=\"en_US\" \/>\n<meta property=\"og:type\" content=\"article\" \/>\n<meta property=\"og:title\" content=\"All the refereeing controversies and reactions from Elche-Madrid\" \/>\n<meta property=\"og:description\" content=\"Dean Huijsen and Jude Bellingham&#039;s goals that prevented Real Madrid&#039;s defeat in Elche (2-2) were preceded by refereeing controversies\" \/>\n<meta property=\"og:url\" content=\"https:\/\/www.fcbarcelonanoticias.com\/en\/laliga\/all-refereeing-controversies-and-reactions-from-elche-madrid_315314_102.html\" \/>\n<meta property=\"og:site_name\" content=\"EN - FC Barcelona Noticias\" \/>\n<meta property=\"article:published_time\" content=\"2025-11-24T00:30:00+00:00\" \/>\n<meta property=\"article:modified_time\" content=\"2026-03-27T10:32:11+00:00\" \/>\n<meta property=\"og:image\" content=\"https:\/\/www.fcbarcelonanoticias.com\/en\/wp-content\/uploads\/sites\/2\/2025\/11\/falta-vinicius-inaki-pena-elche-1.webp\" \/>\n\t<meta property=\"og:image:width\" content=\"1200\" \/>\n\t<meta property=\"og:image:height\" content=\"675\" \/>\n\t<meta property=\"og:image:type\" content=\"image\/webp\" \/>\n<meta name=\"author\" content=\"Andr\u00e9s Quiroz\" \/>\n<meta name=\"twitter:card\" content=\"summary_large_image\" \/>\n<meta name=\"twitter:label1\" content=\"Written by\" \/>\n\t<meta name=\"twitter:data1\" content=\"Andr\u00e9s Quiroz\" \/>\n\t<meta name=\"twitter:label2\" content=\"Est. reading time\" \/>\n\t<meta name=\"twitter:data2\" content=\"4 minutes\" \/>\n<script type=\"application\/ld+json\" class=\"yoast-schema-graph\">{\"@context\":\"https:\\\/\\\/schema.org\",\"@graph\":[{\"@type\":\"Article\",\"@id\":\"https:\\\/\\\/www.fcbarcelonanoticias.com\\\/en\\\/laliga\\\/all-refereeing-controversies-and-reactions-from-elche-madrid_315314_102.html#article\",\"isPartOf\":{\"@id\":\"https:\\\/\\\/www.fcbarcelonanoticias.com\\\/en\\\/laliga\\\/all-refereeing-controversies-and-reactions-from-elche-madrid_315314_102.html\"},\"author\":{\"name\":\"Andr\u00e9s Quiroz\",\"@id\":\"https:\\\/\\\/www.fcbarcelonanoticias.com\\\/en\\\/#\\\/schema\\\/person\\\/c2cd9f6fa1af5c0d0eccd0fefa575c88\"},\"headline\":\"Real Madrid&#8217;s two goals in Elche should have been disallowed by VAR\",\"datePublished\":\"2025-11-24T00:30:00+00:00\",\"dateModified\":\"2026-03-27T10:32:11+00:00\",\"mainEntityOfPage\":{\"@id\":\"https:\\\/\\\/www.fcbarcelonanoticias.com\\\/en\\\/laliga\\\/all-refereeing-controversies-and-reactions-from-elche-madrid_315314_102.html\"},\"wordCount\":807,\"image\":{\"@id\":\"https:\\\/\\\/www.fcbarcelonanoticias.com\\\/en\\\/laliga\\\/all-refereeing-controversies-and-reactions-from-elche-madrid_315314_102.html#primaryimage\"},\"thumbnailUrl\":\"https:\\\/\\\/www.fcbarcelonanoticias.com\\\/en\\\/wp-content\\\/uploads\\\/sites\\\/2\\\/2025\\\/11\\\/falta-vinicius-inaki-pena-elche-1.webp\",\"keywords\":[\"Elche CF\",\"Referees\",\"VAR\"],\"articleSection\":[\"LaLiga\",\"LaLiga\"],\"inLanguage\":\"en-US\"},{\"@type\":\"WebPage\",\"@id\":\"https:\\\/\\\/www.fcbarcelonanoticias.com\\\/en\\\/laliga\\\/all-refereeing-controversies-and-reactions-from-elche-madrid_315314_102.html\",\"url\":\"https:\\\/\\\/www.fcbarcelonanoticias.com\\\/en\\\/laliga\\\/all-refereeing-controversies-and-reactions-from-elche-madrid_315314_102.html\",\"name\":\"All the refereeing controversies and reactions from Elche-Madrid\",\"isPartOf\":{\"@id\":\"https:\\\/\\\/www.fcbarcelonanoticias.com\\\/en\\\/#website\"},\"primaryImageOfPage\":{\"@id\":\"https:\\\/\\\/www.fcbarcelonanoticias.com\\\/en\\\/laliga\\\/all-refereeing-controversies-and-reactions-from-elche-madrid_315314_102.html#primaryimage\"},\"image\":{\"@id\":\"https:\\\/\\\/www.fcbarcelonanoticias.com\\\/en\\\/laliga\\\/all-refereeing-controversies-and-reactions-from-elche-madrid_315314_102.html#primaryimage\"},\"thumbnailUrl\":\"https:\\\/\\\/www.fcbarcelonanoticias.com\\\/en\\\/wp-content\\\/uploads\\\/sites\\\/2\\\/2025\\\/11\\\/falta-vinicius-inaki-pena-elche-1.webp\",\"datePublished\":\"2025-11-24T00:30:00+00:00\",\"dateModified\":\"2026-03-27T10:32:11+00:00\",\"author\":{\"@id\":\"https:\\\/\\\/www.fcbarcelonanoticias.com\\\/en\\\/#\\\/schema\\\/person\\\/c2cd9f6fa1af5c0d0eccd0fefa575c88\"},\"description\":\"Dean Huijsen and Jude Bellingham's goals that prevented Real Madrid's defeat in Elche (2-2) were preceded by refereeing controversies\",\"breadcrumb\":{\"@id\":\"https:\\\/\\\/www.fcbarcelonanoticias.com\\\/en\\\/laliga\\\/all-refereeing-controversies-and-reactions-from-elche-madrid_315314_102.html#breadcrumb\"},\"inLanguage\":\"en-US\",\"potentialAction\":[{\"@type\":\"ReadAction\",\"target\":[\"https:\\\/\\\/www.fcbarcelonanoticias.com\\\/en\\\/laliga\\\/all-refereeing-controversies-and-reactions-from-elche-madrid_315314_102.html\"]}]},{\"@type\":\"ImageObject\",\"inLanguage\":\"en-US\",\"@id\":\"https:\\\/\\\/www.fcbarcelonanoticias.com\\\/en\\\/laliga\\\/all-refereeing-controversies-and-reactions-from-elche-madrid_315314_102.html#primaryimage\",\"url\":\"https:\\\/\\\/www.fcbarcelonanoticias.com\\\/en\\\/wp-content\\\/uploads\\\/sites\\\/2\\\/2025\\\/11\\\/falta-vinicius-inaki-pena-elche-1.webp\",\"contentUrl\":\"https:\\\/\\\/www.fcbarcelonanoticias.com\\\/en\\\/wp-content\\\/uploads\\\/sites\\\/2\\\/2025\\\/11\\\/falta-vinicius-inaki-pena-elche-1.webp\",\"width\":1200,\"height\":675},{\"@type\":\"BreadcrumbList\",\"@id\":\"https:\\\/\\\/www.fcbarcelonanoticias.com\\\/en\\\/laliga\\\/all-refereeing-controversies-and-reactions-from-elche-madrid_315314_102.html#breadcrumb\",\"itemListElement\":[{\"@type\":\"ListItem\",\"position\":1,\"name\":\"Portada\",\"item\":\"https:\\\/\\\/www.fcbarcelonanoticias.com\\\/en\\\/\"},{\"@type\":\"ListItem\",\"position\":2,\"name\":\"Real Madrid&#8217;s two goals in Elche should have been disallowed by VAR\"}]},{\"@type\":\"WebSite\",\"@id\":\"https:\\\/\\\/www.fcbarcelonanoticias.com\\\/en\\\/#website\",\"url\":\"https:\\\/\\\/www.fcbarcelonanoticias.com\\\/en\\\/\",\"name\":\"EN - FC Barcelona Noticias\",\"description\":\"\",\"potentialAction\":[{\"@type\":\"SearchAction\",\"target\":{\"@type\":\"EntryPoint\",\"urlTemplate\":\"https:\\\/\\\/www.fcbarcelonanoticias.com\\\/en\\\/?s={search_term_string}\"},\"query-input\":{\"@type\":\"PropertyValueSpecification\",\"valueRequired\":true,\"valueName\":\"search_term_string\"}}],\"inLanguage\":\"en-US\"},{\"@type\":\"Person\",\"@id\":\"https:\\\/\\\/www.fcbarcelonanoticias.com\\\/en\\\/#\\\/schema\\\/person\\\/c2cd9f6fa1af5c0d0eccd0fefa575c88\",\"name\":\"Andr\u00e9s Quiroz\",\"image\":{\"@type\":\"ImageObject\",\"inLanguage\":\"en-US\",\"@id\":\"https:\\\/\\\/secure.gravatar.com\\\/avatar\\\/?s=96&d=mm&r=g\",\"url\":\"https:\\\/\\\/secure.gravatar.com\\\/avatar\\\/?s=96&d=mm&r=g\",\"contentUrl\":\"https:\\\/\\\/secure.gravatar.com\\\/avatar\\\/?s=96&d=mm&r=g\",\"caption\":\"Andr\u00e9s Quiroz\"},\"description\":\"Licenciado en Periodismo por la Universidad de los Andes. Me encargo de analizar y compartir los contenidos m\u00e1s destacados de la\u00a0actualidad del F\u00fatbol Club Barcelona, Mercado de Fichajes y F\u00fatbol Internacional en FCBN. La informaci\u00f3n es poder, pero tambi\u00e9n conocimiento.\",\"url\":\"https:\\\/\\\/www.fcbarcelonanoticias.com\\\/en\\\/fc-barcelona\\\/andres-quiroz_17_115.html\"}]}<\/script>\n<!-- \/ Yoast SEO plugin. -->","yoast_head_json":{"title":"All the refereeing controversies and reactions from Elche-Madrid","description":"Dean Huijsen and Jude Bellingham's goals that prevented Real Madrid's defeat in Elche (2-2) were preceded by refereeing controversies","robots":{"index":"index","follow":"follow","max-snippet":"max-snippet:-1","max-image-preview":"max-image-preview:large","max-video-preview":"max-video-preview:-1"},"canonical":"https:\/\/www.fcbarcelonanoticias.com\/en\/laliga\/all-refereeing-controversies-and-reactions-from-elche-madrid_315314_102.html","og_locale":"en_US","og_type":"article","og_title":"All the refereeing controversies and reactions from Elche-Madrid","og_description":"Dean Huijsen and Jude Bellingham's goals that prevented Real Madrid's defeat in Elche (2-2) were preceded by refereeing controversies","og_url":"https:\/\/www.fcbarcelonanoticias.com\/en\/laliga\/all-refereeing-controversies-and-reactions-from-elche-madrid_315314_102.html","og_site_name":"EN - FC Barcelona Noticias","article_published_time":"2025-11-24T00:30:00+00:00","article_modified_time":"2026-03-27T10:32:11+00:00","og_image":[{"width":1200,"height":675,"url":"https:\/\/www.fcbarcelonanoticias.com\/en\/wp-content\/uploads\/sites\/2\/2025\/11\/falta-vinicius-inaki-pena-elche-1.webp","type":"image\/webp"}],"author":"Andr\u00e9s Quiroz","twitter_card":"summary_large_image","twitter_misc":{"Written by":"Andr\u00e9s Quiroz","Est. reading time":"4 minutes"},"schema":{"@context":"https:\/\/schema.org","@graph":[{"@type":"Article","@id":"https:\/\/www.fcbarcelonanoticias.com\/en\/laliga\/all-refereeing-controversies-and-reactions-from-elche-madrid_315314_102.html#article","isPartOf":{"@id":"https:\/\/www.fcbarcelonanoticias.com\/en\/laliga\/all-refereeing-controversies-and-reactions-from-elche-madrid_315314_102.html"},"author":{"name":"Andr\u00e9s Quiroz","@id":"https:\/\/www.fcbarcelonanoticias.com\/en\/#\/schema\/person\/c2cd9f6fa1af5c0d0eccd0fefa575c88"},"headline":"Real Madrid&#8217;s two goals in Elche should have been disallowed by VAR","datePublished":"2025-11-24T00:30:00+00:00","dateModified":"2026-03-27T10:32:11+00:00","mainEntityOfPage":{"@id":"https:\/\/www.fcbarcelonanoticias.com\/en\/laliga\/all-refereeing-controversies-and-reactions-from-elche-madrid_315314_102.html"},"wordCount":807,"image":{"@id":"https:\/\/www.fcbarcelonanoticias.com\/en\/laliga\/all-refereeing-controversies-and-reactions-from-elche-madrid_315314_102.html#primaryimage"},"thumbnailUrl":"https:\/\/www.fcbarcelonanoticias.com\/en\/wp-content\/uploads\/sites\/2\/2025\/11\/falta-vinicius-inaki-pena-elche-1.webp","keywords":["Elche CF","Referees","VAR"],"articleSection":["LaLiga","LaLiga"],"inLanguage":"en-US"},{"@type":"WebPage","@id":"https:\/\/www.fcbarcelonanoticias.com\/en\/laliga\/all-refereeing-controversies-and-reactions-from-elche-madrid_315314_102.html","url":"https:\/\/www.fcbarcelonanoticias.com\/en\/laliga\/all-refereeing-controversies-and-reactions-from-elche-madrid_315314_102.html","name":"All the refereeing controversies and reactions from Elche-Madrid","isPartOf":{"@id":"https:\/\/www.fcbarcelonanoticias.com\/en\/#website"},"primaryImageOfPage":{"@id":"https:\/\/www.fcbarcelonanoticias.com\/en\/laliga\/all-refereeing-controversies-and-reactions-from-elche-madrid_315314_102.html#primaryimage"},"image":{"@id":"https:\/\/www.fcbarcelonanoticias.com\/en\/laliga\/all-refereeing-controversies-and-reactions-from-elche-madrid_315314_102.html#primaryimage"},"thumbnailUrl":"https:\/\/www.fcbarcelonanoticias.com\/en\/wp-content\/uploads\/sites\/2\/2025\/11\/falta-vinicius-inaki-pena-elche-1.webp","datePublished":"2025-11-24T00:30:00+00:00","dateModified":"2026-03-27T10:32:11+00:00","author":{"@id":"https:\/\/www.fcbarcelonanoticias.com\/en\/#\/schema\/person\/c2cd9f6fa1af5c0d0eccd0fefa575c88"},"description":"Dean Huijsen and Jude Bellingham's goals that prevented Real Madrid's defeat in Elche (2-2) were preceded by refereeing controversies","breadcrumb":{"@id":"https:\/\/www.fcbarcelonanoticias.com\/en\/laliga\/all-refereeing-controversies-and-reactions-from-elche-madrid_315314_102.html#breadcrumb"},"inLanguage":"en-US","potentialAction":[{"@type":"ReadAction","target":["https:\/\/www.fcbarcelonanoticias.com\/en\/laliga\/all-refereeing-controversies-and-reactions-from-elche-madrid_315314_102.html"]}]},{"@type":"ImageObject","inLanguage":"en-US","@id":"https:\/\/www.fcbarcelonanoticias.com\/en\/laliga\/all-refereeing-controversies-and-reactions-from-elche-madrid_315314_102.html#primaryimage","url":"https:\/\/www.fcbarcelonanoticias.com\/en\/wp-content\/uploads\/sites\/2\/2025\/11\/falta-vinicius-inaki-pena-elche-1.webp","contentUrl":"https:\/\/www.fcbarcelonanoticias.com\/en\/wp-content\/uploads\/sites\/2\/2025\/11\/falta-vinicius-inaki-pena-elche-1.webp","width":1200,"height":675},{"@type":"BreadcrumbList","@id":"https:\/\/www.fcbarcelonanoticias.com\/en\/laliga\/all-refereeing-controversies-and-reactions-from-elche-madrid_315314_102.html#breadcrumb","itemListElement":[{"@type":"ListItem","position":1,"name":"Portada","item":"https:\/\/www.fcbarcelonanoticias.com\/en\/"},{"@type":"ListItem","position":2,"name":"Real Madrid&#8217;s two goals in Elche should have been disallowed by VAR"}]},{"@type":"WebSite","@id":"https:\/\/www.fcbarcelonanoticias.com\/en\/#website","url":"https:\/\/www.fcbarcelonanoticias.com\/en\/","name":"EN - FC Barcelona Noticias","description":"","potentialAction":[{"@type":"SearchAction","target":{"@type":"EntryPoint","urlTemplate":"https:\/\/www.fcbarcelonanoticias.com\/en\/?s={search_term_string}"},"query-input":{"@type":"PropertyValueSpecification","valueRequired":true,"valueName":"search_term_string"}}],"inLanguage":"en-US"},{"@type":"Person","@id":"https:\/\/www.fcbarcelonanoticias.com\/en\/#\/schema\/person\/c2cd9f6fa1af5c0d0eccd0fefa575c88","name":"Andr\u00e9s Quiroz","image":{"@type":"ImageObject","inLanguage":"en-US","@id":"https:\/\/secure.gravatar.com\/avatar\/?s=96&d=mm&r=g","url":"https:\/\/secure.gravatar.com\/avatar\/?s=96&d=mm&r=g","contentUrl":"https:\/\/secure.gravatar.com\/avatar\/?s=96&d=mm&r=g","caption":"Andr\u00e9s Quiroz"},"description":"Licenciado en Periodismo por la Universidad de los Andes. Me encargo de analizar y compartir los contenidos m\u00e1s destacados de la\u00a0actualidad del F\u00fatbol Club Barcelona, Mercado de Fichajes y F\u00fatbol Internacional en FCBN. La informaci\u00f3n es poder, pero tambi\u00e9n conocimiento.","url":"https:\/\/www.fcbarcelonanoticias.com\/en\/fc-barcelona\/andres-quiroz_17_115.html"}]}},"_links":{"self":[{"href":"https:\/\/www.fcbarcelonanoticias.com\/en\/wp-json\/wp\/v2\/posts\/48998","targetHints":{"allow":["GET"]}}],"collection":[{"href":"https:\/\/www.fcbarcelonanoticias.com\/en\/wp-json\/wp\/v2\/posts"}],"about":[{"href":"https:\/\/www.fcbarcelonanoticias.com\/en\/wp-json\/wp\/v2\/types\/post"}],"author":[{"embeddable":true,"href":"https:\/\/www.fcbarcelonanoticias.com\/en\/wp-json\/wp\/v2\/users\/347"}],"replies":[{"embeddable":true,"href":"https:\/\/www.fcbarcelonanoticias.com\/en\/wp-json\/wp\/v2\/comments?post=48998"}],"version-history":[{"count":2,"href":"https:\/\/www.fcbarcelonanoticias.com\/en\/wp-json\/wp\/v2\/posts\/48998\/revisions"}],"predecessor-version":[{"id":158908,"href":"https:\/\/www.fcbarcelonanoticias.com\/en\/wp-json\/wp\/v2\/posts\/48998\/revisions\/158908"}],"wp:featuredmedia":[{"embeddable":true,"href":"https:\/\/www.fcbarcelonanoticias.com\/en\/wp-json\/wp\/v2\/media\/49001"}],"wp:attachment":[{"href":"https:\/\/www.fcbarcelonanoticias.com\/en\/wp-json\/wp\/v2\/media?parent=48998"}],"wp:term":[{"taxonomy":"category","embeddable":true,"href":"https:\/\/www.fcbarcelonanoticias.com\/en\/wp-json\/wp\/v2\/categories?post=48998"},{"taxonomy":"post_tag","embeddable":true,"href":"https:\/\/www.fcbarcelonanoticias.com\/en\/wp-json\/wp\/v2\/tags?post=48998"}],"curies":[{"name":"wp","href":"https:\/\/api.w.org\/{rel}","templated":true}]}}