{"id":49073,"date":"2023-03-10T15:26:00","date_gmt":"2023-03-10T14:26:00","guid":{"rendered":"https:\/\/weisetech.dev\/fc-barcelona-noticias\/en\/andreas-christensen-protected-the-barca-replaced-him-by-caution_295545_102\/"},"modified":"2023-03-10T15:26:00","modified_gmt":"2023-03-10T14:26:00","slug":"ancelotti-confirms-lowering-benzema-is-honest-about-possible-signing-mbappe_290393_102","status":"publish","type":"post","link":"https:\/\/www.fcbarcelonanoticias.com\/en\/laliga\/ancelotti-confirms-lowering-benzema-is-honest-about-possible-signing-mbappe_290393_102.html","title":{"rendered":"Ancelotti confirms the loss of Benzema and is honest about the possible signing of Mbapp\u00e9"},"content":{"rendered":"<h2 class=\"wp-block-heading\">The Real Madrid coach, Carlo Ancelotti, has offered a statement to the media ahead of this Saturday&#8217;s league match against RCD Espanyol<\/h2>  \r\n<div class=\"article-addons\">\r\n    <a href=\"https:\/\/www.fcbarcelonanoticias.com\/en\/calendar-fc-barcelona.html\"\r\n       target=\"_self\"\r\n       title=\"Calendar of FC Barcelona\"\r\n       class=\"blue-gredient-btn\">\r\n       \r\n        Calendar of FC Barcelona    <\/a>\r\n<\/div>   <p>Carlo Ancelotti, trainer of the first team of the Real Madrid, <strong>has appeared in front of the media in the corresponding press conference to the commitment of League of this Saturday in front of the RCD Espanyol.<\/strong> In her it spoke of <a data-external=\"0\" data-intl-links-en=\"https:\/\/www.fcbarcelonanoticias.com\/en\/transfers\/mbappe-returns-to-leave-his-future-disaster-in-champions-open_290351_102.html\" data-intl-links-es=\"https:\/\/www.fcbarcelonanoticias.com\/fichajes\/mbappe-vuelve-dejar-abierto-su-futuro-desastre-en-champions_290351_102.html\" href=\"https:\/\/www.fcbarcelonanoticias.com\/en\/transfers\/mbappe-returns-to-leave-his-future-disaster-in-champions-open_290351_102.html\" rel=\"follow\" target=\"_self\" title=\"Mbapp\u00e9 vuelve a dejar abierto su futuro tras el desastre en la Champions League\">the possible signing of Kylian Mbapp\u00e9<\/a>, of the drop of Karin Benzema and of the case of the Bar\u00e7a with the ex\u00e1rbitro Enr\u00edquez Negreira.<\/p>  <p>It gave start to the appearance clearing the situation of Benzema and his absence in the announcement. &#8220;<strong>It has had a hit in the ankle. It has inflated , it will not be able to play morning and today has trained individually.<\/strong> It goes to be available for the party of the Wednesday. It is unavoidable that affect us, is very important for us. <strong>It has not arrived to this level and has affected us.<\/strong> In the second part of the season has been important and goes it to be more. Have confidence in that it goes us to help&#8221;, aimed the transalpino<\/p>  <h2>Negreira, Mbapp\u00e9 and the Classical<\/h2>  <p>Near to finalise, spoke on the &#8216;case Negreira&#8217; and the possible signing of Mbapp\u00e9. &#8220;<strong><a data-external=\"0\" data-intl-links-en=\"https:\/\/www.fcbarcelonanoticias.com\/en\/club\/negreira-would-have-offered-fc-barcelona-help-with-var_290318_102.html\" data-intl-links-es=\"https:\/\/www.fcbarcelonanoticias.com\/club\/negreira-habria-ofrecido-fc-barcelona-ayuda-con-var_290318_102.html\" href=\"https:\/\/www.fcbarcelonanoticias.com\/en\/club\/negreira-would-have-offered-fc-barcelona-help-with-var_290318_102.html\" rel=\"follow\" target=\"_self\" title=\"Negreira le habr\u00eda ofrecido al Bar\u00e7a ayuda con el VAR\">The of Negreira is a very complicated subject.<\/a><\/strong> I prefer to speak of other things that for us are more important. Mbapp\u00e9? You can do this question tomorrow, today or inside two months.<strong> It is a question that never will answer<\/strong>&#8220;, sentenced &#8216;Carletto&#8217;.<\/p>  <p>Finally, it did emphasis in that his wish goes through to chain two consecutive victories and like this arrive the best possible to the Classical of League. <strong>&#8220;It is a moment important because we want to arrive to the Camp Nou with good feelings, winning tomorrow and happening to chambers in the Champions&#8221;<\/strong>, concluded the Italian technician.<\/p> ","protected":false},"excerpt":{"rendered":"<p>The Real Madrid coach, Carlo Ancelotti, has offered a statement to the media ahead of this Saturday&#8217;s league match against RCD Espanyol Carlo Ancelotti, trainer of the first team of the Real Madrid, has appeared in front of the media in the corresponding press conference to the commitment of League of this Saturday in front [&hellip;]<\/p>\n","protected":false},"author":0,"featured_media":49082,"comment_status":"closed","ping_status":"open","sticky":false,"template":"","format":"standard","meta":{"_acf_changed":false,"inline_featured_image":false,"_nextfly_llmd_date_locked":false,"footnotes":""},"categories":[114,448],"tags":[171,88,79],"class_list":["post-49073","post","type-post","status-publish","format-standard","has-post-thumbnail","hentry","category-laliga","category-laliga-2","tag-mbappe","tag-paris-saint-germain","tag-rcd-espanyol"],"acf":[],"yoast_head":"<!-- This site is optimized with the Yoast SEO plugin v27.3 - https:\/\/yoast.com\/product\/yoast-seo-wordpress\/ -->\n<title>Ancelotti confirms the loss of Benzema and is honest about the possible signing of Mbapp\u00e9<\/title>\n<meta name=\"description\" content=\"The Real Madrid coach, Carlo Ancelotti, has offered a statement to the media ahead of this Saturday&#039;s league match against RCD Espanyol\" \/>\n<meta name=\"robots\" content=\"index, follow, max-snippet:-1, max-image-preview:large, max-video-preview:-1\" \/>\n<link rel=\"canonical\" href=\"https:\/\/www.fcbarcelonanoticias.com\/en\/laliga\/ancelotti-confirms-lowering-benzema-is-honest-about-possible-signing-mbappe_290393_102.html\" \/>\n<meta property=\"og:locale\" content=\"en_US\" \/>\n<meta property=\"og:type\" content=\"article\" \/>\n<meta property=\"og:title\" content=\"Ancelotti confirms the loss of Benzema and is honest about the possible signing of Mbapp\u00e9\" \/>\n<meta property=\"og:description\" content=\"The Real Madrid coach, Carlo Ancelotti, has offered a statement to the media ahead of this Saturday&#039;s league match against RCD Espanyol\" \/>\n<meta property=\"og:url\" content=\"https:\/\/www.fcbarcelonanoticias.com\/en\/laliga\/ancelotti-confirms-lowering-benzema-is-honest-about-possible-signing-mbappe_290393_102.html\" \/>\n<meta property=\"og:site_name\" content=\"EN - FC Barcelona Noticias\" \/>\n<meta property=\"article:published_time\" content=\"2023-03-10T14:26:00+00:00\" \/>\n<meta name=\"twitter:card\" content=\"summary_large_image\" \/>\n<meta name=\"twitter:label1\" content=\"Est. reading time\" \/>\n\t<meta name=\"twitter:data1\" content=\"2 minutes\" \/>\n<script type=\"application\/ld+json\" class=\"yoast-schema-graph\">{\"@context\":\"https:\\\/\\\/schema.org\",\"@graph\":[{\"@type\":\"Article\",\"@id\":\"https:\\\/\\\/www.fcbarcelonanoticias.com\\\/en\\\/laliga\\\/ancelotti-confirms-lowering-benzema-is-honest-about-possible-signing-mbappe_290393_102.html#article\",\"isPartOf\":{\"@id\":\"https:\\\/\\\/www.fcbarcelonanoticias.com\\\/en\\\/laliga\\\/ancelotti-confirms-lowering-benzema-is-honest-about-possible-signing-mbappe_290393_102.html\"},\"author\":{\"name\":\"\",\"@id\":\"\"},\"headline\":\"Ancelotti confirms the loss of Benzema and is honest about the possible signing of Mbapp\u00e9\",\"datePublished\":\"2023-03-10T14:26:00+00:00\",\"mainEntityOfPage\":{\"@id\":\"https:\\\/\\\/www.fcbarcelonanoticias.com\\\/en\\\/laliga\\\/ancelotti-confirms-lowering-benzema-is-honest-about-possible-signing-mbappe_290393_102.html\"},\"wordCount\":328,\"image\":{\"@id\":\"https:\\\/\\\/www.fcbarcelonanoticias.com\\\/en\\\/laliga\\\/ancelotti-confirms-lowering-benzema-is-honest-about-possible-signing-mbappe_290393_102.html#primaryimage\"},\"thumbnailUrl\":\"\",\"keywords\":[\"Mbapp\u00e9\",\"Paris Saint-Germain\",\"RCD Espanyol\"],\"articleSection\":[\"LaLiga\",\"LaLiga\"],\"inLanguage\":\"en-US\"},{\"@type\":\"WebPage\",\"@id\":\"https:\\\/\\\/www.fcbarcelonanoticias.com\\\/en\\\/laliga\\\/ancelotti-confirms-lowering-benzema-is-honest-about-possible-signing-mbappe_290393_102.html\",\"url\":\"https:\\\/\\\/www.fcbarcelonanoticias.com\\\/en\\\/laliga\\\/ancelotti-confirms-lowering-benzema-is-honest-about-possible-signing-mbappe_290393_102.html\",\"name\":\"Ancelotti confirms the loss of Benzema and is honest about the possible signing of Mbapp\u00e9\",\"isPartOf\":{\"@id\":\"https:\\\/\\\/www.fcbarcelonanoticias.com\\\/en\\\/#website\"},\"primaryImageOfPage\":{\"@id\":\"https:\\\/\\\/www.fcbarcelonanoticias.com\\\/en\\\/laliga\\\/ancelotti-confirms-lowering-benzema-is-honest-about-possible-signing-mbappe_290393_102.html#primaryimage\"},\"image\":{\"@id\":\"https:\\\/\\\/www.fcbarcelonanoticias.com\\\/en\\\/laliga\\\/ancelotti-confirms-lowering-benzema-is-honest-about-possible-signing-mbappe_290393_102.html#primaryimage\"},\"thumbnailUrl\":\"\",\"datePublished\":\"2023-03-10T14:26:00+00:00\",\"author\":{\"@id\":\"\"},\"description\":\"The Real Madrid coach, Carlo Ancelotti, has offered a statement to the media ahead of this Saturday's league match against RCD Espanyol\",\"breadcrumb\":{\"@id\":\"https:\\\/\\\/www.fcbarcelonanoticias.com\\\/en\\\/laliga\\\/ancelotti-confirms-lowering-benzema-is-honest-about-possible-signing-mbappe_290393_102.html#breadcrumb\"},\"inLanguage\":\"en-US\",\"potentialAction\":[{\"@type\":\"ReadAction\",\"target\":[\"https:\\\/\\\/www.fcbarcelonanoticias.com\\\/en\\\/laliga\\\/ancelotti-confirms-lowering-benzema-is-honest-about-possible-signing-mbappe_290393_102.html\"]}]},{\"@type\":\"ImageObject\",\"inLanguage\":\"en-US\",\"@id\":\"https:\\\/\\\/www.fcbarcelonanoticias.com\\\/en\\\/laliga\\\/ancelotti-confirms-lowering-benzema-is-honest-about-possible-signing-mbappe_290393_102.html#primaryimage\",\"url\":\"\",\"contentUrl\":\"\"},{\"@type\":\"BreadcrumbList\",\"@id\":\"https:\\\/\\\/www.fcbarcelonanoticias.com\\\/en\\\/laliga\\\/ancelotti-confirms-lowering-benzema-is-honest-about-possible-signing-mbappe_290393_102.html#breadcrumb\",\"itemListElement\":[{\"@type\":\"ListItem\",\"position\":1,\"name\":\"Portada\",\"item\":\"https:\\\/\\\/www.fcbarcelonanoticias.com\\\/en\\\/\"},{\"@type\":\"ListItem\",\"position\":2,\"name\":\"Ancelotti confirms the loss of Benzema and is honest about the possible signing of Mbapp\u00e9\"}]},{\"@type\":\"WebSite\",\"@id\":\"https:\\\/\\\/www.fcbarcelonanoticias.com\\\/en\\\/#website\",\"url\":\"https:\\\/\\\/www.fcbarcelonanoticias.com\\\/en\\\/\",\"name\":\"EN - FC Barcelona Noticias\",\"description\":\"\",\"potentialAction\":[{\"@type\":\"SearchAction\",\"target\":{\"@type\":\"EntryPoint\",\"urlTemplate\":\"https:\\\/\\\/www.fcbarcelonanoticias.com\\\/en\\\/?s={search_term_string}\"},\"query-input\":{\"@type\":\"PropertyValueSpecification\",\"valueRequired\":true,\"valueName\":\"search_term_string\"}}],\"inLanguage\":\"en-US\"}]}<\/script>\n<!-- \/ Yoast SEO plugin. -->","yoast_head_json":{"title":"Ancelotti confirms the loss of Benzema and is honest about the possible signing of Mbapp\u00e9","description":"The Real Madrid coach, Carlo Ancelotti, has offered a statement to the media ahead of this Saturday's league match against RCD Espanyol","robots":{"index":"index","follow":"follow","max-snippet":"max-snippet:-1","max-image-preview":"max-image-preview:large","max-video-preview":"max-video-preview:-1"},"canonical":"https:\/\/www.fcbarcelonanoticias.com\/en\/laliga\/ancelotti-confirms-lowering-benzema-is-honest-about-possible-signing-mbappe_290393_102.html","og_locale":"en_US","og_type":"article","og_title":"Ancelotti confirms the loss of Benzema and is honest about the possible signing of Mbapp\u00e9","og_description":"The Real Madrid coach, Carlo Ancelotti, has offered a statement to the media ahead of this Saturday's league match against RCD Espanyol","og_url":"https:\/\/www.fcbarcelonanoticias.com\/en\/laliga\/ancelotti-confirms-lowering-benzema-is-honest-about-possible-signing-mbappe_290393_102.html","og_site_name":"EN - FC Barcelona Noticias","article_published_time":"2023-03-10T14:26:00+00:00","twitter_card":"summary_large_image","twitter_misc":{"Est. reading time":"2 minutes"},"schema":{"@context":"https:\/\/schema.org","@graph":[{"@type":"Article","@id":"https:\/\/www.fcbarcelonanoticias.com\/en\/laliga\/ancelotti-confirms-lowering-benzema-is-honest-about-possible-signing-mbappe_290393_102.html#article","isPartOf":{"@id":"https:\/\/www.fcbarcelonanoticias.com\/en\/laliga\/ancelotti-confirms-lowering-benzema-is-honest-about-possible-signing-mbappe_290393_102.html"},"author":{"name":"","@id":""},"headline":"Ancelotti confirms the loss of Benzema and is honest about the possible signing of Mbapp\u00e9","datePublished":"2023-03-10T14:26:00+00:00","mainEntityOfPage":{"@id":"https:\/\/www.fcbarcelonanoticias.com\/en\/laliga\/ancelotti-confirms-lowering-benzema-is-honest-about-possible-signing-mbappe_290393_102.html"},"wordCount":328,"image":{"@id":"https:\/\/www.fcbarcelonanoticias.com\/en\/laliga\/ancelotti-confirms-lowering-benzema-is-honest-about-possible-signing-mbappe_290393_102.html#primaryimage"},"thumbnailUrl":"","keywords":["Mbapp\u00e9","Paris Saint-Germain","RCD Espanyol"],"articleSection":["LaLiga","LaLiga"],"inLanguage":"en-US"},{"@type":"WebPage","@id":"https:\/\/www.fcbarcelonanoticias.com\/en\/laliga\/ancelotti-confirms-lowering-benzema-is-honest-about-possible-signing-mbappe_290393_102.html","url":"https:\/\/www.fcbarcelonanoticias.com\/en\/laliga\/ancelotti-confirms-lowering-benzema-is-honest-about-possible-signing-mbappe_290393_102.html","name":"Ancelotti confirms the loss of Benzema and is honest about the possible signing of Mbapp\u00e9","isPartOf":{"@id":"https:\/\/www.fcbarcelonanoticias.com\/en\/#website"},"primaryImageOfPage":{"@id":"https:\/\/www.fcbarcelonanoticias.com\/en\/laliga\/ancelotti-confirms-lowering-benzema-is-honest-about-possible-signing-mbappe_290393_102.html#primaryimage"},"image":{"@id":"https:\/\/www.fcbarcelonanoticias.com\/en\/laliga\/ancelotti-confirms-lowering-benzema-is-honest-about-possible-signing-mbappe_290393_102.html#primaryimage"},"thumbnailUrl":"","datePublished":"2023-03-10T14:26:00+00:00","author":{"@id":""},"description":"The Real Madrid coach, Carlo Ancelotti, has offered a statement to the media ahead of this Saturday's league match against RCD Espanyol","breadcrumb":{"@id":"https:\/\/www.fcbarcelonanoticias.com\/en\/laliga\/ancelotti-confirms-lowering-benzema-is-honest-about-possible-signing-mbappe_290393_102.html#breadcrumb"},"inLanguage":"en-US","potentialAction":[{"@type":"ReadAction","target":["https:\/\/www.fcbarcelonanoticias.com\/en\/laliga\/ancelotti-confirms-lowering-benzema-is-honest-about-possible-signing-mbappe_290393_102.html"]}]},{"@type":"ImageObject","inLanguage":"en-US","@id":"https:\/\/www.fcbarcelonanoticias.com\/en\/laliga\/ancelotti-confirms-lowering-benzema-is-honest-about-possible-signing-mbappe_290393_102.html#primaryimage","url":"","contentUrl":""},{"@type":"BreadcrumbList","@id":"https:\/\/www.fcbarcelonanoticias.com\/en\/laliga\/ancelotti-confirms-lowering-benzema-is-honest-about-possible-signing-mbappe_290393_102.html#breadcrumb","itemListElement":[{"@type":"ListItem","position":1,"name":"Portada","item":"https:\/\/www.fcbarcelonanoticias.com\/en\/"},{"@type":"ListItem","position":2,"name":"Ancelotti confirms the loss of Benzema and is honest about the possible signing of Mbapp\u00e9"}]},{"@type":"WebSite","@id":"https:\/\/www.fcbarcelonanoticias.com\/en\/#website","url":"https:\/\/www.fcbarcelonanoticias.com\/en\/","name":"EN - FC Barcelona Noticias","description":"","potentialAction":[{"@type":"SearchAction","target":{"@type":"EntryPoint","urlTemplate":"https:\/\/www.fcbarcelonanoticias.com\/en\/?s={search_term_string}"},"query-input":{"@type":"PropertyValueSpecification","valueRequired":true,"valueName":"search_term_string"}}],"inLanguage":"en-US"}]}},"_links":{"self":[{"href":"https:\/\/www.fcbarcelonanoticias.com\/en\/wp-json\/wp\/v2\/posts\/49073","targetHints":{"allow":["GET"]}}],"collection":[{"href":"https:\/\/www.fcbarcelonanoticias.com\/en\/wp-json\/wp\/v2\/posts"}],"about":[{"href":"https:\/\/www.fcbarcelonanoticias.com\/en\/wp-json\/wp\/v2\/types\/post"}],"replies":[{"embeddable":true,"href":"https:\/\/www.fcbarcelonanoticias.com\/en\/wp-json\/wp\/v2\/comments?post=49073"}],"version-history":[{"count":2,"href":"https:\/\/www.fcbarcelonanoticias.com\/en\/wp-json\/wp\/v2\/posts\/49073\/revisions"}],"predecessor-version":[{"id":49077,"href":"https:\/\/www.fcbarcelonanoticias.com\/en\/wp-json\/wp\/v2\/posts\/49073\/revisions\/49077"}],"wp:featuredmedia":[{"embeddable":true,"href":"https:\/\/www.fcbarcelonanoticias.com\/en\/wp-json\/"}],"wp:attachment":[{"href":"https:\/\/www.fcbarcelonanoticias.com\/en\/wp-json\/wp\/v2\/media?parent=49073"}],"wp:term":[{"taxonomy":"category","embeddable":true,"href":"https:\/\/www.fcbarcelonanoticias.com\/en\/wp-json\/wp\/v2\/categories?post=49073"},{"taxonomy":"post_tag","embeddable":true,"href":"https:\/\/www.fcbarcelonanoticias.com\/en\/wp-json\/wp\/v2\/tags?post=49073"}],"curies":[{"name":"wp","href":"https:\/\/api.w.org\/{rel}","templated":true}]}}