{"id":49299,"date":"2023-08-17T17:41:00","date_gmt":"2023-08-17T15:41:00","guid":{"rendered":"https:\/\/weisetech.dev\/fc-barcelona-noticias\/en\/araujo-mes-ko-list-matches-will-lose_295214_102\/"},"modified":"2023-08-17T17:42:00","modified_gmt":"2023-08-17T15:42:00","slug":"araujo-mes-ko-list-matches-will-lose_295214_102","status":"publish","type":"post","link":"https:\/\/www.fcbarcelonanoticias.com\/en\/laliga\/araujo-mes-ko-list-matches-will-lose_295214_102.html","title":{"rendered":"Ara\u00fajo, one month &#8216;KO&#8217;: The list of matches that will be lost"},"content":{"rendered":"<h2 class=\"wp-block-heading\">In this season, injuries will not give FC Barcelona a break either. Ronald Ara\u00fajo, who had already had discomfort in the preseason, was the first to &#8216;fall&#8217; and could spend around a month in the infirmary<\/h2>  \r\n<div class=\"article-addons\">\r\n    <a href=\"https:\/\/www.fcbarcelonanoticias.com\/en\/calendar-fc-barcelona.html\"\r\n       target=\"_self\"\r\n       title=\"Calendar of FC Barcelona\"\r\n       class=\"blue-gredient-btn\">\r\n       \r\n        Calendar of FC Barcelona    <\/a>\r\n<\/div>   <p><strong>The season 2023-024 has begun with injuries for the <a data-external=\"0\" data-intl-links-en=\"https:\/\/www.fcbarcelonanoticias.com\/en\/fc-barcelona\" data-intl-links-es=\"https:\/\/www.fcbarcelonanoticias.com\/fc-barcelona\" href=\"https:\/\/www.fcbarcelonanoticias.com\/en\/football-soccer\/fc-barcelona.html\" rel=\"follow\" target=\"_self\" title=\"FC Barcelona\">FC Barcelona<\/a>.<\/strong> I\u00f1igo Mart\u00ednez is in the infirmary recovering in the fascitis plant by which went through the operating theatre and has added Ronald Ara\u00fajo recently, after it confirmed that it suffered an injury in the biceps femoral of his left leg during the matutinal training of this Thursday. The club has not given a time estimated of low, but the charr\u00faa could be by the next month &#8216;KO&#8217;.<\/p>  <p>According to an information of the newspaper &#8216;ACE&#8217;, the central could reappear, like minimum, to half of September.<strong> The Bar\u00e7a will benefit that at the beginning of month there will be a stop of selections and will not have activities between the 3 and 17, by what the aim is that it can take action when it begin the phase of groups of the Champions League. <\/strong>Still there are not dates confirmed for the debut of the blaugrana, but will be the 19 or 20 of the month that comes. For that then, already Ara\u00fajo would have to be to 100%.<\/p>  <h2>Ara\u00fajo, drop by three parties<\/h2>  <p>Xavi Hern\u00e1ndez will not be able to have his best defender for the next three presentations of the Bar\u00e7a. It will not be in the debut in the Olympic stadium Llu\u00eds Companys, this Sunday against the C\u00e1diz, from the 19:30 hours (7:30 PM, CEST). For the party, besides,<strong> there are doubts on if it will be able to be Andreas Christensen, put in the Coliseum Alfonso P\u00e9rez was substituted to the rest because it did not find to 100%. <\/strong>If it is not, Jules Kound\u00e9 and Eric Garc\u00eda will be the only alternatives for the axis of the retaguardia.<\/p>  <p>Ara\u00fajo Neither will be able to be available for the visit to the stadium The Ceramics, in the visit of the Barcelona to the Villarreal of the Sunday 27 August. Also it will lose the party in The Sadar, against the Osasuna, at the beginning of September. After the dispute of the fourth day liguera, there will be a &#8216;break&#8217; by the date FIFA and the Uruguayan<strong> will have the opportunity to give the &#8216;sprint&#8217; definite in his recovery to work with the team in the previous of the debut in Champions, for the party in front of the Betis in Montju\u00efc.<\/strong><\/p>  <h2>The alternatives of Xavi<\/h2>  <p>The absence of the central of 24 supposes a big problem for the Catalan entity. Although during the pre-season and also in the crash in front of the Getafe Xavi has come him using like right side, supposes a very sensitive drop. Now, it will be able to have Jules Kound\u00e9, Eric Garc\u00eda, Andreas Christensen and the option of Marcos Alonso, the one who also can play like head office. <strong>It remains slope I\u00f1igo Mart\u00ednez, the one who could receive the high doctor in ten days&#8230; <\/strong>But still it has not been inscribed in LaLiga.<\/p> ","protected":false},"excerpt":{"rendered":"<p>In this season, injuries will not give FC Barcelona a break either. Ronald Ara\u00fajo, who had already had discomfort in the preseason, was the first to &#8216;fall&#8217; and could spend around a month in the infirmary The season 2023-024 has begun with injuries for the FC Barcelona. I\u00f1igo Mart\u00ednez is in the infirmary recovering in [&hellip;]<\/p>\n","protected":false},"author":0,"featured_media":18704,"comment_status":"closed","ping_status":"open","sticky":false,"template":"","format":"standard","meta":{"_acf_changed":false,"inline_featured_image":false,"_nextfly_llmd_date_locked":false,"footnotes":""},"categories":[114,448],"tags":[136],"class_list":["post-49299","post","type-post","status-publish","format-standard","has-post-thumbnail","hentry","category-laliga","category-laliga-2","tag-injured"],"acf":[],"yoast_head":"<!-- This site is optimized with the Yoast SEO plugin v27.3 - https:\/\/yoast.com\/product\/yoast-seo-wordpress\/ -->\n<title>Ara\u00fajo, one month &#039;KO&#039;: The list of matches that will be lost<\/title>\n<meta name=\"description\" content=\"In this season, the injuries neither will give respite to the FC Barcelona. Ronald Ara\u00fajo, that already had had annoyances in the pre-season, has been the first in &#039;fall&#039; and could be around a month in the infirmary\" \/>\n<meta name=\"robots\" content=\"index, follow, max-snippet:-1, max-image-preview:large, max-video-preview:-1\" \/>\n<link rel=\"canonical\" href=\"https:\/\/www.fcbarcelonanoticias.com\/en\/laliga\/araujo-mes-ko-list-matches-will-lose_295214_102.html\" \/>\n<meta property=\"og:locale\" content=\"en_US\" \/>\n<meta property=\"og:type\" content=\"article\" \/>\n<meta property=\"og:title\" content=\"Ara\u00fajo, one month &#039;KO&#039;: The list of matches that will be lost\" \/>\n<meta property=\"og:description\" content=\"In this season, the injuries neither will give respite to the FC Barcelona. Ronald Ara\u00fajo, that already had had annoyances in the pre-season, has been the first in &#039;fall&#039; and could be around a month in the infirmary\" \/>\n<meta property=\"og:url\" content=\"https:\/\/www.fcbarcelonanoticias.com\/en\/laliga\/araujo-mes-ko-list-matches-will-lose_295214_102.html\" \/>\n<meta property=\"og:site_name\" content=\"EN - FC Barcelona Noticias\" \/>\n<meta property=\"article:published_time\" content=\"2023-08-17T15:41:00+00:00\" \/>\n<meta property=\"article:modified_time\" content=\"2023-08-17T15:42:00+00:00\" \/>\n<meta property=\"og:image\" content=\"https:\/\/www.fcbarcelonanoticias.com\/en\/wp-content\/uploads\/sites\/2\/2023\/08\/ronald-araujo-durante-un-calentamiento.jpeg\" \/>\n\t<meta property=\"og:image:width\" content=\"1250\" \/>\n\t<meta property=\"og:image:height\" content=\"750\" \/>\n\t<meta property=\"og:image:type\" content=\"image\/jpeg\" \/>\n<meta name=\"twitter:card\" content=\"summary_large_image\" \/>\n<meta name=\"twitter:label1\" content=\"Est. reading time\" \/>\n\t<meta name=\"twitter:data1\" content=\"3 minutes\" \/>\n<script type=\"application\/ld+json\" class=\"yoast-schema-graph\">{\"@context\":\"https:\\\/\\\/schema.org\",\"@graph\":[{\"@type\":\"Article\",\"@id\":\"https:\\\/\\\/www.fcbarcelonanoticias.com\\\/en\\\/laliga\\\/araujo-mes-ko-list-matches-will-lose_295214_102.html#article\",\"isPartOf\":{\"@id\":\"https:\\\/\\\/www.fcbarcelonanoticias.com\\\/en\\\/laliga\\\/araujo-mes-ko-list-matches-will-lose_295214_102.html\"},\"author\":{\"name\":\"\",\"@id\":\"\"},\"headline\":\"Ara\u00fajo, one month &#8216;KO&#8217;: The list of matches that will be lost\",\"datePublished\":\"2023-08-17T15:41:00+00:00\",\"dateModified\":\"2023-08-17T15:42:00+00:00\",\"mainEntityOfPage\":{\"@id\":\"https:\\\/\\\/www.fcbarcelonanoticias.com\\\/en\\\/laliga\\\/araujo-mes-ko-list-matches-will-lose_295214_102.html\"},\"wordCount\":542,\"image\":{\"@id\":\"https:\\\/\\\/www.fcbarcelonanoticias.com\\\/en\\\/laliga\\\/araujo-mes-ko-list-matches-will-lose_295214_102.html#primaryimage\"},\"thumbnailUrl\":\"https:\\\/\\\/www.fcbarcelonanoticias.com\\\/en\\\/wp-content\\\/uploads\\\/sites\\\/2\\\/2023\\\/08\\\/ronald-araujo-durante-un-calentamiento.jpeg\",\"keywords\":[\"injured\"],\"articleSection\":[\"LaLiga\",\"LaLiga\"],\"inLanguage\":\"en-US\"},{\"@type\":\"WebPage\",\"@id\":\"https:\\\/\\\/www.fcbarcelonanoticias.com\\\/en\\\/laliga\\\/araujo-mes-ko-list-matches-will-lose_295214_102.html\",\"url\":\"https:\\\/\\\/www.fcbarcelonanoticias.com\\\/en\\\/laliga\\\/araujo-mes-ko-list-matches-will-lose_295214_102.html\",\"name\":\"Ara\u00fajo, one month 'KO': The list of matches that will be lost\",\"isPartOf\":{\"@id\":\"https:\\\/\\\/www.fcbarcelonanoticias.com\\\/en\\\/#website\"},\"primaryImageOfPage\":{\"@id\":\"https:\\\/\\\/www.fcbarcelonanoticias.com\\\/en\\\/laliga\\\/araujo-mes-ko-list-matches-will-lose_295214_102.html#primaryimage\"},\"image\":{\"@id\":\"https:\\\/\\\/www.fcbarcelonanoticias.com\\\/en\\\/laliga\\\/araujo-mes-ko-list-matches-will-lose_295214_102.html#primaryimage\"},\"thumbnailUrl\":\"https:\\\/\\\/www.fcbarcelonanoticias.com\\\/en\\\/wp-content\\\/uploads\\\/sites\\\/2\\\/2023\\\/08\\\/ronald-araujo-durante-un-calentamiento.jpeg\",\"datePublished\":\"2023-08-17T15:41:00+00:00\",\"dateModified\":\"2023-08-17T15:42:00+00:00\",\"author\":{\"@id\":\"\"},\"description\":\"In this season, the injuries neither will give respite to the FC Barcelona. Ronald Ara\u00fajo, that already had had annoyances in the pre-season, has been the first in 'fall' and could be around a month in the infirmary\",\"breadcrumb\":{\"@id\":\"https:\\\/\\\/www.fcbarcelonanoticias.com\\\/en\\\/laliga\\\/araujo-mes-ko-list-matches-will-lose_295214_102.html#breadcrumb\"},\"inLanguage\":\"en-US\",\"potentialAction\":[{\"@type\":\"ReadAction\",\"target\":[\"https:\\\/\\\/www.fcbarcelonanoticias.com\\\/en\\\/laliga\\\/araujo-mes-ko-list-matches-will-lose_295214_102.html\"]}]},{\"@type\":\"ImageObject\",\"inLanguage\":\"en-US\",\"@id\":\"https:\\\/\\\/www.fcbarcelonanoticias.com\\\/en\\\/laliga\\\/araujo-mes-ko-list-matches-will-lose_295214_102.html#primaryimage\",\"url\":\"https:\\\/\\\/www.fcbarcelonanoticias.com\\\/en\\\/wp-content\\\/uploads\\\/sites\\\/2\\\/2023\\\/08\\\/ronald-araujo-durante-un-calentamiento.jpeg\",\"contentUrl\":\"https:\\\/\\\/www.fcbarcelonanoticias.com\\\/en\\\/wp-content\\\/uploads\\\/sites\\\/2\\\/2023\\\/08\\\/ronald-araujo-durante-un-calentamiento.jpeg\",\"width\":1250,\"height\":750},{\"@type\":\"BreadcrumbList\",\"@id\":\"https:\\\/\\\/www.fcbarcelonanoticias.com\\\/en\\\/laliga\\\/araujo-mes-ko-list-matches-will-lose_295214_102.html#breadcrumb\",\"itemListElement\":[{\"@type\":\"ListItem\",\"position\":1,\"name\":\"Portada\",\"item\":\"https:\\\/\\\/www.fcbarcelonanoticias.com\\\/en\\\/\"},{\"@type\":\"ListItem\",\"position\":2,\"name\":\"Ara\u00fajo, one month &#8216;KO&#8217;: The list of matches that will be lost\"}]},{\"@type\":\"WebSite\",\"@id\":\"https:\\\/\\\/www.fcbarcelonanoticias.com\\\/en\\\/#website\",\"url\":\"https:\\\/\\\/www.fcbarcelonanoticias.com\\\/en\\\/\",\"name\":\"EN - FC Barcelona Noticias\",\"description\":\"\",\"potentialAction\":[{\"@type\":\"SearchAction\",\"target\":{\"@type\":\"EntryPoint\",\"urlTemplate\":\"https:\\\/\\\/www.fcbarcelonanoticias.com\\\/en\\\/?s={search_term_string}\"},\"query-input\":{\"@type\":\"PropertyValueSpecification\",\"valueRequired\":true,\"valueName\":\"search_term_string\"}}],\"inLanguage\":\"en-US\"}]}<\/script>\n<!-- \/ Yoast SEO plugin. -->","yoast_head_json":{"title":"Ara\u00fajo, one month 'KO': The list of matches that will be lost","description":"In this season, the injuries neither will give respite to the FC Barcelona. Ronald Ara\u00fajo, that already had had annoyances in the pre-season, has been the first in 'fall' and could be around a month in the infirmary","robots":{"index":"index","follow":"follow","max-snippet":"max-snippet:-1","max-image-preview":"max-image-preview:large","max-video-preview":"max-video-preview:-1"},"canonical":"https:\/\/www.fcbarcelonanoticias.com\/en\/laliga\/araujo-mes-ko-list-matches-will-lose_295214_102.html","og_locale":"en_US","og_type":"article","og_title":"Ara\u00fajo, one month 'KO': The list of matches that will be lost","og_description":"In this season, the injuries neither will give respite to the FC Barcelona. Ronald Ara\u00fajo, that already had had annoyances in the pre-season, has been the first in 'fall' and could be around a month in the infirmary","og_url":"https:\/\/www.fcbarcelonanoticias.com\/en\/laliga\/araujo-mes-ko-list-matches-will-lose_295214_102.html","og_site_name":"EN - FC Barcelona Noticias","article_published_time":"2023-08-17T15:41:00+00:00","article_modified_time":"2023-08-17T15:42:00+00:00","og_image":[{"width":1250,"height":750,"url":"https:\/\/www.fcbarcelonanoticias.com\/en\/wp-content\/uploads\/sites\/2\/2023\/08\/ronald-araujo-durante-un-calentamiento.jpeg","type":"image\/jpeg"}],"twitter_card":"summary_large_image","twitter_misc":{"Est. reading time":"3 minutes"},"schema":{"@context":"https:\/\/schema.org","@graph":[{"@type":"Article","@id":"https:\/\/www.fcbarcelonanoticias.com\/en\/laliga\/araujo-mes-ko-list-matches-will-lose_295214_102.html#article","isPartOf":{"@id":"https:\/\/www.fcbarcelonanoticias.com\/en\/laliga\/araujo-mes-ko-list-matches-will-lose_295214_102.html"},"author":{"name":"","@id":""},"headline":"Ara\u00fajo, one month &#8216;KO&#8217;: The list of matches that will be lost","datePublished":"2023-08-17T15:41:00+00:00","dateModified":"2023-08-17T15:42:00+00:00","mainEntityOfPage":{"@id":"https:\/\/www.fcbarcelonanoticias.com\/en\/laliga\/araujo-mes-ko-list-matches-will-lose_295214_102.html"},"wordCount":542,"image":{"@id":"https:\/\/www.fcbarcelonanoticias.com\/en\/laliga\/araujo-mes-ko-list-matches-will-lose_295214_102.html#primaryimage"},"thumbnailUrl":"https:\/\/www.fcbarcelonanoticias.com\/en\/wp-content\/uploads\/sites\/2\/2023\/08\/ronald-araujo-durante-un-calentamiento.jpeg","keywords":["injured"],"articleSection":["LaLiga","LaLiga"],"inLanguage":"en-US"},{"@type":"WebPage","@id":"https:\/\/www.fcbarcelonanoticias.com\/en\/laliga\/araujo-mes-ko-list-matches-will-lose_295214_102.html","url":"https:\/\/www.fcbarcelonanoticias.com\/en\/laliga\/araujo-mes-ko-list-matches-will-lose_295214_102.html","name":"Ara\u00fajo, one month 'KO': The list of matches that will be lost","isPartOf":{"@id":"https:\/\/www.fcbarcelonanoticias.com\/en\/#website"},"primaryImageOfPage":{"@id":"https:\/\/www.fcbarcelonanoticias.com\/en\/laliga\/araujo-mes-ko-list-matches-will-lose_295214_102.html#primaryimage"},"image":{"@id":"https:\/\/www.fcbarcelonanoticias.com\/en\/laliga\/araujo-mes-ko-list-matches-will-lose_295214_102.html#primaryimage"},"thumbnailUrl":"https:\/\/www.fcbarcelonanoticias.com\/en\/wp-content\/uploads\/sites\/2\/2023\/08\/ronald-araujo-durante-un-calentamiento.jpeg","datePublished":"2023-08-17T15:41:00+00:00","dateModified":"2023-08-17T15:42:00+00:00","author":{"@id":""},"description":"In this season, the injuries neither will give respite to the FC Barcelona. Ronald Ara\u00fajo, that already had had annoyances in the pre-season, has been the first in 'fall' and could be around a month in the infirmary","breadcrumb":{"@id":"https:\/\/www.fcbarcelonanoticias.com\/en\/laliga\/araujo-mes-ko-list-matches-will-lose_295214_102.html#breadcrumb"},"inLanguage":"en-US","potentialAction":[{"@type":"ReadAction","target":["https:\/\/www.fcbarcelonanoticias.com\/en\/laliga\/araujo-mes-ko-list-matches-will-lose_295214_102.html"]}]},{"@type":"ImageObject","inLanguage":"en-US","@id":"https:\/\/www.fcbarcelonanoticias.com\/en\/laliga\/araujo-mes-ko-list-matches-will-lose_295214_102.html#primaryimage","url":"https:\/\/www.fcbarcelonanoticias.com\/en\/wp-content\/uploads\/sites\/2\/2023\/08\/ronald-araujo-durante-un-calentamiento.jpeg","contentUrl":"https:\/\/www.fcbarcelonanoticias.com\/en\/wp-content\/uploads\/sites\/2\/2023\/08\/ronald-araujo-durante-un-calentamiento.jpeg","width":1250,"height":750},{"@type":"BreadcrumbList","@id":"https:\/\/www.fcbarcelonanoticias.com\/en\/laliga\/araujo-mes-ko-list-matches-will-lose_295214_102.html#breadcrumb","itemListElement":[{"@type":"ListItem","position":1,"name":"Portada","item":"https:\/\/www.fcbarcelonanoticias.com\/en\/"},{"@type":"ListItem","position":2,"name":"Ara\u00fajo, one month &#8216;KO&#8217;: The list of matches that will be lost"}]},{"@type":"WebSite","@id":"https:\/\/www.fcbarcelonanoticias.com\/en\/#website","url":"https:\/\/www.fcbarcelonanoticias.com\/en\/","name":"EN - FC Barcelona Noticias","description":"","potentialAction":[{"@type":"SearchAction","target":{"@type":"EntryPoint","urlTemplate":"https:\/\/www.fcbarcelonanoticias.com\/en\/?s={search_term_string}"},"query-input":{"@type":"PropertyValueSpecification","valueRequired":true,"valueName":"search_term_string"}}],"inLanguage":"en-US"}]}},"_links":{"self":[{"href":"https:\/\/www.fcbarcelonanoticias.com\/en\/wp-json\/wp\/v2\/posts\/49299","targetHints":{"allow":["GET"]}}],"collection":[{"href":"https:\/\/www.fcbarcelonanoticias.com\/en\/wp-json\/wp\/v2\/posts"}],"about":[{"href":"https:\/\/www.fcbarcelonanoticias.com\/en\/wp-json\/wp\/v2\/types\/post"}],"replies":[{"embeddable":true,"href":"https:\/\/www.fcbarcelonanoticias.com\/en\/wp-json\/wp\/v2\/comments?post=49299"}],"version-history":[{"count":2,"href":"https:\/\/www.fcbarcelonanoticias.com\/en\/wp-json\/wp\/v2\/posts\/49299\/revisions"}],"predecessor-version":[{"id":49301,"href":"https:\/\/www.fcbarcelonanoticias.com\/en\/wp-json\/wp\/v2\/posts\/49299\/revisions\/49301"}],"wp:featuredmedia":[{"embeddable":true,"href":"https:\/\/www.fcbarcelonanoticias.com\/en\/wp-json\/wp\/v2\/media\/18704"}],"wp:attachment":[{"href":"https:\/\/www.fcbarcelonanoticias.com\/en\/wp-json\/wp\/v2\/media?parent=49299"}],"wp:term":[{"taxonomy":"category","embeddable":true,"href":"https:\/\/www.fcbarcelonanoticias.com\/en\/wp-json\/wp\/v2\/categories?post=49299"},{"taxonomy":"post_tag","embeddable":true,"href":"https:\/\/www.fcbarcelonanoticias.com\/en\/wp-json\/wp\/v2\/tags?post=49299"}],"curies":[{"name":"wp","href":"https:\/\/api.w.org\/{rel}","templated":true}]}}