{"id":49405,"date":"2023-03-09T23:47:00","date_gmt":"2023-03-09T22:47:00","guid":{"rendered":"https:\/\/weisetech.dev\/fc-barcelona-noticias\/en\/athletic-club-fc-barcelona-possible-line-ups-matchday-25-laliga_290377_102\/"},"modified":"2023-03-12T11:03:00","modified_gmt":"2023-03-12T10:03:00","slug":"athletic-club-fc-barcelona-possible-line-ups-matchday-25-laliga_290377_102","status":"publish","type":"post","link":"https:\/\/www.fcbarcelonanoticias.com\/en\/laliga\/athletic-club-fc-barcelona-possible-line-ups-matchday-25-laliga_290377_102.html","title":{"rendered":"Athletic Club-FC Barcelona: The possible line-ups for matchday 25 of LaLiga"},"content":{"rendered":"<h2 class=\"wp-block-heading\">FC Barcelona plays its penultimate &#8216;final&#8217; before the national team break, this Sunday at San Mam\u00e9s (9:00 p.m., CET). Due to the casualties, Xavi Hern\u00e1ndez would have some doubts in his line-up<\/h2>  \r\n<div class=\"article-addons\">\r\n    <a href=\"https:\/\/www.fcbarcelonanoticias.com\/en\/calendar-fc-barcelona.html\"\r\n       target=\"_self\"\r\n       title=\"Calendar of FC Barcelona\"\r\n       class=\"blue-gredient-btn\">\r\n       \r\n        Calendar of FC Barcelona    <\/a>\r\n<\/div>   <p>To the FC Barcelona remain him two parties before the stop of selections of the FIFA and, <a data-external=\"0\" data-intl-links-en=\"https:\/\/www.fcbarcelonanoticias.com\/en\/laliga\/athletic-club-fc-barcelona-on-tv-when-where-to-watch-laliga-match_290374_102.html\" data-intl-links-es=\"https:\/\/www.fcbarcelonanoticias.com\/laliga\/athletic-club-fc-barcelona-en-tv-cuando-donde-ver-partido-laliga_290374_102.html\" href=\"https:\/\/www.fcbarcelonanoticias.com\/en\/laliga\/athletic-club-fc-barcelona-on-tv-when-where-to-watch-laliga-match_290374_102.html\" rel=\"follow\" target=\"_self\" title=\"Athletic Club-FC Barcelona en TV: Cu\u00e1ndo y d\u00f3nde ver el partido de LaLiga\">this Sunday from the 21:00 hours (CET) will contest one of them in front of the Athletic<\/a>Club , by the dispute of the twentieth fifth day of LaLiga Santander 2022-2023. The cul\u00e9s come to suffer to win to Valencia (1-0) and have the intention to recover the good feelings, in Saint Mam\u00e9s, <strong>before receiving to the Real Madrid in the Classical that it can begin to define the title for the Barcelona. <\/strong><\/p>  <p>The ones of Xavi Hern\u00e1ndez visit to the picture of the &#8216;lions&#8217; with several drops. Everything seems to indicate to that Robert Lewandowski will be present in the party, after two weeks &#8216;KO&#8217; by one overloads muscular, but will not be it Pedri Gonz\u00e1lez and Ousmane Demb\u00e9l\u00e9, those who continue in the infirmary. <strong>Neither they will have Ronald Ara\u00fajo that it was expelled of direct way against Valencia and will fulfil sanction this weekend. <\/strong>With all this in mind, review the possible alignments of both teams:<\/p>  <h2>Likely alignments of the Athletic Club-FC Barcelona<\/h2>  <ul> <li> <strong>XI of the Athletic Club:<\/strong> Agirrezabala; Of Marcos, Yeray, Mart\u00ednez, Berchiche; Garc\u00eda, Vesga, Muniain; Nico, Berenguer, I\u00f1aki.<\/li> \t<li> <strong>XI of the FC Barcelona: <\/strong>Ter Stegen; Kound\u00e9, Christensen, Alonso, Balde; Busquets, Of Jong, Kessi\u00e9, Gavi; Raphinha and Lewandowski.<\/li> <\/ul> <h4>Ter Stegen<\/h4>  <p>The guardameta of M\u00f6nchengladbach has the less won fence of Europe and will want to give continuity to his good series in the domestic championship, where only has fit eight goals. Marc-Andr\u00e9 ter Stegen will have to be very attentive, in Saint Mam\u00e9s, <strong>to what can offer players like Nico or I\u00f1aki Williams, two &#8216;torments&#8217; for any goalkeeper in Spain. <\/strong><\/p>  <h4>Kound\u00e9-Christensen-Alonso-Balde<\/h4>  <p><strong>In front of the absence of Ronald Ara\u00fajo by sanction, after seeing the red cardboard in front of Valencia,<\/strong> Xavi could give entry to Marcos Alonso, the one who comes to do a partidazo in the Glass of the King against the Real Madrid. It would accompany, this time, to Andreas Christensen in the axis of the defensive saga, backed in the sides by Jules Kound\u00e9, in the right, and Alejandro Balde in the left.<\/p>  <h4>Kessi\u00e9-Busquets-Of Jong-Gavi<\/h4>  <p>In the centre of the field will follow the drop of Pedri Gonz\u00e1lez, the one who follows without being to 100% of his injury, although in Saint Mam\u00e9s <strong>will return a Gavi that there was absent state in the last day by accumulation of cards<\/strong>. Thus, everything seems to indicate to that Xavi will give continuity to his plan to play with four midfield players, with Sergio Busquets, Frenkie of Jong, Franck Kessi\u00e9 and a Gavi playing more advanced, practically like false extreme by the left.<\/p>  <h4>Raphinha-Lewandowski<\/h4>  <p>Waiting for that Robert Lewandowski was to 100% after his overload muscular, everything seems to indicate to that will go back to the XI of the cul\u00e9s. The footballer carries some weeks without &#8216;wet&#8217; in LaLiga and wants to recover his rhythm to settle like the maximum artilleryman of the championship.<strong> His mate in attack can be Raphinha or Ferran Torres, but the Brazilian attacker part with more advantage in this opportunity. <\/strong><\/p> ","protected":false},"excerpt":{"rendered":"<p>FC Barcelona plays its penultimate &#8216;final&#8217; before the national team break, this Sunday at San Mam\u00e9s (9:00 p.m., CET). Due to the casualties, Xavi Hern\u00e1ndez would have some doubts in his line-up To the FC Barcelona remain him two parties before the stop of selections of the FIFA and, this Sunday from the 21:00 hours [&hellip;]<\/p>\n","protected":false},"author":0,"featured_media":49409,"comment_status":"closed","ping_status":"open","sticky":false,"template":"","format":"standard","meta":{"_acf_changed":false,"inline_featured_image":false,"_nextfly_llmd_date_locked":false,"footnotes":""},"categories":[114,448],"tags":[81,201],"class_list":["post-49405","post","type-post","status-publish","format-standard","has-post-thumbnail","hentry","category-laliga","category-laliga-2","tag-athletic-de-bilbao","tag-lineups"],"acf":[],"yoast_head":"<!-- This site is optimized with the Yoast SEO plugin v27.3 - https:\/\/yoast.com\/product\/yoast-seo-wordpress\/ -->\n<title>Athletic Club-FC Barcelona: The possible line-ups for matchday 25 of LaLiga<\/title>\n<meta name=\"description\" content=\"The FC Barcelona plays his penultimate &#039;final&#039; before the stop of selections, this Sunday in Saint Mam\u00e9s (21:00 hours, CET). By the drops, Xavi Hern\u00e1ndez would have some doubts in his alignment\" \/>\n<meta name=\"robots\" content=\"index, follow, max-snippet:-1, max-image-preview:large, max-video-preview:-1\" \/>\n<link rel=\"canonical\" href=\"https:\/\/www.fcbarcelonanoticias.com\/en\/laliga\/athletic-club-fc-barcelona-possible-line-ups-matchday-25-laliga_290377_102.html\" \/>\n<meta property=\"og:locale\" content=\"en_US\" \/>\n<meta property=\"og:type\" content=\"article\" \/>\n<meta property=\"og:title\" content=\"Athletic Club-FC Barcelona: The possible line-ups for matchday 25 of LaLiga\" \/>\n<meta property=\"og:description\" content=\"The FC Barcelona plays his penultimate &#039;final&#039; before the stop of selections, this Sunday in Saint Mam\u00e9s (21:00 hours, CET). By the drops, Xavi Hern\u00e1ndez would have some doubts in his alignment\" \/>\n<meta property=\"og:url\" content=\"https:\/\/www.fcbarcelonanoticias.com\/en\/laliga\/athletic-club-fc-barcelona-possible-line-ups-matchday-25-laliga_290377_102.html\" \/>\n<meta property=\"og:site_name\" content=\"EN - FC Barcelona Noticias\" \/>\n<meta property=\"article:published_time\" content=\"2023-03-09T22:47:00+00:00\" \/>\n<meta property=\"article:modified_time\" content=\"2023-03-12T10:03:00+00:00\" \/>\n<meta property=\"og:image\" content=\"https:\/\/www.fcbarcelonanoticias.com\/en\/wp-content\/uploads\/sites\/2\/2023\/03\/alineacio-n-probable-del-fc-barcelona-contra-el-athletic-club-copy-1.jpeg\" \/>\n\t<meta property=\"og:image:width\" content=\"1200\" \/>\n\t<meta property=\"og:image:height\" content=\"675\" \/>\n\t<meta property=\"og:image:type\" content=\"image\/jpeg\" \/>\n<meta name=\"twitter:card\" content=\"summary_large_image\" \/>\n<meta name=\"twitter:label1\" content=\"Est. reading time\" \/>\n\t<meta name=\"twitter:data1\" content=\"3 minutes\" \/>\n<script type=\"application\/ld+json\" class=\"yoast-schema-graph\">{\"@context\":\"https:\\\/\\\/schema.org\",\"@graph\":[{\"@type\":\"Article\",\"@id\":\"https:\\\/\\\/www.fcbarcelonanoticias.com\\\/en\\\/laliga\\\/athletic-club-fc-barcelona-possible-line-ups-matchday-25-laliga_290377_102.html#article\",\"isPartOf\":{\"@id\":\"https:\\\/\\\/www.fcbarcelonanoticias.com\\\/en\\\/laliga\\\/athletic-club-fc-barcelona-possible-line-ups-matchday-25-laliga_290377_102.html\"},\"author\":{\"name\":\"\",\"@id\":\"\"},\"headline\":\"Athletic Club-FC Barcelona: The possible line-ups for matchday 25 of LaLiga\",\"datePublished\":\"2023-03-09T22:47:00+00:00\",\"dateModified\":\"2023-03-12T10:03:00+00:00\",\"mainEntityOfPage\":{\"@id\":\"https:\\\/\\\/www.fcbarcelonanoticias.com\\\/en\\\/laliga\\\/athletic-club-fc-barcelona-possible-line-ups-matchday-25-laliga_290377_102.html\"},\"wordCount\":575,\"image\":{\"@id\":\"https:\\\/\\\/www.fcbarcelonanoticias.com\\\/en\\\/laliga\\\/athletic-club-fc-barcelona-possible-line-ups-matchday-25-laliga_290377_102.html#primaryimage\"},\"thumbnailUrl\":\"https:\\\/\\\/www.fcbarcelonanoticias.com\\\/en\\\/wp-content\\\/uploads\\\/sites\\\/2\\\/2023\\\/03\\\/alineacio-n-probable-del-fc-barcelona-contra-el-athletic-club-copy-1.jpeg\",\"keywords\":[\"Athletic de Bilbao\",\"FC Barcelona Lineups\"],\"articleSection\":[\"LaLiga\",\"LaLiga\"],\"inLanguage\":\"en-US\"},{\"@type\":\"WebPage\",\"@id\":\"https:\\\/\\\/www.fcbarcelonanoticias.com\\\/en\\\/laliga\\\/athletic-club-fc-barcelona-possible-line-ups-matchday-25-laliga_290377_102.html\",\"url\":\"https:\\\/\\\/www.fcbarcelonanoticias.com\\\/en\\\/laliga\\\/athletic-club-fc-barcelona-possible-line-ups-matchday-25-laliga_290377_102.html\",\"name\":\"Athletic Club-FC Barcelona: The possible line-ups for matchday 25 of LaLiga\",\"isPartOf\":{\"@id\":\"https:\\\/\\\/www.fcbarcelonanoticias.com\\\/en\\\/#website\"},\"primaryImageOfPage\":{\"@id\":\"https:\\\/\\\/www.fcbarcelonanoticias.com\\\/en\\\/laliga\\\/athletic-club-fc-barcelona-possible-line-ups-matchday-25-laliga_290377_102.html#primaryimage\"},\"image\":{\"@id\":\"https:\\\/\\\/www.fcbarcelonanoticias.com\\\/en\\\/laliga\\\/athletic-club-fc-barcelona-possible-line-ups-matchday-25-laliga_290377_102.html#primaryimage\"},\"thumbnailUrl\":\"https:\\\/\\\/www.fcbarcelonanoticias.com\\\/en\\\/wp-content\\\/uploads\\\/sites\\\/2\\\/2023\\\/03\\\/alineacio-n-probable-del-fc-barcelona-contra-el-athletic-club-copy-1.jpeg\",\"datePublished\":\"2023-03-09T22:47:00+00:00\",\"dateModified\":\"2023-03-12T10:03:00+00:00\",\"author\":{\"@id\":\"\"},\"description\":\"The FC Barcelona plays his penultimate 'final' before the stop of selections, this Sunday in Saint Mam\u00e9s (21:00 hours, CET). By the drops, Xavi Hern\u00e1ndez would have some doubts in his alignment\",\"breadcrumb\":{\"@id\":\"https:\\\/\\\/www.fcbarcelonanoticias.com\\\/en\\\/laliga\\\/athletic-club-fc-barcelona-possible-line-ups-matchday-25-laliga_290377_102.html#breadcrumb\"},\"inLanguage\":\"en-US\",\"potentialAction\":[{\"@type\":\"ReadAction\",\"target\":[\"https:\\\/\\\/www.fcbarcelonanoticias.com\\\/en\\\/laliga\\\/athletic-club-fc-barcelona-possible-line-ups-matchday-25-laliga_290377_102.html\"]}]},{\"@type\":\"ImageObject\",\"inLanguage\":\"en-US\",\"@id\":\"https:\\\/\\\/www.fcbarcelonanoticias.com\\\/en\\\/laliga\\\/athletic-club-fc-barcelona-possible-line-ups-matchday-25-laliga_290377_102.html#primaryimage\",\"url\":\"https:\\\/\\\/www.fcbarcelonanoticias.com\\\/en\\\/wp-content\\\/uploads\\\/sites\\\/2\\\/2023\\\/03\\\/alineacio-n-probable-del-fc-barcelona-contra-el-athletic-club-copy-1.jpeg\",\"contentUrl\":\"https:\\\/\\\/www.fcbarcelonanoticias.com\\\/en\\\/wp-content\\\/uploads\\\/sites\\\/2\\\/2023\\\/03\\\/alineacio-n-probable-del-fc-barcelona-contra-el-athletic-club-copy-1.jpeg\",\"width\":1200,\"height\":675},{\"@type\":\"BreadcrumbList\",\"@id\":\"https:\\\/\\\/www.fcbarcelonanoticias.com\\\/en\\\/laliga\\\/athletic-club-fc-barcelona-possible-line-ups-matchday-25-laliga_290377_102.html#breadcrumb\",\"itemListElement\":[{\"@type\":\"ListItem\",\"position\":1,\"name\":\"Portada\",\"item\":\"https:\\\/\\\/www.fcbarcelonanoticias.com\\\/en\\\/\"},{\"@type\":\"ListItem\",\"position\":2,\"name\":\"Athletic Club-FC Barcelona: The possible line-ups for matchday 25 of LaLiga\"}]},{\"@type\":\"WebSite\",\"@id\":\"https:\\\/\\\/www.fcbarcelonanoticias.com\\\/en\\\/#website\",\"url\":\"https:\\\/\\\/www.fcbarcelonanoticias.com\\\/en\\\/\",\"name\":\"EN - FC Barcelona Noticias\",\"description\":\"\",\"potentialAction\":[{\"@type\":\"SearchAction\",\"target\":{\"@type\":\"EntryPoint\",\"urlTemplate\":\"https:\\\/\\\/www.fcbarcelonanoticias.com\\\/en\\\/?s={search_term_string}\"},\"query-input\":{\"@type\":\"PropertyValueSpecification\",\"valueRequired\":true,\"valueName\":\"search_term_string\"}}],\"inLanguage\":\"en-US\"}]}<\/script>\n<!-- \/ Yoast SEO plugin. -->","yoast_head_json":{"title":"Athletic Club-FC Barcelona: The possible line-ups for matchday 25 of LaLiga","description":"The FC Barcelona plays his penultimate 'final' before the stop of selections, this Sunday in Saint Mam\u00e9s (21:00 hours, CET). By the drops, Xavi Hern\u00e1ndez would have some doubts in his alignment","robots":{"index":"index","follow":"follow","max-snippet":"max-snippet:-1","max-image-preview":"max-image-preview:large","max-video-preview":"max-video-preview:-1"},"canonical":"https:\/\/www.fcbarcelonanoticias.com\/en\/laliga\/athletic-club-fc-barcelona-possible-line-ups-matchday-25-laliga_290377_102.html","og_locale":"en_US","og_type":"article","og_title":"Athletic Club-FC Barcelona: The possible line-ups for matchday 25 of LaLiga","og_description":"The FC Barcelona plays his penultimate 'final' before the stop of selections, this Sunday in Saint Mam\u00e9s (21:00 hours, CET). By the drops, Xavi Hern\u00e1ndez would have some doubts in his alignment","og_url":"https:\/\/www.fcbarcelonanoticias.com\/en\/laliga\/athletic-club-fc-barcelona-possible-line-ups-matchday-25-laliga_290377_102.html","og_site_name":"EN - FC Barcelona Noticias","article_published_time":"2023-03-09T22:47:00+00:00","article_modified_time":"2023-03-12T10:03:00+00:00","og_image":[{"width":1200,"height":675,"url":"https:\/\/www.fcbarcelonanoticias.com\/en\/wp-content\/uploads\/sites\/2\/2023\/03\/alineacio-n-probable-del-fc-barcelona-contra-el-athletic-club-copy-1.jpeg","type":"image\/jpeg"}],"twitter_card":"summary_large_image","twitter_misc":{"Est. reading time":"3 minutes"},"schema":{"@context":"https:\/\/schema.org","@graph":[{"@type":"Article","@id":"https:\/\/www.fcbarcelonanoticias.com\/en\/laliga\/athletic-club-fc-barcelona-possible-line-ups-matchday-25-laliga_290377_102.html#article","isPartOf":{"@id":"https:\/\/www.fcbarcelonanoticias.com\/en\/laliga\/athletic-club-fc-barcelona-possible-line-ups-matchday-25-laliga_290377_102.html"},"author":{"name":"","@id":""},"headline":"Athletic Club-FC Barcelona: The possible line-ups for matchday 25 of LaLiga","datePublished":"2023-03-09T22:47:00+00:00","dateModified":"2023-03-12T10:03:00+00:00","mainEntityOfPage":{"@id":"https:\/\/www.fcbarcelonanoticias.com\/en\/laliga\/athletic-club-fc-barcelona-possible-line-ups-matchday-25-laliga_290377_102.html"},"wordCount":575,"image":{"@id":"https:\/\/www.fcbarcelonanoticias.com\/en\/laliga\/athletic-club-fc-barcelona-possible-line-ups-matchday-25-laliga_290377_102.html#primaryimage"},"thumbnailUrl":"https:\/\/www.fcbarcelonanoticias.com\/en\/wp-content\/uploads\/sites\/2\/2023\/03\/alineacio-n-probable-del-fc-barcelona-contra-el-athletic-club-copy-1.jpeg","keywords":["Athletic de Bilbao","FC Barcelona Lineups"],"articleSection":["LaLiga","LaLiga"],"inLanguage":"en-US"},{"@type":"WebPage","@id":"https:\/\/www.fcbarcelonanoticias.com\/en\/laliga\/athletic-club-fc-barcelona-possible-line-ups-matchday-25-laliga_290377_102.html","url":"https:\/\/www.fcbarcelonanoticias.com\/en\/laliga\/athletic-club-fc-barcelona-possible-line-ups-matchday-25-laliga_290377_102.html","name":"Athletic Club-FC Barcelona: The possible line-ups for matchday 25 of LaLiga","isPartOf":{"@id":"https:\/\/www.fcbarcelonanoticias.com\/en\/#website"},"primaryImageOfPage":{"@id":"https:\/\/www.fcbarcelonanoticias.com\/en\/laliga\/athletic-club-fc-barcelona-possible-line-ups-matchday-25-laliga_290377_102.html#primaryimage"},"image":{"@id":"https:\/\/www.fcbarcelonanoticias.com\/en\/laliga\/athletic-club-fc-barcelona-possible-line-ups-matchday-25-laliga_290377_102.html#primaryimage"},"thumbnailUrl":"https:\/\/www.fcbarcelonanoticias.com\/en\/wp-content\/uploads\/sites\/2\/2023\/03\/alineacio-n-probable-del-fc-barcelona-contra-el-athletic-club-copy-1.jpeg","datePublished":"2023-03-09T22:47:00+00:00","dateModified":"2023-03-12T10:03:00+00:00","author":{"@id":""},"description":"The FC Barcelona plays his penultimate 'final' before the stop of selections, this Sunday in Saint Mam\u00e9s (21:00 hours, CET). By the drops, Xavi Hern\u00e1ndez would have some doubts in his alignment","breadcrumb":{"@id":"https:\/\/www.fcbarcelonanoticias.com\/en\/laliga\/athletic-club-fc-barcelona-possible-line-ups-matchday-25-laliga_290377_102.html#breadcrumb"},"inLanguage":"en-US","potentialAction":[{"@type":"ReadAction","target":["https:\/\/www.fcbarcelonanoticias.com\/en\/laliga\/athletic-club-fc-barcelona-possible-line-ups-matchday-25-laliga_290377_102.html"]}]},{"@type":"ImageObject","inLanguage":"en-US","@id":"https:\/\/www.fcbarcelonanoticias.com\/en\/laliga\/athletic-club-fc-barcelona-possible-line-ups-matchday-25-laliga_290377_102.html#primaryimage","url":"https:\/\/www.fcbarcelonanoticias.com\/en\/wp-content\/uploads\/sites\/2\/2023\/03\/alineacio-n-probable-del-fc-barcelona-contra-el-athletic-club-copy-1.jpeg","contentUrl":"https:\/\/www.fcbarcelonanoticias.com\/en\/wp-content\/uploads\/sites\/2\/2023\/03\/alineacio-n-probable-del-fc-barcelona-contra-el-athletic-club-copy-1.jpeg","width":1200,"height":675},{"@type":"BreadcrumbList","@id":"https:\/\/www.fcbarcelonanoticias.com\/en\/laliga\/athletic-club-fc-barcelona-possible-line-ups-matchday-25-laliga_290377_102.html#breadcrumb","itemListElement":[{"@type":"ListItem","position":1,"name":"Portada","item":"https:\/\/www.fcbarcelonanoticias.com\/en\/"},{"@type":"ListItem","position":2,"name":"Athletic Club-FC Barcelona: The possible line-ups for matchday 25 of LaLiga"}]},{"@type":"WebSite","@id":"https:\/\/www.fcbarcelonanoticias.com\/en\/#website","url":"https:\/\/www.fcbarcelonanoticias.com\/en\/","name":"EN - FC Barcelona Noticias","description":"","potentialAction":[{"@type":"SearchAction","target":{"@type":"EntryPoint","urlTemplate":"https:\/\/www.fcbarcelonanoticias.com\/en\/?s={search_term_string}"},"query-input":{"@type":"PropertyValueSpecification","valueRequired":true,"valueName":"search_term_string"}}],"inLanguage":"en-US"}]}},"_links":{"self":[{"href":"https:\/\/www.fcbarcelonanoticias.com\/en\/wp-json\/wp\/v2\/posts\/49405","targetHints":{"allow":["GET"]}}],"collection":[{"href":"https:\/\/www.fcbarcelonanoticias.com\/en\/wp-json\/wp\/v2\/posts"}],"about":[{"href":"https:\/\/www.fcbarcelonanoticias.com\/en\/wp-json\/wp\/v2\/types\/post"}],"replies":[{"embeddable":true,"href":"https:\/\/www.fcbarcelonanoticias.com\/en\/wp-json\/wp\/v2\/comments?post=49405"}],"version-history":[{"count":1,"href":"https:\/\/www.fcbarcelonanoticias.com\/en\/wp-json\/wp\/v2\/posts\/49405\/revisions"}],"predecessor-version":[{"id":114727,"href":"https:\/\/www.fcbarcelonanoticias.com\/en\/wp-json\/wp\/v2\/posts\/49405\/revisions\/114727"}],"wp:featuredmedia":[{"embeddable":true,"href":"https:\/\/www.fcbarcelonanoticias.com\/en\/wp-json\/wp\/v2\/media\/49409"}],"wp:attachment":[{"href":"https:\/\/www.fcbarcelonanoticias.com\/en\/wp-json\/wp\/v2\/media?parent=49405"}],"wp:term":[{"taxonomy":"category","embeddable":true,"href":"https:\/\/www.fcbarcelonanoticias.com\/en\/wp-json\/wp\/v2\/categories?post=49405"},{"taxonomy":"post_tag","embeddable":true,"href":"https:\/\/www.fcbarcelonanoticias.com\/en\/wp-json\/wp\/v2\/tags?post=49405"}],"curies":[{"name":"wp","href":"https:\/\/api.w.org\/{rel}","templated":true}]}}