{"id":49411,"date":"2019-11-23T14:49:00","date_gmt":"2019-11-23T13:49:00","guid":{"rendered":"https:\/\/weisetech.dev\/fc-barcelona-noticias\/en\/arturo-vidal-saviour-goal-confirm-traced-back-barcelona_253343_102\/"},"modified":"2026-04-16T09:19:41","modified_gmt":"2026-04-16T07:19:41","slug":"arturo-vidal-saviour-goal-confirm-traced-back-barcelona_253343_102","status":"publish","type":"post","link":"https:\/\/www.fcbarcelonanoticias.com\/en\/laliga\/arturo-vidal-saviour-goal-confirm-traced-back-barcelona_253343_102.html","title":{"rendered":"Arturo Vidal, saviour: Goal to confirm the traced back of Bar\u00e7a"},"content":{"rendered":"<h2 class=\"wp-block-heading\">Arturo Vidal appeared in the second half to revitalize the Legan\u00e9s-Bar\u00e7a, and he done it. The Chilean scored the goal of the traced back for the FC Barcelona<\/h2>  \r\n<div class=\"article-addons\">\r\n    <a href=\"https:\/\/www.fcbarcelonanoticias.com\/en\/calendar-fc-barcelona.html\"\r\n       target=\"_self\"\r\n       title=\"Calendar of FC Barcelona\"\r\n       class=\"blue-gredient-btn\">\r\n       \r\n        Calendar of FC Barcelona    <\/a>\r\n<\/div>   <p>The FC Barcelona jumped to the terrain of game against the Legan\u00e9s with a forward of gala, formed by <strong>Leo Messi, Luis Su\u00e1rez, Griezmann and Demb\u00e9l\u00e9<\/strong>, but the &#8216;saviour&#8217; of the cul\u00e9s went out from the bench. <strong>Ernesto Valverde gave gone in to Arturo Vidal<\/strong> in the second time, and went the Chilean midfield player <strong>the one who finish marking the goal of the victory of the Bar\u00e7a<\/strong> in Butarque.<\/p>  <p><strong><a data-external=\"1\" href=\"https:\/\/www.fcbarcelonanoticias.com\/goleadores-fc-barcelona-2019-2020.html\" rel=\"follow\" target=\"_self\" title=\"Cuarto gol de Arturo Vidal en lo que va de la temporada 2019-20\">Fourth goal of Arturo Vidal in what it goes of the season 2019-20<\/a><\/strong>, and the majority of them have been important to the hour to give points to the FC Barcelona in parties complicated. This so much in front of the Legan\u00e9s, this yes, arrived with <strong>something of controversy that was solved thanks to the intervention of the VAR<\/strong>. And it is that the Chilean midfield player annotated the target in position of offside, and the judge of line decided to cancel it initially.<\/p>  <p>The collegiate Jaime Latre, however, was very near of the played and saw how in reality <strong>was one of the players of the Legan\u00e9s, Rub\u00e9n P\u00e9rez, the one who touched the balloon <\/strong>and enabled to Arturo Vidal. The VAR confirmed that the Chilean had finished in statutory position, and finish giving validity to a target that, in the minute 79, confirmed the traced back cul\u00e9 in Butarque.<\/p>  <p>Arturo Vidal, of this form, <strong>took out to the FC Barcelona of a new difficulty out of house<\/strong>, splitting of the base that the Barcelona group practised a grey game and did not shine in any moment. <strong>Hardly it had of opportunities of<\/strong>goal , and was thanks to the unemployed balloon and to the tarpaulin of Luis Su\u00e1rez and the Chilean midfield player that achieved to take out the party forward.<\/p>  <h3>Arturo Vidal follows winning the minutes in the Bar\u00e7a<\/h3>  <p>It concerns the fact, besides, that <strong>Arturo Vidal already carry the same goals that Antoine Griezmann in the Barcelona staff<\/strong>. Good work of the Chilean, definitely, but very poor the one of the rest of effective of the Barcelona attack, that are leaving very alone to <strong>Leo Messi and Luis Su\u00e1rez<\/strong> in this facet.<\/p>  <p>Regarding Arturo Vidal, by the way, since it went in to the field in the second half did it everything well, by what without place to doubts has a lot of ballots to be headline in <strong><a data-external=\"1\" href=\"https:\/\/www.fcbarcelonanoticias.com\/calendario-fcbarcelona.html\" rel=\"follow\" target=\"_self\" title=\"la pr\u00f3xima jornada de Liga Santander contra el Atl\u00e9tico de Madrid\">the next day of League Santander against the Athletic of Madrid<\/a><\/strong>, in Wanda Metropolitan. <strong>Sergio Busquets will not be able to play by accumulation of yellow<\/strong>, by what the presence of the Chilean antoja likely beside <strong>Of Jong and Arthur<\/strong>.<\/p> ","protected":false},"excerpt":{"rendered":"<p>Arturo Vidal appeared in the second half to revitalize the Legan\u00e9s-Bar\u00e7a, and he done it. The Chilean scored the goal of the traced back for the FC Barcelona The FC Barcelona jumped to the terrain of game against the Legan\u00e9s with a forward of gala, formed by Leo Messi, Luis Su\u00e1rez, Griezmann and Demb\u00e9l\u00e9, but [&hellip;]<\/p>\n","protected":false},"author":392,"featured_media":49414,"comment_status":"closed","ping_status":"open","sticky":false,"template":"","format":"standard","meta":{"_acf_changed":false,"inline_featured_image":false,"_nextfly_llmd_date_locked":false,"footnotes":""},"categories":[114,448],"tags":[159,56],"class_list":["post-49411","post","type-post","status-publish","format-standard","has-post-thumbnail","hentry","category-laliga","category-laliga-2","tag-arturo-vidal","tag-leganes"],"acf":[],"yoast_head":"<!-- This site is optimized with the Yoast SEO plugin v27.3 - https:\/\/yoast.com\/product\/yoast-seo-wordpress\/ -->\n<title>Arturo Vidal, saviour: Goal to confirm the traced back of Bar\u00e7a<\/title>\n<meta name=\"description\" content=\"Arturo Vidal appeared in the second half to revitalize the Legan\u00e9s-Bar\u00e7a, and he done it. The Chilean scored the goal of the traced back for the FC Barcelona\" \/>\n<meta name=\"robots\" content=\"index, follow, max-snippet:-1, max-image-preview:large, max-video-preview:-1\" \/>\n<link rel=\"canonical\" href=\"https:\/\/www.fcbarcelonanoticias.com\/en\/laliga\/arturo-vidal-saviour-goal-confirm-traced-back-barcelona_253343_102.html\" \/>\n<meta property=\"og:locale\" content=\"en_US\" \/>\n<meta property=\"og:type\" content=\"article\" \/>\n<meta property=\"og:title\" content=\"Arturo Vidal, saviour: Goal to confirm the traced back of Bar\u00e7a\" \/>\n<meta property=\"og:description\" content=\"Arturo Vidal appeared in the second half to revitalize the Legan\u00e9s-Bar\u00e7a, and he done it. The Chilean scored the goal of the traced back for the FC Barcelona\" \/>\n<meta property=\"og:url\" content=\"https:\/\/www.fcbarcelonanoticias.com\/en\/laliga\/arturo-vidal-saviour-goal-confirm-traced-back-barcelona_253343_102.html\" \/>\n<meta property=\"og:site_name\" content=\"EN - FC Barcelona Noticias\" \/>\n<meta property=\"article:published_time\" content=\"2019-11-23T13:49:00+00:00\" \/>\n<meta property=\"article:modified_time\" content=\"2026-04-16T07:19:41+00:00\" \/>\n<meta property=\"og:image\" content=\"https:\/\/www.fcbarcelonanoticias.com\/en\/wp-content\/uploads\/sites\/2\/2019\/11\/arturo-vidal-gol-leganes.jpeg\" \/>\n\t<meta property=\"og:image:width\" content=\"1200\" \/>\n\t<meta property=\"og:image:height\" content=\"678\" \/>\n\t<meta property=\"og:image:type\" content=\"image\/jpeg\" \/>\n<meta name=\"author\" content=\"user_4048\" \/>\n<meta name=\"twitter:card\" content=\"summary_large_image\" \/>\n<meta name=\"twitter:label1\" content=\"Written by\" \/>\n\t<meta name=\"twitter:data1\" content=\"user_4048\" \/>\n\t<meta name=\"twitter:label2\" content=\"Est. reading time\" \/>\n\t<meta name=\"twitter:data2\" content=\"2 minutes\" \/>\n<script type=\"application\/ld+json\" class=\"yoast-schema-graph\">{\"@context\":\"https:\\\/\\\/schema.org\",\"@graph\":[{\"@type\":\"Article\",\"@id\":\"https:\\\/\\\/www.fcbarcelonanoticias.com\\\/en\\\/laliga\\\/arturo-vidal-saviour-goal-confirm-traced-back-barcelona_253343_102.html#article\",\"isPartOf\":{\"@id\":\"https:\\\/\\\/www.fcbarcelonanoticias.com\\\/en\\\/laliga\\\/arturo-vidal-saviour-goal-confirm-traced-back-barcelona_253343_102.html\"},\"author\":{\"name\":\"user_4048\",\"@id\":\"https:\\\/\\\/www.fcbarcelonanoticias.com\\\/en\\\/#\\\/schema\\\/person\\\/fcdad55cab72b8d0e106d75506783b6d\"},\"headline\":\"Arturo Vidal, saviour: Goal to confirm the traced back of Bar\u00e7a\",\"datePublished\":\"2019-11-23T13:49:00+00:00\",\"dateModified\":\"2026-04-16T07:19:41+00:00\",\"mainEntityOfPage\":{\"@id\":\"https:\\\/\\\/www.fcbarcelonanoticias.com\\\/en\\\/laliga\\\/arturo-vidal-saviour-goal-confirm-traced-back-barcelona_253343_102.html\"},\"wordCount\":483,\"image\":{\"@id\":\"https:\\\/\\\/www.fcbarcelonanoticias.com\\\/en\\\/laliga\\\/arturo-vidal-saviour-goal-confirm-traced-back-barcelona_253343_102.html#primaryimage\"},\"thumbnailUrl\":\"https:\\\/\\\/www.fcbarcelonanoticias.com\\\/en\\\/wp-content\\\/uploads\\\/sites\\\/2\\\/2019\\\/11\\\/arturo-vidal-gol-leganes.jpeg\",\"keywords\":[\"Arturo Vidal\",\"Legan\u00e9s\"],\"articleSection\":[\"LaLiga\",\"LaLiga\"],\"inLanguage\":\"en-US\"},{\"@type\":\"WebPage\",\"@id\":\"https:\\\/\\\/www.fcbarcelonanoticias.com\\\/en\\\/laliga\\\/arturo-vidal-saviour-goal-confirm-traced-back-barcelona_253343_102.html\",\"url\":\"https:\\\/\\\/www.fcbarcelonanoticias.com\\\/en\\\/laliga\\\/arturo-vidal-saviour-goal-confirm-traced-back-barcelona_253343_102.html\",\"name\":\"Arturo Vidal, saviour: Goal to confirm the traced back of Bar\u00e7a\",\"isPartOf\":{\"@id\":\"https:\\\/\\\/www.fcbarcelonanoticias.com\\\/en\\\/#website\"},\"primaryImageOfPage\":{\"@id\":\"https:\\\/\\\/www.fcbarcelonanoticias.com\\\/en\\\/laliga\\\/arturo-vidal-saviour-goal-confirm-traced-back-barcelona_253343_102.html#primaryimage\"},\"image\":{\"@id\":\"https:\\\/\\\/www.fcbarcelonanoticias.com\\\/en\\\/laliga\\\/arturo-vidal-saviour-goal-confirm-traced-back-barcelona_253343_102.html#primaryimage\"},\"thumbnailUrl\":\"https:\\\/\\\/www.fcbarcelonanoticias.com\\\/en\\\/wp-content\\\/uploads\\\/sites\\\/2\\\/2019\\\/11\\\/arturo-vidal-gol-leganes.jpeg\",\"datePublished\":\"2019-11-23T13:49:00+00:00\",\"dateModified\":\"2026-04-16T07:19:41+00:00\",\"author\":{\"@id\":\"https:\\\/\\\/www.fcbarcelonanoticias.com\\\/en\\\/#\\\/schema\\\/person\\\/fcdad55cab72b8d0e106d75506783b6d\"},\"description\":\"Arturo Vidal appeared in the second half to revitalize the Legan\u00e9s-Bar\u00e7a, and he done it. The Chilean scored the goal of the traced back for the FC Barcelona\",\"breadcrumb\":{\"@id\":\"https:\\\/\\\/www.fcbarcelonanoticias.com\\\/en\\\/laliga\\\/arturo-vidal-saviour-goal-confirm-traced-back-barcelona_253343_102.html#breadcrumb\"},\"inLanguage\":\"en-US\",\"potentialAction\":[{\"@type\":\"ReadAction\",\"target\":[\"https:\\\/\\\/www.fcbarcelonanoticias.com\\\/en\\\/laliga\\\/arturo-vidal-saviour-goal-confirm-traced-back-barcelona_253343_102.html\"]}]},{\"@type\":\"ImageObject\",\"inLanguage\":\"en-US\",\"@id\":\"https:\\\/\\\/www.fcbarcelonanoticias.com\\\/en\\\/laliga\\\/arturo-vidal-saviour-goal-confirm-traced-back-barcelona_253343_102.html#primaryimage\",\"url\":\"https:\\\/\\\/www.fcbarcelonanoticias.com\\\/en\\\/wp-content\\\/uploads\\\/sites\\\/2\\\/2019\\\/11\\\/arturo-vidal-gol-leganes.jpeg\",\"contentUrl\":\"https:\\\/\\\/www.fcbarcelonanoticias.com\\\/en\\\/wp-content\\\/uploads\\\/sites\\\/2\\\/2019\\\/11\\\/arturo-vidal-gol-leganes.jpeg\",\"width\":1200,\"height\":678},{\"@type\":\"BreadcrumbList\",\"@id\":\"https:\\\/\\\/www.fcbarcelonanoticias.com\\\/en\\\/laliga\\\/arturo-vidal-saviour-goal-confirm-traced-back-barcelona_253343_102.html#breadcrumb\",\"itemListElement\":[{\"@type\":\"ListItem\",\"position\":1,\"name\":\"Portada\",\"item\":\"https:\\\/\\\/www.fcbarcelonanoticias.com\\\/en\\\/\"},{\"@type\":\"ListItem\",\"position\":2,\"name\":\"Arturo Vidal, saviour: Goal to confirm the traced back of Bar\u00e7a\"}]},{\"@type\":\"WebSite\",\"@id\":\"https:\\\/\\\/www.fcbarcelonanoticias.com\\\/en\\\/#website\",\"url\":\"https:\\\/\\\/www.fcbarcelonanoticias.com\\\/en\\\/\",\"name\":\"EN - FC Barcelona Noticias\",\"description\":\"\",\"potentialAction\":[{\"@type\":\"SearchAction\",\"target\":{\"@type\":\"EntryPoint\",\"urlTemplate\":\"https:\\\/\\\/www.fcbarcelonanoticias.com\\\/en\\\/?s={search_term_string}\"},\"query-input\":{\"@type\":\"PropertyValueSpecification\",\"valueRequired\":true,\"valueName\":\"search_term_string\"}}],\"inLanguage\":\"en-US\"},{\"@type\":\"Person\",\"@id\":\"https:\\\/\\\/www.fcbarcelonanoticias.com\\\/en\\\/#\\\/schema\\\/person\\\/fcdad55cab72b8d0e106d75506783b6d\",\"name\":\"user_4048\",\"image\":{\"@type\":\"ImageObject\",\"inLanguage\":\"en-US\",\"@id\":\"https:\\\/\\\/secure.gravatar.com\\\/avatar\\\/?s=96&d=mm&r=g\",\"url\":\"https:\\\/\\\/secure.gravatar.com\\\/avatar\\\/?s=96&d=mm&r=g\",\"contentUrl\":\"https:\\\/\\\/secure.gravatar.com\\\/avatar\\\/?s=96&d=mm&r=g\",\"caption\":\"user_4048\"},\"url\":\"https:\\\/\\\/www.fcbarcelonanoticias.com\\\/en\\\/user_4048.html\"}]}<\/script>\n<!-- \/ Yoast SEO plugin. -->","yoast_head_json":{"title":"Arturo Vidal, saviour: Goal to confirm the traced back of Bar\u00e7a","description":"Arturo Vidal appeared in the second half to revitalize the Legan\u00e9s-Bar\u00e7a, and he done it. The Chilean scored the goal of the traced back for the FC Barcelona","robots":{"index":"index","follow":"follow","max-snippet":"max-snippet:-1","max-image-preview":"max-image-preview:large","max-video-preview":"max-video-preview:-1"},"canonical":"https:\/\/www.fcbarcelonanoticias.com\/en\/laliga\/arturo-vidal-saviour-goal-confirm-traced-back-barcelona_253343_102.html","og_locale":"en_US","og_type":"article","og_title":"Arturo Vidal, saviour: Goal to confirm the traced back of Bar\u00e7a","og_description":"Arturo Vidal appeared in the second half to revitalize the Legan\u00e9s-Bar\u00e7a, and he done it. The Chilean scored the goal of the traced back for the FC Barcelona","og_url":"https:\/\/www.fcbarcelonanoticias.com\/en\/laliga\/arturo-vidal-saviour-goal-confirm-traced-back-barcelona_253343_102.html","og_site_name":"EN - FC Barcelona Noticias","article_published_time":"2019-11-23T13:49:00+00:00","article_modified_time":"2026-04-16T07:19:41+00:00","og_image":[{"width":1200,"height":678,"url":"https:\/\/www.fcbarcelonanoticias.com\/en\/wp-content\/uploads\/sites\/2\/2019\/11\/arturo-vidal-gol-leganes.jpeg","type":"image\/jpeg"}],"author":"user_4048","twitter_card":"summary_large_image","twitter_misc":{"Written by":"user_4048","Est. reading time":"2 minutes"},"schema":{"@context":"https:\/\/schema.org","@graph":[{"@type":"Article","@id":"https:\/\/www.fcbarcelonanoticias.com\/en\/laliga\/arturo-vidal-saviour-goal-confirm-traced-back-barcelona_253343_102.html#article","isPartOf":{"@id":"https:\/\/www.fcbarcelonanoticias.com\/en\/laliga\/arturo-vidal-saviour-goal-confirm-traced-back-barcelona_253343_102.html"},"author":{"name":"user_4048","@id":"https:\/\/www.fcbarcelonanoticias.com\/en\/#\/schema\/person\/fcdad55cab72b8d0e106d75506783b6d"},"headline":"Arturo Vidal, saviour: Goal to confirm the traced back of Bar\u00e7a","datePublished":"2019-11-23T13:49:00+00:00","dateModified":"2026-04-16T07:19:41+00:00","mainEntityOfPage":{"@id":"https:\/\/www.fcbarcelonanoticias.com\/en\/laliga\/arturo-vidal-saviour-goal-confirm-traced-back-barcelona_253343_102.html"},"wordCount":483,"image":{"@id":"https:\/\/www.fcbarcelonanoticias.com\/en\/laliga\/arturo-vidal-saviour-goal-confirm-traced-back-barcelona_253343_102.html#primaryimage"},"thumbnailUrl":"https:\/\/www.fcbarcelonanoticias.com\/en\/wp-content\/uploads\/sites\/2\/2019\/11\/arturo-vidal-gol-leganes.jpeg","keywords":["Arturo Vidal","Legan\u00e9s"],"articleSection":["LaLiga","LaLiga"],"inLanguage":"en-US"},{"@type":"WebPage","@id":"https:\/\/www.fcbarcelonanoticias.com\/en\/laliga\/arturo-vidal-saviour-goal-confirm-traced-back-barcelona_253343_102.html","url":"https:\/\/www.fcbarcelonanoticias.com\/en\/laliga\/arturo-vidal-saviour-goal-confirm-traced-back-barcelona_253343_102.html","name":"Arturo Vidal, saviour: Goal to confirm the traced back of Bar\u00e7a","isPartOf":{"@id":"https:\/\/www.fcbarcelonanoticias.com\/en\/#website"},"primaryImageOfPage":{"@id":"https:\/\/www.fcbarcelonanoticias.com\/en\/laliga\/arturo-vidal-saviour-goal-confirm-traced-back-barcelona_253343_102.html#primaryimage"},"image":{"@id":"https:\/\/www.fcbarcelonanoticias.com\/en\/laliga\/arturo-vidal-saviour-goal-confirm-traced-back-barcelona_253343_102.html#primaryimage"},"thumbnailUrl":"https:\/\/www.fcbarcelonanoticias.com\/en\/wp-content\/uploads\/sites\/2\/2019\/11\/arturo-vidal-gol-leganes.jpeg","datePublished":"2019-11-23T13:49:00+00:00","dateModified":"2026-04-16T07:19:41+00:00","author":{"@id":"https:\/\/www.fcbarcelonanoticias.com\/en\/#\/schema\/person\/fcdad55cab72b8d0e106d75506783b6d"},"description":"Arturo Vidal appeared in the second half to revitalize the Legan\u00e9s-Bar\u00e7a, and he done it. The Chilean scored the goal of the traced back for the FC Barcelona","breadcrumb":{"@id":"https:\/\/www.fcbarcelonanoticias.com\/en\/laliga\/arturo-vidal-saviour-goal-confirm-traced-back-barcelona_253343_102.html#breadcrumb"},"inLanguage":"en-US","potentialAction":[{"@type":"ReadAction","target":["https:\/\/www.fcbarcelonanoticias.com\/en\/laliga\/arturo-vidal-saviour-goal-confirm-traced-back-barcelona_253343_102.html"]}]},{"@type":"ImageObject","inLanguage":"en-US","@id":"https:\/\/www.fcbarcelonanoticias.com\/en\/laliga\/arturo-vidal-saviour-goal-confirm-traced-back-barcelona_253343_102.html#primaryimage","url":"https:\/\/www.fcbarcelonanoticias.com\/en\/wp-content\/uploads\/sites\/2\/2019\/11\/arturo-vidal-gol-leganes.jpeg","contentUrl":"https:\/\/www.fcbarcelonanoticias.com\/en\/wp-content\/uploads\/sites\/2\/2019\/11\/arturo-vidal-gol-leganes.jpeg","width":1200,"height":678},{"@type":"BreadcrumbList","@id":"https:\/\/www.fcbarcelonanoticias.com\/en\/laliga\/arturo-vidal-saviour-goal-confirm-traced-back-barcelona_253343_102.html#breadcrumb","itemListElement":[{"@type":"ListItem","position":1,"name":"Portada","item":"https:\/\/www.fcbarcelonanoticias.com\/en\/"},{"@type":"ListItem","position":2,"name":"Arturo Vidal, saviour: Goal to confirm the traced back of Bar\u00e7a"}]},{"@type":"WebSite","@id":"https:\/\/www.fcbarcelonanoticias.com\/en\/#website","url":"https:\/\/www.fcbarcelonanoticias.com\/en\/","name":"EN - FC Barcelona Noticias","description":"","potentialAction":[{"@type":"SearchAction","target":{"@type":"EntryPoint","urlTemplate":"https:\/\/www.fcbarcelonanoticias.com\/en\/?s={search_term_string}"},"query-input":{"@type":"PropertyValueSpecification","valueRequired":true,"valueName":"search_term_string"}}],"inLanguage":"en-US"},{"@type":"Person","@id":"https:\/\/www.fcbarcelonanoticias.com\/en\/#\/schema\/person\/fcdad55cab72b8d0e106d75506783b6d","name":"user_4048","image":{"@type":"ImageObject","inLanguage":"en-US","@id":"https:\/\/secure.gravatar.com\/avatar\/?s=96&d=mm&r=g","url":"https:\/\/secure.gravatar.com\/avatar\/?s=96&d=mm&r=g","contentUrl":"https:\/\/secure.gravatar.com\/avatar\/?s=96&d=mm&r=g","caption":"user_4048"},"url":"https:\/\/www.fcbarcelonanoticias.com\/en\/user_4048.html"}]}},"_links":{"self":[{"href":"https:\/\/www.fcbarcelonanoticias.com\/en\/wp-json\/wp\/v2\/posts\/49411","targetHints":{"allow":["GET"]}}],"collection":[{"href":"https:\/\/www.fcbarcelonanoticias.com\/en\/wp-json\/wp\/v2\/posts"}],"about":[{"href":"https:\/\/www.fcbarcelonanoticias.com\/en\/wp-json\/wp\/v2\/types\/post"}],"author":[{"embeddable":true,"href":"https:\/\/www.fcbarcelonanoticias.com\/en\/wp-json\/wp\/v2\/users\/392"}],"replies":[{"embeddable":true,"href":"https:\/\/www.fcbarcelonanoticias.com\/en\/wp-json\/wp\/v2\/comments?post=49411"}],"version-history":[{"count":4,"href":"https:\/\/www.fcbarcelonanoticias.com\/en\/wp-json\/wp\/v2\/posts\/49411\/revisions"}],"predecessor-version":[{"id":172107,"href":"https:\/\/www.fcbarcelonanoticias.com\/en\/wp-json\/wp\/v2\/posts\/49411\/revisions\/172107"}],"wp:featuredmedia":[{"embeddable":true,"href":"https:\/\/www.fcbarcelonanoticias.com\/en\/wp-json\/wp\/v2\/media\/49414"}],"wp:attachment":[{"href":"https:\/\/www.fcbarcelonanoticias.com\/en\/wp-json\/wp\/v2\/media?parent=49411"}],"wp:term":[{"taxonomy":"category","embeddable":true,"href":"https:\/\/www.fcbarcelonanoticias.com\/en\/wp-json\/wp\/v2\/categories?post=49411"},{"taxonomy":"post_tag","embeddable":true,"href":"https:\/\/www.fcbarcelonanoticias.com\/en\/wp-json\/wp\/v2\/tags?post=49411"}],"curies":[{"name":"wp","href":"https:\/\/api.w.org\/{rel}","templated":true}]}}