{"id":49456,"date":"2023-03-12T19:42:00","date_gmt":"2023-03-12T18:42:00","guid":{"rendered":"https:\/\/weisetech.dev\/fc-barcelona-noticias\/en\/athletic-club-fc-barcelona-line-ups-matchday-25-laliga-santander-2022-2023_290463_102\/"},"modified":"2023-03-12T19:52:00","modified_gmt":"2023-03-12T18:52:00","slug":"athletic-club-fc-barcelona-line-ups-matchday-25-laliga-santander-2022-2023_290463_102","status":"publish","type":"post","link":"https:\/\/www.fcbarcelonanoticias.com\/en\/laliga\/athletic-club-fc-barcelona-line-ups-matchday-25-laliga-santander-2022-2023_290463_102.html","title":{"rendered":"Athletic Club-FC Barcelona: Line-ups for matchday 25 of LaLiga Santander 2022-2023"},"content":{"rendered":"<h2 class=\"wp-block-heading\">Xavi Hern\u00e1ndez has already revealed the line-up with which FC Barcelona will face Athletic Club, in San Mam\u00e9s from 9:00 p.m. (CET), for the twenty-fifth day of LaLiga Santander 2022-2023. This is Bar\u00e7a&#8217;s XI: Ter Stegen; Roberto, Kound\u00e9, Christensen, Alejandro Balde; Sergio Busquets, Frenkie De Jong, Gavi; Raphinha, Robert Lewandowski and Ferran<\/h2>  \r\n<div class=\"article-addons\">\r\n    <a href=\"https:\/\/www.fcbarcelonanoticias.com\/en\/calendar-fc-barcelona.html\"\r\n       target=\"_self\"\r\n       title=\"Calendar of FC Barcelona\"\r\n       class=\"blue-gredient-btn\">\r\n       \r\n        Calendar of FC Barcelona    <\/a>\r\n<\/div>   <p>The FC Barcelona returns to the action in LaLiga Santander, after a week of &#8216;rest&#8217;. <a data-external=\"0\" data-intl-links-en=\"https:\/\/www.fcbarcelonanoticias.com\/en\/laliga\/athletic-club-fc-barcelona-on-tv-when-where-to-watch-laliga-match_290374_102.html\" data-intl-links-es=\"https:\/\/www.fcbarcelonanoticias.com\/laliga\/athletic-club-fc-barcelona-en-tv-cuando-donde-ver-partido-laliga_290374_102.html\" href=\"https:\/\/www.fcbarcelonanoticias.com\/en\/laliga\/athletic-club-fc-barcelona-on-tv-when-where-to-watch-laliga-match_290374_102.html\" rel=\"follow\" target=\"_self\" title=\"Athletic Club vs FC Barcelona en Televisi\u00f3n: Cu\u00e1ndo y d\u00f3nde ver el partido\">The ones of Xavi Hern\u00e1ndez will live, from the 21:00 hours (CET), his second &#8216;final&#8217; of the month of March<\/a> to direct the domestic title, in front of <strong>an Athletic Club that has sinned by irregularity in this 2023 and that has added three &#8216;pricks&#8217; followed,<\/strong> but that still has opportunity of colarse in European places.<\/p>  <p>The Barcelona come of two consecutive victories, in <a data-external=\"0\" data-intl-links-en=\"https:\/\/www.fcbarcelonanoticias.com\/en\/results-fc-barcelona.html\" data-intl-links-es=\"https:\/\/www.fcbarcelonanoticias.com\/resultados-fcbarcelona.html\" href=\"https:\/\/www.fcbarcelonanoticias.com\/en\/results-fc-barcelona.html\" rel=\"follow\" target=\"_self\" title=\"Resultados FC Barcelona\">Glass of the King against the Real Madrid (0-1) and in front of the Valency in the last day (1-0)<\/a>. Although the team has not achieved to show his best offensive version, the defensive solidity has caused that they are where are to day of today.<strong> Against the Athletic, will be paramount that the Bar\u00e7a go back to show a version convincente<\/strong>, especially because avecina the Classical.<\/p>  <p>And it is that in exactly a week the Barcelona picture will receive to the Real Madrid in the Spotify Camp Nou in a party in which it could begin to define LaLiga. <strong>Against the Athletic, the Bar\u00e7a has the opportunity to go back to remain to +9 of the White House<\/strong> and have the possibility of &#8216;sentence&#8217; the championship if they win the Classical, because the distance would be of twelve points. Of there that the visit to Saint Mam\u00e9s was, as little, a final.<\/p>  <h2>Alignments of the Athletic Club-FC Barcelona of LaLiga<\/h2>  <ul> <li> <strong>XI of the Athletic Club: <\/strong>Agirrezabala; Of Marcos, Vivian, I\u00f1igo, Balenziaga; Dani Garc\u00eda, Vesga; Nico, Ra\u00fal Garc\u00eda, Berenguer and I\u00f1aki Williams.<\/li> \t<li> <strong>XI of the FC Barcelona:<\/strong> Ter Stegen; Roberto, Kound\u00e9, Christensen, Alejandro Balde; Sergio Busquets, Frenkie Of Jong, Gavi; Raphinha, Robert Lewandowski and Ferran.<\/li> \t<li> <strong>Bench of the FC Barcelona: <\/strong>Ansu Fati, I\u00f1aki Crag, Marcos Alonso, Jordi Alba, Franck Kessi\u00e9, Eric Garc\u00eda, Pablo Tower, Arnau Tenas and Alarc\u00f3n.<\/li> <\/ul> <p>The FC Barcelona will measure in front of the Athletic <strong>Club with the novelty that Xavi Hern\u00e1ndez has bet for going back to the &#8216;traditional&#8217; 4-3-3 after several weeks playing with four midfield players<\/strong>, especially in the parties more &#8216;big&#8217;. Like this then , they are a few the surprises of the XI Barcelona, beginning with Sergi Roberto that will split by the right side to complete a recognizable defence with Christensen and Jules Kound\u00e9, beside Alejandro Balde in the left.<\/p>  <p>In the medullary<strong>, the trainer of Terrassa has &#8216;dispensed&#8217; of Franck Kessi\u00e9, the one who came playing it practically everything<\/strong>. It has bet by his centre of the most traditional field in front of the absence of Pedri Gonz\u00e1lez, with Sergio Busquets of pivote. Gavi And Frenkie of Jong will split like interiors, whereas in the leading will be Raphinha, by the right, and Ferran Torres, in the left, those that accompany to Robert Lewandowski.<\/p> ","protected":false},"excerpt":{"rendered":"<p>Xavi Hern\u00e1ndez has already revealed the line-up with which FC Barcelona will face Athletic Club, in San Mam\u00e9s from 9:00 p.m. (CET), for the twenty-fifth day of LaLiga Santander 2022-2023. This is Bar\u00e7a&#8217;s XI: Ter Stegen; Roberto, Kound\u00e9, Christensen, Alejandro Balde; Sergio Busquets, Frenkie De Jong, Gavi; Raphinha, Robert Lewandowski and Ferran The FC Barcelona [&hellip;]<\/p>\n","protected":false},"author":0,"featured_media":49457,"comment_status":"closed","ping_status":"open","sticky":false,"template":"","format":"standard","meta":{"_acf_changed":false,"inline_featured_image":false,"_nextfly_llmd_date_locked":false,"footnotes":""},"categories":[448,114],"tags":[81,201],"class_list":["post-49456","post","type-post","status-publish","format-standard","has-post-thumbnail","hentry","category-laliga-2","category-laliga","tag-athletic-de-bilbao","tag-lineups"],"acf":[],"yoast_head":"<!-- This site is optimized with the Yoast SEO plugin v27.3 - https:\/\/yoast.com\/product\/yoast-seo-wordpress\/ -->\n<title>Athletic Club-FC Barcelona: Line-ups for matchday 25 of LaLiga Santander 2022-2023<\/title>\n<meta name=\"description\" content=\"Xavi Hern\u00e1ndez already has revealed the alignment with which the FC Barcelona will confront to the Athletic Club, in Saint Mam\u00e9s from the 21:00 hours (CET), by the twentieth fifth day of LaLiga Santander 2022-2023\" \/>\n<meta name=\"robots\" content=\"index, follow, max-snippet:-1, max-image-preview:large, max-video-preview:-1\" \/>\n<link rel=\"canonical\" href=\"https:\/\/www.fcbarcelonanoticias.com\/en\/laliga\/athletic-club-fc-barcelona-line-ups-matchday-25-laliga-santander-2022-2023_290463_102.html\" \/>\n<meta property=\"og:locale\" content=\"en_US\" \/>\n<meta property=\"og:type\" content=\"article\" \/>\n<meta property=\"og:title\" content=\"Athletic Club-FC Barcelona: Line-ups for matchday 25 of LaLiga Santander 2022-2023\" \/>\n<meta property=\"og:description\" content=\"Xavi Hern\u00e1ndez already has revealed the alignment with which the FC Barcelona will confront to the Athletic Club, in Saint Mam\u00e9s from the 21:00 hours (CET), by the twentieth fifth day of LaLiga Santander 2022-2023\" \/>\n<meta property=\"og:url\" content=\"https:\/\/www.fcbarcelonanoticias.com\/en\/laliga\/athletic-club-fc-barcelona-line-ups-matchday-25-laliga-santander-2022-2023_290463_102.html\" \/>\n<meta property=\"og:site_name\" content=\"EN - FC Barcelona Noticias\" \/>\n<meta property=\"article:published_time\" content=\"2023-03-12T18:42:00+00:00\" \/>\n<meta property=\"article:modified_time\" content=\"2023-03-12T18:52:00+00:00\" \/>\n<meta property=\"og:image\" content=\"https:\/\/www.fcbarcelonanoticias.com\/en\/wp-content\/uploads\/sites\/2\/2023\/03\/alineacio-n-del-fc-barcelona-vs-athletic-club-copy.jpeg\" \/>\n\t<meta property=\"og:image:width\" content=\"1200\" \/>\n\t<meta property=\"og:image:height\" content=\"675\" \/>\n\t<meta property=\"og:image:type\" content=\"image\/jpeg\" \/>\n<meta name=\"twitter:card\" content=\"summary_large_image\" \/>\n<meta name=\"twitter:label1\" content=\"Est. reading time\" \/>\n\t<meta name=\"twitter:data1\" content=\"3 minutes\" \/>\n<script type=\"application\/ld+json\" class=\"yoast-schema-graph\">{\"@context\":\"https:\\\/\\\/schema.org\",\"@graph\":[{\"@type\":\"Article\",\"@id\":\"https:\\\/\\\/www.fcbarcelonanoticias.com\\\/en\\\/laliga\\\/athletic-club-fc-barcelona-line-ups-matchday-25-laliga-santander-2022-2023_290463_102.html#article\",\"isPartOf\":{\"@id\":\"https:\\\/\\\/www.fcbarcelonanoticias.com\\\/en\\\/laliga\\\/athletic-club-fc-barcelona-line-ups-matchday-25-laliga-santander-2022-2023_290463_102.html\"},\"author\":{\"name\":\"\",\"@id\":\"\"},\"headline\":\"Athletic Club-FC Barcelona: Line-ups for matchday 25 of LaLiga Santander 2022-2023\",\"datePublished\":\"2023-03-12T18:42:00+00:00\",\"dateModified\":\"2023-03-12T18:52:00+00:00\",\"mainEntityOfPage\":{\"@id\":\"https:\\\/\\\/www.fcbarcelonanoticias.com\\\/en\\\/laliga\\\/athletic-club-fc-barcelona-line-ups-matchday-25-laliga-santander-2022-2023_290463_102.html\"},\"wordCount\":540,\"image\":{\"@id\":\"https:\\\/\\\/www.fcbarcelonanoticias.com\\\/en\\\/laliga\\\/athletic-club-fc-barcelona-line-ups-matchday-25-laliga-santander-2022-2023_290463_102.html#primaryimage\"},\"thumbnailUrl\":\"https:\\\/\\\/www.fcbarcelonanoticias.com\\\/en\\\/wp-content\\\/uploads\\\/sites\\\/2\\\/2023\\\/03\\\/alineacio-n-del-fc-barcelona-vs-athletic-club-copy.jpeg\",\"keywords\":[\"Athletic de Bilbao\",\"FC Barcelona Lineups\"],\"articleSection\":[\"LaLiga\",\"LaLiga\"],\"inLanguage\":\"en-US\"},{\"@type\":\"WebPage\",\"@id\":\"https:\\\/\\\/www.fcbarcelonanoticias.com\\\/en\\\/laliga\\\/athletic-club-fc-barcelona-line-ups-matchday-25-laliga-santander-2022-2023_290463_102.html\",\"url\":\"https:\\\/\\\/www.fcbarcelonanoticias.com\\\/en\\\/laliga\\\/athletic-club-fc-barcelona-line-ups-matchday-25-laliga-santander-2022-2023_290463_102.html\",\"name\":\"Athletic Club-FC Barcelona: Line-ups for matchday 25 of LaLiga Santander 2022-2023\",\"isPartOf\":{\"@id\":\"https:\\\/\\\/www.fcbarcelonanoticias.com\\\/en\\\/#website\"},\"primaryImageOfPage\":{\"@id\":\"https:\\\/\\\/www.fcbarcelonanoticias.com\\\/en\\\/laliga\\\/athletic-club-fc-barcelona-line-ups-matchday-25-laliga-santander-2022-2023_290463_102.html#primaryimage\"},\"image\":{\"@id\":\"https:\\\/\\\/www.fcbarcelonanoticias.com\\\/en\\\/laliga\\\/athletic-club-fc-barcelona-line-ups-matchday-25-laliga-santander-2022-2023_290463_102.html#primaryimage\"},\"thumbnailUrl\":\"https:\\\/\\\/www.fcbarcelonanoticias.com\\\/en\\\/wp-content\\\/uploads\\\/sites\\\/2\\\/2023\\\/03\\\/alineacio-n-del-fc-barcelona-vs-athletic-club-copy.jpeg\",\"datePublished\":\"2023-03-12T18:42:00+00:00\",\"dateModified\":\"2023-03-12T18:52:00+00:00\",\"author\":{\"@id\":\"\"},\"description\":\"Xavi Hern\u00e1ndez already has revealed the alignment with which the FC Barcelona will confront to the Athletic Club, in Saint Mam\u00e9s from the 21:00 hours (CET), by the twentieth fifth day of LaLiga Santander 2022-2023\",\"breadcrumb\":{\"@id\":\"https:\\\/\\\/www.fcbarcelonanoticias.com\\\/en\\\/laliga\\\/athletic-club-fc-barcelona-line-ups-matchday-25-laliga-santander-2022-2023_290463_102.html#breadcrumb\"},\"inLanguage\":\"en-US\",\"potentialAction\":[{\"@type\":\"ReadAction\",\"target\":[\"https:\\\/\\\/www.fcbarcelonanoticias.com\\\/en\\\/laliga\\\/athletic-club-fc-barcelona-line-ups-matchday-25-laliga-santander-2022-2023_290463_102.html\"]}]},{\"@type\":\"ImageObject\",\"inLanguage\":\"en-US\",\"@id\":\"https:\\\/\\\/www.fcbarcelonanoticias.com\\\/en\\\/laliga\\\/athletic-club-fc-barcelona-line-ups-matchday-25-laliga-santander-2022-2023_290463_102.html#primaryimage\",\"url\":\"https:\\\/\\\/www.fcbarcelonanoticias.com\\\/en\\\/wp-content\\\/uploads\\\/sites\\\/2\\\/2023\\\/03\\\/alineacio-n-del-fc-barcelona-vs-athletic-club-copy.jpeg\",\"contentUrl\":\"https:\\\/\\\/www.fcbarcelonanoticias.com\\\/en\\\/wp-content\\\/uploads\\\/sites\\\/2\\\/2023\\\/03\\\/alineacio-n-del-fc-barcelona-vs-athletic-club-copy.jpeg\",\"width\":1200,\"height\":675},{\"@type\":\"BreadcrumbList\",\"@id\":\"https:\\\/\\\/www.fcbarcelonanoticias.com\\\/en\\\/laliga\\\/athletic-club-fc-barcelona-line-ups-matchday-25-laliga-santander-2022-2023_290463_102.html#breadcrumb\",\"itemListElement\":[{\"@type\":\"ListItem\",\"position\":1,\"name\":\"Portada\",\"item\":\"https:\\\/\\\/www.fcbarcelonanoticias.com\\\/en\\\/\"},{\"@type\":\"ListItem\",\"position\":2,\"name\":\"Athletic Club-FC Barcelona: Line-ups for matchday 25 of LaLiga Santander 2022-2023\"}]},{\"@type\":\"WebSite\",\"@id\":\"https:\\\/\\\/www.fcbarcelonanoticias.com\\\/en\\\/#website\",\"url\":\"https:\\\/\\\/www.fcbarcelonanoticias.com\\\/en\\\/\",\"name\":\"EN - FC Barcelona Noticias\",\"description\":\"\",\"potentialAction\":[{\"@type\":\"SearchAction\",\"target\":{\"@type\":\"EntryPoint\",\"urlTemplate\":\"https:\\\/\\\/www.fcbarcelonanoticias.com\\\/en\\\/?s={search_term_string}\"},\"query-input\":{\"@type\":\"PropertyValueSpecification\",\"valueRequired\":true,\"valueName\":\"search_term_string\"}}],\"inLanguage\":\"en-US\"}]}<\/script>\n<!-- \/ Yoast SEO plugin. -->","yoast_head_json":{"title":"Athletic Club-FC Barcelona: Line-ups for matchday 25 of LaLiga Santander 2022-2023","description":"Xavi Hern\u00e1ndez already has revealed the alignment with which the FC Barcelona will confront to the Athletic Club, in Saint Mam\u00e9s from the 21:00 hours (CET), by the twentieth fifth day of LaLiga Santander 2022-2023","robots":{"index":"index","follow":"follow","max-snippet":"max-snippet:-1","max-image-preview":"max-image-preview:large","max-video-preview":"max-video-preview:-1"},"canonical":"https:\/\/www.fcbarcelonanoticias.com\/en\/laliga\/athletic-club-fc-barcelona-line-ups-matchday-25-laliga-santander-2022-2023_290463_102.html","og_locale":"en_US","og_type":"article","og_title":"Athletic Club-FC Barcelona: Line-ups for matchday 25 of LaLiga Santander 2022-2023","og_description":"Xavi Hern\u00e1ndez already has revealed the alignment with which the FC Barcelona will confront to the Athletic Club, in Saint Mam\u00e9s from the 21:00 hours (CET), by the twentieth fifth day of LaLiga Santander 2022-2023","og_url":"https:\/\/www.fcbarcelonanoticias.com\/en\/laliga\/athletic-club-fc-barcelona-line-ups-matchday-25-laliga-santander-2022-2023_290463_102.html","og_site_name":"EN - FC Barcelona Noticias","article_published_time":"2023-03-12T18:42:00+00:00","article_modified_time":"2023-03-12T18:52:00+00:00","og_image":[{"width":1200,"height":675,"url":"https:\/\/www.fcbarcelonanoticias.com\/en\/wp-content\/uploads\/sites\/2\/2023\/03\/alineacio-n-del-fc-barcelona-vs-athletic-club-copy.jpeg","type":"image\/jpeg"}],"twitter_card":"summary_large_image","twitter_misc":{"Est. reading time":"3 minutes"},"schema":{"@context":"https:\/\/schema.org","@graph":[{"@type":"Article","@id":"https:\/\/www.fcbarcelonanoticias.com\/en\/laliga\/athletic-club-fc-barcelona-line-ups-matchday-25-laliga-santander-2022-2023_290463_102.html#article","isPartOf":{"@id":"https:\/\/www.fcbarcelonanoticias.com\/en\/laliga\/athletic-club-fc-barcelona-line-ups-matchday-25-laliga-santander-2022-2023_290463_102.html"},"author":{"name":"","@id":""},"headline":"Athletic Club-FC Barcelona: Line-ups for matchday 25 of LaLiga Santander 2022-2023","datePublished":"2023-03-12T18:42:00+00:00","dateModified":"2023-03-12T18:52:00+00:00","mainEntityOfPage":{"@id":"https:\/\/www.fcbarcelonanoticias.com\/en\/laliga\/athletic-club-fc-barcelona-line-ups-matchday-25-laliga-santander-2022-2023_290463_102.html"},"wordCount":540,"image":{"@id":"https:\/\/www.fcbarcelonanoticias.com\/en\/laliga\/athletic-club-fc-barcelona-line-ups-matchday-25-laliga-santander-2022-2023_290463_102.html#primaryimage"},"thumbnailUrl":"https:\/\/www.fcbarcelonanoticias.com\/en\/wp-content\/uploads\/sites\/2\/2023\/03\/alineacio-n-del-fc-barcelona-vs-athletic-club-copy.jpeg","keywords":["Athletic de Bilbao","FC Barcelona Lineups"],"articleSection":["LaLiga","LaLiga"],"inLanguage":"en-US"},{"@type":"WebPage","@id":"https:\/\/www.fcbarcelonanoticias.com\/en\/laliga\/athletic-club-fc-barcelona-line-ups-matchday-25-laliga-santander-2022-2023_290463_102.html","url":"https:\/\/www.fcbarcelonanoticias.com\/en\/laliga\/athletic-club-fc-barcelona-line-ups-matchday-25-laliga-santander-2022-2023_290463_102.html","name":"Athletic Club-FC Barcelona: Line-ups for matchday 25 of LaLiga Santander 2022-2023","isPartOf":{"@id":"https:\/\/www.fcbarcelonanoticias.com\/en\/#website"},"primaryImageOfPage":{"@id":"https:\/\/www.fcbarcelonanoticias.com\/en\/laliga\/athletic-club-fc-barcelona-line-ups-matchday-25-laliga-santander-2022-2023_290463_102.html#primaryimage"},"image":{"@id":"https:\/\/www.fcbarcelonanoticias.com\/en\/laliga\/athletic-club-fc-barcelona-line-ups-matchday-25-laliga-santander-2022-2023_290463_102.html#primaryimage"},"thumbnailUrl":"https:\/\/www.fcbarcelonanoticias.com\/en\/wp-content\/uploads\/sites\/2\/2023\/03\/alineacio-n-del-fc-barcelona-vs-athletic-club-copy.jpeg","datePublished":"2023-03-12T18:42:00+00:00","dateModified":"2023-03-12T18:52:00+00:00","author":{"@id":""},"description":"Xavi Hern\u00e1ndez already has revealed the alignment with which the FC Barcelona will confront to the Athletic Club, in Saint Mam\u00e9s from the 21:00 hours (CET), by the twentieth fifth day of LaLiga Santander 2022-2023","breadcrumb":{"@id":"https:\/\/www.fcbarcelonanoticias.com\/en\/laliga\/athletic-club-fc-barcelona-line-ups-matchday-25-laliga-santander-2022-2023_290463_102.html#breadcrumb"},"inLanguage":"en-US","potentialAction":[{"@type":"ReadAction","target":["https:\/\/www.fcbarcelonanoticias.com\/en\/laliga\/athletic-club-fc-barcelona-line-ups-matchday-25-laliga-santander-2022-2023_290463_102.html"]}]},{"@type":"ImageObject","inLanguage":"en-US","@id":"https:\/\/www.fcbarcelonanoticias.com\/en\/laliga\/athletic-club-fc-barcelona-line-ups-matchday-25-laliga-santander-2022-2023_290463_102.html#primaryimage","url":"https:\/\/www.fcbarcelonanoticias.com\/en\/wp-content\/uploads\/sites\/2\/2023\/03\/alineacio-n-del-fc-barcelona-vs-athletic-club-copy.jpeg","contentUrl":"https:\/\/www.fcbarcelonanoticias.com\/en\/wp-content\/uploads\/sites\/2\/2023\/03\/alineacio-n-del-fc-barcelona-vs-athletic-club-copy.jpeg","width":1200,"height":675},{"@type":"BreadcrumbList","@id":"https:\/\/www.fcbarcelonanoticias.com\/en\/laliga\/athletic-club-fc-barcelona-line-ups-matchday-25-laliga-santander-2022-2023_290463_102.html#breadcrumb","itemListElement":[{"@type":"ListItem","position":1,"name":"Portada","item":"https:\/\/www.fcbarcelonanoticias.com\/en\/"},{"@type":"ListItem","position":2,"name":"Athletic Club-FC Barcelona: Line-ups for matchday 25 of LaLiga Santander 2022-2023"}]},{"@type":"WebSite","@id":"https:\/\/www.fcbarcelonanoticias.com\/en\/#website","url":"https:\/\/www.fcbarcelonanoticias.com\/en\/","name":"EN - FC Barcelona Noticias","description":"","potentialAction":[{"@type":"SearchAction","target":{"@type":"EntryPoint","urlTemplate":"https:\/\/www.fcbarcelonanoticias.com\/en\/?s={search_term_string}"},"query-input":{"@type":"PropertyValueSpecification","valueRequired":true,"valueName":"search_term_string"}}],"inLanguage":"en-US"}]}},"_links":{"self":[{"href":"https:\/\/www.fcbarcelonanoticias.com\/en\/wp-json\/wp\/v2\/posts\/49456","targetHints":{"allow":["GET"]}}],"collection":[{"href":"https:\/\/www.fcbarcelonanoticias.com\/en\/wp-json\/wp\/v2\/posts"}],"about":[{"href":"https:\/\/www.fcbarcelonanoticias.com\/en\/wp-json\/wp\/v2\/types\/post"}],"replies":[{"embeddable":true,"href":"https:\/\/www.fcbarcelonanoticias.com\/en\/wp-json\/wp\/v2\/comments?post=49456"}],"version-history":[{"count":1,"href":"https:\/\/www.fcbarcelonanoticias.com\/en\/wp-json\/wp\/v2\/posts\/49456\/revisions"}],"predecessor-version":[{"id":114585,"href":"https:\/\/www.fcbarcelonanoticias.com\/en\/wp-json\/wp\/v2\/posts\/49456\/revisions\/114585"}],"wp:featuredmedia":[{"embeddable":true,"href":"https:\/\/www.fcbarcelonanoticias.com\/en\/wp-json\/wp\/v2\/media\/49457"}],"wp:attachment":[{"href":"https:\/\/www.fcbarcelonanoticias.com\/en\/wp-json\/wp\/v2\/media?parent=49456"}],"wp:term":[{"taxonomy":"category","embeddable":true,"href":"https:\/\/www.fcbarcelonanoticias.com\/en\/wp-json\/wp\/v2\/categories?post=49456"},{"taxonomy":"post_tag","embeddable":true,"href":"https:\/\/www.fcbarcelonanoticias.com\/en\/wp-json\/wp\/v2\/tags?post=49456"}],"curies":[{"name":"wp","href":"https:\/\/api.w.org\/{rel}","templated":true}]}}