{"id":49657,"date":"2025-03-18T19:58:00","date_gmt":"2025-03-18T18:58:00","guid":{"rendered":"https:\/\/weisetech.dev\/fc-barcelona-noticias\/en\/barca-clings-to-madrid-precedent-to-change-the-date-of-the-match-against-osasuna_311569_102\/"},"modified":"2025-03-18T19:58:00","modified_gmt":"2025-03-18T18:58:00","slug":"barca-clings-to-madrid-precedent-to-change-the-date-of-the-match-against-osasuna_311569_102","status":"publish","type":"post","link":"https:\/\/www.fcbarcelonanoticias.com\/en\/laliga\/barca-clings-to-madrid-precedent-to-change-the-date-of-the-match-against-osasuna_311569_102.html","title":{"rendered":"Bar\u00e7a clings to a Madrid precedent to change the date of the match against Osasuna"},"content":{"rendered":"<h2 class=\"wp-block-heading\">FC Barcelona is holding onto a precedent from Real Madrid to avoid playing on March 27 against Osasuna. Both clubs want to play the match between matchdays 37 and 38 of LaLiga<\/h2>  \r\n<div class=\"article-addons\">\r\n    <a href=\"https:\/\/www.fcbarcelonanoticias.com\/en\/calendar-fc-barcelona.html\"\r\n       target=\"_self\"\r\n       title=\"Calendar of FC Barcelona\"\r\n       class=\"blue-gredient-btn\">\r\n       \r\n        Calendar of FC Barcelona    <\/a>\r\n<\/div>   <p>The controversy over the pending match between <strong>FC Barcelona<\/strong> and <strong>Osasuna<\/strong> for matchday 27 of LaLiga EA Sports is heating up and spreading. The RFEF has established that the match will take place next Thursday, March 27, disregarding the requests from both teams. On that date, <a data-external=\"0\" data-intl-links-en=\"https:\/\/www.fcbarcelonanoticias.com\/en\/football\/barca-could-count-on-raphinha-and-araujo-for-the-match-against-osasuna-on-march-27-how-would-it-be-possible_311555_102.html\" data-intl-links-es=\"https:\/\/www.fcbarcelonanoticias.com\/futbol\/barca-podria-contar-con-raphinha-araujo-en-duelo-contra-osasuna-27-marzo-como-seria-posible_311555_102.html\" href=\"https:\/\/www.fcbarcelonanoticias.com\/en\/football\/barca-could-count-on-raphinha-and-araujo-for-the-match-against-osasuna-on-march-27-how-would-it-be-possible_311555_102.html\" rel=\"follow\" target=\"_self\" title=\"Bar\u00e7a could count on Raphinha and Araujo in the match against Osasuna on March 27: How would it be possible?\">the Catalans could be without up to 5 first-team players<\/a> (Raphinha, Araujo, Ferm\u00edn, Pablo Torre, and Gerard Mart\u00edn), while the rojillos would have to visit Athletic Club on Friday the 28th, less than 24 hours later. A total chaos.<\/p>  <p>For this reason, the Blaugrana entity is preparing the appeal that it will send to the Appeals Committee <a data-external=\"0\" data-intl-links-en=\"https:\/\/www.fcbarcelonanoticias.com\/en\/laliga\/barca-rebels-problems-with-the-new-date-for-the-match-against-osasuna_311543_102.html\" data-intl-links-es=\"https:\/\/www.fcbarcelonanoticias.com\/laliga\/el-barca-se-rebela-problemas-con-nueva-fecha-partido-contra-osasuna_311543_102.html\" href=\"https:\/\/www.fcbarcelonanoticias.com\/en\/laliga\/barca-rebels-problems-with-the-new-date-for-the-match-against-osasuna_311543_102.html\" rel=\"follow\" target=\"_self\" title=\"\u00a1El Bar\u00e7a se rebela! Problemas con la nueva fecha del partido contra Osasuna\">to change the match day and avoid it being held on the date set by the Single Judge last Monday<\/a>. The institution will base this request on two main aspects, the first being <strong>the fact of not having the aforementioned players available<\/strong> due to the international matches scheduled for these dates.<\/p>  <h2>The Madrid precedent that Bar\u00e7a is holding onto<\/h2>  <p>Additionally, the Catalans will also emphasize a precedent that justifies holding the match between the last and second-to-last matchday of the championship, which was the main idea of both Bar\u00e7a and Osasuna. In the 2016-2017 season, <strong>Real Madrid played a postponed match against Celta de Vigo between the last two dates of LaLiga<\/strong>, which was a crucial match for the outcome of the tournament.<\/p>  <p>After matchday 37 of that edition of the competition, <strong>both Bar\u00e7a and Madrid were tied at the top of the table with 87 points<\/strong>. Then, Zinedine Zidane&#8217;s team ended up winning at Bala\u00eddos with a resounding 1-4, with a brace from Cristiano Ronaldo, a goal from Kroos, and another from Benzema, adding three points that ultimately were key to winning the league title that the whites lifted.<\/p>  <h2>The stance of the Single Judge<\/h2>  <p>According to &#8216;Marca&#8217;, this case was previously mentioned to the Single Judge, who decided to ignore this request. &#8220;<strong>Setting a date between the last and second-to-last matchday of the Championship is a possibility that this Judge categorically and absolutely rules out<\/strong> because it could cause evident harm to the other clubs competing in the tournament,&#8221; the magistrate stated in his ruling.<\/p>  <p>&#8220;The last two matchdays are held at a unified time, and <strong>this aims to prevent situations of advantage<\/strong> by playing a postponed match knowing in advance the results obtained by competing teams regarding possible access to qualifying spots for the Championship title, European competition spots, relegation, etc.,&#8221; he added.<\/p>  <p>The judge concluded his ruling by stating that &#8220;therefore, moving this match to the second-to-last matchday could undoubtedly <strong>generate competitive disadvantage and uncertainty, being detrimental to all teams involved<\/strong>, and consequently, to the principles and values of the competition itself.&#8221;<\/p>  <p>Ironically, and according to the final determination of the judge, the fact of playing a match without five first-team players and, on the other hand, having to play a league match in less than 24 hours does not constitute any &#8220;<strong>competitive disadvantage and uncertainty<\/strong>. A farce.<\/p>  <p>Meanwhile, FC Barcelona will go to the last instances considering that it is possible to set the match on those dates <strong>and that not always the last two matchdays have been played in a unified calendar as it is not mandatory<\/strong>, holding onto the previously mentioned precedent between Celta and Real Madrid. Now, the ball is in the Appeals Committee&#8217;s court.<\/p> ","protected":false},"excerpt":{"rendered":"<p>FC Barcelona is holding onto a precedent from Real Madrid to avoid playing on March 27 against Osasuna. Both clubs want to play the match between matchdays 37 and 38 of LaLiga The controversy over the pending match between FC Barcelona and Osasuna for matchday 27 of LaLiga EA Sports is heating up and spreading. [&hellip;]<\/p>\n","protected":false},"author":358,"featured_media":114910,"comment_status":"closed","ping_status":"open","sticky":false,"template":"","format":"standard","meta":{"_acf_changed":false,"inline_featured_image":false,"_nextfly_llmd_date_locked":false,"footnotes":""},"categories":[114,448],"tags":[44],"class_list":["post-49657","post","type-post","status-publish","format-standard","has-post-thumbnail","hentry","category-laliga","category-laliga-2","tag-barcelona-vs-osasuna"],"acf":[],"yoast_head":"<!-- This site is optimized with the Yoast SEO plugin v27.3 - https:\/\/yoast.com\/product\/yoast-seo-wordpress\/ -->\n<title>Bar\u00e7a clings to a Madrid precedent to change the date of the match against Osasuna<\/title>\n<meta name=\"description\" content=\"FC Barcelona is holding onto a precedent from Real Madrid to avoid playing on March 27 against Osasuna. Both clubs want to play the match between the matchdays...\" \/>\n<meta name=\"robots\" content=\"index, follow, max-snippet:-1, max-image-preview:large, max-video-preview:-1\" \/>\n<link rel=\"canonical\" href=\"https:\/\/www.fcbarcelonanoticias.com\/en\/laliga\/barca-clings-to-madrid-precedent-to-change-the-date-of-the-match-against-osasuna_311569_102.html\" \/>\n<meta property=\"og:locale\" content=\"en_US\" \/>\n<meta property=\"og:type\" content=\"article\" \/>\n<meta property=\"og:title\" content=\"Bar\u00e7a clings to a Madrid precedent to change the date of the match against Osasuna\" \/>\n<meta property=\"og:description\" content=\"FC Barcelona is holding onto a precedent from Real Madrid to avoid playing on March 27 against Osasuna. Both clubs want to play the match between the matchdays...\" \/>\n<meta property=\"og:url\" content=\"https:\/\/www.fcbarcelonanoticias.com\/en\/laliga\/barca-clings-to-madrid-precedent-to-change-the-date-of-the-match-against-osasuna_311569_102.html\" \/>\n<meta property=\"og:site_name\" content=\"EN - FC Barcelona Noticias\" \/>\n<meta property=\"article:published_time\" content=\"2025-03-18T18:58:00+00:00\" \/>\n<meta property=\"og:image\" content=\"https:\/\/www.fcbarcelonanoticias.com\/en\/wp-content\/uploads\/sites\/2\/2025\/03\/celta-de-vigo-v-real-madrid-cf-la-liga-1-1-1.webp\" \/>\n\t<meta property=\"og:image:width\" content=\"1200\" \/>\n\t<meta property=\"og:image:height\" content=\"675\" \/>\n\t<meta property=\"og:image:type\" content=\"image\/webp\" \/>\n<meta name=\"author\" content=\"Juan Pablo Berdugo\" \/>\n<meta name=\"twitter:card\" content=\"summary_large_image\" \/>\n<meta name=\"twitter:label1\" content=\"Written by\" \/>\n\t<meta name=\"twitter:data1\" content=\"Juan Pablo Berdugo\" \/>\n\t<meta name=\"twitter:label2\" content=\"Est. reading time\" \/>\n\t<meta name=\"twitter:data2\" content=\"3 minutes\" \/>\n<script type=\"application\/ld+json\" class=\"yoast-schema-graph\">{\"@context\":\"https:\\\/\\\/schema.org\",\"@graph\":[{\"@type\":\"Article\",\"@id\":\"https:\\\/\\\/www.fcbarcelonanoticias.com\\\/en\\\/laliga\\\/barca-clings-to-madrid-precedent-to-change-the-date-of-the-match-against-osasuna_311569_102.html#article\",\"isPartOf\":{\"@id\":\"https:\\\/\\\/www.fcbarcelonanoticias.com\\\/en\\\/laliga\\\/barca-clings-to-madrid-precedent-to-change-the-date-of-the-match-against-osasuna_311569_102.html\"},\"author\":{\"name\":\"Juan Pablo Berdugo\",\"@id\":\"https:\\\/\\\/www.fcbarcelonanoticias.com\\\/en\\\/#\\\/schema\\\/person\\\/88d756918a0a1ae9fa593b5edddd1815\"},\"headline\":\"Bar\u00e7a clings to a Madrid precedent to change the date of the match against Osasuna\",\"datePublished\":\"2025-03-18T18:58:00+00:00\",\"mainEntityOfPage\":{\"@id\":\"https:\\\/\\\/www.fcbarcelonanoticias.com\\\/en\\\/laliga\\\/barca-clings-to-madrid-precedent-to-change-the-date-of-the-match-against-osasuna_311569_102.html\"},\"wordCount\":602,\"image\":{\"@id\":\"https:\\\/\\\/www.fcbarcelonanoticias.com\\\/en\\\/laliga\\\/barca-clings-to-madrid-precedent-to-change-the-date-of-the-match-against-osasuna_311569_102.html#primaryimage\"},\"thumbnailUrl\":\"https:\\\/\\\/www.fcbarcelonanoticias.com\\\/en\\\/wp-content\\\/uploads\\\/sites\\\/2\\\/2025\\\/03\\\/celta-de-vigo-v-real-madrid-cf-la-liga-1-1-1.webp\",\"keywords\":[\"FC Barcelona vs Osasuna\"],\"articleSection\":[\"LaLiga\",\"LaLiga\"],\"inLanguage\":\"en-US\"},{\"@type\":\"WebPage\",\"@id\":\"https:\\\/\\\/www.fcbarcelonanoticias.com\\\/en\\\/laliga\\\/barca-clings-to-madrid-precedent-to-change-the-date-of-the-match-against-osasuna_311569_102.html\",\"url\":\"https:\\\/\\\/www.fcbarcelonanoticias.com\\\/en\\\/laliga\\\/barca-clings-to-madrid-precedent-to-change-the-date-of-the-match-against-osasuna_311569_102.html\",\"name\":\"Bar\u00e7a clings to a Madrid precedent to change the date of the match against Osasuna\",\"isPartOf\":{\"@id\":\"https:\\\/\\\/www.fcbarcelonanoticias.com\\\/en\\\/#website\"},\"primaryImageOfPage\":{\"@id\":\"https:\\\/\\\/www.fcbarcelonanoticias.com\\\/en\\\/laliga\\\/barca-clings-to-madrid-precedent-to-change-the-date-of-the-match-against-osasuna_311569_102.html#primaryimage\"},\"image\":{\"@id\":\"https:\\\/\\\/www.fcbarcelonanoticias.com\\\/en\\\/laliga\\\/barca-clings-to-madrid-precedent-to-change-the-date-of-the-match-against-osasuna_311569_102.html#primaryimage\"},\"thumbnailUrl\":\"https:\\\/\\\/www.fcbarcelonanoticias.com\\\/en\\\/wp-content\\\/uploads\\\/sites\\\/2\\\/2025\\\/03\\\/celta-de-vigo-v-real-madrid-cf-la-liga-1-1-1.webp\",\"datePublished\":\"2025-03-18T18:58:00+00:00\",\"author\":{\"@id\":\"https:\\\/\\\/www.fcbarcelonanoticias.com\\\/en\\\/#\\\/schema\\\/person\\\/88d756918a0a1ae9fa593b5edddd1815\"},\"description\":\"FC Barcelona is holding onto a precedent from Real Madrid to avoid playing on March 27 against Osasuna. Both clubs want to play the match between the matchdays...\",\"breadcrumb\":{\"@id\":\"https:\\\/\\\/www.fcbarcelonanoticias.com\\\/en\\\/laliga\\\/barca-clings-to-madrid-precedent-to-change-the-date-of-the-match-against-osasuna_311569_102.html#breadcrumb\"},\"inLanguage\":\"en-US\",\"potentialAction\":[{\"@type\":\"ReadAction\",\"target\":[\"https:\\\/\\\/www.fcbarcelonanoticias.com\\\/en\\\/laliga\\\/barca-clings-to-madrid-precedent-to-change-the-date-of-the-match-against-osasuna_311569_102.html\"]}]},{\"@type\":\"ImageObject\",\"inLanguage\":\"en-US\",\"@id\":\"https:\\\/\\\/www.fcbarcelonanoticias.com\\\/en\\\/laliga\\\/barca-clings-to-madrid-precedent-to-change-the-date-of-the-match-against-osasuna_311569_102.html#primaryimage\",\"url\":\"https:\\\/\\\/www.fcbarcelonanoticias.com\\\/en\\\/wp-content\\\/uploads\\\/sites\\\/2\\\/2025\\\/03\\\/celta-de-vigo-v-real-madrid-cf-la-liga-1-1-1.webp\",\"contentUrl\":\"https:\\\/\\\/www.fcbarcelonanoticias.com\\\/en\\\/wp-content\\\/uploads\\\/sites\\\/2\\\/2025\\\/03\\\/celta-de-vigo-v-real-madrid-cf-la-liga-1-1-1.webp\",\"width\":1200,\"height\":675},{\"@type\":\"BreadcrumbList\",\"@id\":\"https:\\\/\\\/www.fcbarcelonanoticias.com\\\/en\\\/laliga\\\/barca-clings-to-madrid-precedent-to-change-the-date-of-the-match-against-osasuna_311569_102.html#breadcrumb\",\"itemListElement\":[{\"@type\":\"ListItem\",\"position\":1,\"name\":\"Portada\",\"item\":\"https:\\\/\\\/www.fcbarcelonanoticias.com\\\/en\\\/\"},{\"@type\":\"ListItem\",\"position\":2,\"name\":\"Bar\u00e7a clings to a Madrid precedent to change the date of the match against Osasuna\"}]},{\"@type\":\"WebSite\",\"@id\":\"https:\\\/\\\/www.fcbarcelonanoticias.com\\\/en\\\/#website\",\"url\":\"https:\\\/\\\/www.fcbarcelonanoticias.com\\\/en\\\/\",\"name\":\"EN - FC Barcelona Noticias\",\"description\":\"\",\"potentialAction\":[{\"@type\":\"SearchAction\",\"target\":{\"@type\":\"EntryPoint\",\"urlTemplate\":\"https:\\\/\\\/www.fcbarcelonanoticias.com\\\/en\\\/?s={search_term_string}\"},\"query-input\":{\"@type\":\"PropertyValueSpecification\",\"valueRequired\":true,\"valueName\":\"search_term_string\"}}],\"inLanguage\":\"en-US\"},{\"@type\":\"Person\",\"@id\":\"https:\\\/\\\/www.fcbarcelonanoticias.com\\\/en\\\/#\\\/schema\\\/person\\\/88d756918a0a1ae9fa593b5edddd1815\",\"name\":\"Juan Pablo Berdugo\",\"image\":{\"@type\":\"ImageObject\",\"inLanguage\":\"en-US\",\"@id\":\"https:\\\/\\\/secure.gravatar.com\\\/avatar\\\/?s=96&d=mm&r=g\",\"url\":\"https:\\\/\\\/secure.gravatar.com\\\/avatar\\\/?s=96&d=mm&r=g\",\"contentUrl\":\"https:\\\/\\\/secure.gravatar.com\\\/avatar\\\/?s=96&d=mm&r=g\",\"caption\":\"Juan Pablo Berdugo\"},\"description\":\"Juan Pablo Berdugo es graduado en Periodismo. Colabora con FCBN como especialista en informaci\u00f3n del primer equipo del FC Barcelona, f\u00fatbol internacional y mercado de fichajes. Destaca por su enfoque anal\u00edtico, su rigor informativo y su capacidad para detectar tendencias emergentes en el f\u00fatbol global.\",\"url\":\"https:\\\/\\\/www.fcbarcelonanoticias.com\\\/en\\\/fc-barcelona\\\/juan-pablo-berdugo_18_115.html\"}]}<\/script>\n<!-- \/ Yoast SEO plugin. -->","yoast_head_json":{"title":"Bar\u00e7a clings to a Madrid precedent to change the date of the match against Osasuna","description":"FC Barcelona is holding onto a precedent from Real Madrid to avoid playing on March 27 against Osasuna. Both clubs want to play the match between the matchdays...","robots":{"index":"index","follow":"follow","max-snippet":"max-snippet:-1","max-image-preview":"max-image-preview:large","max-video-preview":"max-video-preview:-1"},"canonical":"https:\/\/www.fcbarcelonanoticias.com\/en\/laliga\/barca-clings-to-madrid-precedent-to-change-the-date-of-the-match-against-osasuna_311569_102.html","og_locale":"en_US","og_type":"article","og_title":"Bar\u00e7a clings to a Madrid precedent to change the date of the match against Osasuna","og_description":"FC Barcelona is holding onto a precedent from Real Madrid to avoid playing on March 27 against Osasuna. Both clubs want to play the match between the matchdays...","og_url":"https:\/\/www.fcbarcelonanoticias.com\/en\/laliga\/barca-clings-to-madrid-precedent-to-change-the-date-of-the-match-against-osasuna_311569_102.html","og_site_name":"EN - FC Barcelona Noticias","article_published_time":"2025-03-18T18:58:00+00:00","og_image":[{"width":1200,"height":675,"url":"https:\/\/www.fcbarcelonanoticias.com\/en\/wp-content\/uploads\/sites\/2\/2025\/03\/celta-de-vigo-v-real-madrid-cf-la-liga-1-1-1.webp","type":"image\/webp"}],"author":"Juan Pablo Berdugo","twitter_card":"summary_large_image","twitter_misc":{"Written by":"Juan Pablo Berdugo","Est. reading time":"3 minutes"},"schema":{"@context":"https:\/\/schema.org","@graph":[{"@type":"Article","@id":"https:\/\/www.fcbarcelonanoticias.com\/en\/laliga\/barca-clings-to-madrid-precedent-to-change-the-date-of-the-match-against-osasuna_311569_102.html#article","isPartOf":{"@id":"https:\/\/www.fcbarcelonanoticias.com\/en\/laliga\/barca-clings-to-madrid-precedent-to-change-the-date-of-the-match-against-osasuna_311569_102.html"},"author":{"name":"Juan Pablo Berdugo","@id":"https:\/\/www.fcbarcelonanoticias.com\/en\/#\/schema\/person\/88d756918a0a1ae9fa593b5edddd1815"},"headline":"Bar\u00e7a clings to a Madrid precedent to change the date of the match against Osasuna","datePublished":"2025-03-18T18:58:00+00:00","mainEntityOfPage":{"@id":"https:\/\/www.fcbarcelonanoticias.com\/en\/laliga\/barca-clings-to-madrid-precedent-to-change-the-date-of-the-match-against-osasuna_311569_102.html"},"wordCount":602,"image":{"@id":"https:\/\/www.fcbarcelonanoticias.com\/en\/laliga\/barca-clings-to-madrid-precedent-to-change-the-date-of-the-match-against-osasuna_311569_102.html#primaryimage"},"thumbnailUrl":"https:\/\/www.fcbarcelonanoticias.com\/en\/wp-content\/uploads\/sites\/2\/2025\/03\/celta-de-vigo-v-real-madrid-cf-la-liga-1-1-1.webp","keywords":["FC Barcelona vs Osasuna"],"articleSection":["LaLiga","LaLiga"],"inLanguage":"en-US"},{"@type":"WebPage","@id":"https:\/\/www.fcbarcelonanoticias.com\/en\/laliga\/barca-clings-to-madrid-precedent-to-change-the-date-of-the-match-against-osasuna_311569_102.html","url":"https:\/\/www.fcbarcelonanoticias.com\/en\/laliga\/barca-clings-to-madrid-precedent-to-change-the-date-of-the-match-against-osasuna_311569_102.html","name":"Bar\u00e7a clings to a Madrid precedent to change the date of the match against Osasuna","isPartOf":{"@id":"https:\/\/www.fcbarcelonanoticias.com\/en\/#website"},"primaryImageOfPage":{"@id":"https:\/\/www.fcbarcelonanoticias.com\/en\/laliga\/barca-clings-to-madrid-precedent-to-change-the-date-of-the-match-against-osasuna_311569_102.html#primaryimage"},"image":{"@id":"https:\/\/www.fcbarcelonanoticias.com\/en\/laliga\/barca-clings-to-madrid-precedent-to-change-the-date-of-the-match-against-osasuna_311569_102.html#primaryimage"},"thumbnailUrl":"https:\/\/www.fcbarcelonanoticias.com\/en\/wp-content\/uploads\/sites\/2\/2025\/03\/celta-de-vigo-v-real-madrid-cf-la-liga-1-1-1.webp","datePublished":"2025-03-18T18:58:00+00:00","author":{"@id":"https:\/\/www.fcbarcelonanoticias.com\/en\/#\/schema\/person\/88d756918a0a1ae9fa593b5edddd1815"},"description":"FC Barcelona is holding onto a precedent from Real Madrid to avoid playing on March 27 against Osasuna. Both clubs want to play the match between the matchdays...","breadcrumb":{"@id":"https:\/\/www.fcbarcelonanoticias.com\/en\/laliga\/barca-clings-to-madrid-precedent-to-change-the-date-of-the-match-against-osasuna_311569_102.html#breadcrumb"},"inLanguage":"en-US","potentialAction":[{"@type":"ReadAction","target":["https:\/\/www.fcbarcelonanoticias.com\/en\/laliga\/barca-clings-to-madrid-precedent-to-change-the-date-of-the-match-against-osasuna_311569_102.html"]}]},{"@type":"ImageObject","inLanguage":"en-US","@id":"https:\/\/www.fcbarcelonanoticias.com\/en\/laliga\/barca-clings-to-madrid-precedent-to-change-the-date-of-the-match-against-osasuna_311569_102.html#primaryimage","url":"https:\/\/www.fcbarcelonanoticias.com\/en\/wp-content\/uploads\/sites\/2\/2025\/03\/celta-de-vigo-v-real-madrid-cf-la-liga-1-1-1.webp","contentUrl":"https:\/\/www.fcbarcelonanoticias.com\/en\/wp-content\/uploads\/sites\/2\/2025\/03\/celta-de-vigo-v-real-madrid-cf-la-liga-1-1-1.webp","width":1200,"height":675},{"@type":"BreadcrumbList","@id":"https:\/\/www.fcbarcelonanoticias.com\/en\/laliga\/barca-clings-to-madrid-precedent-to-change-the-date-of-the-match-against-osasuna_311569_102.html#breadcrumb","itemListElement":[{"@type":"ListItem","position":1,"name":"Portada","item":"https:\/\/www.fcbarcelonanoticias.com\/en\/"},{"@type":"ListItem","position":2,"name":"Bar\u00e7a clings to a Madrid precedent to change the date of the match against Osasuna"}]},{"@type":"WebSite","@id":"https:\/\/www.fcbarcelonanoticias.com\/en\/#website","url":"https:\/\/www.fcbarcelonanoticias.com\/en\/","name":"EN - FC Barcelona Noticias","description":"","potentialAction":[{"@type":"SearchAction","target":{"@type":"EntryPoint","urlTemplate":"https:\/\/www.fcbarcelonanoticias.com\/en\/?s={search_term_string}"},"query-input":{"@type":"PropertyValueSpecification","valueRequired":true,"valueName":"search_term_string"}}],"inLanguage":"en-US"},{"@type":"Person","@id":"https:\/\/www.fcbarcelonanoticias.com\/en\/#\/schema\/person\/88d756918a0a1ae9fa593b5edddd1815","name":"Juan Pablo Berdugo","image":{"@type":"ImageObject","inLanguage":"en-US","@id":"https:\/\/secure.gravatar.com\/avatar\/?s=96&d=mm&r=g","url":"https:\/\/secure.gravatar.com\/avatar\/?s=96&d=mm&r=g","contentUrl":"https:\/\/secure.gravatar.com\/avatar\/?s=96&d=mm&r=g","caption":"Juan Pablo Berdugo"},"description":"Juan Pablo Berdugo es graduado en Periodismo. Colabora con FCBN como especialista en informaci\u00f3n del primer equipo del FC Barcelona, f\u00fatbol internacional y mercado de fichajes. Destaca por su enfoque anal\u00edtico, su rigor informativo y su capacidad para detectar tendencias emergentes en el f\u00fatbol global.","url":"https:\/\/www.fcbarcelonanoticias.com\/en\/fc-barcelona\/juan-pablo-berdugo_18_115.html"}]}},"_links":{"self":[{"href":"https:\/\/www.fcbarcelonanoticias.com\/en\/wp-json\/wp\/v2\/posts\/49657","targetHints":{"allow":["GET"]}}],"collection":[{"href":"https:\/\/www.fcbarcelonanoticias.com\/en\/wp-json\/wp\/v2\/posts"}],"about":[{"href":"https:\/\/www.fcbarcelonanoticias.com\/en\/wp-json\/wp\/v2\/types\/post"}],"author":[{"embeddable":true,"href":"https:\/\/www.fcbarcelonanoticias.com\/en\/wp-json\/wp\/v2\/users\/358"}],"replies":[{"embeddable":true,"href":"https:\/\/www.fcbarcelonanoticias.com\/en\/wp-json\/wp\/v2\/comments?post=49657"}],"version-history":[{"count":1,"href":"https:\/\/www.fcbarcelonanoticias.com\/en\/wp-json\/wp\/v2\/posts\/49657\/revisions"}],"predecessor-version":[{"id":114909,"href":"https:\/\/www.fcbarcelonanoticias.com\/en\/wp-json\/wp\/v2\/posts\/49657\/revisions\/114909"}],"wp:featuredmedia":[{"embeddable":true,"href":"https:\/\/www.fcbarcelonanoticias.com\/en\/wp-json\/wp\/v2\/media\/114910"}],"wp:attachment":[{"href":"https:\/\/www.fcbarcelonanoticias.com\/en\/wp-json\/wp\/v2\/media?parent=49657"}],"wp:term":[{"taxonomy":"category","embeddable":true,"href":"https:\/\/www.fcbarcelonanoticias.com\/en\/wp-json\/wp\/v2\/categories?post=49657"},{"taxonomy":"post_tag","embeddable":true,"href":"https:\/\/www.fcbarcelonanoticias.com\/en\/wp-json\/wp\/v2\/tags?post=49657"}],"curies":[{"name":"wp","href":"https:\/\/api.w.org\/{rel}","templated":true}]}}