{"id":49666,"date":"2025-11-02T20:39:00","date_gmt":"2025-11-02T19:39:00","guid":{"rendered":"https:\/\/weisetech.dev\/fc-barcelona-noticias\/en\/barca-doesn-fail-against-elche-and-remains-2nd-in-laliga-3-1_315170_102\/"},"modified":"2026-03-27T11:32:19","modified_gmt":"2026-03-27T10:32:19","slug":"barca-doesn-fail-against-elche-and-remains-2nd-in-laliga-3-1_315170_102","status":"publish","type":"post","link":"https:\/\/www.fcbarcelonanoticias.com\/en\/laliga\/barca-doesn-fail-against-elche-and-remains-2nd-in-laliga-3-1_315170_102.html","title":{"rendered":"Barcelona 3-1 Elche: Flick&#8217;s team doesn&#8217;t fail in Montju\u00efc and recovers 2nd place in LaLiga"},"content":{"rendered":"<h2 class=\"wp-block-heading\">Bar\u00e7a returned to winning ways in LaLiga with a clear victory against Elche (3-1). Lamine Yamal, Ferran Torres and Marcus Rashford scored the goals that allow Hansi Flick&#8217;s team to remain 5 points behind Real Madrid<\/h2>  \r\n<div class=\"article-addons\">\r\n    <a href=\"https:\/\/www.fcbarcelonanoticias.com\/en\/calendar-fc-barcelona.html\"\r\n       target=\"_self\"\r\n       title=\"Calendar of FC Barcelona\"\r\n       class=\"blue-gredient-btn\">\r\n       \r\n        Calendar of FC Barcelona    <\/a>\r\n<\/div>   <p><strong>FC Barcelona<\/strong> did their homework against <strong>Elche<\/strong> at Montju\u00efc (3-1). With a good performance from their offensive trident, this time made up of <strong>Lamine Yamal<\/strong>, <strong>Marcus Rashford<\/strong>, and <strong>Ferran Torres<\/strong>, accompanied by a very active <strong>Ferm\u00edn L\u00f3pez<\/strong> with two assists, the Azulgrana team added their eighth victory in eleven matchdays to reach 25 points.<\/p>  <p>The result allows Bar\u00e7a to regain second place in the standings on their own, in addition to clearing up doubts caused by the defeats against <strong>Sevilla<\/strong> and <strong>Real Madrid<\/strong>.<\/p>  <p>Hansi Flick kept his Cl\u00e1sico XI almost intact, with <strong>Ronald Araujo and Marc Casad\u00f3<\/strong> entering in place of <strong>Pau Cubars\u00ed and Pedri Gonz\u00e1lez<\/strong>, respectively. With <a data-external=\"0\" data-intl-links-en=\"https:\/\/www.fcbarcelonanoticias.com\/en\/fc-barcelona\/lewandowski-olmo-medically-cleared-for-barca-against-elche_315166_102.html\" data-intl-links-es=\"https:\/\/www.fcbarcelonanoticias.com\/fc-barcelona\/lewandowski-olmo-altas-medicas-barca-elche_315166_102.html\" href=\"https:\/\/www.fcbarcelonanoticias.com\/en\/fc-barcelona\/lewandowski-olmo-medically-cleared-for-barca-against-elche_315166_102.html\" rel=\"follow\" target=\"_self\" title=\"Lewandowski y Dani Olmo reciben el alta m\u00e9dica\">Robert Lewandowski and Dani Olmo<\/a> back on the bench, the Blaugrana team had a bit more depth, although there are still 6 injured players.<\/p>  <p>Although the &#8220;cul\u00e9s&#8221; (Barcelona fans) had the victory well underway very early (the match was 2-0 in 12 minutes), they once again suffered more than they should have in defense. In the end, <strong>Bar\u00e7a managed to take the 3 points and remains 5 behind Real Madrid<\/strong>, but still raises doubts in defense and in the control of the game. Especially when it comes to managing the results.<\/p>  <h2>Bar\u00e7a punished two Elche errors in the first quarter of an hour<\/h2>  <div class=\"media media-image\" data-ck-asset-wrapper=\"\"> <div class=\"media-item\"> <img loading=\"lazy\" decoding=\"async\" alt=\"Lamine Yamal scored the 1-0 for Bar\u00e7a-Elche\" data-id=\"1529229\" data-resize=\"9\" height=\"563\" src=\"https:\/\/www.fcbarcelonanoticias.com\/wp-content\/uploads\/sites\/2\/2025\/11\/fcbn-5cd12e24c69efde8c4bf8e832b6faa9b.webp\" title=\"Lamine Yamal scored the 1-0 for Bar\u00e7a-Elche\" width=\"1000\"><div class=\"media-title\">Lamine Yamal scored the 1-0 for Bar\u00e7a-Elche<\/div> <\/div> <\/div>  <p>The match was quickly resolved in favor of a Bar\u00e7a that, unlike other matches, was not dominant from minute 1. The Elche team surprised in the opening stages with effective high pressure, generating a corner in their favor and a couple of approaches to the area.<\/p>  <p>However, a mistake in the exit of center-back Affengruber allowed <strong>Alejandro Balde<\/strong> to put together a lethal attack. The &#8216;3&#8217; drove through the middle and gave the ball to <strong><a data-external=\"1\" href=\"https:\/\/x.com\/en\/DAZN_ES\/status\/1985042271549431994\" rel=\"nofollow\" target=\"_blank\" title=\"Festejo de Lamine Yamal ante el Elche\">Lamine Yamal<\/a>, who settled the score by shifting to his left, after cutting back on Nu\u00f1ez,<\/strong> to blast I\u00f1aki Pe\u00f1a with a powerful shot.<\/p>  <p>The goal was a tremendous blow for an Elche side that, 3 minutes later, sprung a leak again in defense. A bad control and subsequent slip by Pedrosa left the ball served to <strong>Ferm\u00edn L\u00f3pez<\/strong>. The player from Huelva broke down the left, giving way to the middle for <strong>Ferran Torres<\/strong> to finish at will. For the &#8216;Shark&#8217;, it was his 50th goal in 170 appearances with the Bar\u00e7a jersey.<\/p>  <h2>Rafa Mir scored for Elche before halftime<\/h2>  <p>Bar\u00e7a seemed to be heading for a quiet night in Montju\u00efc, but <strong>Rafa Mir<\/strong> narrowed the difference in the 42nd minute. The winger started from his own half on the left wing, breaking the offside trap thanks to a miscalculation by <a data-external=\"0\" data-intl-links-en=\"https:\/\/www.fcbarcelonanoticias.com\/en\/laliga\/ronald-araujo-captain-returns-to-starting-xi-in-barca-elche-match_315169_102.html\" data-intl-links-es=\"https:\/\/www.fcbarcelonanoticias.com\/laliga\/ronald-araujo-capitan-vuelve-xi-tres-suplencias-consecutivas_315169_102.html\" href=\"https:\/\/www.fcbarcelonanoticias.com\/en\/laliga\/ronald-araujo-captain-returns-to-starting-xi-in-barca-elche-match_315169_102.html\" rel=\"follow\" target=\"_self\" title=\"Ronald Araujo: el capit\u00e1n vuelve al XI tras tres suplencias consecutivas\">Ronald Araujo<\/a>. The Azulgrana captain was also not attentive in marking, conceding too much freedom to the &#8217;10&#8217;, who with a crossed shot beat Szczesny.<\/p>  <p>Ferran came close to restoring the 2-goal lead for the Bar\u00e7a side in the 45th minute, with a remarkable volley that <strong>I\u00f1aki Pe\u00f1a<\/strong> cleared with a great save. Flick&#8217;s team had more of the ball and found it easy to attack down the wings, taking advantage of <strong>Nu\u00f1ez and Pedrosa&#8217;s<\/strong> difficulties in defending on their opposite flanks.<\/p>  <p>However, in a defensive lapse, the team conceded another unexpected goal before halftime. In total, <strong>the team has conceded at least 1 goal in 8 matches<\/strong>, 7 of them with &#8216;Tek&#8217; in goal. The Polish goalkeeper has conceded 12 goals, 7 more than Joan Garc\u00eda conceded in the same number of matches (7).<\/p>  <h2>Rashford restored calm to Bar\u00e7a<\/h2>  <div class=\"media media-image\" data-ck-asset-wrapper=\"\"> <div class=\"media-item\"> <img loading=\"lazy\" decoding=\"async\" alt=\"Ferrm\u00edn L\u00f3pez and Marcus Rashford celebrating Bar\u00e7a's third goal\" data-id=\"1529290\" data-resize=\"9\" height=\"563\" src=\"https:\/\/www.fcbarcelonanoticias.com\/wp-content\/uploads\/sites\/2\/2025\/11\/fcbn-515ec4a7ed9c9a1d0660ffe5de9355a0.webp\" title=\"Ferrm\u00edn L\u00f3pez and Marcus Rashford celebrating Bar\u00e7a's third goal\" width=\"1000\"><div class=\"media-title\">Ferrm\u00edn L\u00f3pez and Marcus Rashford celebrating Bar\u00e7a&#8217;s third goal<\/div> <\/div> <\/div>  <p>After the break, Eder Sarabia brought Mendoza on for Neto, while Hansi Flick kept his XI unchanged. <strong>Rashford<\/strong> came very close to scoring in the 47th minute, receiving a long pass freely on the left. The Englishman, however, opened his right foot too much and his shot went wide.<\/p>  <p>Rafa Mir once again generated concern in the Bar\u00e7a defense, with a shot off the crossbar in the 55th minute. Five minutes later, Marcus restored calm to Barcelona, taking advantage of a pass from Ferm\u00edn from the side. <strong>The &#8217;16&#8217; received a good long pass from Casad\u00f3 and, with time and space, assisted the Englishman<\/strong>, who this time did not miss from close range. Mir was close to scoring again in the 68th minute, with another shot that hit the post, this time attacking from the right. In the final fifteen minutes, the match was much more open, a product of fatigue and the changes made by both coaches.<\/p>  <p>Flick took the opportunity to give minutes to <strong>Lewandowski and Olmo<\/strong>, in addition to <strong>Gerard Mart\u00edn<\/strong>. In Elche, the other academy player on loan from Bar\u00e7a, <a data-external=\"0\" data-intl-links-en=\"https:\/\/www.fcbarcelonanoticias.com\/en\/transfers\/barca-loans-hector-fort-to-elche-until-2026_314554_102.html\" data-intl-links-es=\"https:\/\/www.fcbarcelonanoticias.com\/fichajes\/cesion-hector-fort-elche-barcelona-2026_314554_102.html\" href=\"https:\/\/www.fcbarcelonanoticias.com\/en\/transfers\/barca-loans-hector-fort-to-elche-until-2026_314554_102.html\" rel=\"follow\" target=\"_self\" title=\"H\u00e9ctor Fort busca su oportunidad: Cesi\u00f3n al Elche hasta 2026\">H\u00e9ctor Fort<\/a>, also participated. Near the end, Roony Bardghji and Dro Fern\u00e1ndez also came on for Lamine and Ferran, respectively.<\/p>  <p>The Bar\u00e7a fans maintained the lead without difficulty and are already thinking about the trip to <strong>Bruges<\/strong>, for the Champions League, with their homework done in the League: preventing Real Madrid from escaping early in the lead.<\/p>  <h2>Match Data: FC Barcelona 3-1 Elche<\/h2>  <ul> <li> <strong>FC Barcelona, 3<\/strong>: Szczesny; Kound\u00e9, Araujo, Eric Garc\u00eda, Balde (Gerard Mart\u00edn, min. 73); Casad\u00f3, De Jong; Lamine Yamal (Roony, min. 88), Ferm\u00edn L\u00f3pez (Olmo, min. 66), Marcus Rashford (Lewandowski, min. 74); Ferran Torres (Dro Fern\u00e1ndez, min. 88).<\/li> \t<li> <strong>Elche CF, 1<\/strong>: I\u00f1aki Pe\u00f1a; Nu\u00f1ez, Vigas (Fort, min. 70), Affengruber, Pedrosa (Donald, min. 82); Aguado, Febas; Varela (Santiago, min. 70), Neto (Mendoza, min. 46), Mir; Silva (Rodr\u00edguez, min. 74).<\/li> \t<li> <strong>Goals<\/strong>: 1-0, Lamine Yamal (min. 9); 2-0, Ferran Torres (min. 12); 2-0, Raffa Mir (min. 42); 3-1, Marcus Rashford (min. 61).<\/li> \t<li> <strong>Referee<\/strong>: <a data-external=\"0\" data-intl-links-en=\"https:\/\/www.fcbarcelonanoticias.com\/en\/laliga\/barcelona-will-have-debutant-referee-against-elche-in-liga_315155_102.html\" data-intl-links-es=\"https:\/\/www.fcbarcelonanoticias.com\/laliga\/laliga-asigna-arbitro-debutante-barca-elche-j11_315155_102.html\" href=\"https:\/\/www.fcbarcelonanoticias.com\/en\/laliga\/barcelona-will-have-debutant-referee-against-elche-in-liga_315155_102.html\" rel=\"follow\" target=\"_self\" title=\"LaLiga asigna un \u00e1rbitro debutante para el Bar\u00e7a-Elche de la J11\">Miguel Sesma Espinosa<\/a>. Booked Martim Neto for Elche. In general terms, the Riojan completed a good performance, free of controversies.<\/li> \t<li> <strong>Stadium<\/strong>: Ol\u00edmpico Llu\u00eds Companys de Montju\u00efc.<\/li> \t<li> <strong>Incidents<\/strong>: match corresponding to matchday 11 of <a data-external=\"0\" data-intl-links-en=\"https:\/\/www.fcbarcelonanoticias.com\/en\/laliga\" data-intl-links-es=\"https:\/\/www.fcbarcelonanoticias.com\/laliga\" href=\"https:\/\/www.fcbarcelonanoticias.com\/en\/football-soccer\/laliga.html\" rel=\"follow\" target=\"_self\" title=\"LaLiga\">LaLiga EA Sports 2025\/26<\/a>.<\/li> <\/ul> ","protected":false},"excerpt":{"rendered":"<p>Bar\u00e7a returned to winning ways in LaLiga with a clear victory against Elche (3-1). Lamine Yamal, Ferran Torres and Marcus Rashford scored the goals that allow Hansi Flick&#8217;s team to remain 5 points behind Real Madrid FC Barcelona did their homework against Elche at Montju\u00efc (3-1). With a good performance from their offensive trident, this [&hellip;]<\/p>\n","protected":false},"author":347,"featured_media":49670,"comment_status":"closed","ping_status":"open","sticky":false,"template":"","format":"standard","meta":{"_acf_changed":false,"inline_featured_image":false,"_nextfly_llmd_date_locked":false,"footnotes":""},"categories":[448,114],"tags":[347,180],"class_list":["post-49666","post","type-post","status-publish","format-standard","has-post-thumbnail","hentry","category-laliga-2","category-laliga","tag-elche-cf","tag-fc-barcelona-results"],"acf":[],"yoast_head":"<!-- This site is optimized with the Yoast SEO plugin v27.3 - https:\/\/yoast.com\/product\/yoast-seo-wordpress\/ -->\n<title>Bar\u00e7a doesn&#039;t fail against Elche and remains 2nd in LaLiga (3-1)<\/title>\n<meta name=\"description\" content=\"Bar\u00e7a returned to winning ways in LaLiga with a victory against Elche (3-1). Lamine, Ferran Torres, and Rashford scored the Bar\u00e7a goals\" \/>\n<meta name=\"robots\" content=\"index, follow, max-snippet:-1, max-image-preview:large, max-video-preview:-1\" \/>\n<link rel=\"canonical\" href=\"https:\/\/www.fcbarcelonanoticias.com\/en\/laliga\/barca-doesn-fail-against-elche-and-remains-2nd-in-laliga-3-1_315170_102.html\" \/>\n<meta property=\"og:locale\" content=\"en_US\" \/>\n<meta property=\"og:type\" content=\"article\" \/>\n<meta property=\"og:title\" content=\"Bar\u00e7a doesn&#039;t fail against Elche and remains 2nd in LaLiga (3-1)\" \/>\n<meta property=\"og:description\" content=\"Bar\u00e7a returned to winning ways in LaLiga with a victory against Elche (3-1). Lamine, Ferran Torres, and Rashford scored the Bar\u00e7a goals\" \/>\n<meta property=\"og:url\" content=\"https:\/\/www.fcbarcelonanoticias.com\/en\/laliga\/barca-doesn-fail-against-elche-and-remains-2nd-in-laliga-3-1_315170_102.html\" \/>\n<meta property=\"og:site_name\" content=\"EN - FC Barcelona Noticias\" \/>\n<meta property=\"article:published_time\" content=\"2025-11-02T19:39:00+00:00\" \/>\n<meta property=\"article:modified_time\" content=\"2026-03-27T10:32:19+00:00\" \/>\n<meta property=\"og:image\" content=\"https:\/\/www.fcbarcelonanoticias.com\/en\/wp-content\/uploads\/sites\/2\/2025\/11\/fc-barcelona-v-elche-cf-laliga-ea-sports-4-1-scaled.webp\" \/>\n\t<meta property=\"og:image:width\" content=\"2560\" \/>\n\t<meta property=\"og:image:height\" content=\"1707\" \/>\n\t<meta property=\"og:image:type\" content=\"image\/webp\" \/>\n<meta name=\"author\" content=\"Andr\u00e9s Quiroz\" \/>\n<meta name=\"twitter:card\" content=\"summary_large_image\" \/>\n<meta name=\"twitter:label1\" content=\"Written by\" \/>\n\t<meta name=\"twitter:data1\" content=\"Andr\u00e9s Quiroz\" \/>\n\t<meta name=\"twitter:label2\" content=\"Est. reading time\" \/>\n\t<meta name=\"twitter:data2\" content=\"5 minutes\" \/>\n<script type=\"application\/ld+json\" class=\"yoast-schema-graph\">{\"@context\":\"https:\\\/\\\/schema.org\",\"@graph\":[{\"@type\":\"Article\",\"@id\":\"https:\\\/\\\/www.fcbarcelonanoticias.com\\\/en\\\/laliga\\\/barca-doesn-fail-against-elche-and-remains-2nd-in-laliga-3-1_315170_102.html#article\",\"isPartOf\":{\"@id\":\"https:\\\/\\\/www.fcbarcelonanoticias.com\\\/en\\\/laliga\\\/barca-doesn-fail-against-elche-and-remains-2nd-in-laliga-3-1_315170_102.html\"},\"author\":{\"name\":\"Andr\u00e9s Quiroz\",\"@id\":\"https:\\\/\\\/www.fcbarcelonanoticias.com\\\/en\\\/#\\\/schema\\\/person\\\/c2cd9f6fa1af5c0d0eccd0fefa575c88\"},\"headline\":\"Barcelona 3-1 Elche: Flick&#8217;s team doesn&#8217;t fail in Montju\u00efc and recovers 2nd place in LaLiga\",\"datePublished\":\"2025-11-02T19:39:00+00:00\",\"dateModified\":\"2026-03-27T10:32:19+00:00\",\"mainEntityOfPage\":{\"@id\":\"https:\\\/\\\/www.fcbarcelonanoticias.com\\\/en\\\/laliga\\\/barca-doesn-fail-against-elche-and-remains-2nd-in-laliga-3-1_315170_102.html\"},\"wordCount\":1027,\"image\":{\"@id\":\"https:\\\/\\\/www.fcbarcelonanoticias.com\\\/en\\\/laliga\\\/barca-doesn-fail-against-elche-and-remains-2nd-in-laliga-3-1_315170_102.html#primaryimage\"},\"thumbnailUrl\":\"https:\\\/\\\/www.fcbarcelonanoticias.com\\\/en\\\/wp-content\\\/uploads\\\/sites\\\/2\\\/2025\\\/11\\\/fc-barcelona-v-elche-cf-laliga-ea-sports-4-1-scaled.webp\",\"keywords\":[\"Elche CF\",\"FC Barcelona Results\"],\"articleSection\":[\"LaLiga\",\"LaLiga\"],\"inLanguage\":\"en-US\"},{\"@type\":\"WebPage\",\"@id\":\"https:\\\/\\\/www.fcbarcelonanoticias.com\\\/en\\\/laliga\\\/barca-doesn-fail-against-elche-and-remains-2nd-in-laliga-3-1_315170_102.html\",\"url\":\"https:\\\/\\\/www.fcbarcelonanoticias.com\\\/en\\\/laliga\\\/barca-doesn-fail-against-elche-and-remains-2nd-in-laliga-3-1_315170_102.html\",\"name\":\"Bar\u00e7a doesn't fail against Elche and remains 2nd in LaLiga (3-1)\",\"isPartOf\":{\"@id\":\"https:\\\/\\\/www.fcbarcelonanoticias.com\\\/en\\\/#website\"},\"primaryImageOfPage\":{\"@id\":\"https:\\\/\\\/www.fcbarcelonanoticias.com\\\/en\\\/laliga\\\/barca-doesn-fail-against-elche-and-remains-2nd-in-laliga-3-1_315170_102.html#primaryimage\"},\"image\":{\"@id\":\"https:\\\/\\\/www.fcbarcelonanoticias.com\\\/en\\\/laliga\\\/barca-doesn-fail-against-elche-and-remains-2nd-in-laliga-3-1_315170_102.html#primaryimage\"},\"thumbnailUrl\":\"https:\\\/\\\/www.fcbarcelonanoticias.com\\\/en\\\/wp-content\\\/uploads\\\/sites\\\/2\\\/2025\\\/11\\\/fc-barcelona-v-elche-cf-laliga-ea-sports-4-1-scaled.webp\",\"datePublished\":\"2025-11-02T19:39:00+00:00\",\"dateModified\":\"2026-03-27T10:32:19+00:00\",\"author\":{\"@id\":\"https:\\\/\\\/www.fcbarcelonanoticias.com\\\/en\\\/#\\\/schema\\\/person\\\/c2cd9f6fa1af5c0d0eccd0fefa575c88\"},\"description\":\"Bar\u00e7a returned to winning ways in LaLiga with a victory against Elche (3-1). Lamine, Ferran Torres, and Rashford scored the Bar\u00e7a goals\",\"breadcrumb\":{\"@id\":\"https:\\\/\\\/www.fcbarcelonanoticias.com\\\/en\\\/laliga\\\/barca-doesn-fail-against-elche-and-remains-2nd-in-laliga-3-1_315170_102.html#breadcrumb\"},\"inLanguage\":\"en-US\",\"potentialAction\":[{\"@type\":\"ReadAction\",\"target\":[\"https:\\\/\\\/www.fcbarcelonanoticias.com\\\/en\\\/laliga\\\/barca-doesn-fail-against-elche-and-remains-2nd-in-laliga-3-1_315170_102.html\"]}]},{\"@type\":\"ImageObject\",\"inLanguage\":\"en-US\",\"@id\":\"https:\\\/\\\/www.fcbarcelonanoticias.com\\\/en\\\/laliga\\\/barca-doesn-fail-against-elche-and-remains-2nd-in-laliga-3-1_315170_102.html#primaryimage\",\"url\":\"https:\\\/\\\/www.fcbarcelonanoticias.com\\\/en\\\/wp-content\\\/uploads\\\/sites\\\/2\\\/2025\\\/11\\\/fc-barcelona-v-elche-cf-laliga-ea-sports-4-1-scaled.webp\",\"contentUrl\":\"https:\\\/\\\/www.fcbarcelonanoticias.com\\\/en\\\/wp-content\\\/uploads\\\/sites\\\/2\\\/2025\\\/11\\\/fc-barcelona-v-elche-cf-laliga-ea-sports-4-1-scaled.webp\",\"width\":2560,\"height\":1707},{\"@type\":\"BreadcrumbList\",\"@id\":\"https:\\\/\\\/www.fcbarcelonanoticias.com\\\/en\\\/laliga\\\/barca-doesn-fail-against-elche-and-remains-2nd-in-laliga-3-1_315170_102.html#breadcrumb\",\"itemListElement\":[{\"@type\":\"ListItem\",\"position\":1,\"name\":\"Portada\",\"item\":\"https:\\\/\\\/www.fcbarcelonanoticias.com\\\/en\\\/\"},{\"@type\":\"ListItem\",\"position\":2,\"name\":\"Barcelona 3-1 Elche: Flick&#8217;s team doesn&#8217;t fail in Montju\u00efc and recovers 2nd place in LaLiga\"}]},{\"@type\":\"WebSite\",\"@id\":\"https:\\\/\\\/www.fcbarcelonanoticias.com\\\/en\\\/#website\",\"url\":\"https:\\\/\\\/www.fcbarcelonanoticias.com\\\/en\\\/\",\"name\":\"EN - FC Barcelona Noticias\",\"description\":\"\",\"potentialAction\":[{\"@type\":\"SearchAction\",\"target\":{\"@type\":\"EntryPoint\",\"urlTemplate\":\"https:\\\/\\\/www.fcbarcelonanoticias.com\\\/en\\\/?s={search_term_string}\"},\"query-input\":{\"@type\":\"PropertyValueSpecification\",\"valueRequired\":true,\"valueName\":\"search_term_string\"}}],\"inLanguage\":\"en-US\"},{\"@type\":\"Person\",\"@id\":\"https:\\\/\\\/www.fcbarcelonanoticias.com\\\/en\\\/#\\\/schema\\\/person\\\/c2cd9f6fa1af5c0d0eccd0fefa575c88\",\"name\":\"Andr\u00e9s Quiroz\",\"image\":{\"@type\":\"ImageObject\",\"inLanguage\":\"en-US\",\"@id\":\"https:\\\/\\\/secure.gravatar.com\\\/avatar\\\/?s=96&d=mm&r=g\",\"url\":\"https:\\\/\\\/secure.gravatar.com\\\/avatar\\\/?s=96&d=mm&r=g\",\"contentUrl\":\"https:\\\/\\\/secure.gravatar.com\\\/avatar\\\/?s=96&d=mm&r=g\",\"caption\":\"Andr\u00e9s Quiroz\"},\"description\":\"Licenciado en Periodismo por la Universidad de los Andes. Me encargo de analizar y compartir los contenidos m\u00e1s destacados de la\u00a0actualidad del F\u00fatbol Club Barcelona, Mercado de Fichajes y F\u00fatbol Internacional en FCBN. La informaci\u00f3n es poder, pero tambi\u00e9n conocimiento.\",\"url\":\"https:\\\/\\\/www.fcbarcelonanoticias.com\\\/en\\\/fc-barcelona\\\/andres-quiroz_17_115.html\"}]}<\/script>\n<!-- \/ Yoast SEO plugin. -->","yoast_head_json":{"title":"Bar\u00e7a doesn't fail against Elche and remains 2nd in LaLiga (3-1)","description":"Bar\u00e7a returned to winning ways in LaLiga with a victory against Elche (3-1). Lamine, Ferran Torres, and Rashford scored the Bar\u00e7a goals","robots":{"index":"index","follow":"follow","max-snippet":"max-snippet:-1","max-image-preview":"max-image-preview:large","max-video-preview":"max-video-preview:-1"},"canonical":"https:\/\/www.fcbarcelonanoticias.com\/en\/laliga\/barca-doesn-fail-against-elche-and-remains-2nd-in-laliga-3-1_315170_102.html","og_locale":"en_US","og_type":"article","og_title":"Bar\u00e7a doesn't fail against Elche and remains 2nd in LaLiga (3-1)","og_description":"Bar\u00e7a returned to winning ways in LaLiga with a victory against Elche (3-1). Lamine, Ferran Torres, and Rashford scored the Bar\u00e7a goals","og_url":"https:\/\/www.fcbarcelonanoticias.com\/en\/laliga\/barca-doesn-fail-against-elche-and-remains-2nd-in-laliga-3-1_315170_102.html","og_site_name":"EN - FC Barcelona Noticias","article_published_time":"2025-11-02T19:39:00+00:00","article_modified_time":"2026-03-27T10:32:19+00:00","og_image":[{"width":2560,"height":1707,"url":"https:\/\/www.fcbarcelonanoticias.com\/en\/wp-content\/uploads\/sites\/2\/2025\/11\/fc-barcelona-v-elche-cf-laliga-ea-sports-4-1-scaled.webp","type":"image\/webp"}],"author":"Andr\u00e9s Quiroz","twitter_card":"summary_large_image","twitter_misc":{"Written by":"Andr\u00e9s Quiroz","Est. reading time":"5 minutes"},"schema":{"@context":"https:\/\/schema.org","@graph":[{"@type":"Article","@id":"https:\/\/www.fcbarcelonanoticias.com\/en\/laliga\/barca-doesn-fail-against-elche-and-remains-2nd-in-laliga-3-1_315170_102.html#article","isPartOf":{"@id":"https:\/\/www.fcbarcelonanoticias.com\/en\/laliga\/barca-doesn-fail-against-elche-and-remains-2nd-in-laliga-3-1_315170_102.html"},"author":{"name":"Andr\u00e9s Quiroz","@id":"https:\/\/www.fcbarcelonanoticias.com\/en\/#\/schema\/person\/c2cd9f6fa1af5c0d0eccd0fefa575c88"},"headline":"Barcelona 3-1 Elche: Flick&#8217;s team doesn&#8217;t fail in Montju\u00efc and recovers 2nd place in LaLiga","datePublished":"2025-11-02T19:39:00+00:00","dateModified":"2026-03-27T10:32:19+00:00","mainEntityOfPage":{"@id":"https:\/\/www.fcbarcelonanoticias.com\/en\/laliga\/barca-doesn-fail-against-elche-and-remains-2nd-in-laliga-3-1_315170_102.html"},"wordCount":1027,"image":{"@id":"https:\/\/www.fcbarcelonanoticias.com\/en\/laliga\/barca-doesn-fail-against-elche-and-remains-2nd-in-laliga-3-1_315170_102.html#primaryimage"},"thumbnailUrl":"https:\/\/www.fcbarcelonanoticias.com\/en\/wp-content\/uploads\/sites\/2\/2025\/11\/fc-barcelona-v-elche-cf-laliga-ea-sports-4-1-scaled.webp","keywords":["Elche CF","FC Barcelona Results"],"articleSection":["LaLiga","LaLiga"],"inLanguage":"en-US"},{"@type":"WebPage","@id":"https:\/\/www.fcbarcelonanoticias.com\/en\/laliga\/barca-doesn-fail-against-elche-and-remains-2nd-in-laliga-3-1_315170_102.html","url":"https:\/\/www.fcbarcelonanoticias.com\/en\/laliga\/barca-doesn-fail-against-elche-and-remains-2nd-in-laliga-3-1_315170_102.html","name":"Bar\u00e7a doesn't fail against Elche and remains 2nd in LaLiga (3-1)","isPartOf":{"@id":"https:\/\/www.fcbarcelonanoticias.com\/en\/#website"},"primaryImageOfPage":{"@id":"https:\/\/www.fcbarcelonanoticias.com\/en\/laliga\/barca-doesn-fail-against-elche-and-remains-2nd-in-laliga-3-1_315170_102.html#primaryimage"},"image":{"@id":"https:\/\/www.fcbarcelonanoticias.com\/en\/laliga\/barca-doesn-fail-against-elche-and-remains-2nd-in-laliga-3-1_315170_102.html#primaryimage"},"thumbnailUrl":"https:\/\/www.fcbarcelonanoticias.com\/en\/wp-content\/uploads\/sites\/2\/2025\/11\/fc-barcelona-v-elche-cf-laliga-ea-sports-4-1-scaled.webp","datePublished":"2025-11-02T19:39:00+00:00","dateModified":"2026-03-27T10:32:19+00:00","author":{"@id":"https:\/\/www.fcbarcelonanoticias.com\/en\/#\/schema\/person\/c2cd9f6fa1af5c0d0eccd0fefa575c88"},"description":"Bar\u00e7a returned to winning ways in LaLiga with a victory against Elche (3-1). Lamine, Ferran Torres, and Rashford scored the Bar\u00e7a goals","breadcrumb":{"@id":"https:\/\/www.fcbarcelonanoticias.com\/en\/laliga\/barca-doesn-fail-against-elche-and-remains-2nd-in-laliga-3-1_315170_102.html#breadcrumb"},"inLanguage":"en-US","potentialAction":[{"@type":"ReadAction","target":["https:\/\/www.fcbarcelonanoticias.com\/en\/laliga\/barca-doesn-fail-against-elche-and-remains-2nd-in-laliga-3-1_315170_102.html"]}]},{"@type":"ImageObject","inLanguage":"en-US","@id":"https:\/\/www.fcbarcelonanoticias.com\/en\/laliga\/barca-doesn-fail-against-elche-and-remains-2nd-in-laliga-3-1_315170_102.html#primaryimage","url":"https:\/\/www.fcbarcelonanoticias.com\/en\/wp-content\/uploads\/sites\/2\/2025\/11\/fc-barcelona-v-elche-cf-laliga-ea-sports-4-1-scaled.webp","contentUrl":"https:\/\/www.fcbarcelonanoticias.com\/en\/wp-content\/uploads\/sites\/2\/2025\/11\/fc-barcelona-v-elche-cf-laliga-ea-sports-4-1-scaled.webp","width":2560,"height":1707},{"@type":"BreadcrumbList","@id":"https:\/\/www.fcbarcelonanoticias.com\/en\/laliga\/barca-doesn-fail-against-elche-and-remains-2nd-in-laliga-3-1_315170_102.html#breadcrumb","itemListElement":[{"@type":"ListItem","position":1,"name":"Portada","item":"https:\/\/www.fcbarcelonanoticias.com\/en\/"},{"@type":"ListItem","position":2,"name":"Barcelona 3-1 Elche: Flick&#8217;s team doesn&#8217;t fail in Montju\u00efc and recovers 2nd place in LaLiga"}]},{"@type":"WebSite","@id":"https:\/\/www.fcbarcelonanoticias.com\/en\/#website","url":"https:\/\/www.fcbarcelonanoticias.com\/en\/","name":"EN - FC Barcelona Noticias","description":"","potentialAction":[{"@type":"SearchAction","target":{"@type":"EntryPoint","urlTemplate":"https:\/\/www.fcbarcelonanoticias.com\/en\/?s={search_term_string}"},"query-input":{"@type":"PropertyValueSpecification","valueRequired":true,"valueName":"search_term_string"}}],"inLanguage":"en-US"},{"@type":"Person","@id":"https:\/\/www.fcbarcelonanoticias.com\/en\/#\/schema\/person\/c2cd9f6fa1af5c0d0eccd0fefa575c88","name":"Andr\u00e9s Quiroz","image":{"@type":"ImageObject","inLanguage":"en-US","@id":"https:\/\/secure.gravatar.com\/avatar\/?s=96&d=mm&r=g","url":"https:\/\/secure.gravatar.com\/avatar\/?s=96&d=mm&r=g","contentUrl":"https:\/\/secure.gravatar.com\/avatar\/?s=96&d=mm&r=g","caption":"Andr\u00e9s Quiroz"},"description":"Licenciado en Periodismo por la Universidad de los Andes. Me encargo de analizar y compartir los contenidos m\u00e1s destacados de la\u00a0actualidad del F\u00fatbol Club Barcelona, Mercado de Fichajes y F\u00fatbol Internacional en FCBN. La informaci\u00f3n es poder, pero tambi\u00e9n conocimiento.","url":"https:\/\/www.fcbarcelonanoticias.com\/en\/fc-barcelona\/andres-quiroz_17_115.html"}]}},"_links":{"self":[{"href":"https:\/\/www.fcbarcelonanoticias.com\/en\/wp-json\/wp\/v2\/posts\/49666","targetHints":{"allow":["GET"]}}],"collection":[{"href":"https:\/\/www.fcbarcelonanoticias.com\/en\/wp-json\/wp\/v2\/posts"}],"about":[{"href":"https:\/\/www.fcbarcelonanoticias.com\/en\/wp-json\/wp\/v2\/types\/post"}],"author":[{"embeddable":true,"href":"https:\/\/www.fcbarcelonanoticias.com\/en\/wp-json\/wp\/v2\/users\/347"}],"replies":[{"embeddable":true,"href":"https:\/\/www.fcbarcelonanoticias.com\/en\/wp-json\/wp\/v2\/comments?post=49666"}],"version-history":[{"count":2,"href":"https:\/\/www.fcbarcelonanoticias.com\/en\/wp-json\/wp\/v2\/posts\/49666\/revisions"}],"predecessor-version":[{"id":158941,"href":"https:\/\/www.fcbarcelonanoticias.com\/en\/wp-json\/wp\/v2\/posts\/49666\/revisions\/158941"}],"wp:featuredmedia":[{"embeddable":true,"href":"https:\/\/www.fcbarcelonanoticias.com\/en\/wp-json\/wp\/v2\/media\/49670"}],"wp:attachment":[{"href":"https:\/\/www.fcbarcelonanoticias.com\/en\/wp-json\/wp\/v2\/media?parent=49666"}],"wp:term":[{"taxonomy":"category","embeddable":true,"href":"https:\/\/www.fcbarcelonanoticias.com\/en\/wp-json\/wp\/v2\/categories?post=49666"},{"taxonomy":"post_tag","embeddable":true,"href":"https:\/\/www.fcbarcelonanoticias.com\/en\/wp-json\/wp\/v2\/tags?post=49666"}],"curies":[{"name":"wp","href":"https:\/\/api.w.org\/{rel}","templated":true}]}}