{"id":49678,"date":"2025-08-25T01:19:00","date_gmt":"2025-08-24T23:19:00","guid":{"rendered":"https:\/\/weisetech.dev\/fc-barcelona-noticias\/en\/balde-reacts-after-the-controversial-penalty-against-everything_314377_102\/"},"modified":"2025-08-25T01:26:00","modified_gmt":"2025-08-24T23:26:00","slug":"balde-reacts-after-the-controversial-penalty-against-everything_314377_102","status":"publish","type":"post","link":"https:\/\/www.fcbarcelonanoticias.com\/en\/laliga\/balde-reacts-after-the-controversial-penalty-against-everything_314377_102.html","title":{"rendered":"Balde speaks out after the controversial penalty: &#8216;Against everything!&#8217;"},"content":{"rendered":"<h2 class=\"wp-block-heading\">Balde speaks out after the controversial penalty: &#8216;Against everything!&#8217;<\/h2>  \r\n<div class=\"article-addons\">\r\n    <a href=\"https:\/\/www.fcbarcelonanoticias.com\/en\/calendar-fc-barcelona.html\"\r\n       target=\"_self\"\r\n       title=\"Calendar of FC Barcelona\"\r\n       class=\"blue-gredient-btn\">\r\n       \r\n        Calendar of FC Barcelona    <\/a>\r\n<\/div>   <p><a data-external=\"0\" data-intl-links-en=\"https:\/\/www.fcbarcelonanoticias.com\/en\/laliga\/highlights-levante-2-3-fc-barcelona-laliga-2025-26_314345_102.html\" data-intl-links-es=\"https:\/\/www.fcbarcelonanoticias.com\/laliga\/highlights-levante-2-3-fc-barcelona-laliga-2025-26_314345_102.html\" href=\"https:\/\/www.fcbarcelonanoticias.com\/en\/laliga\/highlights-levante-2-3-fc-barcelona-laliga-2025-26_314345_102.html\" rel=\"follow\" target=\"_self\" title=\"HIGHLIGHTS: Levante 2-3 FC Barcelona | LaLiga 2025\/26\">FC Barcelona came back against Levante at the Ciutat de Val\u00e8ncia Stadium in the second matchday of LaLiga EA Sports 25\/26<\/a>. Despite the epic victory, the game was marred by bad refereeing decisions, one of which was when <strong>Alejandro Hern\u00e1ndez<\/strong> awarded a penalty to the Valencian team after seeing an alleged handball by Alejandro Balde in the area. The &#8216;3&#8217; of the &#8216;Cul\u00e9s&#8217; reacted on his social networks.<\/p>  <div data-oembed-url=\"https:\/\/www.instagram.com\/p\/DNtvoD92AcA\/?img_index=1\"> <blockquote class=\"instagram-media\" data-instgrm-permalink=\"https:\/\/www.instagram.com\/p\/DNtvoD92AcA\/?utm_source=ig_embed&amp;utm_campaign=loading\" data-instgrm-version=\"14\" style=\" background:#FFF; border:0; border-radius:3px; box-shadow:0 0 1px 0 rgba(0,0,0,0.5),0 1px 10px 0 rgba(0,0,0,0.15); margin: 1px; max-width:658px; min-width:326px; padding:0; width:99.375%; width:-webkit-calc(100% - 2px); width:calc(100% - 2px);\"> <div style=\"padding:16px;\"> <div style=\" display: flex; flex-direction: row; align-items: center;\"> <div style=\"background-color: #F4F4F4; border-radius: 50%; flex-grow: 0; height: 40px; margin-right: 14px; width: 40px;\">&nbsp;<\/div>  <div style=\"display: flex; flex-direction: column; flex-grow: 1; justify-content: center;\"> <div style=\" background-color: #F4F4F4; border-radius: 4px; flex-grow: 0; height: 14px; margin-bottom: 6px; width: 100px;\">&nbsp;<\/div>  <div style=\" background-color: #F4F4F4; border-radius: 4px; flex-grow: 0; height: 14px; width: 60px;\">&nbsp;<\/div> <\/div> <\/div>  <div style=\"padding: 19% 0;\">&nbsp;<\/div>  <div style=\"display:block; height:50px; margin:0 auto 12px; width:50px;\"><a href=\"https:\/\/www.instagram.com\/en\/p\/DNtvoD92AcA\/?utm_source=ig_embed&amp;utm_campaign=loading\" style=\" background:#FFFFFF; line-height:0; padding:0 0; text-align:center; text-decoration:none; width:100%;\" target=\"_blank\"><svg height=\"50px\" version=\"1.1\" viewBox=\"0 0 60 60\" width=\"50px\" xmlns=\"https:\/\/www.w3.org\/2000\/svg\" xmlns:xlink=\"https:\/\/www.w3.org\/1999\/xlink\"><g fill=\"none\" fill-rule=\"evenodd\" stroke=\"none\" stroke-width=\"1\"><g fill=\"#000000\" transform=\"translate(-511.000000, -20.000000)\"><g><path d=\"M556.869,30.41 C554.814,30.41 553.148,32.076 553.148,34.131 C553.148,36.186 554.814,37.852 556.869,37.852 C558.924,37.852 560.59,36.186 560.59,34.131 C560.59,32.076 558.924,30.41 556.869,30.41 M541,60.657 C535.114,60.657 530.342,55.887 530.342,50 C530.342,44.114 535.114,39.342 541,39.342 C546.887,39.342 551.658,44.114 551.658,50 C551.658,55.887 546.887,60.657 541,60.657 M541,33.886 C532.1,33.886 524.886,41.1 524.886,50 C524.886,58.899 532.1,66.113 541,66.113 C549.9,66.113 557.115,58.899 557.115,50 C557.115,41.1 549.9,33.886 541,33.886 M565.378,62.101 C565.244,65.022 564.756,66.606 564.346,67.663 C563.803,69.06 563.154,70.057 562.106,71.106 C561.058,72.155 560.06,72.803 558.662,73.347 C557.607,73.757 556.021,74.244 553.102,74.378 C549.944,74.521 548.997,74.552 541,74.552 C533.003,74.552 532.056,74.521 528.898,74.378 C525.979,74.244 524.393,73.757 523.338,73.347 C521.94,72.803 520.942,72.155 519.894,71.106 C518.846,70.057 518.197,69.06 517.654,67.663 C517.244,66.606 516.755,65.022 516.623,62.101 C516.479,58.943 516.448,57.996 516.448,50 C516.448,42.003 516.479,41.056 516.623,37.899 C516.755,34.978 517.244,33.391 517.654,32.338 C518.197,30.938 518.846,29.942 519.894,28.894 C520.942,27.846 521.94,27.196 523.338,26.654 C524.393,26.244 525.979,25.756 528.898,25.623 C532.057,25.479 533.004,25.448 541,25.448 C548.997,25.448 549.943,25.479 553.102,25.623 C556.021,25.756 557.607,26.244 558.662,26.654 C560.06,27.196 561.058,27.846 562.106,28.894 C563.154,29.942 563.803,30.938 564.346,32.338 C564.756,33.391 565.244,34.978 565.378,37.899 C565.522,41.056 565.552,42.003 565.552,50 C565.552,57.996 565.522,58.943 565.378,62.101 M570.82,37.631 C570.674,34.438 570.167,32.258 569.425,30.349 C568.659,28.377 567.633,26.702 565.965,25.035 C564.297,23.368 562.623,22.342 560.652,21.575 C558.743,20.834 556.562,20.326 553.369,20.18 C550.169,20.033 549.148,20 541,20 C532.853,20 531.831,20.033 528.631,20.18 C525.438,20.326 523.257,20.834 521.349,21.575 C519.376,22.342 517.703,23.368 516.035,25.035 C514.368,26.702 513.342,28.377 512.574,30.349 C511.834,32.258 511.326,34.438 511.181,37.631 C511.035,40.831 511,41.851 511,50 C511,58.147 511.035,59.17 511.181,62.369 C511.326,65.562 511.834,67.743 512.574,69.651 C513.342,71.625 514.368,73.296 516.035,74.965 C517.703,76.634 519.376,77.658 521.349,78.425 C523.257,79.167 525.438,79.673 528.631,79.82 C531.831,79.965 532.853,80.001 541,80.001 C549.148,80.001 550.169,79.965 553.369,79.82 C556.562,79.673 558.743,79.167 560.652,78.425 C562.623,77.658 564.297,76.634 565.965,74.965 C567.633,73.296 568.659,71.625 569.425,69.651 C570.167,67.743 570.674,65.562 570.82,62.369 C570.966,59.17 571,58.147 571,50 C571,41.851 570.966,40.831 570.82,37.631\"><\/path><\/g><\/g><\/g><\/svg><\/a><\/div>  <div style=\"padding-top: 8px;\"> <div style=\" color:#3897f0; font-family:Arial,sans-serif; font-size:14px; font-style:normal; font-weight:550; line-height:18px;\"><a href=\"https:\/\/www.instagram.com\/en\/p\/DNtvoD92AcA\/?utm_source=ig_embed&amp;utm_campaign=loading\" style=\" background:#FFFFFF; line-height:0; padding:0 0; text-align:center; text-decoration:none; width:100%;\" target=\"_blank\">View this post on Instagram<\/a><\/div> <\/div>  <div style=\"padding: 12.5% 0;\">&nbsp;<\/div>  <div style=\"display: flex; flex-direction: row; margin-bottom: 14px; align-items: center;\"> <div> <div style=\"background-color: #F4F4F4; border-radius: 50%; height: 12.5px; width: 12.5px; transform: translateX(0px) translateY(7px);\">&nbsp;<\/div>  <div style=\"background-color: #F4F4F4; height: 12.5px; transform: rotate(-45deg) translateX(3px) translateY(1px); width: 12.5px; flex-grow: 0; margin-right: 14px; margin-left: 2px;\">&nbsp;<\/div>  <div style=\"background-color: #F4F4F4; border-radius: 50%; height: 12.5px; width: 12.5px; transform: translateX(9px) translateY(-18px);\">&nbsp;<\/div> <\/div>  <div style=\"margin-left: 8px;\"> <div style=\" background-color: #F4F4F4; border-radius: 50%; flex-grow: 0; height: 20px; width: 20px;\">&nbsp;<\/div>  <div style=\" width: 0; height: 0; border-top: 2px solid transparent; border-left: 6px solid #f4f4f4; border-bottom: 2px solid transparent; transform: translateX(16px) translateY(-4px) rotate(30deg)\">&nbsp;<\/div> <\/div>  <div style=\"margin-left: auto;\"> <div style=\" width: 0px; border-top: 8px solid #F4F4F4; border-right: 8px solid transparent; transform: translateY(16px);\">&nbsp;<\/div>  <div style=\" background-color: #F4F4F4; flex-grow: 0; height: 12px; width: 16px; transform: translateY(-4px);\">&nbsp;<\/div>  <div style=\" width: 0; height: 0; border-top: 8px solid #F4F4F4; border-left: 8px solid transparent; transform: translateY(-4px) translateX(8px);\">&nbsp;<\/div> <\/div> <\/div>  <div style=\"display: flex; flex-direction: column; flex-grow: 1; justify-content: center; margin-bottom: 24px;\"> <div style=\" background-color: #F4F4F4; border-radius: 4px; flex-grow: 0; height: 14px; margin-bottom: 6px; width: 224px;\">&nbsp;<\/div>  <div style=\" background-color: #F4F4F4; border-radius: 4px; flex-grow: 0; height: 14px; width: 144px;\">&nbsp;<\/div> <\/div>  <p style=\" color:#c9c8cd; font-family:Arial,sans-serif; font-size:14px; line-height:17px; margin-bottom:0; margin-top:8px; overflow:hidden; padding:8px 0 7px; text-align:center; text-overflow:ellipsis; white-space:nowrap;\"><a href=\"https:\/\/www.instagram.com\/en\/p\/DNtvoD92AcA\/?utm_source=ig_embed&amp;utm_campaign=loading\" style=\" color:#c9c8cd; font-family:Arial,sans-serif; font-size:14px; font-style:normal; font-weight:normal; line-height:17px; text-decoration:none;\" target=\"_blank\">A post shared by ALEJANDRO BALDE (@alejandrobalde)<\/a><\/p> <\/div> <\/blockquote>  <\/div>  <p><strong>&#8220;Against everything!, 3 very important points. We continue!&#8221;<\/strong>, Balde indicated in an Instagram post where he put images of him playing the match. Then he uploaded a story on the social network where he quoted a publication with the play of the hand, to which he responded with a laughing emoji.<\/p>  <h2>Neither Flick nor Pedri agree that there was no handball by Balde<\/h2>  <p>Both <strong>Hansi Flick<\/strong> and <strong>Pedri<\/strong> have been consulted about the controversial play by Balde in the first half. The coach and the &#8216;8&#8217; of the &#8216;Cul\u00e9s&#8217; agree that it was not a clear play. <strong>&#8220;I can&#8217;t say if it has been clear or not (the penalty handball). Today&#8217;s play has not been clear,<\/strong> but we have to accept it,&#8221; declared the coach in the press conference.<\/p>  <p>In that same vein, <a data-external=\"0\" data-intl-links-en=\"https:\/\/www.fcbarcelonanoticias.com\/en\/laliga\/mvp-is-back-pedri-leads-barcelona-comeback_314350_102.html\" data-intl-links-es=\"https:\/\/www.fcbarcelonanoticias.com\/laliga\/mvp-esta-vuelta-pedri-lidera-remotada-barca-con-golazo_314350_102.html\" href=\"https:\/\/www.fcbarcelonanoticias.com\/en\/laliga\/mvp-is-back-pedri-leads-barcelona-comeback_314350_102.html\" rel=\"follow\" target=\"_self\" title=\"\u00a1El 'MVP' est\u00e1 de vuelta! Pedri lidera la remotada del Bar\u00e7a con un golazo\">Pedri, author of the first goal of Bar\u00e7a&#8217;s comeback<\/a>, considered that it was not an action as clear as others such as Tchouam\u00e9ni&#8217;s handball in Montju\u00efc.<\/p>  <h2>Balde has consolidated himself on the left wing of Bar\u00e7a<\/h2>  <p>Alejandro Balde, at only 22 years old, has become Flick&#8217;s immovable player. He has played the last 10 games, including friendlies. A hamstring injury prevented him from being in seven consecutive games between April and May, otherwise he has been able to be at the disposal of the German coach.<\/p>  <p>In this course he has a yellow card and has been able to add 144 minutes. <strong>Jofre Torrents<\/strong> would be his replacement, he debuted against <strong>Mallorca<\/strong>, since <strong>Gerard Mart\u00edn<\/strong> has not been able to be registered. The left wing of Bar\u00e7a is more than shielded.<\/p> ","protected":false},"excerpt":{"rendered":"<p>Balde speaks out after the controversial penalty: &#8216;Against everything!&#8217; FC Barcelona came back against Levante at the Ciutat de Val\u00e8ncia Stadium in the second matchday of LaLiga EA Sports 25\/26. Despite the epic victory, the game was marred by bad refereeing decisions, one of which was when Alejandro Hern\u00e1ndez awarded a penalty to the Valencian [&hellip;]<\/p>\n","protected":false},"author":362,"featured_media":49681,"comment_status":"closed","ping_status":"open","sticky":false,"template":"","format":"standard","meta":{"_acf_changed":false,"inline_featured_image":false,"_nextfly_llmd_date_locked":false,"footnotes":""},"categories":[448,114],"tags":[461,217,368,194],"class_list":["post-49678","post","type-post","status-publish","format-standard","has-post-thumbnail","hentry","category-laliga-2","category-laliga","tag-alejandro-balde-2","tag-alejandro-balde","tag-fc-barcelona-vs-levante","tag-var"],"acf":[],"yoast_head":"<!-- This site is optimized with the Yoast SEO plugin v27.3 - https:\/\/yoast.com\/product\/yoast-seo-wordpress\/ -->\n<title>Balde reacts after the controversial penalty: &#039;Against everything!&#039;<\/title>\n<meta name=\"description\" content=\"Alejandro Balde was the protagonist in the play of the penalty of Levante. The left back reacted to the controversial penalty on his social networks\" \/>\n<meta name=\"robots\" content=\"index, follow, max-snippet:-1, max-image-preview:large, max-video-preview:-1\" \/>\n<link rel=\"canonical\" href=\"https:\/\/www.fcbarcelonanoticias.com\/en\/laliga\/balde-reacts-after-the-controversial-penalty-against-everything_314377_102.html\" \/>\n<meta property=\"og:locale\" content=\"en_US\" \/>\n<meta property=\"og:type\" content=\"article\" \/>\n<meta property=\"og:title\" content=\"Balde reacts after the controversial penalty: &#039;Against everything!&#039;\" \/>\n<meta property=\"og:description\" content=\"Alejandro Balde was the protagonist in the play of the penalty of Levante. The left back reacted to the controversial penalty on his social networks\" \/>\n<meta property=\"og:url\" content=\"https:\/\/www.fcbarcelonanoticias.com\/en\/laliga\/balde-reacts-after-the-controversial-penalty-against-everything_314377_102.html\" \/>\n<meta property=\"og:site_name\" content=\"EN - FC Barcelona Noticias\" \/>\n<meta property=\"article:published_time\" content=\"2025-08-24T23:19:00+00:00\" \/>\n<meta property=\"article:modified_time\" content=\"2025-08-24T23:26:00+00:00\" \/>\n<meta property=\"og:image\" content=\"https:\/\/www.fcbarcelonanoticias.com\/en\/wp-content\/uploads\/sites\/2\/2025\/08\/alejandro-balde-v-levante-laliga.webp\" \/>\n\t<meta property=\"og:image:width\" content=\"1200\" \/>\n\t<meta property=\"og:image:height\" content=\"675\" \/>\n\t<meta property=\"og:image:type\" content=\"image\/webp\" \/>\n<meta name=\"author\" content=\"Reinaldo David\" \/>\n<meta name=\"twitter:card\" content=\"summary_large_image\" \/>\n<meta name=\"twitter:label1\" content=\"Written by\" \/>\n\t<meta name=\"twitter:data1\" content=\"Reinaldo David\" \/>\n\t<meta name=\"twitter:label2\" content=\"Est. reading time\" \/>\n\t<meta name=\"twitter:data2\" content=\"2 minutes\" \/>\n<script type=\"application\/ld+json\" class=\"yoast-schema-graph\">{\"@context\":\"https:\\\/\\\/schema.org\",\"@graph\":[{\"@type\":\"Article\",\"@id\":\"https:\\\/\\\/www.fcbarcelonanoticias.com\\\/en\\\/laliga\\\/balde-reacts-after-the-controversial-penalty-against-everything_314377_102.html#article\",\"isPartOf\":{\"@id\":\"https:\\\/\\\/www.fcbarcelonanoticias.com\\\/en\\\/laliga\\\/balde-reacts-after-the-controversial-penalty-against-everything_314377_102.html\"},\"author\":{\"name\":\"Reinaldo David\",\"@id\":\"https:\\\/\\\/www.fcbarcelonanoticias.com\\\/en\\\/#\\\/schema\\\/person\\\/f7c2a90edfe1134cfd813911ba5c0178\"},\"headline\":\"Balde speaks out after the controversial penalty: &#8216;Against everything!&#8217;\",\"datePublished\":\"2025-08-24T23:19:00+00:00\",\"dateModified\":\"2025-08-24T23:26:00+00:00\",\"mainEntityOfPage\":{\"@id\":\"https:\\\/\\\/www.fcbarcelonanoticias.com\\\/en\\\/laliga\\\/balde-reacts-after-the-controversial-penalty-against-everything_314377_102.html\"},\"wordCount\":385,\"image\":{\"@id\":\"https:\\\/\\\/www.fcbarcelonanoticias.com\\\/en\\\/laliga\\\/balde-reacts-after-the-controversial-penalty-against-everything_314377_102.html#primaryimage\"},\"thumbnailUrl\":\"https:\\\/\\\/www.fcbarcelonanoticias.com\\\/en\\\/wp-content\\\/uploads\\\/sites\\\/2\\\/2025\\\/08\\\/alejandro-balde-v-levante-laliga.webp\",\"keywords\":[\"Alejandro Balde\",\"Alejandro Balde\",\"FC Barcelona vs Levante\",\"VAR\"],\"articleSection\":[\"LaLiga\",\"LaLiga\"],\"inLanguage\":\"en-US\"},{\"@type\":\"WebPage\",\"@id\":\"https:\\\/\\\/www.fcbarcelonanoticias.com\\\/en\\\/laliga\\\/balde-reacts-after-the-controversial-penalty-against-everything_314377_102.html\",\"url\":\"https:\\\/\\\/www.fcbarcelonanoticias.com\\\/en\\\/laliga\\\/balde-reacts-after-the-controversial-penalty-against-everything_314377_102.html\",\"name\":\"Balde reacts after the controversial penalty: 'Against everything!'\",\"isPartOf\":{\"@id\":\"https:\\\/\\\/www.fcbarcelonanoticias.com\\\/en\\\/#website\"},\"primaryImageOfPage\":{\"@id\":\"https:\\\/\\\/www.fcbarcelonanoticias.com\\\/en\\\/laliga\\\/balde-reacts-after-the-controversial-penalty-against-everything_314377_102.html#primaryimage\"},\"image\":{\"@id\":\"https:\\\/\\\/www.fcbarcelonanoticias.com\\\/en\\\/laliga\\\/balde-reacts-after-the-controversial-penalty-against-everything_314377_102.html#primaryimage\"},\"thumbnailUrl\":\"https:\\\/\\\/www.fcbarcelonanoticias.com\\\/en\\\/wp-content\\\/uploads\\\/sites\\\/2\\\/2025\\\/08\\\/alejandro-balde-v-levante-laliga.webp\",\"datePublished\":\"2025-08-24T23:19:00+00:00\",\"dateModified\":\"2025-08-24T23:26:00+00:00\",\"author\":{\"@id\":\"https:\\\/\\\/www.fcbarcelonanoticias.com\\\/en\\\/#\\\/schema\\\/person\\\/f7c2a90edfe1134cfd813911ba5c0178\"},\"description\":\"Alejandro Balde was the protagonist in the play of the penalty of Levante. The left back reacted to the controversial penalty on his social networks\",\"breadcrumb\":{\"@id\":\"https:\\\/\\\/www.fcbarcelonanoticias.com\\\/en\\\/laliga\\\/balde-reacts-after-the-controversial-penalty-against-everything_314377_102.html#breadcrumb\"},\"inLanguage\":\"en-US\",\"potentialAction\":[{\"@type\":\"ReadAction\",\"target\":[\"https:\\\/\\\/www.fcbarcelonanoticias.com\\\/en\\\/laliga\\\/balde-reacts-after-the-controversial-penalty-against-everything_314377_102.html\"]}]},{\"@type\":\"ImageObject\",\"inLanguage\":\"en-US\",\"@id\":\"https:\\\/\\\/www.fcbarcelonanoticias.com\\\/en\\\/laliga\\\/balde-reacts-after-the-controversial-penalty-against-everything_314377_102.html#primaryimage\",\"url\":\"https:\\\/\\\/www.fcbarcelonanoticias.com\\\/en\\\/wp-content\\\/uploads\\\/sites\\\/2\\\/2025\\\/08\\\/alejandro-balde-v-levante-laliga.webp\",\"contentUrl\":\"https:\\\/\\\/www.fcbarcelonanoticias.com\\\/en\\\/wp-content\\\/uploads\\\/sites\\\/2\\\/2025\\\/08\\\/alejandro-balde-v-levante-laliga.webp\",\"width\":1200,\"height\":675},{\"@type\":\"BreadcrumbList\",\"@id\":\"https:\\\/\\\/www.fcbarcelonanoticias.com\\\/en\\\/laliga\\\/balde-reacts-after-the-controversial-penalty-against-everything_314377_102.html#breadcrumb\",\"itemListElement\":[{\"@type\":\"ListItem\",\"position\":1,\"name\":\"Portada\",\"item\":\"https:\\\/\\\/www.fcbarcelonanoticias.com\\\/en\\\/\"},{\"@type\":\"ListItem\",\"position\":2,\"name\":\"Balde speaks out after the controversial penalty: &#8216;Against everything!&#8217;\"}]},{\"@type\":\"WebSite\",\"@id\":\"https:\\\/\\\/www.fcbarcelonanoticias.com\\\/en\\\/#website\",\"url\":\"https:\\\/\\\/www.fcbarcelonanoticias.com\\\/en\\\/\",\"name\":\"EN - FC Barcelona Noticias\",\"description\":\"\",\"potentialAction\":[{\"@type\":\"SearchAction\",\"target\":{\"@type\":\"EntryPoint\",\"urlTemplate\":\"https:\\\/\\\/www.fcbarcelonanoticias.com\\\/en\\\/?s={search_term_string}\"},\"query-input\":{\"@type\":\"PropertyValueSpecification\",\"valueRequired\":true,\"valueName\":\"search_term_string\"}}],\"inLanguage\":\"en-US\"},{\"@type\":\"Person\",\"@id\":\"https:\\\/\\\/www.fcbarcelonanoticias.com\\\/en\\\/#\\\/schema\\\/person\\\/f7c2a90edfe1134cfd813911ba5c0178\",\"name\":\"Reinaldo David\",\"image\":{\"@type\":\"ImageObject\",\"inLanguage\":\"en-US\",\"@id\":\"https:\\\/\\\/secure.gravatar.com\\\/avatar\\\/?s=96&d=mm&r=g\",\"url\":\"https:\\\/\\\/secure.gravatar.com\\\/avatar\\\/?s=96&d=mm&r=g\",\"contentUrl\":\"https:\\\/\\\/secure.gravatar.com\\\/avatar\\\/?s=96&d=mm&r=g\",\"caption\":\"Reinaldo David\"},\"description\":\"Licenciado en Periodismo y redactor en\u00a0FCBN. Encargado de traerte todos los d\u00edas\u00a0la \u00faltima hora del Bar\u00e7a y del mercado de traspasos. Analista de LaLiga, la Champions, la Copa del Rey tambi\u00e9n de las principales ligas y competiciones europeas.\",\"url\":\"https:\\\/\\\/www.fcbarcelonanoticias.com\\\/en\\\/reinaldo-david_37_115.html\"}]}<\/script>\n<!-- \/ Yoast SEO plugin. -->","yoast_head_json":{"title":"Balde reacts after the controversial penalty: 'Against everything!'","description":"Alejandro Balde was the protagonist in the play of the penalty of Levante. The left back reacted to the controversial penalty on his social networks","robots":{"index":"index","follow":"follow","max-snippet":"max-snippet:-1","max-image-preview":"max-image-preview:large","max-video-preview":"max-video-preview:-1"},"canonical":"https:\/\/www.fcbarcelonanoticias.com\/en\/laliga\/balde-reacts-after-the-controversial-penalty-against-everything_314377_102.html","og_locale":"en_US","og_type":"article","og_title":"Balde reacts after the controversial penalty: 'Against everything!'","og_description":"Alejandro Balde was the protagonist in the play of the penalty of Levante. The left back reacted to the controversial penalty on his social networks","og_url":"https:\/\/www.fcbarcelonanoticias.com\/en\/laliga\/balde-reacts-after-the-controversial-penalty-against-everything_314377_102.html","og_site_name":"EN - FC Barcelona Noticias","article_published_time":"2025-08-24T23:19:00+00:00","article_modified_time":"2025-08-24T23:26:00+00:00","og_image":[{"width":1200,"height":675,"url":"https:\/\/www.fcbarcelonanoticias.com\/en\/wp-content\/uploads\/sites\/2\/2025\/08\/alejandro-balde-v-levante-laliga.webp","type":"image\/webp"}],"author":"Reinaldo David","twitter_card":"summary_large_image","twitter_misc":{"Written by":"Reinaldo David","Est. reading time":"2 minutes"},"schema":{"@context":"https:\/\/schema.org","@graph":[{"@type":"Article","@id":"https:\/\/www.fcbarcelonanoticias.com\/en\/laliga\/balde-reacts-after-the-controversial-penalty-against-everything_314377_102.html#article","isPartOf":{"@id":"https:\/\/www.fcbarcelonanoticias.com\/en\/laliga\/balde-reacts-after-the-controversial-penalty-against-everything_314377_102.html"},"author":{"name":"Reinaldo David","@id":"https:\/\/www.fcbarcelonanoticias.com\/en\/#\/schema\/person\/f7c2a90edfe1134cfd813911ba5c0178"},"headline":"Balde speaks out after the controversial penalty: &#8216;Against everything!&#8217;","datePublished":"2025-08-24T23:19:00+00:00","dateModified":"2025-08-24T23:26:00+00:00","mainEntityOfPage":{"@id":"https:\/\/www.fcbarcelonanoticias.com\/en\/laliga\/balde-reacts-after-the-controversial-penalty-against-everything_314377_102.html"},"wordCount":385,"image":{"@id":"https:\/\/www.fcbarcelonanoticias.com\/en\/laliga\/balde-reacts-after-the-controversial-penalty-against-everything_314377_102.html#primaryimage"},"thumbnailUrl":"https:\/\/www.fcbarcelonanoticias.com\/en\/wp-content\/uploads\/sites\/2\/2025\/08\/alejandro-balde-v-levante-laliga.webp","keywords":["Alejandro Balde","Alejandro Balde","FC Barcelona vs Levante","VAR"],"articleSection":["LaLiga","LaLiga"],"inLanguage":"en-US"},{"@type":"WebPage","@id":"https:\/\/www.fcbarcelonanoticias.com\/en\/laliga\/balde-reacts-after-the-controversial-penalty-against-everything_314377_102.html","url":"https:\/\/www.fcbarcelonanoticias.com\/en\/laliga\/balde-reacts-after-the-controversial-penalty-against-everything_314377_102.html","name":"Balde reacts after the controversial penalty: 'Against everything!'","isPartOf":{"@id":"https:\/\/www.fcbarcelonanoticias.com\/en\/#website"},"primaryImageOfPage":{"@id":"https:\/\/www.fcbarcelonanoticias.com\/en\/laliga\/balde-reacts-after-the-controversial-penalty-against-everything_314377_102.html#primaryimage"},"image":{"@id":"https:\/\/www.fcbarcelonanoticias.com\/en\/laliga\/balde-reacts-after-the-controversial-penalty-against-everything_314377_102.html#primaryimage"},"thumbnailUrl":"https:\/\/www.fcbarcelonanoticias.com\/en\/wp-content\/uploads\/sites\/2\/2025\/08\/alejandro-balde-v-levante-laliga.webp","datePublished":"2025-08-24T23:19:00+00:00","dateModified":"2025-08-24T23:26:00+00:00","author":{"@id":"https:\/\/www.fcbarcelonanoticias.com\/en\/#\/schema\/person\/f7c2a90edfe1134cfd813911ba5c0178"},"description":"Alejandro Balde was the protagonist in the play of the penalty of Levante. The left back reacted to the controversial penalty on his social networks","breadcrumb":{"@id":"https:\/\/www.fcbarcelonanoticias.com\/en\/laliga\/balde-reacts-after-the-controversial-penalty-against-everything_314377_102.html#breadcrumb"},"inLanguage":"en-US","potentialAction":[{"@type":"ReadAction","target":["https:\/\/www.fcbarcelonanoticias.com\/en\/laliga\/balde-reacts-after-the-controversial-penalty-against-everything_314377_102.html"]}]},{"@type":"ImageObject","inLanguage":"en-US","@id":"https:\/\/www.fcbarcelonanoticias.com\/en\/laliga\/balde-reacts-after-the-controversial-penalty-against-everything_314377_102.html#primaryimage","url":"https:\/\/www.fcbarcelonanoticias.com\/en\/wp-content\/uploads\/sites\/2\/2025\/08\/alejandro-balde-v-levante-laliga.webp","contentUrl":"https:\/\/www.fcbarcelonanoticias.com\/en\/wp-content\/uploads\/sites\/2\/2025\/08\/alejandro-balde-v-levante-laliga.webp","width":1200,"height":675},{"@type":"BreadcrumbList","@id":"https:\/\/www.fcbarcelonanoticias.com\/en\/laliga\/balde-reacts-after-the-controversial-penalty-against-everything_314377_102.html#breadcrumb","itemListElement":[{"@type":"ListItem","position":1,"name":"Portada","item":"https:\/\/www.fcbarcelonanoticias.com\/en\/"},{"@type":"ListItem","position":2,"name":"Balde speaks out after the controversial penalty: &#8216;Against everything!&#8217;"}]},{"@type":"WebSite","@id":"https:\/\/www.fcbarcelonanoticias.com\/en\/#website","url":"https:\/\/www.fcbarcelonanoticias.com\/en\/","name":"EN - FC Barcelona Noticias","description":"","potentialAction":[{"@type":"SearchAction","target":{"@type":"EntryPoint","urlTemplate":"https:\/\/www.fcbarcelonanoticias.com\/en\/?s={search_term_string}"},"query-input":{"@type":"PropertyValueSpecification","valueRequired":true,"valueName":"search_term_string"}}],"inLanguage":"en-US"},{"@type":"Person","@id":"https:\/\/www.fcbarcelonanoticias.com\/en\/#\/schema\/person\/f7c2a90edfe1134cfd813911ba5c0178","name":"Reinaldo David","image":{"@type":"ImageObject","inLanguage":"en-US","@id":"https:\/\/secure.gravatar.com\/avatar\/?s=96&d=mm&r=g","url":"https:\/\/secure.gravatar.com\/avatar\/?s=96&d=mm&r=g","contentUrl":"https:\/\/secure.gravatar.com\/avatar\/?s=96&d=mm&r=g","caption":"Reinaldo David"},"description":"Licenciado en Periodismo y redactor en\u00a0FCBN. Encargado de traerte todos los d\u00edas\u00a0la \u00faltima hora del Bar\u00e7a y del mercado de traspasos. Analista de LaLiga, la Champions, la Copa del Rey tambi\u00e9n de las principales ligas y competiciones europeas.","url":"https:\/\/www.fcbarcelonanoticias.com\/en\/reinaldo-david_37_115.html"}]}},"_links":{"self":[{"href":"https:\/\/www.fcbarcelonanoticias.com\/en\/wp-json\/wp\/v2\/posts\/49678","targetHints":{"allow":["GET"]}}],"collection":[{"href":"https:\/\/www.fcbarcelonanoticias.com\/en\/wp-json\/wp\/v2\/posts"}],"about":[{"href":"https:\/\/www.fcbarcelonanoticias.com\/en\/wp-json\/wp\/v2\/types\/post"}],"author":[{"embeddable":true,"href":"https:\/\/www.fcbarcelonanoticias.com\/en\/wp-json\/wp\/v2\/users\/362"}],"replies":[{"embeddable":true,"href":"https:\/\/www.fcbarcelonanoticias.com\/en\/wp-json\/wp\/v2\/comments?post=49678"}],"version-history":[{"count":4,"href":"https:\/\/www.fcbarcelonanoticias.com\/en\/wp-json\/wp\/v2\/posts\/49678\/revisions"}],"predecessor-version":[{"id":49680,"href":"https:\/\/www.fcbarcelonanoticias.com\/en\/wp-json\/wp\/v2\/posts\/49678\/revisions\/49680"}],"wp:featuredmedia":[{"embeddable":true,"href":"https:\/\/www.fcbarcelonanoticias.com\/en\/wp-json\/wp\/v2\/media\/49681"}],"wp:attachment":[{"href":"https:\/\/www.fcbarcelonanoticias.com\/en\/wp-json\/wp\/v2\/media?parent=49678"}],"wp:term":[{"taxonomy":"category","embeddable":true,"href":"https:\/\/www.fcbarcelonanoticias.com\/en\/wp-json\/wp\/v2\/categories?post=49678"},{"taxonomy":"post_tag","embeddable":true,"href":"https:\/\/www.fcbarcelonanoticias.com\/en\/wp-json\/wp\/v2\/tags?post=49678"}],"curies":[{"name":"wp","href":"https:\/\/api.w.org\/{rel}","templated":true}]}}