{"id":49709,"date":"2025-05-20T10:35:00","date_gmt":"2025-05-20T08:35:00","guid":{"rendered":"https:\/\/weisetech.dev\/fc-barcelona-noticias\/en\/baila-vini-baila-indignation-in-valencia-against-netflix-for-the-documentary-about-vinicius_312710_102\/"},"modified":"2025-05-20T10:35:00","modified_gmt":"2025-05-20T08:35:00","slug":"baila-vini-baila-indignation-in-valencia-against-netflix-for-the-documentary-about-vinicius_312710_102","status":"publish","type":"post","link":"https:\/\/www.fcbarcelonanoticias.com\/en\/laliga\/baila-vini-baila-indignation-in-valencia-against-netflix-for-the-documentary-about-vinicius_312710_102.html","title":{"rendered":"&#8220;Baila Vini, baila&#8221;: Indignation in Valencia against Netflix for the documentary about Vin\u00edcius"},"content":{"rendered":"<h2 class=\"wp-block-heading\">Valencia threatens Netflix with legal action over the Vin\u00edcius documentary.<\/h2>  \r\n<div class=\"article-addons\">\r\n    <a href=\"https:\/\/www.fcbarcelonanoticias.com\/en\/calendar-fc-barcelona.html\"\r\n       target=\"_self\"\r\n       title=\"Calendar of FC Barcelona\"\r\n       class=\"blue-gredient-btn\">\r\n       \r\n        Calendar of FC Barcelona    <\/a>\r\n<\/div>   <p>In the new episode of the eternal conflict between narrative and reality, the protagonist is neither a betrayed emperor nor a poisoned philosopher, but <strong>a Brazilian winger from Madridf, a stand of excited fans and a streaming platform<\/strong>.<\/p>  <p>The <em><strong>documentary Baila Vini, baila<\/strong><\/em>, fresh from the <em><strong>Netflix<\/strong><\/em> oven, has brought to light not only the scars of racism in <strong><a data-external=\"0\" data-intl-links-en=\"https:\/\/www.fcbarcelonanoticias.com\/en\/laliga\" data-intl-links-es=\"https:\/\/www.fcbarcelonanoticias.com\/laliga\" href=\"https:\/\/www.fcbarcelonanoticias.com\/en\/football-soccer\/laliga.html\" rel=\"follow\" target=\"_self\" title=\"LaLiga 2024\/25 - \u00daltimas noticias, partidos y resultados\">Spanish football<\/a><\/strong>, but also the sensitivity of clubs when it comes to managing their public image. And Valencia CF, in this case, has decided that it is not going to dance to the rhythm set by the audiovisual montage.<\/p>  <h2>Valencia denounces the distortion of the original audio<\/h2>  <p>The controversial scene is one that the scriptwriters of the modern scandal know well: images from the match on May 21, 2023 between <strong>Valencia and <a data-external=\"0\" data-intl-links-en=\"https:\/\/www.fcbarcelonanoticias.com\/en\/real-madrid\" data-intl-links-es=\"https:\/\/www.fcbarcelonanoticias.com\/real-madrid\" href=\"https:\/\/www.fcbarcelonanoticias.com\/en\/football-soccer\/real-madrid.html\" rel=\"follow\" target=\"_self\" title=\"Real Madrid - \u00daltimas noticias y resultados\">Real Madrid<\/a>,<\/strong> <strong>Vin\u00edcius pointing to the stands<\/strong>, shouts flying like stones, and subtitles that \u2014according to the Valencian club\u2014 distort the original audio.<\/p>  <p>Where the fans were shouting <strong>&#8220;fool, fool&#8221;, the documentary inserts &#8220;monkey, monkey&#8221;<\/strong>. Thus, from a football insult to another with racial connotations, there is only a change of text, but an abysmal ethical difference.<\/p>  <div data-oembed-url=\"https:\/\/x.com\/netflix\/status\/1923083461113290959\"> <blockquote align=\"center\" class=\"twitter-tweet\" data-dnt=\"true\"> <p dir=\"ltr\" lang=\"en\">From Brazil to the world \ud83c\udde7\ud83c\uddf7 Vini Jr. is now playing. <a href=\"https:\/\/t.co\/en\/PfdP5UtPHk\">pic.twitter.com\/PfdP5UtPHk<\/a><\/p> \u2014 Netflix (@netflix) <a href=\"https:\/\/twitter.com\/en\/netflix\/status\/1923083461113290959?ref_src=twsrc%5Etfw\">May 15, 2025<\/a> <\/blockquote>  <\/div>  <p>Valencia, with a twisted face and the judicial robe already on its shoulders, has declared that it will not allow its fans to be defamed by the acts of a few. Let us remember: there were <strong>three fans identified and sanctioned for racist insults that day. Three out of forty thousand<\/strong>. And yes, they were expelled from the stadium on the spot, and later convicted. But that does not prevent the images selected and subtitled in the documentary from painting a portrait that the club considers unfair, if not directly slanderous.<\/p>  <p>Here appears one of those antitheses as painful as they are illustrative: on the one hand, <strong>the fight against racism, which demands visibility, denunciation and firmness<\/strong>; on the other, the need for precision, not to confuse the forest with the tree or the stands with the thugs. Because in times of viral stories, the border between testimony and montage is more blurred than a <strong>VAR<\/strong> line in the 90th minute.<\/p>  <h2>Is Valencia&#8217;s anger exaggerated? Or is it legitimate to ask that a distinction be made between the mass and the stain?<\/h2>  <p>There is something almost biblical in this story: collective punishment versus individual sin, the totalizing narrative that crushes nuances in the name of drama. <strong>Netflix, as expected, has opted for rhythm, tension and effective editing<\/strong>. The truth, on the other hand, is usually rougher, less brilliant&#8230; and much more uncomfortable.<\/p>  <p><strong>Vin\u00edcius<\/strong>, for his part, has become a symbol of a just cause. But justice, as the Romans well knew, also requires balance: neither minimizing what happened, nor inflating it to the point of deforming it.<\/p>  <p>The denunciation of racism cannot become an alibi for simplification. Because in the end, the fight for a better society is also played out in the details. And in this match, no one should be defeated by a montage.<\/p>  <p><strong>Valencia demands rectification<\/strong>. The ball is now in <strong>Netflix&#8217;s<\/strong> court, where they are probably already weighing whether editing is worth more than the truth, or whether it is sometimes better to change the subtitles before the judges do.<\/p>  <p>Because in this dance between memory, justice and spectacle, every misstep can end in a lawsuit.<\/p> ","protected":false},"excerpt":{"rendered":"<p>Valencia threatens Netflix with legal action over the Vin\u00edcius documentary. In the new episode of the eternal conflict between narrative and reality, the protagonist is neither a betrayed emperor nor a poisoned philosopher, but a Brazilian winger from Madridf, a stand of excited fans and a streaming platform. The documentary Baila Vini, baila, fresh from [&hellip;]<\/p>\n","protected":false},"author":358,"featured_media":49712,"comment_status":"closed","ping_status":"open","sticky":false,"template":"","format":"standard","meta":{"_acf_changed":false,"inline_featured_image":false,"_nextfly_llmd_date_locked":false,"footnotes":""},"categories":[114,448],"tags":[175],"class_list":["post-49709","post","type-post","status-publish","format-standard","has-post-thumbnail","hentry","category-laliga","category-laliga-2","tag-viral"],"acf":[],"yoast_head":"<!-- This site is optimized with the Yoast SEO plugin v27.3 - https:\/\/yoast.com\/product\/yoast-seo-wordpress\/ -->\n<title>&quot;Baila Vini, baila&quot;: Indignation in Valencia against Netflix for the documentary about Vin\u00edcius<\/title>\n<meta name=\"description\" content=\"Valencia threatens Netflix with legal action over the &quot;lies&quot; in the Vin\u00edcius documentary.\" \/>\n<meta name=\"robots\" content=\"index, follow, max-snippet:-1, max-image-preview:large, max-video-preview:-1\" \/>\n<link rel=\"canonical\" href=\"https:\/\/www.fcbarcelonanoticias.com\/en\/laliga\/baila-vini-baila-indignation-in-valencia-against-netflix-for-the-documentary-about-vinicius_312710_102.html\" \/>\n<meta property=\"og:locale\" content=\"en_US\" \/>\n<meta property=\"og:type\" content=\"article\" \/>\n<meta property=\"og:title\" content=\"&quot;Baila Vini, baila&quot;: Indignation in Valencia against Netflix for the documentary about Vin\u00edcius\" \/>\n<meta property=\"og:description\" content=\"Valencia threatens Netflix with legal action over the &quot;lies&quot; in the Vin\u00edcius documentary.\" \/>\n<meta property=\"og:url\" content=\"https:\/\/www.fcbarcelonanoticias.com\/en\/laliga\/baila-vini-baila-indignation-in-valencia-against-netflix-for-the-documentary-about-vinicius_312710_102.html\" \/>\n<meta property=\"og:site_name\" content=\"EN - FC Barcelona Noticias\" \/>\n<meta property=\"article:published_time\" content=\"2025-05-20T08:35:00+00:00\" \/>\n<meta property=\"og:image\" content=\"https:\/\/www.fcbarcelonanoticias.com\/en\/wp-content\/uploads\/sites\/2\/2025\/05\/documental-netflix-vinicius-jr.jpeg\" \/>\n\t<meta property=\"og:image:width\" content=\"1200\" \/>\n\t<meta property=\"og:image:height\" content=\"676\" \/>\n\t<meta property=\"og:image:type\" content=\"image\/jpeg\" \/>\n<meta name=\"author\" content=\"Juan Pablo Berdugo\" \/>\n<meta name=\"twitter:card\" content=\"summary_large_image\" \/>\n<meta name=\"twitter:label1\" content=\"Written by\" \/>\n\t<meta name=\"twitter:data1\" content=\"Juan Pablo Berdugo\" \/>\n\t<meta name=\"twitter:label2\" content=\"Est. reading time\" \/>\n\t<meta name=\"twitter:data2\" content=\"3 minutes\" \/>\n<script type=\"application\/ld+json\" class=\"yoast-schema-graph\">{\"@context\":\"https:\\\/\\\/schema.org\",\"@graph\":[{\"@type\":\"Article\",\"@id\":\"https:\\\/\\\/www.fcbarcelonanoticias.com\\\/en\\\/laliga\\\/baila-vini-baila-indignation-in-valencia-against-netflix-for-the-documentary-about-vinicius_312710_102.html#article\",\"isPartOf\":{\"@id\":\"https:\\\/\\\/www.fcbarcelonanoticias.com\\\/en\\\/laliga\\\/baila-vini-baila-indignation-in-valencia-against-netflix-for-the-documentary-about-vinicius_312710_102.html\"},\"author\":{\"name\":\"Juan Pablo Berdugo\",\"@id\":\"https:\\\/\\\/www.fcbarcelonanoticias.com\\\/en\\\/#\\\/schema\\\/person\\\/88d756918a0a1ae9fa593b5edddd1815\"},\"headline\":\"&#8220;Baila Vini, baila&#8221;: Indignation in Valencia against Netflix for the documentary about Vin\u00edcius\",\"datePublished\":\"2025-05-20T08:35:00+00:00\",\"mainEntityOfPage\":{\"@id\":\"https:\\\/\\\/www.fcbarcelonanoticias.com\\\/en\\\/laliga\\\/baila-vini-baila-indignation-in-valencia-against-netflix-for-the-documentary-about-vinicius_312710_102.html\"},\"wordCount\":593,\"image\":{\"@id\":\"https:\\\/\\\/www.fcbarcelonanoticias.com\\\/en\\\/laliga\\\/baila-vini-baila-indignation-in-valencia-against-netflix-for-the-documentary-about-vinicius_312710_102.html#primaryimage\"},\"thumbnailUrl\":\"https:\\\/\\\/www.fcbarcelonanoticias.com\\\/en\\\/wp-content\\\/uploads\\\/sites\\\/2\\\/2025\\\/05\\\/documental-netflix-vinicius-jr.jpeg\",\"keywords\":[\"Viral\"],\"articleSection\":[\"LaLiga\",\"LaLiga\"],\"inLanguage\":\"en-US\"},{\"@type\":\"WebPage\",\"@id\":\"https:\\\/\\\/www.fcbarcelonanoticias.com\\\/en\\\/laliga\\\/baila-vini-baila-indignation-in-valencia-against-netflix-for-the-documentary-about-vinicius_312710_102.html\",\"url\":\"https:\\\/\\\/www.fcbarcelonanoticias.com\\\/en\\\/laliga\\\/baila-vini-baila-indignation-in-valencia-against-netflix-for-the-documentary-about-vinicius_312710_102.html\",\"name\":\"\\\"Baila Vini, baila\\\": Indignation in Valencia against Netflix for the documentary about Vin\u00edcius\",\"isPartOf\":{\"@id\":\"https:\\\/\\\/www.fcbarcelonanoticias.com\\\/en\\\/#website\"},\"primaryImageOfPage\":{\"@id\":\"https:\\\/\\\/www.fcbarcelonanoticias.com\\\/en\\\/laliga\\\/baila-vini-baila-indignation-in-valencia-against-netflix-for-the-documentary-about-vinicius_312710_102.html#primaryimage\"},\"image\":{\"@id\":\"https:\\\/\\\/www.fcbarcelonanoticias.com\\\/en\\\/laliga\\\/baila-vini-baila-indignation-in-valencia-against-netflix-for-the-documentary-about-vinicius_312710_102.html#primaryimage\"},\"thumbnailUrl\":\"https:\\\/\\\/www.fcbarcelonanoticias.com\\\/en\\\/wp-content\\\/uploads\\\/sites\\\/2\\\/2025\\\/05\\\/documental-netflix-vinicius-jr.jpeg\",\"datePublished\":\"2025-05-20T08:35:00+00:00\",\"author\":{\"@id\":\"https:\\\/\\\/www.fcbarcelonanoticias.com\\\/en\\\/#\\\/schema\\\/person\\\/88d756918a0a1ae9fa593b5edddd1815\"},\"description\":\"Valencia threatens Netflix with legal action over the \\\"lies\\\" in the Vin\u00edcius documentary.\",\"breadcrumb\":{\"@id\":\"https:\\\/\\\/www.fcbarcelonanoticias.com\\\/en\\\/laliga\\\/baila-vini-baila-indignation-in-valencia-against-netflix-for-the-documentary-about-vinicius_312710_102.html#breadcrumb\"},\"inLanguage\":\"en-US\",\"potentialAction\":[{\"@type\":\"ReadAction\",\"target\":[\"https:\\\/\\\/www.fcbarcelonanoticias.com\\\/en\\\/laliga\\\/baila-vini-baila-indignation-in-valencia-against-netflix-for-the-documentary-about-vinicius_312710_102.html\"]}]},{\"@type\":\"ImageObject\",\"inLanguage\":\"en-US\",\"@id\":\"https:\\\/\\\/www.fcbarcelonanoticias.com\\\/en\\\/laliga\\\/baila-vini-baila-indignation-in-valencia-against-netflix-for-the-documentary-about-vinicius_312710_102.html#primaryimage\",\"url\":\"https:\\\/\\\/www.fcbarcelonanoticias.com\\\/en\\\/wp-content\\\/uploads\\\/sites\\\/2\\\/2025\\\/05\\\/documental-netflix-vinicius-jr.jpeg\",\"contentUrl\":\"https:\\\/\\\/www.fcbarcelonanoticias.com\\\/en\\\/wp-content\\\/uploads\\\/sites\\\/2\\\/2025\\\/05\\\/documental-netflix-vinicius-jr.jpeg\",\"width\":1200,\"height\":676},{\"@type\":\"BreadcrumbList\",\"@id\":\"https:\\\/\\\/www.fcbarcelonanoticias.com\\\/en\\\/laliga\\\/baila-vini-baila-indignation-in-valencia-against-netflix-for-the-documentary-about-vinicius_312710_102.html#breadcrumb\",\"itemListElement\":[{\"@type\":\"ListItem\",\"position\":1,\"name\":\"Portada\",\"item\":\"https:\\\/\\\/www.fcbarcelonanoticias.com\\\/en\\\/\"},{\"@type\":\"ListItem\",\"position\":2,\"name\":\"&#8220;Baila Vini, baila&#8221;: Indignation in Valencia against Netflix for the documentary about Vin\u00edcius\"}]},{\"@type\":\"WebSite\",\"@id\":\"https:\\\/\\\/www.fcbarcelonanoticias.com\\\/en\\\/#website\",\"url\":\"https:\\\/\\\/www.fcbarcelonanoticias.com\\\/en\\\/\",\"name\":\"EN - FC Barcelona Noticias\",\"description\":\"\",\"potentialAction\":[{\"@type\":\"SearchAction\",\"target\":{\"@type\":\"EntryPoint\",\"urlTemplate\":\"https:\\\/\\\/www.fcbarcelonanoticias.com\\\/en\\\/?s={search_term_string}\"},\"query-input\":{\"@type\":\"PropertyValueSpecification\",\"valueRequired\":true,\"valueName\":\"search_term_string\"}}],\"inLanguage\":\"en-US\"},{\"@type\":\"Person\",\"@id\":\"https:\\\/\\\/www.fcbarcelonanoticias.com\\\/en\\\/#\\\/schema\\\/person\\\/88d756918a0a1ae9fa593b5edddd1815\",\"name\":\"Juan Pablo Berdugo\",\"image\":{\"@type\":\"ImageObject\",\"inLanguage\":\"en-US\",\"@id\":\"https:\\\/\\\/secure.gravatar.com\\\/avatar\\\/?s=96&d=mm&r=g\",\"url\":\"https:\\\/\\\/secure.gravatar.com\\\/avatar\\\/?s=96&d=mm&r=g\",\"contentUrl\":\"https:\\\/\\\/secure.gravatar.com\\\/avatar\\\/?s=96&d=mm&r=g\",\"caption\":\"Juan Pablo Berdugo\"},\"description\":\"Juan Pablo Berdugo es graduado en Periodismo. Colabora con FCBN como especialista en informaci\u00f3n del primer equipo del FC Barcelona, f\u00fatbol internacional y mercado de fichajes. Destaca por su enfoque anal\u00edtico, su rigor informativo y su capacidad para detectar tendencias emergentes en el f\u00fatbol global.\",\"url\":\"https:\\\/\\\/www.fcbarcelonanoticias.com\\\/en\\\/fc-barcelona\\\/juan-pablo-berdugo_18_115.html\"}]}<\/script>\n<!-- \/ Yoast SEO plugin. -->","yoast_head_json":{"title":"\"Baila Vini, baila\": Indignation in Valencia against Netflix for the documentary about Vin\u00edcius","description":"Valencia threatens Netflix with legal action over the \"lies\" in the Vin\u00edcius documentary.","robots":{"index":"index","follow":"follow","max-snippet":"max-snippet:-1","max-image-preview":"max-image-preview:large","max-video-preview":"max-video-preview:-1"},"canonical":"https:\/\/www.fcbarcelonanoticias.com\/en\/laliga\/baila-vini-baila-indignation-in-valencia-against-netflix-for-the-documentary-about-vinicius_312710_102.html","og_locale":"en_US","og_type":"article","og_title":"\"Baila Vini, baila\": Indignation in Valencia against Netflix for the documentary about Vin\u00edcius","og_description":"Valencia threatens Netflix with legal action over the \"lies\" in the Vin\u00edcius documentary.","og_url":"https:\/\/www.fcbarcelonanoticias.com\/en\/laliga\/baila-vini-baila-indignation-in-valencia-against-netflix-for-the-documentary-about-vinicius_312710_102.html","og_site_name":"EN - FC Barcelona Noticias","article_published_time":"2025-05-20T08:35:00+00:00","og_image":[{"width":1200,"height":676,"url":"https:\/\/www.fcbarcelonanoticias.com\/en\/wp-content\/uploads\/sites\/2\/2025\/05\/documental-netflix-vinicius-jr.jpeg","type":"image\/jpeg"}],"author":"Juan Pablo Berdugo","twitter_card":"summary_large_image","twitter_misc":{"Written by":"Juan Pablo Berdugo","Est. reading time":"3 minutes"},"schema":{"@context":"https:\/\/schema.org","@graph":[{"@type":"Article","@id":"https:\/\/www.fcbarcelonanoticias.com\/en\/laliga\/baila-vini-baila-indignation-in-valencia-against-netflix-for-the-documentary-about-vinicius_312710_102.html#article","isPartOf":{"@id":"https:\/\/www.fcbarcelonanoticias.com\/en\/laliga\/baila-vini-baila-indignation-in-valencia-against-netflix-for-the-documentary-about-vinicius_312710_102.html"},"author":{"name":"Juan Pablo Berdugo","@id":"https:\/\/www.fcbarcelonanoticias.com\/en\/#\/schema\/person\/88d756918a0a1ae9fa593b5edddd1815"},"headline":"&#8220;Baila Vini, baila&#8221;: Indignation in Valencia against Netflix for the documentary about Vin\u00edcius","datePublished":"2025-05-20T08:35:00+00:00","mainEntityOfPage":{"@id":"https:\/\/www.fcbarcelonanoticias.com\/en\/laliga\/baila-vini-baila-indignation-in-valencia-against-netflix-for-the-documentary-about-vinicius_312710_102.html"},"wordCount":593,"image":{"@id":"https:\/\/www.fcbarcelonanoticias.com\/en\/laliga\/baila-vini-baila-indignation-in-valencia-against-netflix-for-the-documentary-about-vinicius_312710_102.html#primaryimage"},"thumbnailUrl":"https:\/\/www.fcbarcelonanoticias.com\/en\/wp-content\/uploads\/sites\/2\/2025\/05\/documental-netflix-vinicius-jr.jpeg","keywords":["Viral"],"articleSection":["LaLiga","LaLiga"],"inLanguage":"en-US"},{"@type":"WebPage","@id":"https:\/\/www.fcbarcelonanoticias.com\/en\/laliga\/baila-vini-baila-indignation-in-valencia-against-netflix-for-the-documentary-about-vinicius_312710_102.html","url":"https:\/\/www.fcbarcelonanoticias.com\/en\/laliga\/baila-vini-baila-indignation-in-valencia-against-netflix-for-the-documentary-about-vinicius_312710_102.html","name":"\"Baila Vini, baila\": Indignation in Valencia against Netflix for the documentary about Vin\u00edcius","isPartOf":{"@id":"https:\/\/www.fcbarcelonanoticias.com\/en\/#website"},"primaryImageOfPage":{"@id":"https:\/\/www.fcbarcelonanoticias.com\/en\/laliga\/baila-vini-baila-indignation-in-valencia-against-netflix-for-the-documentary-about-vinicius_312710_102.html#primaryimage"},"image":{"@id":"https:\/\/www.fcbarcelonanoticias.com\/en\/laliga\/baila-vini-baila-indignation-in-valencia-against-netflix-for-the-documentary-about-vinicius_312710_102.html#primaryimage"},"thumbnailUrl":"https:\/\/www.fcbarcelonanoticias.com\/en\/wp-content\/uploads\/sites\/2\/2025\/05\/documental-netflix-vinicius-jr.jpeg","datePublished":"2025-05-20T08:35:00+00:00","author":{"@id":"https:\/\/www.fcbarcelonanoticias.com\/en\/#\/schema\/person\/88d756918a0a1ae9fa593b5edddd1815"},"description":"Valencia threatens Netflix with legal action over the \"lies\" in the Vin\u00edcius documentary.","breadcrumb":{"@id":"https:\/\/www.fcbarcelonanoticias.com\/en\/laliga\/baila-vini-baila-indignation-in-valencia-against-netflix-for-the-documentary-about-vinicius_312710_102.html#breadcrumb"},"inLanguage":"en-US","potentialAction":[{"@type":"ReadAction","target":["https:\/\/www.fcbarcelonanoticias.com\/en\/laliga\/baila-vini-baila-indignation-in-valencia-against-netflix-for-the-documentary-about-vinicius_312710_102.html"]}]},{"@type":"ImageObject","inLanguage":"en-US","@id":"https:\/\/www.fcbarcelonanoticias.com\/en\/laliga\/baila-vini-baila-indignation-in-valencia-against-netflix-for-the-documentary-about-vinicius_312710_102.html#primaryimage","url":"https:\/\/www.fcbarcelonanoticias.com\/en\/wp-content\/uploads\/sites\/2\/2025\/05\/documental-netflix-vinicius-jr.jpeg","contentUrl":"https:\/\/www.fcbarcelonanoticias.com\/en\/wp-content\/uploads\/sites\/2\/2025\/05\/documental-netflix-vinicius-jr.jpeg","width":1200,"height":676},{"@type":"BreadcrumbList","@id":"https:\/\/www.fcbarcelonanoticias.com\/en\/laliga\/baila-vini-baila-indignation-in-valencia-against-netflix-for-the-documentary-about-vinicius_312710_102.html#breadcrumb","itemListElement":[{"@type":"ListItem","position":1,"name":"Portada","item":"https:\/\/www.fcbarcelonanoticias.com\/en\/"},{"@type":"ListItem","position":2,"name":"&#8220;Baila Vini, baila&#8221;: Indignation in Valencia against Netflix for the documentary about Vin\u00edcius"}]},{"@type":"WebSite","@id":"https:\/\/www.fcbarcelonanoticias.com\/en\/#website","url":"https:\/\/www.fcbarcelonanoticias.com\/en\/","name":"EN - FC Barcelona Noticias","description":"","potentialAction":[{"@type":"SearchAction","target":{"@type":"EntryPoint","urlTemplate":"https:\/\/www.fcbarcelonanoticias.com\/en\/?s={search_term_string}"},"query-input":{"@type":"PropertyValueSpecification","valueRequired":true,"valueName":"search_term_string"}}],"inLanguage":"en-US"},{"@type":"Person","@id":"https:\/\/www.fcbarcelonanoticias.com\/en\/#\/schema\/person\/88d756918a0a1ae9fa593b5edddd1815","name":"Juan Pablo Berdugo","image":{"@type":"ImageObject","inLanguage":"en-US","@id":"https:\/\/secure.gravatar.com\/avatar\/?s=96&d=mm&r=g","url":"https:\/\/secure.gravatar.com\/avatar\/?s=96&d=mm&r=g","contentUrl":"https:\/\/secure.gravatar.com\/avatar\/?s=96&d=mm&r=g","caption":"Juan Pablo Berdugo"},"description":"Juan Pablo Berdugo es graduado en Periodismo. Colabora con FCBN como especialista en informaci\u00f3n del primer equipo del FC Barcelona, f\u00fatbol internacional y mercado de fichajes. Destaca por su enfoque anal\u00edtico, su rigor informativo y su capacidad para detectar tendencias emergentes en el f\u00fatbol global.","url":"https:\/\/www.fcbarcelonanoticias.com\/en\/fc-barcelona\/juan-pablo-berdugo_18_115.html"}]}},"_links":{"self":[{"href":"https:\/\/www.fcbarcelonanoticias.com\/en\/wp-json\/wp\/v2\/posts\/49709","targetHints":{"allow":["GET"]}}],"collection":[{"href":"https:\/\/www.fcbarcelonanoticias.com\/en\/wp-json\/wp\/v2\/posts"}],"about":[{"href":"https:\/\/www.fcbarcelonanoticias.com\/en\/wp-json\/wp\/v2\/types\/post"}],"author":[{"embeddable":true,"href":"https:\/\/www.fcbarcelonanoticias.com\/en\/wp-json\/wp\/v2\/users\/358"}],"replies":[{"embeddable":true,"href":"https:\/\/www.fcbarcelonanoticias.com\/en\/wp-json\/wp\/v2\/comments?post=49709"}],"version-history":[{"count":4,"href":"https:\/\/www.fcbarcelonanoticias.com\/en\/wp-json\/wp\/v2\/posts\/49709\/revisions"}],"predecessor-version":[{"id":49711,"href":"https:\/\/www.fcbarcelonanoticias.com\/en\/wp-json\/wp\/v2\/posts\/49709\/revisions\/49711"}],"wp:featuredmedia":[{"embeddable":true,"href":"https:\/\/www.fcbarcelonanoticias.com\/en\/wp-json\/wp\/v2\/media\/49712"}],"wp:attachment":[{"href":"https:\/\/www.fcbarcelonanoticias.com\/en\/wp-json\/wp\/v2\/media?parent=49709"}],"wp:term":[{"taxonomy":"category","embeddable":true,"href":"https:\/\/www.fcbarcelonanoticias.com\/en\/wp-json\/wp\/v2\/categories?post=49709"},{"taxonomy":"post_tag","embeddable":true,"href":"https:\/\/www.fcbarcelonanoticias.com\/en\/wp-json\/wp\/v2\/tags?post=49709"}],"curies":[{"name":"wp","href":"https:\/\/api.w.org\/{rel}","templated":true}]}}