{"id":4976,"date":"2023-11-08T02:05:00","date_gmt":"2023-11-08T01:05:00","guid":{"rendered":"https:\/\/weisetech.dev\/fc-barcelona-noticias\/en\/the-unexpected-defeat-of-the-psg-the-most-stood-out-of-the-rest-of-the-matchday-of-champions_297869_102\/"},"modified":"2023-11-08T02:05:00","modified_gmt":"2023-11-08T01:05:00","slug":"the-unexpected-defeat-of-the-psg-the-most-stood-out-of-the-rest-of-the-matchday-of-champions_297869_102","status":"publish","type":"post","link":"https:\/\/www.fcbarcelonanoticias.com\/en\/champions-league\/the-unexpected-defeat-of-the-psg-the-most-stood-out-of-the-rest-of-the-matchday-of-champions_297869_102.html","title":{"rendered":"PSG&#8217;s unexpected defeat, the highlight of the rest of the Champions League matchday"},"content":{"rendered":"<h2 class=\"wp-block-heading\">The Champions League began to go in this Tuesday in his more important stage of the phase of groups and the PSG could not keep his rhythm in the European competition, where besides already are the two first qualifiers to eighth<\/h2>  \r\n<div class=\"article-addons\">\r\n    <a href=\"https:\/\/www.fcbarcelonanoticias.com\/en\/calendar-fc-barcelona.html\"\r\n       target=\"_self\"\r\n       title=\"Calendar of FC Barcelona\"\r\n       class=\"blue-gredient-btn\">\r\n       \r\n        Calendar of FC Barcelona    <\/a>\r\n<\/div>   <p>This Tuesday initiated the fourth day of the UEFA Champions League and confirmed the two first teams classified for eighth of final; Manchester City and Leipzig, both of the Group G. Between the eight meetings contested this 7 November saw a very good quantity and quality of goals, some surprises, stood out individual performances and even a goleada scandalous.<\/p>  <p>One of these duels in which it did not expect the &#8216;script&#8217; that lived was the AC Milan-Paris Saint-Germain contested in Saint Siro. The Italian team bet from the beginning by a party of exchange of hits, and although initially the first hit was of the team of Luis Enrique, with a double head butt in the area that finalised Milan \u0160kriniar, <strong>the seven times champions of Europe reacted fast and three minutes afterwards Rafael Him\u00e3or empat\u00f3 a duel in which Kylian Mbapp\u00e9 happened almost unobserved from the minute 30. <\/strong><\/p>  <h2>The Milan has left to a PSG something reflexive<\/h2>  <p>The second act had a very similar development and to little to initiate , <strong>Olivier Giroud with a big head butt volte\u00f3 the marker for the Milan. <\/strong>With disadvantage, the PSG tried to react but the one who was more near to increase the advantage was the local team, but Gianluigi Donnarumma avoided it after a big free shot of Theo Hern\u00e1ndez, and other attempts of a Him\u00e3or that follows showing that it already is a footballer elite.<\/p>  <p>Another very striking result of the day has been the 6-0 that achieved the Athletic of Madrid in front of the Celtic.<strong> Although the victory rojiblanca did not surprise, yes that the six so many that achieved in the Metropolitan have left a true air of attention for Bar\u00e7a and Madrid in LaLiga,<\/strong> as well as for these clubs that advance like seconds of group if finally the club colchonero attains to remain with the first place of the Group And.<\/p>  <h2>Goleadas, classified and &#8216;chaos&#8217;<\/h2>  <p>In this same sector of the Atl\u00e9ti, the Lazio attained to remain with a very important triumph in front of the Feyenoord (1-0) to surpass to the Dutch team and remain, for now, like escort of the Madrilenian. Returning to this Group F of the PSG, <strong>the fall of the Frenchmen and the triumph of the Borussia Dortmund (2-0) on the Newcastle in Germany have left clear that yes treats of the group of the death, with only three points separating to the first place of the last, to fault of two days more.<\/strong><\/p>  <p>As we mentioned before, the logic finished imposing in the Group G, leaving already classified to Manchester City and Leipzig. <strong>The English golearon 3-0 like venues to the Young Boys and the German club knew to win 1-2 in Serbia in front of the Crash Red, by what only will remain for knowing which instrument will be the leader. <\/strong>To close is worthwhile to remember the triumph of the Port wine (2-0) in front of the Amberes, <a data-external=\"0\" data-intl-links-en=\"https:\/\/www.fcbarcelonanoticias.com\/en\/champions-league\/like-this-it-remains-the-group-of-barca-after-the-defeat-cule-and-the-triumph-of-oporto_297868_102.html\" data-intl-links-es=\"https:\/\/www.fcbarcelonanoticias.com\/champions-league\/queda-grupo-barca-derrota-cule-triunfo-oporto_297868_102.html\" href=\"https:\/\/www.fcbarcelonanoticias.com\/en\/champions-league\/like-this-it-remains-the-group-of-barca-after-the-defeat-cule-and-the-triumph-of-oporto_297868_102.html\" rel=\"follow\" target=\"_self\" title=\"As\u00ed queda el grupo del Bar\u00e7a tras la derrota cul\u00e9 y el triunfo del Oporto\">for &#8216;complicate&#8217; a bit the Group G<\/a> after what was <a data-external=\"0\" data-intl-links-en=\"https:\/\/www.fcbarcelonanoticias.com\/en\/champions-league\/deserved-defeat-in-front-of-the-shakhtar-of-poor-barca-that-still-without-convincing-1-0_297855_102.html\" data-intl-links-es=\"https:\/\/www.fcbarcelonanoticias.com\/champions-league\/merecida-derrota-shakhtar-pobre-barca-sigue-sin-convencer-1-0_297855_102.html\" href=\"https:\/\/www.fcbarcelonanoticias.com\/en\/champions-league\/deserved-defeat-in-front-of-the-shakhtar-of-poor-barca-that-still-without-convincing-1-0_297855_102.html\" rel=\"follow\" target=\"_self\" title=\"Merecida derrota ante el Shakhtar de un pobre Bar\u00e7a que sigue sin&nbsp;convencer&nbsp;(1-0)\">the fall of the FC Barcelona in front of the Shakhtar in Hamburg (1-0)<\/a>.<\/p> ","protected":false},"excerpt":{"rendered":"<p>The Champions League began to go in this Tuesday in his more important stage of the phase of groups and the PSG could not keep his rhythm in the European competition, where besides already are the two first qualifiers to eighth This Tuesday initiated the fourth day of the UEFA Champions League and confirmed the [&hellip;]<\/p>\n","protected":false},"author":345,"featured_media":4977,"comment_status":"closed","ping_status":"open","sticky":false,"template":"","format":"standard","meta":{"_acf_changed":false,"inline_featured_image":false,"_nextfly_llmd_date_locked":false,"footnotes":""},"categories":[447,112],"tags":[59,148,171,88],"class_list":["post-4976","post","type-post","status-publish","format-standard","has-post-thumbnail","hentry","category-champions-league-2","category-champions-league","tag-atletico-de-madrid","tag-luis-enrique","tag-mbappe","tag-paris-saint-germain"],"acf":[],"yoast_head":"<!-- This site is optimized with the Yoast SEO plugin v27.3 - https:\/\/yoast.com\/product\/yoast-seo-wordpress\/ -->\n<title>PSG&#039;s unexpected defeat, the highlight of the rest of the Champions League matchday<\/title>\n<meta name=\"description\" content=\"The Champions League began to go in this Tuesday in his more important stage of the phase of groups and the PSG could not keep his rhythm in the European competition, where besides already are the two first qualifiers to eighth\" \/>\n<meta name=\"robots\" content=\"index, follow, max-snippet:-1, max-image-preview:large, max-video-preview:-1\" \/>\n<link rel=\"canonical\" href=\"https:\/\/www.fcbarcelonanoticias.com\/en\/champions-league\/the-unexpected-defeat-of-the-psg-the-most-stood-out-of-the-rest-of-the-matchday-of-champions_297869_102.html\" \/>\n<meta property=\"og:locale\" content=\"en_US\" \/>\n<meta property=\"og:type\" content=\"article\" \/>\n<meta property=\"og:title\" content=\"PSG&#039;s unexpected defeat, the highlight of the rest of the Champions League matchday\" \/>\n<meta property=\"og:description\" content=\"The Champions League began to go in this Tuesday in his more important stage of the phase of groups and the PSG could not keep his rhythm in the European competition, where besides already are the two first qualifiers to eighth\" \/>\n<meta property=\"og:url\" content=\"https:\/\/www.fcbarcelonanoticias.com\/en\/champions-league\/the-unexpected-defeat-of-the-psg-the-most-stood-out-of-the-rest-of-the-matchday-of-champions_297869_102.html\" \/>\n<meta property=\"og:site_name\" content=\"EN - FC Barcelona Noticias\" \/>\n<meta property=\"article:published_time\" content=\"2023-11-08T01:05:00+00:00\" \/>\n<meta property=\"og:image\" content=\"https:\/\/www.fcbarcelonanoticias.com\/en\/wp-content\/uploads\/sites\/2\/2023\/11\/mbappe-giroud-partido.jpeg\" \/>\n\t<meta property=\"og:image:width\" content=\"1300\" \/>\n\t<meta property=\"og:image:height\" content=\"733\" \/>\n\t<meta property=\"og:image:type\" content=\"image\/jpeg\" \/>\n<meta name=\"author\" content=\"Carlos Montenegro\" \/>\n<meta name=\"twitter:card\" content=\"summary_large_image\" \/>\n<meta name=\"twitter:label1\" content=\"Written by\" \/>\n\t<meta name=\"twitter:data1\" content=\"Carlos Montenegro\" \/>\n\t<meta name=\"twitter:label2\" content=\"Est. reading time\" \/>\n\t<meta name=\"twitter:data2\" content=\"3 minutes\" \/>\n<script type=\"application\/ld+json\" class=\"yoast-schema-graph\">{\"@context\":\"https:\\\/\\\/schema.org\",\"@graph\":[{\"@type\":\"Article\",\"@id\":\"https:\\\/\\\/www.fcbarcelonanoticias.com\\\/en\\\/champions-league\\\/the-unexpected-defeat-of-the-psg-the-most-stood-out-of-the-rest-of-the-matchday-of-champions_297869_102.html#article\",\"isPartOf\":{\"@id\":\"https:\\\/\\\/www.fcbarcelonanoticias.com\\\/en\\\/champions-league\\\/the-unexpected-defeat-of-the-psg-the-most-stood-out-of-the-rest-of-the-matchday-of-champions_297869_102.html\"},\"author\":{\"name\":\"Carlos Montenegro\",\"@id\":\"https:\\\/\\\/www.fcbarcelonanoticias.com\\\/en\\\/#\\\/schema\\\/person\\\/aa1d038709c262cb247e240f6b39bbf5\"},\"headline\":\"PSG&#8217;s unexpected defeat, the highlight of the rest of the Champions League matchday\",\"datePublished\":\"2023-11-08T01:05:00+00:00\",\"mainEntityOfPage\":{\"@id\":\"https:\\\/\\\/www.fcbarcelonanoticias.com\\\/en\\\/champions-league\\\/the-unexpected-defeat-of-the-psg-the-most-stood-out-of-the-rest-of-the-matchday-of-champions_297869_102.html\"},\"wordCount\":573,\"image\":{\"@id\":\"https:\\\/\\\/www.fcbarcelonanoticias.com\\\/en\\\/champions-league\\\/the-unexpected-defeat-of-the-psg-the-most-stood-out-of-the-rest-of-the-matchday-of-champions_297869_102.html#primaryimage\"},\"thumbnailUrl\":\"https:\\\/\\\/www.fcbarcelonanoticias.com\\\/en\\\/wp-content\\\/uploads\\\/sites\\\/2\\\/2023\\\/11\\\/mbappe-giroud-partido.jpeg\",\"keywords\":[\"Atl\u00e9tico de Madrid\",\"Luis Enrique\",\"Mbapp\u00e9\",\"Paris Saint-Germain\"],\"articleSection\":[\"Champions League\",\"Champions League\"],\"inLanguage\":\"en-US\"},{\"@type\":\"WebPage\",\"@id\":\"https:\\\/\\\/www.fcbarcelonanoticias.com\\\/en\\\/champions-league\\\/the-unexpected-defeat-of-the-psg-the-most-stood-out-of-the-rest-of-the-matchday-of-champions_297869_102.html\",\"url\":\"https:\\\/\\\/www.fcbarcelonanoticias.com\\\/en\\\/champions-league\\\/the-unexpected-defeat-of-the-psg-the-most-stood-out-of-the-rest-of-the-matchday-of-champions_297869_102.html\",\"name\":\"PSG's unexpected defeat, the highlight of the rest of the Champions League matchday\",\"isPartOf\":{\"@id\":\"https:\\\/\\\/www.fcbarcelonanoticias.com\\\/en\\\/#website\"},\"primaryImageOfPage\":{\"@id\":\"https:\\\/\\\/www.fcbarcelonanoticias.com\\\/en\\\/champions-league\\\/the-unexpected-defeat-of-the-psg-the-most-stood-out-of-the-rest-of-the-matchday-of-champions_297869_102.html#primaryimage\"},\"image\":{\"@id\":\"https:\\\/\\\/www.fcbarcelonanoticias.com\\\/en\\\/champions-league\\\/the-unexpected-defeat-of-the-psg-the-most-stood-out-of-the-rest-of-the-matchday-of-champions_297869_102.html#primaryimage\"},\"thumbnailUrl\":\"https:\\\/\\\/www.fcbarcelonanoticias.com\\\/en\\\/wp-content\\\/uploads\\\/sites\\\/2\\\/2023\\\/11\\\/mbappe-giroud-partido.jpeg\",\"datePublished\":\"2023-11-08T01:05:00+00:00\",\"author\":{\"@id\":\"https:\\\/\\\/www.fcbarcelonanoticias.com\\\/en\\\/#\\\/schema\\\/person\\\/aa1d038709c262cb247e240f6b39bbf5\"},\"description\":\"The Champions League began to go in this Tuesday in his more important stage of the phase of groups and the PSG could not keep his rhythm in the European competition, where besides already are the two first qualifiers to eighth\",\"breadcrumb\":{\"@id\":\"https:\\\/\\\/www.fcbarcelonanoticias.com\\\/en\\\/champions-league\\\/the-unexpected-defeat-of-the-psg-the-most-stood-out-of-the-rest-of-the-matchday-of-champions_297869_102.html#breadcrumb\"},\"inLanguage\":\"en-US\",\"potentialAction\":[{\"@type\":\"ReadAction\",\"target\":[\"https:\\\/\\\/www.fcbarcelonanoticias.com\\\/en\\\/champions-league\\\/the-unexpected-defeat-of-the-psg-the-most-stood-out-of-the-rest-of-the-matchday-of-champions_297869_102.html\"]}]},{\"@type\":\"ImageObject\",\"inLanguage\":\"en-US\",\"@id\":\"https:\\\/\\\/www.fcbarcelonanoticias.com\\\/en\\\/champions-league\\\/the-unexpected-defeat-of-the-psg-the-most-stood-out-of-the-rest-of-the-matchday-of-champions_297869_102.html#primaryimage\",\"url\":\"https:\\\/\\\/www.fcbarcelonanoticias.com\\\/en\\\/wp-content\\\/uploads\\\/sites\\\/2\\\/2023\\\/11\\\/mbappe-giroud-partido.jpeg\",\"contentUrl\":\"https:\\\/\\\/www.fcbarcelonanoticias.com\\\/en\\\/wp-content\\\/uploads\\\/sites\\\/2\\\/2023\\\/11\\\/mbappe-giroud-partido.jpeg\",\"width\":1300,\"height\":733},{\"@type\":\"BreadcrumbList\",\"@id\":\"https:\\\/\\\/www.fcbarcelonanoticias.com\\\/en\\\/champions-league\\\/the-unexpected-defeat-of-the-psg-the-most-stood-out-of-the-rest-of-the-matchday-of-champions_297869_102.html#breadcrumb\",\"itemListElement\":[{\"@type\":\"ListItem\",\"position\":1,\"name\":\"Portada\",\"item\":\"https:\\\/\\\/www.fcbarcelonanoticias.com\\\/en\\\/\"},{\"@type\":\"ListItem\",\"position\":2,\"name\":\"PSG&#8217;s unexpected defeat, the highlight of the rest of the Champions League matchday\"}]},{\"@type\":\"WebSite\",\"@id\":\"https:\\\/\\\/www.fcbarcelonanoticias.com\\\/en\\\/#website\",\"url\":\"https:\\\/\\\/www.fcbarcelonanoticias.com\\\/en\\\/\",\"name\":\"EN - FC Barcelona Noticias\",\"description\":\"\",\"potentialAction\":[{\"@type\":\"SearchAction\",\"target\":{\"@type\":\"EntryPoint\",\"urlTemplate\":\"https:\\\/\\\/www.fcbarcelonanoticias.com\\\/en\\\/?s={search_term_string}\"},\"query-input\":{\"@type\":\"PropertyValueSpecification\",\"valueRequired\":true,\"valueName\":\"search_term_string\"}}],\"inLanguage\":\"en-US\"},{\"@type\":\"Person\",\"@id\":\"https:\\\/\\\/www.fcbarcelonanoticias.com\\\/en\\\/#\\\/schema\\\/person\\\/aa1d038709c262cb247e240f6b39bbf5\",\"name\":\"Carlos Montenegro\",\"image\":{\"@type\":\"ImageObject\",\"inLanguage\":\"en-US\",\"@id\":\"https:\\\/\\\/secure.gravatar.com\\\/avatar\\\/?s=96&d=mm&r=g\",\"url\":\"https:\\\/\\\/secure.gravatar.com\\\/avatar\\\/?s=96&d=mm&r=g\",\"contentUrl\":\"https:\\\/\\\/secure.gravatar.com\\\/avatar\\\/?s=96&d=mm&r=g\",\"caption\":\"Carlos Montenegro\"},\"url\":\"https:\\\/\\\/www.fcbarcelonanoticias.com\\\/en\\\/carlos-montenegro_20_115.html\"}]}<\/script>\n<!-- \/ Yoast SEO plugin. -->","yoast_head_json":{"title":"PSG's unexpected defeat, the highlight of the rest of the Champions League matchday","description":"The Champions League began to go in this Tuesday in his more important stage of the phase of groups and the PSG could not keep his rhythm in the European competition, where besides already are the two first qualifiers to eighth","robots":{"index":"index","follow":"follow","max-snippet":"max-snippet:-1","max-image-preview":"max-image-preview:large","max-video-preview":"max-video-preview:-1"},"canonical":"https:\/\/www.fcbarcelonanoticias.com\/en\/champions-league\/the-unexpected-defeat-of-the-psg-the-most-stood-out-of-the-rest-of-the-matchday-of-champions_297869_102.html","og_locale":"en_US","og_type":"article","og_title":"PSG's unexpected defeat, the highlight of the rest of the Champions League matchday","og_description":"The Champions League began to go in this Tuesday in his more important stage of the phase of groups and the PSG could not keep his rhythm in the European competition, where besides already are the two first qualifiers to eighth","og_url":"https:\/\/www.fcbarcelonanoticias.com\/en\/champions-league\/the-unexpected-defeat-of-the-psg-the-most-stood-out-of-the-rest-of-the-matchday-of-champions_297869_102.html","og_site_name":"EN - FC Barcelona Noticias","article_published_time":"2023-11-08T01:05:00+00:00","og_image":[{"width":1300,"height":733,"url":"https:\/\/www.fcbarcelonanoticias.com\/en\/wp-content\/uploads\/sites\/2\/2023\/11\/mbappe-giroud-partido.jpeg","type":"image\/jpeg"}],"author":"Carlos Montenegro","twitter_card":"summary_large_image","twitter_misc":{"Written by":"Carlos Montenegro","Est. reading time":"3 minutes"},"schema":{"@context":"https:\/\/schema.org","@graph":[{"@type":"Article","@id":"https:\/\/www.fcbarcelonanoticias.com\/en\/champions-league\/the-unexpected-defeat-of-the-psg-the-most-stood-out-of-the-rest-of-the-matchday-of-champions_297869_102.html#article","isPartOf":{"@id":"https:\/\/www.fcbarcelonanoticias.com\/en\/champions-league\/the-unexpected-defeat-of-the-psg-the-most-stood-out-of-the-rest-of-the-matchday-of-champions_297869_102.html"},"author":{"name":"Carlos Montenegro","@id":"https:\/\/www.fcbarcelonanoticias.com\/en\/#\/schema\/person\/aa1d038709c262cb247e240f6b39bbf5"},"headline":"PSG&#8217;s unexpected defeat, the highlight of the rest of the Champions League matchday","datePublished":"2023-11-08T01:05:00+00:00","mainEntityOfPage":{"@id":"https:\/\/www.fcbarcelonanoticias.com\/en\/champions-league\/the-unexpected-defeat-of-the-psg-the-most-stood-out-of-the-rest-of-the-matchday-of-champions_297869_102.html"},"wordCount":573,"image":{"@id":"https:\/\/www.fcbarcelonanoticias.com\/en\/champions-league\/the-unexpected-defeat-of-the-psg-the-most-stood-out-of-the-rest-of-the-matchday-of-champions_297869_102.html#primaryimage"},"thumbnailUrl":"https:\/\/www.fcbarcelonanoticias.com\/en\/wp-content\/uploads\/sites\/2\/2023\/11\/mbappe-giroud-partido.jpeg","keywords":["Atl\u00e9tico de Madrid","Luis Enrique","Mbapp\u00e9","Paris Saint-Germain"],"articleSection":["Champions League","Champions League"],"inLanguage":"en-US"},{"@type":"WebPage","@id":"https:\/\/www.fcbarcelonanoticias.com\/en\/champions-league\/the-unexpected-defeat-of-the-psg-the-most-stood-out-of-the-rest-of-the-matchday-of-champions_297869_102.html","url":"https:\/\/www.fcbarcelonanoticias.com\/en\/champions-league\/the-unexpected-defeat-of-the-psg-the-most-stood-out-of-the-rest-of-the-matchday-of-champions_297869_102.html","name":"PSG's unexpected defeat, the highlight of the rest of the Champions League matchday","isPartOf":{"@id":"https:\/\/www.fcbarcelonanoticias.com\/en\/#website"},"primaryImageOfPage":{"@id":"https:\/\/www.fcbarcelonanoticias.com\/en\/champions-league\/the-unexpected-defeat-of-the-psg-the-most-stood-out-of-the-rest-of-the-matchday-of-champions_297869_102.html#primaryimage"},"image":{"@id":"https:\/\/www.fcbarcelonanoticias.com\/en\/champions-league\/the-unexpected-defeat-of-the-psg-the-most-stood-out-of-the-rest-of-the-matchday-of-champions_297869_102.html#primaryimage"},"thumbnailUrl":"https:\/\/www.fcbarcelonanoticias.com\/en\/wp-content\/uploads\/sites\/2\/2023\/11\/mbappe-giroud-partido.jpeg","datePublished":"2023-11-08T01:05:00+00:00","author":{"@id":"https:\/\/www.fcbarcelonanoticias.com\/en\/#\/schema\/person\/aa1d038709c262cb247e240f6b39bbf5"},"description":"The Champions League began to go in this Tuesday in his more important stage of the phase of groups and the PSG could not keep his rhythm in the European competition, where besides already are the two first qualifiers to eighth","breadcrumb":{"@id":"https:\/\/www.fcbarcelonanoticias.com\/en\/champions-league\/the-unexpected-defeat-of-the-psg-the-most-stood-out-of-the-rest-of-the-matchday-of-champions_297869_102.html#breadcrumb"},"inLanguage":"en-US","potentialAction":[{"@type":"ReadAction","target":["https:\/\/www.fcbarcelonanoticias.com\/en\/champions-league\/the-unexpected-defeat-of-the-psg-the-most-stood-out-of-the-rest-of-the-matchday-of-champions_297869_102.html"]}]},{"@type":"ImageObject","inLanguage":"en-US","@id":"https:\/\/www.fcbarcelonanoticias.com\/en\/champions-league\/the-unexpected-defeat-of-the-psg-the-most-stood-out-of-the-rest-of-the-matchday-of-champions_297869_102.html#primaryimage","url":"https:\/\/www.fcbarcelonanoticias.com\/en\/wp-content\/uploads\/sites\/2\/2023\/11\/mbappe-giroud-partido.jpeg","contentUrl":"https:\/\/www.fcbarcelonanoticias.com\/en\/wp-content\/uploads\/sites\/2\/2023\/11\/mbappe-giroud-partido.jpeg","width":1300,"height":733},{"@type":"BreadcrumbList","@id":"https:\/\/www.fcbarcelonanoticias.com\/en\/champions-league\/the-unexpected-defeat-of-the-psg-the-most-stood-out-of-the-rest-of-the-matchday-of-champions_297869_102.html#breadcrumb","itemListElement":[{"@type":"ListItem","position":1,"name":"Portada","item":"https:\/\/www.fcbarcelonanoticias.com\/en\/"},{"@type":"ListItem","position":2,"name":"PSG&#8217;s unexpected defeat, the highlight of the rest of the Champions League matchday"}]},{"@type":"WebSite","@id":"https:\/\/www.fcbarcelonanoticias.com\/en\/#website","url":"https:\/\/www.fcbarcelonanoticias.com\/en\/","name":"EN - FC Barcelona Noticias","description":"","potentialAction":[{"@type":"SearchAction","target":{"@type":"EntryPoint","urlTemplate":"https:\/\/www.fcbarcelonanoticias.com\/en\/?s={search_term_string}"},"query-input":{"@type":"PropertyValueSpecification","valueRequired":true,"valueName":"search_term_string"}}],"inLanguage":"en-US"},{"@type":"Person","@id":"https:\/\/www.fcbarcelonanoticias.com\/en\/#\/schema\/person\/aa1d038709c262cb247e240f6b39bbf5","name":"Carlos Montenegro","image":{"@type":"ImageObject","inLanguage":"en-US","@id":"https:\/\/secure.gravatar.com\/avatar\/?s=96&d=mm&r=g","url":"https:\/\/secure.gravatar.com\/avatar\/?s=96&d=mm&r=g","contentUrl":"https:\/\/secure.gravatar.com\/avatar\/?s=96&d=mm&r=g","caption":"Carlos Montenegro"},"url":"https:\/\/www.fcbarcelonanoticias.com\/en\/carlos-montenegro_20_115.html"}]}},"_links":{"self":[{"href":"https:\/\/www.fcbarcelonanoticias.com\/en\/wp-json\/wp\/v2\/posts\/4976","targetHints":{"allow":["GET"]}}],"collection":[{"href":"https:\/\/www.fcbarcelonanoticias.com\/en\/wp-json\/wp\/v2\/posts"}],"about":[{"href":"https:\/\/www.fcbarcelonanoticias.com\/en\/wp-json\/wp\/v2\/types\/post"}],"author":[{"embeddable":true,"href":"https:\/\/www.fcbarcelonanoticias.com\/en\/wp-json\/wp\/v2\/users\/345"}],"replies":[{"embeddable":true,"href":"https:\/\/www.fcbarcelonanoticias.com\/en\/wp-json\/wp\/v2\/comments?post=4976"}],"version-history":[{"count":1,"href":"https:\/\/www.fcbarcelonanoticias.com\/en\/wp-json\/wp\/v2\/posts\/4976\/revisions"}],"predecessor-version":[{"id":102197,"href":"https:\/\/www.fcbarcelonanoticias.com\/en\/wp-json\/wp\/v2\/posts\/4976\/revisions\/102197"}],"wp:featuredmedia":[{"embeddable":true,"href":"https:\/\/www.fcbarcelonanoticias.com\/en\/wp-json\/wp\/v2\/media\/4977"}],"wp:attachment":[{"href":"https:\/\/www.fcbarcelonanoticias.com\/en\/wp-json\/wp\/v2\/media?parent=4976"}],"wp:term":[{"taxonomy":"category","embeddable":true,"href":"https:\/\/www.fcbarcelonanoticias.com\/en\/wp-json\/wp\/v2\/categories?post=4976"},{"taxonomy":"post_tag","embeddable":true,"href":"https:\/\/www.fcbarcelonanoticias.com\/en\/wp-json\/wp\/v2\/tags?post=4976"}],"curies":[{"name":"wp","href":"https:\/\/api.w.org\/{rel}","templated":true}]}}