{"id":49894,"date":"2023-11-21T23:32:00","date_gmt":"2023-11-21T22:32:00","guid":{"rendered":"https:\/\/weisetech.dev\/fc-barcelona-noticias\/en\/barcelona-breathe-with-ilkay-gundogan-jules-kounde_298316_102\/"},"modified":"2023-11-21T23:32:00","modified_gmt":"2023-11-21T22:32:00","slug":"barcelona-breathe-with-ilkay-gundogan-jules-kounde_298316_102","status":"publish","type":"post","link":"https:\/\/www.fcbarcelonanoticias.com\/en\/laliga\/barcelona-breathe-with-ilkay-gundogan-jules-kounde_298316_102.html","title":{"rendered":"Bar\u00e7a &#8216;breathes&#8217; with Ilkay G\u00fcndogan and Jules Kound\u00e9"},"content":{"rendered":"<h2 class=\"wp-block-heading\">\u00cdlkay G\u00fcndogan and Jules Kound\u00e9 completed their international participation with Germany and France, respectively, without any physical problems that would jeopardize their return to FC Barcelona. Both started on Tuesday, adding 60 minutes of play<\/h2>  \r\n<div class=\"article-addons\">\r\n    <a href=\"https:\/\/www.fcbarcelonanoticias.com\/en\/calendar-fc-barcelona.html\"\r\n       target=\"_self\"\r\n       title=\"Calendar of FC Barcelona\"\r\n       class=\"blue-gredient-btn\">\r\n       \r\n        Calendar of FC Barcelona    <\/a>\r\n<\/div>   <p>The FC Barcelona breathed the Tuesday with the performances of \u00cdlkay G\u00fcndogan and Jules Kound\u00e9 with his respective selections. After the physical problems suffered by Marc-Andr\u00e9 ter Stegen and <a data-external=\"0\" data-intl-links-en=\"https:\/\/www.fcbarcelonanoticias.com\/en\/players\/date-surgeon-and-location-the-details-surrounding-gavi-operation_298305_102.html\" data-intl-links-es=\"https:\/\/www.fcbarcelonanoticias.com\/jugadores\/fecha-cirujano-lugar-detalles-en-torno-operacion-gavi_298305_102.html\" href=\"https:\/\/www.fcbarcelonanoticias.com\/en\/players\/date-surgeon-and-location-the-details-surrounding-gavi-operation_298305_102.html\" rel=\"follow\" target=\"_self\" title=\"Fecha, cirujano y lugar: Los detalles en torno a la operaci\u00f3n de Gavi\">the terrible injury of Gavi with Spain<\/a>, to the Bar\u00e7a only remains him pray because the rest of his international return healthy to Catalonia and <strong>can be available to visit to the Ray this Saturday<\/strong>.<\/p>  <p>The Tuesday, so much G\u00fcndo like Kound\u00e9 were headlines in front of Austria and Greece, respectively.<strong> The mediocentro completed another bitter day with the &#8216;mannschaft&#8217; after falling in Vienna (2-0)<\/strong>. \u00cdlkay Played 60 minutes, leaving his place in the field to Joshua Kimmich just before that the venues converted his second so much. By his part, <strong>Jules played 64 minutes with France in the tie in front of Greece (2-2) that served to close the eliminatory European of the Frenchmen<\/strong>.<\/p>  <h2>The Bar\u00e7a expects by Ara\u00fajo and Raphinha<\/h2>  <p>With this, the Bar\u00e7a only expects by Ronald Ara\u00fajo and Raphinha to recover to the rest of his international. <strong>The defender will be to title again with Uruguay in front of Bolivia <\/strong>in Montevideo, whereas<strong> the extreme also will be from the go home in front of the Argentinian<\/strong> of Leo Messi. For Brazil, the duel supposes a capital challenge after the defeat the Thursday in front of Colombia in Barranquilla.<\/p>  <p><strong>So much Ara\u00fajo like Raphinha would have to return to Catalonia the<\/strong>Thursday , by which his presence in <a data-external=\"0\" data-intl-links-en=\"https:\/\/www.fcbarcelonanoticias.com\/en\/players\/joao-felix-and-the-spaniards-already-are-to-the-orders-of-xavi-to-prepare-the-rayo-barca_298301_102.html\" data-intl-links-es=\"https:\/\/www.fcbarcelonanoticias.com\/jugadores\/joao-felix-espanoles-ya-estan-ordenes-xavi-preparar-el-rayo-barca_298301_102.html\" href=\"https:\/\/www.fcbarcelonanoticias.com\/en\/players\/joao-felix-and-the-spaniards-already-are-to-the-orders-of-xavi-to-prepare-the-rayo-barca_298301_102.html\" rel=\"follow\" target=\"_self\" title=\"Joao F\u00e9lix y los espa\u00f1oles ya est\u00e1n a las \u00f3rdenes de Xavi para preparar&nbsp;el&nbsp;Rayo-Bar\u00e7a\">the eleven in front of the Ray<\/a> is little likely considering that the Barc\u00e1 will go back to play next Tuesday by Champions in front of the Port wine. Another of the international that will return to the trainings with the cul\u00e9s the Wednesday is Ferm\u00edn L\u00f3pez. <strong>The mediocentro played 70 minutes with the Sub-21 Spaniard in the tie in front of Belgium (1-1) <\/strong>without suffering some physical setback.<\/p> ","protected":false},"excerpt":{"rendered":"<p>\u00cdlkay G\u00fcndogan and Jules Kound\u00e9 completed their international participation with Germany and France, respectively, without any physical problems that would jeopardize their return to FC Barcelona. Both started on Tuesday, adding 60 minutes of play The FC Barcelona breathed the Tuesday with the performances of \u00cdlkay G\u00fcndogan and Jules Kound\u00e9 with his respective selections. After [&hellip;]<\/p>\n","protected":false},"author":347,"featured_media":115317,"comment_status":"closed","ping_status":"open","sticky":false,"template":"","format":"standard","meta":{"_acf_changed":false,"inline_featured_image":false,"_nextfly_llmd_date_locked":false,"footnotes":""},"categories":[448,114],"tags":[170,380],"class_list":["post-49894","post","type-post","status-publish","format-standard","has-post-thumbnail","hentry","category-laliga-2","category-laliga","tag-ilkay-gundogan","tag-julian-araujo"],"acf":[],"yoast_head":"<!-- This site is optimized with the Yoast SEO plugin v27.3 - https:\/\/yoast.com\/product\/yoast-seo-wordpress\/ -->\n<title>Bar\u00e7a &#039;breathes&#039; with Ilkay G\u00fcndogan and Jules Kound\u00e9<\/title>\n<meta name=\"description\" content=\"\u00cdlkay G\u00fcndogan and Jules Kound\u00e9 completed their international participation with Germany and France, respectively, without any physical problems that would jeopardize their return to FC Barcelona. Both started on Tuesday, adding 60 minutes of play\" \/>\n<meta name=\"robots\" content=\"index, follow, max-snippet:-1, max-image-preview:large, max-video-preview:-1\" \/>\n<link rel=\"canonical\" href=\"https:\/\/www.fcbarcelonanoticias.com\/en\/laliga\/barcelona-breathe-with-ilkay-gundogan-jules-kounde_298316_102.html\" \/>\n<meta property=\"og:locale\" content=\"en_US\" \/>\n<meta property=\"og:type\" content=\"article\" \/>\n<meta property=\"og:title\" content=\"Bar\u00e7a &#039;breathes&#039; with Ilkay G\u00fcndogan and Jules Kound\u00e9\" \/>\n<meta property=\"og:description\" content=\"\u00cdlkay G\u00fcndogan and Jules Kound\u00e9 completed their international participation with Germany and France, respectively, without any physical problems that would jeopardize their return to FC Barcelona. Both started on Tuesday, adding 60 minutes of play\" \/>\n<meta property=\"og:url\" content=\"https:\/\/www.fcbarcelonanoticias.com\/en\/laliga\/barcelona-breathe-with-ilkay-gundogan-jules-kounde_298316_102.html\" \/>\n<meta property=\"og:site_name\" content=\"EN - FC Barcelona Noticias\" \/>\n<meta property=\"article:published_time\" content=\"2023-11-21T22:32:00+00:00\" \/>\n<meta property=\"og:image\" content=\"https:\/\/www.fcbarcelonanoticias.com\/en\/wp-content\/uploads\/sites\/2\/2023\/11\/guendogan-en-un-amistoso-con-alemania-1.jpeg\" \/>\n\t<meta property=\"og:image:width\" content=\"1200\" \/>\n\t<meta property=\"og:image:height\" content=\"675\" \/>\n\t<meta property=\"og:image:type\" content=\"image\/jpeg\" \/>\n<meta name=\"author\" content=\"Andr\u00e9s Quiroz\" \/>\n<meta name=\"twitter:card\" content=\"summary_large_image\" \/>\n<meta name=\"twitter:label1\" content=\"Written by\" \/>\n\t<meta name=\"twitter:data1\" content=\"Andr\u00e9s Quiroz\" \/>\n\t<meta name=\"twitter:label2\" content=\"Est. reading time\" \/>\n\t<meta name=\"twitter:data2\" content=\"2 minutes\" \/>\n<script type=\"application\/ld+json\" class=\"yoast-schema-graph\">{\"@context\":\"https:\\\/\\\/schema.org\",\"@graph\":[{\"@type\":\"Article\",\"@id\":\"https:\\\/\\\/www.fcbarcelonanoticias.com\\\/en\\\/laliga\\\/barcelona-breathe-with-ilkay-gundogan-jules-kounde_298316_102.html#article\",\"isPartOf\":{\"@id\":\"https:\\\/\\\/www.fcbarcelonanoticias.com\\\/en\\\/laliga\\\/barcelona-breathe-with-ilkay-gundogan-jules-kounde_298316_102.html\"},\"author\":{\"name\":\"Andr\u00e9s Quiroz\",\"@id\":\"https:\\\/\\\/www.fcbarcelonanoticias.com\\\/en\\\/#\\\/schema\\\/person\\\/c2cd9f6fa1af5c0d0eccd0fefa575c88\"},\"headline\":\"Bar\u00e7a &#8216;breathes&#8217; with Ilkay G\u00fcndogan and Jules Kound\u00e9\",\"datePublished\":\"2023-11-21T22:32:00+00:00\",\"mainEntityOfPage\":{\"@id\":\"https:\\\/\\\/www.fcbarcelonanoticias.com\\\/en\\\/laliga\\\/barcelona-breathe-with-ilkay-gundogan-jules-kounde_298316_102.html\"},\"wordCount\":361,\"image\":{\"@id\":\"https:\\\/\\\/www.fcbarcelonanoticias.com\\\/en\\\/laliga\\\/barcelona-breathe-with-ilkay-gundogan-jules-kounde_298316_102.html#primaryimage\"},\"thumbnailUrl\":\"https:\\\/\\\/www.fcbarcelonanoticias.com\\\/en\\\/wp-content\\\/uploads\\\/sites\\\/2\\\/2023\\\/11\\\/guendogan-en-un-amistoso-con-alemania-1.jpeg\",\"keywords\":[\"Ilkay G\u00fcndogan\",\"Juli\u00e1n Araujo\"],\"articleSection\":[\"LaLiga\",\"LaLiga\"],\"inLanguage\":\"en-US\"},{\"@type\":\"WebPage\",\"@id\":\"https:\\\/\\\/www.fcbarcelonanoticias.com\\\/en\\\/laliga\\\/barcelona-breathe-with-ilkay-gundogan-jules-kounde_298316_102.html\",\"url\":\"https:\\\/\\\/www.fcbarcelonanoticias.com\\\/en\\\/laliga\\\/barcelona-breathe-with-ilkay-gundogan-jules-kounde_298316_102.html\",\"name\":\"Bar\u00e7a 'breathes' with Ilkay G\u00fcndogan and Jules Kound\u00e9\",\"isPartOf\":{\"@id\":\"https:\\\/\\\/www.fcbarcelonanoticias.com\\\/en\\\/#website\"},\"primaryImageOfPage\":{\"@id\":\"https:\\\/\\\/www.fcbarcelonanoticias.com\\\/en\\\/laliga\\\/barcelona-breathe-with-ilkay-gundogan-jules-kounde_298316_102.html#primaryimage\"},\"image\":{\"@id\":\"https:\\\/\\\/www.fcbarcelonanoticias.com\\\/en\\\/laliga\\\/barcelona-breathe-with-ilkay-gundogan-jules-kounde_298316_102.html#primaryimage\"},\"thumbnailUrl\":\"https:\\\/\\\/www.fcbarcelonanoticias.com\\\/en\\\/wp-content\\\/uploads\\\/sites\\\/2\\\/2023\\\/11\\\/guendogan-en-un-amistoso-con-alemania-1.jpeg\",\"datePublished\":\"2023-11-21T22:32:00+00:00\",\"author\":{\"@id\":\"https:\\\/\\\/www.fcbarcelonanoticias.com\\\/en\\\/#\\\/schema\\\/person\\\/c2cd9f6fa1af5c0d0eccd0fefa575c88\"},\"description\":\"\u00cdlkay G\u00fcndogan and Jules Kound\u00e9 completed their international participation with Germany and France, respectively, without any physical problems that would jeopardize their return to FC Barcelona. Both started on Tuesday, adding 60 minutes of play\",\"breadcrumb\":{\"@id\":\"https:\\\/\\\/www.fcbarcelonanoticias.com\\\/en\\\/laliga\\\/barcelona-breathe-with-ilkay-gundogan-jules-kounde_298316_102.html#breadcrumb\"},\"inLanguage\":\"en-US\",\"potentialAction\":[{\"@type\":\"ReadAction\",\"target\":[\"https:\\\/\\\/www.fcbarcelonanoticias.com\\\/en\\\/laliga\\\/barcelona-breathe-with-ilkay-gundogan-jules-kounde_298316_102.html\"]}]},{\"@type\":\"ImageObject\",\"inLanguage\":\"en-US\",\"@id\":\"https:\\\/\\\/www.fcbarcelonanoticias.com\\\/en\\\/laliga\\\/barcelona-breathe-with-ilkay-gundogan-jules-kounde_298316_102.html#primaryimage\",\"url\":\"https:\\\/\\\/www.fcbarcelonanoticias.com\\\/en\\\/wp-content\\\/uploads\\\/sites\\\/2\\\/2023\\\/11\\\/guendogan-en-un-amistoso-con-alemania-1.jpeg\",\"contentUrl\":\"https:\\\/\\\/www.fcbarcelonanoticias.com\\\/en\\\/wp-content\\\/uploads\\\/sites\\\/2\\\/2023\\\/11\\\/guendogan-en-un-amistoso-con-alemania-1.jpeg\",\"width\":1200,\"height\":675},{\"@type\":\"BreadcrumbList\",\"@id\":\"https:\\\/\\\/www.fcbarcelonanoticias.com\\\/en\\\/laliga\\\/barcelona-breathe-with-ilkay-gundogan-jules-kounde_298316_102.html#breadcrumb\",\"itemListElement\":[{\"@type\":\"ListItem\",\"position\":1,\"name\":\"Portada\",\"item\":\"https:\\\/\\\/www.fcbarcelonanoticias.com\\\/en\\\/\"},{\"@type\":\"ListItem\",\"position\":2,\"name\":\"Bar\u00e7a &#8216;breathes&#8217; with Ilkay G\u00fcndogan and Jules Kound\u00e9\"}]},{\"@type\":\"WebSite\",\"@id\":\"https:\\\/\\\/www.fcbarcelonanoticias.com\\\/en\\\/#website\",\"url\":\"https:\\\/\\\/www.fcbarcelonanoticias.com\\\/en\\\/\",\"name\":\"EN - FC Barcelona Noticias\",\"description\":\"\",\"potentialAction\":[{\"@type\":\"SearchAction\",\"target\":{\"@type\":\"EntryPoint\",\"urlTemplate\":\"https:\\\/\\\/www.fcbarcelonanoticias.com\\\/en\\\/?s={search_term_string}\"},\"query-input\":{\"@type\":\"PropertyValueSpecification\",\"valueRequired\":true,\"valueName\":\"search_term_string\"}}],\"inLanguage\":\"en-US\"},{\"@type\":\"Person\",\"@id\":\"https:\\\/\\\/www.fcbarcelonanoticias.com\\\/en\\\/#\\\/schema\\\/person\\\/c2cd9f6fa1af5c0d0eccd0fefa575c88\",\"name\":\"Andr\u00e9s Quiroz\",\"image\":{\"@type\":\"ImageObject\",\"inLanguage\":\"en-US\",\"@id\":\"https:\\\/\\\/secure.gravatar.com\\\/avatar\\\/?s=96&d=mm&r=g\",\"url\":\"https:\\\/\\\/secure.gravatar.com\\\/avatar\\\/?s=96&d=mm&r=g\",\"contentUrl\":\"https:\\\/\\\/secure.gravatar.com\\\/avatar\\\/?s=96&d=mm&r=g\",\"caption\":\"Andr\u00e9s Quiroz\"},\"description\":\"Licenciado en Periodismo por la Universidad de los Andes. Me encargo de analizar y compartir los contenidos m\u00e1s destacados de la\u00a0actualidad del F\u00fatbol Club Barcelona, Mercado de Fichajes y F\u00fatbol Internacional en FCBN. La informaci\u00f3n es poder, pero tambi\u00e9n conocimiento.\",\"url\":\"https:\\\/\\\/www.fcbarcelonanoticias.com\\\/en\\\/fc-barcelona\\\/andres-quiroz_17_115.html\"}]}<\/script>\n<!-- \/ Yoast SEO plugin. -->","yoast_head_json":{"title":"Bar\u00e7a 'breathes' with Ilkay G\u00fcndogan and Jules Kound\u00e9","description":"\u00cdlkay G\u00fcndogan and Jules Kound\u00e9 completed their international participation with Germany and France, respectively, without any physical problems that would jeopardize their return to FC Barcelona. Both started on Tuesday, adding 60 minutes of play","robots":{"index":"index","follow":"follow","max-snippet":"max-snippet:-1","max-image-preview":"max-image-preview:large","max-video-preview":"max-video-preview:-1"},"canonical":"https:\/\/www.fcbarcelonanoticias.com\/en\/laliga\/barcelona-breathe-with-ilkay-gundogan-jules-kounde_298316_102.html","og_locale":"en_US","og_type":"article","og_title":"Bar\u00e7a 'breathes' with Ilkay G\u00fcndogan and Jules Kound\u00e9","og_description":"\u00cdlkay G\u00fcndogan and Jules Kound\u00e9 completed their international participation with Germany and France, respectively, without any physical problems that would jeopardize their return to FC Barcelona. Both started on Tuesday, adding 60 minutes of play","og_url":"https:\/\/www.fcbarcelonanoticias.com\/en\/laliga\/barcelona-breathe-with-ilkay-gundogan-jules-kounde_298316_102.html","og_site_name":"EN - FC Barcelona Noticias","article_published_time":"2023-11-21T22:32:00+00:00","og_image":[{"width":1200,"height":675,"url":"https:\/\/www.fcbarcelonanoticias.com\/en\/wp-content\/uploads\/sites\/2\/2023\/11\/guendogan-en-un-amistoso-con-alemania-1.jpeg","type":"image\/jpeg"}],"author":"Andr\u00e9s Quiroz","twitter_card":"summary_large_image","twitter_misc":{"Written by":"Andr\u00e9s Quiroz","Est. reading time":"2 minutes"},"schema":{"@context":"https:\/\/schema.org","@graph":[{"@type":"Article","@id":"https:\/\/www.fcbarcelonanoticias.com\/en\/laliga\/barcelona-breathe-with-ilkay-gundogan-jules-kounde_298316_102.html#article","isPartOf":{"@id":"https:\/\/www.fcbarcelonanoticias.com\/en\/laliga\/barcelona-breathe-with-ilkay-gundogan-jules-kounde_298316_102.html"},"author":{"name":"Andr\u00e9s Quiroz","@id":"https:\/\/www.fcbarcelonanoticias.com\/en\/#\/schema\/person\/c2cd9f6fa1af5c0d0eccd0fefa575c88"},"headline":"Bar\u00e7a &#8216;breathes&#8217; with Ilkay G\u00fcndogan and Jules Kound\u00e9","datePublished":"2023-11-21T22:32:00+00:00","mainEntityOfPage":{"@id":"https:\/\/www.fcbarcelonanoticias.com\/en\/laliga\/barcelona-breathe-with-ilkay-gundogan-jules-kounde_298316_102.html"},"wordCount":361,"image":{"@id":"https:\/\/www.fcbarcelonanoticias.com\/en\/laliga\/barcelona-breathe-with-ilkay-gundogan-jules-kounde_298316_102.html#primaryimage"},"thumbnailUrl":"https:\/\/www.fcbarcelonanoticias.com\/en\/wp-content\/uploads\/sites\/2\/2023\/11\/guendogan-en-un-amistoso-con-alemania-1.jpeg","keywords":["Ilkay G\u00fcndogan","Juli\u00e1n Araujo"],"articleSection":["LaLiga","LaLiga"],"inLanguage":"en-US"},{"@type":"WebPage","@id":"https:\/\/www.fcbarcelonanoticias.com\/en\/laliga\/barcelona-breathe-with-ilkay-gundogan-jules-kounde_298316_102.html","url":"https:\/\/www.fcbarcelonanoticias.com\/en\/laliga\/barcelona-breathe-with-ilkay-gundogan-jules-kounde_298316_102.html","name":"Bar\u00e7a 'breathes' with Ilkay G\u00fcndogan and Jules Kound\u00e9","isPartOf":{"@id":"https:\/\/www.fcbarcelonanoticias.com\/en\/#website"},"primaryImageOfPage":{"@id":"https:\/\/www.fcbarcelonanoticias.com\/en\/laliga\/barcelona-breathe-with-ilkay-gundogan-jules-kounde_298316_102.html#primaryimage"},"image":{"@id":"https:\/\/www.fcbarcelonanoticias.com\/en\/laliga\/barcelona-breathe-with-ilkay-gundogan-jules-kounde_298316_102.html#primaryimage"},"thumbnailUrl":"https:\/\/www.fcbarcelonanoticias.com\/en\/wp-content\/uploads\/sites\/2\/2023\/11\/guendogan-en-un-amistoso-con-alemania-1.jpeg","datePublished":"2023-11-21T22:32:00+00:00","author":{"@id":"https:\/\/www.fcbarcelonanoticias.com\/en\/#\/schema\/person\/c2cd9f6fa1af5c0d0eccd0fefa575c88"},"description":"\u00cdlkay G\u00fcndogan and Jules Kound\u00e9 completed their international participation with Germany and France, respectively, without any physical problems that would jeopardize their return to FC Barcelona. Both started on Tuesday, adding 60 minutes of play","breadcrumb":{"@id":"https:\/\/www.fcbarcelonanoticias.com\/en\/laliga\/barcelona-breathe-with-ilkay-gundogan-jules-kounde_298316_102.html#breadcrumb"},"inLanguage":"en-US","potentialAction":[{"@type":"ReadAction","target":["https:\/\/www.fcbarcelonanoticias.com\/en\/laliga\/barcelona-breathe-with-ilkay-gundogan-jules-kounde_298316_102.html"]}]},{"@type":"ImageObject","inLanguage":"en-US","@id":"https:\/\/www.fcbarcelonanoticias.com\/en\/laliga\/barcelona-breathe-with-ilkay-gundogan-jules-kounde_298316_102.html#primaryimage","url":"https:\/\/www.fcbarcelonanoticias.com\/en\/wp-content\/uploads\/sites\/2\/2023\/11\/guendogan-en-un-amistoso-con-alemania-1.jpeg","contentUrl":"https:\/\/www.fcbarcelonanoticias.com\/en\/wp-content\/uploads\/sites\/2\/2023\/11\/guendogan-en-un-amistoso-con-alemania-1.jpeg","width":1200,"height":675},{"@type":"BreadcrumbList","@id":"https:\/\/www.fcbarcelonanoticias.com\/en\/laliga\/barcelona-breathe-with-ilkay-gundogan-jules-kounde_298316_102.html#breadcrumb","itemListElement":[{"@type":"ListItem","position":1,"name":"Portada","item":"https:\/\/www.fcbarcelonanoticias.com\/en\/"},{"@type":"ListItem","position":2,"name":"Bar\u00e7a &#8216;breathes&#8217; with Ilkay G\u00fcndogan and Jules Kound\u00e9"}]},{"@type":"WebSite","@id":"https:\/\/www.fcbarcelonanoticias.com\/en\/#website","url":"https:\/\/www.fcbarcelonanoticias.com\/en\/","name":"EN - FC Barcelona Noticias","description":"","potentialAction":[{"@type":"SearchAction","target":{"@type":"EntryPoint","urlTemplate":"https:\/\/www.fcbarcelonanoticias.com\/en\/?s={search_term_string}"},"query-input":{"@type":"PropertyValueSpecification","valueRequired":true,"valueName":"search_term_string"}}],"inLanguage":"en-US"},{"@type":"Person","@id":"https:\/\/www.fcbarcelonanoticias.com\/en\/#\/schema\/person\/c2cd9f6fa1af5c0d0eccd0fefa575c88","name":"Andr\u00e9s Quiroz","image":{"@type":"ImageObject","inLanguage":"en-US","@id":"https:\/\/secure.gravatar.com\/avatar\/?s=96&d=mm&r=g","url":"https:\/\/secure.gravatar.com\/avatar\/?s=96&d=mm&r=g","contentUrl":"https:\/\/secure.gravatar.com\/avatar\/?s=96&d=mm&r=g","caption":"Andr\u00e9s Quiroz"},"description":"Licenciado en Periodismo por la Universidad de los Andes. Me encargo de analizar y compartir los contenidos m\u00e1s destacados de la\u00a0actualidad del F\u00fatbol Club Barcelona, Mercado de Fichajes y F\u00fatbol Internacional en FCBN. La informaci\u00f3n es poder, pero tambi\u00e9n conocimiento.","url":"https:\/\/www.fcbarcelonanoticias.com\/en\/fc-barcelona\/andres-quiroz_17_115.html"}]}},"_links":{"self":[{"href":"https:\/\/www.fcbarcelonanoticias.com\/en\/wp-json\/wp\/v2\/posts\/49894","targetHints":{"allow":["GET"]}}],"collection":[{"href":"https:\/\/www.fcbarcelonanoticias.com\/en\/wp-json\/wp\/v2\/posts"}],"about":[{"href":"https:\/\/www.fcbarcelonanoticias.com\/en\/wp-json\/wp\/v2\/types\/post"}],"author":[{"embeddable":true,"href":"https:\/\/www.fcbarcelonanoticias.com\/en\/wp-json\/wp\/v2\/users\/347"}],"replies":[{"embeddable":true,"href":"https:\/\/www.fcbarcelonanoticias.com\/en\/wp-json\/wp\/v2\/comments?post=49894"}],"version-history":[{"count":1,"href":"https:\/\/www.fcbarcelonanoticias.com\/en\/wp-json\/wp\/v2\/posts\/49894\/revisions"}],"predecessor-version":[{"id":115316,"href":"https:\/\/www.fcbarcelonanoticias.com\/en\/wp-json\/wp\/v2\/posts\/49894\/revisions\/115316"}],"wp:featuredmedia":[{"embeddable":true,"href":"https:\/\/www.fcbarcelonanoticias.com\/en\/wp-json\/wp\/v2\/media\/115317"}],"wp:attachment":[{"href":"https:\/\/www.fcbarcelonanoticias.com\/en\/wp-json\/wp\/v2\/media?parent=49894"}],"wp:term":[{"taxonomy":"category","embeddable":true,"href":"https:\/\/www.fcbarcelonanoticias.com\/en\/wp-json\/wp\/v2\/categories?post=49894"},{"taxonomy":"post_tag","embeddable":true,"href":"https:\/\/www.fcbarcelonanoticias.com\/en\/wp-json\/wp\/v2\/tags?post=49894"}],"curies":[{"name":"wp","href":"https:\/\/api.w.org\/{rel}","templated":true}]}}