{"id":49933,"date":"2025-08-27T22:03:00","date_gmt":"2025-08-27T20:03:00","guid":{"rendered":"https:\/\/weisetech.dev\/fc-barcelona-noticias\/en\/barca-will-change-the-color-of-the-numbers-on-its-orange-shirt_314446_102\/"},"modified":"2026-04-16T09:30:06","modified_gmt":"2026-04-16T07:30:06","slug":"barca-will-change-the-color-of-the-numbers-on-its-orange-shirt_314446_102","status":"publish","type":"post","link":"https:\/\/www.fcbarcelonanoticias.com\/en\/laliga\/barca-will-change-the-color-of-the-numbers-on-its-orange-shirt_314446_102.html","title":{"rendered":"More problems for Bar\u00e7a&#8217;s third kit: LaLiga forces the club to change the color of the numbers"},"content":{"rendered":"<h2 class=\"wp-block-heading\">More problems for Bar\u00e7a&#8217;s third kit: LaLiga forces the club to change the color of the numbers<\/h2>  \r\n<div class=\"article-addons\">\r\n    <a href=\"https:\/\/www.fcbarcelonanoticias.com\/en\/calendar-fc-barcelona.html\"\r\n       target=\"_self\"\r\n       title=\"Calendar of FC Barcelona\"\r\n       class=\"blue-gredient-btn\">\r\n       \r\n        Calendar of FC Barcelona    <\/a>\r\n<\/div>   <p><strong>FC Barcelona<\/strong> has not been able to debut any of its kits for this 25\/26 season. In the first two matchdays of LaLiga, at Son Moix against <strong>Mallorca<\/strong> and at the Ciutat de Val\u00e8ncia Stadium versus <strong>Levante<\/strong>, <a data-external=\"0\" data-intl-links-es=\"https:\/\/www.fcbarcelonanoticias.com\/laliga\/insolito-barca-tampoco-podra-estrenar-sus-nuevas-camisetas-alternativas-en-levante_314337_102.html\" href=\"https:\/\/www.fcbarcelonanoticias.com\/laliga\/insolito-barca-tampoco-podra-estrenar-sus-nuevas-camisetas-alternativas-en-levante_314337_102.html\" rel=\"follow\" target=\"_self\" title=\"Unbelievable! LaLiga 'blocks' the debut of Bar\u00e7a's new alternative shirts\">they had to use the lime green shirt from 24\/25.<\/a><\/p>  <p>The match director, responsible for validating the combination of kits between the two participating teams, thought that <strong>Bar\u00e7a&#8217;s three uniforms could be confused with those of the \u2018bermell\u00f3n\u2019 and the \u2018granota\u2019 teams.<\/strong> But this Monday, <strong>Athletic Club<\/strong> and <strong>Rayo Vallecano<\/strong> were able to wear their red and white shirts.<\/p>  <p>It should be noted that the referee Alejandro Hern\u00e1ndez wore black in the Levante \u2013 Bar\u00e7a match; this caused a chromatic mix with the players of the Valencian team.<\/p>  <p>Now a new problem has been added to the clothing, because LaLiga considers that the third elastic must undergo changes in its name and number.<\/p>  <h2>The third shirt must have a white number<\/h2>  <div class=\"media media-image\" data-ck-asset-wrapper=\"\"> <div class=\"media-item\"> <img loading=\"lazy\" decoding=\"async\" alt=\"FC Barcelona: third kit 2025-2026\" data-id=\"1514648\" data-resize=\"5\" height=\"268\" src=\"https:\/\/www.fcbarcelonanoticias.com\/wp-content\/uploads\/sites\/2\/2025\/08\/fcbn-06013c9aa968be6211dc0e938aecd571.jpeg\" title=\"FC Barcelona: third kit 2025-2026\" width=\"475\"><div class=\"media-title\">FC Barcelona: third kit 2025-2026<\/div> <\/div> <\/div>  <p>The shirt, which is based on <a data-external=\"0\" data-intl-links-en=\"https:\/\/www.fcbarcelonanoticias.com\/en\/fc-barcelona\/barca-pays-tribute-to-the-sextuple-2025-26-third-kit_314219_102.html\" data-intl-links-es=\"https:\/\/www.fcbarcelonanoticias.com\/fc-barcelona\/barca-tercera-equipacion-sextete-2009-mango-brillante_314219_102.html\" href=\"https:\/\/www.fcbarcelonanoticias.com\/en\/fc-barcelona\/barca-pays-tribute-to-the-sextuple-2025-26-third-kit_314219_102.html\" rel=\"follow\" target=\"_self\" title=\"Bar\u00e7a pays tribute to the sextuple with its iconic new 2025\/26 third kit\">Nike&#8217;s &#8216;Total 90&#8217; design<\/a>, has orange and navy blue on the back; the latter is at the top. This implies that, to avoid any problems, the number is blue and the player&#8217;s name is orange.<\/p>  <p>However, this has caused inconveniences, as LaLiga does not accept that combination. The number and the name must be the same color.<\/p>  <p>For this reason, the blaugrana team will use the name and number in white on their orange shirt in <strong>LaLiga EA Sports 25\/26<\/strong>, unlike the Champions League, where they will maintain the original typography.<\/p>  <p>According to the competition regulations, the colors must &#8220;clearly contrast with the background of the shirt to facilitate the identification of the players by the referees, fans and television viewers.\u201d<\/p>  <h2>Bar\u00e7a will debut a new kit against Rayo Vallecano<\/h2>  <p>Bar\u00e7a&#8217;s next match will be this Saturday, August 31 at the Estadio de Vallecas against <strong>Rayo Vallecano<\/strong>, and it is the right time for them to debut one of their new kits, once the impediments of LaLiga have been resolved.<\/p>  <p>For this occasion, FC Barcelona will use the traditional blaugrana, which they already wore in the preseason against Vissel Kobe, Daegu and Como 1907.<\/p> ","protected":false},"excerpt":{"rendered":"<p>More problems for Bar\u00e7a&#8217;s third kit: LaLiga forces the club to change the color of the numbers FC Barcelona has not been able to debut any of its kits for this 25\/26 season. In the first two matchdays of LaLiga, at Son Moix against Mallorca and at the Ciutat de Val\u00e8ncia Stadium versus Levante, they [&hellip;]<\/p>\n","protected":false},"author":362,"featured_media":49934,"comment_status":"closed","ping_status":"open","sticky":false,"template":"","format":"standard","meta":{"_acf_changed":false,"inline_featured_image":false,"_nextfly_llmd_date_locked":false,"footnotes":""},"categories":[448,114],"tags":[368,45,251],"class_list":["post-49933","post","type-post","status-publish","format-standard","has-post-thumbnail","hentry","category-laliga-2","category-laliga","tag-fc-barcelona-vs-levante","tag-fc-barcelona-vs-mallorca","tag-t-shirt-fc-barcelona"],"acf":[],"yoast_head":"<!-- This site is optimized with the Yoast SEO plugin v27.3 - https:\/\/yoast.com\/product\/yoast-seo-wordpress\/ -->\n<title>Bar\u00e7a will change the color of the numbers on its orange shirt<\/title>\n<meta name=\"description\" content=\"Bar\u00e7a has problems with its third kit, as the color of the numbers is not approved by LaLiga. Discover the new color they will use\" \/>\n<meta name=\"robots\" content=\"index, follow, max-snippet:-1, max-image-preview:large, max-video-preview:-1\" \/>\n<link rel=\"canonical\" href=\"https:\/\/www.fcbarcelonanoticias.com\/en\/laliga\/barca-will-change-the-color-of-the-numbers-on-its-orange-shirt_314446_102.html\" \/>\n<meta property=\"og:locale\" content=\"en_US\" \/>\n<meta property=\"og:type\" content=\"article\" \/>\n<meta property=\"og:title\" content=\"Bar\u00e7a will change the color of the numbers on its orange shirt\" \/>\n<meta property=\"og:description\" content=\"Bar\u00e7a has problems with its third kit, as the color of the numbers is not approved by LaLiga. Discover the new color they will use\" \/>\n<meta property=\"og:url\" content=\"https:\/\/www.fcbarcelonanoticias.com\/en\/laliga\/barca-will-change-the-color-of-the-numbers-on-its-orange-shirt_314446_102.html\" \/>\n<meta property=\"og:site_name\" content=\"EN - FC Barcelona Noticias\" \/>\n<meta property=\"article:published_time\" content=\"2025-08-27T20:03:00+00:00\" \/>\n<meta property=\"article:modified_time\" content=\"2026-04-16T07:30:06+00:00\" \/>\n<meta property=\"og:image\" content=\"https:\/\/www.fcbarcelonanoticias.com\/en\/wp-content\/uploads\/sites\/2\/2025\/08\/tercera-equipacion-2526-1.webp\" \/>\n\t<meta property=\"og:image:width\" content=\"1200\" \/>\n\t<meta property=\"og:image:height\" content=\"675\" \/>\n\t<meta property=\"og:image:type\" content=\"image\/webp\" \/>\n<meta name=\"author\" content=\"Reinaldo David\" \/>\n<meta name=\"twitter:card\" content=\"summary_large_image\" \/>\n<meta name=\"twitter:label1\" content=\"Written by\" \/>\n\t<meta name=\"twitter:data1\" content=\"Reinaldo David\" \/>\n\t<meta name=\"twitter:label2\" content=\"Est. reading time\" \/>\n\t<meta name=\"twitter:data2\" content=\"2 minutes\" \/>\n<script type=\"application\/ld+json\" class=\"yoast-schema-graph\">{\"@context\":\"https:\\\/\\\/schema.org\",\"@graph\":[{\"@type\":\"Article\",\"@id\":\"https:\\\/\\\/www.fcbarcelonanoticias.com\\\/en\\\/laliga\\\/barca-will-change-the-color-of-the-numbers-on-its-orange-shirt_314446_102.html#article\",\"isPartOf\":{\"@id\":\"https:\\\/\\\/www.fcbarcelonanoticias.com\\\/en\\\/laliga\\\/barca-will-change-the-color-of-the-numbers-on-its-orange-shirt_314446_102.html\"},\"author\":{\"name\":\"Reinaldo David\",\"@id\":\"https:\\\/\\\/www.fcbarcelonanoticias.com\\\/en\\\/#\\\/schema\\\/person\\\/f7c2a90edfe1134cfd813911ba5c0178\"},\"headline\":\"More problems for Bar\u00e7a&#8217;s third kit: LaLiga forces the club to change the color of the numbers\",\"datePublished\":\"2025-08-27T20:03:00+00:00\",\"dateModified\":\"2026-04-16T07:30:06+00:00\",\"mainEntityOfPage\":{\"@id\":\"https:\\\/\\\/www.fcbarcelonanoticias.com\\\/en\\\/laliga\\\/barca-will-change-the-color-of-the-numbers-on-its-orange-shirt_314446_102.html\"},\"wordCount\":405,\"image\":{\"@id\":\"https:\\\/\\\/www.fcbarcelonanoticias.com\\\/en\\\/laliga\\\/barca-will-change-the-color-of-the-numbers-on-its-orange-shirt_314446_102.html#primaryimage\"},\"thumbnailUrl\":\"https:\\\/\\\/www.fcbarcelonanoticias.com\\\/en\\\/wp-content\\\/uploads\\\/sites\\\/2\\\/2025\\\/08\\\/tercera-equipacion-2526-1.webp\",\"keywords\":[\"FC Barcelona vs Levante\",\"FC Barcelona vs RCD Mallorca\",\"T-shirt FC Barcelona\"],\"articleSection\":[\"LaLiga\",\"LaLiga\"],\"inLanguage\":\"en-US\"},{\"@type\":\"WebPage\",\"@id\":\"https:\\\/\\\/www.fcbarcelonanoticias.com\\\/en\\\/laliga\\\/barca-will-change-the-color-of-the-numbers-on-its-orange-shirt_314446_102.html\",\"url\":\"https:\\\/\\\/www.fcbarcelonanoticias.com\\\/en\\\/laliga\\\/barca-will-change-the-color-of-the-numbers-on-its-orange-shirt_314446_102.html\",\"name\":\"Bar\u00e7a will change the color of the numbers on its orange shirt\",\"isPartOf\":{\"@id\":\"https:\\\/\\\/www.fcbarcelonanoticias.com\\\/en\\\/#website\"},\"primaryImageOfPage\":{\"@id\":\"https:\\\/\\\/www.fcbarcelonanoticias.com\\\/en\\\/laliga\\\/barca-will-change-the-color-of-the-numbers-on-its-orange-shirt_314446_102.html#primaryimage\"},\"image\":{\"@id\":\"https:\\\/\\\/www.fcbarcelonanoticias.com\\\/en\\\/laliga\\\/barca-will-change-the-color-of-the-numbers-on-its-orange-shirt_314446_102.html#primaryimage\"},\"thumbnailUrl\":\"https:\\\/\\\/www.fcbarcelonanoticias.com\\\/en\\\/wp-content\\\/uploads\\\/sites\\\/2\\\/2025\\\/08\\\/tercera-equipacion-2526-1.webp\",\"datePublished\":\"2025-08-27T20:03:00+00:00\",\"dateModified\":\"2026-04-16T07:30:06+00:00\",\"author\":{\"@id\":\"https:\\\/\\\/www.fcbarcelonanoticias.com\\\/en\\\/#\\\/schema\\\/person\\\/f7c2a90edfe1134cfd813911ba5c0178\"},\"description\":\"Bar\u00e7a has problems with its third kit, as the color of the numbers is not approved by LaLiga. Discover the new color they will use\",\"breadcrumb\":{\"@id\":\"https:\\\/\\\/www.fcbarcelonanoticias.com\\\/en\\\/laliga\\\/barca-will-change-the-color-of-the-numbers-on-its-orange-shirt_314446_102.html#breadcrumb\"},\"inLanguage\":\"en-US\",\"potentialAction\":[{\"@type\":\"ReadAction\",\"target\":[\"https:\\\/\\\/www.fcbarcelonanoticias.com\\\/en\\\/laliga\\\/barca-will-change-the-color-of-the-numbers-on-its-orange-shirt_314446_102.html\"]}]},{\"@type\":\"ImageObject\",\"inLanguage\":\"en-US\",\"@id\":\"https:\\\/\\\/www.fcbarcelonanoticias.com\\\/en\\\/laliga\\\/barca-will-change-the-color-of-the-numbers-on-its-orange-shirt_314446_102.html#primaryimage\",\"url\":\"https:\\\/\\\/www.fcbarcelonanoticias.com\\\/en\\\/wp-content\\\/uploads\\\/sites\\\/2\\\/2025\\\/08\\\/tercera-equipacion-2526-1.webp\",\"contentUrl\":\"https:\\\/\\\/www.fcbarcelonanoticias.com\\\/en\\\/wp-content\\\/uploads\\\/sites\\\/2\\\/2025\\\/08\\\/tercera-equipacion-2526-1.webp\",\"width\":1200,\"height\":675},{\"@type\":\"BreadcrumbList\",\"@id\":\"https:\\\/\\\/www.fcbarcelonanoticias.com\\\/en\\\/laliga\\\/barca-will-change-the-color-of-the-numbers-on-its-orange-shirt_314446_102.html#breadcrumb\",\"itemListElement\":[{\"@type\":\"ListItem\",\"position\":1,\"name\":\"Portada\",\"item\":\"https:\\\/\\\/www.fcbarcelonanoticias.com\\\/en\\\/\"},{\"@type\":\"ListItem\",\"position\":2,\"name\":\"More problems for Bar\u00e7a&#8217;s third kit: LaLiga forces the club to change the color of the numbers\"}]},{\"@type\":\"WebSite\",\"@id\":\"https:\\\/\\\/www.fcbarcelonanoticias.com\\\/en\\\/#website\",\"url\":\"https:\\\/\\\/www.fcbarcelonanoticias.com\\\/en\\\/\",\"name\":\"EN - FC Barcelona Noticias\",\"description\":\"\",\"potentialAction\":[{\"@type\":\"SearchAction\",\"target\":{\"@type\":\"EntryPoint\",\"urlTemplate\":\"https:\\\/\\\/www.fcbarcelonanoticias.com\\\/en\\\/?s={search_term_string}\"},\"query-input\":{\"@type\":\"PropertyValueSpecification\",\"valueRequired\":true,\"valueName\":\"search_term_string\"}}],\"inLanguage\":\"en-US\"},{\"@type\":\"Person\",\"@id\":\"https:\\\/\\\/www.fcbarcelonanoticias.com\\\/en\\\/#\\\/schema\\\/person\\\/f7c2a90edfe1134cfd813911ba5c0178\",\"name\":\"Reinaldo David\",\"image\":{\"@type\":\"ImageObject\",\"inLanguage\":\"en-US\",\"@id\":\"https:\\\/\\\/secure.gravatar.com\\\/avatar\\\/?s=96&d=mm&r=g\",\"url\":\"https:\\\/\\\/secure.gravatar.com\\\/avatar\\\/?s=96&d=mm&r=g\",\"contentUrl\":\"https:\\\/\\\/secure.gravatar.com\\\/avatar\\\/?s=96&d=mm&r=g\",\"caption\":\"Reinaldo David\"},\"description\":\"Licenciado en Periodismo y redactor en\u00a0FCBN. Encargado de traerte todos los d\u00edas\u00a0la \u00faltima hora del Bar\u00e7a y del mercado de traspasos. Analista de LaLiga, la Champions, la Copa del Rey tambi\u00e9n de las principales ligas y competiciones europeas.\",\"url\":\"https:\\\/\\\/www.fcbarcelonanoticias.com\\\/en\\\/reinaldo-david_37_115.html\"}]}<\/script>\n<!-- \/ Yoast SEO plugin. -->","yoast_head_json":{"title":"Bar\u00e7a will change the color of the numbers on its orange shirt","description":"Bar\u00e7a has problems with its third kit, as the color of the numbers is not approved by LaLiga. Discover the new color they will use","robots":{"index":"index","follow":"follow","max-snippet":"max-snippet:-1","max-image-preview":"max-image-preview:large","max-video-preview":"max-video-preview:-1"},"canonical":"https:\/\/www.fcbarcelonanoticias.com\/en\/laliga\/barca-will-change-the-color-of-the-numbers-on-its-orange-shirt_314446_102.html","og_locale":"en_US","og_type":"article","og_title":"Bar\u00e7a will change the color of the numbers on its orange shirt","og_description":"Bar\u00e7a has problems with its third kit, as the color of the numbers is not approved by LaLiga. Discover the new color they will use","og_url":"https:\/\/www.fcbarcelonanoticias.com\/en\/laliga\/barca-will-change-the-color-of-the-numbers-on-its-orange-shirt_314446_102.html","og_site_name":"EN - FC Barcelona Noticias","article_published_time":"2025-08-27T20:03:00+00:00","article_modified_time":"2026-04-16T07:30:06+00:00","og_image":[{"width":1200,"height":675,"url":"https:\/\/www.fcbarcelonanoticias.com\/en\/wp-content\/uploads\/sites\/2\/2025\/08\/tercera-equipacion-2526-1.webp","type":"image\/webp"}],"author":"Reinaldo David","twitter_card":"summary_large_image","twitter_misc":{"Written by":"Reinaldo David","Est. reading time":"2 minutes"},"schema":{"@context":"https:\/\/schema.org","@graph":[{"@type":"Article","@id":"https:\/\/www.fcbarcelonanoticias.com\/en\/laliga\/barca-will-change-the-color-of-the-numbers-on-its-orange-shirt_314446_102.html#article","isPartOf":{"@id":"https:\/\/www.fcbarcelonanoticias.com\/en\/laliga\/barca-will-change-the-color-of-the-numbers-on-its-orange-shirt_314446_102.html"},"author":{"name":"Reinaldo David","@id":"https:\/\/www.fcbarcelonanoticias.com\/en\/#\/schema\/person\/f7c2a90edfe1134cfd813911ba5c0178"},"headline":"More problems for Bar\u00e7a&#8217;s third kit: LaLiga forces the club to change the color of the numbers","datePublished":"2025-08-27T20:03:00+00:00","dateModified":"2026-04-16T07:30:06+00:00","mainEntityOfPage":{"@id":"https:\/\/www.fcbarcelonanoticias.com\/en\/laliga\/barca-will-change-the-color-of-the-numbers-on-its-orange-shirt_314446_102.html"},"wordCount":405,"image":{"@id":"https:\/\/www.fcbarcelonanoticias.com\/en\/laliga\/barca-will-change-the-color-of-the-numbers-on-its-orange-shirt_314446_102.html#primaryimage"},"thumbnailUrl":"https:\/\/www.fcbarcelonanoticias.com\/en\/wp-content\/uploads\/sites\/2\/2025\/08\/tercera-equipacion-2526-1.webp","keywords":["FC Barcelona vs Levante","FC Barcelona vs RCD Mallorca","T-shirt FC Barcelona"],"articleSection":["LaLiga","LaLiga"],"inLanguage":"en-US"},{"@type":"WebPage","@id":"https:\/\/www.fcbarcelonanoticias.com\/en\/laliga\/barca-will-change-the-color-of-the-numbers-on-its-orange-shirt_314446_102.html","url":"https:\/\/www.fcbarcelonanoticias.com\/en\/laliga\/barca-will-change-the-color-of-the-numbers-on-its-orange-shirt_314446_102.html","name":"Bar\u00e7a will change the color of the numbers on its orange shirt","isPartOf":{"@id":"https:\/\/www.fcbarcelonanoticias.com\/en\/#website"},"primaryImageOfPage":{"@id":"https:\/\/www.fcbarcelonanoticias.com\/en\/laliga\/barca-will-change-the-color-of-the-numbers-on-its-orange-shirt_314446_102.html#primaryimage"},"image":{"@id":"https:\/\/www.fcbarcelonanoticias.com\/en\/laliga\/barca-will-change-the-color-of-the-numbers-on-its-orange-shirt_314446_102.html#primaryimage"},"thumbnailUrl":"https:\/\/www.fcbarcelonanoticias.com\/en\/wp-content\/uploads\/sites\/2\/2025\/08\/tercera-equipacion-2526-1.webp","datePublished":"2025-08-27T20:03:00+00:00","dateModified":"2026-04-16T07:30:06+00:00","author":{"@id":"https:\/\/www.fcbarcelonanoticias.com\/en\/#\/schema\/person\/f7c2a90edfe1134cfd813911ba5c0178"},"description":"Bar\u00e7a has problems with its third kit, as the color of the numbers is not approved by LaLiga. Discover the new color they will use","breadcrumb":{"@id":"https:\/\/www.fcbarcelonanoticias.com\/en\/laliga\/barca-will-change-the-color-of-the-numbers-on-its-orange-shirt_314446_102.html#breadcrumb"},"inLanguage":"en-US","potentialAction":[{"@type":"ReadAction","target":["https:\/\/www.fcbarcelonanoticias.com\/en\/laliga\/barca-will-change-the-color-of-the-numbers-on-its-orange-shirt_314446_102.html"]}]},{"@type":"ImageObject","inLanguage":"en-US","@id":"https:\/\/www.fcbarcelonanoticias.com\/en\/laliga\/barca-will-change-the-color-of-the-numbers-on-its-orange-shirt_314446_102.html#primaryimage","url":"https:\/\/www.fcbarcelonanoticias.com\/en\/wp-content\/uploads\/sites\/2\/2025\/08\/tercera-equipacion-2526-1.webp","contentUrl":"https:\/\/www.fcbarcelonanoticias.com\/en\/wp-content\/uploads\/sites\/2\/2025\/08\/tercera-equipacion-2526-1.webp","width":1200,"height":675},{"@type":"BreadcrumbList","@id":"https:\/\/www.fcbarcelonanoticias.com\/en\/laliga\/barca-will-change-the-color-of-the-numbers-on-its-orange-shirt_314446_102.html#breadcrumb","itemListElement":[{"@type":"ListItem","position":1,"name":"Portada","item":"https:\/\/www.fcbarcelonanoticias.com\/en\/"},{"@type":"ListItem","position":2,"name":"More problems for Bar\u00e7a&#8217;s third kit: LaLiga forces the club to change the color of the numbers"}]},{"@type":"WebSite","@id":"https:\/\/www.fcbarcelonanoticias.com\/en\/#website","url":"https:\/\/www.fcbarcelonanoticias.com\/en\/","name":"EN - FC Barcelona Noticias","description":"","potentialAction":[{"@type":"SearchAction","target":{"@type":"EntryPoint","urlTemplate":"https:\/\/www.fcbarcelonanoticias.com\/en\/?s={search_term_string}"},"query-input":{"@type":"PropertyValueSpecification","valueRequired":true,"valueName":"search_term_string"}}],"inLanguage":"en-US"},{"@type":"Person","@id":"https:\/\/www.fcbarcelonanoticias.com\/en\/#\/schema\/person\/f7c2a90edfe1134cfd813911ba5c0178","name":"Reinaldo David","image":{"@type":"ImageObject","inLanguage":"en-US","@id":"https:\/\/secure.gravatar.com\/avatar\/?s=96&d=mm&r=g","url":"https:\/\/secure.gravatar.com\/avatar\/?s=96&d=mm&r=g","contentUrl":"https:\/\/secure.gravatar.com\/avatar\/?s=96&d=mm&r=g","caption":"Reinaldo David"},"description":"Licenciado en Periodismo y redactor en\u00a0FCBN. Encargado de traerte todos los d\u00edas\u00a0la \u00faltima hora del Bar\u00e7a y del mercado de traspasos. Analista de LaLiga, la Champions, la Copa del Rey tambi\u00e9n de las principales ligas y competiciones europeas.","url":"https:\/\/www.fcbarcelonanoticias.com\/en\/reinaldo-david_37_115.html"}]}},"_links":{"self":[{"href":"https:\/\/www.fcbarcelonanoticias.com\/en\/wp-json\/wp\/v2\/posts\/49933","targetHints":{"allow":["GET"]}}],"collection":[{"href":"https:\/\/www.fcbarcelonanoticias.com\/en\/wp-json\/wp\/v2\/posts"}],"about":[{"href":"https:\/\/www.fcbarcelonanoticias.com\/en\/wp-json\/wp\/v2\/types\/post"}],"author":[{"embeddable":true,"href":"https:\/\/www.fcbarcelonanoticias.com\/en\/wp-json\/wp\/v2\/users\/362"}],"replies":[{"embeddable":true,"href":"https:\/\/www.fcbarcelonanoticias.com\/en\/wp-json\/wp\/v2\/comments?post=49933"}],"version-history":[{"count":5,"href":"https:\/\/www.fcbarcelonanoticias.com\/en\/wp-json\/wp\/v2\/posts\/49933\/revisions"}],"predecessor-version":[{"id":175477,"href":"https:\/\/www.fcbarcelonanoticias.com\/en\/wp-json\/wp\/v2\/posts\/49933\/revisions\/175477"}],"wp:featuredmedia":[{"embeddable":true,"href":"https:\/\/www.fcbarcelonanoticias.com\/en\/wp-json\/wp\/v2\/media\/49934"}],"wp:attachment":[{"href":"https:\/\/www.fcbarcelonanoticias.com\/en\/wp-json\/wp\/v2\/media?parent=49933"}],"wp:term":[{"taxonomy":"category","embeddable":true,"href":"https:\/\/www.fcbarcelonanoticias.com\/en\/wp-json\/wp\/v2\/categories?post=49933"},{"taxonomy":"post_tag","embeddable":true,"href":"https:\/\/www.fcbarcelonanoticias.com\/en\/wp-json\/wp\/v2\/tags?post=49933"}],"curies":[{"name":"wp","href":"https:\/\/api.w.org\/{rel}","templated":true}]}}