{"id":49955,"date":"2024-11-30T15:10:00","date_gmt":"2024-11-30T14:10:00","guid":{"rendered":"https:\/\/weisetech.dev\/fc-barcelona-noticias\/en\/barca-wears-white-shorts-against-palmas-for-its-125th-anniversary_308983_102\/"},"modified":"2024-11-30T15:16:00","modified_gmt":"2024-11-30T14:16:00","slug":"barca-wears-white-shorts-against-palmas-for-its-125th-anniversary_308983_102","status":"publish","type":"post","link":"https:\/\/www.fcbarcelonanoticias.com\/en\/laliga\/barca-wears-white-shorts-against-palmas-for-its-125th-anniversary_308983_102.html","title":{"rendered":"Bar\u00e7a wears white shorts against Las Palmas for its 125th anniversary"},"content":{"rendered":"<h2 class=\"wp-block-heading\">FC Barcelona played the match against Las Palmas wearing white shorts, in a &#8216;nod&#8217; to the first kit in the history of the club<\/h2>  \r\n<div class=\"article-addons\">\r\n    <a href=\"https:\/\/www.fcbarcelonanoticias.com\/en\/calendar-fc-barcelona.html\"\r\n       target=\"_self\"\r\n       title=\"Calendar of FC Barcelona\"\r\n       class=\"blue-gredient-btn\">\r\n       \r\n        Calendar of FC Barcelona    <\/a>\r\n<\/div>   <p><strong>FC Barcelona<\/strong> continued the celebrations for its 125th anniversary this Saturday at <strong>Montju\u00efc <\/strong>against <strong>Las Palmas<\/strong>. After the exciting night experienced at the gala last Friday at the Gran Teatre del Liceu, the Blaugrana club brought the festivities to a close in the duel against the Canarian team.<\/p>  <p>A match in which the cul\u00e9s decided to give a &#8216;wink&#8217; to their history by playing the match in white shorts, <strong>thus emulating the first kit worn by Joan Gamper and the first players of the Catalan team after its foundation<\/strong>. This was the second time that these shorts were used this season, as the Bar\u00e7a women&#8217;s team also wore them in the defeat against Manchester City in the Champions League.<\/p>  <blockquote class=\"twitter-tweet\"> <p dir=\"ltr\" lang=\"ca\">Us donem la benvinguda al nostre vestidor \ud83d\udc99\u2764\ufe0f <a href=\"https:\/\/t.co\/en\/XQaQVqeaGO\">pic.twitter.com\/XQaQVqeaGO<\/a><\/p> \u2014 FC Barcelona (@FCBarcelona_cat) <a href=\"https:\/\/twitter.com\/en\/FCBarcelona_cat\/status\/1862813092800811302?ref_src=twsrc%5Etfw\">November 30, 2024<\/a> <\/blockquote> <h3>Bar\u00e7a&#8217;s gestures for its 125th anniversary<\/h3>  <p>The gestures of the Blaugrana team did not stop there. On the shirt, the footballers directed by <strong>Hansi Flick<\/strong> wore the special emblem of the 125th anniversary on the chest, just above the heart. In addition, in the pre-match events, <a data-external=\"0\" data-intl-links-en=\"https:\/\/www.fcbarcelonanoticias.com\/en\/fc-barcelona\/the-barca-mascot-cat-new-member-of-the-blaugrana-family_308979_102.html\" data-intl-links-es=\"https:\/\/www.fcbarcelonanoticias.com\/fc-barcelona\/mascota-cat-barca-nuevo-miembro-familia-azulgrana_308979_102.html\" href=\"https:\/\/www.fcbarcelonanoticias.com\/en\/fc-barcelona\/the-barca-mascot-cat-new-member-of-the-blaugrana-family_308979_102.html\" rel=\"follow\" target=\"_self\" title=\"The Bar\u00e7a mascot CAT, a new member of the Blaugrana family\">&#8216;Cat&#8217;, the club&#8217;s new mascot<\/a>, made his first official appearance in front of the Bar\u00e7a fans.<\/p>  <p>Finally, <a data-external=\"0\" data-intl-links-en=\"https:\/\/www.fcbarcelonanoticias.com\/en\/football-barca\/fc-barcelona-chooses-the-anthem-for-its-125th-anniversary-lescut-pit_308967_102.html\" data-intl-links-es=\"https:\/\/www.fcbarcelonanoticias.com\/futbol-barca\/fc-barcelona-escoge-himno-su-125-aniversario-escut-pit_308967_102.html\" href=\"https:\/\/www.fcbarcelonanoticias.com\/en\/football-barca\/fc-barcelona-chooses-the-anthem-for-its-125th-anniversary-lescut-pit_308967_102.html\" rel=\"follow\" target=\"_self\" title=\"FC Barcelona chooses the anthem for its 125th anniversary: \u200b\u200b'L'escut al pit'\">&#8216;L&#8217;escut al pit&#8217;, the anthem chosen by the club&#8217;s members to commemorate the 125th anniversary<\/a> of the founding of the largest club in Europe, was played over the public address system at the <strong>Estadi Ol\u00edmpic Llu\u00eds Companys<\/strong> for the first time.<\/p> ","protected":false},"excerpt":{"rendered":"<p>FC Barcelona played the match against Las Palmas wearing white shorts, in a &#8216;nod&#8217; to the first kit in the history of the club FC Barcelona continued the celebrations for its 125th anniversary this Saturday at Montju\u00efc against Las Palmas. After the exciting night experienced at the gala last Friday at the Gran Teatre del [&hellip;]<\/p>\n","protected":false},"author":358,"featured_media":49956,"comment_status":"closed","ping_status":"open","sticky":false,"template":"","format":"standard","meta":{"_acf_changed":false,"inline_featured_image":false,"_nextfly_llmd_date_locked":false,"footnotes":""},"categories":[448,114],"tags":[365,251],"class_list":["post-49955","post","type-post","status-publish","format-standard","has-post-thumbnail","hentry","category-laliga-2","category-laliga","tag-barcelona-vs-las-palmas","tag-t-shirt-fc-barcelona"],"acf":[],"yoast_head":"<!-- This site is optimized with the Yoast SEO plugin v27.3 - https:\/\/yoast.com\/product\/yoast-seo-wordpress\/ -->\n<title>Bar\u00e7a wears white shorts against Las Palmas for its 125th anniversary<\/title>\n<meta name=\"description\" content=\"FC Barcelona played the match against Las Palmas wearing white shorts, in a &#039;nod&#039; to the first kit in the history of the club\" \/>\n<meta name=\"robots\" content=\"index, follow, max-snippet:-1, max-image-preview:large, max-video-preview:-1\" \/>\n<link rel=\"canonical\" href=\"https:\/\/www.fcbarcelonanoticias.com\/en\/laliga\/barca-wears-white-shorts-against-palmas-for-its-125th-anniversary_308983_102.html\" \/>\n<meta property=\"og:locale\" content=\"en_US\" \/>\n<meta property=\"og:type\" content=\"article\" \/>\n<meta property=\"og:title\" content=\"Bar\u00e7a wears white shorts against Las Palmas for its 125th anniversary\" \/>\n<meta property=\"og:description\" content=\"FC Barcelona played the match against Las Palmas wearing white shorts, in a &#039;nod&#039; to the first kit in the history of the club\" \/>\n<meta property=\"og:url\" content=\"https:\/\/www.fcbarcelonanoticias.com\/en\/laliga\/barca-wears-white-shorts-against-palmas-for-its-125th-anniversary_308983_102.html\" \/>\n<meta property=\"og:site_name\" content=\"EN - FC Barcelona Noticias\" \/>\n<meta property=\"article:published_time\" content=\"2024-11-30T14:10:00+00:00\" \/>\n<meta property=\"article:modified_time\" content=\"2024-11-30T14:16:00+00:00\" \/>\n<meta property=\"og:image\" content=\"https:\/\/www.fcbarcelonanoticias.com\/en\/wp-content\/uploads\/sites\/2\/2024\/11\/fc-barcelona-juega-con-pantalo-n-blanco-frente-a-las-palmas-scaled.jpeg\" \/>\n\t<meta property=\"og:image:width\" content=\"2560\" \/>\n\t<meta property=\"og:image:height\" content=\"1714\" \/>\n\t<meta property=\"og:image:type\" content=\"image\/jpeg\" \/>\n<meta name=\"author\" content=\"Juan Pablo Berdugo\" \/>\n<meta name=\"twitter:card\" content=\"summary_large_image\" \/>\n<meta name=\"twitter:label1\" content=\"Written by\" \/>\n\t<meta name=\"twitter:data1\" content=\"Juan Pablo Berdugo\" \/>\n\t<meta name=\"twitter:label2\" content=\"Est. reading time\" \/>\n\t<meta name=\"twitter:data2\" content=\"1 minute\" \/>\n<script type=\"application\/ld+json\" class=\"yoast-schema-graph\">{\"@context\":\"https:\\\/\\\/schema.org\",\"@graph\":[{\"@type\":\"Article\",\"@id\":\"https:\\\/\\\/www.fcbarcelonanoticias.com\\\/en\\\/laliga\\\/barca-wears-white-shorts-against-palmas-for-its-125th-anniversary_308983_102.html#article\",\"isPartOf\":{\"@id\":\"https:\\\/\\\/www.fcbarcelonanoticias.com\\\/en\\\/laliga\\\/barca-wears-white-shorts-against-palmas-for-its-125th-anniversary_308983_102.html\"},\"author\":{\"name\":\"Juan Pablo Berdugo\",\"@id\":\"https:\\\/\\\/www.fcbarcelonanoticias.com\\\/en\\\/#\\\/schema\\\/person\\\/88d756918a0a1ae9fa593b5edddd1815\"},\"headline\":\"Bar\u00e7a wears white shorts against Las Palmas for its 125th anniversary\",\"datePublished\":\"2024-11-30T14:10:00+00:00\",\"dateModified\":\"2024-11-30T14:16:00+00:00\",\"mainEntityOfPage\":{\"@id\":\"https:\\\/\\\/www.fcbarcelonanoticias.com\\\/en\\\/laliga\\\/barca-wears-white-shorts-against-palmas-for-its-125th-anniversary_308983_102.html\"},\"wordCount\":287,\"image\":{\"@id\":\"https:\\\/\\\/www.fcbarcelonanoticias.com\\\/en\\\/laliga\\\/barca-wears-white-shorts-against-palmas-for-its-125th-anniversary_308983_102.html#primaryimage\"},\"thumbnailUrl\":\"https:\\\/\\\/www.fcbarcelonanoticias.com\\\/en\\\/wp-content\\\/uploads\\\/sites\\\/2\\\/2024\\\/11\\\/fc-barcelona-juega-con-pantalo-n-blanco-frente-a-las-palmas-scaled.jpeg\",\"keywords\":[\"Barcelona vs Las Palmas\",\"T-shirt FC Barcelona\"],\"articleSection\":[\"LaLiga\",\"LaLiga\"],\"inLanguage\":\"en-US\"},{\"@type\":\"WebPage\",\"@id\":\"https:\\\/\\\/www.fcbarcelonanoticias.com\\\/en\\\/laliga\\\/barca-wears-white-shorts-against-palmas-for-its-125th-anniversary_308983_102.html\",\"url\":\"https:\\\/\\\/www.fcbarcelonanoticias.com\\\/en\\\/laliga\\\/barca-wears-white-shorts-against-palmas-for-its-125th-anniversary_308983_102.html\",\"name\":\"Bar\u00e7a wears white shorts against Las Palmas for its 125th anniversary\",\"isPartOf\":{\"@id\":\"https:\\\/\\\/www.fcbarcelonanoticias.com\\\/en\\\/#website\"},\"primaryImageOfPage\":{\"@id\":\"https:\\\/\\\/www.fcbarcelonanoticias.com\\\/en\\\/laliga\\\/barca-wears-white-shorts-against-palmas-for-its-125th-anniversary_308983_102.html#primaryimage\"},\"image\":{\"@id\":\"https:\\\/\\\/www.fcbarcelonanoticias.com\\\/en\\\/laliga\\\/barca-wears-white-shorts-against-palmas-for-its-125th-anniversary_308983_102.html#primaryimage\"},\"thumbnailUrl\":\"https:\\\/\\\/www.fcbarcelonanoticias.com\\\/en\\\/wp-content\\\/uploads\\\/sites\\\/2\\\/2024\\\/11\\\/fc-barcelona-juega-con-pantalo-n-blanco-frente-a-las-palmas-scaled.jpeg\",\"datePublished\":\"2024-11-30T14:10:00+00:00\",\"dateModified\":\"2024-11-30T14:16:00+00:00\",\"author\":{\"@id\":\"https:\\\/\\\/www.fcbarcelonanoticias.com\\\/en\\\/#\\\/schema\\\/person\\\/88d756918a0a1ae9fa593b5edddd1815\"},\"description\":\"FC Barcelona played the match against Las Palmas wearing white shorts, in a 'nod' to the first kit in the history of the club\",\"breadcrumb\":{\"@id\":\"https:\\\/\\\/www.fcbarcelonanoticias.com\\\/en\\\/laliga\\\/barca-wears-white-shorts-against-palmas-for-its-125th-anniversary_308983_102.html#breadcrumb\"},\"inLanguage\":\"en-US\",\"potentialAction\":[{\"@type\":\"ReadAction\",\"target\":[\"https:\\\/\\\/www.fcbarcelonanoticias.com\\\/en\\\/laliga\\\/barca-wears-white-shorts-against-palmas-for-its-125th-anniversary_308983_102.html\"]}]},{\"@type\":\"ImageObject\",\"inLanguage\":\"en-US\",\"@id\":\"https:\\\/\\\/www.fcbarcelonanoticias.com\\\/en\\\/laliga\\\/barca-wears-white-shorts-against-palmas-for-its-125th-anniversary_308983_102.html#primaryimage\",\"url\":\"https:\\\/\\\/www.fcbarcelonanoticias.com\\\/en\\\/wp-content\\\/uploads\\\/sites\\\/2\\\/2024\\\/11\\\/fc-barcelona-juega-con-pantalo-n-blanco-frente-a-las-palmas-scaled.jpeg\",\"contentUrl\":\"https:\\\/\\\/www.fcbarcelonanoticias.com\\\/en\\\/wp-content\\\/uploads\\\/sites\\\/2\\\/2024\\\/11\\\/fc-barcelona-juega-con-pantalo-n-blanco-frente-a-las-palmas-scaled.jpeg\",\"width\":2560,\"height\":1714},{\"@type\":\"BreadcrumbList\",\"@id\":\"https:\\\/\\\/www.fcbarcelonanoticias.com\\\/en\\\/laliga\\\/barca-wears-white-shorts-against-palmas-for-its-125th-anniversary_308983_102.html#breadcrumb\",\"itemListElement\":[{\"@type\":\"ListItem\",\"position\":1,\"name\":\"Portada\",\"item\":\"https:\\\/\\\/www.fcbarcelonanoticias.com\\\/en\\\/\"},{\"@type\":\"ListItem\",\"position\":2,\"name\":\"Bar\u00e7a wears white shorts against Las Palmas for its 125th anniversary\"}]},{\"@type\":\"WebSite\",\"@id\":\"https:\\\/\\\/www.fcbarcelonanoticias.com\\\/en\\\/#website\",\"url\":\"https:\\\/\\\/www.fcbarcelonanoticias.com\\\/en\\\/\",\"name\":\"EN - FC Barcelona Noticias\",\"description\":\"\",\"potentialAction\":[{\"@type\":\"SearchAction\",\"target\":{\"@type\":\"EntryPoint\",\"urlTemplate\":\"https:\\\/\\\/www.fcbarcelonanoticias.com\\\/en\\\/?s={search_term_string}\"},\"query-input\":{\"@type\":\"PropertyValueSpecification\",\"valueRequired\":true,\"valueName\":\"search_term_string\"}}],\"inLanguage\":\"en-US\"},{\"@type\":\"Person\",\"@id\":\"https:\\\/\\\/www.fcbarcelonanoticias.com\\\/en\\\/#\\\/schema\\\/person\\\/88d756918a0a1ae9fa593b5edddd1815\",\"name\":\"Juan Pablo Berdugo\",\"image\":{\"@type\":\"ImageObject\",\"inLanguage\":\"en-US\",\"@id\":\"https:\\\/\\\/secure.gravatar.com\\\/avatar\\\/?s=96&d=mm&r=g\",\"url\":\"https:\\\/\\\/secure.gravatar.com\\\/avatar\\\/?s=96&d=mm&r=g\",\"contentUrl\":\"https:\\\/\\\/secure.gravatar.com\\\/avatar\\\/?s=96&d=mm&r=g\",\"caption\":\"Juan Pablo Berdugo\"},\"description\":\"Juan Pablo Berdugo es graduado en Periodismo. Colabora con FCBN como especialista en informaci\u00f3n del primer equipo del FC Barcelona, f\u00fatbol internacional y mercado de fichajes. Destaca por su enfoque anal\u00edtico, su rigor informativo y su capacidad para detectar tendencias emergentes en el f\u00fatbol global.\",\"url\":\"https:\\\/\\\/www.fcbarcelonanoticias.com\\\/en\\\/fc-barcelona\\\/juan-pablo-berdugo_18_115.html\"}]}<\/script>\n<!-- \/ Yoast SEO plugin. -->","yoast_head_json":{"title":"Bar\u00e7a wears white shorts against Las Palmas for its 125th anniversary","description":"FC Barcelona played the match against Las Palmas wearing white shorts, in a 'nod' to the first kit in the history of the club","robots":{"index":"index","follow":"follow","max-snippet":"max-snippet:-1","max-image-preview":"max-image-preview:large","max-video-preview":"max-video-preview:-1"},"canonical":"https:\/\/www.fcbarcelonanoticias.com\/en\/laliga\/barca-wears-white-shorts-against-palmas-for-its-125th-anniversary_308983_102.html","og_locale":"en_US","og_type":"article","og_title":"Bar\u00e7a wears white shorts against Las Palmas for its 125th anniversary","og_description":"FC Barcelona played the match against Las Palmas wearing white shorts, in a 'nod' to the first kit in the history of the club","og_url":"https:\/\/www.fcbarcelonanoticias.com\/en\/laliga\/barca-wears-white-shorts-against-palmas-for-its-125th-anniversary_308983_102.html","og_site_name":"EN - FC Barcelona Noticias","article_published_time":"2024-11-30T14:10:00+00:00","article_modified_time":"2024-11-30T14:16:00+00:00","og_image":[{"width":2560,"height":1714,"url":"https:\/\/www.fcbarcelonanoticias.com\/en\/wp-content\/uploads\/sites\/2\/2024\/11\/fc-barcelona-juega-con-pantalo-n-blanco-frente-a-las-palmas-scaled.jpeg","type":"image\/jpeg"}],"author":"Juan Pablo Berdugo","twitter_card":"summary_large_image","twitter_misc":{"Written by":"Juan Pablo Berdugo","Est. reading time":"1 minute"},"schema":{"@context":"https:\/\/schema.org","@graph":[{"@type":"Article","@id":"https:\/\/www.fcbarcelonanoticias.com\/en\/laliga\/barca-wears-white-shorts-against-palmas-for-its-125th-anniversary_308983_102.html#article","isPartOf":{"@id":"https:\/\/www.fcbarcelonanoticias.com\/en\/laliga\/barca-wears-white-shorts-against-palmas-for-its-125th-anniversary_308983_102.html"},"author":{"name":"Juan Pablo Berdugo","@id":"https:\/\/www.fcbarcelonanoticias.com\/en\/#\/schema\/person\/88d756918a0a1ae9fa593b5edddd1815"},"headline":"Bar\u00e7a wears white shorts against Las Palmas for its 125th anniversary","datePublished":"2024-11-30T14:10:00+00:00","dateModified":"2024-11-30T14:16:00+00:00","mainEntityOfPage":{"@id":"https:\/\/www.fcbarcelonanoticias.com\/en\/laliga\/barca-wears-white-shorts-against-palmas-for-its-125th-anniversary_308983_102.html"},"wordCount":287,"image":{"@id":"https:\/\/www.fcbarcelonanoticias.com\/en\/laliga\/barca-wears-white-shorts-against-palmas-for-its-125th-anniversary_308983_102.html#primaryimage"},"thumbnailUrl":"https:\/\/www.fcbarcelonanoticias.com\/en\/wp-content\/uploads\/sites\/2\/2024\/11\/fc-barcelona-juega-con-pantalo-n-blanco-frente-a-las-palmas-scaled.jpeg","keywords":["Barcelona vs Las Palmas","T-shirt FC Barcelona"],"articleSection":["LaLiga","LaLiga"],"inLanguage":"en-US"},{"@type":"WebPage","@id":"https:\/\/www.fcbarcelonanoticias.com\/en\/laliga\/barca-wears-white-shorts-against-palmas-for-its-125th-anniversary_308983_102.html","url":"https:\/\/www.fcbarcelonanoticias.com\/en\/laliga\/barca-wears-white-shorts-against-palmas-for-its-125th-anniversary_308983_102.html","name":"Bar\u00e7a wears white shorts against Las Palmas for its 125th anniversary","isPartOf":{"@id":"https:\/\/www.fcbarcelonanoticias.com\/en\/#website"},"primaryImageOfPage":{"@id":"https:\/\/www.fcbarcelonanoticias.com\/en\/laliga\/barca-wears-white-shorts-against-palmas-for-its-125th-anniversary_308983_102.html#primaryimage"},"image":{"@id":"https:\/\/www.fcbarcelonanoticias.com\/en\/laliga\/barca-wears-white-shorts-against-palmas-for-its-125th-anniversary_308983_102.html#primaryimage"},"thumbnailUrl":"https:\/\/www.fcbarcelonanoticias.com\/en\/wp-content\/uploads\/sites\/2\/2024\/11\/fc-barcelona-juega-con-pantalo-n-blanco-frente-a-las-palmas-scaled.jpeg","datePublished":"2024-11-30T14:10:00+00:00","dateModified":"2024-11-30T14:16:00+00:00","author":{"@id":"https:\/\/www.fcbarcelonanoticias.com\/en\/#\/schema\/person\/88d756918a0a1ae9fa593b5edddd1815"},"description":"FC Barcelona played the match against Las Palmas wearing white shorts, in a 'nod' to the first kit in the history of the club","breadcrumb":{"@id":"https:\/\/www.fcbarcelonanoticias.com\/en\/laliga\/barca-wears-white-shorts-against-palmas-for-its-125th-anniversary_308983_102.html#breadcrumb"},"inLanguage":"en-US","potentialAction":[{"@type":"ReadAction","target":["https:\/\/www.fcbarcelonanoticias.com\/en\/laliga\/barca-wears-white-shorts-against-palmas-for-its-125th-anniversary_308983_102.html"]}]},{"@type":"ImageObject","inLanguage":"en-US","@id":"https:\/\/www.fcbarcelonanoticias.com\/en\/laliga\/barca-wears-white-shorts-against-palmas-for-its-125th-anniversary_308983_102.html#primaryimage","url":"https:\/\/www.fcbarcelonanoticias.com\/en\/wp-content\/uploads\/sites\/2\/2024\/11\/fc-barcelona-juega-con-pantalo-n-blanco-frente-a-las-palmas-scaled.jpeg","contentUrl":"https:\/\/www.fcbarcelonanoticias.com\/en\/wp-content\/uploads\/sites\/2\/2024\/11\/fc-barcelona-juega-con-pantalo-n-blanco-frente-a-las-palmas-scaled.jpeg","width":2560,"height":1714},{"@type":"BreadcrumbList","@id":"https:\/\/www.fcbarcelonanoticias.com\/en\/laliga\/barca-wears-white-shorts-against-palmas-for-its-125th-anniversary_308983_102.html#breadcrumb","itemListElement":[{"@type":"ListItem","position":1,"name":"Portada","item":"https:\/\/www.fcbarcelonanoticias.com\/en\/"},{"@type":"ListItem","position":2,"name":"Bar\u00e7a wears white shorts against Las Palmas for its 125th anniversary"}]},{"@type":"WebSite","@id":"https:\/\/www.fcbarcelonanoticias.com\/en\/#website","url":"https:\/\/www.fcbarcelonanoticias.com\/en\/","name":"EN - FC Barcelona Noticias","description":"","potentialAction":[{"@type":"SearchAction","target":{"@type":"EntryPoint","urlTemplate":"https:\/\/www.fcbarcelonanoticias.com\/en\/?s={search_term_string}"},"query-input":{"@type":"PropertyValueSpecification","valueRequired":true,"valueName":"search_term_string"}}],"inLanguage":"en-US"},{"@type":"Person","@id":"https:\/\/www.fcbarcelonanoticias.com\/en\/#\/schema\/person\/88d756918a0a1ae9fa593b5edddd1815","name":"Juan Pablo Berdugo","image":{"@type":"ImageObject","inLanguage":"en-US","@id":"https:\/\/secure.gravatar.com\/avatar\/?s=96&d=mm&r=g","url":"https:\/\/secure.gravatar.com\/avatar\/?s=96&d=mm&r=g","contentUrl":"https:\/\/secure.gravatar.com\/avatar\/?s=96&d=mm&r=g","caption":"Juan Pablo Berdugo"},"description":"Juan Pablo Berdugo es graduado en Periodismo. Colabora con FCBN como especialista en informaci\u00f3n del primer equipo del FC Barcelona, f\u00fatbol internacional y mercado de fichajes. Destaca por su enfoque anal\u00edtico, su rigor informativo y su capacidad para detectar tendencias emergentes en el f\u00fatbol global.","url":"https:\/\/www.fcbarcelonanoticias.com\/en\/fc-barcelona\/juan-pablo-berdugo_18_115.html"}]}},"_links":{"self":[{"href":"https:\/\/www.fcbarcelonanoticias.com\/en\/wp-json\/wp\/v2\/posts\/49955","targetHints":{"allow":["GET"]}}],"collection":[{"href":"https:\/\/www.fcbarcelonanoticias.com\/en\/wp-json\/wp\/v2\/posts"}],"about":[{"href":"https:\/\/www.fcbarcelonanoticias.com\/en\/wp-json\/wp\/v2\/types\/post"}],"author":[{"embeddable":true,"href":"https:\/\/www.fcbarcelonanoticias.com\/en\/wp-json\/wp\/v2\/users\/358"}],"replies":[{"embeddable":true,"href":"https:\/\/www.fcbarcelonanoticias.com\/en\/wp-json\/wp\/v2\/comments?post=49955"}],"version-history":[{"count":1,"href":"https:\/\/www.fcbarcelonanoticias.com\/en\/wp-json\/wp\/v2\/posts\/49955\/revisions"}],"predecessor-version":[{"id":49971,"href":"https:\/\/www.fcbarcelonanoticias.com\/en\/wp-json\/wp\/v2\/posts\/49955\/revisions\/49971"}],"wp:featuredmedia":[{"embeddable":true,"href":"https:\/\/www.fcbarcelonanoticias.com\/en\/wp-json\/wp\/v2\/media\/49956"}],"wp:attachment":[{"href":"https:\/\/www.fcbarcelonanoticias.com\/en\/wp-json\/wp\/v2\/media?parent=49955"}],"wp:term":[{"taxonomy":"category","embeddable":true,"href":"https:\/\/www.fcbarcelonanoticias.com\/en\/wp-json\/wp\/v2\/categories?post=49955"},{"taxonomy":"post_tag","embeddable":true,"href":"https:\/\/www.fcbarcelonanoticias.com\/en\/wp-json\/wp\/v2\/tags?post=49955"}],"curies":[{"name":"wp","href":"https:\/\/api.w.org\/{rel}","templated":true}]}}