{"id":50018,"date":"2023-04-15T20:47:00","date_gmt":"2023-04-15T18:47:00","guid":{"rendered":"https:\/\/weisetech.dev\/fc-barcelona-noticias\/en\/barcelona-changes-transport-match-getafe_291544_102\/"},"modified":"2023-04-15T20:48:00","modified_gmt":"2023-04-15T18:48:00","slug":"barcelona-changes-transport-match-getafe_291544_102","status":"publish","type":"post","link":"https:\/\/www.fcbarcelonanoticias.com\/en\/laliga\/barcelona-changes-transport-match-getafe_291544_102.html","title":{"rendered":"Bar\u00e7a changes transport for its match against Getafe"},"content":{"rendered":"<h2 class=\"wp-block-heading\">FC Barcelona has modified its schedule to move to the Alfonso P\u00e9rez Coliseum in Madrid for a curious reason. Those of Xavi Hern\u00e1ndez traveled by train to Madrid to promote environmental sustainability<\/h2>  \r\n<div class=\"article-addons\">\r\n    <a href=\"https:\/\/www.fcbarcelonanoticias.com\/en\/calendar-fc-barcelona.html\"\r\n       target=\"_self\"\r\n       title=\"Calendar of FC Barcelona\"\r\n       class=\"blue-gredient-btn\">\r\n       \r\n        Calendar of FC Barcelona    <\/a>\r\n<\/div>   <p>For the first time in the season, the staff of the FC Barcelona will not travel in aeroplane to face a party of LaLiga out of the Spotify Camp Nou. This Saturday, <strong>the comitiva cul\u00e9 <a data-external=\"0\" data-intl-links-en=\"https:\/\/www.fcbarcelonanoticias.com\/en\/laliga\/getafe-vs-fcbarcelona-in-television-when-and-where-see-match_291541_102.html\" data-intl-links-es=\"https:\/\/www.fcbarcelonanoticias.com\/laliga\/getafe-cf-vs-fc-barcelona-en-television-cuando-donde-ver-partido_291541_102.html\" href=\"https:\/\/www.fcbarcelonanoticias.com\/en\/laliga\/getafe-vs-fcbarcelona-in-television-when-and-where-see-match_291541_102.html\" rel=\"follow\" target=\"_self\" title=\"Getafe CF vs FC Barcelona en Televisi\u00f3n: Cu\u00e1ndo y d\u00f3nde ver el partido\">travelled to Madrid to confront to the Getafe<\/a> from the 16:15 of the Sunday in a train BIRD ch\u00e1rter<\/strong>, splitting from the station of Sants to the Spanish capital. There they will lodge in the Intercontinental Hotel of the Walk of the Castellana.<\/p>  <blockquote class=\"twitter-tweet\"> <p dir=\"ltr\" lang=\"es\">\ud83d\ude01 To Madrid, in BIRD <a href=\"https:\/\/twitter.com\/en\/Renfe?ref_src=twsrc%5Etfw\">@Renfe<\/a><br><br> \ud83d\udd17 The details of the trip: <a href=\"https:\/\/t.co\/en\/yjxUwFX5uW\">https:\/\/t.co\/yjxuwfx5uw<\/a> <a href=\"https:\/\/t.co\/en\/sMzAaDFnC1\">pic.twitter.com\/smzaadfnc1<\/a><\/p> \u2014 FC Barcelona (@FCBarcelona_is) <a href=\"https:\/\/twitter.com\/en\/FCBarcelona_es\/status\/1647286417247043585?ref_src=twsrc%5Etfw\">April 15, 2023<\/a> <\/blockquote> <p>The reason for this change of plans has been to contribute with the environmental sustainability, being the terrestrial transport much less contaminante that the \u00e1reo. <strong>The complicated diary cul\u00e9 and the distance of the transfers is used to to force to the staff to travel in aeroplane<\/strong>, but the party of the Sunday, corresponding to the day 29 of LaLiga, gives for this change of plans, taking advantage of that the club will not have pending parties between week.<\/p>  <h2>Xavi explained the change of plans in press conference<\/h2>  <p>In this regard, Xavi Hern\u00e1ndez had cleared the reasons of the club for &#8216;happen&#8217; of the aeroplane in his Madrilenian expedition in the previous press conference to the crash in front of a Getafe in full fight by the descent. <strong> &#8220;We have not done it before, the to travel by train, because the distance is longer. It is a subject of the environmental pollution&#8221;<\/strong>, said the egarense.<\/p>  <p>Besides, it added: <strong>&#8220;we Have thought that it was the ideal moment. We play morning to the four, today sleep in Madrid&#8230; And the trip can be a bit longer because it will not affect us so much, since we rest in Madrid&#8221;<\/strong>. The Bar\u00e7a will have the free week while they define the quarter-finals of the European competitions and recently will return to the action next Sunday home in front of the Athletic of Madrid.<\/p>  <h3>The Bar\u00e7a wants to sentence LaLiga what before<\/h3>  <p>After the tie in front of the Girona home the past Monday, the ones of Xavi took advantage of the fall of the Real Madrid home in front of the Villarreal to expand to 13 points his advantage in the leadership. However, waiting for <a data-external=\"0\" data-intl-links-en=\"https:\/\/www.fcbarcelonanoticias.com\/en\/laliga\/cadiz-vs-real-madrid-on-television-when-and-where-see-match_291515_102.html\" data-intl-links-es=\"https:\/\/www.fcbarcelonanoticias.com\/laliga\/cadiz-vs-real-madrid-en-television-cuando-donde-ver-partido_291515_102.html\" href=\"https:\/\/www.fcbarcelonanoticias.com\/en\/laliga\/cadiz-vs-real-madrid-on-television-when-and-where-see-match_291515_102.html\" rel=\"follow\" target=\"_self\" title=\"C\u00e1diz vs Real Madrid en Televisi\u00f3n: Cu\u00e1ndo y d\u00f3nde ver el partido\">what do the &#8216;merengues&#8217; in his visit to the C\u00e1diz<\/a>, the Bar\u00e7a knows that it can not allow more tropiezos and the best is to sentence the title the before possible. The Getafe, by his part, <strong>will go with everything to by three points that allow him follow out of the places of descent<\/strong>, since for the moment it is sixteenth with three points more than Valencia (18\u00b0).<\/p> ","protected":false},"excerpt":{"rendered":"<p>FC Barcelona has modified its schedule to move to the Alfonso P\u00e9rez Coliseum in Madrid for a curious reason. Those of Xavi Hern\u00e1ndez traveled by train to Madrid to promote environmental sustainability For the first time in the season, the staff of the FC Barcelona will not travel in aeroplane to face a party of [&hellip;]<\/p>\n","protected":false},"author":347,"featured_media":50021,"comment_status":"closed","ping_status":"open","sticky":false,"template":"","format":"standard","meta":{"_acf_changed":false,"inline_featured_image":false,"_nextfly_llmd_date_locked":false,"footnotes":""},"categories":[114,448],"tags":[96],"class_list":["post-50018","post","type-post","status-publish","format-standard","has-post-thumbnail","hentry","category-laliga","category-laliga-2","tag-getafe-cf"],"acf":[],"yoast_head":"<!-- This site is optimized with the Yoast SEO plugin v27.3 - https:\/\/yoast.com\/product\/yoast-seo-wordpress\/ -->\n<title>Bar\u00e7a changes transport for its match against Getafe<\/title>\n<meta name=\"description\" content=\"FC Barcelona has modified its schedule to move to the Alfonso P\u00e9rez Coliseum in Madrid for a curious reason. Those of Xavi Hern\u00e1ndez traveled by train to Madrid to promote environmental sustainability\" \/>\n<meta name=\"robots\" content=\"index, follow, max-snippet:-1, max-image-preview:large, max-video-preview:-1\" \/>\n<link rel=\"canonical\" href=\"https:\/\/www.fcbarcelonanoticias.com\/en\/laliga\/barcelona-changes-transport-match-getafe_291544_102.html\" \/>\n<meta property=\"og:locale\" content=\"en_US\" \/>\n<meta property=\"og:type\" content=\"article\" \/>\n<meta property=\"og:title\" content=\"Bar\u00e7a changes transport for its match against Getafe\" \/>\n<meta property=\"og:description\" content=\"FC Barcelona has modified its schedule to move to the Alfonso P\u00e9rez Coliseum in Madrid for a curious reason. Those of Xavi Hern\u00e1ndez traveled by train to Madrid to promote environmental sustainability\" \/>\n<meta property=\"og:url\" content=\"https:\/\/www.fcbarcelonanoticias.com\/en\/laliga\/barcelona-changes-transport-match-getafe_291544_102.html\" \/>\n<meta property=\"og:site_name\" content=\"EN - FC Barcelona Noticias\" \/>\n<meta property=\"article:published_time\" content=\"2023-04-15T18:47:00+00:00\" \/>\n<meta property=\"article:modified_time\" content=\"2023-04-15T18:48:00+00:00\" \/>\n<meta property=\"og:image\" content=\"https:\/\/www.fcbarcelonanoticias.com\/en\/wp-content\/uploads\/sites\/2\/2023\/04\/xavi-sergio-busquets-1.jpeg\" \/>\n\t<meta property=\"og:image:width\" content=\"1300\" \/>\n\t<meta property=\"og:image:height\" content=\"736\" \/>\n\t<meta property=\"og:image:type\" content=\"image\/jpeg\" \/>\n<meta name=\"author\" content=\"Andr\u00e9s Quiroz\" \/>\n<meta name=\"twitter:card\" content=\"summary_large_image\" \/>\n<meta name=\"twitter:label1\" content=\"Written by\" \/>\n\t<meta name=\"twitter:data1\" content=\"Andr\u00e9s Quiroz\" \/>\n\t<meta name=\"twitter:label2\" content=\"Est. reading time\" \/>\n\t<meta name=\"twitter:data2\" content=\"2 minutes\" \/>\n<script type=\"application\/ld+json\" class=\"yoast-schema-graph\">{\"@context\":\"https:\\\/\\\/schema.org\",\"@graph\":[{\"@type\":\"Article\",\"@id\":\"https:\\\/\\\/www.fcbarcelonanoticias.com\\\/en\\\/laliga\\\/barcelona-changes-transport-match-getafe_291544_102.html#article\",\"isPartOf\":{\"@id\":\"https:\\\/\\\/www.fcbarcelonanoticias.com\\\/en\\\/laliga\\\/barcelona-changes-transport-match-getafe_291544_102.html\"},\"author\":{\"name\":\"Andr\u00e9s Quiroz\",\"@id\":\"https:\\\/\\\/www.fcbarcelonanoticias.com\\\/en\\\/#\\\/schema\\\/person\\\/c2cd9f6fa1af5c0d0eccd0fefa575c88\"},\"headline\":\"Bar\u00e7a changes transport for its match against Getafe\",\"datePublished\":\"2023-04-15T18:47:00+00:00\",\"dateModified\":\"2023-04-15T18:48:00+00:00\",\"mainEntityOfPage\":{\"@id\":\"https:\\\/\\\/www.fcbarcelonanoticias.com\\\/en\\\/laliga\\\/barcelona-changes-transport-match-getafe_291544_102.html\"},\"wordCount\":498,\"image\":{\"@id\":\"https:\\\/\\\/www.fcbarcelonanoticias.com\\\/en\\\/laliga\\\/barcelona-changes-transport-match-getafe_291544_102.html#primaryimage\"},\"thumbnailUrl\":\"https:\\\/\\\/www.fcbarcelonanoticias.com\\\/en\\\/wp-content\\\/uploads\\\/sites\\\/2\\\/2023\\\/04\\\/xavi-sergio-busquets-1.jpeg\",\"keywords\":[\"Getafe CF\"],\"articleSection\":[\"LaLiga\",\"LaLiga\"],\"inLanguage\":\"en-US\"},{\"@type\":\"WebPage\",\"@id\":\"https:\\\/\\\/www.fcbarcelonanoticias.com\\\/en\\\/laliga\\\/barcelona-changes-transport-match-getafe_291544_102.html\",\"url\":\"https:\\\/\\\/www.fcbarcelonanoticias.com\\\/en\\\/laliga\\\/barcelona-changes-transport-match-getafe_291544_102.html\",\"name\":\"Bar\u00e7a changes transport for its match against Getafe\",\"isPartOf\":{\"@id\":\"https:\\\/\\\/www.fcbarcelonanoticias.com\\\/en\\\/#website\"},\"primaryImageOfPage\":{\"@id\":\"https:\\\/\\\/www.fcbarcelonanoticias.com\\\/en\\\/laliga\\\/barcelona-changes-transport-match-getafe_291544_102.html#primaryimage\"},\"image\":{\"@id\":\"https:\\\/\\\/www.fcbarcelonanoticias.com\\\/en\\\/laliga\\\/barcelona-changes-transport-match-getafe_291544_102.html#primaryimage\"},\"thumbnailUrl\":\"https:\\\/\\\/www.fcbarcelonanoticias.com\\\/en\\\/wp-content\\\/uploads\\\/sites\\\/2\\\/2023\\\/04\\\/xavi-sergio-busquets-1.jpeg\",\"datePublished\":\"2023-04-15T18:47:00+00:00\",\"dateModified\":\"2023-04-15T18:48:00+00:00\",\"author\":{\"@id\":\"https:\\\/\\\/www.fcbarcelonanoticias.com\\\/en\\\/#\\\/schema\\\/person\\\/c2cd9f6fa1af5c0d0eccd0fefa575c88\"},\"description\":\"FC Barcelona has modified its schedule to move to the Alfonso P\u00e9rez Coliseum in Madrid for a curious reason. Those of Xavi Hern\u00e1ndez traveled by train to Madrid to promote environmental sustainability\",\"breadcrumb\":{\"@id\":\"https:\\\/\\\/www.fcbarcelonanoticias.com\\\/en\\\/laliga\\\/barcelona-changes-transport-match-getafe_291544_102.html#breadcrumb\"},\"inLanguage\":\"en-US\",\"potentialAction\":[{\"@type\":\"ReadAction\",\"target\":[\"https:\\\/\\\/www.fcbarcelonanoticias.com\\\/en\\\/laliga\\\/barcelona-changes-transport-match-getafe_291544_102.html\"]}]},{\"@type\":\"ImageObject\",\"inLanguage\":\"en-US\",\"@id\":\"https:\\\/\\\/www.fcbarcelonanoticias.com\\\/en\\\/laliga\\\/barcelona-changes-transport-match-getafe_291544_102.html#primaryimage\",\"url\":\"https:\\\/\\\/www.fcbarcelonanoticias.com\\\/en\\\/wp-content\\\/uploads\\\/sites\\\/2\\\/2023\\\/04\\\/xavi-sergio-busquets-1.jpeg\",\"contentUrl\":\"https:\\\/\\\/www.fcbarcelonanoticias.com\\\/en\\\/wp-content\\\/uploads\\\/sites\\\/2\\\/2023\\\/04\\\/xavi-sergio-busquets-1.jpeg\",\"width\":1300,\"height\":736},{\"@type\":\"BreadcrumbList\",\"@id\":\"https:\\\/\\\/www.fcbarcelonanoticias.com\\\/en\\\/laliga\\\/barcelona-changes-transport-match-getafe_291544_102.html#breadcrumb\",\"itemListElement\":[{\"@type\":\"ListItem\",\"position\":1,\"name\":\"Portada\",\"item\":\"https:\\\/\\\/www.fcbarcelonanoticias.com\\\/en\\\/\"},{\"@type\":\"ListItem\",\"position\":2,\"name\":\"Bar\u00e7a changes transport for its match against Getafe\"}]},{\"@type\":\"WebSite\",\"@id\":\"https:\\\/\\\/www.fcbarcelonanoticias.com\\\/en\\\/#website\",\"url\":\"https:\\\/\\\/www.fcbarcelonanoticias.com\\\/en\\\/\",\"name\":\"EN - FC Barcelona Noticias\",\"description\":\"\",\"potentialAction\":[{\"@type\":\"SearchAction\",\"target\":{\"@type\":\"EntryPoint\",\"urlTemplate\":\"https:\\\/\\\/www.fcbarcelonanoticias.com\\\/en\\\/?s={search_term_string}\"},\"query-input\":{\"@type\":\"PropertyValueSpecification\",\"valueRequired\":true,\"valueName\":\"search_term_string\"}}],\"inLanguage\":\"en-US\"},{\"@type\":\"Person\",\"@id\":\"https:\\\/\\\/www.fcbarcelonanoticias.com\\\/en\\\/#\\\/schema\\\/person\\\/c2cd9f6fa1af5c0d0eccd0fefa575c88\",\"name\":\"Andr\u00e9s Quiroz\",\"image\":{\"@type\":\"ImageObject\",\"inLanguage\":\"en-US\",\"@id\":\"https:\\\/\\\/secure.gravatar.com\\\/avatar\\\/?s=96&d=mm&r=g\",\"url\":\"https:\\\/\\\/secure.gravatar.com\\\/avatar\\\/?s=96&d=mm&r=g\",\"contentUrl\":\"https:\\\/\\\/secure.gravatar.com\\\/avatar\\\/?s=96&d=mm&r=g\",\"caption\":\"Andr\u00e9s Quiroz\"},\"description\":\"Licenciado en Periodismo por la Universidad de los Andes. Me encargo de analizar y compartir los contenidos m\u00e1s destacados de la\u00a0actualidad del F\u00fatbol Club Barcelona, Mercado de Fichajes y F\u00fatbol Internacional en FCBN. La informaci\u00f3n es poder, pero tambi\u00e9n conocimiento.\",\"url\":\"https:\\\/\\\/www.fcbarcelonanoticias.com\\\/en\\\/fc-barcelona\\\/andres-quiroz_17_115.html\"}]}<\/script>\n<!-- \/ Yoast SEO plugin. -->","yoast_head_json":{"title":"Bar\u00e7a changes transport for its match against Getafe","description":"FC Barcelona has modified its schedule to move to the Alfonso P\u00e9rez Coliseum in Madrid for a curious reason. Those of Xavi Hern\u00e1ndez traveled by train to Madrid to promote environmental sustainability","robots":{"index":"index","follow":"follow","max-snippet":"max-snippet:-1","max-image-preview":"max-image-preview:large","max-video-preview":"max-video-preview:-1"},"canonical":"https:\/\/www.fcbarcelonanoticias.com\/en\/laliga\/barcelona-changes-transport-match-getafe_291544_102.html","og_locale":"en_US","og_type":"article","og_title":"Bar\u00e7a changes transport for its match against Getafe","og_description":"FC Barcelona has modified its schedule to move to the Alfonso P\u00e9rez Coliseum in Madrid for a curious reason. Those of Xavi Hern\u00e1ndez traveled by train to Madrid to promote environmental sustainability","og_url":"https:\/\/www.fcbarcelonanoticias.com\/en\/laliga\/barcelona-changes-transport-match-getafe_291544_102.html","og_site_name":"EN - FC Barcelona Noticias","article_published_time":"2023-04-15T18:47:00+00:00","article_modified_time":"2023-04-15T18:48:00+00:00","og_image":[{"width":1300,"height":736,"url":"https:\/\/www.fcbarcelonanoticias.com\/en\/wp-content\/uploads\/sites\/2\/2023\/04\/xavi-sergio-busquets-1.jpeg","type":"image\/jpeg"}],"author":"Andr\u00e9s Quiroz","twitter_card":"summary_large_image","twitter_misc":{"Written by":"Andr\u00e9s Quiroz","Est. reading time":"2 minutes"},"schema":{"@context":"https:\/\/schema.org","@graph":[{"@type":"Article","@id":"https:\/\/www.fcbarcelonanoticias.com\/en\/laliga\/barcelona-changes-transport-match-getafe_291544_102.html#article","isPartOf":{"@id":"https:\/\/www.fcbarcelonanoticias.com\/en\/laliga\/barcelona-changes-transport-match-getafe_291544_102.html"},"author":{"name":"Andr\u00e9s Quiroz","@id":"https:\/\/www.fcbarcelonanoticias.com\/en\/#\/schema\/person\/c2cd9f6fa1af5c0d0eccd0fefa575c88"},"headline":"Bar\u00e7a changes transport for its match against Getafe","datePublished":"2023-04-15T18:47:00+00:00","dateModified":"2023-04-15T18:48:00+00:00","mainEntityOfPage":{"@id":"https:\/\/www.fcbarcelonanoticias.com\/en\/laliga\/barcelona-changes-transport-match-getafe_291544_102.html"},"wordCount":498,"image":{"@id":"https:\/\/www.fcbarcelonanoticias.com\/en\/laliga\/barcelona-changes-transport-match-getafe_291544_102.html#primaryimage"},"thumbnailUrl":"https:\/\/www.fcbarcelonanoticias.com\/en\/wp-content\/uploads\/sites\/2\/2023\/04\/xavi-sergio-busquets-1.jpeg","keywords":["Getafe CF"],"articleSection":["LaLiga","LaLiga"],"inLanguage":"en-US"},{"@type":"WebPage","@id":"https:\/\/www.fcbarcelonanoticias.com\/en\/laliga\/barcelona-changes-transport-match-getafe_291544_102.html","url":"https:\/\/www.fcbarcelonanoticias.com\/en\/laliga\/barcelona-changes-transport-match-getafe_291544_102.html","name":"Bar\u00e7a changes transport for its match against Getafe","isPartOf":{"@id":"https:\/\/www.fcbarcelonanoticias.com\/en\/#website"},"primaryImageOfPage":{"@id":"https:\/\/www.fcbarcelonanoticias.com\/en\/laliga\/barcelona-changes-transport-match-getafe_291544_102.html#primaryimage"},"image":{"@id":"https:\/\/www.fcbarcelonanoticias.com\/en\/laliga\/barcelona-changes-transport-match-getafe_291544_102.html#primaryimage"},"thumbnailUrl":"https:\/\/www.fcbarcelonanoticias.com\/en\/wp-content\/uploads\/sites\/2\/2023\/04\/xavi-sergio-busquets-1.jpeg","datePublished":"2023-04-15T18:47:00+00:00","dateModified":"2023-04-15T18:48:00+00:00","author":{"@id":"https:\/\/www.fcbarcelonanoticias.com\/en\/#\/schema\/person\/c2cd9f6fa1af5c0d0eccd0fefa575c88"},"description":"FC Barcelona has modified its schedule to move to the Alfonso P\u00e9rez Coliseum in Madrid for a curious reason. Those of Xavi Hern\u00e1ndez traveled by train to Madrid to promote environmental sustainability","breadcrumb":{"@id":"https:\/\/www.fcbarcelonanoticias.com\/en\/laliga\/barcelona-changes-transport-match-getafe_291544_102.html#breadcrumb"},"inLanguage":"en-US","potentialAction":[{"@type":"ReadAction","target":["https:\/\/www.fcbarcelonanoticias.com\/en\/laliga\/barcelona-changes-transport-match-getafe_291544_102.html"]}]},{"@type":"ImageObject","inLanguage":"en-US","@id":"https:\/\/www.fcbarcelonanoticias.com\/en\/laliga\/barcelona-changes-transport-match-getafe_291544_102.html#primaryimage","url":"https:\/\/www.fcbarcelonanoticias.com\/en\/wp-content\/uploads\/sites\/2\/2023\/04\/xavi-sergio-busquets-1.jpeg","contentUrl":"https:\/\/www.fcbarcelonanoticias.com\/en\/wp-content\/uploads\/sites\/2\/2023\/04\/xavi-sergio-busquets-1.jpeg","width":1300,"height":736},{"@type":"BreadcrumbList","@id":"https:\/\/www.fcbarcelonanoticias.com\/en\/laliga\/barcelona-changes-transport-match-getafe_291544_102.html#breadcrumb","itemListElement":[{"@type":"ListItem","position":1,"name":"Portada","item":"https:\/\/www.fcbarcelonanoticias.com\/en\/"},{"@type":"ListItem","position":2,"name":"Bar\u00e7a changes transport for its match against Getafe"}]},{"@type":"WebSite","@id":"https:\/\/www.fcbarcelonanoticias.com\/en\/#website","url":"https:\/\/www.fcbarcelonanoticias.com\/en\/","name":"EN - FC Barcelona Noticias","description":"","potentialAction":[{"@type":"SearchAction","target":{"@type":"EntryPoint","urlTemplate":"https:\/\/www.fcbarcelonanoticias.com\/en\/?s={search_term_string}"},"query-input":{"@type":"PropertyValueSpecification","valueRequired":true,"valueName":"search_term_string"}}],"inLanguage":"en-US"},{"@type":"Person","@id":"https:\/\/www.fcbarcelonanoticias.com\/en\/#\/schema\/person\/c2cd9f6fa1af5c0d0eccd0fefa575c88","name":"Andr\u00e9s Quiroz","image":{"@type":"ImageObject","inLanguage":"en-US","@id":"https:\/\/secure.gravatar.com\/avatar\/?s=96&d=mm&r=g","url":"https:\/\/secure.gravatar.com\/avatar\/?s=96&d=mm&r=g","contentUrl":"https:\/\/secure.gravatar.com\/avatar\/?s=96&d=mm&r=g","caption":"Andr\u00e9s Quiroz"},"description":"Licenciado en Periodismo por la Universidad de los Andes. Me encargo de analizar y compartir los contenidos m\u00e1s destacados de la\u00a0actualidad del F\u00fatbol Club Barcelona, Mercado de Fichajes y F\u00fatbol Internacional en FCBN. La informaci\u00f3n es poder, pero tambi\u00e9n conocimiento.","url":"https:\/\/www.fcbarcelonanoticias.com\/en\/fc-barcelona\/andres-quiroz_17_115.html"}]}},"_links":{"self":[{"href":"https:\/\/www.fcbarcelonanoticias.com\/en\/wp-json\/wp\/v2\/posts\/50018","targetHints":{"allow":["GET"]}}],"collection":[{"href":"https:\/\/www.fcbarcelonanoticias.com\/en\/wp-json\/wp\/v2\/posts"}],"about":[{"href":"https:\/\/www.fcbarcelonanoticias.com\/en\/wp-json\/wp\/v2\/types\/post"}],"author":[{"embeddable":true,"href":"https:\/\/www.fcbarcelonanoticias.com\/en\/wp-json\/wp\/v2\/users\/347"}],"replies":[{"embeddable":true,"href":"https:\/\/www.fcbarcelonanoticias.com\/en\/wp-json\/wp\/v2\/comments?post=50018"}],"version-history":[{"count":1,"href":"https:\/\/www.fcbarcelonanoticias.com\/en\/wp-json\/wp\/v2\/posts\/50018\/revisions"}],"predecessor-version":[{"id":50019,"href":"https:\/\/www.fcbarcelonanoticias.com\/en\/wp-json\/wp\/v2\/posts\/50018\/revisions\/50019"}],"wp:featuredmedia":[{"embeddable":true,"href":"https:\/\/www.fcbarcelonanoticias.com\/en\/wp-json\/wp\/v2\/media\/50021"}],"wp:attachment":[{"href":"https:\/\/www.fcbarcelonanoticias.com\/en\/wp-json\/wp\/v2\/media?parent=50018"}],"wp:term":[{"taxonomy":"category","embeddable":true,"href":"https:\/\/www.fcbarcelonanoticias.com\/en\/wp-json\/wp\/v2\/categories?post=50018"},{"taxonomy":"post_tag","embeddable":true,"href":"https:\/\/www.fcbarcelonanoticias.com\/en\/wp-json\/wp\/v2\/tags?post=50018"}],"curies":[{"name":"wp","href":"https:\/\/api.w.org\/{rel}","templated":true}]}}