{"id":5014,"date":"2024-11-07T00:00:00","date_gmt":"2024-11-06T23:00:00","guid":{"rendered":"https:\/\/weisetech.dev\/fc-barcelona-noticias\/en\/inigo-martinez-golazo-cabla-mvp-crvena-zvezda-barca-2-5_308438_102\/"},"modified":"2024-11-07T01:11:00","modified_gmt":"2024-11-07T00:11:00","slug":"inigo-martinez-golazo-cabla-mvp-crvena-zvezda-barca-2-5_308438_102","status":"publish","type":"post","link":"https:\/\/www.fcbarcelonanoticias.com\/en\/champions-league\/inigo-martinez-golazo-cabla-mvp-crvena-zvezda-barca-2-5_308438_102.html","title":{"rendered":"I\u00f1igo Mart\u00ednez, great header and &#8216;MVP&#8217; for Crvena Zvezda-Bar\u00e7a (2-5)"},"content":{"rendered":"<h2 class=\"wp-block-heading\">FC Barcelona crushed Crvena Zvezda in Belgrade (2-5) in a great night for I\u00f1igo Mart\u00ednez. The Basque opened the scoring in the 13th minute and won the &#8216;MVP&#8217; of the match<\/h2>  \r\n<div class=\"article-addons\">\r\n    <a href=\"https:\/\/www.fcbarcelonanoticias.com\/en\/calendar-fc-barcelona.html\"\r\n       target=\"_self\"\r\n       title=\"Calendar of FC Barcelona\"\r\n       class=\"blue-gredient-btn\">\r\n       \r\n        Calendar of FC Barcelona    <\/a>\r\n<\/div>   <p>I\u00f1igo Mart\u00ednez got his first &#8216;MVP&#8217; of the season this Wednesday against Crvena Zvezda (2-5). <strong>The FC Barcelona central defender was the best of the cul\u00e9 defense along with Jules Kound\u00e9 (the Frenchman gave 3 assists)<\/strong>, scoring the goal that opened the way to a new victory for Hansi Flick&#8217;s team.<\/p>  <p><strong>In the 13th minute, the man from Ondarroa overtook the defense of the Serbian<\/strong> team after a free kick served by Raphinha. The &#8217;11&#8217; cross was perfect, straight to the head of the Basque, who finished off the mark, crossing the header to the far post, impossible for goalkeeper Ilic.<\/p>  <p>In the end, in another great collective performance by Bar\u00e7a, <strong>UEFA chose to give the most valuable of the match award to Mart\u00ednez<\/strong>, a prize for his great defensive work on a night where the cul\u00e9s gave a few more facilities than normal in the background.<\/p>  <h3>I\u00f1igo scored his second goal in the Champions League<\/h3>  <p>For I\u00f1igo, Wednesday&#8217;s goal was his second goal of the season, both in the Champions League.<strong> The &#8216;5&#8217; had scored on matchday 2 against Young Boys<\/strong>, also with a header and in a match that ended with another &#8216;hand&#8217; for Bar\u00e7a.<\/p>  <p>For now, the Basque remains firmly in Hansi Flick&#8217;s XI and<strong> has made 4 of 4 starts in the Champions League<\/strong>. In the League, he was only a substitute against Osasuna, curiously the only defeat the team recorded in the domestic competition.<\/p>  <h3>Award for defensive work for I\u00f1igo Mart\u00ednez<\/h3>  <p>After the match, the Basque expressed his happiness at receiving the &#8216;MVP&#8217; from UEFA, in addition to evaluating Bar\u00e7a&#8217;s wonderful moment on a collective level.<strong> &#8220;This MVP belongs to the entire team. We have all worked for this. After the goal we relaxed, but in the second half it was us,&#8221; <\/strong>I\u00f1igo explained when summarizing the match, showing self-criticism for slowing down a bit. being in advantage<\/p>  <p>In that sense, he added: <strong>&#8220;Things are being done very well and it is reflected in the game. Being a defender, I must admit that we suffer (for this style) and if the team drops a little point we notice it. <\/strong>We are happy and we hope to continue &#8220;that&#8217;s how good,&#8221; said the one from Ondarroa.<\/p>  <p>In total, Mart\u00ednez completed 92 of 98 passes (94% correct) during the 90 minutes. In addition, he completed 5 defensive actions, with 9 balls recovered and 4 duels won. No Red Star rival beat him head-to-head during the day. Until now, the &#8216;5&#8217; has only rested 6 minutes so far in the first 4 days of the Champions League.<\/p> ","protected":false},"excerpt":{"rendered":"<p>FC Barcelona crushed Crvena Zvezda in Belgrade (2-5) in a great night for I\u00f1igo Mart\u00ednez. The Basque opened the scoring in the 13th minute and won the &#8216;MVP&#8217; of the match I\u00f1igo Mart\u00ednez got his first &#8216;MVP&#8217; of the season this Wednesday against Crvena Zvezda (2-5). The FC Barcelona central defender was the best of [&hellip;]<\/p>\n","protected":false},"author":347,"featured_media":5015,"comment_status":"closed","ping_status":"open","sticky":false,"template":"","format":"standard","meta":{"_acf_changed":false,"inline_featured_image":false,"_nextfly_llmd_date_locked":false,"footnotes":""},"categories":[447,112],"tags":[191,70,232,157],"class_list":["post-5014","post","type-post","status-publish","format-standard","has-post-thumbnail","hentry","category-champions-league-2","category-champions-league","tag-fc-barcelona-goalscorers","tag-fc-barcelona-vs-estrella-roja","tag-mvp","tag-statistics"],"acf":[],"yoast_head":"<!-- This site is optimized with the Yoast SEO plugin v27.3 - https:\/\/yoast.com\/product\/yoast-seo-wordpress\/ -->\n<title>I\u00f1igo Mart\u00ednez, great header and &#039;MVP&#039; for Crvena Zvezda-Bar\u00e7a (2-5)<\/title>\n<meta name=\"description\" content=\"FC Barcelona crushed Crvena Zvezda in Belgrade (2-5) in a great night for I\u00f1igo Mart\u00ednez. The Basque opened the scoring in the 13th minute and won the &#039;MVP&#039; of the match\" \/>\n<meta name=\"robots\" content=\"index, follow, max-snippet:-1, max-image-preview:large, max-video-preview:-1\" \/>\n<link rel=\"canonical\" href=\"https:\/\/www.fcbarcelonanoticias.com\/en\/champions-league\/inigo-martinez-golazo-cabla-mvp-crvena-zvezda-barca-2-5_308438_102.html\" \/>\n<meta property=\"og:locale\" content=\"en_US\" \/>\n<meta property=\"og:type\" content=\"article\" \/>\n<meta property=\"og:title\" content=\"I\u00f1igo Mart\u00ednez, great header and &#039;MVP&#039; for Crvena Zvezda-Bar\u00e7a (2-5)\" \/>\n<meta property=\"og:description\" content=\"FC Barcelona crushed Crvena Zvezda in Belgrade (2-5) in a great night for I\u00f1igo Mart\u00ednez. The Basque opened the scoring in the 13th minute and won the &#039;MVP&#039; of the match\" \/>\n<meta property=\"og:url\" content=\"https:\/\/www.fcbarcelonanoticias.com\/en\/champions-league\/inigo-martinez-golazo-cabla-mvp-crvena-zvezda-barca-2-5_308438_102.html\" \/>\n<meta property=\"og:site_name\" content=\"EN - FC Barcelona Noticias\" \/>\n<meta property=\"article:published_time\" content=\"2024-11-06T23:00:00+00:00\" \/>\n<meta property=\"article:modified_time\" content=\"2024-11-07T00:11:00+00:00\" \/>\n<meta property=\"og:image\" content=\"https:\/\/www.fcbarcelonanoticias.com\/en\/wp-content\/uploads\/sites\/2\/2024\/11\/mvp-barcelona-estrella-roja.jpeg\" \/>\n\t<meta property=\"og:image:width\" content=\"1250\" \/>\n\t<meta property=\"og:image:height\" content=\"730\" \/>\n\t<meta property=\"og:image:type\" content=\"image\/jpeg\" \/>\n<meta name=\"author\" content=\"Andr\u00e9s Quiroz\" \/>\n<meta name=\"twitter:card\" content=\"summary_large_image\" \/>\n<meta name=\"twitter:label1\" content=\"Written by\" \/>\n\t<meta name=\"twitter:data1\" content=\"Andr\u00e9s Quiroz\" \/>\n\t<meta name=\"twitter:label2\" content=\"Est. reading time\" \/>\n\t<meta name=\"twitter:data2\" content=\"2 minutes\" \/>\n<script type=\"application\/ld+json\" class=\"yoast-schema-graph\">{\"@context\":\"https:\\\/\\\/schema.org\",\"@graph\":[{\"@type\":\"Article\",\"@id\":\"https:\\\/\\\/www.fcbarcelonanoticias.com\\\/en\\\/champions-league\\\/inigo-martinez-golazo-cabla-mvp-crvena-zvezda-barca-2-5_308438_102.html#article\",\"isPartOf\":{\"@id\":\"https:\\\/\\\/www.fcbarcelonanoticias.com\\\/en\\\/champions-league\\\/inigo-martinez-golazo-cabla-mvp-crvena-zvezda-barca-2-5_308438_102.html\"},\"author\":{\"name\":\"Andr\u00e9s Quiroz\",\"@id\":\"https:\\\/\\\/www.fcbarcelonanoticias.com\\\/en\\\/#\\\/schema\\\/person\\\/c2cd9f6fa1af5c0d0eccd0fefa575c88\"},\"headline\":\"I\u00f1igo Mart\u00ednez, great header and &#8216;MVP&#8217; for Crvena Zvezda-Bar\u00e7a (2-5)\",\"datePublished\":\"2024-11-06T23:00:00+00:00\",\"dateModified\":\"2024-11-07T00:11:00+00:00\",\"mainEntityOfPage\":{\"@id\":\"https:\\\/\\\/www.fcbarcelonanoticias.com\\\/en\\\/champions-league\\\/inigo-martinez-golazo-cabla-mvp-crvena-zvezda-barca-2-5_308438_102.html\"},\"wordCount\":477,\"image\":{\"@id\":\"https:\\\/\\\/www.fcbarcelonanoticias.com\\\/en\\\/champions-league\\\/inigo-martinez-golazo-cabla-mvp-crvena-zvezda-barca-2-5_308438_102.html#primaryimage\"},\"thumbnailUrl\":\"https:\\\/\\\/www.fcbarcelonanoticias.com\\\/en\\\/wp-content\\\/uploads\\\/sites\\\/2\\\/2024\\\/11\\\/mvp-barcelona-estrella-roja.jpeg\",\"keywords\":[\"FC Barcelona Goalscorers\",\"FC Barcelona vs Estrella Roja\",\"MVP FC Barcelona\",\"Statistics\"],\"articleSection\":[\"Champions League\",\"Champions League\"],\"inLanguage\":\"en-US\"},{\"@type\":\"WebPage\",\"@id\":\"https:\\\/\\\/www.fcbarcelonanoticias.com\\\/en\\\/champions-league\\\/inigo-martinez-golazo-cabla-mvp-crvena-zvezda-barca-2-5_308438_102.html\",\"url\":\"https:\\\/\\\/www.fcbarcelonanoticias.com\\\/en\\\/champions-league\\\/inigo-martinez-golazo-cabla-mvp-crvena-zvezda-barca-2-5_308438_102.html\",\"name\":\"I\u00f1igo Mart\u00ednez, great header and 'MVP' for Crvena Zvezda-Bar\u00e7a (2-5)\",\"isPartOf\":{\"@id\":\"https:\\\/\\\/www.fcbarcelonanoticias.com\\\/en\\\/#website\"},\"primaryImageOfPage\":{\"@id\":\"https:\\\/\\\/www.fcbarcelonanoticias.com\\\/en\\\/champions-league\\\/inigo-martinez-golazo-cabla-mvp-crvena-zvezda-barca-2-5_308438_102.html#primaryimage\"},\"image\":{\"@id\":\"https:\\\/\\\/www.fcbarcelonanoticias.com\\\/en\\\/champions-league\\\/inigo-martinez-golazo-cabla-mvp-crvena-zvezda-barca-2-5_308438_102.html#primaryimage\"},\"thumbnailUrl\":\"https:\\\/\\\/www.fcbarcelonanoticias.com\\\/en\\\/wp-content\\\/uploads\\\/sites\\\/2\\\/2024\\\/11\\\/mvp-barcelona-estrella-roja.jpeg\",\"datePublished\":\"2024-11-06T23:00:00+00:00\",\"dateModified\":\"2024-11-07T00:11:00+00:00\",\"author\":{\"@id\":\"https:\\\/\\\/www.fcbarcelonanoticias.com\\\/en\\\/#\\\/schema\\\/person\\\/c2cd9f6fa1af5c0d0eccd0fefa575c88\"},\"description\":\"FC Barcelona crushed Crvena Zvezda in Belgrade (2-5) in a great night for I\u00f1igo Mart\u00ednez. The Basque opened the scoring in the 13th minute and won the 'MVP' of the match\",\"breadcrumb\":{\"@id\":\"https:\\\/\\\/www.fcbarcelonanoticias.com\\\/en\\\/champions-league\\\/inigo-martinez-golazo-cabla-mvp-crvena-zvezda-barca-2-5_308438_102.html#breadcrumb\"},\"inLanguage\":\"en-US\",\"potentialAction\":[{\"@type\":\"ReadAction\",\"target\":[\"https:\\\/\\\/www.fcbarcelonanoticias.com\\\/en\\\/champions-league\\\/inigo-martinez-golazo-cabla-mvp-crvena-zvezda-barca-2-5_308438_102.html\"]}]},{\"@type\":\"ImageObject\",\"inLanguage\":\"en-US\",\"@id\":\"https:\\\/\\\/www.fcbarcelonanoticias.com\\\/en\\\/champions-league\\\/inigo-martinez-golazo-cabla-mvp-crvena-zvezda-barca-2-5_308438_102.html#primaryimage\",\"url\":\"https:\\\/\\\/www.fcbarcelonanoticias.com\\\/en\\\/wp-content\\\/uploads\\\/sites\\\/2\\\/2024\\\/11\\\/mvp-barcelona-estrella-roja.jpeg\",\"contentUrl\":\"https:\\\/\\\/www.fcbarcelonanoticias.com\\\/en\\\/wp-content\\\/uploads\\\/sites\\\/2\\\/2024\\\/11\\\/mvp-barcelona-estrella-roja.jpeg\",\"width\":1250,\"height\":730},{\"@type\":\"BreadcrumbList\",\"@id\":\"https:\\\/\\\/www.fcbarcelonanoticias.com\\\/en\\\/champions-league\\\/inigo-martinez-golazo-cabla-mvp-crvena-zvezda-barca-2-5_308438_102.html#breadcrumb\",\"itemListElement\":[{\"@type\":\"ListItem\",\"position\":1,\"name\":\"Portada\",\"item\":\"https:\\\/\\\/www.fcbarcelonanoticias.com\\\/en\\\/\"},{\"@type\":\"ListItem\",\"position\":2,\"name\":\"I\u00f1igo Mart\u00ednez, great header and &#8216;MVP&#8217; for Crvena Zvezda-Bar\u00e7a (2-5)\"}]},{\"@type\":\"WebSite\",\"@id\":\"https:\\\/\\\/www.fcbarcelonanoticias.com\\\/en\\\/#website\",\"url\":\"https:\\\/\\\/www.fcbarcelonanoticias.com\\\/en\\\/\",\"name\":\"EN - FC Barcelona Noticias\",\"description\":\"\",\"potentialAction\":[{\"@type\":\"SearchAction\",\"target\":{\"@type\":\"EntryPoint\",\"urlTemplate\":\"https:\\\/\\\/www.fcbarcelonanoticias.com\\\/en\\\/?s={search_term_string}\"},\"query-input\":{\"@type\":\"PropertyValueSpecification\",\"valueRequired\":true,\"valueName\":\"search_term_string\"}}],\"inLanguage\":\"en-US\"},{\"@type\":\"Person\",\"@id\":\"https:\\\/\\\/www.fcbarcelonanoticias.com\\\/en\\\/#\\\/schema\\\/person\\\/c2cd9f6fa1af5c0d0eccd0fefa575c88\",\"name\":\"Andr\u00e9s Quiroz\",\"image\":{\"@type\":\"ImageObject\",\"inLanguage\":\"en-US\",\"@id\":\"https:\\\/\\\/secure.gravatar.com\\\/avatar\\\/?s=96&d=mm&r=g\",\"url\":\"https:\\\/\\\/secure.gravatar.com\\\/avatar\\\/?s=96&d=mm&r=g\",\"contentUrl\":\"https:\\\/\\\/secure.gravatar.com\\\/avatar\\\/?s=96&d=mm&r=g\",\"caption\":\"Andr\u00e9s Quiroz\"},\"description\":\"Licenciado en Periodismo por la Universidad de los Andes. Me encargo de analizar y compartir los contenidos m\u00e1s destacados de la\u00a0actualidad del F\u00fatbol Club Barcelona, Mercado de Fichajes y F\u00fatbol Internacional en FCBN. La informaci\u00f3n es poder, pero tambi\u00e9n conocimiento.\",\"url\":\"https:\\\/\\\/www.fcbarcelonanoticias.com\\\/en\\\/fc-barcelona\\\/andres-quiroz_17_115.html\"}]}<\/script>\n<!-- \/ Yoast SEO plugin. -->","yoast_head_json":{"title":"I\u00f1igo Mart\u00ednez, great header and 'MVP' for Crvena Zvezda-Bar\u00e7a (2-5)","description":"FC Barcelona crushed Crvena Zvezda in Belgrade (2-5) in a great night for I\u00f1igo Mart\u00ednez. The Basque opened the scoring in the 13th minute and won the 'MVP' of the match","robots":{"index":"index","follow":"follow","max-snippet":"max-snippet:-1","max-image-preview":"max-image-preview:large","max-video-preview":"max-video-preview:-1"},"canonical":"https:\/\/www.fcbarcelonanoticias.com\/en\/champions-league\/inigo-martinez-golazo-cabla-mvp-crvena-zvezda-barca-2-5_308438_102.html","og_locale":"en_US","og_type":"article","og_title":"I\u00f1igo Mart\u00ednez, great header and 'MVP' for Crvena Zvezda-Bar\u00e7a (2-5)","og_description":"FC Barcelona crushed Crvena Zvezda in Belgrade (2-5) in a great night for I\u00f1igo Mart\u00ednez. The Basque opened the scoring in the 13th minute and won the 'MVP' of the match","og_url":"https:\/\/www.fcbarcelonanoticias.com\/en\/champions-league\/inigo-martinez-golazo-cabla-mvp-crvena-zvezda-barca-2-5_308438_102.html","og_site_name":"EN - FC Barcelona Noticias","article_published_time":"2024-11-06T23:00:00+00:00","article_modified_time":"2024-11-07T00:11:00+00:00","og_image":[{"width":1250,"height":730,"url":"https:\/\/www.fcbarcelonanoticias.com\/en\/wp-content\/uploads\/sites\/2\/2024\/11\/mvp-barcelona-estrella-roja.jpeg","type":"image\/jpeg"}],"author":"Andr\u00e9s Quiroz","twitter_card":"summary_large_image","twitter_misc":{"Written by":"Andr\u00e9s Quiroz","Est. reading time":"2 minutes"},"schema":{"@context":"https:\/\/schema.org","@graph":[{"@type":"Article","@id":"https:\/\/www.fcbarcelonanoticias.com\/en\/champions-league\/inigo-martinez-golazo-cabla-mvp-crvena-zvezda-barca-2-5_308438_102.html#article","isPartOf":{"@id":"https:\/\/www.fcbarcelonanoticias.com\/en\/champions-league\/inigo-martinez-golazo-cabla-mvp-crvena-zvezda-barca-2-5_308438_102.html"},"author":{"name":"Andr\u00e9s Quiroz","@id":"https:\/\/www.fcbarcelonanoticias.com\/en\/#\/schema\/person\/c2cd9f6fa1af5c0d0eccd0fefa575c88"},"headline":"I\u00f1igo Mart\u00ednez, great header and &#8216;MVP&#8217; for Crvena Zvezda-Bar\u00e7a (2-5)","datePublished":"2024-11-06T23:00:00+00:00","dateModified":"2024-11-07T00:11:00+00:00","mainEntityOfPage":{"@id":"https:\/\/www.fcbarcelonanoticias.com\/en\/champions-league\/inigo-martinez-golazo-cabla-mvp-crvena-zvezda-barca-2-5_308438_102.html"},"wordCount":477,"image":{"@id":"https:\/\/www.fcbarcelonanoticias.com\/en\/champions-league\/inigo-martinez-golazo-cabla-mvp-crvena-zvezda-barca-2-5_308438_102.html#primaryimage"},"thumbnailUrl":"https:\/\/www.fcbarcelonanoticias.com\/en\/wp-content\/uploads\/sites\/2\/2024\/11\/mvp-barcelona-estrella-roja.jpeg","keywords":["FC Barcelona Goalscorers","FC Barcelona vs Estrella Roja","MVP FC Barcelona","Statistics"],"articleSection":["Champions League","Champions League"],"inLanguage":"en-US"},{"@type":"WebPage","@id":"https:\/\/www.fcbarcelonanoticias.com\/en\/champions-league\/inigo-martinez-golazo-cabla-mvp-crvena-zvezda-barca-2-5_308438_102.html","url":"https:\/\/www.fcbarcelonanoticias.com\/en\/champions-league\/inigo-martinez-golazo-cabla-mvp-crvena-zvezda-barca-2-5_308438_102.html","name":"I\u00f1igo Mart\u00ednez, great header and 'MVP' for Crvena Zvezda-Bar\u00e7a (2-5)","isPartOf":{"@id":"https:\/\/www.fcbarcelonanoticias.com\/en\/#website"},"primaryImageOfPage":{"@id":"https:\/\/www.fcbarcelonanoticias.com\/en\/champions-league\/inigo-martinez-golazo-cabla-mvp-crvena-zvezda-barca-2-5_308438_102.html#primaryimage"},"image":{"@id":"https:\/\/www.fcbarcelonanoticias.com\/en\/champions-league\/inigo-martinez-golazo-cabla-mvp-crvena-zvezda-barca-2-5_308438_102.html#primaryimage"},"thumbnailUrl":"https:\/\/www.fcbarcelonanoticias.com\/en\/wp-content\/uploads\/sites\/2\/2024\/11\/mvp-barcelona-estrella-roja.jpeg","datePublished":"2024-11-06T23:00:00+00:00","dateModified":"2024-11-07T00:11:00+00:00","author":{"@id":"https:\/\/www.fcbarcelonanoticias.com\/en\/#\/schema\/person\/c2cd9f6fa1af5c0d0eccd0fefa575c88"},"description":"FC Barcelona crushed Crvena Zvezda in Belgrade (2-5) in a great night for I\u00f1igo Mart\u00ednez. The Basque opened the scoring in the 13th minute and won the 'MVP' of the match","breadcrumb":{"@id":"https:\/\/www.fcbarcelonanoticias.com\/en\/champions-league\/inigo-martinez-golazo-cabla-mvp-crvena-zvezda-barca-2-5_308438_102.html#breadcrumb"},"inLanguage":"en-US","potentialAction":[{"@type":"ReadAction","target":["https:\/\/www.fcbarcelonanoticias.com\/en\/champions-league\/inigo-martinez-golazo-cabla-mvp-crvena-zvezda-barca-2-5_308438_102.html"]}]},{"@type":"ImageObject","inLanguage":"en-US","@id":"https:\/\/www.fcbarcelonanoticias.com\/en\/champions-league\/inigo-martinez-golazo-cabla-mvp-crvena-zvezda-barca-2-5_308438_102.html#primaryimage","url":"https:\/\/www.fcbarcelonanoticias.com\/en\/wp-content\/uploads\/sites\/2\/2024\/11\/mvp-barcelona-estrella-roja.jpeg","contentUrl":"https:\/\/www.fcbarcelonanoticias.com\/en\/wp-content\/uploads\/sites\/2\/2024\/11\/mvp-barcelona-estrella-roja.jpeg","width":1250,"height":730},{"@type":"BreadcrumbList","@id":"https:\/\/www.fcbarcelonanoticias.com\/en\/champions-league\/inigo-martinez-golazo-cabla-mvp-crvena-zvezda-barca-2-5_308438_102.html#breadcrumb","itemListElement":[{"@type":"ListItem","position":1,"name":"Portada","item":"https:\/\/www.fcbarcelonanoticias.com\/en\/"},{"@type":"ListItem","position":2,"name":"I\u00f1igo Mart\u00ednez, great header and &#8216;MVP&#8217; for Crvena Zvezda-Bar\u00e7a (2-5)"}]},{"@type":"WebSite","@id":"https:\/\/www.fcbarcelonanoticias.com\/en\/#website","url":"https:\/\/www.fcbarcelonanoticias.com\/en\/","name":"EN - FC Barcelona Noticias","description":"","potentialAction":[{"@type":"SearchAction","target":{"@type":"EntryPoint","urlTemplate":"https:\/\/www.fcbarcelonanoticias.com\/en\/?s={search_term_string}"},"query-input":{"@type":"PropertyValueSpecification","valueRequired":true,"valueName":"search_term_string"}}],"inLanguage":"en-US"},{"@type":"Person","@id":"https:\/\/www.fcbarcelonanoticias.com\/en\/#\/schema\/person\/c2cd9f6fa1af5c0d0eccd0fefa575c88","name":"Andr\u00e9s Quiroz","image":{"@type":"ImageObject","inLanguage":"en-US","@id":"https:\/\/secure.gravatar.com\/avatar\/?s=96&d=mm&r=g","url":"https:\/\/secure.gravatar.com\/avatar\/?s=96&d=mm&r=g","contentUrl":"https:\/\/secure.gravatar.com\/avatar\/?s=96&d=mm&r=g","caption":"Andr\u00e9s Quiroz"},"description":"Licenciado en Periodismo por la Universidad de los Andes. Me encargo de analizar y compartir los contenidos m\u00e1s destacados de la\u00a0actualidad del F\u00fatbol Club Barcelona, Mercado de Fichajes y F\u00fatbol Internacional en FCBN. La informaci\u00f3n es poder, pero tambi\u00e9n conocimiento.","url":"https:\/\/www.fcbarcelonanoticias.com\/en\/fc-barcelona\/andres-quiroz_17_115.html"}]}},"_links":{"self":[{"href":"https:\/\/www.fcbarcelonanoticias.com\/en\/wp-json\/wp\/v2\/posts\/5014","targetHints":{"allow":["GET"]}}],"collection":[{"href":"https:\/\/www.fcbarcelonanoticias.com\/en\/wp-json\/wp\/v2\/posts"}],"about":[{"href":"https:\/\/www.fcbarcelonanoticias.com\/en\/wp-json\/wp\/v2\/types\/post"}],"author":[{"embeddable":true,"href":"https:\/\/www.fcbarcelonanoticias.com\/en\/wp-json\/wp\/v2\/users\/347"}],"replies":[{"embeddable":true,"href":"https:\/\/www.fcbarcelonanoticias.com\/en\/wp-json\/wp\/v2\/comments?post=5014"}],"version-history":[{"count":1,"href":"https:\/\/www.fcbarcelonanoticias.com\/en\/wp-json\/wp\/v2\/posts\/5014\/revisions"}],"predecessor-version":[{"id":102157,"href":"https:\/\/www.fcbarcelonanoticias.com\/en\/wp-json\/wp\/v2\/posts\/5014\/revisions\/102157"}],"wp:featuredmedia":[{"embeddable":true,"href":"https:\/\/www.fcbarcelonanoticias.com\/en\/wp-json\/wp\/v2\/media\/5015"}],"wp:attachment":[{"href":"https:\/\/www.fcbarcelonanoticias.com\/en\/wp-json\/wp\/v2\/media?parent=5014"}],"wp:term":[{"taxonomy":"category","embeddable":true,"href":"https:\/\/www.fcbarcelonanoticias.com\/en\/wp-json\/wp\/v2\/categories?post=5014"},{"taxonomy":"post_tag","embeddable":true,"href":"https:\/\/www.fcbarcelonanoticias.com\/en\/wp-json\/wp\/v2\/tags?post=5014"}],"curies":[{"name":"wp","href":"https:\/\/api.w.org\/{rel}","templated":true}]}}