{"id":50142,"date":"2025-12-12T19:17:00","date_gmt":"2025-12-12T18:17:00","guid":{"rendered":"https:\/\/weisetech.dev\/fc-barcelona-noticias\/en\/barcelona-osasuna-probable-lineups-and-absences-laliga_315506_102\/"},"modified":"2026-03-27T11:39:06","modified_gmt":"2026-03-27T10:39:06","slug":"barcelona-osasuna-probable-lineups-and-absences-laliga_315506_102","status":"publish","type":"post","link":"https:\/\/www.fcbarcelonanoticias.com\/en\/laliga\/barcelona-osasuna-probable-lineups-and-absences-laliga_315506_102.html","title":{"rendered":"Barcelona vs Osasuna: probable lineups and absentees for the LaLiga match"},"content":{"rendered":"<h2 class=\"wp-block-heading\">Barcelona and Osasuna face each other this Saturday for matchday 16 of LaLiga at the Spotify Camp Nou. We review the possible lineups and absences of both teams<\/h2>  \r\n<div class=\"article-addons\">\r\n    <a href=\"https:\/\/www.fcbarcelonanoticias.com\/en\/calendar-fc-barcelona.html\"\r\n       target=\"_self\"\r\n       title=\"Calendar of FC Barcelona\"\r\n       class=\"blue-gredient-btn\">\r\n       \r\n        Calendar of FC Barcelona    <\/a>\r\n<\/div>   <p><b>FC Barcelona and CA Osasuna<\/b> face each other this Saturday in <strong>LaLiga EA Sports 2025\/26<\/strong> at the Spotify Camp Nou (18:30 CEST), for the sixteenth matchday of the tournament. Hansi Flick&#8217;s team arrives with two players out due to injury, in addition to Ronald Araujo, still absent after the leave requested by the player.<\/p>  <p>We review the <strong>possible starting lineup, the substitute bench, and the injured and suspended players for Hansi Flick&#8217;s Barcelona<\/strong> for the match against Osasuna. Complete analysis!<\/p>  <h2>Possible Bar\u00e7a Starting XI Against Osasuna<\/h2>  <ol> <li>(#13, P) Joan Garc\u00eda<\/li> \t<li>(#23) Jules Kound\u00e9<\/li> \t<li>(#18) Gerard Mart\u00edn<\/li> \t<li>(#05) Pau Cubars\u00ed<\/li> \t<li>(#03) Alejandro Balde<\/li> \t<li>(#24) Eric Garc\u00eda<\/li> \t<li>(#08) Pedri<\/li> \t<li>(#14) Marcus Rashford<\/li> \t<li>(#10) Lamine Yamal<\/li> \t<li>(#11) Raphinha<\/li> \t<li>(#07) Ferran Torres<\/li> <\/ol> <p><strong>Bar\u00e7a Bench (substitute players)<\/strong><\/p>  <ol> <li>(#01, P) Marc-Andr\u00e9 ter Stegen<\/li> \t<li>(#25, P) Szczesny<\/li> \t<li>(#09) Robert Lewandowski<\/li> \t<li>(#15) Andreas Christensen<\/li> \t<li>(#16) Ferm\u00edn L\u00f3pez<\/li> \t<li>(#17) Marc Casad\u00f3<\/li> \t<li>(#22) Marc Bernal<\/li> \t<li>(#21) Frenkie de Jong&nbsp;<\/li> \t<li>(#26) Jofre Torrents<\/li> \t<li>(#27) Dro Fern\u00e1ndez<\/li> \t<li>(#28) Roony Bardghji<\/li> \t<li>(#43)&nbsp;Tommy Marqu\u00e9s<\/li> <\/ol> <p><strong>Injured Bar\u00e7a Players<\/strong><\/p>  <ol> <li>(#06) Gavi<\/li> \t<li>(#20) Dani Olmo<\/li> <\/ol> <p><strong>Players sidelined for personal reasons:<\/strong><\/p>  <ol> <li>Ronald Araujo.<\/li> <\/ol> <p><strong>Bar\u00e7a players suspended:<\/strong><\/p>  <ol> <li>&nbsp;None.<\/li> <\/ol> <h2>Flick&#8217;s Potential Surprises and Tactical Variations Against Osasuna<\/h2>  <div class=\"media media-image\" data-ck-asset-wrapper=\"\"> <div class=\"media-item\"> <img loading=\"lazy\" decoding=\"async\" alt=\"Ferrm\u00edn L\u00f3pez y Marcus Rashford celebrando el tercer gol del Bar\u00e7a\" data-id=\"1529290\" data-resize=\"9\" height=\"563\" src=\"https:\/\/www.fcbarcelonanoticias.com\/wp-content\/uploads\/sites\/2\/2025\/11\/fcbn-515ec4a7ed9c9a1d0660ffe5de9355a0.webp\" title=\"Ferrm\u00edn L\u00f3pez y Marcus Rashford celebrando el tercer gol del Bar\u00e7a\" width=\"1000\"><div class=\"media-title\">Ferrm\u00edn L\u00f3pez and Marcus Rashford celebrating Bar\u00e7a&#8217;s third goal<\/div> <\/div> <\/div>  <p>In principle, Hansi Flick plans to make a couple of changes to his XI in the Champions League against Eintracht (2-1), with Marcus Rashford returning on the left wing. Ferran Torres could also return as a &#8216;9&#8217; in place of Robert Lewandowski<\/p>  <p><strong>Goalkeeping and defense<\/strong><\/p>  <ul> <li> \t<p><strong>Joan&nbsp;Garc\u00eda&nbsp;<\/strong>will be in goal, while <b>Jules Kound\u00e9<\/b>&nbsp;and Alejandro Balde would be the full-backs. In the center of defense, Pau Cubars\u00ed and Gerard Mart\u00edn should remain in the middle. <strong>Ronald Araujo<\/strong>&nbsp;is out for personal reasons. Andreas Christensen and Jofre Torrents would await their chance on the bench. Ter Stegen will be on the bench alongside Szczesny.<\/p> \t<\/li> <\/ul> <p><strong>Midfield:<\/strong><\/p>  <ul> <li> \t<p>As a pivot, <strong>Eric Garc\u00eda<\/strong> is set to be Pedri&#8217;s partner in midfield, while Raphinha would be the team&#8217;s attacking midfielder in place of the injured Dani Olmo. Marc Bernal is expected to get minutes in the second half. Marc Casad\u00f3 would also be a substitute, as would <strong>Ferm\u00edn L\u00f3pez<\/strong>, who did not have a good game against Eintracht.<\/p> \t<\/li> <\/ul> <p><strong>Forward:<\/strong><\/p>  <ul> <li> \t<p>In attack, Lamine Yamal and Marcus Rashford would complete the Blaugrana attack alongside Ferran Torres. The &#8216;Shark&#8217; reached 13 goals against Betis and solidifies himself as Bar\u00e7a&#8217;s Pichichi. Lewandowski and Bardghji would be substitutes this Saturday.<\/p> \t<\/li> <\/ul> <h2>Bar\u00e7a Absences: Which players will miss the match against Osasuna due to injury?<\/h2>  <p>With Ter Stegen&#8217;s return after more than four months out due to back surgery, <strong>only two Bar\u00e7a players will be confirmed absentees due to physical problems<\/strong>.<\/p>  <p><a data-external=\"0\" data-intl-links-en=\"https:\/\/www.fcbarcelonanoticias.com\/en\/fc-barcelona\/barcelona-confirms-dani-olmo-injury-and-time-off_315409_102.html\" data-intl-links-es=\"https:\/\/www.fcbarcelonanoticias.com\/fc-barcelona\/barcelona-confirma-lesion-tiempo-baja-dani-olmo_315409_102.html\" href=\"https:\/\/www.fcbarcelonanoticias.com\/en\/fc-barcelona\/barcelona-confirms-dani-olmo-injury-and-time-off_315409_102.html\" rel=\"follow\" target=\"_self\" title=\"El Barcelona confirma la lesi\u00f3n y el tiempo de baja de Dani Olmo\">Dani Olmo<\/a>&nbsp;will be out for about a month after suffering a dislocation in his left shoulder just after scoring against Atl\u00e9tico. <a data-external=\"0\" data-intl-links-en=\"https:\/\/www.fcbarcelonanoticias.com\/en\/fc-barcelona\/gavi-breaks-down-ko-for-4-5-months-with-flick-barcelona_314804_102.html\" data-intl-links-es=\"https:\/\/www.fcbarcelonanoticias.com\/fc-barcelona\/gavi-sera-baja-hasta-2026-barcelona-confirma-peores-presagios_314804_102.html\" href=\"https:\/\/www.fcbarcelonanoticias.com\/en\/fc-barcelona\/gavi-breaks-down-ko-for-4-5-months-with-flick-barcelona_314804_102.html\" rel=\"follow\" target=\"_self\" title=\"Gavi ser\u00e1 baja hasta 2026: el Barcelona confirma los peores presagios\">Pablo Gavi<\/a>, for his part, continues with his post-operative recovery after injuring his right meniscus at the end of September. Ronald Araujo traveled to the Holy Land this week, as part of his emotional and mental recovery after being sent off against Chelsea.<\/p>  <h2>Possible Osasuna Lineup Against Barcelona<\/h2>  <ul> <li> <strong>Probable XI<\/strong>: Herrera; Rossier, Catena, Boyomo, Juan Cruz, Bretones;&nbsp;Torr\u00f3, Aimar Oroz, Moncayola; Rub\u00e9n Garc\u00eda and Ante Budimir.<\/li> \t<li> <strong>Bench<\/strong>: Stamakis (G), Fern\u00e1ndez (G), Arguibide, Herrando, Mu\u00f1oz, Osambela, Becker, Moi G\u00f3mez, Kike Barja, Ra\u00fal Garc\u00eda.<\/li> \t<li> <strong>Injured<\/strong>: Iker Benito.<\/li> \t<li> <strong>Suspended<\/strong>: None.<\/li> <\/ul> <p>Osasuna, for their part, arrive at matchday 16 of LaLiga without significant injury absences and with two consecutive victories, against **Levante** (2-0) and **Ebro** (3-5) in the Copa del Rey. The win against the Granota team was their first after a streak of six league matches without a win.<\/p>  <p>Against Bar\u00e7a, the Italian coach Alessio Lisci could once again opt for Herrera in goal and a 4\/5 man backline made up of Rossier and Abel Bretones as wing-backs and Catena, Boyomo, and Juan Cruz as center-backs.<\/p>  <p>Lucas Torr\u00f3, Aimar Oroz, and Moncayola should remain in midfield, with **Rub\u00e9n Garc\u00eda and Ante Budimir** as the forwards. Osasuna has not won away in Barcelona since the 2019\/20 season (1-2), and in their last five visits, they haven&#8217;t even scored a goal, with a full slate of losses and 13 goals conceded.<\/p>  <ul> <li>\ud83d\udccc&nbsp;<strong>Follow the match live&nbsp;<a data-external=\"0\" data-intl-links-en=\"https:\/\/www.fcbarcelonanoticias.com\/en\/tags\/barcelona-vs-osasuna\" data-intl-links-es=\"https:\/\/www.fcbarcelonanoticias.com\/tags\/barcelona-vs-osasuna\" href=\"https:\/\/www.fcbarcelonanoticias.com\/en\/tags\/barcelona-vs-osasuna.html\" rel=\"follow\" target=\"_self\" title=\"FC Barcelona vs Osasuna\">FC Barcelona vs Osasuna<\/a>&nbsp;on FC Barcelona Noticias and find out everything&nbsp;don&#8217;t miss a thing<\/strong> <\/li> <\/ul> ","protected":false},"excerpt":{"rendered":"<p>Barcelona and Osasuna face each other this Saturday for matchday 16 of LaLiga at the Spotify Camp Nou. We review the possible lineups and absences of both teams FC Barcelona and CA Osasuna face each other this Saturday in LaLiga EA Sports 2025\/26 at the Spotify Camp Nou (18:30 CEST), for the sixteenth matchday of [&hellip;]<\/p>\n","protected":false},"author":353,"featured_media":50143,"comment_status":"closed","ping_status":"open","sticky":false,"template":"","format":"standard","meta":{"_acf_changed":false,"inline_featured_image":false,"_nextfly_llmd_date_locked":false,"footnotes":""},"categories":[448,114],"tags":[201,44,87,136],"class_list":["post-50142","post","type-post","status-publish","format-standard","has-post-thumbnail","hentry","category-laliga-2","category-laliga","tag-lineups","tag-barcelona-vs-osasuna","tag-hansi-flick","tag-injured"],"acf":[],"yoast_head":"<!-- This site is optimized with the Yoast SEO plugin v27.3 - https:\/\/yoast.com\/product\/yoast-seo-wordpress\/ -->\n<title>Barcelona-Osasuna: probable lineups and absences - LaLiga<\/title>\n<meta name=\"description\" content=\"Barcelona and Osasuna face each other this Saturday for matchday 16 of LaLiga. We review the possible lineups and absences of both teams\" \/>\n<meta name=\"robots\" content=\"index, follow, max-snippet:-1, max-image-preview:large, max-video-preview:-1\" \/>\n<link rel=\"canonical\" href=\"https:\/\/www.fcbarcelonanoticias.com\/en\/laliga\/barcelona-osasuna-probable-lineups-and-absences-laliga_315506_102.html\" \/>\n<meta property=\"og:locale\" content=\"en_US\" \/>\n<meta property=\"og:type\" content=\"article\" \/>\n<meta property=\"og:title\" content=\"Barcelona-Osasuna: probable lineups and absences - LaLiga\" \/>\n<meta property=\"og:description\" content=\"Barcelona and Osasuna face each other this Saturday for matchday 16 of LaLiga. We review the possible lineups and absences of both teams\" \/>\n<meta property=\"og:url\" content=\"https:\/\/www.fcbarcelonanoticias.com\/en\/laliga\/barcelona-osasuna-probable-lineups-and-absences-laliga_315506_102.html\" \/>\n<meta property=\"og:site_name\" content=\"EN - FC Barcelona Noticias\" \/>\n<meta property=\"article:published_time\" content=\"2025-12-12T18:17:00+00:00\" \/>\n<meta property=\"article:modified_time\" content=\"2026-03-27T10:39:06+00:00\" \/>\n<meta property=\"og:image\" content=\"https:\/\/www.fcbarcelonanoticias.com\/en\/wp-content\/uploads\/sites\/2\/2025\/12\/alineacion-fc-barcelona-v-atletico-laliga-25-26.jpeg\" \/>\n\t<meta property=\"og:image:width\" content=\"1200\" \/>\n\t<meta property=\"og:image:height\" content=\"675\" \/>\n\t<meta property=\"og:image:type\" content=\"image\/jpeg\" \/>\n<meta name=\"author\" content=\"FC Barcelona Noticias\" \/>\n<meta name=\"twitter:card\" content=\"summary_large_image\" \/>\n<meta name=\"twitter:label1\" content=\"Written by\" \/>\n\t<meta name=\"twitter:data1\" content=\"FC Barcelona Noticias\" \/>\n\t<meta name=\"twitter:label2\" content=\"Est. reading time\" \/>\n\t<meta name=\"twitter:data2\" content=\"4 minutes\" \/>\n<script type=\"application\/ld+json\" class=\"yoast-schema-graph\">{\"@context\":\"https:\\\/\\\/schema.org\",\"@graph\":[{\"@type\":\"Article\",\"@id\":\"https:\\\/\\\/www.fcbarcelonanoticias.com\\\/en\\\/laliga\\\/barcelona-osasuna-probable-lineups-and-absences-laliga_315506_102.html#article\",\"isPartOf\":{\"@id\":\"https:\\\/\\\/www.fcbarcelonanoticias.com\\\/en\\\/laliga\\\/barcelona-osasuna-probable-lineups-and-absences-laliga_315506_102.html\"},\"author\":{\"name\":\"FC Barcelona Noticias\",\"@id\":\"https:\\\/\\\/www.fcbarcelonanoticias.com\\\/en\\\/#\\\/schema\\\/person\\\/0f2810101d27606974cdb8edb54fa54b\"},\"headline\":\"Barcelona vs Osasuna: probable lineups and absentees for the LaLiga match\",\"datePublished\":\"2025-12-12T18:17:00+00:00\",\"dateModified\":\"2026-03-27T10:39:06+00:00\",\"mainEntityOfPage\":{\"@id\":\"https:\\\/\\\/www.fcbarcelonanoticias.com\\\/en\\\/laliga\\\/barcelona-osasuna-probable-lineups-and-absences-laliga_315506_102.html\"},\"wordCount\":766,\"image\":{\"@id\":\"https:\\\/\\\/www.fcbarcelonanoticias.com\\\/en\\\/laliga\\\/barcelona-osasuna-probable-lineups-and-absences-laliga_315506_102.html#primaryimage\"},\"thumbnailUrl\":\"https:\\\/\\\/www.fcbarcelonanoticias.com\\\/en\\\/wp-content\\\/uploads\\\/sites\\\/2\\\/2025\\\/12\\\/alineacion-fc-barcelona-v-atletico-laliga-25-26.jpeg\",\"keywords\":[\"FC Barcelona Lineups\",\"FC Barcelona vs Osasuna\",\"Hansi Flick\",\"injured\"],\"articleSection\":[\"LaLiga\",\"LaLiga\"],\"inLanguage\":\"en-US\"},{\"@type\":\"WebPage\",\"@id\":\"https:\\\/\\\/www.fcbarcelonanoticias.com\\\/en\\\/laliga\\\/barcelona-osasuna-probable-lineups-and-absences-laliga_315506_102.html\",\"url\":\"https:\\\/\\\/www.fcbarcelonanoticias.com\\\/en\\\/laliga\\\/barcelona-osasuna-probable-lineups-and-absences-laliga_315506_102.html\",\"name\":\"Barcelona-Osasuna: probable lineups and absences - LaLiga\",\"isPartOf\":{\"@id\":\"https:\\\/\\\/www.fcbarcelonanoticias.com\\\/en\\\/#website\"},\"primaryImageOfPage\":{\"@id\":\"https:\\\/\\\/www.fcbarcelonanoticias.com\\\/en\\\/laliga\\\/barcelona-osasuna-probable-lineups-and-absences-laliga_315506_102.html#primaryimage\"},\"image\":{\"@id\":\"https:\\\/\\\/www.fcbarcelonanoticias.com\\\/en\\\/laliga\\\/barcelona-osasuna-probable-lineups-and-absences-laliga_315506_102.html#primaryimage\"},\"thumbnailUrl\":\"https:\\\/\\\/www.fcbarcelonanoticias.com\\\/en\\\/wp-content\\\/uploads\\\/sites\\\/2\\\/2025\\\/12\\\/alineacion-fc-barcelona-v-atletico-laliga-25-26.jpeg\",\"datePublished\":\"2025-12-12T18:17:00+00:00\",\"dateModified\":\"2026-03-27T10:39:06+00:00\",\"author\":{\"@id\":\"https:\\\/\\\/www.fcbarcelonanoticias.com\\\/en\\\/#\\\/schema\\\/person\\\/0f2810101d27606974cdb8edb54fa54b\"},\"description\":\"Barcelona and Osasuna face each other this Saturday for matchday 16 of LaLiga. We review the possible lineups and absences of both teams\",\"breadcrumb\":{\"@id\":\"https:\\\/\\\/www.fcbarcelonanoticias.com\\\/en\\\/laliga\\\/barcelona-osasuna-probable-lineups-and-absences-laliga_315506_102.html#breadcrumb\"},\"inLanguage\":\"en-US\",\"potentialAction\":[{\"@type\":\"ReadAction\",\"target\":[\"https:\\\/\\\/www.fcbarcelonanoticias.com\\\/en\\\/laliga\\\/barcelona-osasuna-probable-lineups-and-absences-laliga_315506_102.html\"]}]},{\"@type\":\"ImageObject\",\"inLanguage\":\"en-US\",\"@id\":\"https:\\\/\\\/www.fcbarcelonanoticias.com\\\/en\\\/laliga\\\/barcelona-osasuna-probable-lineups-and-absences-laliga_315506_102.html#primaryimage\",\"url\":\"https:\\\/\\\/www.fcbarcelonanoticias.com\\\/en\\\/wp-content\\\/uploads\\\/sites\\\/2\\\/2025\\\/12\\\/alineacion-fc-barcelona-v-atletico-laliga-25-26.jpeg\",\"contentUrl\":\"https:\\\/\\\/www.fcbarcelonanoticias.com\\\/en\\\/wp-content\\\/uploads\\\/sites\\\/2\\\/2025\\\/12\\\/alineacion-fc-barcelona-v-atletico-laliga-25-26.jpeg\",\"width\":1200,\"height\":675},{\"@type\":\"BreadcrumbList\",\"@id\":\"https:\\\/\\\/www.fcbarcelonanoticias.com\\\/en\\\/laliga\\\/barcelona-osasuna-probable-lineups-and-absences-laliga_315506_102.html#breadcrumb\",\"itemListElement\":[{\"@type\":\"ListItem\",\"position\":1,\"name\":\"Portada\",\"item\":\"https:\\\/\\\/www.fcbarcelonanoticias.com\\\/en\\\/\"},{\"@type\":\"ListItem\",\"position\":2,\"name\":\"Barcelona vs Osasuna: probable lineups and absentees for the LaLiga match\"}]},{\"@type\":\"WebSite\",\"@id\":\"https:\\\/\\\/www.fcbarcelonanoticias.com\\\/en\\\/#website\",\"url\":\"https:\\\/\\\/www.fcbarcelonanoticias.com\\\/en\\\/\",\"name\":\"EN - FC Barcelona Noticias\",\"description\":\"\",\"potentialAction\":[{\"@type\":\"SearchAction\",\"target\":{\"@type\":\"EntryPoint\",\"urlTemplate\":\"https:\\\/\\\/www.fcbarcelonanoticias.com\\\/en\\\/?s={search_term_string}\"},\"query-input\":{\"@type\":\"PropertyValueSpecification\",\"valueRequired\":true,\"valueName\":\"search_term_string\"}}],\"inLanguage\":\"en-US\"},{\"@type\":\"Person\",\"@id\":\"https:\\\/\\\/www.fcbarcelonanoticias.com\\\/en\\\/#\\\/schema\\\/person\\\/0f2810101d27606974cdb8edb54fa54b\",\"name\":\"FC Barcelona Noticias\",\"image\":{\"@type\":\"ImageObject\",\"inLanguage\":\"en-US\",\"@id\":\"https:\\\/\\\/secure.gravatar.com\\\/avatar\\\/?s=96&d=mm&r=g\",\"url\":\"https:\\\/\\\/secure.gravatar.com\\\/avatar\\\/?s=96&d=mm&r=g\",\"contentUrl\":\"https:\\\/\\\/secure.gravatar.com\\\/avatar\\\/?s=96&d=mm&r=g\",\"caption\":\"FC Barcelona Noticias\"},\"url\":\"https:\\\/\\\/www.fcbarcelonanoticias.com\\\/en\\\/fc-barcelona\\\/fcbn-writing-fc-barcelona-news_6_115.html\"}]}<\/script>\n<!-- \/ Yoast SEO plugin. -->","yoast_head_json":{"title":"Barcelona-Osasuna: probable lineups and absences - LaLiga","description":"Barcelona and Osasuna face each other this Saturday for matchday 16 of LaLiga. We review the possible lineups and absences of both teams","robots":{"index":"index","follow":"follow","max-snippet":"max-snippet:-1","max-image-preview":"max-image-preview:large","max-video-preview":"max-video-preview:-1"},"canonical":"https:\/\/www.fcbarcelonanoticias.com\/en\/laliga\/barcelona-osasuna-probable-lineups-and-absences-laliga_315506_102.html","og_locale":"en_US","og_type":"article","og_title":"Barcelona-Osasuna: probable lineups and absences - LaLiga","og_description":"Barcelona and Osasuna face each other this Saturday for matchday 16 of LaLiga. We review the possible lineups and absences of both teams","og_url":"https:\/\/www.fcbarcelonanoticias.com\/en\/laliga\/barcelona-osasuna-probable-lineups-and-absences-laliga_315506_102.html","og_site_name":"EN - FC Barcelona Noticias","article_published_time":"2025-12-12T18:17:00+00:00","article_modified_time":"2026-03-27T10:39:06+00:00","og_image":[{"width":1200,"height":675,"url":"https:\/\/www.fcbarcelonanoticias.com\/en\/wp-content\/uploads\/sites\/2\/2025\/12\/alineacion-fc-barcelona-v-atletico-laliga-25-26.jpeg","type":"image\/jpeg"}],"author":"FC Barcelona Noticias","twitter_card":"summary_large_image","twitter_misc":{"Written by":"FC Barcelona Noticias","Est. reading time":"4 minutes"},"schema":{"@context":"https:\/\/schema.org","@graph":[{"@type":"Article","@id":"https:\/\/www.fcbarcelonanoticias.com\/en\/laliga\/barcelona-osasuna-probable-lineups-and-absences-laliga_315506_102.html#article","isPartOf":{"@id":"https:\/\/www.fcbarcelonanoticias.com\/en\/laliga\/barcelona-osasuna-probable-lineups-and-absences-laliga_315506_102.html"},"author":{"name":"FC Barcelona Noticias","@id":"https:\/\/www.fcbarcelonanoticias.com\/en\/#\/schema\/person\/0f2810101d27606974cdb8edb54fa54b"},"headline":"Barcelona vs Osasuna: probable lineups and absentees for the LaLiga match","datePublished":"2025-12-12T18:17:00+00:00","dateModified":"2026-03-27T10:39:06+00:00","mainEntityOfPage":{"@id":"https:\/\/www.fcbarcelonanoticias.com\/en\/laliga\/barcelona-osasuna-probable-lineups-and-absences-laliga_315506_102.html"},"wordCount":766,"image":{"@id":"https:\/\/www.fcbarcelonanoticias.com\/en\/laliga\/barcelona-osasuna-probable-lineups-and-absences-laliga_315506_102.html#primaryimage"},"thumbnailUrl":"https:\/\/www.fcbarcelonanoticias.com\/en\/wp-content\/uploads\/sites\/2\/2025\/12\/alineacion-fc-barcelona-v-atletico-laliga-25-26.jpeg","keywords":["FC Barcelona Lineups","FC Barcelona vs Osasuna","Hansi Flick","injured"],"articleSection":["LaLiga","LaLiga"],"inLanguage":"en-US"},{"@type":"WebPage","@id":"https:\/\/www.fcbarcelonanoticias.com\/en\/laliga\/barcelona-osasuna-probable-lineups-and-absences-laliga_315506_102.html","url":"https:\/\/www.fcbarcelonanoticias.com\/en\/laliga\/barcelona-osasuna-probable-lineups-and-absences-laliga_315506_102.html","name":"Barcelona-Osasuna: probable lineups and absences - LaLiga","isPartOf":{"@id":"https:\/\/www.fcbarcelonanoticias.com\/en\/#website"},"primaryImageOfPage":{"@id":"https:\/\/www.fcbarcelonanoticias.com\/en\/laliga\/barcelona-osasuna-probable-lineups-and-absences-laliga_315506_102.html#primaryimage"},"image":{"@id":"https:\/\/www.fcbarcelonanoticias.com\/en\/laliga\/barcelona-osasuna-probable-lineups-and-absences-laliga_315506_102.html#primaryimage"},"thumbnailUrl":"https:\/\/www.fcbarcelonanoticias.com\/en\/wp-content\/uploads\/sites\/2\/2025\/12\/alineacion-fc-barcelona-v-atletico-laliga-25-26.jpeg","datePublished":"2025-12-12T18:17:00+00:00","dateModified":"2026-03-27T10:39:06+00:00","author":{"@id":"https:\/\/www.fcbarcelonanoticias.com\/en\/#\/schema\/person\/0f2810101d27606974cdb8edb54fa54b"},"description":"Barcelona and Osasuna face each other this Saturday for matchday 16 of LaLiga. We review the possible lineups and absences of both teams","breadcrumb":{"@id":"https:\/\/www.fcbarcelonanoticias.com\/en\/laliga\/barcelona-osasuna-probable-lineups-and-absences-laliga_315506_102.html#breadcrumb"},"inLanguage":"en-US","potentialAction":[{"@type":"ReadAction","target":["https:\/\/www.fcbarcelonanoticias.com\/en\/laliga\/barcelona-osasuna-probable-lineups-and-absences-laliga_315506_102.html"]}]},{"@type":"ImageObject","inLanguage":"en-US","@id":"https:\/\/www.fcbarcelonanoticias.com\/en\/laliga\/barcelona-osasuna-probable-lineups-and-absences-laliga_315506_102.html#primaryimage","url":"https:\/\/www.fcbarcelonanoticias.com\/en\/wp-content\/uploads\/sites\/2\/2025\/12\/alineacion-fc-barcelona-v-atletico-laliga-25-26.jpeg","contentUrl":"https:\/\/www.fcbarcelonanoticias.com\/en\/wp-content\/uploads\/sites\/2\/2025\/12\/alineacion-fc-barcelona-v-atletico-laliga-25-26.jpeg","width":1200,"height":675},{"@type":"BreadcrumbList","@id":"https:\/\/www.fcbarcelonanoticias.com\/en\/laliga\/barcelona-osasuna-probable-lineups-and-absences-laliga_315506_102.html#breadcrumb","itemListElement":[{"@type":"ListItem","position":1,"name":"Portada","item":"https:\/\/www.fcbarcelonanoticias.com\/en\/"},{"@type":"ListItem","position":2,"name":"Barcelona vs Osasuna: probable lineups and absentees for the LaLiga match"}]},{"@type":"WebSite","@id":"https:\/\/www.fcbarcelonanoticias.com\/en\/#website","url":"https:\/\/www.fcbarcelonanoticias.com\/en\/","name":"EN - FC Barcelona Noticias","description":"","potentialAction":[{"@type":"SearchAction","target":{"@type":"EntryPoint","urlTemplate":"https:\/\/www.fcbarcelonanoticias.com\/en\/?s={search_term_string}"},"query-input":{"@type":"PropertyValueSpecification","valueRequired":true,"valueName":"search_term_string"}}],"inLanguage":"en-US"},{"@type":"Person","@id":"https:\/\/www.fcbarcelonanoticias.com\/en\/#\/schema\/person\/0f2810101d27606974cdb8edb54fa54b","name":"FC Barcelona Noticias","image":{"@type":"ImageObject","inLanguage":"en-US","@id":"https:\/\/secure.gravatar.com\/avatar\/?s=96&d=mm&r=g","url":"https:\/\/secure.gravatar.com\/avatar\/?s=96&d=mm&r=g","contentUrl":"https:\/\/secure.gravatar.com\/avatar\/?s=96&d=mm&r=g","caption":"FC Barcelona Noticias"},"url":"https:\/\/www.fcbarcelonanoticias.com\/en\/fc-barcelona\/fcbn-writing-fc-barcelona-news_6_115.html"}]}},"_links":{"self":[{"href":"https:\/\/www.fcbarcelonanoticias.com\/en\/wp-json\/wp\/v2\/posts\/50142","targetHints":{"allow":["GET"]}}],"collection":[{"href":"https:\/\/www.fcbarcelonanoticias.com\/en\/wp-json\/wp\/v2\/posts"}],"about":[{"href":"https:\/\/www.fcbarcelonanoticias.com\/en\/wp-json\/wp\/v2\/types\/post"}],"author":[{"embeddable":true,"href":"https:\/\/www.fcbarcelonanoticias.com\/en\/wp-json\/wp\/v2\/users\/353"}],"replies":[{"embeddable":true,"href":"https:\/\/www.fcbarcelonanoticias.com\/en\/wp-json\/wp\/v2\/comments?post=50142"}],"version-history":[{"count":2,"href":"https:\/\/www.fcbarcelonanoticias.com\/en\/wp-json\/wp\/v2\/posts\/50142\/revisions"}],"predecessor-version":[{"id":160890,"href":"https:\/\/www.fcbarcelonanoticias.com\/en\/wp-json\/wp\/v2\/posts\/50142\/revisions\/160890"}],"wp:featuredmedia":[{"embeddable":true,"href":"https:\/\/www.fcbarcelonanoticias.com\/en\/wp-json\/wp\/v2\/media\/50143"}],"wp:attachment":[{"href":"https:\/\/www.fcbarcelonanoticias.com\/en\/wp-json\/wp\/v2\/media?parent=50142"}],"wp:term":[{"taxonomy":"category","embeddable":true,"href":"https:\/\/www.fcbarcelonanoticias.com\/en\/wp-json\/wp\/v2\/categories?post=50142"},{"taxonomy":"post_tag","embeddable":true,"href":"https:\/\/www.fcbarcelonanoticias.com\/en\/wp-json\/wp\/v2\/tags?post=50142"}],"curies":[{"name":"wp","href":"https:\/\/api.w.org\/{rel}","templated":true}]}}